{"id":76243,"date":"2021-07-02T10:01:19","date_gmt":"2021-07-02T15:01:19","guid":{"rendered":"http:\/\/www.lospoliticosveracruz.com.mx\/?p=76243"},"modified":"2021-07-02T10:01:24","modified_gmt":"2021-07-02T15:01:24","slug":"aspiracionistas-a-la-rectoria","status":"publish","type":"post","link":"https:\/\/lospoliticosveracruz.com\/?p=76243","title":{"rendered":"Aspiracionistas a la Rector\u00eda"},"content":{"rendered":"\n<p><strong>Sergio Gonz\u00e1lez Levet<\/strong><\/p>\n\n\n\n<p><em>Sin tacto UV<br><\/em><\/p>\n\n\n\n<p>La materia gris de la Universidad Veracruzana -que miren si la hay- est\u00e1 trabajando e interviniendo con opiniones y consejos en el proceso de sucesi\u00f3n de la Rector\u00eda.<br>Uno de sus conspicuos representantes me regala las siguientes l\u00edneas, que pongo a vuestra consideraci\u00f3n y disfrute:<br>Deber\u00edamos incorporar a nuestro vocabulario el t\u00e9rmino acu\u00f1ado por el ling\u00fcista de Macuspana, pero con un sentido pr\u00e1ctico y no discriminatorio o peyorativo, y as\u00ed llamar \u00abaspiracionistas\u00bb a quienes han manifestado su inter\u00e9s en competir por la Rector\u00eda de la Universidad Veracruzana, pues no se les podr\u00e1 llamar en rigor \u00abaspirantes\u00bb sino hasta despu\u00e9s del 15 julio, cuando la Junta de Gobierno en su plataforma digital d\u00e9 a conocer qui\u00e9nes merecen tal calificativo, sus perfiles y sus \u00abcurricula vitarum\u00bb, planes de trabajo y respuestas a los ex\u00e1menes a t\u00edtulo de suficiencia que aplicar\u00e1 la Junta a cada uno de ellos.<br>Los que resulten aspirantes de a de veras ser\u00e1n sujetos (\u00bfu objetos?) de la auscultaci\u00f3n, directa o en l\u00ednea, seg\u00fan convenga, que ocurrir\u00e1 del 10 al 20 de agosto. Los 25 d\u00edas que van de mediados de julio a la primera decena de agosto corresponden a las vacaciones universitarias y, ni modo, los y las aspirantes tendr\u00e1n que pasarse d\u00edas y noches comi\u00e9ndose las u\u00f1as o deshojando margaritas, o enviando esp\u00edas a los integrantes de la Junta, para adivinar si el 23 de agosto a las 6 pm (\u00bfpor qu\u00e9 no a las cinco, cinco en punto de la tarde?), aparecen en la lista de candidatos y candidatas.<br>Si se les puede dar un consejo, en lugar de comer u\u00f1as, destrozar margaritas o contratar al S\u00faper Agente 86 podr\u00edan dedicarse a preparar el performance que deber\u00e1n presentar al d\u00eda siguiente del anuncio de la candidatura, en el Museo de Antropolog\u00eda de Xalapa, pero claro que corren el riesgo de arruinar las vacaciones y quedarse con el ajuar en el armario.<br>Sin descanso, el d\u00eda 25 algunos o algunas, y el 26 otros u otras, se entrevistar\u00e1n en privado con el pleno de la Junta. Y vendr\u00e1 un largo fin de semana, seguramente lleno de rumores y filtraciones de quienes no podr\u00e1n aguantarse pacientemente hasta las 6 de la tarde del lunes 30 de agosto, cuando aparezca el nombre de la persona \u00abdesignada\u00bb (que no \u00abelecta\u00bb, pues no se trata de un proceso electoral).<br>\u00c9sta es, seg\u00fan la convocatoria emitida el \u00faltimo de junio por la Junta de Gobierno, la cr\u00f3nica anunciada de una designaci\u00f3n.<\/p>\n\n\n\n<p>sglevet@gmail.com<\/p>\n","protected":false},"excerpt":{"rendered":"<p>Sergio Gonz\u00e1lez Levet Sin tacto UV La materia gris de la Universidad Veracruzana -que miren si la hay- est\u00e1 trabajando e interviniendo con opiniones y consejos en el proceso de sucesi\u00f3n de la Rector\u00eda.Uno de sus conspicuos representantes me regala las siguientes l\u00edneas, que pongo a vuestra consideraci\u00f3n y disfrute:Deber\u00edamos incorporar a nuestro vocabulario el [&hellip;]<\/p>\n","protected":false},"author":2,"featured_media":0,"comment_status":"closed","ping_status":"closed","sticky":false,"template":"","format":"standard","meta":{"tdm_status":"","tdm_grid_status":"","footnotes":""},"categories":[70],"tags":[8398,5830,8167,21307,1282,219],"class_list":{"0":"post-76243","1":"post","2":"type-post","3":"status-publish","4":"format-standard","6":"category-de-opinion","7":"tag-junta-de-gobierno","8":"tag-museo-de-antropologia","9":"tag-rectoria","10":"tag-rectoria-uv","11":"tag-sergio-gonzalez-levet","12":"tag-universidad-veracruzana"},"yoast_head":"<!-- This site is optimized with the Yoast SEO plugin v27.4 - https:\/\/yoast.com\/product\/yoast-seo-wordpress\/ -->\n<title>Aspiracionistas a la Rector\u00eda - Los pol\u00edticos Veracruz<\/title>\n<meta name=\"robots\" content=\"index, follow, max-snippet:-1, max-image-preview:large, max-video-preview:-1\" \/>\n<link rel=\"canonical\" href=\"https:\/\/lospoliticosveracruz.com\/?p=76243\" \/>\n<meta property=\"og:locale\" content=\"es_ES\" \/>\n<meta property=\"og:type\" content=\"article\" \/>\n<meta property=\"og:title\" content=\"Aspiracionistas a la Rector\u00eda - Los pol\u00edticos Veracruz\" \/>\n<meta property=\"og:description\" content=\"Sergio Gonz\u00e1lez Levet Sin tacto UV La materia gris de la Universidad Veracruzana -que miren si la hay- est\u00e1 trabajando e interviniendo con opiniones y consejos en el proceso de sucesi\u00f3n de la Rector\u00eda.Uno de sus conspicuos representantes me regala las siguientes l\u00edneas, que pongo a vuestra consideraci\u00f3n y disfrute:Deber\u00edamos incorporar a nuestro vocabulario el [&hellip;]\" \/>\n<meta property=\"og:url\" content=\"https:\/\/lospoliticosveracruz.com\/?p=76243\" \/>\n<meta property=\"og:site_name\" content=\"Los pol\u00edticos Veracruz\" \/>\n<meta property=\"article:publisher\" content=\"https:\/\/www.facebook.com\/people\/Notimemes-de-los-Polticos\/61565672886568\/\" \/>\n<meta property=\"article:published_time\" content=\"2021-07-02T15:01:19+00:00\" \/>\n<meta property=\"article:modified_time\" content=\"2021-07-02T15:01:24+00:00\" \/>\n<meta property=\"og:image\" content=\"https:\/\/lospoliticosveracruz.com\/wp-content\/uploads\/2016\/07\/Logo-Dor.jpg\" \/>\n\t<meta property=\"og:image:width\" content=\"200\" \/>\n\t<meta property=\"og:image:height\" content=\"200\" \/>\n\t<meta property=\"og:image:type\" content=\"image\/jpeg\" \/>\n<meta name=\"author\" content=\"Lo viste en Los Pol\u00edticos\" \/>\n<meta name=\"twitter:card\" content=\"summary_large_image\" \/>\n<meta name=\"twitter:creator\" content=\"@LosPoliticosVer\" \/>\n<meta name=\"twitter:site\" content=\"@LosPoliticosVer\" \/>\n<meta name=\"twitter:label1\" content=\"Escrito por\" \/>\n\t<meta name=\"twitter:data1\" content=\"Lo viste en Los Pol\u00edticos\" \/>\n\t<meta name=\"twitter:label2\" content=\"Tiempo de lectura\" \/>\n\t<meta name=\"twitter:data2\" content=\"2 minutos\" \/>\n<script type=\"application\/ld+json\" class=\"yoast-schema-graph\">{\"@context\":\"https:\\\/\\\/schema.org\",\"@graph\":[{\"@type\":\"Article\",\"@id\":\"https:\\\/\\\/lospoliticosveracruz.com\\\/?p=76243#article\",\"isPartOf\":{\"@id\":\"https:\\\/\\\/lospoliticosveracruz.com\\\/?p=76243\"},\"author\":{\"name\":\"Lo viste en Los Pol\u00edticos\",\"@id\":\"https:\\\/\\\/lospoliticosveracruz.com\\\/#\\\/schema\\\/person\\\/b8702bb0e538456e6efd07080bf2a4a2\"},\"headline\":\"Aspiracionistas a la Rector\u00eda\",\"datePublished\":\"2021-07-02T15:01:19+00:00\",\"dateModified\":\"2021-07-02T15:01:24+00:00\",\"mainEntityOfPage\":{\"@id\":\"https:\\\/\\\/lospoliticosveracruz.com\\\/?p=76243\"},\"wordCount\":450,\"publisher\":{\"@id\":\"https:\\\/\\\/lospoliticosveracruz.com\\\/#organization\"},\"keywords\":[\"Junta de Gobierno\",\"Museo de Antropolog\u00eda\",\"Rector\u00eda\",\"Rector\u00eda UV\",\"Sergio Gonz\u00e1lez Levet\",\"Universidad Veracruzana\"],\"articleSection\":[\"De Opini\u00f3n\"],\"inLanguage\":\"es\"},{\"@type\":\"WebPage\",\"@id\":\"https:\\\/\\\/lospoliticosveracruz.com\\\/?p=76243\",\"url\":\"https:\\\/\\\/lospoliticosveracruz.com\\\/?p=76243\",\"name\":\"Aspiracionistas a la Rector\u00eda - Los pol\u00edticos Veracruz\",\"isPartOf\":{\"@id\":\"https:\\\/\\\/lospoliticosveracruz.com\\\/#website\"},\"datePublished\":\"2021-07-02T15:01:19+00:00\",\"dateModified\":\"2021-07-02T15:01:24+00:00\",\"breadcrumb\":{\"@id\":\"https:\\\/\\\/lospoliticosveracruz.com\\\/?p=76243#breadcrumb\"},\"inLanguage\":\"es\",\"potentialAction\":[{\"@type\":\"ReadAction\",\"target\":[\"https:\\\/\\\/lospoliticosveracruz.com\\\/?p=76243\"]}]},{\"@type\":\"BreadcrumbList\",\"@id\":\"https:\\\/\\\/lospoliticosveracruz.com\\\/?p=76243#breadcrumb\",\"itemListElement\":[{\"@type\":\"ListItem\",\"position\":1,\"name\":\"Portada\",\"item\":\"https:\\\/\\\/lospoliticosveracruz.com\\\/\"},{\"@type\":\"ListItem\",\"position\":2,\"name\":\"Aspiracionistas a la Rector\u00eda\"}]},{\"@type\":\"WebSite\",\"@id\":\"https:\\\/\\\/lospoliticosveracruz.com\\\/#website\",\"url\":\"https:\\\/\\\/lospoliticosveracruz.com\\\/\",\"name\":\"Los pol\u00edticos Veracruz\",\"description\":\"\",\"publisher\":{\"@id\":\"https:\\\/\\\/lospoliticosveracruz.com\\\/#organization\"},\"potentialAction\":[{\"@type\":\"SearchAction\",\"target\":{\"@type\":\"EntryPoint\",\"urlTemplate\":\"https:\\\/\\\/lospoliticosveracruz.com\\\/?s={search_term_string}\"},\"query-input\":{\"@type\":\"PropertyValueSpecification\",\"valueRequired\":true,\"valueName\":\"search_term_string\"}}],\"inLanguage\":\"es\"},{\"@type\":\"Organization\",\"@id\":\"https:\\\/\\\/lospoliticosveracruz.com\\\/#organization\",\"name\":\"Los pol\u00edticos Veracruz\",\"url\":\"https:\\\/\\\/lospoliticosveracruz.com\\\/\",\"logo\":{\"@type\":\"ImageObject\",\"inLanguage\":\"es\",\"@id\":\"https:\\\/\\\/lospoliticosveracruz.com\\\/#\\\/schema\\\/logo\\\/image\\\/\",\"url\":\"https:\\\/\\\/lospoliticosveracruz.com\\\/wp-content\\\/uploads\\\/2025\\\/12\\\/Logo-Nuevo-LOS-POLITICOS-1.jpg\",\"contentUrl\":\"https:\\\/\\\/lospoliticosveracruz.com\\\/wp-content\\\/uploads\\\/2025\\\/12\\\/Logo-Nuevo-LOS-POLITICOS-1.jpg\",\"width\":260,\"height\":70,\"caption\":\"Los pol\u00edticos Veracruz\"},\"image\":{\"@id\":\"https:\\\/\\\/lospoliticosveracruz.com\\\/#\\\/schema\\\/logo\\\/image\\\/\"},\"sameAs\":[\"https:\\\/\\\/www.facebook.com\\\/people\\\/Notimemes-de-los-Polticos\\\/61565672886568\\\/\",\"https:\\\/\\\/x.com\\\/LosPoliticosVer\"]},{\"@type\":\"Person\",\"@id\":\"https:\\\/\\\/lospoliticosveracruz.com\\\/#\\\/schema\\\/person\\\/b8702bb0e538456e6efd07080bf2a4a2\",\"name\":\"Lo viste en Los Pol\u00edticos\",\"image\":{\"@type\":\"ImageObject\",\"inLanguage\":\"es\",\"@id\":\"https:\\\/\\\/secure.gravatar.com\\\/avatar\\\/3a8de04a2656d44082be478bd6c086daa447c4651605818287b9532d3d0bd435?s=96&d=mm&r=g\",\"url\":\"https:\\\/\\\/secure.gravatar.com\\\/avatar\\\/3a8de04a2656d44082be478bd6c086daa447c4651605818287b9532d3d0bd435?s=96&d=mm&r=g\",\"contentUrl\":\"https:\\\/\\\/secure.gravatar.com\\\/avatar\\\/3a8de04a2656d44082be478bd6c086daa447c4651605818287b9532d3d0bd435?s=96&d=mm&r=g\",\"caption\":\"Lo viste en Los Pol\u00edticos\"},\"url\":\"https:\\\/\\\/lospoliticosveracruz.com\\\/?author=2\"}]}<\/script>\n<!-- \/ Yoast SEO plugin. -->","yoast_head_json":{"title":"Aspiracionistas a la Rector\u00eda - Los pol\u00edticos Veracruz","robots":{"index":"index","follow":"follow","max-snippet":"max-snippet:-1","max-image-preview":"max-image-preview:large","max-video-preview":"max-video-preview:-1"},"canonical":"https:\/\/lospoliticosveracruz.com\/?p=76243","og_locale":"es_ES","og_type":"article","og_title":"Aspiracionistas a la Rector\u00eda - Los pol\u00edticos Veracruz","og_description":"Sergio Gonz\u00e1lez Levet Sin tacto UV La materia gris de la Universidad Veracruzana -que miren si la hay- est\u00e1 trabajando e interviniendo con opiniones y consejos en el proceso de sucesi\u00f3n de la Rector\u00eda.Uno de sus conspicuos representantes me regala las siguientes l\u00edneas, que pongo a vuestra consideraci\u00f3n y disfrute:Deber\u00edamos incorporar a nuestro vocabulario el [&hellip;]","og_url":"https:\/\/lospoliticosveracruz.com\/?p=76243","og_site_name":"Los pol\u00edticos Veracruz","article_publisher":"https:\/\/www.facebook.com\/people\/Notimemes-de-los-Polticos\/61565672886568\/","article_published_time":"2021-07-02T15:01:19+00:00","article_modified_time":"2021-07-02T15:01:24+00:00","og_image":[{"width":200,"height":200,"url":"https:\/\/lospoliticosveracruz.com\/wp-content\/uploads\/2016\/07\/Logo-Dor.jpg","type":"image\/jpeg"}],"author":"Lo viste en Los Pol\u00edticos","twitter_card":"summary_large_image","twitter_creator":"@LosPoliticosVer","twitter_site":"@LosPoliticosVer","twitter_misc":{"Escrito por":"Lo viste en Los Pol\u00edticos","Tiempo de lectura":"2 minutos"},"schema":{"@context":"https:\/\/schema.org","@graph":[{"@type":"Article","@id":"https:\/\/lospoliticosveracruz.com\/?p=76243#article","isPartOf":{"@id":"https:\/\/lospoliticosveracruz.com\/?p=76243"},"author":{"name":"Lo viste en Los Pol\u00edticos","@id":"https:\/\/lospoliticosveracruz.com\/#\/schema\/person\/b8702bb0e538456e6efd07080bf2a4a2"},"headline":"Aspiracionistas a la Rector\u00eda","datePublished":"2021-07-02T15:01:19+00:00","dateModified":"2021-07-02T15:01:24+00:00","mainEntityOfPage":{"@id":"https:\/\/lospoliticosveracruz.com\/?p=76243"},"wordCount":450,"publisher":{"@id":"https:\/\/lospoliticosveracruz.com\/#organization"},"keywords":["Junta de Gobierno","Museo de Antropolog\u00eda","Rector\u00eda","Rector\u00eda UV","Sergio Gonz\u00e1lez Levet","Universidad Veracruzana"],"articleSection":["De Opini\u00f3n"],"inLanguage":"es"},{"@type":"WebPage","@id":"https:\/\/lospoliticosveracruz.com\/?p=76243","url":"https:\/\/lospoliticosveracruz.com\/?p=76243","name":"Aspiracionistas a la Rector\u00eda - Los pol\u00edticos Veracruz","isPartOf":{"@id":"https:\/\/lospoliticosveracruz.com\/#website"},"datePublished":"2021-07-02T15:01:19+00:00","dateModified":"2021-07-02T15:01:24+00:00","breadcrumb":{"@id":"https:\/\/lospoliticosveracruz.com\/?p=76243#breadcrumb"},"inLanguage":"es","potentialAction":[{"@type":"ReadAction","target":["https:\/\/lospoliticosveracruz.com\/?p=76243"]}]},{"@type":"BreadcrumbList","@id":"https:\/\/lospoliticosveracruz.com\/?p=76243#breadcrumb","itemListElement":[{"@type":"ListItem","position":1,"name":"Portada","item":"https:\/\/lospoliticosveracruz.com\/"},{"@type":"ListItem","position":2,"name":"Aspiracionistas a la Rector\u00eda"}]},{"@type":"WebSite","@id":"https:\/\/lospoliticosveracruz.com\/#website","url":"https:\/\/lospoliticosveracruz.com\/","name":"Los pol\u00edticos Veracruz","description":"","publisher":{"@id":"https:\/\/lospoliticosveracruz.com\/#organization"},"potentialAction":[{"@type":"SearchAction","target":{"@type":"EntryPoint","urlTemplate":"https:\/\/lospoliticosveracruz.com\/?s={search_term_string}"},"query-input":{"@type":"PropertyValueSpecification","valueRequired":true,"valueName":"search_term_string"}}],"inLanguage":"es"},{"@type":"Organization","@id":"https:\/\/lospoliticosveracruz.com\/#organization","name":"Los pol\u00edticos Veracruz","url":"https:\/\/lospoliticosveracruz.com\/","logo":{"@type":"ImageObject","inLanguage":"es","@id":"https:\/\/lospoliticosveracruz.com\/#\/schema\/logo\/image\/","url":"https:\/\/lospoliticosveracruz.com\/wp-content\/uploads\/2025\/12\/Logo-Nuevo-LOS-POLITICOS-1.jpg","contentUrl":"https:\/\/lospoliticosveracruz.com\/wp-content\/uploads\/2025\/12\/Logo-Nuevo-LOS-POLITICOS-1.jpg","width":260,"height":70,"caption":"Los pol\u00edticos Veracruz"},"image":{"@id":"https:\/\/lospoliticosveracruz.com\/#\/schema\/logo\/image\/"},"sameAs":["https:\/\/www.facebook.com\/people\/Notimemes-de-los-Polticos\/61565672886568\/","https:\/\/x.com\/LosPoliticosVer"]},{"@type":"Person","@id":"https:\/\/lospoliticosveracruz.com\/#\/schema\/person\/b8702bb0e538456e6efd07080bf2a4a2","name":"Lo viste en Los Pol\u00edticos","image":{"@type":"ImageObject","inLanguage":"es","@id":"https:\/\/secure.gravatar.com\/avatar\/3a8de04a2656d44082be478bd6c086daa447c4651605818287b9532d3d0bd435?s=96&d=mm&r=g","url":"https:\/\/secure.gravatar.com\/avatar\/3a8de04a2656d44082be478bd6c086daa447c4651605818287b9532d3d0bd435?s=96&d=mm&r=g","contentUrl":"https:\/\/secure.gravatar.com\/avatar\/3a8de04a2656d44082be478bd6c086daa447c4651605818287b9532d3d0bd435?s=96&d=mm&r=g","caption":"Lo viste en Los Pol\u00edticos"},"url":"https:\/\/lospoliticosveracruz.com\/?author=2"}]}},"_links":{"self":[{"href":"https:\/\/lospoliticosveracruz.com\/index.php?rest_route=\/wp\/v2\/posts\/76243","targetHints":{"allow":["GET"]}}],"collection":[{"href":"https:\/\/lospoliticosveracruz.com\/index.php?rest_route=\/wp\/v2\/posts"}],"about":[{"href":"https:\/\/lospoliticosveracruz.com\/index.php?rest_route=\/wp\/v2\/types\/post"}],"author":[{"embeddable":true,"href":"https:\/\/lospoliticosveracruz.com\/index.php?rest_route=\/wp\/v2\/users\/2"}],"replies":[{"embeddable":true,"href":"https:\/\/lospoliticosveracruz.com\/index.php?rest_route=%2Fwp%2Fv2%2Fcomments&post=76243"}],"version-history":[{"count":1,"href":"https:\/\/lospoliticosveracruz.com\/index.php?rest_route=\/wp\/v2\/posts\/76243\/revisions"}],"predecessor-version":[{"id":76244,"href":"https:\/\/lospoliticosveracruz.com\/index.php?rest_route=\/wp\/v2\/posts\/76243\/revisions\/76244"}],"wp:attachment":[{"href":"https:\/\/lospoliticosveracruz.com\/index.php?rest_route=%2Fwp%2Fv2%2Fmedia&parent=76243"}],"wp:term":[{"taxonomy":"category","embeddable":true,"href":"https:\/\/lospoliticosveracruz.com\/index.php?rest_route=%2Fwp%2Fv2%2Fcategories&post=76243"},{"taxonomy":"post_tag","embeddable":true,"href":"https:\/\/lospoliticosveracruz.com\/index.php?rest_route=%2Fwp%2Fv2%2Ftags&post=76243"}],"curies":[{"name":"wp","href":"https:\/\/api.w.org\/{rel}","templated":true}]}}