{"id":76247,"date":"2021-07-02T11:31:58","date_gmt":"2021-07-02T16:31:58","guid":{"rendered":"http:\/\/www.lospoliticosveracruz.com.mx\/?p=76247"},"modified":"2021-07-02T11:36:58","modified_gmt":"2021-07-02T16:36:58","slug":"clasificada-a-tokio-sin-beca-y-sin-donde-entrenar","status":"publish","type":"post","link":"https:\/\/lospoliticosveracruz.com\/?p=76247","title":{"rendered":"Clasificada a Tokio sin beca y sin donde entrenar"},"content":{"rendered":"\n<p><\/p>\n\n\n\n<p><strong>Fernando Hern\u00e1ndez<br><\/strong><em>Xalapa<\/em><\/p>\n\n\n\n<p><br>Mar\u00eda Estela Salas Mar\u00edn est\u00e1 oficialmente clasificada a los Juegos Paral\u00edmpicos de Tokio 2020+1 en lanzamiento de disco y no tiene un sitio digno para entrenar.<br>Confirmada el primero de julio como una de los tres representantes de Veracruz que estar\u00e1n en la justa veraniega, la radicada en Xalapa no tiene las facilidades del estadio \u201cHeriberto Jara Corona\u201d, que est\u00e1 bajo resguardo de la Direcci\u00f3n Estatal de Educaci\u00f3n F\u00edsica que encabeza Miguel \u00c1ngel Ochoa Garc\u00eda.<br>\u201cEstelita\u201d no quiso hacer llamado alguno al secretario de educaci\u00f3n Zenyazen Roberto Escobar Garc\u00eda, \u201cno quiero causar ninguna molestia al se\u00f1or ni a nadie\u201d, dijo, aunque las condiciones sean las peores para preparar su despedida del deporte de alto rendimiento.<br>Bajo la tutela de Fernando Quevedo Amador, Salas Mar\u00edn reprogramar\u00e1 sus entrenamientos ante la confirmaci\u00f3n del Comit\u00e9 Paral\u00edmpico Mexicano para ser seleccionada nacional, apretando el paso para el pr\u00f3ximo mes.<br>\u201cHe estado entrenando en Joach\u00edn (Tierra Blanca) con mi entrenador y aqu\u00ed en Xalapa en un peque\u00f1o campo, pero tengo un peque\u00f1o espacio al final, y pues calcul\u00e1ndole a la lluvia para no mojarme, aunque a veces no le atino\u201d, coment\u00f3.<br>Y aunque no quiso \u201cmolestar\u201d a Escobar Garc\u00eda, su equipo de trabajo no descart\u00f3 buscar a la gente de la Secretar\u00eda de Educaci\u00f3n para permitirle unas horas al d\u00eda, ella sola, estar en el \u201cHeriberto Jara Corona\u201d, as\u00ed como hubo oportunidad para los j\u00f3venes atletas que participan en los Juegos Nacional Conade, m\u00e1s porque en esta ocasi\u00f3n se trata de la justa m\u00e1s importante para un deportista en el mundo.<br>Si le dan la negativa tendr\u00e1 que trasladarse a Tierra Blanca para cumplir su preparaci\u00f3n.<br>\u201cPero vamos a ver qu\u00e9 se puede hacer porque el estado ni siquiera me ha apoyado, me quitaron mi beca\u201d, enfatiz\u00f3 la doble medallista paral\u00edmpica en Atenas 2004.<\/p>\n","protected":false},"excerpt":{"rendered":"<p>Fernando Hern\u00e1ndezXalapa Mar\u00eda Estela Salas Mar\u00edn est\u00e1 oficialmente clasificada a los Juegos Paral\u00edmpicos de Tokio 2020+1 en lanzamiento de disco y no tiene un sitio digno para entrenar.Confirmada el primero de julio como una de los tres representantes de Veracruz que estar\u00e1n en la justa veraniega, la radicada en Xalapa no tiene las facilidades del [&hellip;]<\/p>\n","protected":false},"author":2,"featured_media":0,"comment_status":"closed","ping_status":"closed","sticky":false,"template":"","format":"standard","meta":{"tdm_status":"","tdm_grid_status":"","footnotes":""},"categories":[6446],"tags":[29189,29187,29191,6295,27937,29190,29188],"class_list":{"0":"post-76247","1":"post","2":"type-post","3":"status-publish","4":"format-standard","6":"category-la-nota","7":"tag-estadio-heriberto-jara-corona-2","8":"tag-fernando-hernandez","9":"tag-fernando-quevedo-amador","10":"tag-juegos-paralimpicos","11":"tag-maria-estela-salas-marin","12":"tag-miguel-angel-ochoa-garcia","13":"tag-tokio-20201"},"yoast_head":"<!-- This site is optimized with the Yoast SEO plugin v27.4 - https:\/\/yoast.com\/product\/yoast-seo-wordpress\/ -->\n<title>Clasificada a Tokio sin beca y sin donde entrenar - Los pol\u00edticos Veracruz<\/title>\n<meta name=\"robots\" content=\"index, follow, max-snippet:-1, max-image-preview:large, max-video-preview:-1\" \/>\n<link rel=\"canonical\" href=\"https:\/\/lospoliticosveracruz.com\/?p=76247\" \/>\n<meta property=\"og:locale\" content=\"es_ES\" \/>\n<meta property=\"og:type\" content=\"article\" \/>\n<meta property=\"og:title\" content=\"Clasificada a Tokio sin beca y sin donde entrenar - Los pol\u00edticos Veracruz\" \/>\n<meta property=\"og:description\" content=\"Fernando Hern\u00e1ndezXalapa Mar\u00eda Estela Salas Mar\u00edn est\u00e1 oficialmente clasificada a los Juegos Paral\u00edmpicos de Tokio 2020+1 en lanzamiento de disco y no tiene un sitio digno para entrenar.Confirmada el primero de julio como una de los tres representantes de Veracruz que estar\u00e1n en la justa veraniega, la radicada en Xalapa no tiene las facilidades del [&hellip;]\" \/>\n<meta property=\"og:url\" content=\"https:\/\/lospoliticosveracruz.com\/?p=76247\" \/>\n<meta property=\"og:site_name\" content=\"Los pol\u00edticos Veracruz\" \/>\n<meta property=\"article:publisher\" content=\"https:\/\/www.facebook.com\/people\/Notimemes-de-los-Polticos\/61565672886568\/\" \/>\n<meta property=\"article:published_time\" content=\"2021-07-02T16:31:58+00:00\" \/>\n<meta property=\"article:modified_time\" content=\"2021-07-02T16:36:58+00:00\" \/>\n<meta property=\"og:image\" content=\"https:\/\/lospoliticosveracruz.com\/wp-content\/uploads\/2016\/07\/Logo-Dor.jpg\" \/>\n\t<meta property=\"og:image:width\" content=\"200\" \/>\n\t<meta property=\"og:image:height\" content=\"200\" \/>\n\t<meta property=\"og:image:type\" content=\"image\/jpeg\" \/>\n<meta name=\"author\" content=\"Lo viste en Los Pol\u00edticos\" \/>\n<meta name=\"twitter:card\" content=\"summary_large_image\" \/>\n<meta name=\"twitter:creator\" content=\"@LosPoliticosVer\" \/>\n<meta name=\"twitter:site\" content=\"@LosPoliticosVer\" \/>\n<meta name=\"twitter:label1\" content=\"Escrito por\" \/>\n\t<meta name=\"twitter:data1\" content=\"Lo viste en Los Pol\u00edticos\" \/>\n\t<meta name=\"twitter:label2\" content=\"Tiempo de lectura\" \/>\n\t<meta name=\"twitter:data2\" content=\"2 minutos\" \/>\n<script type=\"application\/ld+json\" class=\"yoast-schema-graph\">{\"@context\":\"https:\\\/\\\/schema.org\",\"@graph\":[{\"@type\":\"Article\",\"@id\":\"https:\\\/\\\/lospoliticosveracruz.com\\\/?p=76247#article\",\"isPartOf\":{\"@id\":\"https:\\\/\\\/lospoliticosveracruz.com\\\/?p=76247\"},\"author\":{\"name\":\"Lo viste en Los Pol\u00edticos\",\"@id\":\"https:\\\/\\\/lospoliticosveracruz.com\\\/#\\\/schema\\\/person\\\/b8702bb0e538456e6efd07080bf2a4a2\"},\"headline\":\"Clasificada a Tokio sin beca y sin donde entrenar\",\"datePublished\":\"2021-07-02T16:31:58+00:00\",\"dateModified\":\"2021-07-02T16:36:58+00:00\",\"mainEntityOfPage\":{\"@id\":\"https:\\\/\\\/lospoliticosveracruz.com\\\/?p=76247\"},\"wordCount\":339,\"publisher\":{\"@id\":\"https:\\\/\\\/lospoliticosveracruz.com\\\/#organization\"},\"keywords\":[\"estadio \u201cHeriberto Jara Corona\u201d\",\"Fernando Hern\u00e1ndez\",\"Fernando Quevedo Amador\",\"Juegos Paral\u00edmpicos\",\"Mar\u00eda Estela Salas Mar\u00edn\",\"Miguel \u00c1ngel Ochoa Garc\u00eda\",\"Tokio 2020+1\"],\"articleSection\":[\"La Nota\"],\"inLanguage\":\"es\"},{\"@type\":\"WebPage\",\"@id\":\"https:\\\/\\\/lospoliticosveracruz.com\\\/?p=76247\",\"url\":\"https:\\\/\\\/lospoliticosveracruz.com\\\/?p=76247\",\"name\":\"Clasificada a Tokio sin beca y sin donde entrenar - Los pol\u00edticos Veracruz\",\"isPartOf\":{\"@id\":\"https:\\\/\\\/lospoliticosveracruz.com\\\/#website\"},\"datePublished\":\"2021-07-02T16:31:58+00:00\",\"dateModified\":\"2021-07-02T16:36:58+00:00\",\"breadcrumb\":{\"@id\":\"https:\\\/\\\/lospoliticosveracruz.com\\\/?p=76247#breadcrumb\"},\"inLanguage\":\"es\",\"potentialAction\":[{\"@type\":\"ReadAction\",\"target\":[\"https:\\\/\\\/lospoliticosveracruz.com\\\/?p=76247\"]}]},{\"@type\":\"BreadcrumbList\",\"@id\":\"https:\\\/\\\/lospoliticosveracruz.com\\\/?p=76247#breadcrumb\",\"itemListElement\":[{\"@type\":\"ListItem\",\"position\":1,\"name\":\"Portada\",\"item\":\"https:\\\/\\\/lospoliticosveracruz.com\\\/\"},{\"@type\":\"ListItem\",\"position\":2,\"name\":\"Clasificada a Tokio sin beca y sin donde entrenar\"}]},{\"@type\":\"WebSite\",\"@id\":\"https:\\\/\\\/lospoliticosveracruz.com\\\/#website\",\"url\":\"https:\\\/\\\/lospoliticosveracruz.com\\\/\",\"name\":\"Los pol\u00edticos Veracruz\",\"description\":\"\",\"publisher\":{\"@id\":\"https:\\\/\\\/lospoliticosveracruz.com\\\/#organization\"},\"potentialAction\":[{\"@type\":\"SearchAction\",\"target\":{\"@type\":\"EntryPoint\",\"urlTemplate\":\"https:\\\/\\\/lospoliticosveracruz.com\\\/?s={search_term_string}\"},\"query-input\":{\"@type\":\"PropertyValueSpecification\",\"valueRequired\":true,\"valueName\":\"search_term_string\"}}],\"inLanguage\":\"es\"},{\"@type\":\"Organization\",\"@id\":\"https:\\\/\\\/lospoliticosveracruz.com\\\/#organization\",\"name\":\"Los pol\u00edticos Veracruz\",\"url\":\"https:\\\/\\\/lospoliticosveracruz.com\\\/\",\"logo\":{\"@type\":\"ImageObject\",\"inLanguage\":\"es\",\"@id\":\"https:\\\/\\\/lospoliticosveracruz.com\\\/#\\\/schema\\\/logo\\\/image\\\/\",\"url\":\"https:\\\/\\\/lospoliticosveracruz.com\\\/wp-content\\\/uploads\\\/2025\\\/12\\\/Logo-Nuevo-LOS-POLITICOS-1.jpg\",\"contentUrl\":\"https:\\\/\\\/lospoliticosveracruz.com\\\/wp-content\\\/uploads\\\/2025\\\/12\\\/Logo-Nuevo-LOS-POLITICOS-1.jpg\",\"width\":260,\"height\":70,\"caption\":\"Los pol\u00edticos Veracruz\"},\"image\":{\"@id\":\"https:\\\/\\\/lospoliticosveracruz.com\\\/#\\\/schema\\\/logo\\\/image\\\/\"},\"sameAs\":[\"https:\\\/\\\/www.facebook.com\\\/people\\\/Notimemes-de-los-Polticos\\\/61565672886568\\\/\",\"https:\\\/\\\/x.com\\\/LosPoliticosVer\"]},{\"@type\":\"Person\",\"@id\":\"https:\\\/\\\/lospoliticosveracruz.com\\\/#\\\/schema\\\/person\\\/b8702bb0e538456e6efd07080bf2a4a2\",\"name\":\"Lo viste en Los Pol\u00edticos\",\"image\":{\"@type\":\"ImageObject\",\"inLanguage\":\"es\",\"@id\":\"https:\\\/\\\/secure.gravatar.com\\\/avatar\\\/3a8de04a2656d44082be478bd6c086daa447c4651605818287b9532d3d0bd435?s=96&d=mm&r=g\",\"url\":\"https:\\\/\\\/secure.gravatar.com\\\/avatar\\\/3a8de04a2656d44082be478bd6c086daa447c4651605818287b9532d3d0bd435?s=96&d=mm&r=g\",\"contentUrl\":\"https:\\\/\\\/secure.gravatar.com\\\/avatar\\\/3a8de04a2656d44082be478bd6c086daa447c4651605818287b9532d3d0bd435?s=96&d=mm&r=g\",\"caption\":\"Lo viste en Los Pol\u00edticos\"},\"url\":\"https:\\\/\\\/lospoliticosveracruz.com\\\/?author=2\"}]}<\/script>\n<!-- \/ Yoast SEO plugin. -->","yoast_head_json":{"title":"Clasificada a Tokio sin beca y sin donde entrenar - Los pol\u00edticos Veracruz","robots":{"index":"index","follow":"follow","max-snippet":"max-snippet:-1","max-image-preview":"max-image-preview:large","max-video-preview":"max-video-preview:-1"},"canonical":"https:\/\/lospoliticosveracruz.com\/?p=76247","og_locale":"es_ES","og_type":"article","og_title":"Clasificada a Tokio sin beca y sin donde entrenar - Los pol\u00edticos Veracruz","og_description":"Fernando Hern\u00e1ndezXalapa Mar\u00eda Estela Salas Mar\u00edn est\u00e1 oficialmente clasificada a los Juegos Paral\u00edmpicos de Tokio 2020+1 en lanzamiento de disco y no tiene un sitio digno para entrenar.Confirmada el primero de julio como una de los tres representantes de Veracruz que estar\u00e1n en la justa veraniega, la radicada en Xalapa no tiene las facilidades del [&hellip;]","og_url":"https:\/\/lospoliticosveracruz.com\/?p=76247","og_site_name":"Los pol\u00edticos Veracruz","article_publisher":"https:\/\/www.facebook.com\/people\/Notimemes-de-los-Polticos\/61565672886568\/","article_published_time":"2021-07-02T16:31:58+00:00","article_modified_time":"2021-07-02T16:36:58+00:00","og_image":[{"width":200,"height":200,"url":"https:\/\/lospoliticosveracruz.com\/wp-content\/uploads\/2016\/07\/Logo-Dor.jpg","type":"image\/jpeg"}],"author":"Lo viste en Los Pol\u00edticos","twitter_card":"summary_large_image","twitter_creator":"@LosPoliticosVer","twitter_site":"@LosPoliticosVer","twitter_misc":{"Escrito por":"Lo viste en Los Pol\u00edticos","Tiempo de lectura":"2 minutos"},"schema":{"@context":"https:\/\/schema.org","@graph":[{"@type":"Article","@id":"https:\/\/lospoliticosveracruz.com\/?p=76247#article","isPartOf":{"@id":"https:\/\/lospoliticosveracruz.com\/?p=76247"},"author":{"name":"Lo viste en Los Pol\u00edticos","@id":"https:\/\/lospoliticosveracruz.com\/#\/schema\/person\/b8702bb0e538456e6efd07080bf2a4a2"},"headline":"Clasificada a Tokio sin beca y sin donde entrenar","datePublished":"2021-07-02T16:31:58+00:00","dateModified":"2021-07-02T16:36:58+00:00","mainEntityOfPage":{"@id":"https:\/\/lospoliticosveracruz.com\/?p=76247"},"wordCount":339,"publisher":{"@id":"https:\/\/lospoliticosveracruz.com\/#organization"},"keywords":["estadio \u201cHeriberto Jara Corona\u201d","Fernando Hern\u00e1ndez","Fernando Quevedo Amador","Juegos Paral\u00edmpicos","Mar\u00eda Estela Salas Mar\u00edn","Miguel \u00c1ngel Ochoa Garc\u00eda","Tokio 2020+1"],"articleSection":["La Nota"],"inLanguage":"es"},{"@type":"WebPage","@id":"https:\/\/lospoliticosveracruz.com\/?p=76247","url":"https:\/\/lospoliticosveracruz.com\/?p=76247","name":"Clasificada a Tokio sin beca y sin donde entrenar - Los pol\u00edticos Veracruz","isPartOf":{"@id":"https:\/\/lospoliticosveracruz.com\/#website"},"datePublished":"2021-07-02T16:31:58+00:00","dateModified":"2021-07-02T16:36:58+00:00","breadcrumb":{"@id":"https:\/\/lospoliticosveracruz.com\/?p=76247#breadcrumb"},"inLanguage":"es","potentialAction":[{"@type":"ReadAction","target":["https:\/\/lospoliticosveracruz.com\/?p=76247"]}]},{"@type":"BreadcrumbList","@id":"https:\/\/lospoliticosveracruz.com\/?p=76247#breadcrumb","itemListElement":[{"@type":"ListItem","position":1,"name":"Portada","item":"https:\/\/lospoliticosveracruz.com\/"},{"@type":"ListItem","position":2,"name":"Clasificada a Tokio sin beca y sin donde entrenar"}]},{"@type":"WebSite","@id":"https:\/\/lospoliticosveracruz.com\/#website","url":"https:\/\/lospoliticosveracruz.com\/","name":"Los pol\u00edticos Veracruz","description":"","publisher":{"@id":"https:\/\/lospoliticosveracruz.com\/#organization"},"potentialAction":[{"@type":"SearchAction","target":{"@type":"EntryPoint","urlTemplate":"https:\/\/lospoliticosveracruz.com\/?s={search_term_string}"},"query-input":{"@type":"PropertyValueSpecification","valueRequired":true,"valueName":"search_term_string"}}],"inLanguage":"es"},{"@type":"Organization","@id":"https:\/\/lospoliticosveracruz.com\/#organization","name":"Los pol\u00edticos Veracruz","url":"https:\/\/lospoliticosveracruz.com\/","logo":{"@type":"ImageObject","inLanguage":"es","@id":"https:\/\/lospoliticosveracruz.com\/#\/schema\/logo\/image\/","url":"https:\/\/lospoliticosveracruz.com\/wp-content\/uploads\/2025\/12\/Logo-Nuevo-LOS-POLITICOS-1.jpg","contentUrl":"https:\/\/lospoliticosveracruz.com\/wp-content\/uploads\/2025\/12\/Logo-Nuevo-LOS-POLITICOS-1.jpg","width":260,"height":70,"caption":"Los pol\u00edticos Veracruz"},"image":{"@id":"https:\/\/lospoliticosveracruz.com\/#\/schema\/logo\/image\/"},"sameAs":["https:\/\/www.facebook.com\/people\/Notimemes-de-los-Polticos\/61565672886568\/","https:\/\/x.com\/LosPoliticosVer"]},{"@type":"Person","@id":"https:\/\/lospoliticosveracruz.com\/#\/schema\/person\/b8702bb0e538456e6efd07080bf2a4a2","name":"Lo viste en Los Pol\u00edticos","image":{"@type":"ImageObject","inLanguage":"es","@id":"https:\/\/secure.gravatar.com\/avatar\/3a8de04a2656d44082be478bd6c086daa447c4651605818287b9532d3d0bd435?s=96&d=mm&r=g","url":"https:\/\/secure.gravatar.com\/avatar\/3a8de04a2656d44082be478bd6c086daa447c4651605818287b9532d3d0bd435?s=96&d=mm&r=g","contentUrl":"https:\/\/secure.gravatar.com\/avatar\/3a8de04a2656d44082be478bd6c086daa447c4651605818287b9532d3d0bd435?s=96&d=mm&r=g","caption":"Lo viste en Los Pol\u00edticos"},"url":"https:\/\/lospoliticosveracruz.com\/?author=2"}]}},"_links":{"self":[{"href":"https:\/\/lospoliticosveracruz.com\/index.php?rest_route=\/wp\/v2\/posts\/76247","targetHints":{"allow":["GET"]}}],"collection":[{"href":"https:\/\/lospoliticosveracruz.com\/index.php?rest_route=\/wp\/v2\/posts"}],"about":[{"href":"https:\/\/lospoliticosveracruz.com\/index.php?rest_route=\/wp\/v2\/types\/post"}],"author":[{"embeddable":true,"href":"https:\/\/lospoliticosveracruz.com\/index.php?rest_route=\/wp\/v2\/users\/2"}],"replies":[{"embeddable":true,"href":"https:\/\/lospoliticosveracruz.com\/index.php?rest_route=%2Fwp%2Fv2%2Fcomments&post=76247"}],"version-history":[{"count":1,"href":"https:\/\/lospoliticosveracruz.com\/index.php?rest_route=\/wp\/v2\/posts\/76247\/revisions"}],"predecessor-version":[{"id":76249,"href":"https:\/\/lospoliticosveracruz.com\/index.php?rest_route=\/wp\/v2\/posts\/76247\/revisions\/76249"}],"wp:attachment":[{"href":"https:\/\/lospoliticosveracruz.com\/index.php?rest_route=%2Fwp%2Fv2%2Fmedia&parent=76247"}],"wp:term":[{"taxonomy":"category","embeddable":true,"href":"https:\/\/lospoliticosveracruz.com\/index.php?rest_route=%2Fwp%2Fv2%2Fcategories&post=76247"},{"taxonomy":"post_tag","embeddable":true,"href":"https:\/\/lospoliticosveracruz.com\/index.php?rest_route=%2Fwp%2Fv2%2Ftags&post=76247"}],"curies":[{"name":"wp","href":"https:\/\/api.w.org\/{rel}","templated":true}]}}