{"id":76306,"date":"2021-07-05T08:32:02","date_gmt":"2021-07-05T13:32:02","guid":{"rendered":"http:\/\/www.lospoliticosveracruz.com.mx\/?p=76306"},"modified":"2021-07-05T08:32:07","modified_gmt":"2021-07-05T13:32:07","slug":"conclave-de-la-junta-de-gobierno-de-la-uv","status":"publish","type":"post","link":"https:\/\/lospoliticosveracruz.com\/?p=76306","title":{"rendered":"C\u00f3nclave de la Junta de Gobierno de la UV"},"content":{"rendered":"\n<p><strong>Jorge V\u00e1zquez Sangabriel<\/strong><\/p>\n\n\n\n<p><em>Palimpsesto<\/em><br><\/p>\n\n\n\n<p>El conclave que re\u00fane al cuerpo colegiado de pont\u00edfices acad\u00e9micos para la auscultaci\u00f3n en la Universidad Veracruzana a fin de elegir al nuevo rector o rectora, que tendr\u00e1 a su cuidado el cauce deteriorado de una Universidad anquilosada, necesitada de evolucionar hacia la urgente aportaci\u00f3n de conocimiento y vinculaci\u00f3n exterior con mayores incentivos, as\u00ed como la construcci\u00f3n de puentes entre conocimientos y necesidades sociales, para enlazarse con la realidad, y con otras latitudes y sociedades, que aporten beneficio y fortaleza a ambas partes. Los integrantes del consistorio han tenido la atingencia y el prop\u00f3sito de que este conclave no sea del todo cum clavis (bajo llave), para ello han tomado la decisi\u00f3n de salir en peregrinaci\u00f3n los pr\u00f3ximos d\u00edas por los diversos campus para hacer extensiva esta oportunidad de participaci\u00f3n a la comunidad universitaria; escuch\u00e1ndoles o emitiendo sus comentarios a trav\u00e9s del sistema inform\u00e1tico, lo que permite una mejor o aparente mejor credibilidad en la elecci\u00f3n, con la construcci\u00f3n de un dictamen calibrado y puntual para qui\u00e9n pudiera estar ya definido. Consulta itinerante, de acuerdo como se anuncia en la convocatoria emitida; quiz\u00e1, como en la Antigua Roma se hubiera deseado; una elecci\u00f3n democr\u00e1tica ampliada, para elegir a quien tendr\u00e1 la oportunidad y responsabilidad de encabezar y dirigir a una de las entidades de estudios m\u00e1s importantes que una sociedad puede tener: su Universidad. En la apertura de reflexiones a la comunidad, la universidad rompe con ello el orden de incarceramiento y el establishment del proceso de la elecci\u00f3n del rector (a), y dem\u00e1s funcionarios en que la UV se encuentra entrampada en s\u00ed misma, a la que se le ha sometido en los \u00faltimos tiempos por decisiones y administraciones errantes, producto de intereses de quienes han estado a cargo del destino de la casa de estudios, y como consecuencia de ello de los designios de la poblaci\u00f3n.<br>Dentro de las exposiciones que hemos le\u00eddo en sustanciosas entrevistas period\u00edsticas, se habla de academicismos bien intencionados pero, se encuentran ausentes las propuestas pol\u00edtico-sociales, objetivo esencial de una Universidad para el bien com\u00fan. Y, es obligado revisar, auscultar el \u00e1mbito interno de las obligaciones y las normas de la Responsabilidad Social.<br>Los que se van tienen que rendir cuentas, ineludiblemente habr\u00e1 aspectos que reconocer, pero, tambi\u00e9n, habr\u00e1 otros que denunciar, y, en su caso, sancionar. La impunidad y la complicidad no deben de ser caracter\u00edstica de la Universidad, y como bien se ha mencionado, la Universidad debe de aspirar a mejorarse y ser competitiva con las Universidades que est\u00e1n rankeadas por arriba de ella, evitando subjetividades; no conformarse que se va mejor que otras con menos oportunidades de desarrollo, aunque no dejar de reconocerles es conveniente a \u00e9stos esfuerzos y permanencia, porque tambi\u00e9n tienen sus logros; la vinculaci\u00f3n de la Universidad Veracruzana con aspiraci\u00f3n ascendente, reconociendo los avances de quienes se encuentran por debajo de ella e interactuando con las de arriba, simult\u00e1neamente con ambas condiciones; horizontalidad, verticalidad y transversalidad, como gustan decir los acad\u00e9micos.<br>Los funcionarios que entrar\u00e1n deben de evaluar para reconocer lo bien hecho o, para condenar y sancionar lo mal hecho, que puede ser hasta delictivo.<br>Son $6,600 millones de pesos de presupuesto anual, aportados por el Estado y la Federaci\u00f3n, m\u00e1s pagos por inscripciones y ex\u00e1menes, entre otros ingresos, de los que nunca se rinden cuentas p\u00fablicas, que deben de mostrarse y comprobarse; as\u00ed mismo, informar a la poblaci\u00f3n en un acto de constricci\u00f3n permanente, cu\u00e1les han sido los ingresos que percibieron quienes se desempe\u00f1an o desempe\u00f1aron como funcionarios en los \u00faltimos a\u00f1os, si son proporcionales a sus funciones, o con los bienes personales adquiridos y con las cuentas bancarias de cada uno de ellos, de acuerdo a ingresos salariales permitidos.<br>Si un ciudadano actualmente intenta solicitar la rendici\u00f3n de cuentas y acceder a la plataforma de informaci\u00f3n al que est\u00e1 obligado por Ley el personal universitario, debiendo de inscribir en esta plataforma de la Universidad, la rendici\u00f3n de cuentas; quien lo realice, ver\u00e1 que despu\u00e9s de varios escabrosos intentos, le env\u00edan a una ventana con lenguaje para especialistas, confundiendo al solicitante, terminando por cansarlo, encontrando datos en un tabulador que s\u00f3lo contiene informaci\u00f3n escueta, sin aclarar sueldos, prestaciones, bonos, apoyos, becas y otros, que debieran exponerse a la rendici\u00f3n de cuentas.<br>La exclusi\u00f3n de la transparencia en la plataforma de la UV, de quienes hayan colocado ah\u00ed los datos no claros, en su manejo y participaci\u00f3n de probable ocultamiento, son presuntos responsables por no publicar debidamente, porque, han ignorado con ello las leyes anticorrupci\u00f3n. As\u00ed que, la apertura hacia la comunidad universitaria para evaluar la selecci\u00f3n de quienes estar\u00e1n al frente o formar\u00e1n parte del cuerpo de gobierno universitario, conlleva precisamente la obligaci\u00f3n y la responsabilidad de la rendici\u00f3n de cuentas; para ello hay que visualizar tambi\u00e9n el sentido racional, capacidad, aptitud, actitud, e incluso estado psicol\u00f3gico-emocional de los aspirantes.<br>Todav\u00eda se est\u00e1 a tiempo de evaluarles en ese sentido.<br>En este proceso de selecci\u00f3n y elecci\u00f3n rectoral, queda bien, el t\u00edtulo de la obra b\u00e9lica de Ernest Hemingway, basado en el poema de John Donne: en la rector\u00eda, \u00abPor qui\u00e9n doblan las campanas\u00bb.<\/p>\n\n\n\n<p><strong>Sint\u00e1cticas<br><\/strong>En una charla en el caf\u00e9 Flor Catorce, entre Friedrich Krause y Jevs:<br>Oye, los aspirantes a la rector\u00eda de la UV, tienen un sin n\u00famero de grados acad\u00e9micos; S\u00ed pero, hay que preguntarse y medirles, c\u00f3mo se encuentran en su estado psicol\u00f3gico, su estado emocional, social y su curr\u00edculum de vida. Que si no se encuentra alguno en ello del todo bien, puede dar al traste con lo otro, un hipolitazo.<br>Pero, ese requisito, no se encuentra en la convocatoria emitida por la Junta de Gobierno de la Universidad. No, en efecto, por eso hay que preguntarse c\u00f3mo se encuentran en ese estado los miembros de esa junta.<br>\u00bfPor qu\u00e9, estos acad\u00e9micos acumulan tantos t\u00edtulos, Jevs? Por ego, estos documentos nobiliarios, en ese \u00e1mbito, les estimula, buscan reconocimiento, confirmaci\u00f3n de que son lo que son, pero esto, no garantiza inteligencia, sentido com\u00fan o instinto para demostrar capacidades cient\u00edficas, es lo contrario, pero s\u00ed cuentan con recursos t\u00e9cnicos cognitivos, egocentrismo puro estimado Krause, equiparable al trastorno de acumulaci\u00f3n compulsiva, que les angustia permanentemente si no alcanzan esos t\u00edtulos; otros lo hacen para escapar del tedioso contexto laboral, que les provoca el s\u00edndrome de burnout, como est\u00e1 demostrado estad\u00edsticamente, que en esos entornos es en donde m\u00e1s lo padecen; por ello es trascendente atender el estado psicol\u00f3gico-emocional.<br>El estado emocional, de un individuo, es importante para ocupar un cargo; para desempe\u00f1ar las funciones, hay que desempa\u00f1ar y desentra\u00f1ar esa parte, para ello debe de ser obligatorio una valoraci\u00f3n del estado psicol\u00f3gico-social del aspirante, para ver cualidades y c\u00f3mo se encuentran sus estados cognitivos emocionales de vida. \u00bfQui\u00e9nes consideras realizar\u00edan esa evaluaci\u00f3n? Un Consejo Ciudadano, querido Krause, formado por otros siete o nueve miembros, que eval\u00faen en un principio a los de la junta de gobierno y, en su momento a los aspirantes a rector y a los que fungir\u00e1n en diversos cargos, esto podr\u00eda ser a trav\u00e9s de las Facultades de Psicolog\u00eda, Sociolog\u00eda\u2026 incluso de la de Matem\u00e1ticas.<br>\u00a1A ver si no salen igual!<br>Bach. Concerto in A minor BWV 1065. Netherlands Bach Society:<br><strong><em><a href=\"https:\/\/www.youtube.com\/watch?v=emkJ0A7IfkY\">https:\/\/www.youtube.com\/watch?v=emkJ0A7IfkY<\/a><\/em><\/strong><\/p>\n","protected":false},"excerpt":{"rendered":"<p>Jorge V\u00e1zquez Sangabriel Palimpsesto El conclave que re\u00fane al cuerpo colegiado de pont\u00edfices acad\u00e9micos para la auscultaci\u00f3n en la Universidad Veracruzana a fin de elegir al nuevo rector o rectora, que tendr\u00e1 a su cuidado el cauce deteriorado de una Universidad anquilosada, necesitada de evolucionar hacia la urgente aportaci\u00f3n de conocimiento y vinculaci\u00f3n exterior con [&hellip;]<\/p>\n","protected":false},"author":2,"featured_media":0,"comment_status":"closed","ping_status":"closed","sticky":false,"template":"","format":"standard","meta":{"tdm_status":"","tdm_grid_status":"","footnotes":""},"categories":[70],"tags":[29223,29224,29225,1177,17151,21307,5887,219,172],"class_list":{"0":"post-76306","1":"post","2":"type-post","3":"status-publish","4":"format-standard","6":"category-de-opinion","7":"tag-consulta-itinerante","8":"tag-eleccion-democratica","9":"tag-hipolitazo","10":"tag-impunidad","11":"tag-jorge-vazquez-sangabriel","12":"tag-rectoria-uv","13":"tag-rendicion-de-cuentas","14":"tag-universidad-veracruzana","15":"tag-uv"},"yoast_head":"<!-- This site is optimized with the Yoast SEO plugin v27.4 - https:\/\/yoast.com\/product\/yoast-seo-wordpress\/ -->\n<title>C\u00f3nclave de la Junta de Gobierno de la UV - Los pol\u00edticos Veracruz<\/title>\n<meta name=\"robots\" content=\"index, follow, max-snippet:-1, max-image-preview:large, max-video-preview:-1\" \/>\n<link rel=\"canonical\" href=\"https:\/\/lospoliticosveracruz.com\/?p=76306\" \/>\n<meta property=\"og:locale\" content=\"es_ES\" \/>\n<meta property=\"og:type\" content=\"article\" \/>\n<meta property=\"og:title\" content=\"C\u00f3nclave de la Junta de Gobierno de la UV - Los pol\u00edticos Veracruz\" \/>\n<meta property=\"og:description\" content=\"Jorge V\u00e1zquez Sangabriel Palimpsesto El conclave que re\u00fane al cuerpo colegiado de pont\u00edfices acad\u00e9micos para la auscultaci\u00f3n en la Universidad Veracruzana a fin de elegir al nuevo rector o rectora, que tendr\u00e1 a su cuidado el cauce deteriorado de una Universidad anquilosada, necesitada de evolucionar hacia la urgente aportaci\u00f3n de conocimiento y vinculaci\u00f3n exterior con [&hellip;]\" \/>\n<meta property=\"og:url\" content=\"https:\/\/lospoliticosveracruz.com\/?p=76306\" \/>\n<meta property=\"og:site_name\" content=\"Los pol\u00edticos Veracruz\" \/>\n<meta property=\"article:publisher\" content=\"https:\/\/www.facebook.com\/people\/Notimemes-de-los-Polticos\/61565672886568\/\" \/>\n<meta property=\"article:published_time\" content=\"2021-07-05T13:32:02+00:00\" \/>\n<meta property=\"article:modified_time\" content=\"2021-07-05T13:32:07+00:00\" \/>\n<meta property=\"og:image\" content=\"https:\/\/lospoliticosveracruz.com\/wp-content\/uploads\/2016\/07\/Logo-Dor.jpg\" \/>\n\t<meta property=\"og:image:width\" content=\"200\" \/>\n\t<meta property=\"og:image:height\" content=\"200\" \/>\n\t<meta property=\"og:image:type\" content=\"image\/jpeg\" \/>\n<meta name=\"author\" content=\"Lo viste en Los Pol\u00edticos\" \/>\n<meta name=\"twitter:card\" content=\"summary_large_image\" \/>\n<meta name=\"twitter:creator\" content=\"@LosPoliticosVer\" \/>\n<meta name=\"twitter:site\" content=\"@LosPoliticosVer\" \/>\n<meta name=\"twitter:label1\" content=\"Escrito por\" \/>\n\t<meta name=\"twitter:data1\" content=\"Lo viste en Los Pol\u00edticos\" \/>\n\t<meta name=\"twitter:label2\" content=\"Tiempo de lectura\" \/>\n\t<meta name=\"twitter:data2\" content=\"7 minutos\" \/>\n<script type=\"application\/ld+json\" class=\"yoast-schema-graph\">{\"@context\":\"https:\\\/\\\/schema.org\",\"@graph\":[{\"@type\":\"Article\",\"@id\":\"https:\\\/\\\/lospoliticosveracruz.com\\\/?p=76306#article\",\"isPartOf\":{\"@id\":\"https:\\\/\\\/lospoliticosveracruz.com\\\/?p=76306\"},\"author\":{\"name\":\"Lo viste en Los Pol\u00edticos\",\"@id\":\"https:\\\/\\\/lospoliticosveracruz.com\\\/#\\\/schema\\\/person\\\/b8702bb0e538456e6efd07080bf2a4a2\"},\"headline\":\"C\u00f3nclave de la Junta de Gobierno de la UV\",\"datePublished\":\"2021-07-05T13:32:02+00:00\",\"dateModified\":\"2021-07-05T13:32:07+00:00\",\"mainEntityOfPage\":{\"@id\":\"https:\\\/\\\/lospoliticosveracruz.com\\\/?p=76306\"},\"wordCount\":1323,\"publisher\":{\"@id\":\"https:\\\/\\\/lospoliticosveracruz.com\\\/#organization\"},\"keywords\":[\"Consulta itinerante\",\"elecci\u00f3n democr\u00e1tica\",\"hipolitazo\",\"impunidad\",\"Jorge V\u00e1zquez Sangabriel\",\"Rector\u00eda UV\",\"Rendici\u00f3n de cuentas\",\"Universidad Veracruzana\",\"UV\"],\"articleSection\":[\"De Opini\u00f3n\"],\"inLanguage\":\"es\"},{\"@type\":\"WebPage\",\"@id\":\"https:\\\/\\\/lospoliticosveracruz.com\\\/?p=76306\",\"url\":\"https:\\\/\\\/lospoliticosveracruz.com\\\/?p=76306\",\"name\":\"C\u00f3nclave de la Junta de Gobierno de la UV - Los pol\u00edticos Veracruz\",\"isPartOf\":{\"@id\":\"https:\\\/\\\/lospoliticosveracruz.com\\\/#website\"},\"datePublished\":\"2021-07-05T13:32:02+00:00\",\"dateModified\":\"2021-07-05T13:32:07+00:00\",\"breadcrumb\":{\"@id\":\"https:\\\/\\\/lospoliticosveracruz.com\\\/?p=76306#breadcrumb\"},\"inLanguage\":\"es\",\"potentialAction\":[{\"@type\":\"ReadAction\",\"target\":[\"https:\\\/\\\/lospoliticosveracruz.com\\\/?p=76306\"]}]},{\"@type\":\"BreadcrumbList\",\"@id\":\"https:\\\/\\\/lospoliticosveracruz.com\\\/?p=76306#breadcrumb\",\"itemListElement\":[{\"@type\":\"ListItem\",\"position\":1,\"name\":\"Portada\",\"item\":\"https:\\\/\\\/lospoliticosveracruz.com\\\/\"},{\"@type\":\"ListItem\",\"position\":2,\"name\":\"C\u00f3nclave de la Junta de Gobierno de la UV\"}]},{\"@type\":\"WebSite\",\"@id\":\"https:\\\/\\\/lospoliticosveracruz.com\\\/#website\",\"url\":\"https:\\\/\\\/lospoliticosveracruz.com\\\/\",\"name\":\"Los pol\u00edticos Veracruz\",\"description\":\"\",\"publisher\":{\"@id\":\"https:\\\/\\\/lospoliticosveracruz.com\\\/#organization\"},\"potentialAction\":[{\"@type\":\"SearchAction\",\"target\":{\"@type\":\"EntryPoint\",\"urlTemplate\":\"https:\\\/\\\/lospoliticosveracruz.com\\\/?s={search_term_string}\"},\"query-input\":{\"@type\":\"PropertyValueSpecification\",\"valueRequired\":true,\"valueName\":\"search_term_string\"}}],\"inLanguage\":\"es\"},{\"@type\":\"Organization\",\"@id\":\"https:\\\/\\\/lospoliticosveracruz.com\\\/#organization\",\"name\":\"Los pol\u00edticos Veracruz\",\"url\":\"https:\\\/\\\/lospoliticosveracruz.com\\\/\",\"logo\":{\"@type\":\"ImageObject\",\"inLanguage\":\"es\",\"@id\":\"https:\\\/\\\/lospoliticosveracruz.com\\\/#\\\/schema\\\/logo\\\/image\\\/\",\"url\":\"https:\\\/\\\/lospoliticosveracruz.com\\\/wp-content\\\/uploads\\\/2025\\\/12\\\/Logo-Nuevo-LOS-POLITICOS-1.jpg\",\"contentUrl\":\"https:\\\/\\\/lospoliticosveracruz.com\\\/wp-content\\\/uploads\\\/2025\\\/12\\\/Logo-Nuevo-LOS-POLITICOS-1.jpg\",\"width\":260,\"height\":70,\"caption\":\"Los pol\u00edticos Veracruz\"},\"image\":{\"@id\":\"https:\\\/\\\/lospoliticosveracruz.com\\\/#\\\/schema\\\/logo\\\/image\\\/\"},\"sameAs\":[\"https:\\\/\\\/www.facebook.com\\\/people\\\/Notimemes-de-los-Polticos\\\/61565672886568\\\/\",\"https:\\\/\\\/x.com\\\/LosPoliticosVer\"]},{\"@type\":\"Person\",\"@id\":\"https:\\\/\\\/lospoliticosveracruz.com\\\/#\\\/schema\\\/person\\\/b8702bb0e538456e6efd07080bf2a4a2\",\"name\":\"Lo viste en Los Pol\u00edticos\",\"image\":{\"@type\":\"ImageObject\",\"inLanguage\":\"es\",\"@id\":\"https:\\\/\\\/secure.gravatar.com\\\/avatar\\\/3a8de04a2656d44082be478bd6c086daa447c4651605818287b9532d3d0bd435?s=96&d=mm&r=g\",\"url\":\"https:\\\/\\\/secure.gravatar.com\\\/avatar\\\/3a8de04a2656d44082be478bd6c086daa447c4651605818287b9532d3d0bd435?s=96&d=mm&r=g\",\"contentUrl\":\"https:\\\/\\\/secure.gravatar.com\\\/avatar\\\/3a8de04a2656d44082be478bd6c086daa447c4651605818287b9532d3d0bd435?s=96&d=mm&r=g\",\"caption\":\"Lo viste en Los Pol\u00edticos\"},\"url\":\"https:\\\/\\\/lospoliticosveracruz.com\\\/?author=2\"}]}<\/script>\n<!-- \/ Yoast SEO plugin. -->","yoast_head_json":{"title":"C\u00f3nclave de la Junta de Gobierno de la UV - Los pol\u00edticos Veracruz","robots":{"index":"index","follow":"follow","max-snippet":"max-snippet:-1","max-image-preview":"max-image-preview:large","max-video-preview":"max-video-preview:-1"},"canonical":"https:\/\/lospoliticosveracruz.com\/?p=76306","og_locale":"es_ES","og_type":"article","og_title":"C\u00f3nclave de la Junta de Gobierno de la UV - Los pol\u00edticos Veracruz","og_description":"Jorge V\u00e1zquez Sangabriel Palimpsesto El conclave que re\u00fane al cuerpo colegiado de pont\u00edfices acad\u00e9micos para la auscultaci\u00f3n en la Universidad Veracruzana a fin de elegir al nuevo rector o rectora, que tendr\u00e1 a su cuidado el cauce deteriorado de una Universidad anquilosada, necesitada de evolucionar hacia la urgente aportaci\u00f3n de conocimiento y vinculaci\u00f3n exterior con [&hellip;]","og_url":"https:\/\/lospoliticosveracruz.com\/?p=76306","og_site_name":"Los pol\u00edticos Veracruz","article_publisher":"https:\/\/www.facebook.com\/people\/Notimemes-de-los-Polticos\/61565672886568\/","article_published_time":"2021-07-05T13:32:02+00:00","article_modified_time":"2021-07-05T13:32:07+00:00","og_image":[{"width":200,"height":200,"url":"https:\/\/lospoliticosveracruz.com\/wp-content\/uploads\/2016\/07\/Logo-Dor.jpg","type":"image\/jpeg"}],"author":"Lo viste en Los Pol\u00edticos","twitter_card":"summary_large_image","twitter_creator":"@LosPoliticosVer","twitter_site":"@LosPoliticosVer","twitter_misc":{"Escrito por":"Lo viste en Los Pol\u00edticos","Tiempo de lectura":"7 minutos"},"schema":{"@context":"https:\/\/schema.org","@graph":[{"@type":"Article","@id":"https:\/\/lospoliticosveracruz.com\/?p=76306#article","isPartOf":{"@id":"https:\/\/lospoliticosveracruz.com\/?p=76306"},"author":{"name":"Lo viste en Los Pol\u00edticos","@id":"https:\/\/lospoliticosveracruz.com\/#\/schema\/person\/b8702bb0e538456e6efd07080bf2a4a2"},"headline":"C\u00f3nclave de la Junta de Gobierno de la UV","datePublished":"2021-07-05T13:32:02+00:00","dateModified":"2021-07-05T13:32:07+00:00","mainEntityOfPage":{"@id":"https:\/\/lospoliticosveracruz.com\/?p=76306"},"wordCount":1323,"publisher":{"@id":"https:\/\/lospoliticosveracruz.com\/#organization"},"keywords":["Consulta itinerante","elecci\u00f3n democr\u00e1tica","hipolitazo","impunidad","Jorge V\u00e1zquez Sangabriel","Rector\u00eda UV","Rendici\u00f3n de cuentas","Universidad Veracruzana","UV"],"articleSection":["De Opini\u00f3n"],"inLanguage":"es"},{"@type":"WebPage","@id":"https:\/\/lospoliticosveracruz.com\/?p=76306","url":"https:\/\/lospoliticosveracruz.com\/?p=76306","name":"C\u00f3nclave de la Junta de Gobierno de la UV - Los pol\u00edticos Veracruz","isPartOf":{"@id":"https:\/\/lospoliticosveracruz.com\/#website"},"datePublished":"2021-07-05T13:32:02+00:00","dateModified":"2021-07-05T13:32:07+00:00","breadcrumb":{"@id":"https:\/\/lospoliticosveracruz.com\/?p=76306#breadcrumb"},"inLanguage":"es","potentialAction":[{"@type":"ReadAction","target":["https:\/\/lospoliticosveracruz.com\/?p=76306"]}]},{"@type":"BreadcrumbList","@id":"https:\/\/lospoliticosveracruz.com\/?p=76306#breadcrumb","itemListElement":[{"@type":"ListItem","position":1,"name":"Portada","item":"https:\/\/lospoliticosveracruz.com\/"},{"@type":"ListItem","position":2,"name":"C\u00f3nclave de la Junta de Gobierno de la UV"}]},{"@type":"WebSite","@id":"https:\/\/lospoliticosveracruz.com\/#website","url":"https:\/\/lospoliticosveracruz.com\/","name":"Los pol\u00edticos Veracruz","description":"","publisher":{"@id":"https:\/\/lospoliticosveracruz.com\/#organization"},"potentialAction":[{"@type":"SearchAction","target":{"@type":"EntryPoint","urlTemplate":"https:\/\/lospoliticosveracruz.com\/?s={search_term_string}"},"query-input":{"@type":"PropertyValueSpecification","valueRequired":true,"valueName":"search_term_string"}}],"inLanguage":"es"},{"@type":"Organization","@id":"https:\/\/lospoliticosveracruz.com\/#organization","name":"Los pol\u00edticos Veracruz","url":"https:\/\/lospoliticosveracruz.com\/","logo":{"@type":"ImageObject","inLanguage":"es","@id":"https:\/\/lospoliticosveracruz.com\/#\/schema\/logo\/image\/","url":"https:\/\/lospoliticosveracruz.com\/wp-content\/uploads\/2025\/12\/Logo-Nuevo-LOS-POLITICOS-1.jpg","contentUrl":"https:\/\/lospoliticosveracruz.com\/wp-content\/uploads\/2025\/12\/Logo-Nuevo-LOS-POLITICOS-1.jpg","width":260,"height":70,"caption":"Los pol\u00edticos Veracruz"},"image":{"@id":"https:\/\/lospoliticosveracruz.com\/#\/schema\/logo\/image\/"},"sameAs":["https:\/\/www.facebook.com\/people\/Notimemes-de-los-Polticos\/61565672886568\/","https:\/\/x.com\/LosPoliticosVer"]},{"@type":"Person","@id":"https:\/\/lospoliticosveracruz.com\/#\/schema\/person\/b8702bb0e538456e6efd07080bf2a4a2","name":"Lo viste en Los Pol\u00edticos","image":{"@type":"ImageObject","inLanguage":"es","@id":"https:\/\/secure.gravatar.com\/avatar\/3a8de04a2656d44082be478bd6c086daa447c4651605818287b9532d3d0bd435?s=96&d=mm&r=g","url":"https:\/\/secure.gravatar.com\/avatar\/3a8de04a2656d44082be478bd6c086daa447c4651605818287b9532d3d0bd435?s=96&d=mm&r=g","contentUrl":"https:\/\/secure.gravatar.com\/avatar\/3a8de04a2656d44082be478bd6c086daa447c4651605818287b9532d3d0bd435?s=96&d=mm&r=g","caption":"Lo viste en Los Pol\u00edticos"},"url":"https:\/\/lospoliticosveracruz.com\/?author=2"}]}},"_links":{"self":[{"href":"https:\/\/lospoliticosveracruz.com\/index.php?rest_route=\/wp\/v2\/posts\/76306","targetHints":{"allow":["GET"]}}],"collection":[{"href":"https:\/\/lospoliticosveracruz.com\/index.php?rest_route=\/wp\/v2\/posts"}],"about":[{"href":"https:\/\/lospoliticosveracruz.com\/index.php?rest_route=\/wp\/v2\/types\/post"}],"author":[{"embeddable":true,"href":"https:\/\/lospoliticosveracruz.com\/index.php?rest_route=\/wp\/v2\/users\/2"}],"replies":[{"embeddable":true,"href":"https:\/\/lospoliticosveracruz.com\/index.php?rest_route=%2Fwp%2Fv2%2Fcomments&post=76306"}],"version-history":[{"count":1,"href":"https:\/\/lospoliticosveracruz.com\/index.php?rest_route=\/wp\/v2\/posts\/76306\/revisions"}],"predecessor-version":[{"id":76307,"href":"https:\/\/lospoliticosveracruz.com\/index.php?rest_route=\/wp\/v2\/posts\/76306\/revisions\/76307"}],"wp:attachment":[{"href":"https:\/\/lospoliticosveracruz.com\/index.php?rest_route=%2Fwp%2Fv2%2Fmedia&parent=76306"}],"wp:term":[{"taxonomy":"category","embeddable":true,"href":"https:\/\/lospoliticosveracruz.com\/index.php?rest_route=%2Fwp%2Fv2%2Fcategories&post=76306"},{"taxonomy":"post_tag","embeddable":true,"href":"https:\/\/lospoliticosveracruz.com\/index.php?rest_route=%2Fwp%2Fv2%2Ftags&post=76306"}],"curies":[{"name":"wp","href":"https:\/\/api.w.org\/{rel}","templated":true}]}}