{"id":76324,"date":"2021-07-05T17:49:46","date_gmt":"2021-07-05T22:49:46","guid":{"rendered":"http:\/\/www.lospoliticosveracruz.com.mx\/?p=76324"},"modified":"2021-07-05T17:49:49","modified_gmt":"2021-07-05T22:49:49","slug":"reciben-cuarto-piso-de-5-municipios","status":"publish","type":"post","link":"https:\/\/lospoliticosveracruz.com\/?p=76324","title":{"rendered":"Reciben Cuarto Piso de 5 municipios"},"content":{"rendered":"\n<p><strong>C\u00f3rdoba<\/strong><br>Del mi\u00e9rcoles 7 al domingo 11 de julio se realizar\u00e1 la jornada de vacunaci\u00f3n contra el COVID19 para personas de 40 a 49 a\u00f1os que vivan en los municipios de Amatl\u00e1n de los Reyes, C\u00f3rdoba, Chocam\u00e1n, Fort\u00edn y Yanga, inform\u00f3 la Jefatura de Salud del Ayuntamiento de C\u00f3rdoba.<\/p>\n\n\n\n<p>La instancia municipal indic\u00f3 que adem\u00e1s en esta jornada se aplicar\u00e1n vacunas antiCOVID a embarazadas mayores de 18 a\u00f1os con al menos nueve semanas de gestaci\u00f3n y personas rezagadas de 50 a 59, as\u00ed como a personas que por motivos de salud permanezcan postradas.<\/p>\n\n\n\n<p>Israel Alejandro Lara Guti\u00e9rrez, jefe municipal de salud del Ayuntamiento de C\u00f3rdoba, anunci\u00f3 que la sede ser\u00e1 el complejo deportivo El Mexicano en horario de 8 a 19 horas, atendiendo por la primera letra del apellido del mi\u00e9rcoles al s\u00e1bado, mientras que el s atender\u00e1n a las personas rezagadas de los municipios convocados.<\/p>\n\n\n\n<p>Urgi\u00f3 a la ciudadan\u00eda a completar su proceso de registro gratuito en la plataforma mivacuna.salud.gob.mx e integrar su expediente que consta de la impresi\u00f3n de registro en l\u00ednea, identificaci\u00f3n oficial, copia del CURP y comprobante de domicilio.<\/p>\n\n\n\n<p>Indic\u00f3 que las personas postradas tambi\u00e9n ser\u00e1n vacunadas, por lo que invit\u00f3 a registrarse v\u00eda WhatsApp en el n\u00famero telef\u00f3nico 2712085147 antes del viernes 9 de julio, para indicar el motivo por el cual no se puede trasladar, as\u00ed como datos personales.<\/p>\n\n\n\n<p>El doctor Lara Guti\u00e9rrez puso a disposici\u00f3n de la ciudadan\u00eda los n\u00fameros de tel\u00e9fono 2288125251 y 22881125252 para obtener m\u00e1s informaci\u00f3n respecto al proceso de vacunaci\u00f3n<\/p>\n\n\n\n<p>\u201cEstamos atravesando un aumento en el caso de contagios por COVID19, por lo que es urgente que sigamos aplicando las medidas preventivas, principalmente, utilizar de manera correcta el cubreboca en cualquier espacio p\u00fablico, a\u00fan si ya fuimos vacunados\u201d, se\u00f1al\u00f3 el Jefe de Salud.<\/p>\n\n\n\n<p>Alert\u00f3 que lunes 5 al martes 18 de julio, el municipio de C\u00f3rdoba se mantendr\u00e1 en color amarillo del sem\u00e1foro epidemiol\u00f3gico, lo que representa que el riesgo de contagio por SARS-CoV-2, es alto.<\/p>\n\n\n\n<p>Destac\u00f3 que por instrucciones de la presidenta Leticia L\u00f3pez Landero se han reforzado las medidas preventivas como las sanitizaciones de espacios p\u00fablicos, la supervisi\u00f3n de la aplicaci\u00f3n de medidas preventivas en establecimientos comerciales y la restricci\u00f3n de acceso a parques municipales.<\/p>\n","protected":false},"excerpt":{"rendered":"<p>C\u00f3rdobaDel mi\u00e9rcoles 7 al domingo 11 de julio se realizar\u00e1 la jornada de vacunaci\u00f3n contra el COVID19 para personas de 40 a 49 a\u00f1os que vivan en los municipios de Amatl\u00e1n de los Reyes, C\u00f3rdoba, Chocam\u00e1n, Fort\u00edn y Yanga, inform\u00f3 la Jefatura de Salud del Ayuntamiento de C\u00f3rdoba. La instancia municipal indic\u00f3 que adem\u00e1s en [&hellip;]<\/p>\n","protected":false},"author":2,"featured_media":0,"comment_status":"closed","ping_status":"closed","sticky":false,"template":"","format":"standard","meta":{"tdm_status":"","tdm_grid_status":"","footnotes":""},"categories":[73],"tags":[26968,7641],"class_list":{"0":"post-76324","1":"post","2":"type-post","3":"status-publish","4":"format-standard","6":"category-de-boleto","7":"tag-jornada-de-vacunacion","8":"tag-leticia-lopez-landero"},"yoast_head":"<!-- This site is optimized with the Yoast SEO plugin v27.4 - https:\/\/yoast.com\/product\/yoast-seo-wordpress\/ -->\n<title>Reciben Cuarto Piso de 5 municipios - Los pol\u00edticos Veracruz<\/title>\n<meta name=\"robots\" content=\"index, follow, max-snippet:-1, max-image-preview:large, max-video-preview:-1\" \/>\n<link rel=\"canonical\" href=\"https:\/\/lospoliticosveracruz.com\/?p=76324\" \/>\n<meta property=\"og:locale\" content=\"es_ES\" \/>\n<meta property=\"og:type\" content=\"article\" \/>\n<meta property=\"og:title\" content=\"Reciben Cuarto Piso de 5 municipios - Los pol\u00edticos Veracruz\" \/>\n<meta property=\"og:description\" content=\"C\u00f3rdobaDel mi\u00e9rcoles 7 al domingo 11 de julio se realizar\u00e1 la jornada de vacunaci\u00f3n contra el COVID19 para personas de 40 a 49 a\u00f1os que vivan en los municipios de Amatl\u00e1n de los Reyes, C\u00f3rdoba, Chocam\u00e1n, Fort\u00edn y Yanga, inform\u00f3 la Jefatura de Salud del Ayuntamiento de C\u00f3rdoba. La instancia municipal indic\u00f3 que adem\u00e1s en [&hellip;]\" \/>\n<meta property=\"og:url\" content=\"https:\/\/lospoliticosveracruz.com\/?p=76324\" \/>\n<meta property=\"og:site_name\" content=\"Los pol\u00edticos Veracruz\" \/>\n<meta property=\"article:publisher\" content=\"https:\/\/www.facebook.com\/people\/Notimemes-de-los-Polticos\/61565672886568\/\" \/>\n<meta property=\"article:published_time\" content=\"2021-07-05T22:49:46+00:00\" \/>\n<meta property=\"article:modified_time\" content=\"2021-07-05T22:49:49+00:00\" \/>\n<meta property=\"og:image\" content=\"https:\/\/lospoliticosveracruz.com\/wp-content\/uploads\/2016\/07\/Logo-Dor.jpg\" \/>\n\t<meta property=\"og:image:width\" content=\"200\" \/>\n\t<meta property=\"og:image:height\" content=\"200\" \/>\n\t<meta property=\"og:image:type\" content=\"image\/jpeg\" \/>\n<meta name=\"author\" content=\"Lo viste en Los Pol\u00edticos\" \/>\n<meta name=\"twitter:card\" content=\"summary_large_image\" \/>\n<meta name=\"twitter:creator\" content=\"@LosPoliticosVer\" \/>\n<meta name=\"twitter:site\" content=\"@LosPoliticosVer\" \/>\n<meta name=\"twitter:label1\" content=\"Escrito por\" \/>\n\t<meta name=\"twitter:data1\" content=\"Lo viste en Los Pol\u00edticos\" \/>\n\t<meta name=\"twitter:label2\" content=\"Tiempo de lectura\" \/>\n\t<meta name=\"twitter:data2\" content=\"2 minutos\" \/>\n<script type=\"application\/ld+json\" class=\"yoast-schema-graph\">{\"@context\":\"https:\\\/\\\/schema.org\",\"@graph\":[{\"@type\":\"Article\",\"@id\":\"https:\\\/\\\/lospoliticosveracruz.com\\\/?p=76324#article\",\"isPartOf\":{\"@id\":\"https:\\\/\\\/lospoliticosveracruz.com\\\/?p=76324\"},\"author\":{\"name\":\"Lo viste en Los Pol\u00edticos\",\"@id\":\"https:\\\/\\\/lospoliticosveracruz.com\\\/#\\\/schema\\\/person\\\/b8702bb0e538456e6efd07080bf2a4a2\"},\"headline\":\"Reciben Cuarto Piso de 5 municipios\",\"datePublished\":\"2021-07-05T22:49:46+00:00\",\"dateModified\":\"2021-07-05T22:49:49+00:00\",\"mainEntityOfPage\":{\"@id\":\"https:\\\/\\\/lospoliticosveracruz.com\\\/?p=76324\"},\"wordCount\":407,\"publisher\":{\"@id\":\"https:\\\/\\\/lospoliticosveracruz.com\\\/#organization\"},\"keywords\":[\"jornada de vacunaci\u00f3n\",\"Leticia L\u00f3pez Landero\"],\"articleSection\":[\"De Boleto\"],\"inLanguage\":\"es\"},{\"@type\":\"WebPage\",\"@id\":\"https:\\\/\\\/lospoliticosveracruz.com\\\/?p=76324\",\"url\":\"https:\\\/\\\/lospoliticosveracruz.com\\\/?p=76324\",\"name\":\"Reciben Cuarto Piso de 5 municipios - Los pol\u00edticos Veracruz\",\"isPartOf\":{\"@id\":\"https:\\\/\\\/lospoliticosveracruz.com\\\/#website\"},\"datePublished\":\"2021-07-05T22:49:46+00:00\",\"dateModified\":\"2021-07-05T22:49:49+00:00\",\"breadcrumb\":{\"@id\":\"https:\\\/\\\/lospoliticosveracruz.com\\\/?p=76324#breadcrumb\"},\"inLanguage\":\"es\",\"potentialAction\":[{\"@type\":\"ReadAction\",\"target\":[\"https:\\\/\\\/lospoliticosveracruz.com\\\/?p=76324\"]}]},{\"@type\":\"BreadcrumbList\",\"@id\":\"https:\\\/\\\/lospoliticosveracruz.com\\\/?p=76324#breadcrumb\",\"itemListElement\":[{\"@type\":\"ListItem\",\"position\":1,\"name\":\"Portada\",\"item\":\"https:\\\/\\\/lospoliticosveracruz.com\\\/\"},{\"@type\":\"ListItem\",\"position\":2,\"name\":\"Reciben Cuarto Piso de 5 municipios\"}]},{\"@type\":\"WebSite\",\"@id\":\"https:\\\/\\\/lospoliticosveracruz.com\\\/#website\",\"url\":\"https:\\\/\\\/lospoliticosveracruz.com\\\/\",\"name\":\"Los pol\u00edticos Veracruz\",\"description\":\"\",\"publisher\":{\"@id\":\"https:\\\/\\\/lospoliticosveracruz.com\\\/#organization\"},\"potentialAction\":[{\"@type\":\"SearchAction\",\"target\":{\"@type\":\"EntryPoint\",\"urlTemplate\":\"https:\\\/\\\/lospoliticosveracruz.com\\\/?s={search_term_string}\"},\"query-input\":{\"@type\":\"PropertyValueSpecification\",\"valueRequired\":true,\"valueName\":\"search_term_string\"}}],\"inLanguage\":\"es\"},{\"@type\":\"Organization\",\"@id\":\"https:\\\/\\\/lospoliticosveracruz.com\\\/#organization\",\"name\":\"Los pol\u00edticos Veracruz\",\"url\":\"https:\\\/\\\/lospoliticosveracruz.com\\\/\",\"logo\":{\"@type\":\"ImageObject\",\"inLanguage\":\"es\",\"@id\":\"https:\\\/\\\/lospoliticosveracruz.com\\\/#\\\/schema\\\/logo\\\/image\\\/\",\"url\":\"https:\\\/\\\/lospoliticosveracruz.com\\\/wp-content\\\/uploads\\\/2025\\\/12\\\/Logo-Nuevo-LOS-POLITICOS-1.jpg\",\"contentUrl\":\"https:\\\/\\\/lospoliticosveracruz.com\\\/wp-content\\\/uploads\\\/2025\\\/12\\\/Logo-Nuevo-LOS-POLITICOS-1.jpg\",\"width\":260,\"height\":70,\"caption\":\"Los pol\u00edticos Veracruz\"},\"image\":{\"@id\":\"https:\\\/\\\/lospoliticosveracruz.com\\\/#\\\/schema\\\/logo\\\/image\\\/\"},\"sameAs\":[\"https:\\\/\\\/www.facebook.com\\\/people\\\/Notimemes-de-los-Polticos\\\/61565672886568\\\/\",\"https:\\\/\\\/x.com\\\/LosPoliticosVer\"]},{\"@type\":\"Person\",\"@id\":\"https:\\\/\\\/lospoliticosveracruz.com\\\/#\\\/schema\\\/person\\\/b8702bb0e538456e6efd07080bf2a4a2\",\"name\":\"Lo viste en Los Pol\u00edticos\",\"image\":{\"@type\":\"ImageObject\",\"inLanguage\":\"es\",\"@id\":\"https:\\\/\\\/secure.gravatar.com\\\/avatar\\\/3a8de04a2656d44082be478bd6c086daa447c4651605818287b9532d3d0bd435?s=96&d=mm&r=g\",\"url\":\"https:\\\/\\\/secure.gravatar.com\\\/avatar\\\/3a8de04a2656d44082be478bd6c086daa447c4651605818287b9532d3d0bd435?s=96&d=mm&r=g\",\"contentUrl\":\"https:\\\/\\\/secure.gravatar.com\\\/avatar\\\/3a8de04a2656d44082be478bd6c086daa447c4651605818287b9532d3d0bd435?s=96&d=mm&r=g\",\"caption\":\"Lo viste en Los Pol\u00edticos\"},\"url\":\"https:\\\/\\\/lospoliticosveracruz.com\\\/?author=2\"}]}<\/script>\n<!-- \/ Yoast SEO plugin. -->","yoast_head_json":{"title":"Reciben Cuarto Piso de 5 municipios - Los pol\u00edticos Veracruz","robots":{"index":"index","follow":"follow","max-snippet":"max-snippet:-1","max-image-preview":"max-image-preview:large","max-video-preview":"max-video-preview:-1"},"canonical":"https:\/\/lospoliticosveracruz.com\/?p=76324","og_locale":"es_ES","og_type":"article","og_title":"Reciben Cuarto Piso de 5 municipios - Los pol\u00edticos Veracruz","og_description":"C\u00f3rdobaDel mi\u00e9rcoles 7 al domingo 11 de julio se realizar\u00e1 la jornada de vacunaci\u00f3n contra el COVID19 para personas de 40 a 49 a\u00f1os que vivan en los municipios de Amatl\u00e1n de los Reyes, C\u00f3rdoba, Chocam\u00e1n, Fort\u00edn y Yanga, inform\u00f3 la Jefatura de Salud del Ayuntamiento de C\u00f3rdoba. La instancia municipal indic\u00f3 que adem\u00e1s en [&hellip;]","og_url":"https:\/\/lospoliticosveracruz.com\/?p=76324","og_site_name":"Los pol\u00edticos Veracruz","article_publisher":"https:\/\/www.facebook.com\/people\/Notimemes-de-los-Polticos\/61565672886568\/","article_published_time":"2021-07-05T22:49:46+00:00","article_modified_time":"2021-07-05T22:49:49+00:00","og_image":[{"width":200,"height":200,"url":"https:\/\/lospoliticosveracruz.com\/wp-content\/uploads\/2016\/07\/Logo-Dor.jpg","type":"image\/jpeg"}],"author":"Lo viste en Los Pol\u00edticos","twitter_card":"summary_large_image","twitter_creator":"@LosPoliticosVer","twitter_site":"@LosPoliticosVer","twitter_misc":{"Escrito por":"Lo viste en Los Pol\u00edticos","Tiempo de lectura":"2 minutos"},"schema":{"@context":"https:\/\/schema.org","@graph":[{"@type":"Article","@id":"https:\/\/lospoliticosveracruz.com\/?p=76324#article","isPartOf":{"@id":"https:\/\/lospoliticosveracruz.com\/?p=76324"},"author":{"name":"Lo viste en Los Pol\u00edticos","@id":"https:\/\/lospoliticosveracruz.com\/#\/schema\/person\/b8702bb0e538456e6efd07080bf2a4a2"},"headline":"Reciben Cuarto Piso de 5 municipios","datePublished":"2021-07-05T22:49:46+00:00","dateModified":"2021-07-05T22:49:49+00:00","mainEntityOfPage":{"@id":"https:\/\/lospoliticosveracruz.com\/?p=76324"},"wordCount":407,"publisher":{"@id":"https:\/\/lospoliticosveracruz.com\/#organization"},"keywords":["jornada de vacunaci\u00f3n","Leticia L\u00f3pez Landero"],"articleSection":["De Boleto"],"inLanguage":"es"},{"@type":"WebPage","@id":"https:\/\/lospoliticosveracruz.com\/?p=76324","url":"https:\/\/lospoliticosveracruz.com\/?p=76324","name":"Reciben Cuarto Piso de 5 municipios - Los pol\u00edticos Veracruz","isPartOf":{"@id":"https:\/\/lospoliticosveracruz.com\/#website"},"datePublished":"2021-07-05T22:49:46+00:00","dateModified":"2021-07-05T22:49:49+00:00","breadcrumb":{"@id":"https:\/\/lospoliticosveracruz.com\/?p=76324#breadcrumb"},"inLanguage":"es","potentialAction":[{"@type":"ReadAction","target":["https:\/\/lospoliticosveracruz.com\/?p=76324"]}]},{"@type":"BreadcrumbList","@id":"https:\/\/lospoliticosveracruz.com\/?p=76324#breadcrumb","itemListElement":[{"@type":"ListItem","position":1,"name":"Portada","item":"https:\/\/lospoliticosveracruz.com\/"},{"@type":"ListItem","position":2,"name":"Reciben Cuarto Piso de 5 municipios"}]},{"@type":"WebSite","@id":"https:\/\/lospoliticosveracruz.com\/#website","url":"https:\/\/lospoliticosveracruz.com\/","name":"Los pol\u00edticos Veracruz","description":"","publisher":{"@id":"https:\/\/lospoliticosveracruz.com\/#organization"},"potentialAction":[{"@type":"SearchAction","target":{"@type":"EntryPoint","urlTemplate":"https:\/\/lospoliticosveracruz.com\/?s={search_term_string}"},"query-input":{"@type":"PropertyValueSpecification","valueRequired":true,"valueName":"search_term_string"}}],"inLanguage":"es"},{"@type":"Organization","@id":"https:\/\/lospoliticosveracruz.com\/#organization","name":"Los pol\u00edticos Veracruz","url":"https:\/\/lospoliticosveracruz.com\/","logo":{"@type":"ImageObject","inLanguage":"es","@id":"https:\/\/lospoliticosveracruz.com\/#\/schema\/logo\/image\/","url":"https:\/\/lospoliticosveracruz.com\/wp-content\/uploads\/2025\/12\/Logo-Nuevo-LOS-POLITICOS-1.jpg","contentUrl":"https:\/\/lospoliticosveracruz.com\/wp-content\/uploads\/2025\/12\/Logo-Nuevo-LOS-POLITICOS-1.jpg","width":260,"height":70,"caption":"Los pol\u00edticos Veracruz"},"image":{"@id":"https:\/\/lospoliticosveracruz.com\/#\/schema\/logo\/image\/"},"sameAs":["https:\/\/www.facebook.com\/people\/Notimemes-de-los-Polticos\/61565672886568\/","https:\/\/x.com\/LosPoliticosVer"]},{"@type":"Person","@id":"https:\/\/lospoliticosveracruz.com\/#\/schema\/person\/b8702bb0e538456e6efd07080bf2a4a2","name":"Lo viste en Los Pol\u00edticos","image":{"@type":"ImageObject","inLanguage":"es","@id":"https:\/\/secure.gravatar.com\/avatar\/3a8de04a2656d44082be478bd6c086daa447c4651605818287b9532d3d0bd435?s=96&d=mm&r=g","url":"https:\/\/secure.gravatar.com\/avatar\/3a8de04a2656d44082be478bd6c086daa447c4651605818287b9532d3d0bd435?s=96&d=mm&r=g","contentUrl":"https:\/\/secure.gravatar.com\/avatar\/3a8de04a2656d44082be478bd6c086daa447c4651605818287b9532d3d0bd435?s=96&d=mm&r=g","caption":"Lo viste en Los Pol\u00edticos"},"url":"https:\/\/lospoliticosveracruz.com\/?author=2"}]}},"_links":{"self":[{"href":"https:\/\/lospoliticosveracruz.com\/index.php?rest_route=\/wp\/v2\/posts\/76324","targetHints":{"allow":["GET"]}}],"collection":[{"href":"https:\/\/lospoliticosveracruz.com\/index.php?rest_route=\/wp\/v2\/posts"}],"about":[{"href":"https:\/\/lospoliticosveracruz.com\/index.php?rest_route=\/wp\/v2\/types\/post"}],"author":[{"embeddable":true,"href":"https:\/\/lospoliticosveracruz.com\/index.php?rest_route=\/wp\/v2\/users\/2"}],"replies":[{"embeddable":true,"href":"https:\/\/lospoliticosveracruz.com\/index.php?rest_route=%2Fwp%2Fv2%2Fcomments&post=76324"}],"version-history":[{"count":1,"href":"https:\/\/lospoliticosveracruz.com\/index.php?rest_route=\/wp\/v2\/posts\/76324\/revisions"}],"predecessor-version":[{"id":76325,"href":"https:\/\/lospoliticosveracruz.com\/index.php?rest_route=\/wp\/v2\/posts\/76324\/revisions\/76325"}],"wp:attachment":[{"href":"https:\/\/lospoliticosveracruz.com\/index.php?rest_route=%2Fwp%2Fv2%2Fmedia&parent=76324"}],"wp:term":[{"taxonomy":"category","embeddable":true,"href":"https:\/\/lospoliticosveracruz.com\/index.php?rest_route=%2Fwp%2Fv2%2Fcategories&post=76324"},{"taxonomy":"post_tag","embeddable":true,"href":"https:\/\/lospoliticosveracruz.com\/index.php?rest_route=%2Fwp%2Fv2%2Ftags&post=76324"}],"curies":[{"name":"wp","href":"https:\/\/api.w.org\/{rel}","templated":true}]}}