{"id":76349,"date":"2021-07-06T07:58:00","date_gmt":"2021-07-06T12:58:00","guid":{"rendered":"http:\/\/www.lospoliticosveracruz.com.mx\/?p=76349"},"modified":"2021-07-06T07:58:05","modified_gmt":"2021-07-06T12:58:05","slug":"otro-tropezon-de-cuic","status":"publish","type":"post","link":"https:\/\/lospoliticosveracruz.com\/?p=76349","title":{"rendered":"Otro tropez\u00f3n de Cuic"},"content":{"rendered":"\n<p><\/p>\n\n\n\n<p><strong>Ricardo Ch\u00faa<br><\/strong><em>Sale y Vale<\/em><\/p>\n\n\n\n<p>CUITL\u00c1HUAC \u00bfSENADOR?\u2026 Quienes conocen de cerca al gobernador, Cuit\u00e1huac Garc\u00eda Jim\u00e9nez\u2026 Coinciden que el mandatario estatal no se va a retirar de la pol\u00edtica en 2024 para regresar a dar clases a la Universidad Veracruzana\u2026 Tal como lo ha mencionado en reiteradas ocasiones en su \u00abma\u00f1anera\u00bb de Palacio de Gobierno\u2026 Cuitl\u00e1huac viendo sus n\u00fameros obtenidos para MORENA el pasado 6 de junio y porque el Presidente, Andr\u00e9s Manuel L\u00f3pez Obrador, lo pone como ejemplo nacional\u2026 Esa \u00abjubilaci\u00f3n\u00bb de la pol\u00edtica\u2026 VA A ESPERAR\u2026<\/p>\n\n\n\n<div class=\"wp-block-image\"><figure class=\"alignleft size-large is-resized\"><a href=\"http:\/\/www.lospoliticosveracruz.com.mx\/wp-content\/uploads\/2021\/07\/Cordoba.jpeg\"><img loading=\"lazy\" decoding=\"async\" src=\"http:\/\/www.lospoliticosveracruz.com.mx\/wp-content\/uploads\/2021\/07\/Cordoba.jpeg\" alt=\"\" class=\"wp-image-76333\" width=\"233\" height=\"389\"\/><\/a><\/figure><\/div>\n\n\n\n<p>Despu\u00e9s del apabullante triunfo de MORENA y sus partidos aliados en Veracruz\u2026 Teniendo en su poder 26 de los 30 distritos electorales locales\u2026 M\u00e1s de 100 alcald\u00edas de las 212 que hay en la entidad y 18 de las 20 demarcaciones federales que cuenta el Estado.. Los \u00abPepes Grillos\u00bb que ahora le est\u00e1n hablando al o\u00eddo al gobernador \u00abjarocho\u00bb\u2026 Le han se\u00f1alado que por los n\u00fameros logrados\u2026 M\u00ednimo podr\u00eda ser uno de los m\u00e1s importantes Senadores de MORENA para el 2024\u2026 Aunque tenga que dejar el cargo unos 9 meses antes de concluir su periodo\u2026<\/p>\n\n\n\n<p>Le han comentado que se ir\u00eda como \u00abh\u00e9roe\u00bb de Xalapa\u2026 Dejando en Veracruz en manos de otro candidato de MORENA, as\u00ed sea lo ponga \u00e9l o se lo manden de Palacio Nacional\u2026 Y que en el Senado podr\u00eda buscar hasta la coordinaci\u00f3n de esa futura bancada (ABROOOONNNNN)\u2026 Los n\u00fameros del 2021 lo avalan y si en el 2024 teniendo todo lo que tienen, los refrenda\u2026 Qui\u00e9n le podr\u00eda negar esa posici\u00f3n\u2026 El de ser el futuro Ricardo Monreal\u2026 Cuando todo mundo antes del 6 de junio lo ve\u00eda como el Mart\u00ed Batres\u2026 VALGAME DIOS\u2026<\/p>\n\n\n\n<p>Hasta mencionan\u2026 Que Cuitl\u00e1huac tiene el poder, por ser el tercer Estado con m\u00e1s n\u00fameros de electores del pa\u00eds\u2026 De \u00abNEGOCIAR\u00bb con el futuro candidato presidencial\u2026 As\u00ed sea Ebrard o Monreal\u2026 Un alto cargo como el de ser un importante secretario de Estado del futuro gabinete federal\u2026 Si MORENA vuelve a ganar la elecci\u00f3n presidencial en 2024\u2026 Los n\u00fameros lo avalan\u2026 En los tiempos del \u00abviejo r\u00e9gimen\u00bb esto ser\u00eda posible con un gobernador de Veracruz.. Pero de que ya le gusto el poder\u2026 Le gusto\u2026 Qui\u00e9n dice que no se puede\u2026 JESUCRISTO\u2026<\/p>\n\n\n\n<p>AMLO, NAHLE Y EL CUIT\u2026 Pero como esta \u00abvida no es acu\u00e1tica\u00bb\u2026 Y cuando piensas que tendr\u00e1n un segundo periodo de gobierno a toda ma\u2026ye\u2026 Que tienes el control pol\u00edtico de tu Estado\u2026 Que ahora si est\u00e1s en la plenitud de tu \u00abpinche poder\u00bb\u2026 Que pese a las protestas o reclamos nada pasa\u2026 Porque YA GANASTE TODO en tu elecci\u00f3n local y entregas buenas cuentas en la federal\u2026 Viene el Presidente y todo tu panorama\u2026 Te lo descompone\u2026 As\u00ed le pas\u00f3 a Cuitl\u00e1huac Garc\u00eda ayer con la \u00abma\u00f1anera\u00bb\u2026.<\/p>\n\n\n\n<div class=\"wp-block-image\"><figure class=\"alignleft size-large is-resized\"><a href=\"http:\/\/www.lospoliticosveracruz.com.mx\/wp-content\/uploads\/2021\/07\/Cordoba1.jpeg\"><img loading=\"lazy\" decoding=\"async\" src=\"http:\/\/www.lospoliticosveracruz.com.mx\/wp-content\/uploads\/2021\/07\/Cordoba1.jpeg\" alt=\"\" class=\"wp-image-76334\" width=\"225\" height=\"450\"\/><\/a><\/figure><\/div>\n\n\n\n<p>Ya que para nadie es un secreto dentro del comit\u00e9 nacional de MORENA\u2026 Que el gobernador de Veracruz, YA SE HAB\u00cdA SUMADO de manera abierta\u2026 Para apoyar a su hom\u00f3loga de la CDMX, Claudia Sheinbaum para ser su CANDIDATA PRESIDENCIAL por este partido al 2024\u2026 Y no s\u00f3lo, Cuitl\u00e1huac sino un gran n\u00famero de funcionarios estatales\u2026 Ya iban a empezar a trabajar en el proyecto nacional de la capitalina\u2026 Cuando PUM\u2026 Andr\u00e9s Manuel L\u00f3pez Obrador le \u00abdestapa\u00bb a Rocio Nahle como una precandidata Presidencial\u2026.QPM\u2026<\/p>\n\n\n\n<p>As\u00ed que a Cuitl\u00e1huac, el gobernador que pone AMLO como ejemplo nacional, lo metieron en un \u00abembrollo\u00bb pol\u00edtico\u2026 Ni modo que \u00abABANDONE\u00bb a Nahle en su carrera Presidencial\u2026 Si gran parte de su triunfo en 2018\u2026 Se lo debe a ella, por las \u00abconciencias\u00bb priistas y panistas que \u00abcompr\u00f3\u00bb para que caminaran con el proyecto de MORENA y no de los Yunes Azules\u2026 Irse con Claudia, Marcelo, Ricardo, Esteban, Tatiana o Juan Ram\u00f3n\u2026 Y no con Rocio, ser\u00eda una DESLEALTAD pol\u00edtica de su parte\u2026<\/p>\n\n\n\n<p>Por eso, el \u00abPre-Destape\u00bb hecho por L\u00f3pez Obrador en la \u00abma\u00f1anera\u00bb a favor de Nahle\u2026 Le descompone todo su \u00abjuego\u00bb pol\u00edtico nacional con MORENA al de Xalapa.. . Cuitl\u00e1huac en 2018 en plena campa\u00f1a electoral local y federal\u2026 Se dec\u00eda ALIADO de Rocio\u2026 Pero despu\u00e9s de los resultados en las elecciones pasadas del 6 de junio\u2026 El gobernador se sinti\u00f3 MUY SOBRADO y empez\u00f3 a ver su proyecto pol\u00edtico y que le rompen su esquema\u2026QPM\u2026 En la historia pol\u00edtica de M\u00e9xico, esto suele pasar\u2026 Con MORENA no tendr\u00eda porque ser diferente\u2026<\/p>\n\n\n\n<p>OJO\u2026 Hay que RECORDAR que Cuitl\u00e1huac hizo lo mismo en la pasada contienda electoral por la dirigencia nacional de MORENA\u2026 Parece que sigue aprendiendo de pol\u00edtica\u2026 \u00c9l no apoy\u00f3 a Mario Delgado\u2026 Se fue con Porfirio Mu\u00f1oz Ledo\u2026 Apoy\u00f3 a todos menos a Mario\u2026 Hasta termina RECONCILI\u00c1NDOSE con Yeidckol Polevnsky\u2026 Y PUM gan\u00f3 la elecci\u00f3n Delgado Carrillo y \u00e9ste en la pasada campa\u00f1a local en Veracruz, s\u00f3lo vino al evento de Ricardo Exsome.. Posici\u00f3n de Marchello\u2026 Y nunca m\u00e1s se le volvi\u00f3 a ver en Veracruz\u2026<\/p>\n\n\n\n<p>Hasta pareciera que el Presidente se dio cuenta, lo hecho por el Gober \u00abJarocho\u00bb y le manda un mensaje directo: \u00abNo te equivoques\u00bb\u2026 As\u00ed que al igual que todos los mandatarios estatales de MORENA en 2024\u2026 Van esperar que DECIDE Palacio Nacional para saber para donde va la \u00abcargada\u00bb\u2026 Ellos no podr\u00e1n hacer sus grupos\u2026 A pesar de que Marcelo y Monreal puedan cerrar filas.. Pero los dos ven lejos a Garc\u00eda Jim\u00e9nez de sus \u00abquerencias\u00bb\u2026 Ellos tienen como \u00abpuntas de lanza\u00bb en Veracruz a los 2 Ricardos\u2026 Ahued y Exsome, no a Cuitl\u00e1huac\u2026<\/p>\n\n\n\n<p>EN RESUMEN.. Esto es un \u00abmameyazo\u00bb para Cuitl\u00e1huac y allegados porque si pensaban que lo ten\u00edan \u00abtodo planchado\u00bb y de pronto les sale Nahle en el juego sucesorio Presidencial\u2026 Y si por esas cosas raras del destino, es la \u00abtapada\u00bb de AMLO en MORENA para sucederlo\u2026 En Veracruz, les cambia todo el \u00abjuego\u00bb sucesorio\u2026 Ya que Nahle impondr\u00eda a su candidato a Gobernador para el 2024\u2026 De ella, no de Cuitl\u00e1huac\u2026 Y m\u00e1s que Nahle es senadora por Veracruz\u2026 No por Zacatecas\u2026 As\u00ed de simple ser\u00eda\u2026 TAN\u2026 TAN\u2026<\/p>\n","protected":false},"excerpt":{"rendered":"<p>Ricardo Ch\u00faaSale y Vale CUITL\u00c1HUAC \u00bfSENADOR?\u2026 Quienes conocen de cerca al gobernador, Cuit\u00e1huac Garc\u00eda Jim\u00e9nez\u2026 Coinciden que el mandatario estatal no se va a retirar de la pol\u00edtica en 2024 para regresar a dar clases a la Universidad Veracruzana\u2026 Tal como lo ha mencionado en reiteradas ocasiones en su \u00abma\u00f1anera\u00bb de Palacio de Gobierno\u2026 Cuitl\u00e1huac [&hellip;]<\/p>\n","protected":false},"author":2,"featured_media":0,"comment_status":"closed","ping_status":"closed","sticky":false,"template":"","format":"standard","meta":{"tdm_status":"","tdm_grid_status":"","footnotes":""},"categories":[70],"tags":[618,9627,12321,18476,1026,13604,10353,26717],"class_list":{"0":"post-76349","1":"post","2":"type-post","3":"status-publish","4":"format-standard","6":"category-de-opinion","7":"tag-andres-manuel-lopez-obrador","8":"tag-claudia-sheinbaum","9":"tag-cuitahuac-garcia-jimenez","10":"tag-destape","11":"tag-morena","12":"tag-ricardo-chua","13":"tag-ricardo-monreal","14":"tag-rocio-nahle-2"},"yoast_head":"<!-- This site is optimized with the Yoast SEO plugin v27.4 - https:\/\/yoast.com\/product\/yoast-seo-wordpress\/ -->\n<title>Otro tropez\u00f3n de Cuic - Los pol\u00edticos Veracruz<\/title>\n<meta name=\"robots\" content=\"index, follow, max-snippet:-1, max-image-preview:large, max-video-preview:-1\" \/>\n<link rel=\"canonical\" href=\"https:\/\/lospoliticosveracruz.com\/?p=76349\" \/>\n<meta property=\"og:locale\" content=\"es_ES\" \/>\n<meta property=\"og:type\" content=\"article\" \/>\n<meta property=\"og:title\" content=\"Otro tropez\u00f3n de Cuic - Los pol\u00edticos Veracruz\" \/>\n<meta property=\"og:description\" content=\"Ricardo Ch\u00faaSale y Vale CUITL\u00c1HUAC \u00bfSENADOR?\u2026 Quienes conocen de cerca al gobernador, Cuit\u00e1huac Garc\u00eda Jim\u00e9nez\u2026 Coinciden que el mandatario estatal no se va a retirar de la pol\u00edtica en 2024 para regresar a dar clases a la Universidad Veracruzana\u2026 Tal como lo ha mencionado en reiteradas ocasiones en su \u00abma\u00f1anera\u00bb de Palacio de Gobierno\u2026 Cuitl\u00e1huac [&hellip;]\" \/>\n<meta property=\"og:url\" content=\"https:\/\/lospoliticosveracruz.com\/?p=76349\" \/>\n<meta property=\"og:site_name\" content=\"Los pol\u00edticos Veracruz\" \/>\n<meta property=\"article:publisher\" content=\"https:\/\/www.facebook.com\/people\/Notimemes-de-los-Polticos\/61565672886568\/\" \/>\n<meta property=\"article:published_time\" content=\"2021-07-06T12:58:00+00:00\" \/>\n<meta property=\"article:modified_time\" content=\"2021-07-06T12:58:05+00:00\" \/>\n<meta property=\"og:image\" content=\"http:\/\/www.lospoliticosveracruz.com.mx\/wp-content\/uploads\/2021\/07\/Cordoba.jpeg\" \/>\n<meta name=\"author\" content=\"Lo viste en Los Pol\u00edticos\" \/>\n<meta name=\"twitter:card\" content=\"summary_large_image\" \/>\n<meta name=\"twitter:creator\" content=\"@LosPoliticosVer\" \/>\n<meta name=\"twitter:site\" content=\"@LosPoliticosVer\" \/>\n<meta name=\"twitter:label1\" content=\"Escrito por\" \/>\n\t<meta name=\"twitter:data1\" content=\"Lo viste en Los Pol\u00edticos\" \/>\n\t<meta name=\"twitter:label2\" content=\"Tiempo de lectura\" \/>\n\t<meta name=\"twitter:data2\" content=\"5 minutos\" \/>\n<script type=\"application\/ld+json\" class=\"yoast-schema-graph\">{\"@context\":\"https:\\\/\\\/schema.org\",\"@graph\":[{\"@type\":\"Article\",\"@id\":\"https:\\\/\\\/lospoliticosveracruz.com\\\/?p=76349#article\",\"isPartOf\":{\"@id\":\"https:\\\/\\\/lospoliticosveracruz.com\\\/?p=76349\"},\"author\":{\"name\":\"Lo viste en Los Pol\u00edticos\",\"@id\":\"https:\\\/\\\/lospoliticosveracruz.com\\\/#\\\/schema\\\/person\\\/b8702bb0e538456e6efd07080bf2a4a2\"},\"headline\":\"Otro tropez\u00f3n de Cuic\",\"datePublished\":\"2021-07-06T12:58:00+00:00\",\"dateModified\":\"2021-07-06T12:58:05+00:00\",\"mainEntityOfPage\":{\"@id\":\"https:\\\/\\\/lospoliticosveracruz.com\\\/?p=76349\"},\"wordCount\":1061,\"publisher\":{\"@id\":\"https:\\\/\\\/lospoliticosveracruz.com\\\/#organization\"},\"image\":{\"@id\":\"https:\\\/\\\/lospoliticosveracruz.com\\\/?p=76349#primaryimage\"},\"thumbnailUrl\":\"http:\\\/\\\/www.lospoliticosveracruz.com.mx\\\/wp-content\\\/uploads\\\/2021\\\/07\\\/Cordoba.jpeg\",\"keywords\":[\"Andr\u00e9s Manuel L\u00f3pez Obrador\",\"Claudia Sheinbaum\",\"Cuit\u00e1huac Garc\u00eda Jim\u00e9nez\",\"destape\",\"Morena\",\"Ricardo Ch\u00faa\",\"Ricardo Monreal\",\"Rocio Nahle\"],\"articleSection\":[\"De Opini\u00f3n\"],\"inLanguage\":\"es\"},{\"@type\":\"WebPage\",\"@id\":\"https:\\\/\\\/lospoliticosveracruz.com\\\/?p=76349\",\"url\":\"https:\\\/\\\/lospoliticosveracruz.com\\\/?p=76349\",\"name\":\"Otro tropez\u00f3n de Cuic - Los pol\u00edticos Veracruz\",\"isPartOf\":{\"@id\":\"https:\\\/\\\/lospoliticosveracruz.com\\\/#website\"},\"primaryImageOfPage\":{\"@id\":\"https:\\\/\\\/lospoliticosveracruz.com\\\/?p=76349#primaryimage\"},\"image\":{\"@id\":\"https:\\\/\\\/lospoliticosveracruz.com\\\/?p=76349#primaryimage\"},\"thumbnailUrl\":\"http:\\\/\\\/www.lospoliticosveracruz.com.mx\\\/wp-content\\\/uploads\\\/2021\\\/07\\\/Cordoba.jpeg\",\"datePublished\":\"2021-07-06T12:58:00+00:00\",\"dateModified\":\"2021-07-06T12:58:05+00:00\",\"breadcrumb\":{\"@id\":\"https:\\\/\\\/lospoliticosveracruz.com\\\/?p=76349#breadcrumb\"},\"inLanguage\":\"es\",\"potentialAction\":[{\"@type\":\"ReadAction\",\"target\":[\"https:\\\/\\\/lospoliticosveracruz.com\\\/?p=76349\"]}]},{\"@type\":\"ImageObject\",\"inLanguage\":\"es\",\"@id\":\"https:\\\/\\\/lospoliticosveracruz.com\\\/?p=76349#primaryimage\",\"url\":\"http:\\\/\\\/www.lospoliticosveracruz.com.mx\\\/wp-content\\\/uploads\\\/2021\\\/07\\\/Cordoba.jpeg\",\"contentUrl\":\"http:\\\/\\\/www.lospoliticosveracruz.com.mx\\\/wp-content\\\/uploads\\\/2021\\\/07\\\/Cordoba.jpeg\"},{\"@type\":\"BreadcrumbList\",\"@id\":\"https:\\\/\\\/lospoliticosveracruz.com\\\/?p=76349#breadcrumb\",\"itemListElement\":[{\"@type\":\"ListItem\",\"position\":1,\"name\":\"Portada\",\"item\":\"https:\\\/\\\/lospoliticosveracruz.com\\\/\"},{\"@type\":\"ListItem\",\"position\":2,\"name\":\"Otro tropez\u00f3n de Cuic\"}]},{\"@type\":\"WebSite\",\"@id\":\"https:\\\/\\\/lospoliticosveracruz.com\\\/#website\",\"url\":\"https:\\\/\\\/lospoliticosveracruz.com\\\/\",\"name\":\"Los pol\u00edticos Veracruz\",\"description\":\"\",\"publisher\":{\"@id\":\"https:\\\/\\\/lospoliticosveracruz.com\\\/#organization\"},\"potentialAction\":[{\"@type\":\"SearchAction\",\"target\":{\"@type\":\"EntryPoint\",\"urlTemplate\":\"https:\\\/\\\/lospoliticosveracruz.com\\\/?s={search_term_string}\"},\"query-input\":{\"@type\":\"PropertyValueSpecification\",\"valueRequired\":true,\"valueName\":\"search_term_string\"}}],\"inLanguage\":\"es\"},{\"@type\":\"Organization\",\"@id\":\"https:\\\/\\\/lospoliticosveracruz.com\\\/#organization\",\"name\":\"Los pol\u00edticos Veracruz\",\"url\":\"https:\\\/\\\/lospoliticosveracruz.com\\\/\",\"logo\":{\"@type\":\"ImageObject\",\"inLanguage\":\"es\",\"@id\":\"https:\\\/\\\/lospoliticosveracruz.com\\\/#\\\/schema\\\/logo\\\/image\\\/\",\"url\":\"https:\\\/\\\/lospoliticosveracruz.com\\\/wp-content\\\/uploads\\\/2025\\\/12\\\/Logo-Nuevo-LOS-POLITICOS-1.jpg\",\"contentUrl\":\"https:\\\/\\\/lospoliticosveracruz.com\\\/wp-content\\\/uploads\\\/2025\\\/12\\\/Logo-Nuevo-LOS-POLITICOS-1.jpg\",\"width\":260,\"height\":70,\"caption\":\"Los pol\u00edticos Veracruz\"},\"image\":{\"@id\":\"https:\\\/\\\/lospoliticosveracruz.com\\\/#\\\/schema\\\/logo\\\/image\\\/\"},\"sameAs\":[\"https:\\\/\\\/www.facebook.com\\\/people\\\/Notimemes-de-los-Polticos\\\/61565672886568\\\/\",\"https:\\\/\\\/x.com\\\/LosPoliticosVer\"]},{\"@type\":\"Person\",\"@id\":\"https:\\\/\\\/lospoliticosveracruz.com\\\/#\\\/schema\\\/person\\\/b8702bb0e538456e6efd07080bf2a4a2\",\"name\":\"Lo viste en Los Pol\u00edticos\",\"image\":{\"@type\":\"ImageObject\",\"inLanguage\":\"es\",\"@id\":\"https:\\\/\\\/secure.gravatar.com\\\/avatar\\\/3a8de04a2656d44082be478bd6c086daa447c4651605818287b9532d3d0bd435?s=96&d=mm&r=g\",\"url\":\"https:\\\/\\\/secure.gravatar.com\\\/avatar\\\/3a8de04a2656d44082be478bd6c086daa447c4651605818287b9532d3d0bd435?s=96&d=mm&r=g\",\"contentUrl\":\"https:\\\/\\\/secure.gravatar.com\\\/avatar\\\/3a8de04a2656d44082be478bd6c086daa447c4651605818287b9532d3d0bd435?s=96&d=mm&r=g\",\"caption\":\"Lo viste en Los Pol\u00edticos\"},\"url\":\"https:\\\/\\\/lospoliticosveracruz.com\\\/?author=2\"}]}<\/script>\n<!-- \/ Yoast SEO plugin. -->","yoast_head_json":{"title":"Otro tropez\u00f3n de Cuic - Los pol\u00edticos Veracruz","robots":{"index":"index","follow":"follow","max-snippet":"max-snippet:-1","max-image-preview":"max-image-preview:large","max-video-preview":"max-video-preview:-1"},"canonical":"https:\/\/lospoliticosveracruz.com\/?p=76349","og_locale":"es_ES","og_type":"article","og_title":"Otro tropez\u00f3n de Cuic - Los pol\u00edticos Veracruz","og_description":"Ricardo Ch\u00faaSale y Vale CUITL\u00c1HUAC \u00bfSENADOR?\u2026 Quienes conocen de cerca al gobernador, Cuit\u00e1huac Garc\u00eda Jim\u00e9nez\u2026 Coinciden que el mandatario estatal no se va a retirar de la pol\u00edtica en 2024 para regresar a dar clases a la Universidad Veracruzana\u2026 Tal como lo ha mencionado en reiteradas ocasiones en su \u00abma\u00f1anera\u00bb de Palacio de Gobierno\u2026 Cuitl\u00e1huac [&hellip;]","og_url":"https:\/\/lospoliticosveracruz.com\/?p=76349","og_site_name":"Los pol\u00edticos Veracruz","article_publisher":"https:\/\/www.facebook.com\/people\/Notimemes-de-los-Polticos\/61565672886568\/","article_published_time":"2021-07-06T12:58:00+00:00","article_modified_time":"2021-07-06T12:58:05+00:00","og_image":[{"url":"http:\/\/www.lospoliticosveracruz.com.mx\/wp-content\/uploads\/2021\/07\/Cordoba.jpeg","type":"","width":"","height":""}],"author":"Lo viste en Los Pol\u00edticos","twitter_card":"summary_large_image","twitter_creator":"@LosPoliticosVer","twitter_site":"@LosPoliticosVer","twitter_misc":{"Escrito por":"Lo viste en Los Pol\u00edticos","Tiempo de lectura":"5 minutos"},"schema":{"@context":"https:\/\/schema.org","@graph":[{"@type":"Article","@id":"https:\/\/lospoliticosveracruz.com\/?p=76349#article","isPartOf":{"@id":"https:\/\/lospoliticosveracruz.com\/?p=76349"},"author":{"name":"Lo viste en Los Pol\u00edticos","@id":"https:\/\/lospoliticosveracruz.com\/#\/schema\/person\/b8702bb0e538456e6efd07080bf2a4a2"},"headline":"Otro tropez\u00f3n de Cuic","datePublished":"2021-07-06T12:58:00+00:00","dateModified":"2021-07-06T12:58:05+00:00","mainEntityOfPage":{"@id":"https:\/\/lospoliticosveracruz.com\/?p=76349"},"wordCount":1061,"publisher":{"@id":"https:\/\/lospoliticosveracruz.com\/#organization"},"image":{"@id":"https:\/\/lospoliticosveracruz.com\/?p=76349#primaryimage"},"thumbnailUrl":"http:\/\/www.lospoliticosveracruz.com.mx\/wp-content\/uploads\/2021\/07\/Cordoba.jpeg","keywords":["Andr\u00e9s Manuel L\u00f3pez Obrador","Claudia Sheinbaum","Cuit\u00e1huac Garc\u00eda Jim\u00e9nez","destape","Morena","Ricardo Ch\u00faa","Ricardo Monreal","Rocio Nahle"],"articleSection":["De Opini\u00f3n"],"inLanguage":"es"},{"@type":"WebPage","@id":"https:\/\/lospoliticosveracruz.com\/?p=76349","url":"https:\/\/lospoliticosveracruz.com\/?p=76349","name":"Otro tropez\u00f3n de Cuic - Los pol\u00edticos Veracruz","isPartOf":{"@id":"https:\/\/lospoliticosveracruz.com\/#website"},"primaryImageOfPage":{"@id":"https:\/\/lospoliticosveracruz.com\/?p=76349#primaryimage"},"image":{"@id":"https:\/\/lospoliticosveracruz.com\/?p=76349#primaryimage"},"thumbnailUrl":"http:\/\/www.lospoliticosveracruz.com.mx\/wp-content\/uploads\/2021\/07\/Cordoba.jpeg","datePublished":"2021-07-06T12:58:00+00:00","dateModified":"2021-07-06T12:58:05+00:00","breadcrumb":{"@id":"https:\/\/lospoliticosveracruz.com\/?p=76349#breadcrumb"},"inLanguage":"es","potentialAction":[{"@type":"ReadAction","target":["https:\/\/lospoliticosveracruz.com\/?p=76349"]}]},{"@type":"ImageObject","inLanguage":"es","@id":"https:\/\/lospoliticosveracruz.com\/?p=76349#primaryimage","url":"http:\/\/www.lospoliticosveracruz.com.mx\/wp-content\/uploads\/2021\/07\/Cordoba.jpeg","contentUrl":"http:\/\/www.lospoliticosveracruz.com.mx\/wp-content\/uploads\/2021\/07\/Cordoba.jpeg"},{"@type":"BreadcrumbList","@id":"https:\/\/lospoliticosveracruz.com\/?p=76349#breadcrumb","itemListElement":[{"@type":"ListItem","position":1,"name":"Portada","item":"https:\/\/lospoliticosveracruz.com\/"},{"@type":"ListItem","position":2,"name":"Otro tropez\u00f3n de Cuic"}]},{"@type":"WebSite","@id":"https:\/\/lospoliticosveracruz.com\/#website","url":"https:\/\/lospoliticosveracruz.com\/","name":"Los pol\u00edticos Veracruz","description":"","publisher":{"@id":"https:\/\/lospoliticosveracruz.com\/#organization"},"potentialAction":[{"@type":"SearchAction","target":{"@type":"EntryPoint","urlTemplate":"https:\/\/lospoliticosveracruz.com\/?s={search_term_string}"},"query-input":{"@type":"PropertyValueSpecification","valueRequired":true,"valueName":"search_term_string"}}],"inLanguage":"es"},{"@type":"Organization","@id":"https:\/\/lospoliticosveracruz.com\/#organization","name":"Los pol\u00edticos Veracruz","url":"https:\/\/lospoliticosveracruz.com\/","logo":{"@type":"ImageObject","inLanguage":"es","@id":"https:\/\/lospoliticosveracruz.com\/#\/schema\/logo\/image\/","url":"https:\/\/lospoliticosveracruz.com\/wp-content\/uploads\/2025\/12\/Logo-Nuevo-LOS-POLITICOS-1.jpg","contentUrl":"https:\/\/lospoliticosveracruz.com\/wp-content\/uploads\/2025\/12\/Logo-Nuevo-LOS-POLITICOS-1.jpg","width":260,"height":70,"caption":"Los pol\u00edticos Veracruz"},"image":{"@id":"https:\/\/lospoliticosveracruz.com\/#\/schema\/logo\/image\/"},"sameAs":["https:\/\/www.facebook.com\/people\/Notimemes-de-los-Polticos\/61565672886568\/","https:\/\/x.com\/LosPoliticosVer"]},{"@type":"Person","@id":"https:\/\/lospoliticosveracruz.com\/#\/schema\/person\/b8702bb0e538456e6efd07080bf2a4a2","name":"Lo viste en Los Pol\u00edticos","image":{"@type":"ImageObject","inLanguage":"es","@id":"https:\/\/secure.gravatar.com\/avatar\/3a8de04a2656d44082be478bd6c086daa447c4651605818287b9532d3d0bd435?s=96&d=mm&r=g","url":"https:\/\/secure.gravatar.com\/avatar\/3a8de04a2656d44082be478bd6c086daa447c4651605818287b9532d3d0bd435?s=96&d=mm&r=g","contentUrl":"https:\/\/secure.gravatar.com\/avatar\/3a8de04a2656d44082be478bd6c086daa447c4651605818287b9532d3d0bd435?s=96&d=mm&r=g","caption":"Lo viste en Los Pol\u00edticos"},"url":"https:\/\/lospoliticosveracruz.com\/?author=2"}]}},"_links":{"self":[{"href":"https:\/\/lospoliticosveracruz.com\/index.php?rest_route=\/wp\/v2\/posts\/76349","targetHints":{"allow":["GET"]}}],"collection":[{"href":"https:\/\/lospoliticosveracruz.com\/index.php?rest_route=\/wp\/v2\/posts"}],"about":[{"href":"https:\/\/lospoliticosveracruz.com\/index.php?rest_route=\/wp\/v2\/types\/post"}],"author":[{"embeddable":true,"href":"https:\/\/lospoliticosveracruz.com\/index.php?rest_route=\/wp\/v2\/users\/2"}],"replies":[{"embeddable":true,"href":"https:\/\/lospoliticosveracruz.com\/index.php?rest_route=%2Fwp%2Fv2%2Fcomments&post=76349"}],"version-history":[{"count":1,"href":"https:\/\/lospoliticosveracruz.com\/index.php?rest_route=\/wp\/v2\/posts\/76349\/revisions"}],"predecessor-version":[{"id":76350,"href":"https:\/\/lospoliticosveracruz.com\/index.php?rest_route=\/wp\/v2\/posts\/76349\/revisions\/76350"}],"wp:attachment":[{"href":"https:\/\/lospoliticosveracruz.com\/index.php?rest_route=%2Fwp%2Fv2%2Fmedia&parent=76349"}],"wp:term":[{"taxonomy":"category","embeddable":true,"href":"https:\/\/lospoliticosveracruz.com\/index.php?rest_route=%2Fwp%2Fv2%2Fcategories&post=76349"},{"taxonomy":"post_tag","embeddable":true,"href":"https:\/\/lospoliticosveracruz.com\/index.php?rest_route=%2Fwp%2Fv2%2Ftags&post=76349"}],"curies":[{"name":"wp","href":"https:\/\/api.w.org\/{rel}","templated":true}]}}