{"id":76367,"date":"2021-07-06T12:05:50","date_gmt":"2021-07-06T17:05:50","guid":{"rendered":"http:\/\/www.lospoliticosveracruz.com.mx\/?p=76367"},"modified":"2021-07-06T12:05:53","modified_gmt":"2021-07-06T17:05:53","slug":"los-pepe-boys-al-relevo","status":"publish","type":"post","link":"https:\/\/lospoliticosveracruz.com\/?p=76367","title":{"rendered":"Los Pepe Boys, al relevo"},"content":{"rendered":"\n<p><strong>Omar Z\u00fa\u00f1iga<br><\/strong>De Primera Mano Taj\u00edn<br><\/p>\n\n\n\n<p><\/p>\n\n\n\n<p>Qu\u00e9 le dice a usted estimado lector el nombre de N\u00e9stor Enrique Sosa y que adem\u00e1s tiene 26 a\u00f1os, abogado egresado de la Universidad Veracruzana, pues a decir verdad, de entrada, a m\u00ed tampoco me dijo mucho\u2026<br>\u00bfY el nombre de Ponciano V\u00e1zquez Parissi?, mejor, \u00bfno?, 37 a\u00f1os, diputado federal, quien tambi\u00e9n fue alcalde, hermano de Cirilo, ambos hijos de quien fuera conocido como el cacique del sur, Cirilo V\u00e1zquez Lagunes, hombre ciertamente de una enorme influencia y peso pol\u00edtico en aquella zona.<br>Finalmente, el nombre de Jos\u00e9 Pepe Yunes\u2026 pues s\u00ed, \u00e9l se presenta solo, gan\u00f3 una de las diputaciones federales de mayor\u00eda relativa en esta elecci\u00f3n pasada, lo que por cierto lo vuelve a ubicar en la palestra 2024 en una situaci\u00f3n diferente a la 2018, pero eso ya se ver\u00e1, es mucho futurismo\u2026<br>Pues bien, el com\u00fan denominador de estos personajes es que pertenecen al mismo equipo, los Pepe Boys\u2026<br>N\u00e9stor Sosa es el alcalde electo de Chontla, y de los poquititos que se lanzaron abanderados solo por el PRI; se dice f\u00e1cil y parece poco, pero lo que eso dicen nada saben; el s\u00f3lo hecho de fajarse para ganar una candidatura no es cosa f\u00e1cil, pero ganarle a un joroc\u00f3n como Humberto P\u00e9rez Pardav\u00e9 que resentido abandon\u00f3 las filas tricolor y se fue a pedirle la cobija a la morena de enfrente y ni as\u00ed gan\u00f3, el joven abogado se plant\u00f3 enfrente y le peg\u00f3 seco, pues no s\u00f3lo perdi\u00f3, sino que se fue al tercer sitio, detr\u00e1s del PAN.<br>A pesar de su corta edad, Sosa es fundador y presidente de la Asociaci\u00f3n Pol\u00edtica Estatal Compromiso con Veracruz, registrada formalmente ante el OPLE y creada para darle cabida a los j\u00f3venes pol\u00edticos con ganas de trascender, acaso ante la falta de liderazgo en el PRI y su otrora poderosa escuela de cuadros.<br>Abogado agrario, se ha dedicado a asesorar a agentes y subagentes municipales para exigir sus derechos.., y s\u00ed, miembro activo de los Pepe Boys\u2026<br>Por otra parte, Ponciano V\u00e1zquez que lleva un rato en pol\u00edtica y ser\u00e1 nuevamente presidente municipal de Cosoleacaque, gobernado actualmente por su hermano Cirilo, apenas dos a\u00f1os mayor que \u00e9l.<br>Aunque a\u00fan no llegan a los 40, ambos hermanos se consolidan como liderazgos reales, en este relevo generacional que se est\u00e1 dando de manera natural (y que adem\u00e1s no le queda de otra) en el PRI, pues deben renovar no s\u00f3lo a sus cuadros, sino la ideolog\u00eda.<br>Se han negado sistem\u00e1ticamente a refundar el partido, sin embargo y aunque no son tiempos pero dados los resultados de la pasada elecci\u00f3n, Ponciano no se encarta ni se descarta para tomar el liderazgo del tricolor veracruzano para revivir glorias perdidas.<br>Y s\u00ed, tambi\u00e9n miembro activo de los Pepe Boys, que est\u00e1n dispuestos de la mano de su l\u00edder, a renovar el partido en sus estertores de muerte y dispuestos tambi\u00e9n a cambiar la ideolog\u00eda dinos\u00e1urica que lo est\u00e1 llevando a su Chicxulub.<\/p>\n\n\n\n<p>++++++<\/p>\n\n\n\n<p>Gracias a Sergio Gonz\u00e1lez Levet y al Grupo de los Diez por haber aceptado a quien esto escribe como un miembro m\u00e1s. Ah\u00ed estaremos aportando lo que podamos.<\/p>\n\n\n\n<p>\u00a1Qu\u00e9 barbaridad!<br>deprimera.mano2020@gmail.com<\/p>\n","protected":false},"excerpt":{"rendered":"<p>Omar Z\u00fa\u00f1igaDe Primera Mano Taj\u00edn Qu\u00e9 le dice a usted estimado lector el nombre de N\u00e9stor Enrique Sosa y que adem\u00e1s tiene 26 a\u00f1os, abogado egresado de la Universidad Veracruzana, pues a decir verdad, de entrada, a m\u00ed tampoco me dijo mucho\u2026\u00bfY el nombre de Ponciano V\u00e1zquez Parissi?, mejor, \u00bfno?, 37 a\u00f1os, diputado federal, quien [&hellip;]<\/p>\n","protected":false},"author":2,"featured_media":0,"comment_status":"closed","ping_status":"closed","sticky":false,"template":"","format":"standard","meta":{"tdm_status":"","tdm_grid_status":"","footnotes":""},"categories":[70],"tags":[2427,29247,29246,28705,29248,3951,1282],"class_list":{"0":"post-76367","1":"post","2":"type-post","3":"status-publish","4":"format-standard","6":"category-de-opinion","7":"tag-cirilo-vazquez-lagunes","8":"tag-jose-pepe-yunes","9":"tag-nestor-enrique-sosa","10":"tag-omar-zuniga","11":"tag-pepe-boys","12":"tag-ponciano-vazquez-parissi","13":"tag-sergio-gonzalez-levet"},"yoast_head":"<!-- This site is optimized with the Yoast SEO plugin v27.4 - https:\/\/yoast.com\/product\/yoast-seo-wordpress\/ -->\n<title>Los Pepe Boys, al relevo - Los pol\u00edticos Veracruz<\/title>\n<meta name=\"robots\" content=\"index, follow, max-snippet:-1, max-image-preview:large, max-video-preview:-1\" \/>\n<link rel=\"canonical\" href=\"https:\/\/lospoliticosveracruz.com\/?p=76367\" \/>\n<meta property=\"og:locale\" content=\"es_ES\" \/>\n<meta property=\"og:type\" content=\"article\" \/>\n<meta property=\"og:title\" content=\"Los Pepe Boys, al relevo - Los pol\u00edticos Veracruz\" \/>\n<meta property=\"og:description\" content=\"Omar Z\u00fa\u00f1igaDe Primera Mano Taj\u00edn Qu\u00e9 le dice a usted estimado lector el nombre de N\u00e9stor Enrique Sosa y que adem\u00e1s tiene 26 a\u00f1os, abogado egresado de la Universidad Veracruzana, pues a decir verdad, de entrada, a m\u00ed tampoco me dijo mucho\u2026\u00bfY el nombre de Ponciano V\u00e1zquez Parissi?, mejor, \u00bfno?, 37 a\u00f1os, diputado federal, quien [&hellip;]\" \/>\n<meta property=\"og:url\" content=\"https:\/\/lospoliticosveracruz.com\/?p=76367\" \/>\n<meta property=\"og:site_name\" content=\"Los pol\u00edticos Veracruz\" \/>\n<meta property=\"article:publisher\" content=\"https:\/\/www.facebook.com\/people\/Notimemes-de-los-Polticos\/61565672886568\/\" \/>\n<meta property=\"article:published_time\" content=\"2021-07-06T17:05:50+00:00\" \/>\n<meta property=\"article:modified_time\" content=\"2021-07-06T17:05:53+00:00\" \/>\n<meta property=\"og:image\" content=\"https:\/\/lospoliticosveracruz.com\/wp-content\/uploads\/2016\/07\/Logo-Dor.jpg\" \/>\n\t<meta property=\"og:image:width\" content=\"200\" \/>\n\t<meta property=\"og:image:height\" content=\"200\" \/>\n\t<meta property=\"og:image:type\" content=\"image\/jpeg\" \/>\n<meta name=\"author\" content=\"Lo viste en Los Pol\u00edticos\" \/>\n<meta name=\"twitter:card\" content=\"summary_large_image\" \/>\n<meta name=\"twitter:creator\" content=\"@LosPoliticosVer\" \/>\n<meta name=\"twitter:site\" content=\"@LosPoliticosVer\" \/>\n<meta name=\"twitter:label1\" content=\"Escrito por\" \/>\n\t<meta name=\"twitter:data1\" content=\"Lo viste en Los Pol\u00edticos\" \/>\n\t<meta name=\"twitter:label2\" content=\"Tiempo de lectura\" \/>\n\t<meta name=\"twitter:data2\" content=\"3 minutos\" \/>\n<script type=\"application\/ld+json\" class=\"yoast-schema-graph\">{\"@context\":\"https:\\\/\\\/schema.org\",\"@graph\":[{\"@type\":\"Article\",\"@id\":\"https:\\\/\\\/lospoliticosveracruz.com\\\/?p=76367#article\",\"isPartOf\":{\"@id\":\"https:\\\/\\\/lospoliticosveracruz.com\\\/?p=76367\"},\"author\":{\"name\":\"Lo viste en Los Pol\u00edticos\",\"@id\":\"https:\\\/\\\/lospoliticosveracruz.com\\\/#\\\/schema\\\/person\\\/b8702bb0e538456e6efd07080bf2a4a2\"},\"headline\":\"Los Pepe Boys, al relevo\",\"datePublished\":\"2021-07-06T17:05:50+00:00\",\"dateModified\":\"2021-07-06T17:05:53+00:00\",\"mainEntityOfPage\":{\"@id\":\"https:\\\/\\\/lospoliticosveracruz.com\\\/?p=76367\"},\"wordCount\":574,\"publisher\":{\"@id\":\"https:\\\/\\\/lospoliticosveracruz.com\\\/#organization\"},\"keywords\":[\"Cirilo V\u00e1zquez Lagunes\",\"Jos\u00e9 Pepe Yunes\",\"N\u00e9stor Enrique Sosa\",\"Omar Z\u00fa\u00f1iga\",\"Pepe Boys\",\"Ponciano V\u00e1zquez Parissi\",\"Sergio Gonz\u00e1lez Levet\"],\"articleSection\":[\"De Opini\u00f3n\"],\"inLanguage\":\"es\"},{\"@type\":\"WebPage\",\"@id\":\"https:\\\/\\\/lospoliticosveracruz.com\\\/?p=76367\",\"url\":\"https:\\\/\\\/lospoliticosveracruz.com\\\/?p=76367\",\"name\":\"Los Pepe Boys, al relevo - Los pol\u00edticos Veracruz\",\"isPartOf\":{\"@id\":\"https:\\\/\\\/lospoliticosveracruz.com\\\/#website\"},\"datePublished\":\"2021-07-06T17:05:50+00:00\",\"dateModified\":\"2021-07-06T17:05:53+00:00\",\"breadcrumb\":{\"@id\":\"https:\\\/\\\/lospoliticosveracruz.com\\\/?p=76367#breadcrumb\"},\"inLanguage\":\"es\",\"potentialAction\":[{\"@type\":\"ReadAction\",\"target\":[\"https:\\\/\\\/lospoliticosveracruz.com\\\/?p=76367\"]}]},{\"@type\":\"BreadcrumbList\",\"@id\":\"https:\\\/\\\/lospoliticosveracruz.com\\\/?p=76367#breadcrumb\",\"itemListElement\":[{\"@type\":\"ListItem\",\"position\":1,\"name\":\"Portada\",\"item\":\"https:\\\/\\\/lospoliticosveracruz.com\\\/\"},{\"@type\":\"ListItem\",\"position\":2,\"name\":\"Los Pepe Boys, al relevo\"}]},{\"@type\":\"WebSite\",\"@id\":\"https:\\\/\\\/lospoliticosveracruz.com\\\/#website\",\"url\":\"https:\\\/\\\/lospoliticosveracruz.com\\\/\",\"name\":\"Los pol\u00edticos Veracruz\",\"description\":\"\",\"publisher\":{\"@id\":\"https:\\\/\\\/lospoliticosveracruz.com\\\/#organization\"},\"potentialAction\":[{\"@type\":\"SearchAction\",\"target\":{\"@type\":\"EntryPoint\",\"urlTemplate\":\"https:\\\/\\\/lospoliticosveracruz.com\\\/?s={search_term_string}\"},\"query-input\":{\"@type\":\"PropertyValueSpecification\",\"valueRequired\":true,\"valueName\":\"search_term_string\"}}],\"inLanguage\":\"es\"},{\"@type\":\"Organization\",\"@id\":\"https:\\\/\\\/lospoliticosveracruz.com\\\/#organization\",\"name\":\"Los pol\u00edticos Veracruz\",\"url\":\"https:\\\/\\\/lospoliticosveracruz.com\\\/\",\"logo\":{\"@type\":\"ImageObject\",\"inLanguage\":\"es\",\"@id\":\"https:\\\/\\\/lospoliticosveracruz.com\\\/#\\\/schema\\\/logo\\\/image\\\/\",\"url\":\"https:\\\/\\\/lospoliticosveracruz.com\\\/wp-content\\\/uploads\\\/2025\\\/12\\\/Logo-Nuevo-LOS-POLITICOS-1.jpg\",\"contentUrl\":\"https:\\\/\\\/lospoliticosveracruz.com\\\/wp-content\\\/uploads\\\/2025\\\/12\\\/Logo-Nuevo-LOS-POLITICOS-1.jpg\",\"width\":260,\"height\":70,\"caption\":\"Los pol\u00edticos Veracruz\"},\"image\":{\"@id\":\"https:\\\/\\\/lospoliticosveracruz.com\\\/#\\\/schema\\\/logo\\\/image\\\/\"},\"sameAs\":[\"https:\\\/\\\/www.facebook.com\\\/people\\\/Notimemes-de-los-Polticos\\\/61565672886568\\\/\",\"https:\\\/\\\/x.com\\\/LosPoliticosVer\"]},{\"@type\":\"Person\",\"@id\":\"https:\\\/\\\/lospoliticosveracruz.com\\\/#\\\/schema\\\/person\\\/b8702bb0e538456e6efd07080bf2a4a2\",\"name\":\"Lo viste en Los Pol\u00edticos\",\"image\":{\"@type\":\"ImageObject\",\"inLanguage\":\"es\",\"@id\":\"https:\\\/\\\/secure.gravatar.com\\\/avatar\\\/3a8de04a2656d44082be478bd6c086daa447c4651605818287b9532d3d0bd435?s=96&d=mm&r=g\",\"url\":\"https:\\\/\\\/secure.gravatar.com\\\/avatar\\\/3a8de04a2656d44082be478bd6c086daa447c4651605818287b9532d3d0bd435?s=96&d=mm&r=g\",\"contentUrl\":\"https:\\\/\\\/secure.gravatar.com\\\/avatar\\\/3a8de04a2656d44082be478bd6c086daa447c4651605818287b9532d3d0bd435?s=96&d=mm&r=g\",\"caption\":\"Lo viste en Los Pol\u00edticos\"},\"url\":\"https:\\\/\\\/lospoliticosveracruz.com\\\/?author=2\"}]}<\/script>\n<!-- \/ Yoast SEO plugin. -->","yoast_head_json":{"title":"Los Pepe Boys, al relevo - Los pol\u00edticos Veracruz","robots":{"index":"index","follow":"follow","max-snippet":"max-snippet:-1","max-image-preview":"max-image-preview:large","max-video-preview":"max-video-preview:-1"},"canonical":"https:\/\/lospoliticosveracruz.com\/?p=76367","og_locale":"es_ES","og_type":"article","og_title":"Los Pepe Boys, al relevo - Los pol\u00edticos Veracruz","og_description":"Omar Z\u00fa\u00f1igaDe Primera Mano Taj\u00edn Qu\u00e9 le dice a usted estimado lector el nombre de N\u00e9stor Enrique Sosa y que adem\u00e1s tiene 26 a\u00f1os, abogado egresado de la Universidad Veracruzana, pues a decir verdad, de entrada, a m\u00ed tampoco me dijo mucho\u2026\u00bfY el nombre de Ponciano V\u00e1zquez Parissi?, mejor, \u00bfno?, 37 a\u00f1os, diputado federal, quien [&hellip;]","og_url":"https:\/\/lospoliticosveracruz.com\/?p=76367","og_site_name":"Los pol\u00edticos Veracruz","article_publisher":"https:\/\/www.facebook.com\/people\/Notimemes-de-los-Polticos\/61565672886568\/","article_published_time":"2021-07-06T17:05:50+00:00","article_modified_time":"2021-07-06T17:05:53+00:00","og_image":[{"width":200,"height":200,"url":"https:\/\/lospoliticosveracruz.com\/wp-content\/uploads\/2016\/07\/Logo-Dor.jpg","type":"image\/jpeg"}],"author":"Lo viste en Los Pol\u00edticos","twitter_card":"summary_large_image","twitter_creator":"@LosPoliticosVer","twitter_site":"@LosPoliticosVer","twitter_misc":{"Escrito por":"Lo viste en Los Pol\u00edticos","Tiempo de lectura":"3 minutos"},"schema":{"@context":"https:\/\/schema.org","@graph":[{"@type":"Article","@id":"https:\/\/lospoliticosveracruz.com\/?p=76367#article","isPartOf":{"@id":"https:\/\/lospoliticosveracruz.com\/?p=76367"},"author":{"name":"Lo viste en Los Pol\u00edticos","@id":"https:\/\/lospoliticosveracruz.com\/#\/schema\/person\/b8702bb0e538456e6efd07080bf2a4a2"},"headline":"Los Pepe Boys, al relevo","datePublished":"2021-07-06T17:05:50+00:00","dateModified":"2021-07-06T17:05:53+00:00","mainEntityOfPage":{"@id":"https:\/\/lospoliticosveracruz.com\/?p=76367"},"wordCount":574,"publisher":{"@id":"https:\/\/lospoliticosveracruz.com\/#organization"},"keywords":["Cirilo V\u00e1zquez Lagunes","Jos\u00e9 Pepe Yunes","N\u00e9stor Enrique Sosa","Omar Z\u00fa\u00f1iga","Pepe Boys","Ponciano V\u00e1zquez Parissi","Sergio Gonz\u00e1lez Levet"],"articleSection":["De Opini\u00f3n"],"inLanguage":"es"},{"@type":"WebPage","@id":"https:\/\/lospoliticosveracruz.com\/?p=76367","url":"https:\/\/lospoliticosveracruz.com\/?p=76367","name":"Los Pepe Boys, al relevo - Los pol\u00edticos Veracruz","isPartOf":{"@id":"https:\/\/lospoliticosveracruz.com\/#website"},"datePublished":"2021-07-06T17:05:50+00:00","dateModified":"2021-07-06T17:05:53+00:00","breadcrumb":{"@id":"https:\/\/lospoliticosveracruz.com\/?p=76367#breadcrumb"},"inLanguage":"es","potentialAction":[{"@type":"ReadAction","target":["https:\/\/lospoliticosveracruz.com\/?p=76367"]}]},{"@type":"BreadcrumbList","@id":"https:\/\/lospoliticosveracruz.com\/?p=76367#breadcrumb","itemListElement":[{"@type":"ListItem","position":1,"name":"Portada","item":"https:\/\/lospoliticosveracruz.com\/"},{"@type":"ListItem","position":2,"name":"Los Pepe Boys, al relevo"}]},{"@type":"WebSite","@id":"https:\/\/lospoliticosveracruz.com\/#website","url":"https:\/\/lospoliticosveracruz.com\/","name":"Los pol\u00edticos Veracruz","description":"","publisher":{"@id":"https:\/\/lospoliticosveracruz.com\/#organization"},"potentialAction":[{"@type":"SearchAction","target":{"@type":"EntryPoint","urlTemplate":"https:\/\/lospoliticosveracruz.com\/?s={search_term_string}"},"query-input":{"@type":"PropertyValueSpecification","valueRequired":true,"valueName":"search_term_string"}}],"inLanguage":"es"},{"@type":"Organization","@id":"https:\/\/lospoliticosveracruz.com\/#organization","name":"Los pol\u00edticos Veracruz","url":"https:\/\/lospoliticosveracruz.com\/","logo":{"@type":"ImageObject","inLanguage":"es","@id":"https:\/\/lospoliticosveracruz.com\/#\/schema\/logo\/image\/","url":"https:\/\/lospoliticosveracruz.com\/wp-content\/uploads\/2025\/12\/Logo-Nuevo-LOS-POLITICOS-1.jpg","contentUrl":"https:\/\/lospoliticosveracruz.com\/wp-content\/uploads\/2025\/12\/Logo-Nuevo-LOS-POLITICOS-1.jpg","width":260,"height":70,"caption":"Los pol\u00edticos Veracruz"},"image":{"@id":"https:\/\/lospoliticosveracruz.com\/#\/schema\/logo\/image\/"},"sameAs":["https:\/\/www.facebook.com\/people\/Notimemes-de-los-Polticos\/61565672886568\/","https:\/\/x.com\/LosPoliticosVer"]},{"@type":"Person","@id":"https:\/\/lospoliticosveracruz.com\/#\/schema\/person\/b8702bb0e538456e6efd07080bf2a4a2","name":"Lo viste en Los Pol\u00edticos","image":{"@type":"ImageObject","inLanguage":"es","@id":"https:\/\/secure.gravatar.com\/avatar\/3a8de04a2656d44082be478bd6c086daa447c4651605818287b9532d3d0bd435?s=96&d=mm&r=g","url":"https:\/\/secure.gravatar.com\/avatar\/3a8de04a2656d44082be478bd6c086daa447c4651605818287b9532d3d0bd435?s=96&d=mm&r=g","contentUrl":"https:\/\/secure.gravatar.com\/avatar\/3a8de04a2656d44082be478bd6c086daa447c4651605818287b9532d3d0bd435?s=96&d=mm&r=g","caption":"Lo viste en Los Pol\u00edticos"},"url":"https:\/\/lospoliticosveracruz.com\/?author=2"}]}},"_links":{"self":[{"href":"https:\/\/lospoliticosveracruz.com\/index.php?rest_route=\/wp\/v2\/posts\/76367","targetHints":{"allow":["GET"]}}],"collection":[{"href":"https:\/\/lospoliticosveracruz.com\/index.php?rest_route=\/wp\/v2\/posts"}],"about":[{"href":"https:\/\/lospoliticosveracruz.com\/index.php?rest_route=\/wp\/v2\/types\/post"}],"author":[{"embeddable":true,"href":"https:\/\/lospoliticosveracruz.com\/index.php?rest_route=\/wp\/v2\/users\/2"}],"replies":[{"embeddable":true,"href":"https:\/\/lospoliticosveracruz.com\/index.php?rest_route=%2Fwp%2Fv2%2Fcomments&post=76367"}],"version-history":[{"count":1,"href":"https:\/\/lospoliticosveracruz.com\/index.php?rest_route=\/wp\/v2\/posts\/76367\/revisions"}],"predecessor-version":[{"id":76371,"href":"https:\/\/lospoliticosveracruz.com\/index.php?rest_route=\/wp\/v2\/posts\/76367\/revisions\/76371"}],"wp:attachment":[{"href":"https:\/\/lospoliticosveracruz.com\/index.php?rest_route=%2Fwp%2Fv2%2Fmedia&parent=76367"}],"wp:term":[{"taxonomy":"category","embeddable":true,"href":"https:\/\/lospoliticosveracruz.com\/index.php?rest_route=%2Fwp%2Fv2%2Fcategories&post=76367"},{"taxonomy":"post_tag","embeddable":true,"href":"https:\/\/lospoliticosveracruz.com\/index.php?rest_route=%2Fwp%2Fv2%2Ftags&post=76367"}],"curies":[{"name":"wp","href":"https:\/\/api.w.org\/{rel}","templated":true}]}}