{"id":76443,"date":"2021-07-08T07:55:51","date_gmt":"2021-07-08T12:55:51","guid":{"rendered":"http:\/\/www.lospoliticosveracruz.com.mx\/?p=76443"},"modified":"2021-07-08T07:56:28","modified_gmt":"2021-07-08T12:56:28","slug":"teocelo-y-el-agua","status":"publish","type":"post","link":"https:\/\/lospoliticosveracruz.com\/?p=76443","title":{"rendered":"Teocelo y el agua"},"content":{"rendered":"\n<p><strong>Enrique Yasser Pompeyo<\/strong><\/p>\n\n\n\n<p><em>Mesa de Redacci\u00f3n<br><\/em><\/p>\n\n\n\n<p>Entre las m\u00faltiples carencias y deficiencias que sufren los habitantes del municipio de Teocelo se encuentra la distribuci\u00f3n del agua potable.<br>A pesar de que es un reclamo a\u00f1ejo de la poblaci\u00f3n, las actuales autoridades que encabeza Mario Antonio Chama D\u00edaz, hicieron caso omiso.<br>Desafortunadamente para los teocelenses se observa imposible que el alcalde haga algo a seis meses de que concluya su administraci\u00f3n, la cual ha sido cuestionada por un sector de la poblaci\u00f3n.<\/p>\n\n\n\n<div class=\"wp-block-image\"><figure class=\"alignleft size-large is-resized\"><a href=\"http:\/\/www.lospoliticosveracruz.com.mx\/wp-content\/uploads\/2021\/07\/Cordoba.jpeg\"><img loading=\"lazy\" decoding=\"async\" src=\"http:\/\/www.lospoliticosveracruz.com.mx\/wp-content\/uploads\/2021\/07\/Cordoba.jpeg\" alt=\"\" class=\"wp-image-76333\" width=\"233\" height=\"389\"\/><\/a><\/figure><\/div>\n\n\n\n<p><br>Al municipio le urge un proyecto integral para el mejoramiento de la distribuci\u00f3n de agua potable.<br>Las familias padecen el desabasto, pero, al mismo tiempo, la turbiedad del vital l\u00edquido, particularmente durante la temporada de lluvias.<br>Se requieren recursos millonarios y ser\u00e1 uno de los grandes pendientes que deber\u00e1 retomar la nueva administraci\u00f3n.<br>El proyecto incluir\u00eda el sistema de captaci\u00f3n, que es lo que falla, las tuber\u00edas de conducci\u00f3n, las cuales est\u00e1n deterioradas y la potabilizaci\u00f3n.<br>Tambi\u00e9n debe atenderse un problema legal que tiene que ver con la toma de agua de un nacimiento, tema que debe ser resuelto por el departamento jur\u00eddico.<br>En la Tierra del Dios Tigre a\u00fan hay muchas necesidades, pero el servicio del agua potable es fundamental para las familias.<br>Tras los comicios del 6 de junio, donde los ciudadanos rechazaron la herencia del poder y el nepotismo, representada en la persona de Mara Yamileth Chama Villa, hay muchas expectativas con el nuevo gobierno local y conf\u00edan en que se cumplir\u00e1n las demandas de la poblaci\u00f3n.<\/p>\n\n\n\n<p><strong>INAUGURAN PAVIMENTACI\u00d3N CON CONCRETO HIDR\u00c1ULICO DE LA CALLE JUAN DE DIOS PEZA<\/strong><\/p>\n\n\n\n<p>El alcalde de Coatepec, Enrique Fern\u00e1ndez, en compa\u00f1\u00eda de ediles y vecinos, llevaron a cabo de manera oficial la inauguraci\u00f3n de la pavimentaci\u00f3n con concreto hidr\u00e1ulico de la calle Juan de Dios Peza, entre las calles R\u00edo Huehueyapan y Reforma de la cabecera municipal, con una inversi\u00f3n de 2 millones 595 mil pesos, en donde adem\u00e1s se realizaron los trabajos de construcci\u00f3n de drenajes sanitarios, mejorando el acceso a los servicios b\u00e1sicos en esta zona.<\/p>\n\n\n\n<div class=\"wp-block-image\"><figure class=\"alignleft size-large is-resized\"><a href=\"http:\/\/www.lospoliticosveracruz.com.mx\/wp-content\/uploads\/2021\/07\/Cordoba1.jpeg\"><img loading=\"lazy\" decoding=\"async\" src=\"http:\/\/www.lospoliticosveracruz.com.mx\/wp-content\/uploads\/2021\/07\/Cordoba1.jpeg\" alt=\"\" class=\"wp-image-76334\" width=\"225\" height=\"450\"\/><\/a><\/figure><\/div>\n\n\n\n<p><br>Durante la inauguraci\u00f3n, el alcalde Enrique Fern\u00e1ndez dirigi\u00f3 un mensaje a los vecinos de esta calle, mencionando los grandes beneficios de este proyecto que durante muchos a\u00f1os hab\u00eda sido solicitado y que hoy en d\u00eda beneficia de manera directa a m\u00e1s de 2,300 habitantes que viven en esta zona, adem\u00e1s de favorecer de manera indirecta a miles de coatepecanos que utilizan esta importante v\u00eda de comunicaci\u00f3n, ya que es una vialidad que conecta con diversas colonias y fraccionamientos que se han establecido a lo largo de los \u00faltimos a\u00f1os.<br>Al finalizar el evento, Enrique Fern\u00e1ndez mencion\u00f3 que cerrar\u00e1 su administraci\u00f3n con m\u00e1s acciones importantes con el objetivo de mejorar la calidad de vida de la poblaci\u00f3n coatepecana.<\/p>\n\n\n\n<p><strong>HUERTO \u201cLA CASONA\u201d MODELO A SEGUIR: DESARROLLO AGROPECUARIO<\/strong><\/p>\n\n\n\n<p>Como parte del programa \u201cHuertos Urbanos\u201d implementado por la Comisi\u00f3n de Fomento Agropecuario y en coordinaci\u00f3n con el UNCADER, vecinos de la colonia Juan de la Luz Enr\u00edquez se agruparon en el \u201cHuerto Comunitario La Casona\u201d donde se siembra cilantro, r\u00e1bano, frijol, ejote, cebolla, acelga, calabacita, zanahoria, chile xalape\u00f1o, chile serrano, espinaca, lechuga, j\u00edcama y jitomate, entre otros, lo que significa un ahorro del gasto familiar.<br>En este proyecto, el Ayuntamiento de Coatepec colabora con semillas de hortaliza, malla, composta, cursos de capacitaci\u00f3n y el seguimiento del mismo a trav\u00e9s de la Direcci\u00f3n de Fomento Agropecuario.<\/p>\n\n\n\n<p>enriquepompeyo@hotmail.com<\/p>\n","protected":false},"excerpt":{"rendered":"<p>Enrique Yasser Pompeyo Mesa de Redacci\u00f3n Entre las m\u00faltiples carencias y deficiencias que sufren los habitantes del municipio de Teocelo se encuentra la distribuci\u00f3n del agua potable.A pesar de que es un reclamo a\u00f1ejo de la poblaci\u00f3n, las actuales autoridades que encabeza Mario Antonio Chama D\u00edaz, hicieron caso omiso.Desafortunadamente para los teocelenses se observa imposible [&hellip;]<\/p>\n","protected":false},"author":2,"featured_media":0,"comment_status":"closed","ping_status":"closed","sticky":false,"template":"","format":"standard","meta":{"tdm_status":"","tdm_grid_status":"","footnotes":""},"categories":[70],"tags":[277,7048,19424,15477,29280,12450,1452],"class_list":{"0":"post-76443","1":"post","2":"type-post","3":"status-publish","4":"format-standard","6":"category-de-opinion","7":"tag-coatepec","8":"tag-desabasto","9":"tag-enrique-fernandez","10":"tag-enrique-yasser-pompeyo","11":"tag-huerto-comunitario-la-casona","12":"tag-mario-antonio-chama-diaz","13":"tag-teocelo"},"yoast_head":"<!-- This site is optimized with the Yoast SEO plugin v27.4 - https:\/\/yoast.com\/product\/yoast-seo-wordpress\/ -->\n<title>Teocelo y el agua - Los pol\u00edticos Veracruz<\/title>\n<meta name=\"robots\" content=\"index, follow, max-snippet:-1, max-image-preview:large, max-video-preview:-1\" \/>\n<link rel=\"canonical\" href=\"https:\/\/lospoliticosveracruz.com\/?p=76443\" \/>\n<meta property=\"og:locale\" content=\"es_ES\" \/>\n<meta property=\"og:type\" content=\"article\" \/>\n<meta property=\"og:title\" content=\"Teocelo y el agua - Los pol\u00edticos Veracruz\" \/>\n<meta property=\"og:description\" content=\"Enrique Yasser Pompeyo Mesa de Redacci\u00f3n Entre las m\u00faltiples carencias y deficiencias que sufren los habitantes del municipio de Teocelo se encuentra la distribuci\u00f3n del agua potable.A pesar de que es un reclamo a\u00f1ejo de la poblaci\u00f3n, las actuales autoridades que encabeza Mario Antonio Chama D\u00edaz, hicieron caso omiso.Desafortunadamente para los teocelenses se observa imposible [&hellip;]\" \/>\n<meta property=\"og:url\" content=\"https:\/\/lospoliticosveracruz.com\/?p=76443\" \/>\n<meta property=\"og:site_name\" content=\"Los pol\u00edticos Veracruz\" \/>\n<meta property=\"article:publisher\" content=\"https:\/\/www.facebook.com\/people\/Notimemes-de-los-Polticos\/61565672886568\/\" \/>\n<meta property=\"article:published_time\" content=\"2021-07-08T12:55:51+00:00\" \/>\n<meta property=\"article:modified_time\" content=\"2021-07-08T12:56:28+00:00\" \/>\n<meta property=\"og:image\" content=\"http:\/\/www.lospoliticosveracruz.com.mx\/wp-content\/uploads\/2021\/07\/Cordoba.jpeg\" \/>\n<meta name=\"author\" content=\"Lo viste en Los Pol\u00edticos\" \/>\n<meta name=\"twitter:card\" content=\"summary_large_image\" \/>\n<meta name=\"twitter:creator\" content=\"@LosPoliticosVer\" \/>\n<meta name=\"twitter:site\" content=\"@LosPoliticosVer\" \/>\n<meta name=\"twitter:label1\" content=\"Escrito por\" \/>\n\t<meta name=\"twitter:data1\" content=\"Lo viste en Los Pol\u00edticos\" \/>\n\t<meta name=\"twitter:label2\" content=\"Tiempo de lectura\" \/>\n\t<meta name=\"twitter:data2\" content=\"3 minutos\" \/>\n<script type=\"application\/ld+json\" class=\"yoast-schema-graph\">{\"@context\":\"https:\\\/\\\/schema.org\",\"@graph\":[{\"@type\":\"Article\",\"@id\":\"https:\\\/\\\/lospoliticosveracruz.com\\\/?p=76443#article\",\"isPartOf\":{\"@id\":\"https:\\\/\\\/lospoliticosveracruz.com\\\/?p=76443\"},\"author\":{\"name\":\"Lo viste en Los Pol\u00edticos\",\"@id\":\"https:\\\/\\\/lospoliticosveracruz.com\\\/#\\\/schema\\\/person\\\/b8702bb0e538456e6efd07080bf2a4a2\"},\"headline\":\"Teocelo y el agua\",\"datePublished\":\"2021-07-08T12:55:51+00:00\",\"dateModified\":\"2021-07-08T12:56:28+00:00\",\"mainEntityOfPage\":{\"@id\":\"https:\\\/\\\/lospoliticosveracruz.com\\\/?p=76443\"},\"wordCount\":620,\"publisher\":{\"@id\":\"https:\\\/\\\/lospoliticosveracruz.com\\\/#organization\"},\"image\":{\"@id\":\"https:\\\/\\\/lospoliticosveracruz.com\\\/?p=76443#primaryimage\"},\"thumbnailUrl\":\"http:\\\/\\\/www.lospoliticosveracruz.com.mx\\\/wp-content\\\/uploads\\\/2021\\\/07\\\/Cordoba.jpeg\",\"keywords\":[\"Coatepec\",\"Desabasto\",\"Enrique Fern\u00e1ndez\",\"Enrique Yasser Pompeyo\",\"Huerto Comunitario La Casona\",\"Mario Antonio Chama D\u00edaz\",\"Teocelo\"],\"articleSection\":[\"De Opini\u00f3n\"],\"inLanguage\":\"es\"},{\"@type\":\"WebPage\",\"@id\":\"https:\\\/\\\/lospoliticosveracruz.com\\\/?p=76443\",\"url\":\"https:\\\/\\\/lospoliticosveracruz.com\\\/?p=76443\",\"name\":\"Teocelo y el agua - Los pol\u00edticos Veracruz\",\"isPartOf\":{\"@id\":\"https:\\\/\\\/lospoliticosveracruz.com\\\/#website\"},\"primaryImageOfPage\":{\"@id\":\"https:\\\/\\\/lospoliticosveracruz.com\\\/?p=76443#primaryimage\"},\"image\":{\"@id\":\"https:\\\/\\\/lospoliticosveracruz.com\\\/?p=76443#primaryimage\"},\"thumbnailUrl\":\"http:\\\/\\\/www.lospoliticosveracruz.com.mx\\\/wp-content\\\/uploads\\\/2021\\\/07\\\/Cordoba.jpeg\",\"datePublished\":\"2021-07-08T12:55:51+00:00\",\"dateModified\":\"2021-07-08T12:56:28+00:00\",\"breadcrumb\":{\"@id\":\"https:\\\/\\\/lospoliticosveracruz.com\\\/?p=76443#breadcrumb\"},\"inLanguage\":\"es\",\"potentialAction\":[{\"@type\":\"ReadAction\",\"target\":[\"https:\\\/\\\/lospoliticosveracruz.com\\\/?p=76443\"]}]},{\"@type\":\"ImageObject\",\"inLanguage\":\"es\",\"@id\":\"https:\\\/\\\/lospoliticosveracruz.com\\\/?p=76443#primaryimage\",\"url\":\"http:\\\/\\\/www.lospoliticosveracruz.com.mx\\\/wp-content\\\/uploads\\\/2021\\\/07\\\/Cordoba.jpeg\",\"contentUrl\":\"http:\\\/\\\/www.lospoliticosveracruz.com.mx\\\/wp-content\\\/uploads\\\/2021\\\/07\\\/Cordoba.jpeg\"},{\"@type\":\"BreadcrumbList\",\"@id\":\"https:\\\/\\\/lospoliticosveracruz.com\\\/?p=76443#breadcrumb\",\"itemListElement\":[{\"@type\":\"ListItem\",\"position\":1,\"name\":\"Portada\",\"item\":\"https:\\\/\\\/lospoliticosveracruz.com\\\/\"},{\"@type\":\"ListItem\",\"position\":2,\"name\":\"Teocelo y el agua\"}]},{\"@type\":\"WebSite\",\"@id\":\"https:\\\/\\\/lospoliticosveracruz.com\\\/#website\",\"url\":\"https:\\\/\\\/lospoliticosveracruz.com\\\/\",\"name\":\"Los pol\u00edticos Veracruz\",\"description\":\"\",\"publisher\":{\"@id\":\"https:\\\/\\\/lospoliticosveracruz.com\\\/#organization\"},\"potentialAction\":[{\"@type\":\"SearchAction\",\"target\":{\"@type\":\"EntryPoint\",\"urlTemplate\":\"https:\\\/\\\/lospoliticosveracruz.com\\\/?s={search_term_string}\"},\"query-input\":{\"@type\":\"PropertyValueSpecification\",\"valueRequired\":true,\"valueName\":\"search_term_string\"}}],\"inLanguage\":\"es\"},{\"@type\":\"Organization\",\"@id\":\"https:\\\/\\\/lospoliticosveracruz.com\\\/#organization\",\"name\":\"Los pol\u00edticos Veracruz\",\"url\":\"https:\\\/\\\/lospoliticosveracruz.com\\\/\",\"logo\":{\"@type\":\"ImageObject\",\"inLanguage\":\"es\",\"@id\":\"https:\\\/\\\/lospoliticosveracruz.com\\\/#\\\/schema\\\/logo\\\/image\\\/\",\"url\":\"https:\\\/\\\/lospoliticosveracruz.com\\\/wp-content\\\/uploads\\\/2025\\\/12\\\/Logo-Nuevo-LOS-POLITICOS-1.jpg\",\"contentUrl\":\"https:\\\/\\\/lospoliticosveracruz.com\\\/wp-content\\\/uploads\\\/2025\\\/12\\\/Logo-Nuevo-LOS-POLITICOS-1.jpg\",\"width\":260,\"height\":70,\"caption\":\"Los pol\u00edticos Veracruz\"},\"image\":{\"@id\":\"https:\\\/\\\/lospoliticosveracruz.com\\\/#\\\/schema\\\/logo\\\/image\\\/\"},\"sameAs\":[\"https:\\\/\\\/www.facebook.com\\\/people\\\/Notimemes-de-los-Polticos\\\/61565672886568\\\/\",\"https:\\\/\\\/x.com\\\/LosPoliticosVer\"]},{\"@type\":\"Person\",\"@id\":\"https:\\\/\\\/lospoliticosveracruz.com\\\/#\\\/schema\\\/person\\\/b8702bb0e538456e6efd07080bf2a4a2\",\"name\":\"Lo viste en Los Pol\u00edticos\",\"image\":{\"@type\":\"ImageObject\",\"inLanguage\":\"es\",\"@id\":\"https:\\\/\\\/secure.gravatar.com\\\/avatar\\\/3a8de04a2656d44082be478bd6c086daa447c4651605818287b9532d3d0bd435?s=96&d=mm&r=g\",\"url\":\"https:\\\/\\\/secure.gravatar.com\\\/avatar\\\/3a8de04a2656d44082be478bd6c086daa447c4651605818287b9532d3d0bd435?s=96&d=mm&r=g\",\"contentUrl\":\"https:\\\/\\\/secure.gravatar.com\\\/avatar\\\/3a8de04a2656d44082be478bd6c086daa447c4651605818287b9532d3d0bd435?s=96&d=mm&r=g\",\"caption\":\"Lo viste en Los Pol\u00edticos\"},\"url\":\"https:\\\/\\\/lospoliticosveracruz.com\\\/?author=2\"}]}<\/script>\n<!-- \/ Yoast SEO plugin. -->","yoast_head_json":{"title":"Teocelo y el agua - Los pol\u00edticos Veracruz","robots":{"index":"index","follow":"follow","max-snippet":"max-snippet:-1","max-image-preview":"max-image-preview:large","max-video-preview":"max-video-preview:-1"},"canonical":"https:\/\/lospoliticosveracruz.com\/?p=76443","og_locale":"es_ES","og_type":"article","og_title":"Teocelo y el agua - Los pol\u00edticos Veracruz","og_description":"Enrique Yasser Pompeyo Mesa de Redacci\u00f3n Entre las m\u00faltiples carencias y deficiencias que sufren los habitantes del municipio de Teocelo se encuentra la distribuci\u00f3n del agua potable.A pesar de que es un reclamo a\u00f1ejo de la poblaci\u00f3n, las actuales autoridades que encabeza Mario Antonio Chama D\u00edaz, hicieron caso omiso.Desafortunadamente para los teocelenses se observa imposible [&hellip;]","og_url":"https:\/\/lospoliticosveracruz.com\/?p=76443","og_site_name":"Los pol\u00edticos Veracruz","article_publisher":"https:\/\/www.facebook.com\/people\/Notimemes-de-los-Polticos\/61565672886568\/","article_published_time":"2021-07-08T12:55:51+00:00","article_modified_time":"2021-07-08T12:56:28+00:00","og_image":[{"url":"http:\/\/www.lospoliticosveracruz.com.mx\/wp-content\/uploads\/2021\/07\/Cordoba.jpeg","type":"","width":"","height":""}],"author":"Lo viste en Los Pol\u00edticos","twitter_card":"summary_large_image","twitter_creator":"@LosPoliticosVer","twitter_site":"@LosPoliticosVer","twitter_misc":{"Escrito por":"Lo viste en Los Pol\u00edticos","Tiempo de lectura":"3 minutos"},"schema":{"@context":"https:\/\/schema.org","@graph":[{"@type":"Article","@id":"https:\/\/lospoliticosveracruz.com\/?p=76443#article","isPartOf":{"@id":"https:\/\/lospoliticosveracruz.com\/?p=76443"},"author":{"name":"Lo viste en Los Pol\u00edticos","@id":"https:\/\/lospoliticosveracruz.com\/#\/schema\/person\/b8702bb0e538456e6efd07080bf2a4a2"},"headline":"Teocelo y el agua","datePublished":"2021-07-08T12:55:51+00:00","dateModified":"2021-07-08T12:56:28+00:00","mainEntityOfPage":{"@id":"https:\/\/lospoliticosveracruz.com\/?p=76443"},"wordCount":620,"publisher":{"@id":"https:\/\/lospoliticosveracruz.com\/#organization"},"image":{"@id":"https:\/\/lospoliticosveracruz.com\/?p=76443#primaryimage"},"thumbnailUrl":"http:\/\/www.lospoliticosveracruz.com.mx\/wp-content\/uploads\/2021\/07\/Cordoba.jpeg","keywords":["Coatepec","Desabasto","Enrique Fern\u00e1ndez","Enrique Yasser Pompeyo","Huerto Comunitario La Casona","Mario Antonio Chama D\u00edaz","Teocelo"],"articleSection":["De Opini\u00f3n"],"inLanguage":"es"},{"@type":"WebPage","@id":"https:\/\/lospoliticosveracruz.com\/?p=76443","url":"https:\/\/lospoliticosveracruz.com\/?p=76443","name":"Teocelo y el agua - Los pol\u00edticos Veracruz","isPartOf":{"@id":"https:\/\/lospoliticosveracruz.com\/#website"},"primaryImageOfPage":{"@id":"https:\/\/lospoliticosveracruz.com\/?p=76443#primaryimage"},"image":{"@id":"https:\/\/lospoliticosveracruz.com\/?p=76443#primaryimage"},"thumbnailUrl":"http:\/\/www.lospoliticosveracruz.com.mx\/wp-content\/uploads\/2021\/07\/Cordoba.jpeg","datePublished":"2021-07-08T12:55:51+00:00","dateModified":"2021-07-08T12:56:28+00:00","breadcrumb":{"@id":"https:\/\/lospoliticosveracruz.com\/?p=76443#breadcrumb"},"inLanguage":"es","potentialAction":[{"@type":"ReadAction","target":["https:\/\/lospoliticosveracruz.com\/?p=76443"]}]},{"@type":"ImageObject","inLanguage":"es","@id":"https:\/\/lospoliticosveracruz.com\/?p=76443#primaryimage","url":"http:\/\/www.lospoliticosveracruz.com.mx\/wp-content\/uploads\/2021\/07\/Cordoba.jpeg","contentUrl":"http:\/\/www.lospoliticosveracruz.com.mx\/wp-content\/uploads\/2021\/07\/Cordoba.jpeg"},{"@type":"BreadcrumbList","@id":"https:\/\/lospoliticosveracruz.com\/?p=76443#breadcrumb","itemListElement":[{"@type":"ListItem","position":1,"name":"Portada","item":"https:\/\/lospoliticosveracruz.com\/"},{"@type":"ListItem","position":2,"name":"Teocelo y el agua"}]},{"@type":"WebSite","@id":"https:\/\/lospoliticosveracruz.com\/#website","url":"https:\/\/lospoliticosveracruz.com\/","name":"Los pol\u00edticos Veracruz","description":"","publisher":{"@id":"https:\/\/lospoliticosveracruz.com\/#organization"},"potentialAction":[{"@type":"SearchAction","target":{"@type":"EntryPoint","urlTemplate":"https:\/\/lospoliticosveracruz.com\/?s={search_term_string}"},"query-input":{"@type":"PropertyValueSpecification","valueRequired":true,"valueName":"search_term_string"}}],"inLanguage":"es"},{"@type":"Organization","@id":"https:\/\/lospoliticosveracruz.com\/#organization","name":"Los pol\u00edticos Veracruz","url":"https:\/\/lospoliticosveracruz.com\/","logo":{"@type":"ImageObject","inLanguage":"es","@id":"https:\/\/lospoliticosveracruz.com\/#\/schema\/logo\/image\/","url":"https:\/\/lospoliticosveracruz.com\/wp-content\/uploads\/2025\/12\/Logo-Nuevo-LOS-POLITICOS-1.jpg","contentUrl":"https:\/\/lospoliticosveracruz.com\/wp-content\/uploads\/2025\/12\/Logo-Nuevo-LOS-POLITICOS-1.jpg","width":260,"height":70,"caption":"Los pol\u00edticos Veracruz"},"image":{"@id":"https:\/\/lospoliticosveracruz.com\/#\/schema\/logo\/image\/"},"sameAs":["https:\/\/www.facebook.com\/people\/Notimemes-de-los-Polticos\/61565672886568\/","https:\/\/x.com\/LosPoliticosVer"]},{"@type":"Person","@id":"https:\/\/lospoliticosveracruz.com\/#\/schema\/person\/b8702bb0e538456e6efd07080bf2a4a2","name":"Lo viste en Los Pol\u00edticos","image":{"@type":"ImageObject","inLanguage":"es","@id":"https:\/\/secure.gravatar.com\/avatar\/3a8de04a2656d44082be478bd6c086daa447c4651605818287b9532d3d0bd435?s=96&d=mm&r=g","url":"https:\/\/secure.gravatar.com\/avatar\/3a8de04a2656d44082be478bd6c086daa447c4651605818287b9532d3d0bd435?s=96&d=mm&r=g","contentUrl":"https:\/\/secure.gravatar.com\/avatar\/3a8de04a2656d44082be478bd6c086daa447c4651605818287b9532d3d0bd435?s=96&d=mm&r=g","caption":"Lo viste en Los Pol\u00edticos"},"url":"https:\/\/lospoliticosveracruz.com\/?author=2"}]}},"_links":{"self":[{"href":"https:\/\/lospoliticosveracruz.com\/index.php?rest_route=\/wp\/v2\/posts\/76443","targetHints":{"allow":["GET"]}}],"collection":[{"href":"https:\/\/lospoliticosveracruz.com\/index.php?rest_route=\/wp\/v2\/posts"}],"about":[{"href":"https:\/\/lospoliticosveracruz.com\/index.php?rest_route=\/wp\/v2\/types\/post"}],"author":[{"embeddable":true,"href":"https:\/\/lospoliticosveracruz.com\/index.php?rest_route=\/wp\/v2\/users\/2"}],"replies":[{"embeddable":true,"href":"https:\/\/lospoliticosveracruz.com\/index.php?rest_route=%2Fwp%2Fv2%2Fcomments&post=76443"}],"version-history":[{"count":1,"href":"https:\/\/lospoliticosveracruz.com\/index.php?rest_route=\/wp\/v2\/posts\/76443\/revisions"}],"predecessor-version":[{"id":76446,"href":"https:\/\/lospoliticosveracruz.com\/index.php?rest_route=\/wp\/v2\/posts\/76443\/revisions\/76446"}],"wp:attachment":[{"href":"https:\/\/lospoliticosveracruz.com\/index.php?rest_route=%2Fwp%2Fv2%2Fmedia&parent=76443"}],"wp:term":[{"taxonomy":"category","embeddable":true,"href":"https:\/\/lospoliticosveracruz.com\/index.php?rest_route=%2Fwp%2Fv2%2Fcategories&post=76443"},{"taxonomy":"post_tag","embeddable":true,"href":"https:\/\/lospoliticosveracruz.com\/index.php?rest_route=%2Fwp%2Fv2%2Ftags&post=76443"}],"curies":[{"name":"wp","href":"https:\/\/api.w.org\/{rel}","templated":true}]}}