{"id":76447,"date":"2021-07-08T08:00:07","date_gmt":"2021-07-08T13:00:07","guid":{"rendered":"http:\/\/www.lospoliticosveracruz.com.mx\/?p=76447"},"modified":"2021-07-08T08:04:09","modified_gmt":"2021-07-08T13:04:09","slug":"los-otros-juicios","status":"publish","type":"post","link":"https:\/\/lospoliticosveracruz.com\/?p=76447","title":{"rendered":"Los otros juicios"},"content":{"rendered":"\n<p><strong>Salvador Mu\u00f1oz<\/strong><\/p>\n\n\n\n<p><em>Los Pol\u00edticos<br><\/em><\/p>\n\n\n\n<p>La Consulta P\u00fablica para llevar a Juicio a Expresidentes ya empez\u00f3 a generar nuevos cauces\u2026<br>(Par\u00e9ntesis: En el caso de Felipe Calder\u00f3n, \u00bfla idea es llevarlo en juicio o a juicio? Ahora que si hablamos de Vicente Fox, creo que con tanta mariguanada que se avienta, ya perdi\u00f3 el juicio)<\/p>\n\n\n\n<div class=\"wp-block-image\"><figure class=\"alignleft size-large is-resized\"><a href=\"http:\/\/www.lospoliticosveracruz.com.mx\/wp-content\/uploads\/2021\/07\/Cordoba.jpeg\"><img loading=\"lazy\" decoding=\"async\" src=\"http:\/\/www.lospoliticosveracruz.com.mx\/wp-content\/uploads\/2021\/07\/Cordoba.jpeg\" alt=\"\" class=\"wp-image-76333\" width=\"233\" height=\"389\"\/><\/a><\/figure><\/div>\n\n\n\n<p><br>Una idea ha propuesto Yair Ademar Dom\u00ednguez, Secretario de Organizaci\u00f3n del Comit\u00e9 Ejecutivo Estatal de Morena: \u00bfpor qu\u00e9 no aplicar la Consulta a Exgobernadores de Veracruz? Eso s\u00ed, empezando por los del nuevo siglo: Alem\u00e1n, Fidel Herrera, Javier Duarte y Miguel \u00c1ngel Yunes.<br>El ejercicio democr\u00e1tico que rodea esta propuesta, pudiera ser interesante, salvo por dos ligeros detalles:<br>Remember Dante, por cualquiera de los \u00e1ngulos que se le quiera ver: Revancha pol\u00edtica, prescripci\u00f3n del delito o aplicaci\u00f3n de la Ley.<br>Remember Javier Duarte, por cualquiera de los \u00e1ngulos que se le quiera ver: Ya se le aplica la Ley aunque no deja de verse como el sacrificado por el pe\u00f1ismo\u2026<br>Llama la atenci\u00f3n en el juicio de Yair Ademar que a diferencia de la amplitud en la sed de justicia del Presidente para enjuiciar a sus antecesores, que alcanza hasta a Carlos Salinas de Gortari, el veracruzano deja afuera al mismo Dante Delgado (cuatrienio) y Patricio Chirinos Calero, quiz\u00e1s porque no le toc\u00f3 vivir esos sexenios o considere que no tienen cola que les pisen.<br>Si bien es respetable el inter\u00e9s justiciero de los morenos por llevar al banquillo de los acusados a los ex bajo este esquema democr\u00e1tico, casi parecido al juicio de Barrab\u00e1s y Jes\u00fas, dejar\u00e9 de lado ese argumento tan simplista y sencillo que reza en las redes: \u201cPor qu\u00e9 no s\u00f3lo se les aplica la Ley\u201d como en su momento se le hizo a Dante y como actualmente se le hace a Javier Duarte. Digo, si lo que quieren es generar participaci\u00f3n ciudadana, pues la Ley se los permite, aunque el asunto me sigue pareciendo un aut\u00e9ntico episodio de Poncio Pilatos\u2026 pero hay otra cosa que no deja de hacerme ruido\u2026<\/p>\n\n\n\n<div class=\"wp-block-image\"><figure class=\"alignleft size-large is-resized\"><a href=\"http:\/\/www.lospoliticosveracruz.com.mx\/wp-content\/uploads\/2021\/07\/Cordoba1.jpeg\"><img loading=\"lazy\" decoding=\"async\" src=\"http:\/\/www.lospoliticosveracruz.com.mx\/wp-content\/uploads\/2021\/07\/Cordoba1.jpeg\" alt=\"\" class=\"wp-image-76334\" width=\"225\" height=\"450\"\/><\/a><\/figure><\/div>\n\n\n\n<p><br>A la fecha, de L\u00f3pez Portillo para ac\u00e1, no recuerdo ex presidente querido por el Pueblo, ni siquiera aqu\u00e9llos emanados por la alternancia, en especial Vicente Fox, por todo lo que signific\u00f3 el ser el h\u00e9roe que sac\u00f3 del poder al otrora partidazo.<br>\u00a1Vamos! Los pol\u00edticos no son del agrado del pueblo\u2026 son considerados deshonestos, transas, corruptos, rateros, lo hayan sido o no\u2026 cargan con ese estigma en el pueblo bueno y sabio, por lo que si se cuestiona si hay que enjuiciarlos, aunque sea en un trabalenguas jur\u00eddico, la respuesta va a ser S\u00ed\u2026<br>Dejo fuera del \u201cPueblo\u201d a los militantes del PAN y del PRI, as\u00ed como a los de Morena\u2026 los primeros, porque les gana el coraz\u00f3n o los colores y son pocos los que pudieran ser cr\u00edticos de sus ex presidentes; a los segundos, porque hasta el momento, ning\u00fan moreno (bueno, son pocos, uno o dos) tiene el criterio o los blanquillos para se\u00f1alar los errores de su presidente, bien por conveniencia, idolatr\u00eda o hasta estupidez, que igual se aplica para los anteriores.<br>Como sea, la idea de la consulta parece buena, ojo, dije la Consulta, el aplicar la Ley o no se cuece aparte\u2026 aunque ahora que se renueva el Congreso federal y local, bien pudiera tambi\u00e9n extenderse las intenciones justicieras para \u00e9stos y \u00e9stas\u2026 \u00bfo qu\u00e9 les parece aplicar la consulta el pr\u00f3ximo a\u00f1o para los expresidentes municipales? Pido mano: \u00a1Propongo llevar a juicio a Hip\u00f3lito!<br>Ahora que si quieren otra consulta interesante: \u00bfpor qu\u00e9 no exigir juicio a quienes dejan sin medicamento a los ni\u00f1os con c\u00e1ncer? sean secretarios de Salud, Gobernadores\u2026 \u00a1o hasta el presidente! Que recuerde Morena que hoy que son gobierno, ma\u00f1ana podr\u00e1n ser reses\u2026 o bueyes.<\/p>\n\n\n\n<p>smcainito@gmail.com<\/p>\n","protected":false},"excerpt":{"rendered":"<p>Salvador Mu\u00f1oz Los Pol\u00edticos La Consulta P\u00fablica para llevar a Juicio a Expresidentes ya empez\u00f3 a generar nuevos cauces\u2026(Par\u00e9ntesis: En el caso de Felipe Calder\u00f3n, \u00bfla idea es llevarlo en juicio o a juicio? Ahora que si hablamos de Vicente Fox, creo que con tanta mariguanada que se avienta, ya perdi\u00f3 el juicio) Una idea [&hellip;]<\/p>\n","protected":false},"author":2,"featured_media":0,"comment_status":"closed","ping_status":"closed","sticky":false,"template":"","format":"standard","meta":{"tdm_status":"","tdm_grid_status":"","footnotes":""},"categories":[70],"tags":[29282,3946,79,162,21331,1510,1026,2646,20652],"class_list":{"0":"post-76447","1":"post","2":"type-post","3":"status-publish","4":"format-standard","6":"category-de-opinion","7":"tag-exgobernadores-de-veracruz","8":"tag-felipe-calderon","9":"tag-fidel-herrera","10":"tag-javier-duarte","11":"tag-juicio-a-expresidentes","12":"tag-miguel-angel-yunes","13":"tag-morena","14":"tag-salvador-munoz","15":"tag-yair-ademar-dominguez"},"yoast_head":"<!-- This site is optimized with the Yoast SEO plugin v27.4 - https:\/\/yoast.com\/product\/yoast-seo-wordpress\/ -->\n<title>Los otros juicios - Los pol\u00edticos Veracruz<\/title>\n<meta name=\"robots\" content=\"index, follow, max-snippet:-1, max-image-preview:large, max-video-preview:-1\" \/>\n<link rel=\"canonical\" href=\"https:\/\/lospoliticosveracruz.com\/?p=76447\" \/>\n<meta property=\"og:locale\" content=\"es_ES\" \/>\n<meta property=\"og:type\" content=\"article\" \/>\n<meta property=\"og:title\" content=\"Los otros juicios - Los pol\u00edticos Veracruz\" \/>\n<meta property=\"og:description\" content=\"Salvador Mu\u00f1oz Los Pol\u00edticos La Consulta P\u00fablica para llevar a Juicio a Expresidentes ya empez\u00f3 a generar nuevos cauces\u2026(Par\u00e9ntesis: En el caso de Felipe Calder\u00f3n, \u00bfla idea es llevarlo en juicio o a juicio? Ahora que si hablamos de Vicente Fox, creo que con tanta mariguanada que se avienta, ya perdi\u00f3 el juicio) Una idea [&hellip;]\" \/>\n<meta property=\"og:url\" content=\"https:\/\/lospoliticosveracruz.com\/?p=76447\" \/>\n<meta property=\"og:site_name\" content=\"Los pol\u00edticos Veracruz\" \/>\n<meta property=\"article:publisher\" content=\"https:\/\/www.facebook.com\/people\/Notimemes-de-los-Polticos\/61565672886568\/\" \/>\n<meta property=\"article:published_time\" content=\"2021-07-08T13:00:07+00:00\" \/>\n<meta property=\"article:modified_time\" content=\"2021-07-08T13:04:09+00:00\" \/>\n<meta property=\"og:image\" content=\"http:\/\/www.lospoliticosveracruz.com.mx\/wp-content\/uploads\/2021\/07\/Cordoba.jpeg\" \/>\n<meta name=\"author\" content=\"Lo viste en Los Pol\u00edticos\" \/>\n<meta name=\"twitter:card\" content=\"summary_large_image\" \/>\n<meta name=\"twitter:creator\" content=\"@LosPoliticosVer\" \/>\n<meta name=\"twitter:site\" content=\"@LosPoliticosVer\" \/>\n<meta name=\"twitter:label1\" content=\"Escrito por\" \/>\n\t<meta name=\"twitter:data1\" content=\"Lo viste en Los Pol\u00edticos\" \/>\n\t<meta name=\"twitter:label2\" content=\"Tiempo de lectura\" \/>\n\t<meta name=\"twitter:data2\" content=\"3 minutos\" \/>\n<script type=\"application\/ld+json\" class=\"yoast-schema-graph\">{\"@context\":\"https:\\\/\\\/schema.org\",\"@graph\":[{\"@type\":\"Article\",\"@id\":\"https:\\\/\\\/lospoliticosveracruz.com\\\/?p=76447#article\",\"isPartOf\":{\"@id\":\"https:\\\/\\\/lospoliticosveracruz.com\\\/?p=76447\"},\"author\":{\"name\":\"Lo viste en Los Pol\u00edticos\",\"@id\":\"https:\\\/\\\/lospoliticosveracruz.com\\\/#\\\/schema\\\/person\\\/b8702bb0e538456e6efd07080bf2a4a2\"},\"headline\":\"Los otros juicios\",\"datePublished\":\"2021-07-08T13:00:07+00:00\",\"dateModified\":\"2021-07-08T13:04:09+00:00\",\"mainEntityOfPage\":{\"@id\":\"https:\\\/\\\/lospoliticosveracruz.com\\\/?p=76447\"},\"wordCount\":672,\"publisher\":{\"@id\":\"https:\\\/\\\/lospoliticosveracruz.com\\\/#organization\"},\"image\":{\"@id\":\"https:\\\/\\\/lospoliticosveracruz.com\\\/?p=76447#primaryimage\"},\"thumbnailUrl\":\"http:\\\/\\\/www.lospoliticosveracruz.com.mx\\\/wp-content\\\/uploads\\\/2021\\\/07\\\/Cordoba.jpeg\",\"keywords\":[\"Exgobernadores de Veracruz\",\"Felipe Calder\u00f3n\",\"Fidel Herrera\",\"Javier Duarte\",\"Juicio a expresidentes\",\"Miguel \u00c1ngel Yunes\",\"Morena\",\"Salvador Mu\u00f1oz\",\"Yair Ademar Dom\u00ednguez\"],\"articleSection\":[\"De Opini\u00f3n\"],\"inLanguage\":\"es\"},{\"@type\":\"WebPage\",\"@id\":\"https:\\\/\\\/lospoliticosveracruz.com\\\/?p=76447\",\"url\":\"https:\\\/\\\/lospoliticosveracruz.com\\\/?p=76447\",\"name\":\"Los otros juicios - Los pol\u00edticos Veracruz\",\"isPartOf\":{\"@id\":\"https:\\\/\\\/lospoliticosveracruz.com\\\/#website\"},\"primaryImageOfPage\":{\"@id\":\"https:\\\/\\\/lospoliticosveracruz.com\\\/?p=76447#primaryimage\"},\"image\":{\"@id\":\"https:\\\/\\\/lospoliticosveracruz.com\\\/?p=76447#primaryimage\"},\"thumbnailUrl\":\"http:\\\/\\\/www.lospoliticosveracruz.com.mx\\\/wp-content\\\/uploads\\\/2021\\\/07\\\/Cordoba.jpeg\",\"datePublished\":\"2021-07-08T13:00:07+00:00\",\"dateModified\":\"2021-07-08T13:04:09+00:00\",\"breadcrumb\":{\"@id\":\"https:\\\/\\\/lospoliticosveracruz.com\\\/?p=76447#breadcrumb\"},\"inLanguage\":\"es\",\"potentialAction\":[{\"@type\":\"ReadAction\",\"target\":[\"https:\\\/\\\/lospoliticosveracruz.com\\\/?p=76447\"]}]},{\"@type\":\"ImageObject\",\"inLanguage\":\"es\",\"@id\":\"https:\\\/\\\/lospoliticosveracruz.com\\\/?p=76447#primaryimage\",\"url\":\"http:\\\/\\\/www.lospoliticosveracruz.com.mx\\\/wp-content\\\/uploads\\\/2021\\\/07\\\/Cordoba.jpeg\",\"contentUrl\":\"http:\\\/\\\/www.lospoliticosveracruz.com.mx\\\/wp-content\\\/uploads\\\/2021\\\/07\\\/Cordoba.jpeg\"},{\"@type\":\"BreadcrumbList\",\"@id\":\"https:\\\/\\\/lospoliticosveracruz.com\\\/?p=76447#breadcrumb\",\"itemListElement\":[{\"@type\":\"ListItem\",\"position\":1,\"name\":\"Portada\",\"item\":\"https:\\\/\\\/lospoliticosveracruz.com\\\/\"},{\"@type\":\"ListItem\",\"position\":2,\"name\":\"Los otros juicios\"}]},{\"@type\":\"WebSite\",\"@id\":\"https:\\\/\\\/lospoliticosveracruz.com\\\/#website\",\"url\":\"https:\\\/\\\/lospoliticosveracruz.com\\\/\",\"name\":\"Los pol\u00edticos Veracruz\",\"description\":\"\",\"publisher\":{\"@id\":\"https:\\\/\\\/lospoliticosveracruz.com\\\/#organization\"},\"potentialAction\":[{\"@type\":\"SearchAction\",\"target\":{\"@type\":\"EntryPoint\",\"urlTemplate\":\"https:\\\/\\\/lospoliticosveracruz.com\\\/?s={search_term_string}\"},\"query-input\":{\"@type\":\"PropertyValueSpecification\",\"valueRequired\":true,\"valueName\":\"search_term_string\"}}],\"inLanguage\":\"es\"},{\"@type\":\"Organization\",\"@id\":\"https:\\\/\\\/lospoliticosveracruz.com\\\/#organization\",\"name\":\"Los pol\u00edticos Veracruz\",\"url\":\"https:\\\/\\\/lospoliticosveracruz.com\\\/\",\"logo\":{\"@type\":\"ImageObject\",\"inLanguage\":\"es\",\"@id\":\"https:\\\/\\\/lospoliticosveracruz.com\\\/#\\\/schema\\\/logo\\\/image\\\/\",\"url\":\"https:\\\/\\\/lospoliticosveracruz.com\\\/wp-content\\\/uploads\\\/2025\\\/12\\\/Logo-Nuevo-LOS-POLITICOS-1.jpg\",\"contentUrl\":\"https:\\\/\\\/lospoliticosveracruz.com\\\/wp-content\\\/uploads\\\/2025\\\/12\\\/Logo-Nuevo-LOS-POLITICOS-1.jpg\",\"width\":260,\"height\":70,\"caption\":\"Los pol\u00edticos Veracruz\"},\"image\":{\"@id\":\"https:\\\/\\\/lospoliticosveracruz.com\\\/#\\\/schema\\\/logo\\\/image\\\/\"},\"sameAs\":[\"https:\\\/\\\/www.facebook.com\\\/people\\\/Notimemes-de-los-Polticos\\\/61565672886568\\\/\",\"https:\\\/\\\/x.com\\\/LosPoliticosVer\"]},{\"@type\":\"Person\",\"@id\":\"https:\\\/\\\/lospoliticosveracruz.com\\\/#\\\/schema\\\/person\\\/b8702bb0e538456e6efd07080bf2a4a2\",\"name\":\"Lo viste en Los Pol\u00edticos\",\"image\":{\"@type\":\"ImageObject\",\"inLanguage\":\"es\",\"@id\":\"https:\\\/\\\/secure.gravatar.com\\\/avatar\\\/3a8de04a2656d44082be478bd6c086daa447c4651605818287b9532d3d0bd435?s=96&d=mm&r=g\",\"url\":\"https:\\\/\\\/secure.gravatar.com\\\/avatar\\\/3a8de04a2656d44082be478bd6c086daa447c4651605818287b9532d3d0bd435?s=96&d=mm&r=g\",\"contentUrl\":\"https:\\\/\\\/secure.gravatar.com\\\/avatar\\\/3a8de04a2656d44082be478bd6c086daa447c4651605818287b9532d3d0bd435?s=96&d=mm&r=g\",\"caption\":\"Lo viste en Los Pol\u00edticos\"},\"url\":\"https:\\\/\\\/lospoliticosveracruz.com\\\/?author=2\"}]}<\/script>\n<!-- \/ Yoast SEO plugin. -->","yoast_head_json":{"title":"Los otros juicios - Los pol\u00edticos Veracruz","robots":{"index":"index","follow":"follow","max-snippet":"max-snippet:-1","max-image-preview":"max-image-preview:large","max-video-preview":"max-video-preview:-1"},"canonical":"https:\/\/lospoliticosveracruz.com\/?p=76447","og_locale":"es_ES","og_type":"article","og_title":"Los otros juicios - Los pol\u00edticos Veracruz","og_description":"Salvador Mu\u00f1oz Los Pol\u00edticos La Consulta P\u00fablica para llevar a Juicio a Expresidentes ya empez\u00f3 a generar nuevos cauces\u2026(Par\u00e9ntesis: En el caso de Felipe Calder\u00f3n, \u00bfla idea es llevarlo en juicio o a juicio? Ahora que si hablamos de Vicente Fox, creo que con tanta mariguanada que se avienta, ya perdi\u00f3 el juicio) Una idea [&hellip;]","og_url":"https:\/\/lospoliticosveracruz.com\/?p=76447","og_site_name":"Los pol\u00edticos Veracruz","article_publisher":"https:\/\/www.facebook.com\/people\/Notimemes-de-los-Polticos\/61565672886568\/","article_published_time":"2021-07-08T13:00:07+00:00","article_modified_time":"2021-07-08T13:04:09+00:00","og_image":[{"url":"http:\/\/www.lospoliticosveracruz.com.mx\/wp-content\/uploads\/2021\/07\/Cordoba.jpeg","type":"","width":"","height":""}],"author":"Lo viste en Los Pol\u00edticos","twitter_card":"summary_large_image","twitter_creator":"@LosPoliticosVer","twitter_site":"@LosPoliticosVer","twitter_misc":{"Escrito por":"Lo viste en Los Pol\u00edticos","Tiempo de lectura":"3 minutos"},"schema":{"@context":"https:\/\/schema.org","@graph":[{"@type":"Article","@id":"https:\/\/lospoliticosveracruz.com\/?p=76447#article","isPartOf":{"@id":"https:\/\/lospoliticosveracruz.com\/?p=76447"},"author":{"name":"Lo viste en Los Pol\u00edticos","@id":"https:\/\/lospoliticosveracruz.com\/#\/schema\/person\/b8702bb0e538456e6efd07080bf2a4a2"},"headline":"Los otros juicios","datePublished":"2021-07-08T13:00:07+00:00","dateModified":"2021-07-08T13:04:09+00:00","mainEntityOfPage":{"@id":"https:\/\/lospoliticosveracruz.com\/?p=76447"},"wordCount":672,"publisher":{"@id":"https:\/\/lospoliticosveracruz.com\/#organization"},"image":{"@id":"https:\/\/lospoliticosveracruz.com\/?p=76447#primaryimage"},"thumbnailUrl":"http:\/\/www.lospoliticosveracruz.com.mx\/wp-content\/uploads\/2021\/07\/Cordoba.jpeg","keywords":["Exgobernadores de Veracruz","Felipe Calder\u00f3n","Fidel Herrera","Javier Duarte","Juicio a expresidentes","Miguel \u00c1ngel Yunes","Morena","Salvador Mu\u00f1oz","Yair Ademar Dom\u00ednguez"],"articleSection":["De Opini\u00f3n"],"inLanguage":"es"},{"@type":"WebPage","@id":"https:\/\/lospoliticosveracruz.com\/?p=76447","url":"https:\/\/lospoliticosveracruz.com\/?p=76447","name":"Los otros juicios - Los pol\u00edticos Veracruz","isPartOf":{"@id":"https:\/\/lospoliticosveracruz.com\/#website"},"primaryImageOfPage":{"@id":"https:\/\/lospoliticosveracruz.com\/?p=76447#primaryimage"},"image":{"@id":"https:\/\/lospoliticosveracruz.com\/?p=76447#primaryimage"},"thumbnailUrl":"http:\/\/www.lospoliticosveracruz.com.mx\/wp-content\/uploads\/2021\/07\/Cordoba.jpeg","datePublished":"2021-07-08T13:00:07+00:00","dateModified":"2021-07-08T13:04:09+00:00","breadcrumb":{"@id":"https:\/\/lospoliticosveracruz.com\/?p=76447#breadcrumb"},"inLanguage":"es","potentialAction":[{"@type":"ReadAction","target":["https:\/\/lospoliticosveracruz.com\/?p=76447"]}]},{"@type":"ImageObject","inLanguage":"es","@id":"https:\/\/lospoliticosveracruz.com\/?p=76447#primaryimage","url":"http:\/\/www.lospoliticosveracruz.com.mx\/wp-content\/uploads\/2021\/07\/Cordoba.jpeg","contentUrl":"http:\/\/www.lospoliticosveracruz.com.mx\/wp-content\/uploads\/2021\/07\/Cordoba.jpeg"},{"@type":"BreadcrumbList","@id":"https:\/\/lospoliticosveracruz.com\/?p=76447#breadcrumb","itemListElement":[{"@type":"ListItem","position":1,"name":"Portada","item":"https:\/\/lospoliticosveracruz.com\/"},{"@type":"ListItem","position":2,"name":"Los otros juicios"}]},{"@type":"WebSite","@id":"https:\/\/lospoliticosveracruz.com\/#website","url":"https:\/\/lospoliticosveracruz.com\/","name":"Los pol\u00edticos Veracruz","description":"","publisher":{"@id":"https:\/\/lospoliticosveracruz.com\/#organization"},"potentialAction":[{"@type":"SearchAction","target":{"@type":"EntryPoint","urlTemplate":"https:\/\/lospoliticosveracruz.com\/?s={search_term_string}"},"query-input":{"@type":"PropertyValueSpecification","valueRequired":true,"valueName":"search_term_string"}}],"inLanguage":"es"},{"@type":"Organization","@id":"https:\/\/lospoliticosveracruz.com\/#organization","name":"Los pol\u00edticos Veracruz","url":"https:\/\/lospoliticosveracruz.com\/","logo":{"@type":"ImageObject","inLanguage":"es","@id":"https:\/\/lospoliticosveracruz.com\/#\/schema\/logo\/image\/","url":"https:\/\/lospoliticosveracruz.com\/wp-content\/uploads\/2025\/12\/Logo-Nuevo-LOS-POLITICOS-1.jpg","contentUrl":"https:\/\/lospoliticosveracruz.com\/wp-content\/uploads\/2025\/12\/Logo-Nuevo-LOS-POLITICOS-1.jpg","width":260,"height":70,"caption":"Los pol\u00edticos Veracruz"},"image":{"@id":"https:\/\/lospoliticosveracruz.com\/#\/schema\/logo\/image\/"},"sameAs":["https:\/\/www.facebook.com\/people\/Notimemes-de-los-Polticos\/61565672886568\/","https:\/\/x.com\/LosPoliticosVer"]},{"@type":"Person","@id":"https:\/\/lospoliticosveracruz.com\/#\/schema\/person\/b8702bb0e538456e6efd07080bf2a4a2","name":"Lo viste en Los Pol\u00edticos","image":{"@type":"ImageObject","inLanguage":"es","@id":"https:\/\/secure.gravatar.com\/avatar\/3a8de04a2656d44082be478bd6c086daa447c4651605818287b9532d3d0bd435?s=96&d=mm&r=g","url":"https:\/\/secure.gravatar.com\/avatar\/3a8de04a2656d44082be478bd6c086daa447c4651605818287b9532d3d0bd435?s=96&d=mm&r=g","contentUrl":"https:\/\/secure.gravatar.com\/avatar\/3a8de04a2656d44082be478bd6c086daa447c4651605818287b9532d3d0bd435?s=96&d=mm&r=g","caption":"Lo viste en Los Pol\u00edticos"},"url":"https:\/\/lospoliticosveracruz.com\/?author=2"}]}},"_links":{"self":[{"href":"https:\/\/lospoliticosveracruz.com\/index.php?rest_route=\/wp\/v2\/posts\/76447","targetHints":{"allow":["GET"]}}],"collection":[{"href":"https:\/\/lospoliticosveracruz.com\/index.php?rest_route=\/wp\/v2\/posts"}],"about":[{"href":"https:\/\/lospoliticosveracruz.com\/index.php?rest_route=\/wp\/v2\/types\/post"}],"author":[{"embeddable":true,"href":"https:\/\/lospoliticosveracruz.com\/index.php?rest_route=\/wp\/v2\/users\/2"}],"replies":[{"embeddable":true,"href":"https:\/\/lospoliticosveracruz.com\/index.php?rest_route=%2Fwp%2Fv2%2Fcomments&post=76447"}],"version-history":[{"count":3,"href":"https:\/\/lospoliticosveracruz.com\/index.php?rest_route=\/wp\/v2\/posts\/76447\/revisions"}],"predecessor-version":[{"id":76450,"href":"https:\/\/lospoliticosveracruz.com\/index.php?rest_route=\/wp\/v2\/posts\/76447\/revisions\/76450"}],"wp:attachment":[{"href":"https:\/\/lospoliticosveracruz.com\/index.php?rest_route=%2Fwp%2Fv2%2Fmedia&parent=76447"}],"wp:term":[{"taxonomy":"category","embeddable":true,"href":"https:\/\/lospoliticosveracruz.com\/index.php?rest_route=%2Fwp%2Fv2%2Fcategories&post=76447"},{"taxonomy":"post_tag","embeddable":true,"href":"https:\/\/lospoliticosveracruz.com\/index.php?rest_route=%2Fwp%2Fv2%2Ftags&post=76447"}],"curies":[{"name":"wp","href":"https:\/\/api.w.org\/{rel}","templated":true}]}}