{"id":76460,"date":"2021-07-08T08:57:45","date_gmt":"2021-07-08T13:57:45","guid":{"rendered":"http:\/\/www.lospoliticosveracruz.com.mx\/?p=76460"},"modified":"2021-07-08T08:57:49","modified_gmt":"2021-07-08T13:57:49","slug":"chabelazo-gate","status":"publish","type":"post","link":"https:\/\/lospoliticosveracruz.com\/?p=76460","title":{"rendered":"\u00a1Chabelazo-Gate!"},"content":{"rendered":"\n<p><\/p>\n\n\n\n<p><strong>Noem\u00ed Valdez<br><\/strong><em>Reportera de Notiver \/ Exclusiva<\/em><\/p>\n\n\n\n<p>Magistrados del Poder Judicial, revelaron a Notiver, que, interfiriendo la autonom\u00eda de ese \u00f3rgano, el Gobernador del Estado, Cuitl\u00e1huac Garc\u00eda, orden\u00f3 que se les aplicara una reducci\u00f3n del 30 por ciento a su salario.<br>La instrucci\u00f3n, lleg\u00f3 el pasado viernes, cuando la Magistrada Presidenta del Poder Judicial, Isabel In\u00e9s Romero Cruz, los convoc\u00f3 a una reuni\u00f3n \u2013 y uno de los presentes, envi\u00f3 a esta redacci\u00f3n el audio de dicho encuentro.<br>Ah\u00ed, se escucha a Romero Cruz, decirles a los presentes, que quiere escuchar sus opiniones, pero, anticipa que el Poder Judicial tiene un d\u00e9ficit de 500 millones de pesos.<\/p>\n\n\n\n<div class=\"wp-block-image\"><figure class=\"alignleft size-large is-resized\"><a href=\"http:\/\/www.lospoliticosveracruz.com.mx\/wp-content\/uploads\/2021\/07\/Cordoba.jpeg\"><img loading=\"lazy\" decoding=\"async\" src=\"http:\/\/www.lospoliticosveracruz.com.mx\/wp-content\/uploads\/2021\/07\/Cordoba.jpeg\" alt=\"\" class=\"wp-image-76333\" width=\"233\" height=\"389\"\/><\/a><\/figure><\/div>\n\n\n\n<p><br>\u201cTenemos un d\u00e9ficit, nos faltan 500 millones de pesos, nos van a dar 200 millones de pesos, nos lo van a dar en diciembre, necesitamos 260 millones para puros salarios, los otros 300 son para papeler\u00eda, luz, agua, pero 260 es para puros salarios, Y EL SE\u00d1OR GOBERNADOR LO QUE ME PIDI\u00d3 MUY ATENTAMENTE QUE PLATICARA CON USTEDES, desde luego es voluntario, que se les redujera la compensaci\u00f3n cierto porcentaje\u2026 de aqu\u00ed hasta diciembre y es para pura n\u00f3mina\u201d. Dice al inicio del encuentro que se prolong\u00f3 por varias horas.<br>Isabel In\u00e9s Romero Cruz contin\u00faa explicando a los Magistrados sobre los problemas econ\u00f3micos del Poder Judicial y justifica la desaparici\u00f3n de los 29 juzgados ubicados en distintos puntos de la entidad veracruzana, argumentando ahorros por 22 millones de pesos.<br>\u201cCon decirles que ni ayer, ni antier com\u00ed. Tom\u00e9 esa decisi\u00f3n porque ten\u00eda que tomarla, pero no crean que me sent\u00ed feliz, me sent\u00ed moralmente, nada bien, gracias a Dios ya lo super\u00e9\u201d dice.<br>En otra parte de la reuni\u00f3n, la Magistrada confiesa que es tal la \u201cquiebra\u201d del Poder Judicial que la sanitizaci\u00f3n de los edificios \u201cnos la est\u00e1n fiando\u201d y ahorita para el 30 de junio nos est\u00e1bamos \u201ctronando los dedos yo fui varias veces con el Se\u00f1or Gobernador y ya esta vez, que fui me dice \u2013 que no entiende- hable con los Magistrados y d\u00edgales que me apoyen, hasta diciembre\u201d.<br>Isabel In\u00e9s Romero Cruz, les pide a los presentes que opinen al respecto, que le confirmen que aceptar\u00e1n bajarse el salario, como se los pide el Gobernador, titular del Ejecutivo que de acuerdo a la Ley no puede interferir en las decisiones internas del Poder Judicial.<\/p>\n\n\n\n<p><strong>\u00a1Y la batean! Que defienda el Presupuesto y la autonom\u00eda del Poder Judicial<\/strong><\/p>\n\n\n\n<p>Luego de que la Magistrada Presidenta del Poder Judicial, Isabel In\u00e9s Romero Cruz, pidi\u00f3 a los Magistrados por ordenes del Gobernador, Cuitl\u00e1huac Garc\u00eda Jim\u00e9nez, que se redujeran los salarios, los afectados \u201cbatearon\u201d la orden, en el audio al que Notiver tuvo acceso, cuando toc\u00f3 el turno de hablar a los afectados, \u00e9stos le recordaron a la Magistrada que, en primer lugar, ella est\u00e1 para defender la autonom\u00eda del Poder Judicial y le exigieron defenderse del Ejecutivo.<br>Adem\u00e1s, le recordaron que en lugar de obedecer \u00f3rdenes de Palacio, debe exigir en primer lugar que se les entregue el monto total asignado.<br>Cabe recordar que en este 2021 al Poder Judicial se la asignaron mil 614.3 millones de pesos (281.1 mdp menos que en el 2020), de los cuales mil 76 millones de pesos son para el Consejo de la Judicatura, contemplando el pago de las Ciudades Judiciales.<br>Ah\u00ed, los Magistrados, le recordaron a la presidenta, que debi\u00f3 interponer un recurso de inconstitucionalidad por los recortes que se le hicieron, ya que en el 2017 entr\u00f3 en vigor la reforma al art\u00edculo 60 de la Constituci\u00f3n Pol\u00edtica del Estado de Veracruz, para asignar al Poder Judicial autonom\u00eda presupuestaria y con ella se estableci\u00f3 que el monto total podr\u00eda ser mayor, pero no menor, al 2 por ciento de la totalidad del presupuesto general del estado.<\/p>\n\n\n\n<div class=\"wp-block-image\"><figure class=\"alignleft size-large is-resized\"><a href=\"http:\/\/www.lospoliticosveracruz.com.mx\/wp-content\/uploads\/2021\/07\/Cordoba1.jpeg\"><img loading=\"lazy\" decoding=\"async\" src=\"http:\/\/www.lospoliticosveracruz.com.mx\/wp-content\/uploads\/2021\/07\/Cordoba1.jpeg\" alt=\"\" class=\"wp-image-76334\" width=\"225\" height=\"450\"\/><\/a><\/figure><\/div>\n\n\n\n<p><br>En el audio, se escucha a la Magistrada, Concepci\u00f3n Flores Saviaga decirle a Romero Cruz que debi\u00f3 actuar en consecuencia cuando se asign\u00f3 el presupuesto por parte del Congreso y que, si no lo hizo, fue por \u201cla relaci\u00f3n con el Gobernador, m\u00ednimo se hubiera pedido lo del a\u00f1o anterior\u201d.<br>Antes que los recortes, los afectados pidieron que en su car\u00e1cter de Presidente del Poder Judicial, acuda al Congreso y solicite una ampliaci\u00f3n presupuestal.<br>Yo les digo, que en cuesti\u00f3n de Presupuesto \u2013 defenderlo- yo no voy a pelear, es voluntario, &#8211; les contesta la Magistrada Presidenta del Poder Judicial, Isabel In\u00e9s Romero Cruz quien insiste en que el recorte ser\u00eda para cubrir salarios y les explica \u2013 ser\u00eda del 30 por ciento, pero todav\u00eda lo voy a platicar bien con el Gobernador.<br>\u00bfPero si es voluntario, por qu\u00e9 nos piden el 30?<br>Presidenta, usted no nos dice la verdad, \u00bfen qu\u00e9 consiste lo voluntario?\u2026<\/p>\n\n\n\n<p><strong>No los pueden obligar a bajarse el sueldo!<\/strong><\/p>\n\n\n\n<p>Aunque el Gobernador del Estado, Cuitl\u00e1huac Garc\u00eda Jim\u00e9nez, quiera persuadir o convencer a los Magistrados del Poder Judicial que deben renunciar al 30 por ciento de su salario, los afectados le hicieron saber que no los puede obligar.<br>En el audio de la reuni\u00f3n \u2013 al que Notiver tuvo acceso- se escucha c\u00f3mo los Magistrados, le recuerdan a la Magistrada Presidenta del Poder Judicial, Isabel In\u00e9s Romero Cruz, que el Articulo 116 de la Constituci\u00f3n los protege.<br>\u201cLos magistrados y los jueces percibir\u00e1n una remuneraci\u00f3n adecuada e irrenunciable, la cual no podr\u00e1 ser disminuida durante su encargo\u201d dice el citado art\u00edculo.<br>Adem\u00e1s, recordaron que hay un antecedente, en otro estado, pues el Tribunal Electoral del Poder Judicial de la Federaci\u00f3n (TEPJF) determin\u00f3 que es inconstitucional reducir el salario de los magistrados electorales a nivel local, ya que esto puede ser una forma de atentar a la autonom\u00eda que tienen los \u00f3rganos jurisdiccionales.<br>Eso sucedi\u00f3 en Quer\u00e9taro, donde la Sala Superior resolvi\u00f3 que la autonom\u00eda de la que gozan los tribunales no puede ser vulnerada con la reducci\u00f3n salarial que se planteaba por parte de un Comit\u00e9 T\u00e9cnico de Remuneraciones de la entidad.<br>Por lo que la disposici\u00f3n- en caso de que los obligaran- de reducir el salario de los magistrados viola el principio de irreductibilidad salarial previsto en la ley y coloca en una situaci\u00f3n de subordinaci\u00f3n a un poder que goza de autonom\u00eda.<br>Los Magistrados, dijeron que no \u201cles cuadran\u201d las cuentas, pues si la reducci\u00f3n del Presupuesto de fue de 281.1 millones menos que en el 2020, lo cierto es que, si el \u201cd\u00e9ficit\u201d es de 500 millones, el dinero no alcanzar\u00e1. Uno de los auxiliares de la presidenta, explica que el dinero, \u201cse juntar\u00eda\u201d como parte de \u201cahorros extraordinarios\u201d y que se juntar\u00eda una bolsa.<br>A esto se suma que, hab\u00eda una bolsa de 900 millones de pesos destinado a pr\u00e9stamos, de los cuales \u201cno se sabe nada, y eso se tiene que aclarar\u201d.<br>Lo que les puedo asegurar es que estamos trabajando transparentemente y nadie va a salir con que me llev\u00e9 esto, todo est\u00e1 en la auditor\u00eda- defendi\u00f3 Isabel In\u00e9s Romero Cruz.<br>Esta redacci\u00f3n busc\u00f3 la versi\u00f3n de la Presidenta, pero hasta el cierre de esta edici\u00f3n, no obtuvimos respuesta.<\/p>\n\n\n\n<p><strong>Magistrados chairos vs antiguos<\/strong><\/p>\n\n\n\n<p>Sin llegar a un acuerdo, Magistrados del Poder Judicial se dividieron entre los que \u201capoyan al Se\u00f1or Gobernador\u201d y los que piden que se defienda la Autonom\u00eda del Poder Judicial y que se busquen otras alternativas para generar ahorros y cubrir el d\u00e9ficit financiero.<br>Los bandos se conformaron por los que fueron propuestos por el Gobernador y los que ya estaban en funciones.<br>Cabe recordar que al mandatario le toc\u00f3 proponer a Bertha In\u00e9s Ch\u00e1vez M\u00e9ndez, Claudia Res\u00e9ndiz Aguilar, Graciela Patricia Berl\u00edn Mendoza, Denisse de los \u00c1ngeles Uribe Obreg\u00f3n, Florencia Cruz Fern\u00e1ndez, Isabel In\u00e9s Romero Cruz, Mar\u00eda del Socorro Hern\u00e1ndez Cadena, Rosalba, Hern\u00e1ndez Hern\u00e1ndez, Sof\u00eda Mart\u00ednez Huerta, Adolfo Cort\u00e9s Veneroso, C\u00e1ndido Nicanor Rivera, Esteban Mart\u00ednez V\u00e1zquez y Sergio Jim\u00e9nez Maraboto y recientemente a Claudia Ocampo Garc\u00eda, Amadeo Fabbri Carrano y Juan Jos\u00e9 Rivera Castellanos.<br>En el audio de la reuni\u00f3n \u2013 al que Notiver tuvo acceso- se escucha como algunos de los presentes, se dicen dispuestos a \u201cayudar al se\u00f1or Gobernador\u201d y hasta proponen, no contratar por seis meses a proyectistas, para generar m\u00e1s ahorros \u201cno le dar\u00edamos 10 millones al Se\u00f1or Gobernador, ser\u00eda m\u00e1s\u201d. \u201cEsto no es culpa de esta administraci\u00f3n, eso viene de otras administraciones, no hablemos de este presupuesto, eso viene de atr\u00e1s\u201d dice uno de los Presentes.<br>La misma Magistrada Concepci\u00f3n Flores, record\u00f3 que ella, personalmente, le pidi\u00f3 a la Magistrada Presidenta que se revisara el actuar de los anteriores presidentes del Poder Judicial.<br>La Magistrada Presidenta del Poder Judicial, Isabel In\u00e9s Romero Cruz, recrimina la falta de disposici\u00f3n y les recuerda que en el Periodo de Edel \u00c1lvarez se aplicaron descuentos para dar becas y nadie se inconform\u00f3.<br>Apoyaron a Edel, que hizo lo que hizo, y yo ahorita no veo ninguna disposici\u00f3n- se quej\u00f3.<br>Mire, apoyaron a Edel porque eran los fines pol\u00edticos, \u00e9l buscaba la ratificaci\u00f3n de la presidencia y de esa manera congraciarse con el Gobierno- le responden- pero no fue de manera obligatoria, fue voluntario, y por medio de la n\u00f3mina.<br>Finalmente, los Magistrados insisten en que es un Poder Aut\u00f3nomo, que no deber\u00eda tener la injerencia del Gobernador y que se busquen las soluciones para sanear las finanzas del Poder Judicial.<\/p>\n\n\n\n<p><strong>\u00a1Los van a acusar!<\/strong><\/p>\n\n\n\n<p>\u201cYo le voy a decir al Se\u00f1or Gobernador, fulano, sutano y perengano van a apoyar\u201d, con esa advertencia la Magistrada Presidenta del Poder Judicial, Isabel In\u00e9s Romero Cruz, dijo que enviar\u00e1 una lista con los nombres de los que acepten reducirse el salario al titular del Ejecutivo, Cuitl\u00e1huac Garc\u00eda Jim\u00e9nez.<br>En un audio al que Notiver tuvo acceso, la funcionaria del Poder Judicial reconoce que la petici\u00f3n viene del Mandatario y les pide que por seis meses se les aplique una reducci\u00f3n salarial del 30 por ciento.<br>Cabe mencionar que, de manera legal, el Gobernador Cuitl\u00e1huac Garc\u00eda no deber\u00eda interferir en las decisiones del Poder Judicial.<br>Especialmente, la presidenta de ese Poder Aut\u00f3nomo, no deber\u00eda \u201cenviar una lista\u201d al Gobernador donde exhiba los nombres de los que apoyan su propuesta.<br>Esta no ser\u00eda la primera vez que el Poder Ejecutivo se mete en temas del Poder Judicial, pues anteriormente, la destituida magistrada presidenta del Poder Judicial, Sof\u00eda Mart\u00ednez asegur\u00f3 que el Secretario de Gobierno, \u00c9ric Patrocinio Cisneros Burgos, la amenaz\u00f3 para dejar el cargo.<br>Su denuncia p\u00fablica, sirvi\u00f3 como pretexto no solo para quitarla del cargo, sino para llevarla a Juicio Pol\u00edtico.<br>Su \u201crebeld\u00eda\u201d al Poder Ejecutivo, la convirti\u00f3 en la primera mujer en ser retirada del cargo e inhabilitada por el Congreso y el propio poder para el que trabaja en el Tribunal Superior de Justicia de Veracruz.<br>Por haberse inconformado y desobedecido \u00f3rdenes de Palacio de Gobierno, en menos de un a\u00f1o, pas\u00f3 de ser aliada del Gobernador Cuitl\u00e1huac Garc\u00eda Jim\u00e9nez a enemiga p\u00fablica de Cisneros Burgos, quien desat\u00f3 en su contra una persecuci\u00f3n sin precedentes.<br>Con la revelaci\u00f3n de este audio, se re- confirma que en Veracruz no hay independencia de Poderes, pues el Gobernador del Estado no est\u00e1 facultado para pedir cuentas al Poder Judicial que debe gozar de plena autonom\u00eda.<\/p>\n","protected":false},"excerpt":{"rendered":"<p>Noem\u00ed ValdezReportera de Notiver \/ Exclusiva Magistrados del Poder Judicial, revelaron a Notiver, que, interfiriendo la autonom\u00eda de ese \u00f3rgano, el Gobernador del Estado, Cuitl\u00e1huac Garc\u00eda, orden\u00f3 que se les aplicara una reducci\u00f3n del 30 por ciento a su salario.La instrucci\u00f3n, lleg\u00f3 el pasado viernes, cuando la Magistrada Presidenta del Poder Judicial, Isabel In\u00e9s Romero [&hellip;]<\/p>\n","protected":false},"author":2,"featured_media":0,"comment_status":"closed","ping_status":"closed","sticky":false,"template":"","format":"standard","meta":{"tdm_status":"","tdm_grid_status":"","footnotes":""},"categories":[6446],"tags":[1681,15620,29285,27511,1225,82,29286,14196],"class_list":{"0":"post-76460","1":"post","2":"type-post","3":"status-publish","4":"format-standard","6":"category-la-nota","7":"tag-cuitlahuac-garcia","8":"tag-isabel-ines-romero-cruz","9":"tag-magistrados-del-poder-judicial","10":"tag-noemi-valdez","11":"tag-notiver","12":"tag-poder-judicial","13":"tag-reduccion-de-salario","14":"tag-tepjf"},"yoast_head":"<!-- This site is optimized with the Yoast SEO plugin v27.4 - https:\/\/yoast.com\/product\/yoast-seo-wordpress\/ -->\n<title>\u00a1Chabelazo-Gate! - Los pol\u00edticos Veracruz<\/title>\n<meta name=\"robots\" content=\"index, follow, max-snippet:-1, max-image-preview:large, max-video-preview:-1\" \/>\n<link rel=\"canonical\" href=\"https:\/\/lospoliticosveracruz.com\/?p=76460\" \/>\n<meta property=\"og:locale\" content=\"es_ES\" \/>\n<meta property=\"og:type\" content=\"article\" \/>\n<meta property=\"og:title\" content=\"\u00a1Chabelazo-Gate! - Los pol\u00edticos Veracruz\" \/>\n<meta property=\"og:description\" content=\"Noem\u00ed ValdezReportera de Notiver \/ Exclusiva Magistrados del Poder Judicial, revelaron a Notiver, que, interfiriendo la autonom\u00eda de ese \u00f3rgano, el Gobernador del Estado, Cuitl\u00e1huac Garc\u00eda, orden\u00f3 que se les aplicara una reducci\u00f3n del 30 por ciento a su salario.La instrucci\u00f3n, lleg\u00f3 el pasado viernes, cuando la Magistrada Presidenta del Poder Judicial, Isabel In\u00e9s Romero [&hellip;]\" \/>\n<meta property=\"og:url\" content=\"https:\/\/lospoliticosveracruz.com\/?p=76460\" \/>\n<meta property=\"og:site_name\" content=\"Los pol\u00edticos Veracruz\" \/>\n<meta property=\"article:publisher\" content=\"https:\/\/www.facebook.com\/people\/Notimemes-de-los-Polticos\/61565672886568\/\" \/>\n<meta property=\"article:published_time\" content=\"2021-07-08T13:57:45+00:00\" \/>\n<meta property=\"article:modified_time\" content=\"2021-07-08T13:57:49+00:00\" \/>\n<meta property=\"og:image\" content=\"http:\/\/www.lospoliticosveracruz.com.mx\/wp-content\/uploads\/2021\/07\/Cordoba.jpeg\" \/>\n<meta name=\"author\" content=\"Lo viste en Los Pol\u00edticos\" \/>\n<meta name=\"twitter:card\" content=\"summary_large_image\" \/>\n<meta name=\"twitter:creator\" content=\"@LosPoliticosVer\" \/>\n<meta name=\"twitter:site\" content=\"@LosPoliticosVer\" \/>\n<meta name=\"twitter:label1\" content=\"Escrito por\" \/>\n\t<meta name=\"twitter:data1\" content=\"Lo viste en Los Pol\u00edticos\" \/>\n\t<meta name=\"twitter:label2\" content=\"Tiempo de lectura\" \/>\n\t<meta name=\"twitter:data2\" content=\"10 minutos\" \/>\n<script type=\"application\/ld+json\" class=\"yoast-schema-graph\">{\"@context\":\"https:\\\/\\\/schema.org\",\"@graph\":[{\"@type\":\"Article\",\"@id\":\"https:\\\/\\\/lospoliticosveracruz.com\\\/?p=76460#article\",\"isPartOf\":{\"@id\":\"https:\\\/\\\/lospoliticosveracruz.com\\\/?p=76460\"},\"author\":{\"name\":\"Lo viste en Los Pol\u00edticos\",\"@id\":\"https:\\\/\\\/lospoliticosveracruz.com\\\/#\\\/schema\\\/person\\\/b8702bb0e538456e6efd07080bf2a4a2\"},\"headline\":\"\u00a1Chabelazo-Gate!\",\"datePublished\":\"2021-07-08T13:57:45+00:00\",\"dateModified\":\"2021-07-08T13:57:49+00:00\",\"mainEntityOfPage\":{\"@id\":\"https:\\\/\\\/lospoliticosveracruz.com\\\/?p=76460\"},\"wordCount\":1950,\"publisher\":{\"@id\":\"https:\\\/\\\/lospoliticosveracruz.com\\\/#organization\"},\"image\":{\"@id\":\"https:\\\/\\\/lospoliticosveracruz.com\\\/?p=76460#primaryimage\"},\"thumbnailUrl\":\"http:\\\/\\\/www.lospoliticosveracruz.com.mx\\\/wp-content\\\/uploads\\\/2021\\\/07\\\/Cordoba.jpeg\",\"keywords\":[\"Cuitl\u00e1huac Garc\u00eda\",\"Isabel In\u00e9s Romero Cruz\",\"Magistrados del Poder Judicial\",\"Noem\u00ed Valdez\",\"Notiver\",\"Poder Judicial\",\"Reducci\u00f3n de salario\",\"TEPJF\"],\"articleSection\":[\"La Nota\"],\"inLanguage\":\"es\"},{\"@type\":\"WebPage\",\"@id\":\"https:\\\/\\\/lospoliticosveracruz.com\\\/?p=76460\",\"url\":\"https:\\\/\\\/lospoliticosveracruz.com\\\/?p=76460\",\"name\":\"\u00a1Chabelazo-Gate! - Los pol\u00edticos Veracruz\",\"isPartOf\":{\"@id\":\"https:\\\/\\\/lospoliticosveracruz.com\\\/#website\"},\"primaryImageOfPage\":{\"@id\":\"https:\\\/\\\/lospoliticosveracruz.com\\\/?p=76460#primaryimage\"},\"image\":{\"@id\":\"https:\\\/\\\/lospoliticosveracruz.com\\\/?p=76460#primaryimage\"},\"thumbnailUrl\":\"http:\\\/\\\/www.lospoliticosveracruz.com.mx\\\/wp-content\\\/uploads\\\/2021\\\/07\\\/Cordoba.jpeg\",\"datePublished\":\"2021-07-08T13:57:45+00:00\",\"dateModified\":\"2021-07-08T13:57:49+00:00\",\"breadcrumb\":{\"@id\":\"https:\\\/\\\/lospoliticosveracruz.com\\\/?p=76460#breadcrumb\"},\"inLanguage\":\"es\",\"potentialAction\":[{\"@type\":\"ReadAction\",\"target\":[\"https:\\\/\\\/lospoliticosveracruz.com\\\/?p=76460\"]}]},{\"@type\":\"ImageObject\",\"inLanguage\":\"es\",\"@id\":\"https:\\\/\\\/lospoliticosveracruz.com\\\/?p=76460#primaryimage\",\"url\":\"http:\\\/\\\/www.lospoliticosveracruz.com.mx\\\/wp-content\\\/uploads\\\/2021\\\/07\\\/Cordoba.jpeg\",\"contentUrl\":\"http:\\\/\\\/www.lospoliticosveracruz.com.mx\\\/wp-content\\\/uploads\\\/2021\\\/07\\\/Cordoba.jpeg\"},{\"@type\":\"BreadcrumbList\",\"@id\":\"https:\\\/\\\/lospoliticosveracruz.com\\\/?p=76460#breadcrumb\",\"itemListElement\":[{\"@type\":\"ListItem\",\"position\":1,\"name\":\"Portada\",\"item\":\"https:\\\/\\\/lospoliticosveracruz.com\\\/\"},{\"@type\":\"ListItem\",\"position\":2,\"name\":\"\u00a1Chabelazo-Gate!\"}]},{\"@type\":\"WebSite\",\"@id\":\"https:\\\/\\\/lospoliticosveracruz.com\\\/#website\",\"url\":\"https:\\\/\\\/lospoliticosveracruz.com\\\/\",\"name\":\"Los pol\u00edticos Veracruz\",\"description\":\"\",\"publisher\":{\"@id\":\"https:\\\/\\\/lospoliticosveracruz.com\\\/#organization\"},\"potentialAction\":[{\"@type\":\"SearchAction\",\"target\":{\"@type\":\"EntryPoint\",\"urlTemplate\":\"https:\\\/\\\/lospoliticosveracruz.com\\\/?s={search_term_string}\"},\"query-input\":{\"@type\":\"PropertyValueSpecification\",\"valueRequired\":true,\"valueName\":\"search_term_string\"}}],\"inLanguage\":\"es\"},{\"@type\":\"Organization\",\"@id\":\"https:\\\/\\\/lospoliticosveracruz.com\\\/#organization\",\"name\":\"Los pol\u00edticos Veracruz\",\"url\":\"https:\\\/\\\/lospoliticosveracruz.com\\\/\",\"logo\":{\"@type\":\"ImageObject\",\"inLanguage\":\"es\",\"@id\":\"https:\\\/\\\/lospoliticosveracruz.com\\\/#\\\/schema\\\/logo\\\/image\\\/\",\"url\":\"https:\\\/\\\/lospoliticosveracruz.com\\\/wp-content\\\/uploads\\\/2025\\\/12\\\/Logo-Nuevo-LOS-POLITICOS-1.jpg\",\"contentUrl\":\"https:\\\/\\\/lospoliticosveracruz.com\\\/wp-content\\\/uploads\\\/2025\\\/12\\\/Logo-Nuevo-LOS-POLITICOS-1.jpg\",\"width\":260,\"height\":70,\"caption\":\"Los pol\u00edticos Veracruz\"},\"image\":{\"@id\":\"https:\\\/\\\/lospoliticosveracruz.com\\\/#\\\/schema\\\/logo\\\/image\\\/\"},\"sameAs\":[\"https:\\\/\\\/www.facebook.com\\\/people\\\/Notimemes-de-los-Polticos\\\/61565672886568\\\/\",\"https:\\\/\\\/x.com\\\/LosPoliticosVer\"]},{\"@type\":\"Person\",\"@id\":\"https:\\\/\\\/lospoliticosveracruz.com\\\/#\\\/schema\\\/person\\\/b8702bb0e538456e6efd07080bf2a4a2\",\"name\":\"Lo viste en Los Pol\u00edticos\",\"image\":{\"@type\":\"ImageObject\",\"inLanguage\":\"es\",\"@id\":\"https:\\\/\\\/secure.gravatar.com\\\/avatar\\\/3a8de04a2656d44082be478bd6c086daa447c4651605818287b9532d3d0bd435?s=96&d=mm&r=g\",\"url\":\"https:\\\/\\\/secure.gravatar.com\\\/avatar\\\/3a8de04a2656d44082be478bd6c086daa447c4651605818287b9532d3d0bd435?s=96&d=mm&r=g\",\"contentUrl\":\"https:\\\/\\\/secure.gravatar.com\\\/avatar\\\/3a8de04a2656d44082be478bd6c086daa447c4651605818287b9532d3d0bd435?s=96&d=mm&r=g\",\"caption\":\"Lo viste en Los Pol\u00edticos\"},\"url\":\"https:\\\/\\\/lospoliticosveracruz.com\\\/?author=2\"}]}<\/script>\n<!-- \/ Yoast SEO plugin. -->","yoast_head_json":{"title":"\u00a1Chabelazo-Gate! - Los pol\u00edticos Veracruz","robots":{"index":"index","follow":"follow","max-snippet":"max-snippet:-1","max-image-preview":"max-image-preview:large","max-video-preview":"max-video-preview:-1"},"canonical":"https:\/\/lospoliticosveracruz.com\/?p=76460","og_locale":"es_ES","og_type":"article","og_title":"\u00a1Chabelazo-Gate! - Los pol\u00edticos Veracruz","og_description":"Noem\u00ed ValdezReportera de Notiver \/ Exclusiva Magistrados del Poder Judicial, revelaron a Notiver, que, interfiriendo la autonom\u00eda de ese \u00f3rgano, el Gobernador del Estado, Cuitl\u00e1huac Garc\u00eda, orden\u00f3 que se les aplicara una reducci\u00f3n del 30 por ciento a su salario.La instrucci\u00f3n, lleg\u00f3 el pasado viernes, cuando la Magistrada Presidenta del Poder Judicial, Isabel In\u00e9s Romero [&hellip;]","og_url":"https:\/\/lospoliticosveracruz.com\/?p=76460","og_site_name":"Los pol\u00edticos Veracruz","article_publisher":"https:\/\/www.facebook.com\/people\/Notimemes-de-los-Polticos\/61565672886568\/","article_published_time":"2021-07-08T13:57:45+00:00","article_modified_time":"2021-07-08T13:57:49+00:00","og_image":[{"url":"http:\/\/www.lospoliticosveracruz.com.mx\/wp-content\/uploads\/2021\/07\/Cordoba.jpeg","type":"","width":"","height":""}],"author":"Lo viste en Los Pol\u00edticos","twitter_card":"summary_large_image","twitter_creator":"@LosPoliticosVer","twitter_site":"@LosPoliticosVer","twitter_misc":{"Escrito por":"Lo viste en Los Pol\u00edticos","Tiempo de lectura":"10 minutos"},"schema":{"@context":"https:\/\/schema.org","@graph":[{"@type":"Article","@id":"https:\/\/lospoliticosveracruz.com\/?p=76460#article","isPartOf":{"@id":"https:\/\/lospoliticosveracruz.com\/?p=76460"},"author":{"name":"Lo viste en Los Pol\u00edticos","@id":"https:\/\/lospoliticosveracruz.com\/#\/schema\/person\/b8702bb0e538456e6efd07080bf2a4a2"},"headline":"\u00a1Chabelazo-Gate!","datePublished":"2021-07-08T13:57:45+00:00","dateModified":"2021-07-08T13:57:49+00:00","mainEntityOfPage":{"@id":"https:\/\/lospoliticosveracruz.com\/?p=76460"},"wordCount":1950,"publisher":{"@id":"https:\/\/lospoliticosveracruz.com\/#organization"},"image":{"@id":"https:\/\/lospoliticosveracruz.com\/?p=76460#primaryimage"},"thumbnailUrl":"http:\/\/www.lospoliticosveracruz.com.mx\/wp-content\/uploads\/2021\/07\/Cordoba.jpeg","keywords":["Cuitl\u00e1huac Garc\u00eda","Isabel In\u00e9s Romero Cruz","Magistrados del Poder Judicial","Noem\u00ed Valdez","Notiver","Poder Judicial","Reducci\u00f3n de salario","TEPJF"],"articleSection":["La Nota"],"inLanguage":"es"},{"@type":"WebPage","@id":"https:\/\/lospoliticosveracruz.com\/?p=76460","url":"https:\/\/lospoliticosveracruz.com\/?p=76460","name":"\u00a1Chabelazo-Gate! - Los pol\u00edticos Veracruz","isPartOf":{"@id":"https:\/\/lospoliticosveracruz.com\/#website"},"primaryImageOfPage":{"@id":"https:\/\/lospoliticosveracruz.com\/?p=76460#primaryimage"},"image":{"@id":"https:\/\/lospoliticosveracruz.com\/?p=76460#primaryimage"},"thumbnailUrl":"http:\/\/www.lospoliticosveracruz.com.mx\/wp-content\/uploads\/2021\/07\/Cordoba.jpeg","datePublished":"2021-07-08T13:57:45+00:00","dateModified":"2021-07-08T13:57:49+00:00","breadcrumb":{"@id":"https:\/\/lospoliticosveracruz.com\/?p=76460#breadcrumb"},"inLanguage":"es","potentialAction":[{"@type":"ReadAction","target":["https:\/\/lospoliticosveracruz.com\/?p=76460"]}]},{"@type":"ImageObject","inLanguage":"es","@id":"https:\/\/lospoliticosveracruz.com\/?p=76460#primaryimage","url":"http:\/\/www.lospoliticosveracruz.com.mx\/wp-content\/uploads\/2021\/07\/Cordoba.jpeg","contentUrl":"http:\/\/www.lospoliticosveracruz.com.mx\/wp-content\/uploads\/2021\/07\/Cordoba.jpeg"},{"@type":"BreadcrumbList","@id":"https:\/\/lospoliticosveracruz.com\/?p=76460#breadcrumb","itemListElement":[{"@type":"ListItem","position":1,"name":"Portada","item":"https:\/\/lospoliticosveracruz.com\/"},{"@type":"ListItem","position":2,"name":"\u00a1Chabelazo-Gate!"}]},{"@type":"WebSite","@id":"https:\/\/lospoliticosveracruz.com\/#website","url":"https:\/\/lospoliticosveracruz.com\/","name":"Los pol\u00edticos Veracruz","description":"","publisher":{"@id":"https:\/\/lospoliticosveracruz.com\/#organization"},"potentialAction":[{"@type":"SearchAction","target":{"@type":"EntryPoint","urlTemplate":"https:\/\/lospoliticosveracruz.com\/?s={search_term_string}"},"query-input":{"@type":"PropertyValueSpecification","valueRequired":true,"valueName":"search_term_string"}}],"inLanguage":"es"},{"@type":"Organization","@id":"https:\/\/lospoliticosveracruz.com\/#organization","name":"Los pol\u00edticos Veracruz","url":"https:\/\/lospoliticosveracruz.com\/","logo":{"@type":"ImageObject","inLanguage":"es","@id":"https:\/\/lospoliticosveracruz.com\/#\/schema\/logo\/image\/","url":"https:\/\/lospoliticosveracruz.com\/wp-content\/uploads\/2025\/12\/Logo-Nuevo-LOS-POLITICOS-1.jpg","contentUrl":"https:\/\/lospoliticosveracruz.com\/wp-content\/uploads\/2025\/12\/Logo-Nuevo-LOS-POLITICOS-1.jpg","width":260,"height":70,"caption":"Los pol\u00edticos Veracruz"},"image":{"@id":"https:\/\/lospoliticosveracruz.com\/#\/schema\/logo\/image\/"},"sameAs":["https:\/\/www.facebook.com\/people\/Notimemes-de-los-Polticos\/61565672886568\/","https:\/\/x.com\/LosPoliticosVer"]},{"@type":"Person","@id":"https:\/\/lospoliticosveracruz.com\/#\/schema\/person\/b8702bb0e538456e6efd07080bf2a4a2","name":"Lo viste en Los Pol\u00edticos","image":{"@type":"ImageObject","inLanguage":"es","@id":"https:\/\/secure.gravatar.com\/avatar\/3a8de04a2656d44082be478bd6c086daa447c4651605818287b9532d3d0bd435?s=96&d=mm&r=g","url":"https:\/\/secure.gravatar.com\/avatar\/3a8de04a2656d44082be478bd6c086daa447c4651605818287b9532d3d0bd435?s=96&d=mm&r=g","contentUrl":"https:\/\/secure.gravatar.com\/avatar\/3a8de04a2656d44082be478bd6c086daa447c4651605818287b9532d3d0bd435?s=96&d=mm&r=g","caption":"Lo viste en Los Pol\u00edticos"},"url":"https:\/\/lospoliticosveracruz.com\/?author=2"}]}},"_links":{"self":[{"href":"https:\/\/lospoliticosveracruz.com\/index.php?rest_route=\/wp\/v2\/posts\/76460","targetHints":{"allow":["GET"]}}],"collection":[{"href":"https:\/\/lospoliticosveracruz.com\/index.php?rest_route=\/wp\/v2\/posts"}],"about":[{"href":"https:\/\/lospoliticosveracruz.com\/index.php?rest_route=\/wp\/v2\/types\/post"}],"author":[{"embeddable":true,"href":"https:\/\/lospoliticosveracruz.com\/index.php?rest_route=\/wp\/v2\/users\/2"}],"replies":[{"embeddable":true,"href":"https:\/\/lospoliticosveracruz.com\/index.php?rest_route=%2Fwp%2Fv2%2Fcomments&post=76460"}],"version-history":[{"count":1,"href":"https:\/\/lospoliticosveracruz.com\/index.php?rest_route=\/wp\/v2\/posts\/76460\/revisions"}],"predecessor-version":[{"id":76462,"href":"https:\/\/lospoliticosveracruz.com\/index.php?rest_route=\/wp\/v2\/posts\/76460\/revisions\/76462"}],"wp:attachment":[{"href":"https:\/\/lospoliticosveracruz.com\/index.php?rest_route=%2Fwp%2Fv2%2Fmedia&parent=76460"}],"wp:term":[{"taxonomy":"category","embeddable":true,"href":"https:\/\/lospoliticosveracruz.com\/index.php?rest_route=%2Fwp%2Fv2%2Fcategories&post=76460"},{"taxonomy":"post_tag","embeddable":true,"href":"https:\/\/lospoliticosveracruz.com\/index.php?rest_route=%2Fwp%2Fv2%2Ftags&post=76460"}],"curies":[{"name":"wp","href":"https:\/\/api.w.org\/{rel}","templated":true}]}}