{"id":76463,"date":"2021-07-08T09:08:57","date_gmt":"2021-07-08T14:08:57","guid":{"rendered":"http:\/\/www.lospoliticosveracruz.com.mx\/?p=76463"},"modified":"2021-07-08T09:09:04","modified_gmt":"2021-07-08T14:09:04","slug":"el-municipio-de-diez","status":"publish","type":"post","link":"https:\/\/lospoliticosveracruz.com\/?p=76463","title":{"rendered":"El Municipio de Diez"},"content":{"rendered":"\n<p><strong>Sergio Gonz\u00e1lez Levet<\/strong><\/p>\n\n\n\n<p><em>Sin tacto<br><\/em><\/p>\n\n\n\n<p>Reunido con el exigente Grupo de los Diez, Juan Manuel Diez Francos reconoce que es\u2026 hum\u2026 sangr\u00f3n.<br>S\u00ed, dice que \u00e9l es \u00abempresario y administrador, no pol\u00edtico\u00bb, y por eso no le preocupa demasiado quedar bien con la gente. \u00abSoy como soy, y a veces eso no les gusta a algunos\u00bb.<\/p>\n\n\n\n<div class=\"wp-block-image\"><figure class=\"alignleft size-large is-resized\"><a href=\"http:\/\/www.lospoliticosveracruz.com.mx\/wp-content\/uploads\/2021\/07\/Cordoba.jpeg\"><img loading=\"lazy\" decoding=\"async\" src=\"http:\/\/www.lospoliticosveracruz.com.mx\/wp-content\/uploads\/2021\/07\/Cordoba.jpeg\" alt=\"\" class=\"wp-image-76333\" width=\"233\" height=\"389\"\/><\/a><\/figure><\/div>\n\n\n\n<p><br>La primera pregunta es imprescindible: c\u00f3mo logr\u00f3 transformar la ciudad fea que era Orizaba en un pueblo m\u00e1gico, en un atractivo tur\u00edstico, que tiene ahora cientos de miles de visitantes al a\u00f1o, casi el mill\u00f3n.<br>Antes de tomar posesi\u00f3n en su primer trienio, Juan Manuel viaj\u00f3 con su padre a Espa\u00f1a, que era de all\u00e1, y le pregunt\u00f3 a sus parientes qu\u00e9 deb\u00eda hacer para mejorar a Orizaba.<br>Le dijeron que lo primero era usar agua y jab\u00f3n, que el pueblo estuviera limpio.<br>Tambi\u00e9n nos cuenta que vio que no iba a poder hacer m\u00e1s ricos a todos los habitantes del municipio, as\u00ed que se dedic\u00f3 a hacer m\u00e1s barata la vida para todos.<br>\u00abAhora, una familia con una casa de Infonavit paga al a\u00f1o entre predial, luz, agua, limpia p\u00fablica y gas alrededor de 900 pesos.<br>\u00abNo creo que haya un municipio con los servicios m\u00e1s baratos en todo el pa\u00eds.<br>\u00abEso y otras cosas lo fuimos logrando porque hicimos un plan a veinte a\u00f1os, y otros presidentes municipales, Hugo Chahin Malluly e Igor Fidel Roj\u00ed L\u00f3pez, se ajustaron a lo programado\u00bb.<br>Parece que la receta m\u00e1gica es orden y administraci\u00f3n, imaginaci\u00f3n y trabajo, austeridad y sentido com\u00fan.<br>No falt\u00f3 preguntarle por el otro empresario que ha sido exitoso en la pol\u00edtica, Ricardo Ahued. Diez Francos lo reconoce como un ejemplo y un modelo, \u00abporque aqu\u00e9l fue alcalde antes que yo. Lo respeto y he aprendido de \u00e9l\u00bb.<br>El primer d\u00eda del a\u00f1o entrante Juan Manuel empezar\u00e1 su tercera gesti\u00f3n al frente del Ayuntamiento de Orizaba. \u00bfQu\u00e9 tiene en la perspectiva para los pr\u00f3ximos cuatro a\u00f1os?<br>Consolidar el plan de rescate de Orizaba. Corregir algunas desviaciones del proyecto original. Entusiasmar a los orizabe\u00f1os y a los empleados municipales para que sigan trabajando en la transformaci\u00f3n de Orizaba\u00bb.<br>\u00ab\u00bfQue si buscar\u00e9 la gubernatura en 2024? No es algo que tenga en mente por el momento. Mi padre me ense\u00f1\u00f3 a cazar desde ni\u00f1o y aprend\u00ed que lo mejor es hacer tiros de precisi\u00f3n. Me gusta ser presidente municipal y tengo enfrente mucho trabajo. As\u00ed que no me desviar\u00e9 hacia otros sue\u00f1os\u00bb<\/p>\n\n\n\n<p>sglevet@gmail.com<\/p>\n","protected":false},"excerpt":{"rendered":"<p>Sergio Gonz\u00e1lez Levet Sin tacto Reunido con el exigente Grupo de los Diez, Juan Manuel Diez Francos reconoce que es\u2026 hum\u2026 sangr\u00f3n.S\u00ed, dice que \u00e9l es \u00abempresario y administrador, no pol\u00edtico\u00bb, y por eso no le preocupa demasiado quedar bien con la gente. \u00abSoy como soy, y a veces eso no les gusta a algunos\u00bb. [&hellip;]<\/p>\n","protected":false},"author":2,"featured_media":0,"comment_status":"closed","ping_status":"closed","sticky":false,"template":"","format":"standard","meta":{"tdm_status":"","tdm_grid_status":"","footnotes":""},"categories":[70],"tags":[7355,29287,11178,1640,1639,29288,876,1282],"class_list":{"0":"post-76463","1":"post","2":"type-post","3":"status-publish","4":"format-standard","6":"category-de-opinion","7":"tag-grupo-de-los-diez","8":"tag-hugo-chahin-malluly-2","9":"tag-igor-fidel-roji-lopez","10":"tag-juan-manuel-diez-francos","11":"tag-orizaba","12":"tag-rescate-de-orizaba","13":"tag-ricardo-ahued","14":"tag-sergio-gonzalez-levet"},"yoast_head":"<!-- This site is optimized with the Yoast SEO plugin v27.4 - https:\/\/yoast.com\/product\/yoast-seo-wordpress\/ -->\n<title>El Municipio de Diez - Los pol\u00edticos Veracruz<\/title>\n<meta name=\"robots\" content=\"index, follow, max-snippet:-1, max-image-preview:large, max-video-preview:-1\" \/>\n<link rel=\"canonical\" href=\"https:\/\/lospoliticosveracruz.com\/?p=76463\" \/>\n<meta property=\"og:locale\" content=\"es_ES\" \/>\n<meta property=\"og:type\" content=\"article\" \/>\n<meta property=\"og:title\" content=\"El Municipio de Diez - Los pol\u00edticos Veracruz\" \/>\n<meta property=\"og:description\" content=\"Sergio Gonz\u00e1lez Levet Sin tacto Reunido con el exigente Grupo de los Diez, Juan Manuel Diez Francos reconoce que es\u2026 hum\u2026 sangr\u00f3n.S\u00ed, dice que \u00e9l es \u00abempresario y administrador, no pol\u00edtico\u00bb, y por eso no le preocupa demasiado quedar bien con la gente. \u00abSoy como soy, y a veces eso no les gusta a algunos\u00bb. [&hellip;]\" \/>\n<meta property=\"og:url\" content=\"https:\/\/lospoliticosveracruz.com\/?p=76463\" \/>\n<meta property=\"og:site_name\" content=\"Los pol\u00edticos Veracruz\" \/>\n<meta property=\"article:publisher\" content=\"https:\/\/www.facebook.com\/people\/Notimemes-de-los-Polticos\/61565672886568\/\" \/>\n<meta property=\"article:published_time\" content=\"2021-07-08T14:08:57+00:00\" \/>\n<meta property=\"article:modified_time\" content=\"2021-07-08T14:09:04+00:00\" \/>\n<meta property=\"og:image\" content=\"http:\/\/www.lospoliticosveracruz.com.mx\/wp-content\/uploads\/2021\/07\/Cordoba.jpeg\" \/>\n<meta name=\"author\" content=\"Lo viste en Los Pol\u00edticos\" \/>\n<meta name=\"twitter:card\" content=\"summary_large_image\" \/>\n<meta name=\"twitter:creator\" content=\"@LosPoliticosVer\" \/>\n<meta name=\"twitter:site\" content=\"@LosPoliticosVer\" \/>\n<meta name=\"twitter:label1\" content=\"Escrito por\" \/>\n\t<meta name=\"twitter:data1\" content=\"Lo viste en Los Pol\u00edticos\" \/>\n\t<meta name=\"twitter:label2\" content=\"Tiempo de lectura\" \/>\n\t<meta name=\"twitter:data2\" content=\"2 minutos\" \/>\n<script type=\"application\/ld+json\" class=\"yoast-schema-graph\">{\"@context\":\"https:\\\/\\\/schema.org\",\"@graph\":[{\"@type\":\"Article\",\"@id\":\"https:\\\/\\\/lospoliticosveracruz.com\\\/?p=76463#article\",\"isPartOf\":{\"@id\":\"https:\\\/\\\/lospoliticosveracruz.com\\\/?p=76463\"},\"author\":{\"name\":\"Lo viste en Los Pol\u00edticos\",\"@id\":\"https:\\\/\\\/lospoliticosveracruz.com\\\/#\\\/schema\\\/person\\\/b8702bb0e538456e6efd07080bf2a4a2\"},\"headline\":\"El Municipio de Diez\",\"datePublished\":\"2021-07-08T14:08:57+00:00\",\"dateModified\":\"2021-07-08T14:09:04+00:00\",\"mainEntityOfPage\":{\"@id\":\"https:\\\/\\\/lospoliticosveracruz.com\\\/?p=76463\"},\"wordCount\":449,\"publisher\":{\"@id\":\"https:\\\/\\\/lospoliticosveracruz.com\\\/#organization\"},\"image\":{\"@id\":\"https:\\\/\\\/lospoliticosveracruz.com\\\/?p=76463#primaryimage\"},\"thumbnailUrl\":\"http:\\\/\\\/www.lospoliticosveracruz.com.mx\\\/wp-content\\\/uploads\\\/2021\\\/07\\\/Cordoba.jpeg\",\"keywords\":[\"Grupo de los Diez\",\"Hugo Chahin Malluly\",\"Igor Fidel Roj\u00ed L\u00f3pez\",\"Juan Manuel Diez Francos\",\"Orizaba\",\"rescate de Orizaba\",\"Ricardo Ahued\",\"Sergio Gonz\u00e1lez Levet\"],\"articleSection\":[\"De Opini\u00f3n\"],\"inLanguage\":\"es\"},{\"@type\":\"WebPage\",\"@id\":\"https:\\\/\\\/lospoliticosveracruz.com\\\/?p=76463\",\"url\":\"https:\\\/\\\/lospoliticosveracruz.com\\\/?p=76463\",\"name\":\"El Municipio de Diez - Los pol\u00edticos Veracruz\",\"isPartOf\":{\"@id\":\"https:\\\/\\\/lospoliticosveracruz.com\\\/#website\"},\"primaryImageOfPage\":{\"@id\":\"https:\\\/\\\/lospoliticosveracruz.com\\\/?p=76463#primaryimage\"},\"image\":{\"@id\":\"https:\\\/\\\/lospoliticosveracruz.com\\\/?p=76463#primaryimage\"},\"thumbnailUrl\":\"http:\\\/\\\/www.lospoliticosveracruz.com.mx\\\/wp-content\\\/uploads\\\/2021\\\/07\\\/Cordoba.jpeg\",\"datePublished\":\"2021-07-08T14:08:57+00:00\",\"dateModified\":\"2021-07-08T14:09:04+00:00\",\"breadcrumb\":{\"@id\":\"https:\\\/\\\/lospoliticosveracruz.com\\\/?p=76463#breadcrumb\"},\"inLanguage\":\"es\",\"potentialAction\":[{\"@type\":\"ReadAction\",\"target\":[\"https:\\\/\\\/lospoliticosveracruz.com\\\/?p=76463\"]}]},{\"@type\":\"ImageObject\",\"inLanguage\":\"es\",\"@id\":\"https:\\\/\\\/lospoliticosveracruz.com\\\/?p=76463#primaryimage\",\"url\":\"http:\\\/\\\/www.lospoliticosveracruz.com.mx\\\/wp-content\\\/uploads\\\/2021\\\/07\\\/Cordoba.jpeg\",\"contentUrl\":\"http:\\\/\\\/www.lospoliticosveracruz.com.mx\\\/wp-content\\\/uploads\\\/2021\\\/07\\\/Cordoba.jpeg\"},{\"@type\":\"BreadcrumbList\",\"@id\":\"https:\\\/\\\/lospoliticosveracruz.com\\\/?p=76463#breadcrumb\",\"itemListElement\":[{\"@type\":\"ListItem\",\"position\":1,\"name\":\"Portada\",\"item\":\"https:\\\/\\\/lospoliticosveracruz.com\\\/\"},{\"@type\":\"ListItem\",\"position\":2,\"name\":\"El Municipio de Diez\"}]},{\"@type\":\"WebSite\",\"@id\":\"https:\\\/\\\/lospoliticosveracruz.com\\\/#website\",\"url\":\"https:\\\/\\\/lospoliticosveracruz.com\\\/\",\"name\":\"Los pol\u00edticos Veracruz\",\"description\":\"\",\"publisher\":{\"@id\":\"https:\\\/\\\/lospoliticosveracruz.com\\\/#organization\"},\"potentialAction\":[{\"@type\":\"SearchAction\",\"target\":{\"@type\":\"EntryPoint\",\"urlTemplate\":\"https:\\\/\\\/lospoliticosveracruz.com\\\/?s={search_term_string}\"},\"query-input\":{\"@type\":\"PropertyValueSpecification\",\"valueRequired\":true,\"valueName\":\"search_term_string\"}}],\"inLanguage\":\"es\"},{\"@type\":\"Organization\",\"@id\":\"https:\\\/\\\/lospoliticosveracruz.com\\\/#organization\",\"name\":\"Los pol\u00edticos Veracruz\",\"url\":\"https:\\\/\\\/lospoliticosveracruz.com\\\/\",\"logo\":{\"@type\":\"ImageObject\",\"inLanguage\":\"es\",\"@id\":\"https:\\\/\\\/lospoliticosveracruz.com\\\/#\\\/schema\\\/logo\\\/image\\\/\",\"url\":\"https:\\\/\\\/lospoliticosveracruz.com\\\/wp-content\\\/uploads\\\/2025\\\/12\\\/Logo-Nuevo-LOS-POLITICOS-1.jpg\",\"contentUrl\":\"https:\\\/\\\/lospoliticosveracruz.com\\\/wp-content\\\/uploads\\\/2025\\\/12\\\/Logo-Nuevo-LOS-POLITICOS-1.jpg\",\"width\":260,\"height\":70,\"caption\":\"Los pol\u00edticos Veracruz\"},\"image\":{\"@id\":\"https:\\\/\\\/lospoliticosveracruz.com\\\/#\\\/schema\\\/logo\\\/image\\\/\"},\"sameAs\":[\"https:\\\/\\\/www.facebook.com\\\/people\\\/Notimemes-de-los-Polticos\\\/61565672886568\\\/\",\"https:\\\/\\\/x.com\\\/LosPoliticosVer\"]},{\"@type\":\"Person\",\"@id\":\"https:\\\/\\\/lospoliticosveracruz.com\\\/#\\\/schema\\\/person\\\/b8702bb0e538456e6efd07080bf2a4a2\",\"name\":\"Lo viste en Los Pol\u00edticos\",\"image\":{\"@type\":\"ImageObject\",\"inLanguage\":\"es\",\"@id\":\"https:\\\/\\\/secure.gravatar.com\\\/avatar\\\/3a8de04a2656d44082be478bd6c086daa447c4651605818287b9532d3d0bd435?s=96&d=mm&r=g\",\"url\":\"https:\\\/\\\/secure.gravatar.com\\\/avatar\\\/3a8de04a2656d44082be478bd6c086daa447c4651605818287b9532d3d0bd435?s=96&d=mm&r=g\",\"contentUrl\":\"https:\\\/\\\/secure.gravatar.com\\\/avatar\\\/3a8de04a2656d44082be478bd6c086daa447c4651605818287b9532d3d0bd435?s=96&d=mm&r=g\",\"caption\":\"Lo viste en Los Pol\u00edticos\"},\"url\":\"https:\\\/\\\/lospoliticosveracruz.com\\\/?author=2\"}]}<\/script>\n<!-- \/ Yoast SEO plugin. -->","yoast_head_json":{"title":"El Municipio de Diez - Los pol\u00edticos Veracruz","robots":{"index":"index","follow":"follow","max-snippet":"max-snippet:-1","max-image-preview":"max-image-preview:large","max-video-preview":"max-video-preview:-1"},"canonical":"https:\/\/lospoliticosveracruz.com\/?p=76463","og_locale":"es_ES","og_type":"article","og_title":"El Municipio de Diez - Los pol\u00edticos Veracruz","og_description":"Sergio Gonz\u00e1lez Levet Sin tacto Reunido con el exigente Grupo de los Diez, Juan Manuel Diez Francos reconoce que es\u2026 hum\u2026 sangr\u00f3n.S\u00ed, dice que \u00e9l es \u00abempresario y administrador, no pol\u00edtico\u00bb, y por eso no le preocupa demasiado quedar bien con la gente. \u00abSoy como soy, y a veces eso no les gusta a algunos\u00bb. [&hellip;]","og_url":"https:\/\/lospoliticosveracruz.com\/?p=76463","og_site_name":"Los pol\u00edticos Veracruz","article_publisher":"https:\/\/www.facebook.com\/people\/Notimemes-de-los-Polticos\/61565672886568\/","article_published_time":"2021-07-08T14:08:57+00:00","article_modified_time":"2021-07-08T14:09:04+00:00","og_image":[{"url":"http:\/\/www.lospoliticosveracruz.com.mx\/wp-content\/uploads\/2021\/07\/Cordoba.jpeg","type":"","width":"","height":""}],"author":"Lo viste en Los Pol\u00edticos","twitter_card":"summary_large_image","twitter_creator":"@LosPoliticosVer","twitter_site":"@LosPoliticosVer","twitter_misc":{"Escrito por":"Lo viste en Los Pol\u00edticos","Tiempo de lectura":"2 minutos"},"schema":{"@context":"https:\/\/schema.org","@graph":[{"@type":"Article","@id":"https:\/\/lospoliticosveracruz.com\/?p=76463#article","isPartOf":{"@id":"https:\/\/lospoliticosveracruz.com\/?p=76463"},"author":{"name":"Lo viste en Los Pol\u00edticos","@id":"https:\/\/lospoliticosveracruz.com\/#\/schema\/person\/b8702bb0e538456e6efd07080bf2a4a2"},"headline":"El Municipio de Diez","datePublished":"2021-07-08T14:08:57+00:00","dateModified":"2021-07-08T14:09:04+00:00","mainEntityOfPage":{"@id":"https:\/\/lospoliticosveracruz.com\/?p=76463"},"wordCount":449,"publisher":{"@id":"https:\/\/lospoliticosveracruz.com\/#organization"},"image":{"@id":"https:\/\/lospoliticosveracruz.com\/?p=76463#primaryimage"},"thumbnailUrl":"http:\/\/www.lospoliticosveracruz.com.mx\/wp-content\/uploads\/2021\/07\/Cordoba.jpeg","keywords":["Grupo de los Diez","Hugo Chahin Malluly","Igor Fidel Roj\u00ed L\u00f3pez","Juan Manuel Diez Francos","Orizaba","rescate de Orizaba","Ricardo Ahued","Sergio Gonz\u00e1lez Levet"],"articleSection":["De Opini\u00f3n"],"inLanguage":"es"},{"@type":"WebPage","@id":"https:\/\/lospoliticosveracruz.com\/?p=76463","url":"https:\/\/lospoliticosveracruz.com\/?p=76463","name":"El Municipio de Diez - Los pol\u00edticos Veracruz","isPartOf":{"@id":"https:\/\/lospoliticosveracruz.com\/#website"},"primaryImageOfPage":{"@id":"https:\/\/lospoliticosveracruz.com\/?p=76463#primaryimage"},"image":{"@id":"https:\/\/lospoliticosveracruz.com\/?p=76463#primaryimage"},"thumbnailUrl":"http:\/\/www.lospoliticosveracruz.com.mx\/wp-content\/uploads\/2021\/07\/Cordoba.jpeg","datePublished":"2021-07-08T14:08:57+00:00","dateModified":"2021-07-08T14:09:04+00:00","breadcrumb":{"@id":"https:\/\/lospoliticosveracruz.com\/?p=76463#breadcrumb"},"inLanguage":"es","potentialAction":[{"@type":"ReadAction","target":["https:\/\/lospoliticosveracruz.com\/?p=76463"]}]},{"@type":"ImageObject","inLanguage":"es","@id":"https:\/\/lospoliticosveracruz.com\/?p=76463#primaryimage","url":"http:\/\/www.lospoliticosveracruz.com.mx\/wp-content\/uploads\/2021\/07\/Cordoba.jpeg","contentUrl":"http:\/\/www.lospoliticosveracruz.com.mx\/wp-content\/uploads\/2021\/07\/Cordoba.jpeg"},{"@type":"BreadcrumbList","@id":"https:\/\/lospoliticosveracruz.com\/?p=76463#breadcrumb","itemListElement":[{"@type":"ListItem","position":1,"name":"Portada","item":"https:\/\/lospoliticosveracruz.com\/"},{"@type":"ListItem","position":2,"name":"El Municipio de Diez"}]},{"@type":"WebSite","@id":"https:\/\/lospoliticosveracruz.com\/#website","url":"https:\/\/lospoliticosveracruz.com\/","name":"Los pol\u00edticos Veracruz","description":"","publisher":{"@id":"https:\/\/lospoliticosveracruz.com\/#organization"},"potentialAction":[{"@type":"SearchAction","target":{"@type":"EntryPoint","urlTemplate":"https:\/\/lospoliticosveracruz.com\/?s={search_term_string}"},"query-input":{"@type":"PropertyValueSpecification","valueRequired":true,"valueName":"search_term_string"}}],"inLanguage":"es"},{"@type":"Organization","@id":"https:\/\/lospoliticosveracruz.com\/#organization","name":"Los pol\u00edticos Veracruz","url":"https:\/\/lospoliticosveracruz.com\/","logo":{"@type":"ImageObject","inLanguage":"es","@id":"https:\/\/lospoliticosveracruz.com\/#\/schema\/logo\/image\/","url":"https:\/\/lospoliticosveracruz.com\/wp-content\/uploads\/2025\/12\/Logo-Nuevo-LOS-POLITICOS-1.jpg","contentUrl":"https:\/\/lospoliticosveracruz.com\/wp-content\/uploads\/2025\/12\/Logo-Nuevo-LOS-POLITICOS-1.jpg","width":260,"height":70,"caption":"Los pol\u00edticos Veracruz"},"image":{"@id":"https:\/\/lospoliticosveracruz.com\/#\/schema\/logo\/image\/"},"sameAs":["https:\/\/www.facebook.com\/people\/Notimemes-de-los-Polticos\/61565672886568\/","https:\/\/x.com\/LosPoliticosVer"]},{"@type":"Person","@id":"https:\/\/lospoliticosveracruz.com\/#\/schema\/person\/b8702bb0e538456e6efd07080bf2a4a2","name":"Lo viste en Los Pol\u00edticos","image":{"@type":"ImageObject","inLanguage":"es","@id":"https:\/\/secure.gravatar.com\/avatar\/3a8de04a2656d44082be478bd6c086daa447c4651605818287b9532d3d0bd435?s=96&d=mm&r=g","url":"https:\/\/secure.gravatar.com\/avatar\/3a8de04a2656d44082be478bd6c086daa447c4651605818287b9532d3d0bd435?s=96&d=mm&r=g","contentUrl":"https:\/\/secure.gravatar.com\/avatar\/3a8de04a2656d44082be478bd6c086daa447c4651605818287b9532d3d0bd435?s=96&d=mm&r=g","caption":"Lo viste en Los Pol\u00edticos"},"url":"https:\/\/lospoliticosveracruz.com\/?author=2"}]}},"_links":{"self":[{"href":"https:\/\/lospoliticosveracruz.com\/index.php?rest_route=\/wp\/v2\/posts\/76463","targetHints":{"allow":["GET"]}}],"collection":[{"href":"https:\/\/lospoliticosveracruz.com\/index.php?rest_route=\/wp\/v2\/posts"}],"about":[{"href":"https:\/\/lospoliticosveracruz.com\/index.php?rest_route=\/wp\/v2\/types\/post"}],"author":[{"embeddable":true,"href":"https:\/\/lospoliticosveracruz.com\/index.php?rest_route=\/wp\/v2\/users\/2"}],"replies":[{"embeddable":true,"href":"https:\/\/lospoliticosveracruz.com\/index.php?rest_route=%2Fwp%2Fv2%2Fcomments&post=76463"}],"version-history":[{"count":1,"href":"https:\/\/lospoliticosveracruz.com\/index.php?rest_route=\/wp\/v2\/posts\/76463\/revisions"}],"predecessor-version":[{"id":76464,"href":"https:\/\/lospoliticosveracruz.com\/index.php?rest_route=\/wp\/v2\/posts\/76463\/revisions\/76464"}],"wp:attachment":[{"href":"https:\/\/lospoliticosveracruz.com\/index.php?rest_route=%2Fwp%2Fv2%2Fmedia&parent=76463"}],"wp:term":[{"taxonomy":"category","embeddable":true,"href":"https:\/\/lospoliticosveracruz.com\/index.php?rest_route=%2Fwp%2Fv2%2Fcategories&post=76463"},{"taxonomy":"post_tag","embeddable":true,"href":"https:\/\/lospoliticosveracruz.com\/index.php?rest_route=%2Fwp%2Fv2%2Ftags&post=76463"}],"curies":[{"name":"wp","href":"https:\/\/api.w.org\/{rel}","templated":true}]}}