{"id":76670,"date":"2021-07-13T07:57:26","date_gmt":"2021-07-13T12:57:26","guid":{"rendered":"http:\/\/www.lospoliticosveracruz.com.mx\/?p=76670"},"modified":"2021-07-13T07:57:29","modified_gmt":"2021-07-13T12:57:29","slug":"los-tuxtlas-cuic-y-el-caron","status":"publish","type":"post","link":"https:\/\/lospoliticosveracruz.com\/?p=76670","title":{"rendered":"Los Tuxtlas, Cuic y el Car\u00f3n"},"content":{"rendered":"\n<p><strong>Salvador Mu\u00f1oz<\/strong><\/p>\n\n\n\n<p><em>Los Pol\u00edticos<br><\/em><\/p>\n\n\n\n<p>El camino realmente era una tortura si ibas en esas camionetas que hac\u00edan de servicio de transporte\u2026 fueras en la batea o la cabina, parec\u00eda secci\u00f3n de maquillaje: polvo por ac\u00e1, polvo por all\u00e1, polvo por acull\u00e1\u2026 o el para\u00edso de un cocain\u00f3mano: porque el polvo se te met\u00eda hasta lo m\u00e1s profundo de las narices. Bien val\u00eda la pena tal viacrucis cuando se llegaba al destino: La Barra de Sontecomapan y Montep\u00edo, un ed\u00e9n en la regi\u00f3n de los Tuxtlas.<\/p>\n\n\n\n<div class=\"wp-block-image\"><figure class=\"alignleft size-large is-resized\"><a href=\"http:\/\/www.lospoliticosveracruz.com.mx\/wp-content\/uploads\/2021\/07\/924BE8BF-C140-4F7C-9107-DD5A92720E81.jpeg\"><img loading=\"lazy\" decoding=\"async\" src=\"http:\/\/www.lospoliticosveracruz.com.mx\/wp-content\/uploads\/2021\/07\/924BE8BF-C140-4F7C-9107-DD5A92720E81.jpeg\" alt=\"\" class=\"wp-image-76620\" width=\"233\" height=\"389\"\/><\/a><\/figure><\/div>\n\n\n\n<p><br>El \u201cCuitlanador\u201d dice que hace diez a\u00f1os se prometi\u00f3 hacer una carretera en esta regi\u00f3n pero que nom\u00e1s se qued\u00f3 en eso\u2026 una promesa. Creo que Garc\u00eda Jim\u00e9nez se qued\u00f3 corto\u2026 las promesas las escuch\u00e9 f\u00e1cilmente hace m\u00e1s de 20 a\u00f1os. Peor a\u00fan: se dej\u00f3 en promesas a un pueblo en aras de atraer simpat\u00edas y votos, pero nunca se tuvo la visi\u00f3n para hacer lo que se ten\u00eda que hacer.<br>Quien conozca como turista la Barra de Sontecomapan y Montep\u00edo puede hablar de todo el enorme potencial que hay en esta zona que antes, por falta de infraestructura carretera, no se le pod\u00eda poner la mecha para alcanzar la detonaci\u00f3n de la regi\u00f3n\u2026<br>El pasado fin de semana recorr\u00ed con Garc\u00eda Jim\u00e9nez y el diputado por el distrito de San Andr\u00e9s Tuxtla, Juan Javier G\u00f3mez Cazar\u00edn, la primera parte del tramo carretero Camino Sontecomapan-Montep\u00edo-Barra de Sontecomapan\u2026 aclaro: ellos lo hicieron in situ; yo, sigui\u00e9ndolos por video.<br>Aparte de la carretera que ya inicia el segundo tramo, El Car\u00f3n habl\u00f3 de la electrificaci\u00f3n de la zona de la Barra de Sontecomapan, demanda que por m\u00e1s de 18 a\u00f1os hicieron sus pobladores.<br>Alguna vez coment\u00e9 con un Gobernador que la regi\u00f3n de los Tuxtlas estaba para llevar a cabo un Xcaret\u2026 \u00a1se tiene todo! Me respondi\u00f3 que ya hab\u00eda comentado con Miguel Quintana Pali precisamente sobre esa idea pero hab\u00eda un ligero detalle que se ten\u00eda primero que solventar: que el destino hotelero estuviera primero a 30 minutos del aeropuerto internacional m\u00e1s cercano, que si aplicamos el google map, ser\u00eda el de Canticas, que pensamos que est\u00e1 en Coatza, que se llama Aeropuerto Internacional de Minatitl\u00e1n, pero est\u00e1 en esa localidad del municipio de Cosoleacaque.<\/p>\n\n\n\n<div class=\"wp-block-image\"><figure class=\"alignleft size-large is-resized\"><a href=\"http:\/\/www.lospoliticosveracruz.com.mx\/wp-content\/uploads\/2021\/07\/BC303C53-5B1B-41DB-83A8-F91CDDBACA76.jpeg\"><img loading=\"lazy\" decoding=\"async\" src=\"http:\/\/www.lospoliticosveracruz.com.mx\/wp-content\/uploads\/2021\/07\/BC303C53-5B1B-41DB-83A8-F91CDDBACA76.jpeg\" alt=\"\" class=\"wp-image-76619\" width=\"233\" height=\"389\"\/><\/a><\/figure><\/div>\n\n\n\n<p><br>Ah\u00ed pusimos el primer \u201cpero\u201d\u2026<br>El segundo \u201cpero\u201d era la carretera, libre de baches, de hoyos, que dieran la garant\u00eda al turista de un viaje placentero\u2026<br>El tercero, la seguridad\u2026<br>Total que me qued\u00f3 claro en aquella ocasi\u00f3n que son nuestras carreteras, sean estatales o federales, uno de los principales problemas para pensar en desarrollo y por ende, en turismo.<br>Ahora, se pas\u00f3 de la idea a los hechos: en ese mismo recorrido que hacen Garc\u00eda Jim\u00e9nez y el diputado G\u00f3mez Cazar\u00edn, dan cuenta que el tramo que comprende San Andr\u00e9s Tuxtla, Catemaco y Acayucan, se rehabilitar\u00e1. Lo que s\u00ed no entend\u00ed si lo que comprende los Tuxtlas ser\u00e1 de cuatro carriles o se ir\u00e1n hasta Acayucan.<br>El asunto es que se tuvo que municipalizar el tramo San Andr\u00e9s-Catemaco para que el gobierno estatal junto con el municipal pudieran meter mano.<br>\u00a1Ojo! porque el calor que le dio Garc\u00eda Jim\u00e9nez al Car\u00f3n, no s\u00f3lo por la labor de gestor\u00eda sino por su papel en el Congreso, no es para echar en saco roto\u2026<br>Como sea, las obras que se desarrollan en los Tuxtlas, ponen todo a X\u00f3chitl Arbes\u00fa Lago en bandeja de plata (sin botanas) para que nom\u00e1s empuje la pelotita y meta gol\u2026 a menos que siga haciendo lo mejor que ha hecho a lo largo de estos casi tres a\u00f1os en la secretar\u00eda de Turismo\u2026 hacerla de Turista.<\/p>\n\n\n\n<p>smcainito@gmail.com<\/p>\n","protected":false},"excerpt":{"rendered":"<p>Salvador Mu\u00f1oz Los Pol\u00edticos El camino realmente era una tortura si ibas en esas camionetas que hac\u00edan de servicio de transporte\u2026 fueras en la batea o la cabina, parec\u00eda secci\u00f3n de maquillaje: polvo por ac\u00e1, polvo por all\u00e1, polvo por acull\u00e1\u2026 o el para\u00edso de un cocain\u00f3mano: porque el polvo se te met\u00eda hasta lo [&hellip;]<\/p>\n","protected":false},"author":2,"featured_media":0,"comment_status":"closed","ping_status":"closed","sticky":false,"template":"","format":"standard","meta":{"tdm_status":"","tdm_grid_status":"","footnotes":""},"categories":[70],"tags":[1563,12695,2646,122,29358],"class_list":{"0":"post-76670","1":"post","2":"type-post","3":"status-publish","4":"format-standard","6":"category-de-opinion","7":"tag-cuitlahuac-garcia-jimenez","8":"tag-juan-javier-gomez-cazarin","9":"tag-salvador-munoz","10":"tag-san-andres-tuxtla","11":"tag-sontecomapan"},"yoast_head":"<!-- This site is optimized with the Yoast SEO plugin v27.4 - https:\/\/yoast.com\/product\/yoast-seo-wordpress\/ -->\n<title>Los Tuxtlas, Cuic y el Car\u00f3n - Los pol\u00edticos Veracruz<\/title>\n<meta name=\"robots\" content=\"index, follow, max-snippet:-1, max-image-preview:large, max-video-preview:-1\" \/>\n<link rel=\"canonical\" href=\"https:\/\/lospoliticosveracruz.com\/?p=76670\" \/>\n<meta property=\"og:locale\" content=\"es_ES\" \/>\n<meta property=\"og:type\" content=\"article\" \/>\n<meta property=\"og:title\" content=\"Los Tuxtlas, Cuic y el Car\u00f3n - Los pol\u00edticos Veracruz\" \/>\n<meta property=\"og:description\" content=\"Salvador Mu\u00f1oz Los Pol\u00edticos El camino realmente era una tortura si ibas en esas camionetas que hac\u00edan de servicio de transporte\u2026 fueras en la batea o la cabina, parec\u00eda secci\u00f3n de maquillaje: polvo por ac\u00e1, polvo por all\u00e1, polvo por acull\u00e1\u2026 o el para\u00edso de un cocain\u00f3mano: porque el polvo se te met\u00eda hasta lo [&hellip;]\" \/>\n<meta property=\"og:url\" content=\"https:\/\/lospoliticosveracruz.com\/?p=76670\" \/>\n<meta property=\"og:site_name\" content=\"Los pol\u00edticos Veracruz\" \/>\n<meta property=\"article:publisher\" content=\"https:\/\/www.facebook.com\/people\/Notimemes-de-los-Polticos\/61565672886568\/\" \/>\n<meta property=\"article:published_time\" content=\"2021-07-13T12:57:26+00:00\" \/>\n<meta property=\"article:modified_time\" content=\"2021-07-13T12:57:29+00:00\" \/>\n<meta property=\"og:image\" content=\"http:\/\/www.lospoliticosveracruz.com.mx\/wp-content\/uploads\/2021\/07\/924BE8BF-C140-4F7C-9107-DD5A92720E81.jpeg\" \/>\n<meta name=\"author\" content=\"Lo viste en Los Pol\u00edticos\" \/>\n<meta name=\"twitter:card\" content=\"summary_large_image\" \/>\n<meta name=\"twitter:creator\" content=\"@LosPoliticosVer\" \/>\n<meta name=\"twitter:site\" content=\"@LosPoliticosVer\" \/>\n<meta name=\"twitter:label1\" content=\"Escrito por\" \/>\n\t<meta name=\"twitter:data1\" content=\"Lo viste en Los Pol\u00edticos\" \/>\n\t<meta name=\"twitter:label2\" content=\"Tiempo de lectura\" \/>\n\t<meta name=\"twitter:data2\" content=\"3 minutos\" \/>\n<script type=\"application\/ld+json\" class=\"yoast-schema-graph\">{\"@context\":\"https:\\\/\\\/schema.org\",\"@graph\":[{\"@type\":\"Article\",\"@id\":\"https:\\\/\\\/lospoliticosveracruz.com\\\/?p=76670#article\",\"isPartOf\":{\"@id\":\"https:\\\/\\\/lospoliticosveracruz.com\\\/?p=76670\"},\"author\":{\"name\":\"Lo viste en Los Pol\u00edticos\",\"@id\":\"https:\\\/\\\/lospoliticosveracruz.com\\\/#\\\/schema\\\/person\\\/b8702bb0e538456e6efd07080bf2a4a2\"},\"headline\":\"Los Tuxtlas, Cuic y el Car\u00f3n\",\"datePublished\":\"2021-07-13T12:57:26+00:00\",\"dateModified\":\"2021-07-13T12:57:29+00:00\",\"mainEntityOfPage\":{\"@id\":\"https:\\\/\\\/lospoliticosveracruz.com\\\/?p=76670\"},\"wordCount\":671,\"publisher\":{\"@id\":\"https:\\\/\\\/lospoliticosveracruz.com\\\/#organization\"},\"image\":{\"@id\":\"https:\\\/\\\/lospoliticosveracruz.com\\\/?p=76670#primaryimage\"},\"thumbnailUrl\":\"http:\\\/\\\/www.lospoliticosveracruz.com.mx\\\/wp-content\\\/uploads\\\/2021\\\/07\\\/924BE8BF-C140-4F7C-9107-DD5A92720E81.jpeg\",\"keywords\":[\"Cuitl\u00e1huac Garc\u00eda Jim\u00e9nez\",\"Juan Javier G\u00f3mez Cazar\u00edn\",\"Salvador Mu\u00f1oz\",\"San Andr\u00e9s Tuxtla\",\"Sontecomapan\"],\"articleSection\":[\"De Opini\u00f3n\"],\"inLanguage\":\"es\"},{\"@type\":\"WebPage\",\"@id\":\"https:\\\/\\\/lospoliticosveracruz.com\\\/?p=76670\",\"url\":\"https:\\\/\\\/lospoliticosveracruz.com\\\/?p=76670\",\"name\":\"Los Tuxtlas, Cuic y el Car\u00f3n - Los pol\u00edticos Veracruz\",\"isPartOf\":{\"@id\":\"https:\\\/\\\/lospoliticosveracruz.com\\\/#website\"},\"primaryImageOfPage\":{\"@id\":\"https:\\\/\\\/lospoliticosveracruz.com\\\/?p=76670#primaryimage\"},\"image\":{\"@id\":\"https:\\\/\\\/lospoliticosveracruz.com\\\/?p=76670#primaryimage\"},\"thumbnailUrl\":\"http:\\\/\\\/www.lospoliticosveracruz.com.mx\\\/wp-content\\\/uploads\\\/2021\\\/07\\\/924BE8BF-C140-4F7C-9107-DD5A92720E81.jpeg\",\"datePublished\":\"2021-07-13T12:57:26+00:00\",\"dateModified\":\"2021-07-13T12:57:29+00:00\",\"breadcrumb\":{\"@id\":\"https:\\\/\\\/lospoliticosveracruz.com\\\/?p=76670#breadcrumb\"},\"inLanguage\":\"es\",\"potentialAction\":[{\"@type\":\"ReadAction\",\"target\":[\"https:\\\/\\\/lospoliticosveracruz.com\\\/?p=76670\"]}]},{\"@type\":\"ImageObject\",\"inLanguage\":\"es\",\"@id\":\"https:\\\/\\\/lospoliticosveracruz.com\\\/?p=76670#primaryimage\",\"url\":\"http:\\\/\\\/www.lospoliticosveracruz.com.mx\\\/wp-content\\\/uploads\\\/2021\\\/07\\\/924BE8BF-C140-4F7C-9107-DD5A92720E81.jpeg\",\"contentUrl\":\"http:\\\/\\\/www.lospoliticosveracruz.com.mx\\\/wp-content\\\/uploads\\\/2021\\\/07\\\/924BE8BF-C140-4F7C-9107-DD5A92720E81.jpeg\"},{\"@type\":\"BreadcrumbList\",\"@id\":\"https:\\\/\\\/lospoliticosveracruz.com\\\/?p=76670#breadcrumb\",\"itemListElement\":[{\"@type\":\"ListItem\",\"position\":1,\"name\":\"Portada\",\"item\":\"https:\\\/\\\/lospoliticosveracruz.com\\\/\"},{\"@type\":\"ListItem\",\"position\":2,\"name\":\"Los Tuxtlas, Cuic y el Car\u00f3n\"}]},{\"@type\":\"WebSite\",\"@id\":\"https:\\\/\\\/lospoliticosveracruz.com\\\/#website\",\"url\":\"https:\\\/\\\/lospoliticosveracruz.com\\\/\",\"name\":\"Los pol\u00edticos Veracruz\",\"description\":\"\",\"publisher\":{\"@id\":\"https:\\\/\\\/lospoliticosveracruz.com\\\/#organization\"},\"potentialAction\":[{\"@type\":\"SearchAction\",\"target\":{\"@type\":\"EntryPoint\",\"urlTemplate\":\"https:\\\/\\\/lospoliticosveracruz.com\\\/?s={search_term_string}\"},\"query-input\":{\"@type\":\"PropertyValueSpecification\",\"valueRequired\":true,\"valueName\":\"search_term_string\"}}],\"inLanguage\":\"es\"},{\"@type\":\"Organization\",\"@id\":\"https:\\\/\\\/lospoliticosveracruz.com\\\/#organization\",\"name\":\"Los pol\u00edticos Veracruz\",\"url\":\"https:\\\/\\\/lospoliticosveracruz.com\\\/\",\"logo\":{\"@type\":\"ImageObject\",\"inLanguage\":\"es\",\"@id\":\"https:\\\/\\\/lospoliticosveracruz.com\\\/#\\\/schema\\\/logo\\\/image\\\/\",\"url\":\"https:\\\/\\\/lospoliticosveracruz.com\\\/wp-content\\\/uploads\\\/2025\\\/12\\\/Logo-Nuevo-LOS-POLITICOS-1.jpg\",\"contentUrl\":\"https:\\\/\\\/lospoliticosveracruz.com\\\/wp-content\\\/uploads\\\/2025\\\/12\\\/Logo-Nuevo-LOS-POLITICOS-1.jpg\",\"width\":260,\"height\":70,\"caption\":\"Los pol\u00edticos Veracruz\"},\"image\":{\"@id\":\"https:\\\/\\\/lospoliticosveracruz.com\\\/#\\\/schema\\\/logo\\\/image\\\/\"},\"sameAs\":[\"https:\\\/\\\/www.facebook.com\\\/people\\\/Notimemes-de-los-Polticos\\\/61565672886568\\\/\",\"https:\\\/\\\/x.com\\\/LosPoliticosVer\"]},{\"@type\":\"Person\",\"@id\":\"https:\\\/\\\/lospoliticosveracruz.com\\\/#\\\/schema\\\/person\\\/b8702bb0e538456e6efd07080bf2a4a2\",\"name\":\"Lo viste en Los Pol\u00edticos\",\"image\":{\"@type\":\"ImageObject\",\"inLanguage\":\"es\",\"@id\":\"https:\\\/\\\/secure.gravatar.com\\\/avatar\\\/3a8de04a2656d44082be478bd6c086daa447c4651605818287b9532d3d0bd435?s=96&d=mm&r=g\",\"url\":\"https:\\\/\\\/secure.gravatar.com\\\/avatar\\\/3a8de04a2656d44082be478bd6c086daa447c4651605818287b9532d3d0bd435?s=96&d=mm&r=g\",\"contentUrl\":\"https:\\\/\\\/secure.gravatar.com\\\/avatar\\\/3a8de04a2656d44082be478bd6c086daa447c4651605818287b9532d3d0bd435?s=96&d=mm&r=g\",\"caption\":\"Lo viste en Los Pol\u00edticos\"},\"url\":\"https:\\\/\\\/lospoliticosveracruz.com\\\/?author=2\"}]}<\/script>\n<!-- \/ Yoast SEO plugin. -->","yoast_head_json":{"title":"Los Tuxtlas, Cuic y el Car\u00f3n - Los pol\u00edticos Veracruz","robots":{"index":"index","follow":"follow","max-snippet":"max-snippet:-1","max-image-preview":"max-image-preview:large","max-video-preview":"max-video-preview:-1"},"canonical":"https:\/\/lospoliticosveracruz.com\/?p=76670","og_locale":"es_ES","og_type":"article","og_title":"Los Tuxtlas, Cuic y el Car\u00f3n - Los pol\u00edticos Veracruz","og_description":"Salvador Mu\u00f1oz Los Pol\u00edticos El camino realmente era una tortura si ibas en esas camionetas que hac\u00edan de servicio de transporte\u2026 fueras en la batea o la cabina, parec\u00eda secci\u00f3n de maquillaje: polvo por ac\u00e1, polvo por all\u00e1, polvo por acull\u00e1\u2026 o el para\u00edso de un cocain\u00f3mano: porque el polvo se te met\u00eda hasta lo [&hellip;]","og_url":"https:\/\/lospoliticosveracruz.com\/?p=76670","og_site_name":"Los pol\u00edticos Veracruz","article_publisher":"https:\/\/www.facebook.com\/people\/Notimemes-de-los-Polticos\/61565672886568\/","article_published_time":"2021-07-13T12:57:26+00:00","article_modified_time":"2021-07-13T12:57:29+00:00","og_image":[{"url":"http:\/\/www.lospoliticosveracruz.com.mx\/wp-content\/uploads\/2021\/07\/924BE8BF-C140-4F7C-9107-DD5A92720E81.jpeg","type":"","width":"","height":""}],"author":"Lo viste en Los Pol\u00edticos","twitter_card":"summary_large_image","twitter_creator":"@LosPoliticosVer","twitter_site":"@LosPoliticosVer","twitter_misc":{"Escrito por":"Lo viste en Los Pol\u00edticos","Tiempo de lectura":"3 minutos"},"schema":{"@context":"https:\/\/schema.org","@graph":[{"@type":"Article","@id":"https:\/\/lospoliticosveracruz.com\/?p=76670#article","isPartOf":{"@id":"https:\/\/lospoliticosveracruz.com\/?p=76670"},"author":{"name":"Lo viste en Los Pol\u00edticos","@id":"https:\/\/lospoliticosveracruz.com\/#\/schema\/person\/b8702bb0e538456e6efd07080bf2a4a2"},"headline":"Los Tuxtlas, Cuic y el Car\u00f3n","datePublished":"2021-07-13T12:57:26+00:00","dateModified":"2021-07-13T12:57:29+00:00","mainEntityOfPage":{"@id":"https:\/\/lospoliticosveracruz.com\/?p=76670"},"wordCount":671,"publisher":{"@id":"https:\/\/lospoliticosveracruz.com\/#organization"},"image":{"@id":"https:\/\/lospoliticosveracruz.com\/?p=76670#primaryimage"},"thumbnailUrl":"http:\/\/www.lospoliticosveracruz.com.mx\/wp-content\/uploads\/2021\/07\/924BE8BF-C140-4F7C-9107-DD5A92720E81.jpeg","keywords":["Cuitl\u00e1huac Garc\u00eda Jim\u00e9nez","Juan Javier G\u00f3mez Cazar\u00edn","Salvador Mu\u00f1oz","San Andr\u00e9s Tuxtla","Sontecomapan"],"articleSection":["De Opini\u00f3n"],"inLanguage":"es"},{"@type":"WebPage","@id":"https:\/\/lospoliticosveracruz.com\/?p=76670","url":"https:\/\/lospoliticosveracruz.com\/?p=76670","name":"Los Tuxtlas, Cuic y el Car\u00f3n - Los pol\u00edticos Veracruz","isPartOf":{"@id":"https:\/\/lospoliticosveracruz.com\/#website"},"primaryImageOfPage":{"@id":"https:\/\/lospoliticosveracruz.com\/?p=76670#primaryimage"},"image":{"@id":"https:\/\/lospoliticosveracruz.com\/?p=76670#primaryimage"},"thumbnailUrl":"http:\/\/www.lospoliticosveracruz.com.mx\/wp-content\/uploads\/2021\/07\/924BE8BF-C140-4F7C-9107-DD5A92720E81.jpeg","datePublished":"2021-07-13T12:57:26+00:00","dateModified":"2021-07-13T12:57:29+00:00","breadcrumb":{"@id":"https:\/\/lospoliticosveracruz.com\/?p=76670#breadcrumb"},"inLanguage":"es","potentialAction":[{"@type":"ReadAction","target":["https:\/\/lospoliticosveracruz.com\/?p=76670"]}]},{"@type":"ImageObject","inLanguage":"es","@id":"https:\/\/lospoliticosveracruz.com\/?p=76670#primaryimage","url":"http:\/\/www.lospoliticosveracruz.com.mx\/wp-content\/uploads\/2021\/07\/924BE8BF-C140-4F7C-9107-DD5A92720E81.jpeg","contentUrl":"http:\/\/www.lospoliticosveracruz.com.mx\/wp-content\/uploads\/2021\/07\/924BE8BF-C140-4F7C-9107-DD5A92720E81.jpeg"},{"@type":"BreadcrumbList","@id":"https:\/\/lospoliticosveracruz.com\/?p=76670#breadcrumb","itemListElement":[{"@type":"ListItem","position":1,"name":"Portada","item":"https:\/\/lospoliticosveracruz.com\/"},{"@type":"ListItem","position":2,"name":"Los Tuxtlas, Cuic y el Car\u00f3n"}]},{"@type":"WebSite","@id":"https:\/\/lospoliticosveracruz.com\/#website","url":"https:\/\/lospoliticosveracruz.com\/","name":"Los pol\u00edticos Veracruz","description":"","publisher":{"@id":"https:\/\/lospoliticosveracruz.com\/#organization"},"potentialAction":[{"@type":"SearchAction","target":{"@type":"EntryPoint","urlTemplate":"https:\/\/lospoliticosveracruz.com\/?s={search_term_string}"},"query-input":{"@type":"PropertyValueSpecification","valueRequired":true,"valueName":"search_term_string"}}],"inLanguage":"es"},{"@type":"Organization","@id":"https:\/\/lospoliticosveracruz.com\/#organization","name":"Los pol\u00edticos Veracruz","url":"https:\/\/lospoliticosveracruz.com\/","logo":{"@type":"ImageObject","inLanguage":"es","@id":"https:\/\/lospoliticosveracruz.com\/#\/schema\/logo\/image\/","url":"https:\/\/lospoliticosveracruz.com\/wp-content\/uploads\/2025\/12\/Logo-Nuevo-LOS-POLITICOS-1.jpg","contentUrl":"https:\/\/lospoliticosveracruz.com\/wp-content\/uploads\/2025\/12\/Logo-Nuevo-LOS-POLITICOS-1.jpg","width":260,"height":70,"caption":"Los pol\u00edticos Veracruz"},"image":{"@id":"https:\/\/lospoliticosveracruz.com\/#\/schema\/logo\/image\/"},"sameAs":["https:\/\/www.facebook.com\/people\/Notimemes-de-los-Polticos\/61565672886568\/","https:\/\/x.com\/LosPoliticosVer"]},{"@type":"Person","@id":"https:\/\/lospoliticosveracruz.com\/#\/schema\/person\/b8702bb0e538456e6efd07080bf2a4a2","name":"Lo viste en Los Pol\u00edticos","image":{"@type":"ImageObject","inLanguage":"es","@id":"https:\/\/secure.gravatar.com\/avatar\/3a8de04a2656d44082be478bd6c086daa447c4651605818287b9532d3d0bd435?s=96&d=mm&r=g","url":"https:\/\/secure.gravatar.com\/avatar\/3a8de04a2656d44082be478bd6c086daa447c4651605818287b9532d3d0bd435?s=96&d=mm&r=g","contentUrl":"https:\/\/secure.gravatar.com\/avatar\/3a8de04a2656d44082be478bd6c086daa447c4651605818287b9532d3d0bd435?s=96&d=mm&r=g","caption":"Lo viste en Los Pol\u00edticos"},"url":"https:\/\/lospoliticosveracruz.com\/?author=2"}]}},"_links":{"self":[{"href":"https:\/\/lospoliticosveracruz.com\/index.php?rest_route=\/wp\/v2\/posts\/76670","targetHints":{"allow":["GET"]}}],"collection":[{"href":"https:\/\/lospoliticosveracruz.com\/index.php?rest_route=\/wp\/v2\/posts"}],"about":[{"href":"https:\/\/lospoliticosveracruz.com\/index.php?rest_route=\/wp\/v2\/types\/post"}],"author":[{"embeddable":true,"href":"https:\/\/lospoliticosveracruz.com\/index.php?rest_route=\/wp\/v2\/users\/2"}],"replies":[{"embeddable":true,"href":"https:\/\/lospoliticosveracruz.com\/index.php?rest_route=%2Fwp%2Fv2%2Fcomments&post=76670"}],"version-history":[{"count":1,"href":"https:\/\/lospoliticosveracruz.com\/index.php?rest_route=\/wp\/v2\/posts\/76670\/revisions"}],"predecessor-version":[{"id":76671,"href":"https:\/\/lospoliticosveracruz.com\/index.php?rest_route=\/wp\/v2\/posts\/76670\/revisions\/76671"}],"wp:attachment":[{"href":"https:\/\/lospoliticosveracruz.com\/index.php?rest_route=%2Fwp%2Fv2%2Fmedia&parent=76670"}],"wp:term":[{"taxonomy":"category","embeddable":true,"href":"https:\/\/lospoliticosveracruz.com\/index.php?rest_route=%2Fwp%2Fv2%2Fcategories&post=76670"},{"taxonomy":"post_tag","embeddable":true,"href":"https:\/\/lospoliticosveracruz.com\/index.php?rest_route=%2Fwp%2Fv2%2Ftags&post=76670"}],"curies":[{"name":"wp","href":"https:\/\/api.w.org\/{rel}","templated":true}]}}