{"id":76730,"date":"2021-07-14T07:57:09","date_gmt":"2021-07-14T12:57:09","guid":{"rendered":"http:\/\/www.lospoliticosveracruz.com.mx\/?p=76730"},"modified":"2021-07-14T07:57:14","modified_gmt":"2021-07-14T12:57:14","slug":"el-pan-en-dos-escenarios","status":"publish","type":"post","link":"https:\/\/lospoliticosveracruz.com\/?p=76730","title":{"rendered":"El PAN en dos escenarios"},"content":{"rendered":"\n<p><strong>Salvador Mu\u00f1oz<\/strong><\/p>\n\n\n\n<p><em>Los Pol\u00edticos<br><\/em><\/p>\n\n\n\n<p>Para algunos panistas, la decisi\u00f3n de Joaqu\u00edn Guzm\u00e1n Avil\u00e9s de ir por la reelecci\u00f3n como presidente del partido se sustenta en las condiciones que vivi\u00f3 su dirigencia, tanto en lo pol\u00edtico como econ\u00f3mico.<br>Para otros panistas, la intenci\u00f3n de reelegirse de Joaqu\u00edn Guzm\u00e1n Avil\u00e9s no es posible sustentar porque los resultados en las pasadas elecciones no lo ayudan, no lo fortalecen.<br>Con estos dos escenarios, en un ejercicio de s\u00edntesis, trataremos de exponer ambos lados en torno a lo que ven los panistas, ya sea a favor del Chapito, o en contra de \u00e9l:<\/p>\n\n\n\n<div class=\"wp-block-image\"><figure class=\"alignleft size-large is-resized\"><a href=\"http:\/\/www.lospoliticosveracruz.com.mx\/wp-content\/uploads\/2021\/07\/BC303C53-5B1B-41DB-83A8-F91CDDBACA76.jpeg\"><img loading=\"lazy\" decoding=\"async\" src=\"http:\/\/www.lospoliticosveracruz.com.mx\/wp-content\/uploads\/2021\/07\/BC303C53-5B1B-41DB-83A8-F91CDDBACA76.jpeg\" alt=\"\" class=\"wp-image-76619\" width=\"233\" height=\"389\"\/><\/a><\/figure><\/div>\n\n\n\n<ul class=\"wp-block-list\"><li>A favor del Chapito:<br>Si empezamos por el lado pol\u00edtico, este pasado lunes, en la Quinta Casa del \u00c1rbol del puerto jarocho, El Chapito sostuvo una reuni\u00f3n con liderazgos panistas en Veracruz donde uno de los temas fue su reelecci\u00f3n aunque eso s\u00ed, no solt\u00f3 prenda de qui\u00e9n podr\u00eda acompa\u00f1arlo en la secretar\u00eda general.<br>Hay que recordar que el inicio de su dirigencia estuvo \u201cmanchada\u201d por la actuaci\u00f3n de una gran parte de la bancada panista que se rebel\u00f3 a la designaci\u00f3n de su coordinador legislativo: Omar Miranda. \u00a1Papelazo de panistas!<br>En el tema econ\u00f3mico, en esa misma reuni\u00f3n, Guzm\u00e1n Avil\u00e9s abord\u00f3 el tema de los malos manejos que encontr\u00f3 en la administraci\u00f3n de Pepe Mancha y del tesorero Abel Cuevas Melo.<br>Hay que recordar las multas que el OPLE aplic\u00f3 al PAN que suman 36 millones de pesos en total, mismas que han mermado la econom\u00eda del partido: en 2018, multa por 23 mdp y en 2019, por 13 mdp. El motivo: gastos no partidistas.<br>\u201c\u00bfQu\u00e9 hicimos cuando llegamos? Lo primero, limpiar la casa, y \u00bfC\u00f3mo empezamos a limpiar la casa?, primero de situaciones graves que ten\u00eda el partido, deudas enormes que nos dejaron, deudas de gastos personales amplios del comit\u00e9 anterior, demandas de aviadores del Comit\u00e9 Estatal y contratos con empresas dudosas\u201d.<br>As\u00ed, en esa reuni\u00f3n donde hubo cerca de 250 liderazgos panistas, entre ellas Julen Rementer\u00eda, Omar Miranda, Victor Serralde, Ana Cristina Ledezma, Marco Antonio Nu\u00f1ez, Agust\u00edn Andrade Murga, Jes\u00fas Guzm\u00e1n, el Chapito no tuvo empacho en decir que participaron en esta pasada elecci\u00f3n con el 15% del presupuesto anual, porque el resto fue para pagar las deudas que dejaron.<\/li><li>En contra del Chapito:<br>Para los otros panistas, la actual dirigencia del Chapito est\u00e1 sustentada en un elemento con dos escenarios: la traici\u00f3n.<br>En el 2018, Pepe Mancha, con apoyo de Julen Rementer\u00eda, Omar Miranda y los Garc\u00eda Guzm\u00e1n, derrota al Chapito. El resultado, avalado por el \u00f3rgano intrapartidista, fue impugnado por Guzm\u00e1n Avil\u00e9s en Tribunales.<br>Uno de los escenarios) El Tribunal local, controlado por el Gobierno del Estado morenista, anul\u00f3 la elecci\u00f3n aduciendo la p\u00e9rdida de la cadena de custodia de los paquetes electorales; la Sala Regional Xalapa desestim\u00f3 dicha resoluci\u00f3n ratificando el triunfo de Mancha; al final, la Sala Superior revoc\u00f3 la resoluci\u00f3n de Sala Regional dejando firme la anulaci\u00f3n de la elecci\u00f3n y ordenando al Tribunal Electoral de Veracruz la decisi\u00f3n de convocar a nuevos comicios mismo que ocurri\u00f3 inmediatamente, repiti\u00e9ndose la elecci\u00f3n en septiembre de 2019.<br>Ah\u00ed es donde entra el elemento de la traici\u00f3n en el segundo escenario) Siendo uno de los beneficiados del bienio yunista con la titularidad de la SIOP y con la primera f\u00f3rmula del senado, Julen Rementer\u00eda decidi\u00f3 cambiar de barco traicionando a Pepe Mancha, y en esa chaqueta, se llev\u00f3 a su hijo (por supuesto), a Omar Miranda y a los Garc\u00eda Guzm\u00e1n.<br>Por eso es que hay panistas que consideran que gracias a esas operaciones con Gobierno del Estado, Guzm\u00e1n Avil\u00e9s consigue premios para su cuerpo de abogados durante el juicio de la primera elecci\u00f3n (donde Pepe Mancha gan\u00f3). Su entonces representante legal, C\u00e1ndido Nicanor Rivera, hoy en d\u00eda es Magistrado, designado por el Congreso Local a propuesta del Gobernador; menci\u00f3n aparte merece el Magistrado del Tribunal Local Electoral de Veracruz, Roberto Eduardo S\u00edgala Aguilar, se\u00f1alado incluso por Indira Rosales de recibir una Magistratura para su esposa Claudia Ocampo Garc\u00eda\u2026 de ah\u00ed el \u00e9xito del cuerpo de abogados de Guzm\u00e1n Avil\u00e9s.<br>Ahora bien, para competir por la dirigencia estatal del PAN, los Yunes y Mancha hacen un bloque con Enrique Cambranis (hablando de mujeres y traiciones) para presentar la planilla encabezada por Tito Delf\u00edn Cano y a la Senadora Indira Rosales San Rom\u00e1n como Secretaria General.<br>Esta batalla apenas inicia y es claro que el PAN necesita renovarse\u2026 pues para nadie pasa desapercibido que de gobernar 106 alcald\u00edas a partir de 2022 s\u00f3lo presidir\u00e1 16\u2026<\/li><\/ul>\n\n\n\n<p>smcainito@gmail.com<\/p>\n","protected":false},"excerpt":{"rendered":"<p>Salvador Mu\u00f1oz Los Pol\u00edticos Para algunos panistas, la decisi\u00f3n de Joaqu\u00edn Guzm\u00e1n Avil\u00e9s de ir por la reelecci\u00f3n como presidente del partido se sustenta en las condiciones que vivi\u00f3 su dirigencia, tanto en lo pol\u00edtico como econ\u00f3mico.Para otros panistas, la intenci\u00f3n de reelegirse de Joaqu\u00edn Guzm\u00e1n Avil\u00e9s no es posible sustentar porque los resultados en [&hellip;]<\/p>\n","protected":false},"author":2,"featured_media":0,"comment_status":"closed","ping_status":"closed","sticky":false,"template":"","format":"standard","meta":{"tdm_status":"","tdm_grid_status":"","footnotes":""},"categories":[70],"tags":[2226,5514,29388,3288,1130,29389,12807,3272,1065,29390,2646,8317],"class_list":{"0":"post-76730","1":"post","2":"type-post","3":"status-publish","4":"format-standard","6":"category-de-opinion","7":"tag-enrique-cambranis","8":"tag-indira-rosales","9":"tag-jesus-guzman","10":"tag-joaquin-guzman-aviles","11":"tag-julen-rementeria","12":"tag-marco-antonio-nunez-2","13":"tag-omar-miranda","14":"tag-ople","15":"tag-pepe-mancha","16":"tag-roberto-eduardo-sigala-aguilar-2","17":"tag-salvador-munoz","18":"tag-tev"},"yoast_head":"<!-- This site is optimized with the Yoast SEO plugin v27.4 - https:\/\/yoast.com\/product\/yoast-seo-wordpress\/ -->\n<title>El PAN en dos escenarios - Los pol\u00edticos Veracruz<\/title>\n<meta name=\"robots\" content=\"index, follow, max-snippet:-1, max-image-preview:large, max-video-preview:-1\" \/>\n<link rel=\"canonical\" href=\"https:\/\/lospoliticosveracruz.com\/?p=76730\" \/>\n<meta property=\"og:locale\" content=\"es_ES\" \/>\n<meta property=\"og:type\" content=\"article\" \/>\n<meta property=\"og:title\" content=\"El PAN en dos escenarios - Los pol\u00edticos Veracruz\" \/>\n<meta property=\"og:description\" content=\"Salvador Mu\u00f1oz Los Pol\u00edticos Para algunos panistas, la decisi\u00f3n de Joaqu\u00edn Guzm\u00e1n Avil\u00e9s de ir por la reelecci\u00f3n como presidente del partido se sustenta en las condiciones que vivi\u00f3 su dirigencia, tanto en lo pol\u00edtico como econ\u00f3mico.Para otros panistas, la intenci\u00f3n de reelegirse de Joaqu\u00edn Guzm\u00e1n Avil\u00e9s no es posible sustentar porque los resultados en [&hellip;]\" \/>\n<meta property=\"og:url\" content=\"https:\/\/lospoliticosveracruz.com\/?p=76730\" \/>\n<meta property=\"og:site_name\" content=\"Los pol\u00edticos Veracruz\" \/>\n<meta property=\"article:publisher\" content=\"https:\/\/www.facebook.com\/people\/Notimemes-de-los-Polticos\/61565672886568\/\" \/>\n<meta property=\"article:published_time\" content=\"2021-07-14T12:57:09+00:00\" \/>\n<meta property=\"article:modified_time\" content=\"2021-07-14T12:57:14+00:00\" \/>\n<meta property=\"og:image\" content=\"http:\/\/www.lospoliticosveracruz.com.mx\/wp-content\/uploads\/2021\/07\/BC303C53-5B1B-41DB-83A8-F91CDDBACA76.jpeg\" \/>\n<meta name=\"author\" content=\"Lo viste en Los Pol\u00edticos\" \/>\n<meta name=\"twitter:card\" content=\"summary_large_image\" \/>\n<meta name=\"twitter:creator\" content=\"@LosPoliticosVer\" \/>\n<meta name=\"twitter:site\" content=\"@LosPoliticosVer\" \/>\n<meta name=\"twitter:label1\" content=\"Escrito por\" \/>\n\t<meta name=\"twitter:data1\" content=\"Lo viste en Los Pol\u00edticos\" \/>\n\t<meta name=\"twitter:label2\" content=\"Tiempo de lectura\" \/>\n\t<meta name=\"twitter:data2\" content=\"4 minutos\" \/>\n<script type=\"application\/ld+json\" class=\"yoast-schema-graph\">{\"@context\":\"https:\\\/\\\/schema.org\",\"@graph\":[{\"@type\":\"Article\",\"@id\":\"https:\\\/\\\/lospoliticosveracruz.com\\\/?p=76730#article\",\"isPartOf\":{\"@id\":\"https:\\\/\\\/lospoliticosveracruz.com\\\/?p=76730\"},\"author\":{\"name\":\"Lo viste en Los Pol\u00edticos\",\"@id\":\"https:\\\/\\\/lospoliticosveracruz.com\\\/#\\\/schema\\\/person\\\/b8702bb0e538456e6efd07080bf2a4a2\"},\"headline\":\"El PAN en dos escenarios\",\"datePublished\":\"2021-07-14T12:57:09+00:00\",\"dateModified\":\"2021-07-14T12:57:14+00:00\",\"mainEntityOfPage\":{\"@id\":\"https:\\\/\\\/lospoliticosveracruz.com\\\/?p=76730\"},\"wordCount\":816,\"publisher\":{\"@id\":\"https:\\\/\\\/lospoliticosveracruz.com\\\/#organization\"},\"image\":{\"@id\":\"https:\\\/\\\/lospoliticosveracruz.com\\\/?p=76730#primaryimage\"},\"thumbnailUrl\":\"http:\\\/\\\/www.lospoliticosveracruz.com.mx\\\/wp-content\\\/uploads\\\/2021\\\/07\\\/BC303C53-5B1B-41DB-83A8-F91CDDBACA76.jpeg\",\"keywords\":[\"Enrique Cambranis\",\"Indira Rosales\",\"Jes\u00fas Guzm\u00e1n\",\"Joaqu\u00edn Guzm\u00e1n Avil\u00e9s\",\"Julen Rementer\u00eda\",\"Marco Antonio Nu\u00f1ez\",\"Omar Miranda\",\"OPLE\",\"Pepe Mancha\",\"Roberto Eduardo S\u00edgala Aguilar\",\"Salvador Mu\u00f1oz\",\"TEV\"],\"articleSection\":[\"De Opini\u00f3n\"],\"inLanguage\":\"es\"},{\"@type\":\"WebPage\",\"@id\":\"https:\\\/\\\/lospoliticosveracruz.com\\\/?p=76730\",\"url\":\"https:\\\/\\\/lospoliticosveracruz.com\\\/?p=76730\",\"name\":\"El PAN en dos escenarios - Los pol\u00edticos Veracruz\",\"isPartOf\":{\"@id\":\"https:\\\/\\\/lospoliticosveracruz.com\\\/#website\"},\"primaryImageOfPage\":{\"@id\":\"https:\\\/\\\/lospoliticosveracruz.com\\\/?p=76730#primaryimage\"},\"image\":{\"@id\":\"https:\\\/\\\/lospoliticosveracruz.com\\\/?p=76730#primaryimage\"},\"thumbnailUrl\":\"http:\\\/\\\/www.lospoliticosveracruz.com.mx\\\/wp-content\\\/uploads\\\/2021\\\/07\\\/BC303C53-5B1B-41DB-83A8-F91CDDBACA76.jpeg\",\"datePublished\":\"2021-07-14T12:57:09+00:00\",\"dateModified\":\"2021-07-14T12:57:14+00:00\",\"breadcrumb\":{\"@id\":\"https:\\\/\\\/lospoliticosveracruz.com\\\/?p=76730#breadcrumb\"},\"inLanguage\":\"es\",\"potentialAction\":[{\"@type\":\"ReadAction\",\"target\":[\"https:\\\/\\\/lospoliticosveracruz.com\\\/?p=76730\"]}]},{\"@type\":\"ImageObject\",\"inLanguage\":\"es\",\"@id\":\"https:\\\/\\\/lospoliticosveracruz.com\\\/?p=76730#primaryimage\",\"url\":\"http:\\\/\\\/www.lospoliticosveracruz.com.mx\\\/wp-content\\\/uploads\\\/2021\\\/07\\\/BC303C53-5B1B-41DB-83A8-F91CDDBACA76.jpeg\",\"contentUrl\":\"http:\\\/\\\/www.lospoliticosveracruz.com.mx\\\/wp-content\\\/uploads\\\/2021\\\/07\\\/BC303C53-5B1B-41DB-83A8-F91CDDBACA76.jpeg\"},{\"@type\":\"BreadcrumbList\",\"@id\":\"https:\\\/\\\/lospoliticosveracruz.com\\\/?p=76730#breadcrumb\",\"itemListElement\":[{\"@type\":\"ListItem\",\"position\":1,\"name\":\"Portada\",\"item\":\"https:\\\/\\\/lospoliticosveracruz.com\\\/\"},{\"@type\":\"ListItem\",\"position\":2,\"name\":\"El PAN en dos escenarios\"}]},{\"@type\":\"WebSite\",\"@id\":\"https:\\\/\\\/lospoliticosveracruz.com\\\/#website\",\"url\":\"https:\\\/\\\/lospoliticosveracruz.com\\\/\",\"name\":\"Los pol\u00edticos Veracruz\",\"description\":\"\",\"publisher\":{\"@id\":\"https:\\\/\\\/lospoliticosveracruz.com\\\/#organization\"},\"potentialAction\":[{\"@type\":\"SearchAction\",\"target\":{\"@type\":\"EntryPoint\",\"urlTemplate\":\"https:\\\/\\\/lospoliticosveracruz.com\\\/?s={search_term_string}\"},\"query-input\":{\"@type\":\"PropertyValueSpecification\",\"valueRequired\":true,\"valueName\":\"search_term_string\"}}],\"inLanguage\":\"es\"},{\"@type\":\"Organization\",\"@id\":\"https:\\\/\\\/lospoliticosveracruz.com\\\/#organization\",\"name\":\"Los pol\u00edticos Veracruz\",\"url\":\"https:\\\/\\\/lospoliticosveracruz.com\\\/\",\"logo\":{\"@type\":\"ImageObject\",\"inLanguage\":\"es\",\"@id\":\"https:\\\/\\\/lospoliticosveracruz.com\\\/#\\\/schema\\\/logo\\\/image\\\/\",\"url\":\"https:\\\/\\\/lospoliticosveracruz.com\\\/wp-content\\\/uploads\\\/2025\\\/12\\\/Logo-Nuevo-LOS-POLITICOS-1.jpg\",\"contentUrl\":\"https:\\\/\\\/lospoliticosveracruz.com\\\/wp-content\\\/uploads\\\/2025\\\/12\\\/Logo-Nuevo-LOS-POLITICOS-1.jpg\",\"width\":260,\"height\":70,\"caption\":\"Los pol\u00edticos Veracruz\"},\"image\":{\"@id\":\"https:\\\/\\\/lospoliticosveracruz.com\\\/#\\\/schema\\\/logo\\\/image\\\/\"},\"sameAs\":[\"https:\\\/\\\/www.facebook.com\\\/people\\\/Notimemes-de-los-Polticos\\\/61565672886568\\\/\",\"https:\\\/\\\/x.com\\\/LosPoliticosVer\"]},{\"@type\":\"Person\",\"@id\":\"https:\\\/\\\/lospoliticosveracruz.com\\\/#\\\/schema\\\/person\\\/b8702bb0e538456e6efd07080bf2a4a2\",\"name\":\"Lo viste en Los Pol\u00edticos\",\"image\":{\"@type\":\"ImageObject\",\"inLanguage\":\"es\",\"@id\":\"https:\\\/\\\/secure.gravatar.com\\\/avatar\\\/3a8de04a2656d44082be478bd6c086daa447c4651605818287b9532d3d0bd435?s=96&d=mm&r=g\",\"url\":\"https:\\\/\\\/secure.gravatar.com\\\/avatar\\\/3a8de04a2656d44082be478bd6c086daa447c4651605818287b9532d3d0bd435?s=96&d=mm&r=g\",\"contentUrl\":\"https:\\\/\\\/secure.gravatar.com\\\/avatar\\\/3a8de04a2656d44082be478bd6c086daa447c4651605818287b9532d3d0bd435?s=96&d=mm&r=g\",\"caption\":\"Lo viste en Los Pol\u00edticos\"},\"url\":\"https:\\\/\\\/lospoliticosveracruz.com\\\/?author=2\"}]}<\/script>\n<!-- \/ Yoast SEO plugin. -->","yoast_head_json":{"title":"El PAN en dos escenarios - Los pol\u00edticos Veracruz","robots":{"index":"index","follow":"follow","max-snippet":"max-snippet:-1","max-image-preview":"max-image-preview:large","max-video-preview":"max-video-preview:-1"},"canonical":"https:\/\/lospoliticosveracruz.com\/?p=76730","og_locale":"es_ES","og_type":"article","og_title":"El PAN en dos escenarios - Los pol\u00edticos Veracruz","og_description":"Salvador Mu\u00f1oz Los Pol\u00edticos Para algunos panistas, la decisi\u00f3n de Joaqu\u00edn Guzm\u00e1n Avil\u00e9s de ir por la reelecci\u00f3n como presidente del partido se sustenta en las condiciones que vivi\u00f3 su dirigencia, tanto en lo pol\u00edtico como econ\u00f3mico.Para otros panistas, la intenci\u00f3n de reelegirse de Joaqu\u00edn Guzm\u00e1n Avil\u00e9s no es posible sustentar porque los resultados en [&hellip;]","og_url":"https:\/\/lospoliticosveracruz.com\/?p=76730","og_site_name":"Los pol\u00edticos Veracruz","article_publisher":"https:\/\/www.facebook.com\/people\/Notimemes-de-los-Polticos\/61565672886568\/","article_published_time":"2021-07-14T12:57:09+00:00","article_modified_time":"2021-07-14T12:57:14+00:00","og_image":[{"url":"http:\/\/www.lospoliticosveracruz.com.mx\/wp-content\/uploads\/2021\/07\/BC303C53-5B1B-41DB-83A8-F91CDDBACA76.jpeg","type":"","width":"","height":""}],"author":"Lo viste en Los Pol\u00edticos","twitter_card":"summary_large_image","twitter_creator":"@LosPoliticosVer","twitter_site":"@LosPoliticosVer","twitter_misc":{"Escrito por":"Lo viste en Los Pol\u00edticos","Tiempo de lectura":"4 minutos"},"schema":{"@context":"https:\/\/schema.org","@graph":[{"@type":"Article","@id":"https:\/\/lospoliticosveracruz.com\/?p=76730#article","isPartOf":{"@id":"https:\/\/lospoliticosveracruz.com\/?p=76730"},"author":{"name":"Lo viste en Los Pol\u00edticos","@id":"https:\/\/lospoliticosveracruz.com\/#\/schema\/person\/b8702bb0e538456e6efd07080bf2a4a2"},"headline":"El PAN en dos escenarios","datePublished":"2021-07-14T12:57:09+00:00","dateModified":"2021-07-14T12:57:14+00:00","mainEntityOfPage":{"@id":"https:\/\/lospoliticosveracruz.com\/?p=76730"},"wordCount":816,"publisher":{"@id":"https:\/\/lospoliticosveracruz.com\/#organization"},"image":{"@id":"https:\/\/lospoliticosveracruz.com\/?p=76730#primaryimage"},"thumbnailUrl":"http:\/\/www.lospoliticosveracruz.com.mx\/wp-content\/uploads\/2021\/07\/BC303C53-5B1B-41DB-83A8-F91CDDBACA76.jpeg","keywords":["Enrique Cambranis","Indira Rosales","Jes\u00fas Guzm\u00e1n","Joaqu\u00edn Guzm\u00e1n Avil\u00e9s","Julen Rementer\u00eda","Marco Antonio Nu\u00f1ez","Omar Miranda","OPLE","Pepe Mancha","Roberto Eduardo S\u00edgala Aguilar","Salvador Mu\u00f1oz","TEV"],"articleSection":["De Opini\u00f3n"],"inLanguage":"es"},{"@type":"WebPage","@id":"https:\/\/lospoliticosveracruz.com\/?p=76730","url":"https:\/\/lospoliticosveracruz.com\/?p=76730","name":"El PAN en dos escenarios - Los pol\u00edticos Veracruz","isPartOf":{"@id":"https:\/\/lospoliticosveracruz.com\/#website"},"primaryImageOfPage":{"@id":"https:\/\/lospoliticosveracruz.com\/?p=76730#primaryimage"},"image":{"@id":"https:\/\/lospoliticosveracruz.com\/?p=76730#primaryimage"},"thumbnailUrl":"http:\/\/www.lospoliticosveracruz.com.mx\/wp-content\/uploads\/2021\/07\/BC303C53-5B1B-41DB-83A8-F91CDDBACA76.jpeg","datePublished":"2021-07-14T12:57:09+00:00","dateModified":"2021-07-14T12:57:14+00:00","breadcrumb":{"@id":"https:\/\/lospoliticosveracruz.com\/?p=76730#breadcrumb"},"inLanguage":"es","potentialAction":[{"@type":"ReadAction","target":["https:\/\/lospoliticosveracruz.com\/?p=76730"]}]},{"@type":"ImageObject","inLanguage":"es","@id":"https:\/\/lospoliticosveracruz.com\/?p=76730#primaryimage","url":"http:\/\/www.lospoliticosveracruz.com.mx\/wp-content\/uploads\/2021\/07\/BC303C53-5B1B-41DB-83A8-F91CDDBACA76.jpeg","contentUrl":"http:\/\/www.lospoliticosveracruz.com.mx\/wp-content\/uploads\/2021\/07\/BC303C53-5B1B-41DB-83A8-F91CDDBACA76.jpeg"},{"@type":"BreadcrumbList","@id":"https:\/\/lospoliticosveracruz.com\/?p=76730#breadcrumb","itemListElement":[{"@type":"ListItem","position":1,"name":"Portada","item":"https:\/\/lospoliticosveracruz.com\/"},{"@type":"ListItem","position":2,"name":"El PAN en dos escenarios"}]},{"@type":"WebSite","@id":"https:\/\/lospoliticosveracruz.com\/#website","url":"https:\/\/lospoliticosveracruz.com\/","name":"Los pol\u00edticos Veracruz","description":"","publisher":{"@id":"https:\/\/lospoliticosveracruz.com\/#organization"},"potentialAction":[{"@type":"SearchAction","target":{"@type":"EntryPoint","urlTemplate":"https:\/\/lospoliticosveracruz.com\/?s={search_term_string}"},"query-input":{"@type":"PropertyValueSpecification","valueRequired":true,"valueName":"search_term_string"}}],"inLanguage":"es"},{"@type":"Organization","@id":"https:\/\/lospoliticosveracruz.com\/#organization","name":"Los pol\u00edticos Veracruz","url":"https:\/\/lospoliticosveracruz.com\/","logo":{"@type":"ImageObject","inLanguage":"es","@id":"https:\/\/lospoliticosveracruz.com\/#\/schema\/logo\/image\/","url":"https:\/\/lospoliticosveracruz.com\/wp-content\/uploads\/2025\/12\/Logo-Nuevo-LOS-POLITICOS-1.jpg","contentUrl":"https:\/\/lospoliticosveracruz.com\/wp-content\/uploads\/2025\/12\/Logo-Nuevo-LOS-POLITICOS-1.jpg","width":260,"height":70,"caption":"Los pol\u00edticos Veracruz"},"image":{"@id":"https:\/\/lospoliticosveracruz.com\/#\/schema\/logo\/image\/"},"sameAs":["https:\/\/www.facebook.com\/people\/Notimemes-de-los-Polticos\/61565672886568\/","https:\/\/x.com\/LosPoliticosVer"]},{"@type":"Person","@id":"https:\/\/lospoliticosveracruz.com\/#\/schema\/person\/b8702bb0e538456e6efd07080bf2a4a2","name":"Lo viste en Los Pol\u00edticos","image":{"@type":"ImageObject","inLanguage":"es","@id":"https:\/\/secure.gravatar.com\/avatar\/3a8de04a2656d44082be478bd6c086daa447c4651605818287b9532d3d0bd435?s=96&d=mm&r=g","url":"https:\/\/secure.gravatar.com\/avatar\/3a8de04a2656d44082be478bd6c086daa447c4651605818287b9532d3d0bd435?s=96&d=mm&r=g","contentUrl":"https:\/\/secure.gravatar.com\/avatar\/3a8de04a2656d44082be478bd6c086daa447c4651605818287b9532d3d0bd435?s=96&d=mm&r=g","caption":"Lo viste en Los Pol\u00edticos"},"url":"https:\/\/lospoliticosveracruz.com\/?author=2"}]}},"_links":{"self":[{"href":"https:\/\/lospoliticosveracruz.com\/index.php?rest_route=\/wp\/v2\/posts\/76730","targetHints":{"allow":["GET"]}}],"collection":[{"href":"https:\/\/lospoliticosveracruz.com\/index.php?rest_route=\/wp\/v2\/posts"}],"about":[{"href":"https:\/\/lospoliticosveracruz.com\/index.php?rest_route=\/wp\/v2\/types\/post"}],"author":[{"embeddable":true,"href":"https:\/\/lospoliticosveracruz.com\/index.php?rest_route=\/wp\/v2\/users\/2"}],"replies":[{"embeddable":true,"href":"https:\/\/lospoliticosveracruz.com\/index.php?rest_route=%2Fwp%2Fv2%2Fcomments&post=76730"}],"version-history":[{"count":1,"href":"https:\/\/lospoliticosveracruz.com\/index.php?rest_route=\/wp\/v2\/posts\/76730\/revisions"}],"predecessor-version":[{"id":76731,"href":"https:\/\/lospoliticosveracruz.com\/index.php?rest_route=\/wp\/v2\/posts\/76730\/revisions\/76731"}],"wp:attachment":[{"href":"https:\/\/lospoliticosveracruz.com\/index.php?rest_route=%2Fwp%2Fv2%2Fmedia&parent=76730"}],"wp:term":[{"taxonomy":"category","embeddable":true,"href":"https:\/\/lospoliticosveracruz.com\/index.php?rest_route=%2Fwp%2Fv2%2Fcategories&post=76730"},{"taxonomy":"post_tag","embeddable":true,"href":"https:\/\/lospoliticosveracruz.com\/index.php?rest_route=%2Fwp%2Fv2%2Ftags&post=76730"}],"curies":[{"name":"wp","href":"https:\/\/api.w.org\/{rel}","templated":true}]}}