{"id":76746,"date":"2021-07-14T10:10:23","date_gmt":"2021-07-14T15:10:23","guid":{"rendered":"http:\/\/www.lospoliticosveracruz.com.mx\/?p=76746"},"modified":"2021-07-14T10:10:28","modified_gmt":"2021-07-14T15:10:28","slug":"a-clases-presenciales-en-agosto-amlo","status":"publish","type":"post","link":"https:\/\/lospoliticosveracruz.com\/?p=76746","title":{"rendered":"A clases presenciales en agosto: AMLO"},"content":{"rendered":"\n<div class=\"wp-block-image\"><figure class=\"alignleft size-large is-resized\"><a href=\"http:\/\/www.lospoliticosveracruz.com.mx\/wp-content\/uploads\/2021\/07\/924BE8BF-C140-4F7C-9107-DD5A92720E81.jpeg\"><img loading=\"lazy\" decoding=\"async\" src=\"http:\/\/www.lospoliticosveracruz.com.mx\/wp-content\/uploads\/2021\/07\/924BE8BF-C140-4F7C-9107-DD5A92720E81.jpeg\" alt=\"\" class=\"wp-image-76620\" width=\"233\" height=\"389\"\/><\/a><\/figure><\/div>\n\n\n\n<p><strong>Xalapa<\/strong><br>Porque solo \u00abhay un peque\u00f1o rebrote de coronavirus\u00bb, el presidente Andr\u00e9s Manuel L\u00f3pez Obrador anunci\u00f3 el regreso a clases presenciales en el pa\u00eds para el pr\u00f3ximo ciclo escolar.<br>\u00abVamos a reiniciar las clases, as\u00ed definitivamente, y hay un peque\u00f1o rebrote de contagios, pero ya tenemos m\u00e1s vacunaci\u00f3n, y por lo mismo hay menos riesgos\u00bb.<br>De ah\u00ed que ya no se puede \u00abtener a las escuelas cerradas, necesitamos abrir , de modo que el inicio a clases presenciales se dar\u00e1\u00bb.<br>En la ma\u00f1anera de este mi\u00e9rcoles, el presidente Andr\u00e9s Manuel L\u00f3pez Obrador, adelant\u00f3 la petici\u00f3n de padres de familia para poner en buen estado a las escuelas del pa\u00eds.<br>\u00abNos estamos preparando para el inicio de clases presenciales, tenemos que poner en buen estado a las escuelas, porque necesitamos del apoyo de autoridades estatales y municipales, tambi\u00e9n de las sociedades de padres y madres de familia, porque han estado abandonada las escuelas durante mucho tiempo\u00bb.<br>Adelant\u00f3 que para la pr\u00f3xima semana \u00abdaremos a conocer una propuesta para que con tiempo nos preparemos todos, madres, padres y autoridades, maestros, maestras, que no nos acostumbremos, tenemos que regresar a clases\u00bb, sentenci\u00f3 el presidente Andr\u00e9s Manuel L\u00f3pez Obrador.<br>Hay que recordar que el subsecretario de Prevenci\u00f3n y Promoci\u00f3n de la Salud, Hugo L\u00f3pez-Gatell, admiti\u00f3 que M\u00e9xico lleva cuatro semanas con una tercera ola de covid-19.<br>Pero, matiz\u00f3, se han logrado reducir los casos graves de coronavirus.<\/p>\n","protected":false},"excerpt":{"rendered":"<p>XalapaPorque solo \u00abhay un peque\u00f1o rebrote de coronavirus\u00bb, el presidente Andr\u00e9s Manuel L\u00f3pez Obrador anunci\u00f3 el regreso a clases presenciales en el pa\u00eds para el pr\u00f3ximo ciclo escolar.\u00abVamos a reiniciar las clases, as\u00ed definitivamente, y hay un peque\u00f1o rebrote de contagios, pero ya tenemos m\u00e1s vacunaci\u00f3n, y por lo mismo hay menos riesgos\u00bb.De ah\u00ed que [&hellip;]<\/p>\n","protected":false},"author":2,"featured_media":0,"comment_status":"closed","ping_status":"closed","sticky":false,"template":"","format":"standard","meta":{"tdm_status":"","tdm_grid_status":"","footnotes":""},"categories":[6446],"tags":[618,24197,16264,29404,14270,23138,5899,26959,19347],"class_list":{"0":"post-76746","1":"post","2":"type-post","3":"status-publish","4":"format-standard","6":"category-la-nota","7":"tag-andres-manuel-lopez-obrador","8":"tag-clases-presenciales","9":"tag-coronavirus","10":"tag-hugo-lopez-gatell-2","11":"tag-mananera","12":"tag-rebrote","13":"tag-regreso-a-clases","14":"tag-tercera-ola","15":"tag-vacunacion"},"yoast_head":"<!-- This site is optimized with the Yoast SEO plugin v27.4 - https:\/\/yoast.com\/product\/yoast-seo-wordpress\/ -->\n<title>A clases presenciales en agosto: AMLO - Los pol\u00edticos Veracruz<\/title>\n<meta name=\"robots\" content=\"index, follow, max-snippet:-1, max-image-preview:large, max-video-preview:-1\" \/>\n<link rel=\"canonical\" href=\"https:\/\/lospoliticosveracruz.com\/?p=76746\" \/>\n<meta property=\"og:locale\" content=\"es_ES\" \/>\n<meta property=\"og:type\" content=\"article\" \/>\n<meta property=\"og:title\" content=\"A clases presenciales en agosto: AMLO - Los pol\u00edticos Veracruz\" \/>\n<meta property=\"og:description\" content=\"XalapaPorque solo \u00abhay un peque\u00f1o rebrote de coronavirus\u00bb, el presidente Andr\u00e9s Manuel L\u00f3pez Obrador anunci\u00f3 el regreso a clases presenciales en el pa\u00eds para el pr\u00f3ximo ciclo escolar.\u00abVamos a reiniciar las clases, as\u00ed definitivamente, y hay un peque\u00f1o rebrote de contagios, pero ya tenemos m\u00e1s vacunaci\u00f3n, y por lo mismo hay menos riesgos\u00bb.De ah\u00ed que [&hellip;]\" \/>\n<meta property=\"og:url\" content=\"https:\/\/lospoliticosveracruz.com\/?p=76746\" \/>\n<meta property=\"og:site_name\" content=\"Los pol\u00edticos Veracruz\" \/>\n<meta property=\"article:publisher\" content=\"https:\/\/www.facebook.com\/people\/Notimemes-de-los-Polticos\/61565672886568\/\" \/>\n<meta property=\"article:published_time\" content=\"2021-07-14T15:10:23+00:00\" \/>\n<meta property=\"article:modified_time\" content=\"2021-07-14T15:10:28+00:00\" \/>\n<meta property=\"og:image\" content=\"http:\/\/www.lospoliticosveracruz.com.mx\/wp-content\/uploads\/2021\/07\/924BE8BF-C140-4F7C-9107-DD5A92720E81.jpeg\" \/>\n<meta name=\"author\" content=\"Lo viste en Los Pol\u00edticos\" \/>\n<meta name=\"twitter:card\" content=\"summary_large_image\" \/>\n<meta name=\"twitter:creator\" content=\"@LosPoliticosVer\" \/>\n<meta name=\"twitter:site\" content=\"@LosPoliticosVer\" \/>\n<meta name=\"twitter:label1\" content=\"Escrito por\" \/>\n\t<meta name=\"twitter:data1\" content=\"Lo viste en Los Pol\u00edticos\" \/>\n\t<meta name=\"twitter:label2\" content=\"Tiempo de lectura\" \/>\n\t<meta name=\"twitter:data2\" content=\"1 minuto\" \/>\n<script type=\"application\/ld+json\" class=\"yoast-schema-graph\">{\"@context\":\"https:\\\/\\\/schema.org\",\"@graph\":[{\"@type\":\"Article\",\"@id\":\"https:\\\/\\\/lospoliticosveracruz.com\\\/?p=76746#article\",\"isPartOf\":{\"@id\":\"https:\\\/\\\/lospoliticosveracruz.com\\\/?p=76746\"},\"author\":{\"name\":\"Lo viste en Los Pol\u00edticos\",\"@id\":\"https:\\\/\\\/lospoliticosveracruz.com\\\/#\\\/schema\\\/person\\\/b8702bb0e538456e6efd07080bf2a4a2\"},\"headline\":\"A clases presenciales en agosto: AMLO\",\"datePublished\":\"2021-07-14T15:10:23+00:00\",\"dateModified\":\"2021-07-14T15:10:28+00:00\",\"mainEntityOfPage\":{\"@id\":\"https:\\\/\\\/lospoliticosveracruz.com\\\/?p=76746\"},\"wordCount\":260,\"publisher\":{\"@id\":\"https:\\\/\\\/lospoliticosveracruz.com\\\/#organization\"},\"image\":{\"@id\":\"https:\\\/\\\/lospoliticosveracruz.com\\\/?p=76746#primaryimage\"},\"thumbnailUrl\":\"http:\\\/\\\/www.lospoliticosveracruz.com.mx\\\/wp-content\\\/uploads\\\/2021\\\/07\\\/924BE8BF-C140-4F7C-9107-DD5A92720E81.jpeg\",\"keywords\":[\"Andr\u00e9s Manuel L\u00f3pez Obrador\",\"clases presenciales\",\"coronavirus\",\"Hugo L\u00f3pez-Gatell\",\"ma\u00f1anera\",\"Rebrote\",\"Regreso a clases\",\"Tercera Ola\",\"Vacunaci\u00f3n\"],\"articleSection\":[\"La Nota\"],\"inLanguage\":\"es\"},{\"@type\":\"WebPage\",\"@id\":\"https:\\\/\\\/lospoliticosveracruz.com\\\/?p=76746\",\"url\":\"https:\\\/\\\/lospoliticosveracruz.com\\\/?p=76746\",\"name\":\"A clases presenciales en agosto: AMLO - Los pol\u00edticos Veracruz\",\"isPartOf\":{\"@id\":\"https:\\\/\\\/lospoliticosveracruz.com\\\/#website\"},\"primaryImageOfPage\":{\"@id\":\"https:\\\/\\\/lospoliticosveracruz.com\\\/?p=76746#primaryimage\"},\"image\":{\"@id\":\"https:\\\/\\\/lospoliticosveracruz.com\\\/?p=76746#primaryimage\"},\"thumbnailUrl\":\"http:\\\/\\\/www.lospoliticosveracruz.com.mx\\\/wp-content\\\/uploads\\\/2021\\\/07\\\/924BE8BF-C140-4F7C-9107-DD5A92720E81.jpeg\",\"datePublished\":\"2021-07-14T15:10:23+00:00\",\"dateModified\":\"2021-07-14T15:10:28+00:00\",\"breadcrumb\":{\"@id\":\"https:\\\/\\\/lospoliticosveracruz.com\\\/?p=76746#breadcrumb\"},\"inLanguage\":\"es\",\"potentialAction\":[{\"@type\":\"ReadAction\",\"target\":[\"https:\\\/\\\/lospoliticosveracruz.com\\\/?p=76746\"]}]},{\"@type\":\"ImageObject\",\"inLanguage\":\"es\",\"@id\":\"https:\\\/\\\/lospoliticosveracruz.com\\\/?p=76746#primaryimage\",\"url\":\"http:\\\/\\\/www.lospoliticosveracruz.com.mx\\\/wp-content\\\/uploads\\\/2021\\\/07\\\/924BE8BF-C140-4F7C-9107-DD5A92720E81.jpeg\",\"contentUrl\":\"http:\\\/\\\/www.lospoliticosveracruz.com.mx\\\/wp-content\\\/uploads\\\/2021\\\/07\\\/924BE8BF-C140-4F7C-9107-DD5A92720E81.jpeg\"},{\"@type\":\"BreadcrumbList\",\"@id\":\"https:\\\/\\\/lospoliticosveracruz.com\\\/?p=76746#breadcrumb\",\"itemListElement\":[{\"@type\":\"ListItem\",\"position\":1,\"name\":\"Portada\",\"item\":\"https:\\\/\\\/lospoliticosveracruz.com\\\/\"},{\"@type\":\"ListItem\",\"position\":2,\"name\":\"A clases presenciales en agosto: AMLO\"}]},{\"@type\":\"WebSite\",\"@id\":\"https:\\\/\\\/lospoliticosveracruz.com\\\/#website\",\"url\":\"https:\\\/\\\/lospoliticosveracruz.com\\\/\",\"name\":\"Los pol\u00edticos Veracruz\",\"description\":\"\",\"publisher\":{\"@id\":\"https:\\\/\\\/lospoliticosveracruz.com\\\/#organization\"},\"potentialAction\":[{\"@type\":\"SearchAction\",\"target\":{\"@type\":\"EntryPoint\",\"urlTemplate\":\"https:\\\/\\\/lospoliticosveracruz.com\\\/?s={search_term_string}\"},\"query-input\":{\"@type\":\"PropertyValueSpecification\",\"valueRequired\":true,\"valueName\":\"search_term_string\"}}],\"inLanguage\":\"es\"},{\"@type\":\"Organization\",\"@id\":\"https:\\\/\\\/lospoliticosveracruz.com\\\/#organization\",\"name\":\"Los pol\u00edticos Veracruz\",\"url\":\"https:\\\/\\\/lospoliticosveracruz.com\\\/\",\"logo\":{\"@type\":\"ImageObject\",\"inLanguage\":\"es\",\"@id\":\"https:\\\/\\\/lospoliticosveracruz.com\\\/#\\\/schema\\\/logo\\\/image\\\/\",\"url\":\"https:\\\/\\\/lospoliticosveracruz.com\\\/wp-content\\\/uploads\\\/2025\\\/12\\\/Logo-Nuevo-LOS-POLITICOS-1.jpg\",\"contentUrl\":\"https:\\\/\\\/lospoliticosveracruz.com\\\/wp-content\\\/uploads\\\/2025\\\/12\\\/Logo-Nuevo-LOS-POLITICOS-1.jpg\",\"width\":260,\"height\":70,\"caption\":\"Los pol\u00edticos Veracruz\"},\"image\":{\"@id\":\"https:\\\/\\\/lospoliticosveracruz.com\\\/#\\\/schema\\\/logo\\\/image\\\/\"},\"sameAs\":[\"https:\\\/\\\/www.facebook.com\\\/people\\\/Notimemes-de-los-Polticos\\\/61565672886568\\\/\",\"https:\\\/\\\/x.com\\\/LosPoliticosVer\"]},{\"@type\":\"Person\",\"@id\":\"https:\\\/\\\/lospoliticosveracruz.com\\\/#\\\/schema\\\/person\\\/b8702bb0e538456e6efd07080bf2a4a2\",\"name\":\"Lo viste en Los Pol\u00edticos\",\"image\":{\"@type\":\"ImageObject\",\"inLanguage\":\"es\",\"@id\":\"https:\\\/\\\/secure.gravatar.com\\\/avatar\\\/3a8de04a2656d44082be478bd6c086daa447c4651605818287b9532d3d0bd435?s=96&d=mm&r=g\",\"url\":\"https:\\\/\\\/secure.gravatar.com\\\/avatar\\\/3a8de04a2656d44082be478bd6c086daa447c4651605818287b9532d3d0bd435?s=96&d=mm&r=g\",\"contentUrl\":\"https:\\\/\\\/secure.gravatar.com\\\/avatar\\\/3a8de04a2656d44082be478bd6c086daa447c4651605818287b9532d3d0bd435?s=96&d=mm&r=g\",\"caption\":\"Lo viste en Los Pol\u00edticos\"},\"url\":\"https:\\\/\\\/lospoliticosveracruz.com\\\/?author=2\"}]}<\/script>\n<!-- \/ Yoast SEO plugin. -->","yoast_head_json":{"title":"A clases presenciales en agosto: AMLO - Los pol\u00edticos Veracruz","robots":{"index":"index","follow":"follow","max-snippet":"max-snippet:-1","max-image-preview":"max-image-preview:large","max-video-preview":"max-video-preview:-1"},"canonical":"https:\/\/lospoliticosveracruz.com\/?p=76746","og_locale":"es_ES","og_type":"article","og_title":"A clases presenciales en agosto: AMLO - Los pol\u00edticos Veracruz","og_description":"XalapaPorque solo \u00abhay un peque\u00f1o rebrote de coronavirus\u00bb, el presidente Andr\u00e9s Manuel L\u00f3pez Obrador anunci\u00f3 el regreso a clases presenciales en el pa\u00eds para el pr\u00f3ximo ciclo escolar.\u00abVamos a reiniciar las clases, as\u00ed definitivamente, y hay un peque\u00f1o rebrote de contagios, pero ya tenemos m\u00e1s vacunaci\u00f3n, y por lo mismo hay menos riesgos\u00bb.De ah\u00ed que [&hellip;]","og_url":"https:\/\/lospoliticosveracruz.com\/?p=76746","og_site_name":"Los pol\u00edticos Veracruz","article_publisher":"https:\/\/www.facebook.com\/people\/Notimemes-de-los-Polticos\/61565672886568\/","article_published_time":"2021-07-14T15:10:23+00:00","article_modified_time":"2021-07-14T15:10:28+00:00","og_image":[{"url":"http:\/\/www.lospoliticosveracruz.com.mx\/wp-content\/uploads\/2021\/07\/924BE8BF-C140-4F7C-9107-DD5A92720E81.jpeg","type":"","width":"","height":""}],"author":"Lo viste en Los Pol\u00edticos","twitter_card":"summary_large_image","twitter_creator":"@LosPoliticosVer","twitter_site":"@LosPoliticosVer","twitter_misc":{"Escrito por":"Lo viste en Los Pol\u00edticos","Tiempo de lectura":"1 minuto"},"schema":{"@context":"https:\/\/schema.org","@graph":[{"@type":"Article","@id":"https:\/\/lospoliticosveracruz.com\/?p=76746#article","isPartOf":{"@id":"https:\/\/lospoliticosveracruz.com\/?p=76746"},"author":{"name":"Lo viste en Los Pol\u00edticos","@id":"https:\/\/lospoliticosveracruz.com\/#\/schema\/person\/b8702bb0e538456e6efd07080bf2a4a2"},"headline":"A clases presenciales en agosto: AMLO","datePublished":"2021-07-14T15:10:23+00:00","dateModified":"2021-07-14T15:10:28+00:00","mainEntityOfPage":{"@id":"https:\/\/lospoliticosveracruz.com\/?p=76746"},"wordCount":260,"publisher":{"@id":"https:\/\/lospoliticosveracruz.com\/#organization"},"image":{"@id":"https:\/\/lospoliticosveracruz.com\/?p=76746#primaryimage"},"thumbnailUrl":"http:\/\/www.lospoliticosveracruz.com.mx\/wp-content\/uploads\/2021\/07\/924BE8BF-C140-4F7C-9107-DD5A92720E81.jpeg","keywords":["Andr\u00e9s Manuel L\u00f3pez Obrador","clases presenciales","coronavirus","Hugo L\u00f3pez-Gatell","ma\u00f1anera","Rebrote","Regreso a clases","Tercera Ola","Vacunaci\u00f3n"],"articleSection":["La Nota"],"inLanguage":"es"},{"@type":"WebPage","@id":"https:\/\/lospoliticosveracruz.com\/?p=76746","url":"https:\/\/lospoliticosveracruz.com\/?p=76746","name":"A clases presenciales en agosto: AMLO - Los pol\u00edticos Veracruz","isPartOf":{"@id":"https:\/\/lospoliticosveracruz.com\/#website"},"primaryImageOfPage":{"@id":"https:\/\/lospoliticosveracruz.com\/?p=76746#primaryimage"},"image":{"@id":"https:\/\/lospoliticosveracruz.com\/?p=76746#primaryimage"},"thumbnailUrl":"http:\/\/www.lospoliticosveracruz.com.mx\/wp-content\/uploads\/2021\/07\/924BE8BF-C140-4F7C-9107-DD5A92720E81.jpeg","datePublished":"2021-07-14T15:10:23+00:00","dateModified":"2021-07-14T15:10:28+00:00","breadcrumb":{"@id":"https:\/\/lospoliticosveracruz.com\/?p=76746#breadcrumb"},"inLanguage":"es","potentialAction":[{"@type":"ReadAction","target":["https:\/\/lospoliticosveracruz.com\/?p=76746"]}]},{"@type":"ImageObject","inLanguage":"es","@id":"https:\/\/lospoliticosveracruz.com\/?p=76746#primaryimage","url":"http:\/\/www.lospoliticosveracruz.com.mx\/wp-content\/uploads\/2021\/07\/924BE8BF-C140-4F7C-9107-DD5A92720E81.jpeg","contentUrl":"http:\/\/www.lospoliticosveracruz.com.mx\/wp-content\/uploads\/2021\/07\/924BE8BF-C140-4F7C-9107-DD5A92720E81.jpeg"},{"@type":"BreadcrumbList","@id":"https:\/\/lospoliticosveracruz.com\/?p=76746#breadcrumb","itemListElement":[{"@type":"ListItem","position":1,"name":"Portada","item":"https:\/\/lospoliticosveracruz.com\/"},{"@type":"ListItem","position":2,"name":"A clases presenciales en agosto: AMLO"}]},{"@type":"WebSite","@id":"https:\/\/lospoliticosveracruz.com\/#website","url":"https:\/\/lospoliticosveracruz.com\/","name":"Los pol\u00edticos Veracruz","description":"","publisher":{"@id":"https:\/\/lospoliticosveracruz.com\/#organization"},"potentialAction":[{"@type":"SearchAction","target":{"@type":"EntryPoint","urlTemplate":"https:\/\/lospoliticosveracruz.com\/?s={search_term_string}"},"query-input":{"@type":"PropertyValueSpecification","valueRequired":true,"valueName":"search_term_string"}}],"inLanguage":"es"},{"@type":"Organization","@id":"https:\/\/lospoliticosveracruz.com\/#organization","name":"Los pol\u00edticos Veracruz","url":"https:\/\/lospoliticosveracruz.com\/","logo":{"@type":"ImageObject","inLanguage":"es","@id":"https:\/\/lospoliticosveracruz.com\/#\/schema\/logo\/image\/","url":"https:\/\/lospoliticosveracruz.com\/wp-content\/uploads\/2025\/12\/Logo-Nuevo-LOS-POLITICOS-1.jpg","contentUrl":"https:\/\/lospoliticosveracruz.com\/wp-content\/uploads\/2025\/12\/Logo-Nuevo-LOS-POLITICOS-1.jpg","width":260,"height":70,"caption":"Los pol\u00edticos Veracruz"},"image":{"@id":"https:\/\/lospoliticosveracruz.com\/#\/schema\/logo\/image\/"},"sameAs":["https:\/\/www.facebook.com\/people\/Notimemes-de-los-Polticos\/61565672886568\/","https:\/\/x.com\/LosPoliticosVer"]},{"@type":"Person","@id":"https:\/\/lospoliticosveracruz.com\/#\/schema\/person\/b8702bb0e538456e6efd07080bf2a4a2","name":"Lo viste en Los Pol\u00edticos","image":{"@type":"ImageObject","inLanguage":"es","@id":"https:\/\/secure.gravatar.com\/avatar\/3a8de04a2656d44082be478bd6c086daa447c4651605818287b9532d3d0bd435?s=96&d=mm&r=g","url":"https:\/\/secure.gravatar.com\/avatar\/3a8de04a2656d44082be478bd6c086daa447c4651605818287b9532d3d0bd435?s=96&d=mm&r=g","contentUrl":"https:\/\/secure.gravatar.com\/avatar\/3a8de04a2656d44082be478bd6c086daa447c4651605818287b9532d3d0bd435?s=96&d=mm&r=g","caption":"Lo viste en Los Pol\u00edticos"},"url":"https:\/\/lospoliticosveracruz.com\/?author=2"}]}},"_links":{"self":[{"href":"https:\/\/lospoliticosveracruz.com\/index.php?rest_route=\/wp\/v2\/posts\/76746","targetHints":{"allow":["GET"]}}],"collection":[{"href":"https:\/\/lospoliticosveracruz.com\/index.php?rest_route=\/wp\/v2\/posts"}],"about":[{"href":"https:\/\/lospoliticosveracruz.com\/index.php?rest_route=\/wp\/v2\/types\/post"}],"author":[{"embeddable":true,"href":"https:\/\/lospoliticosveracruz.com\/index.php?rest_route=\/wp\/v2\/users\/2"}],"replies":[{"embeddable":true,"href":"https:\/\/lospoliticosveracruz.com\/index.php?rest_route=%2Fwp%2Fv2%2Fcomments&post=76746"}],"version-history":[{"count":1,"href":"https:\/\/lospoliticosveracruz.com\/index.php?rest_route=\/wp\/v2\/posts\/76746\/revisions"}],"predecessor-version":[{"id":76748,"href":"https:\/\/lospoliticosveracruz.com\/index.php?rest_route=\/wp\/v2\/posts\/76746\/revisions\/76748"}],"wp:attachment":[{"href":"https:\/\/lospoliticosveracruz.com\/index.php?rest_route=%2Fwp%2Fv2%2Fmedia&parent=76746"}],"wp:term":[{"taxonomy":"category","embeddable":true,"href":"https:\/\/lospoliticosveracruz.com\/index.php?rest_route=%2Fwp%2Fv2%2Fcategories&post=76746"},{"taxonomy":"post_tag","embeddable":true,"href":"https:\/\/lospoliticosveracruz.com\/index.php?rest_route=%2Fwp%2Fv2%2Ftags&post=76746"}],"curies":[{"name":"wp","href":"https:\/\/api.w.org\/{rel}","templated":true}]}}