{"id":76940,"date":"2021-07-19T18:06:15","date_gmt":"2021-07-19T23:06:15","guid":{"rendered":"http:\/\/www.lospoliticosveracruz.com.mx\/?p=76940"},"modified":"2021-07-19T18:07:32","modified_gmt":"2021-07-19T23:07:32","slug":"juicio-para-calderon-por-caso-ernestina-mezhua","status":"publish","type":"post","link":"https:\/\/lospoliticosveracruz.com\/?p=76940","title":{"rendered":"Juicio para Calder\u00f3n por caso Ernestina: Mezhua"},"content":{"rendered":"\n<div class=\"wp-block-image\"><figure class=\"alignleft size-large\"><a href=\"http:\/\/www.lospoliticosveracruz.com.mx\/wp-content\/uploads\/2021\/07\/BC303C53-5B1B-41DB-83A8-F91CDDBACA76.jpeg\"><img decoding=\"async\" src=\"http:\/\/www.lospoliticosveracruz.com.mx\/wp-content\/uploads\/2021\/07\/BC303C53-5B1B-41DB-83A8-F91CDDBACA76.jpeg\" alt=\"\" class=\"wp-image-76619\"\/><\/a><\/figure><\/div>\n\n\n\n<p><strong>Xalapa<\/strong><br>El alcalde de Zongolica, Juan Carlos Mezhua Campos, advirti\u00f3 que se debe juzgar y castigar al expresidente Felipe Calder\u00f3n por el ocultamiento de la violaci\u00f3n de la ind\u00edgena Ernestina Ascencio Rosario, por parte de elementos del Ej\u00e9rcito Mexicano, lo que caus\u00f3 su muerte.<br>Por lo que pidi\u00f3 votar en la consulta popular el 1 de agosto.<br>\u201cLos mexicanos queremos que haya legalidad y justicia y en especial, de manera personal yo creo que se debe castigar el encubrimiento, el solapamiento que hubo desde la Presidencia de la Rep\u00fablica por el crimen que se cometi\u00f3 contra de Ernestina Ascencio Rosario y contra todos los pueblos originarios\u201d.<br>Hay que recordar que el 25 de<br>febrero de 2007, la mujer de 73 a\u00f1os de edad y originaria de la comunidad de Tetlatzingo, municipio de Soledad Atzompa, habr\u00eda sido agredida sexualmente por miembros del 63 Batall\u00f3n de Infanter\u00eda del Ej\u00e9rcito Mexicano; perdiendo la vida al d\u00eda siguiente debido a las graves lesiones que le dej\u00f3 la violaci\u00f3n.<br>Tanto el ex presidente como el ex gobernador de Veracruz, Fidel Herrera Beltr\u00e1n, mantuvieron la verdad oficial de que ella hab\u00eda muerto por \u201cgastritis cr\u00f3nica\u201d; pero la Comisi\u00f3n Interamericana de Derechos Humanos (CIDH), al resolver la demanda contra el Estado Mexicano por este caso, estableci\u00f3 que Ernestina en su condici\u00f3n de mujer ind\u00edgena, de escasos recursos, adulta mayor, no tuvo acceso a atenci\u00f3n m\u00e9dica oportuna, adem\u00e1s de ser estigmatizada.<br>En ese sentido, el alcalde de Zongolica, Juan Carlos Mezhua Campos, dijo que este hecho<br>lastim\u00f3 \u201cla dignidad de los pueblos ind\u00edgenas\u201d, insisti\u00f3 que el Felipe Calder\u00f3n debe responder ante la justicia por el ocultamiento de la violaci\u00f3n y muerte de esta veracruzana.<\/p>\n","protected":false},"excerpt":{"rendered":"<p>XalapaEl alcalde de Zongolica, Juan Carlos Mezhua Campos, advirti\u00f3 que se debe juzgar y castigar al expresidente Felipe Calder\u00f3n por el ocultamiento de la violaci\u00f3n de la ind\u00edgena Ernestina Ascencio Rosario, por parte de elementos del Ej\u00e9rcito Mexicano, lo que caus\u00f3 su muerte.Por lo que pidi\u00f3 votar en la consulta popular el 1 de agosto.\u201cLos [&hellip;]<\/p>\n","protected":false},"author":2,"featured_media":0,"comment_status":"closed","ping_status":"closed","sticky":false,"template":"","format":"standard","meta":{"tdm_status":"","tdm_grid_status":"","footnotes":""},"categories":[6446],"tags":[14239,29474,16599],"class_list":{"0":"post-76940","1":"post","2":"type-post","3":"status-publish","4":"format-standard","6":"category-la-nota","7":"tag-consulta-popular","8":"tag-indigena-ernestina-ascencio-rosario","9":"tag-juan-carlos-mezhua-campos"},"yoast_head":"<!-- This site is optimized with the Yoast SEO plugin v27.4 - https:\/\/yoast.com\/product\/yoast-seo-wordpress\/ -->\n<title>Juicio para Calder\u00f3n por caso Ernestina: Mezhua - Los pol\u00edticos Veracruz<\/title>\n<meta name=\"robots\" content=\"index, follow, max-snippet:-1, max-image-preview:large, max-video-preview:-1\" \/>\n<link rel=\"canonical\" href=\"https:\/\/lospoliticosveracruz.com\/?p=76940\" \/>\n<meta property=\"og:locale\" content=\"es_ES\" \/>\n<meta property=\"og:type\" content=\"article\" \/>\n<meta property=\"og:title\" content=\"Juicio para Calder\u00f3n por caso Ernestina: Mezhua - Los pol\u00edticos Veracruz\" \/>\n<meta property=\"og:description\" content=\"XalapaEl alcalde de Zongolica, Juan Carlos Mezhua Campos, advirti\u00f3 que se debe juzgar y castigar al expresidente Felipe Calder\u00f3n por el ocultamiento de la violaci\u00f3n de la ind\u00edgena Ernestina Ascencio Rosario, por parte de elementos del Ej\u00e9rcito Mexicano, lo que caus\u00f3 su muerte.Por lo que pidi\u00f3 votar en la consulta popular el 1 de agosto.\u201cLos [&hellip;]\" \/>\n<meta property=\"og:url\" content=\"https:\/\/lospoliticosveracruz.com\/?p=76940\" \/>\n<meta property=\"og:site_name\" content=\"Los pol\u00edticos Veracruz\" \/>\n<meta property=\"article:publisher\" content=\"https:\/\/www.facebook.com\/people\/Notimemes-de-los-Polticos\/61565672886568\/\" \/>\n<meta property=\"article:published_time\" content=\"2021-07-19T23:06:15+00:00\" \/>\n<meta property=\"article:modified_time\" content=\"2021-07-19T23:07:32+00:00\" \/>\n<meta property=\"og:image\" content=\"http:\/\/www.lospoliticosveracruz.com.mx\/wp-content\/uploads\/2021\/07\/BC303C53-5B1B-41DB-83A8-F91CDDBACA76.jpeg\" \/>\n<meta name=\"author\" content=\"Lo viste en Los Pol\u00edticos\" \/>\n<meta name=\"twitter:card\" content=\"summary_large_image\" \/>\n<meta name=\"twitter:creator\" content=\"@LosPoliticosVer\" \/>\n<meta name=\"twitter:site\" content=\"@LosPoliticosVer\" \/>\n<meta name=\"twitter:label1\" content=\"Escrito por\" \/>\n\t<meta name=\"twitter:data1\" content=\"Lo viste en Los Pol\u00edticos\" \/>\n\t<meta name=\"twitter:label2\" content=\"Tiempo de lectura\" \/>\n\t<meta name=\"twitter:data2\" content=\"1 minuto\" \/>\n<script type=\"application\/ld+json\" class=\"yoast-schema-graph\">{\"@context\":\"https:\\\/\\\/schema.org\",\"@graph\":[{\"@type\":\"Article\",\"@id\":\"https:\\\/\\\/lospoliticosveracruz.com\\\/?p=76940#article\",\"isPartOf\":{\"@id\":\"https:\\\/\\\/lospoliticosveracruz.com\\\/?p=76940\"},\"author\":{\"name\":\"Lo viste en Los Pol\u00edticos\",\"@id\":\"https:\\\/\\\/lospoliticosveracruz.com\\\/#\\\/schema\\\/person\\\/b8702bb0e538456e6efd07080bf2a4a2\"},\"headline\":\"Juicio para Calder\u00f3n por caso Ernestina: Mezhua\",\"datePublished\":\"2021-07-19T23:06:15+00:00\",\"dateModified\":\"2021-07-19T23:07:32+00:00\",\"mainEntityOfPage\":{\"@id\":\"https:\\\/\\\/lospoliticosveracruz.com\\\/?p=76940\"},\"wordCount\":301,\"publisher\":{\"@id\":\"https:\\\/\\\/lospoliticosveracruz.com\\\/#organization\"},\"image\":{\"@id\":\"https:\\\/\\\/lospoliticosveracruz.com\\\/?p=76940#primaryimage\"},\"thumbnailUrl\":\"http:\\\/\\\/www.lospoliticosveracruz.com.mx\\\/wp-content\\\/uploads\\\/2021\\\/07\\\/BC303C53-5B1B-41DB-83A8-F91CDDBACA76.jpeg\",\"keywords\":[\"Consulta Popular\",\"ind\u00edgena Ernestina Ascencio Rosario\",\"Juan Carlos Mezhua Campos\"],\"articleSection\":[\"La Nota\"],\"inLanguage\":\"es\"},{\"@type\":\"WebPage\",\"@id\":\"https:\\\/\\\/lospoliticosveracruz.com\\\/?p=76940\",\"url\":\"https:\\\/\\\/lospoliticosveracruz.com\\\/?p=76940\",\"name\":\"Juicio para Calder\u00f3n por caso Ernestina: Mezhua - Los pol\u00edticos Veracruz\",\"isPartOf\":{\"@id\":\"https:\\\/\\\/lospoliticosveracruz.com\\\/#website\"},\"primaryImageOfPage\":{\"@id\":\"https:\\\/\\\/lospoliticosveracruz.com\\\/?p=76940#primaryimage\"},\"image\":{\"@id\":\"https:\\\/\\\/lospoliticosveracruz.com\\\/?p=76940#primaryimage\"},\"thumbnailUrl\":\"http:\\\/\\\/www.lospoliticosveracruz.com.mx\\\/wp-content\\\/uploads\\\/2021\\\/07\\\/BC303C53-5B1B-41DB-83A8-F91CDDBACA76.jpeg\",\"datePublished\":\"2021-07-19T23:06:15+00:00\",\"dateModified\":\"2021-07-19T23:07:32+00:00\",\"breadcrumb\":{\"@id\":\"https:\\\/\\\/lospoliticosveracruz.com\\\/?p=76940#breadcrumb\"},\"inLanguage\":\"es\",\"potentialAction\":[{\"@type\":\"ReadAction\",\"target\":[\"https:\\\/\\\/lospoliticosveracruz.com\\\/?p=76940\"]}]},{\"@type\":\"ImageObject\",\"inLanguage\":\"es\",\"@id\":\"https:\\\/\\\/lospoliticosveracruz.com\\\/?p=76940#primaryimage\",\"url\":\"http:\\\/\\\/www.lospoliticosveracruz.com.mx\\\/wp-content\\\/uploads\\\/2021\\\/07\\\/BC303C53-5B1B-41DB-83A8-F91CDDBACA76.jpeg\",\"contentUrl\":\"http:\\\/\\\/www.lospoliticosveracruz.com.mx\\\/wp-content\\\/uploads\\\/2021\\\/07\\\/BC303C53-5B1B-41DB-83A8-F91CDDBACA76.jpeg\"},{\"@type\":\"BreadcrumbList\",\"@id\":\"https:\\\/\\\/lospoliticosveracruz.com\\\/?p=76940#breadcrumb\",\"itemListElement\":[{\"@type\":\"ListItem\",\"position\":1,\"name\":\"Portada\",\"item\":\"https:\\\/\\\/lospoliticosveracruz.com\\\/\"},{\"@type\":\"ListItem\",\"position\":2,\"name\":\"Juicio para Calder\u00f3n por caso Ernestina: Mezhua\"}]},{\"@type\":\"WebSite\",\"@id\":\"https:\\\/\\\/lospoliticosveracruz.com\\\/#website\",\"url\":\"https:\\\/\\\/lospoliticosveracruz.com\\\/\",\"name\":\"Los pol\u00edticos Veracruz\",\"description\":\"\",\"publisher\":{\"@id\":\"https:\\\/\\\/lospoliticosveracruz.com\\\/#organization\"},\"potentialAction\":[{\"@type\":\"SearchAction\",\"target\":{\"@type\":\"EntryPoint\",\"urlTemplate\":\"https:\\\/\\\/lospoliticosveracruz.com\\\/?s={search_term_string}\"},\"query-input\":{\"@type\":\"PropertyValueSpecification\",\"valueRequired\":true,\"valueName\":\"search_term_string\"}}],\"inLanguage\":\"es\"},{\"@type\":\"Organization\",\"@id\":\"https:\\\/\\\/lospoliticosveracruz.com\\\/#organization\",\"name\":\"Los pol\u00edticos Veracruz\",\"url\":\"https:\\\/\\\/lospoliticosveracruz.com\\\/\",\"logo\":{\"@type\":\"ImageObject\",\"inLanguage\":\"es\",\"@id\":\"https:\\\/\\\/lospoliticosveracruz.com\\\/#\\\/schema\\\/logo\\\/image\\\/\",\"url\":\"https:\\\/\\\/lospoliticosveracruz.com\\\/wp-content\\\/uploads\\\/2025\\\/12\\\/Logo-Nuevo-LOS-POLITICOS-1.jpg\",\"contentUrl\":\"https:\\\/\\\/lospoliticosveracruz.com\\\/wp-content\\\/uploads\\\/2025\\\/12\\\/Logo-Nuevo-LOS-POLITICOS-1.jpg\",\"width\":260,\"height\":70,\"caption\":\"Los pol\u00edticos Veracruz\"},\"image\":{\"@id\":\"https:\\\/\\\/lospoliticosveracruz.com\\\/#\\\/schema\\\/logo\\\/image\\\/\"},\"sameAs\":[\"https:\\\/\\\/www.facebook.com\\\/people\\\/Notimemes-de-los-Polticos\\\/61565672886568\\\/\",\"https:\\\/\\\/x.com\\\/LosPoliticosVer\"]},{\"@type\":\"Person\",\"@id\":\"https:\\\/\\\/lospoliticosveracruz.com\\\/#\\\/schema\\\/person\\\/b8702bb0e538456e6efd07080bf2a4a2\",\"name\":\"Lo viste en Los Pol\u00edticos\",\"image\":{\"@type\":\"ImageObject\",\"inLanguage\":\"es\",\"@id\":\"https:\\\/\\\/secure.gravatar.com\\\/avatar\\\/3a8de04a2656d44082be478bd6c086daa447c4651605818287b9532d3d0bd435?s=96&d=mm&r=g\",\"url\":\"https:\\\/\\\/secure.gravatar.com\\\/avatar\\\/3a8de04a2656d44082be478bd6c086daa447c4651605818287b9532d3d0bd435?s=96&d=mm&r=g\",\"contentUrl\":\"https:\\\/\\\/secure.gravatar.com\\\/avatar\\\/3a8de04a2656d44082be478bd6c086daa447c4651605818287b9532d3d0bd435?s=96&d=mm&r=g\",\"caption\":\"Lo viste en Los Pol\u00edticos\"},\"url\":\"https:\\\/\\\/lospoliticosveracruz.com\\\/?author=2\"}]}<\/script>\n<!-- \/ Yoast SEO plugin. -->","yoast_head_json":{"title":"Juicio para Calder\u00f3n por caso Ernestina: Mezhua - Los pol\u00edticos Veracruz","robots":{"index":"index","follow":"follow","max-snippet":"max-snippet:-1","max-image-preview":"max-image-preview:large","max-video-preview":"max-video-preview:-1"},"canonical":"https:\/\/lospoliticosveracruz.com\/?p=76940","og_locale":"es_ES","og_type":"article","og_title":"Juicio para Calder\u00f3n por caso Ernestina: Mezhua - Los pol\u00edticos Veracruz","og_description":"XalapaEl alcalde de Zongolica, Juan Carlos Mezhua Campos, advirti\u00f3 que se debe juzgar y castigar al expresidente Felipe Calder\u00f3n por el ocultamiento de la violaci\u00f3n de la ind\u00edgena Ernestina Ascencio Rosario, por parte de elementos del Ej\u00e9rcito Mexicano, lo que caus\u00f3 su muerte.Por lo que pidi\u00f3 votar en la consulta popular el 1 de agosto.\u201cLos [&hellip;]","og_url":"https:\/\/lospoliticosveracruz.com\/?p=76940","og_site_name":"Los pol\u00edticos Veracruz","article_publisher":"https:\/\/www.facebook.com\/people\/Notimemes-de-los-Polticos\/61565672886568\/","article_published_time":"2021-07-19T23:06:15+00:00","article_modified_time":"2021-07-19T23:07:32+00:00","og_image":[{"url":"http:\/\/www.lospoliticosveracruz.com.mx\/wp-content\/uploads\/2021\/07\/BC303C53-5B1B-41DB-83A8-F91CDDBACA76.jpeg","type":"","width":"","height":""}],"author":"Lo viste en Los Pol\u00edticos","twitter_card":"summary_large_image","twitter_creator":"@LosPoliticosVer","twitter_site":"@LosPoliticosVer","twitter_misc":{"Escrito por":"Lo viste en Los Pol\u00edticos","Tiempo de lectura":"1 minuto"},"schema":{"@context":"https:\/\/schema.org","@graph":[{"@type":"Article","@id":"https:\/\/lospoliticosveracruz.com\/?p=76940#article","isPartOf":{"@id":"https:\/\/lospoliticosveracruz.com\/?p=76940"},"author":{"name":"Lo viste en Los Pol\u00edticos","@id":"https:\/\/lospoliticosveracruz.com\/#\/schema\/person\/b8702bb0e538456e6efd07080bf2a4a2"},"headline":"Juicio para Calder\u00f3n por caso Ernestina: Mezhua","datePublished":"2021-07-19T23:06:15+00:00","dateModified":"2021-07-19T23:07:32+00:00","mainEntityOfPage":{"@id":"https:\/\/lospoliticosveracruz.com\/?p=76940"},"wordCount":301,"publisher":{"@id":"https:\/\/lospoliticosveracruz.com\/#organization"},"image":{"@id":"https:\/\/lospoliticosveracruz.com\/?p=76940#primaryimage"},"thumbnailUrl":"http:\/\/www.lospoliticosveracruz.com.mx\/wp-content\/uploads\/2021\/07\/BC303C53-5B1B-41DB-83A8-F91CDDBACA76.jpeg","keywords":["Consulta Popular","ind\u00edgena Ernestina Ascencio Rosario","Juan Carlos Mezhua Campos"],"articleSection":["La Nota"],"inLanguage":"es"},{"@type":"WebPage","@id":"https:\/\/lospoliticosveracruz.com\/?p=76940","url":"https:\/\/lospoliticosveracruz.com\/?p=76940","name":"Juicio para Calder\u00f3n por caso Ernestina: Mezhua - Los pol\u00edticos Veracruz","isPartOf":{"@id":"https:\/\/lospoliticosveracruz.com\/#website"},"primaryImageOfPage":{"@id":"https:\/\/lospoliticosveracruz.com\/?p=76940#primaryimage"},"image":{"@id":"https:\/\/lospoliticosveracruz.com\/?p=76940#primaryimage"},"thumbnailUrl":"http:\/\/www.lospoliticosveracruz.com.mx\/wp-content\/uploads\/2021\/07\/BC303C53-5B1B-41DB-83A8-F91CDDBACA76.jpeg","datePublished":"2021-07-19T23:06:15+00:00","dateModified":"2021-07-19T23:07:32+00:00","breadcrumb":{"@id":"https:\/\/lospoliticosveracruz.com\/?p=76940#breadcrumb"},"inLanguage":"es","potentialAction":[{"@type":"ReadAction","target":["https:\/\/lospoliticosveracruz.com\/?p=76940"]}]},{"@type":"ImageObject","inLanguage":"es","@id":"https:\/\/lospoliticosveracruz.com\/?p=76940#primaryimage","url":"http:\/\/www.lospoliticosveracruz.com.mx\/wp-content\/uploads\/2021\/07\/BC303C53-5B1B-41DB-83A8-F91CDDBACA76.jpeg","contentUrl":"http:\/\/www.lospoliticosveracruz.com.mx\/wp-content\/uploads\/2021\/07\/BC303C53-5B1B-41DB-83A8-F91CDDBACA76.jpeg"},{"@type":"BreadcrumbList","@id":"https:\/\/lospoliticosveracruz.com\/?p=76940#breadcrumb","itemListElement":[{"@type":"ListItem","position":1,"name":"Portada","item":"https:\/\/lospoliticosveracruz.com\/"},{"@type":"ListItem","position":2,"name":"Juicio para Calder\u00f3n por caso Ernestina: Mezhua"}]},{"@type":"WebSite","@id":"https:\/\/lospoliticosveracruz.com\/#website","url":"https:\/\/lospoliticosveracruz.com\/","name":"Los pol\u00edticos Veracruz","description":"","publisher":{"@id":"https:\/\/lospoliticosveracruz.com\/#organization"},"potentialAction":[{"@type":"SearchAction","target":{"@type":"EntryPoint","urlTemplate":"https:\/\/lospoliticosveracruz.com\/?s={search_term_string}"},"query-input":{"@type":"PropertyValueSpecification","valueRequired":true,"valueName":"search_term_string"}}],"inLanguage":"es"},{"@type":"Organization","@id":"https:\/\/lospoliticosveracruz.com\/#organization","name":"Los pol\u00edticos Veracruz","url":"https:\/\/lospoliticosveracruz.com\/","logo":{"@type":"ImageObject","inLanguage":"es","@id":"https:\/\/lospoliticosveracruz.com\/#\/schema\/logo\/image\/","url":"https:\/\/lospoliticosveracruz.com\/wp-content\/uploads\/2025\/12\/Logo-Nuevo-LOS-POLITICOS-1.jpg","contentUrl":"https:\/\/lospoliticosveracruz.com\/wp-content\/uploads\/2025\/12\/Logo-Nuevo-LOS-POLITICOS-1.jpg","width":260,"height":70,"caption":"Los pol\u00edticos Veracruz"},"image":{"@id":"https:\/\/lospoliticosveracruz.com\/#\/schema\/logo\/image\/"},"sameAs":["https:\/\/www.facebook.com\/people\/Notimemes-de-los-Polticos\/61565672886568\/","https:\/\/x.com\/LosPoliticosVer"]},{"@type":"Person","@id":"https:\/\/lospoliticosveracruz.com\/#\/schema\/person\/b8702bb0e538456e6efd07080bf2a4a2","name":"Lo viste en Los Pol\u00edticos","image":{"@type":"ImageObject","inLanguage":"es","@id":"https:\/\/secure.gravatar.com\/avatar\/3a8de04a2656d44082be478bd6c086daa447c4651605818287b9532d3d0bd435?s=96&d=mm&r=g","url":"https:\/\/secure.gravatar.com\/avatar\/3a8de04a2656d44082be478bd6c086daa447c4651605818287b9532d3d0bd435?s=96&d=mm&r=g","contentUrl":"https:\/\/secure.gravatar.com\/avatar\/3a8de04a2656d44082be478bd6c086daa447c4651605818287b9532d3d0bd435?s=96&d=mm&r=g","caption":"Lo viste en Los Pol\u00edticos"},"url":"https:\/\/lospoliticosveracruz.com\/?author=2"}]}},"_links":{"self":[{"href":"https:\/\/lospoliticosveracruz.com\/index.php?rest_route=\/wp\/v2\/posts\/76940","targetHints":{"allow":["GET"]}}],"collection":[{"href":"https:\/\/lospoliticosveracruz.com\/index.php?rest_route=\/wp\/v2\/posts"}],"about":[{"href":"https:\/\/lospoliticosveracruz.com\/index.php?rest_route=\/wp\/v2\/types\/post"}],"author":[{"embeddable":true,"href":"https:\/\/lospoliticosveracruz.com\/index.php?rest_route=\/wp\/v2\/users\/2"}],"replies":[{"embeddable":true,"href":"https:\/\/lospoliticosveracruz.com\/index.php?rest_route=%2Fwp%2Fv2%2Fcomments&post=76940"}],"version-history":[{"count":1,"href":"https:\/\/lospoliticosveracruz.com\/index.php?rest_route=\/wp\/v2\/posts\/76940\/revisions"}],"predecessor-version":[{"id":76942,"href":"https:\/\/lospoliticosveracruz.com\/index.php?rest_route=\/wp\/v2\/posts\/76940\/revisions\/76942"}],"wp:attachment":[{"href":"https:\/\/lospoliticosveracruz.com\/index.php?rest_route=%2Fwp%2Fv2%2Fmedia&parent=76940"}],"wp:term":[{"taxonomy":"category","embeddable":true,"href":"https:\/\/lospoliticosveracruz.com\/index.php?rest_route=%2Fwp%2Fv2%2Fcategories&post=76940"},{"taxonomy":"post_tag","embeddable":true,"href":"https:\/\/lospoliticosveracruz.com\/index.php?rest_route=%2Fwp%2Fv2%2Ftags&post=76940"}],"curies":[{"name":"wp","href":"https:\/\/api.w.org\/{rel}","templated":true}]}}