{"id":77016,"date":"2021-07-21T07:48:34","date_gmt":"2021-07-21T12:48:34","guid":{"rendered":"http:\/\/www.lospoliticosveracruz.com.mx\/?p=77016"},"modified":"2021-07-21T07:48:37","modified_gmt":"2021-07-21T12:48:37","slug":"quien-avisa-no-traiciona-caron","status":"publish","type":"post","link":"https:\/\/lospoliticosveracruz.com\/?p=77016","title":{"rendered":"Quien avisa, no traiciona, Car\u00f3n"},"content":{"rendered":"\n<p><strong>Ricardo Ch\u00faa<br><\/strong><em>Sale y Vale<\/em><\/p>\n\n\n\n<p>EL MENSAJE DE CUITL\u00c1HUAC A CAZAR\u00cdN\u2026 Si algo debe tener claro a estas alturas Juan Javier G\u00f3mez Cazar\u00edn, como presidente de la Junta de Coordinaci\u00f3n Pol\u00edtica del Congreso del Estado y l\u00edder de la bancada de diputados locales de MORENA\u2026 Porque se supone que ya los conoce bien, que tanto al Presidente, Andr\u00e9s Manuel L\u00f3pez Obrador y al gobernador, Cuitl\u00e1huac Garc\u00eda, hay que \u00abLEERLOS AL REV\u00c9S\u00bb para entender sus actuaciones y posturas pol\u00edticas\u2026 Y es ah\u00ed, donde Cazar\u00edn peligra y en serio\u2026 \u00c9L LO DEBE SABER\u2026<\/p>\n\n\n\n<div class=\"wp-block-image\"><figure class=\"alignleft size-large\"><a href=\"http:\/\/www.lospoliticosveracruz.com.mx\/wp-content\/uploads\/2021\/07\/BC303C53-5B1B-41DB-83A8-F91CDDBACA76.jpeg\"><img decoding=\"async\" src=\"http:\/\/www.lospoliticosveracruz.com.mx\/wp-content\/uploads\/2021\/07\/BC303C53-5B1B-41DB-83A8-F91CDDBACA76.jpeg\" alt=\"\" class=\"wp-image-76619\"\/><\/a><\/figure><\/div>\n\n\n\n<p>Cazar\u00edn sabe que el gobernador es \u00abpoco\u00bb ortodoxo para hacer pol\u00edtica\u2026 Y cuando Cuitl\u00e1huac asegura algo, puede ser todo lo contrario\u2026 \u00c9l debe recordar bien el caso Actopan (Donde tiene mucho que ver), cuando Garc\u00eda Jim\u00e9nez aseguraba una y otra vez en medios de comunicaci\u00f3n que Alfredo L\u00f3pez Carreto, ser\u00eda el alcalde a la salida de Paulino Dom\u00ednguez, por las causas de todos conocidas\u2026 Y no sucedi\u00f3 as\u00ed\u2026 El Congreso Local puso a otra persona de manera ilegal y Cuitl\u00e1huac dej\u00f3 ver\u2026 Dej\u00f3 pasar\u2026 No dijo nada\u2026<\/p>\n\n\n\n<p>Por eso, dicen que nadie se salva de EL KARMA y la semana pasada, Cuitl\u00e1huac coment\u00f3 a medios que Cazar\u00edn ser\u00eda de nuevo diputado local\u2026 Que repetir\u00eda\u2026 Je Je Je\u2026 \u00bfSer\u00e1?\u2026 El sabe bien que los inquilinos del Palacio de Gobierno, siguen esa ense\u00f1anza de Maquiavelo de que \u00abel poder no se comparte\u00bb\u2026 Y sin su diputaci\u00f3n.. \u00bfDe qu\u00e9 les sirve Cazar\u00edn?\u2026 Sabe que lo quitan de enmedio y su espacio lo ocupan y sin poder, tu gente te abandona y hasta el m\u00e1s leal te traiciona\u2026 \u00c9l lo debe entender\u2026 TAS AVISAO\u2026 Y EL QUE AVISA, NO TRAICIONA\u2026<\/p>\n\n\n\n<p>El PRI \u00bfINTERESES O TRAICI\u00d3N?.. Si bien es cierto que en esta vida, si no comulgas con alguien tienes que buscar otros espacios\u2026 Pero ahora dentro del PRI en Veracruz\u2026 Despu\u00e9s de que fue desechada en CDMX en la sede nacional del PRI, la postura de el \u00abex gober tramposo\u00bb, el oaxaque\u00f1o, Ulises Ruiz, ahora personajes muy cercanos a ex dirigentes estatales del PRI en la entidad, andan promoviendo su visita este viernes 23 de julio en la ciudad de Xalapa\u2026 \u00bfTraici\u00f3n?\u2026<\/p>\n\n\n\n<p>Esta \u00abrebeli\u00f3n\u00bb no s\u00f3lo es contra Alejandro Moreno sino contra la dirigencia estatal priista\u2026 Los invitados a la reuni\u00f3n con Ulises tendr\u00e1n que asistir al Hotel \u00abMargaritas\u00bb ah\u00ed en Lucio, de esta capital, para \u00abpromover la refundaci\u00f3n del PRI\u00bb\u2026 Ja Ja Ja\u2026 A pa cuentos\u2026 Lo \u00fanico que quieren es hacerse del PRI\u2026 Ellos, sus hijos y yernos, ya estuvieron en el CDE del PRI\u2026 \u00bfY cu\u00e1l democracia?\u2026 Si ellos fueron candidatos y los que dejaron al PRI en su situaci\u00f3n actual\u2026 Esto no es renovaci\u00f3n, s\u00f3lo es un grupo que ahora quiere el poder\u2026 AMEN\u2026 NO HAY M\u00c1S<\/p>\n\n\n\n<p>LA DESPENALIZACI\u00d3N DEL ABORTO\u2026 En un tema dif\u00edcil de tocar por las posiciones encontradas\u2026 Por el asunto que representa y sobre todo porque nadie mejor que una mujer para escribir sobre el tema.. Es un hecho que lo aprobado ayer en Veracruz, en su Congreso Local, levantar\u00e1 mucha \u00ab\u00e1mpula\u00bb en lo social y pol\u00edtico entre la ciudadan\u00eda porque en la entidad, ya es oficial que se despenaliz\u00f3 el aborto hasta las 12 semanas de gestaci\u00f3n\u2026 Y que esta ley entra en vigencia hoy\u2026<\/p>\n\n\n\n<p>Obvio es que muchas acciones pol\u00edticas vendr\u00e1n sobre el partido MORENA, que fue la que promovi\u00f3 esta ley, con los dem\u00e1s partidos de oposici\u00f3n en Veracruz\u2026 Ya que el tema podr\u00eda ser ocupado como capital pol\u00edtico a favor y en contra\u2026 M\u00e1s en una sociedad tan encontrada en la entidad\u2026 Donde los temas morales, religiosos y de libertad dar\u00e1n mucho que hablar en las pr\u00f3ximas semanas\u2026 Y se ver\u00e1 en un futuro inmediato, si los diputados Morenos abrieron la \u00abcaja de pandora\u00bb en el Estado, en su relaci\u00f3n con la sociedad por este caso\u2026<\/p>\n\n\n\n<p>Muchos sectores de la sociedad, sobre todo los ligados con los grupos feministas est\u00e1n celebrando que el aborto fuera despenalizado en Veracruz\u2026 Y dan sus argumentos\u2026 Mientras que grupos sociales identificado con Pro-Vida, van en contra de que el aborto ya no sea considerado como un delito\u2026 Tambi\u00e9n dan sus posturas\u2026 Quiz\u00e1s el ERROR de los diputados locales fue no haber hecho una CONSULTA P\u00daBLICA en sus distritos para saber qu\u00e9 es lo que quer\u00eda la sociedad, que son la que ellos representan\u2026 Aqu\u00ed presentamos sus posturas:<\/p>\n\n\n\n<p>LOS QUE EST\u00c1N A FAVOR\u2026 Seg\u00fan feministas se\u00f1alan que esta ley aprobada en Veracruz\u2026 Se convierte en una de las m\u00e1s progresistas en M\u00e9xico, pues, no s\u00f3lo despenaliza el aborto hasta las 12 semanas de gestaci\u00f3n\u2026 Sino que tambi\u00e9n incorpora la causal salud.. Elimina el plazo para la causal violaci\u00f3n y de la inseminacion artificial, y disminuye la punibilidad del aborto\u2026 Entre otras modificaciones que protegen la salud y el ejercicio de los derechos humanos de las mujeres\u2026.<\/p>\n\n\n\n<p>Con esta reforma, Veracruz hace eco de las recomendaciones realizadas por organismos nacionales e internacionales\u2026 Despu\u00e9s de las 12 semanas esto contin\u00faa siendo delito\u2026 Pero es un triunfo de las feministas y mujeres veracruzanas\u2026 Ya que esto es un paso trascendente para la igualdad de g\u00e9nero\u2026 Ya que no se pod\u00eda seguir encarcelando a mujeres por decidir por su cuerpo\u2026 Y que a partir de hoy la maternidad es deseada\u2026 TAN.. TAN\u2026<\/p>\n\n\n\n<p>LOS QUE EST\u00c1N EN CONTRA\u2026 Seg\u00fan estos grupos es una tristeza lo que se le hizo al pueblo veracruzano a sus espaldas\u2026 Pero que desde todos los frentes donde la sociedad proteja a la vida y a la familia\u2026 Se va a continuar luchando para que siga siendo considerado un delito el aborto\u2026 Por lo que van a presentar sus recursos de inconstitucionalidad ante tribunales porque esta Reforma va en contra de la Constituci\u00f3n Pol\u00edtica del Estado, que defiende la vida desde la concepci\u00f3n hasta la muerte natural\u2026.<\/p>\n\n\n\n<p>Ya que para estos grupos hay mucho trabajo por hacer\u2026 Que continuar\u00e1n luchando para salvar las dos vidas\u2026 Ya que tienen en claro, que el aborto no es salud, no es progreso y que el aborto no soluciona problemas como el de los ni\u00f1os de la calle\u2026 Tampoco soluciona que una mujer sea violada por un hombre degenerado y que es al contrario porque deja libre al violador y castiga a las mujeres y los ni\u00f1os, que son las v\u00edctimas\u2026 Por lo que seguir\u00e1n luchando y levantando las voces para salvar las dos vidas\u2026 TAN\u2026 TAN..<\/p>\n","protected":false},"excerpt":{"rendered":"<p>Ricardo Ch\u00faaSale y Vale EL MENSAJE DE CUITL\u00c1HUAC A CAZAR\u00cdN\u2026 Si algo debe tener claro a estas alturas Juan Javier G\u00f3mez Cazar\u00edn, como presidente de la Junta de Coordinaci\u00f3n Pol\u00edtica del Congreso del Estado y l\u00edder de la bancada de diputados locales de MORENA\u2026 Porque se supone que ya los conoce bien, que tanto al [&hellip;]<\/p>\n","protected":false},"author":2,"featured_media":0,"comment_status":"closed","ping_status":"closed","sticky":false,"template":"","format":"standard","meta":{"tdm_status":"","tdm_grid_status":"","footnotes":""},"categories":[70],"tags":[14170,1563,3569,12695,1026,251,27326,13604],"class_list":{"0":"post-77016","1":"post","2":"type-post","3":"status-publish","4":"format-standard","6":"category-de-opinion","7":"tag-alejandro-moreno","8":"tag-cuitlahuac-garcia-jimenez","9":"tag-feministas","10":"tag-juan-javier-gomez-cazarin","11":"tag-morena","12":"tag-pri","13":"tag-pro-vida","14":"tag-ricardo-chua"},"yoast_head":"<!-- This site is optimized with the Yoast SEO plugin v27.4 - https:\/\/yoast.com\/product\/yoast-seo-wordpress\/ -->\n<title>Quien avisa, no traiciona, Car\u00f3n - Los pol\u00edticos Veracruz<\/title>\n<meta name=\"robots\" content=\"index, follow, max-snippet:-1, max-image-preview:large, max-video-preview:-1\" \/>\n<link rel=\"canonical\" href=\"https:\/\/lospoliticosveracruz.com\/?p=77016\" \/>\n<meta property=\"og:locale\" content=\"es_ES\" \/>\n<meta property=\"og:type\" content=\"article\" \/>\n<meta property=\"og:title\" content=\"Quien avisa, no traiciona, Car\u00f3n - Los pol\u00edticos Veracruz\" \/>\n<meta property=\"og:description\" content=\"Ricardo Ch\u00faaSale y Vale EL MENSAJE DE CUITL\u00c1HUAC A CAZAR\u00cdN\u2026 Si algo debe tener claro a estas alturas Juan Javier G\u00f3mez Cazar\u00edn, como presidente de la Junta de Coordinaci\u00f3n Pol\u00edtica del Congreso del Estado y l\u00edder de la bancada de diputados locales de MORENA\u2026 Porque se supone que ya los conoce bien, que tanto al [&hellip;]\" \/>\n<meta property=\"og:url\" content=\"https:\/\/lospoliticosveracruz.com\/?p=77016\" \/>\n<meta property=\"og:site_name\" content=\"Los pol\u00edticos Veracruz\" \/>\n<meta property=\"article:publisher\" content=\"https:\/\/www.facebook.com\/people\/Notimemes-de-los-Polticos\/61565672886568\/\" \/>\n<meta property=\"article:published_time\" content=\"2021-07-21T12:48:34+00:00\" \/>\n<meta property=\"article:modified_time\" content=\"2021-07-21T12:48:37+00:00\" \/>\n<meta property=\"og:image\" content=\"http:\/\/www.lospoliticosveracruz.com.mx\/wp-content\/uploads\/2021\/07\/BC303C53-5B1B-41DB-83A8-F91CDDBACA76.jpeg\" \/>\n<meta name=\"author\" content=\"Lo viste en Los Pol\u00edticos\" \/>\n<meta name=\"twitter:card\" content=\"summary_large_image\" \/>\n<meta name=\"twitter:creator\" content=\"@LosPoliticosVer\" \/>\n<meta name=\"twitter:site\" content=\"@LosPoliticosVer\" \/>\n<meta name=\"twitter:label1\" content=\"Escrito por\" \/>\n\t<meta name=\"twitter:data1\" content=\"Lo viste en Los Pol\u00edticos\" \/>\n\t<meta name=\"twitter:label2\" content=\"Tiempo de lectura\" \/>\n\t<meta name=\"twitter:data2\" content=\"6 minutos\" \/>\n<script type=\"application\/ld+json\" class=\"yoast-schema-graph\">{\"@context\":\"https:\\\/\\\/schema.org\",\"@graph\":[{\"@type\":\"Article\",\"@id\":\"https:\\\/\\\/lospoliticosveracruz.com\\\/?p=77016#article\",\"isPartOf\":{\"@id\":\"https:\\\/\\\/lospoliticosveracruz.com\\\/?p=77016\"},\"author\":{\"name\":\"Lo viste en Los Pol\u00edticos\",\"@id\":\"https:\\\/\\\/lospoliticosveracruz.com\\\/#\\\/schema\\\/person\\\/b8702bb0e538456e6efd07080bf2a4a2\"},\"headline\":\"Quien avisa, no traiciona, Car\u00f3n\",\"datePublished\":\"2021-07-21T12:48:34+00:00\",\"dateModified\":\"2021-07-21T12:48:37+00:00\",\"mainEntityOfPage\":{\"@id\":\"https:\\\/\\\/lospoliticosveracruz.com\\\/?p=77016\"},\"wordCount\":1148,\"publisher\":{\"@id\":\"https:\\\/\\\/lospoliticosveracruz.com\\\/#organization\"},\"image\":{\"@id\":\"https:\\\/\\\/lospoliticosveracruz.com\\\/?p=77016#primaryimage\"},\"thumbnailUrl\":\"http:\\\/\\\/www.lospoliticosveracruz.com.mx\\\/wp-content\\\/uploads\\\/2021\\\/07\\\/BC303C53-5B1B-41DB-83A8-F91CDDBACA76.jpeg\",\"keywords\":[\"Alejandro Moreno\",\"Cuitl\u00e1huac Garc\u00eda Jim\u00e9nez\",\"feministas\",\"Juan Javier G\u00f3mez Cazar\u00edn\",\"Morena\",\"PRI\",\"Pro-Vida\",\"Ricardo Ch\u00faa\"],\"articleSection\":[\"De Opini\u00f3n\"],\"inLanguage\":\"es\"},{\"@type\":\"WebPage\",\"@id\":\"https:\\\/\\\/lospoliticosveracruz.com\\\/?p=77016\",\"url\":\"https:\\\/\\\/lospoliticosveracruz.com\\\/?p=77016\",\"name\":\"Quien avisa, no traiciona, Car\u00f3n - Los pol\u00edticos Veracruz\",\"isPartOf\":{\"@id\":\"https:\\\/\\\/lospoliticosveracruz.com\\\/#website\"},\"primaryImageOfPage\":{\"@id\":\"https:\\\/\\\/lospoliticosveracruz.com\\\/?p=77016#primaryimage\"},\"image\":{\"@id\":\"https:\\\/\\\/lospoliticosveracruz.com\\\/?p=77016#primaryimage\"},\"thumbnailUrl\":\"http:\\\/\\\/www.lospoliticosveracruz.com.mx\\\/wp-content\\\/uploads\\\/2021\\\/07\\\/BC303C53-5B1B-41DB-83A8-F91CDDBACA76.jpeg\",\"datePublished\":\"2021-07-21T12:48:34+00:00\",\"dateModified\":\"2021-07-21T12:48:37+00:00\",\"breadcrumb\":{\"@id\":\"https:\\\/\\\/lospoliticosveracruz.com\\\/?p=77016#breadcrumb\"},\"inLanguage\":\"es\",\"potentialAction\":[{\"@type\":\"ReadAction\",\"target\":[\"https:\\\/\\\/lospoliticosveracruz.com\\\/?p=77016\"]}]},{\"@type\":\"ImageObject\",\"inLanguage\":\"es\",\"@id\":\"https:\\\/\\\/lospoliticosveracruz.com\\\/?p=77016#primaryimage\",\"url\":\"http:\\\/\\\/www.lospoliticosveracruz.com.mx\\\/wp-content\\\/uploads\\\/2021\\\/07\\\/BC303C53-5B1B-41DB-83A8-F91CDDBACA76.jpeg\",\"contentUrl\":\"http:\\\/\\\/www.lospoliticosveracruz.com.mx\\\/wp-content\\\/uploads\\\/2021\\\/07\\\/BC303C53-5B1B-41DB-83A8-F91CDDBACA76.jpeg\"},{\"@type\":\"BreadcrumbList\",\"@id\":\"https:\\\/\\\/lospoliticosveracruz.com\\\/?p=77016#breadcrumb\",\"itemListElement\":[{\"@type\":\"ListItem\",\"position\":1,\"name\":\"Portada\",\"item\":\"https:\\\/\\\/lospoliticosveracruz.com\\\/\"},{\"@type\":\"ListItem\",\"position\":2,\"name\":\"Quien avisa, no traiciona, Car\u00f3n\"}]},{\"@type\":\"WebSite\",\"@id\":\"https:\\\/\\\/lospoliticosveracruz.com\\\/#website\",\"url\":\"https:\\\/\\\/lospoliticosveracruz.com\\\/\",\"name\":\"Los pol\u00edticos Veracruz\",\"description\":\"\",\"publisher\":{\"@id\":\"https:\\\/\\\/lospoliticosveracruz.com\\\/#organization\"},\"potentialAction\":[{\"@type\":\"SearchAction\",\"target\":{\"@type\":\"EntryPoint\",\"urlTemplate\":\"https:\\\/\\\/lospoliticosveracruz.com\\\/?s={search_term_string}\"},\"query-input\":{\"@type\":\"PropertyValueSpecification\",\"valueRequired\":true,\"valueName\":\"search_term_string\"}}],\"inLanguage\":\"es\"},{\"@type\":\"Organization\",\"@id\":\"https:\\\/\\\/lospoliticosveracruz.com\\\/#organization\",\"name\":\"Los pol\u00edticos Veracruz\",\"url\":\"https:\\\/\\\/lospoliticosveracruz.com\\\/\",\"logo\":{\"@type\":\"ImageObject\",\"inLanguage\":\"es\",\"@id\":\"https:\\\/\\\/lospoliticosveracruz.com\\\/#\\\/schema\\\/logo\\\/image\\\/\",\"url\":\"https:\\\/\\\/lospoliticosveracruz.com\\\/wp-content\\\/uploads\\\/2025\\\/12\\\/Logo-Nuevo-LOS-POLITICOS-1.jpg\",\"contentUrl\":\"https:\\\/\\\/lospoliticosveracruz.com\\\/wp-content\\\/uploads\\\/2025\\\/12\\\/Logo-Nuevo-LOS-POLITICOS-1.jpg\",\"width\":260,\"height\":70,\"caption\":\"Los pol\u00edticos Veracruz\"},\"image\":{\"@id\":\"https:\\\/\\\/lospoliticosveracruz.com\\\/#\\\/schema\\\/logo\\\/image\\\/\"},\"sameAs\":[\"https:\\\/\\\/www.facebook.com\\\/people\\\/Notimemes-de-los-Polticos\\\/61565672886568\\\/\",\"https:\\\/\\\/x.com\\\/LosPoliticosVer\"]},{\"@type\":\"Person\",\"@id\":\"https:\\\/\\\/lospoliticosveracruz.com\\\/#\\\/schema\\\/person\\\/b8702bb0e538456e6efd07080bf2a4a2\",\"name\":\"Lo viste en Los Pol\u00edticos\",\"image\":{\"@type\":\"ImageObject\",\"inLanguage\":\"es\",\"@id\":\"https:\\\/\\\/secure.gravatar.com\\\/avatar\\\/3a8de04a2656d44082be478bd6c086daa447c4651605818287b9532d3d0bd435?s=96&d=mm&r=g\",\"url\":\"https:\\\/\\\/secure.gravatar.com\\\/avatar\\\/3a8de04a2656d44082be478bd6c086daa447c4651605818287b9532d3d0bd435?s=96&d=mm&r=g\",\"contentUrl\":\"https:\\\/\\\/secure.gravatar.com\\\/avatar\\\/3a8de04a2656d44082be478bd6c086daa447c4651605818287b9532d3d0bd435?s=96&d=mm&r=g\",\"caption\":\"Lo viste en Los Pol\u00edticos\"},\"url\":\"https:\\\/\\\/lospoliticosveracruz.com\\\/?author=2\"}]}<\/script>\n<!-- \/ Yoast SEO plugin. -->","yoast_head_json":{"title":"Quien avisa, no traiciona, Car\u00f3n - Los pol\u00edticos Veracruz","robots":{"index":"index","follow":"follow","max-snippet":"max-snippet:-1","max-image-preview":"max-image-preview:large","max-video-preview":"max-video-preview:-1"},"canonical":"https:\/\/lospoliticosveracruz.com\/?p=77016","og_locale":"es_ES","og_type":"article","og_title":"Quien avisa, no traiciona, Car\u00f3n - Los pol\u00edticos Veracruz","og_description":"Ricardo Ch\u00faaSale y Vale EL MENSAJE DE CUITL\u00c1HUAC A CAZAR\u00cdN\u2026 Si algo debe tener claro a estas alturas Juan Javier G\u00f3mez Cazar\u00edn, como presidente de la Junta de Coordinaci\u00f3n Pol\u00edtica del Congreso del Estado y l\u00edder de la bancada de diputados locales de MORENA\u2026 Porque se supone que ya los conoce bien, que tanto al [&hellip;]","og_url":"https:\/\/lospoliticosveracruz.com\/?p=77016","og_site_name":"Los pol\u00edticos Veracruz","article_publisher":"https:\/\/www.facebook.com\/people\/Notimemes-de-los-Polticos\/61565672886568\/","article_published_time":"2021-07-21T12:48:34+00:00","article_modified_time":"2021-07-21T12:48:37+00:00","og_image":[{"url":"http:\/\/www.lospoliticosveracruz.com.mx\/wp-content\/uploads\/2021\/07\/BC303C53-5B1B-41DB-83A8-F91CDDBACA76.jpeg","type":"","width":"","height":""}],"author":"Lo viste en Los Pol\u00edticos","twitter_card":"summary_large_image","twitter_creator":"@LosPoliticosVer","twitter_site":"@LosPoliticosVer","twitter_misc":{"Escrito por":"Lo viste en Los Pol\u00edticos","Tiempo de lectura":"6 minutos"},"schema":{"@context":"https:\/\/schema.org","@graph":[{"@type":"Article","@id":"https:\/\/lospoliticosveracruz.com\/?p=77016#article","isPartOf":{"@id":"https:\/\/lospoliticosveracruz.com\/?p=77016"},"author":{"name":"Lo viste en Los Pol\u00edticos","@id":"https:\/\/lospoliticosveracruz.com\/#\/schema\/person\/b8702bb0e538456e6efd07080bf2a4a2"},"headline":"Quien avisa, no traiciona, Car\u00f3n","datePublished":"2021-07-21T12:48:34+00:00","dateModified":"2021-07-21T12:48:37+00:00","mainEntityOfPage":{"@id":"https:\/\/lospoliticosveracruz.com\/?p=77016"},"wordCount":1148,"publisher":{"@id":"https:\/\/lospoliticosveracruz.com\/#organization"},"image":{"@id":"https:\/\/lospoliticosveracruz.com\/?p=77016#primaryimage"},"thumbnailUrl":"http:\/\/www.lospoliticosveracruz.com.mx\/wp-content\/uploads\/2021\/07\/BC303C53-5B1B-41DB-83A8-F91CDDBACA76.jpeg","keywords":["Alejandro Moreno","Cuitl\u00e1huac Garc\u00eda Jim\u00e9nez","feministas","Juan Javier G\u00f3mez Cazar\u00edn","Morena","PRI","Pro-Vida","Ricardo Ch\u00faa"],"articleSection":["De Opini\u00f3n"],"inLanguage":"es"},{"@type":"WebPage","@id":"https:\/\/lospoliticosveracruz.com\/?p=77016","url":"https:\/\/lospoliticosveracruz.com\/?p=77016","name":"Quien avisa, no traiciona, Car\u00f3n - Los pol\u00edticos Veracruz","isPartOf":{"@id":"https:\/\/lospoliticosveracruz.com\/#website"},"primaryImageOfPage":{"@id":"https:\/\/lospoliticosveracruz.com\/?p=77016#primaryimage"},"image":{"@id":"https:\/\/lospoliticosveracruz.com\/?p=77016#primaryimage"},"thumbnailUrl":"http:\/\/www.lospoliticosveracruz.com.mx\/wp-content\/uploads\/2021\/07\/BC303C53-5B1B-41DB-83A8-F91CDDBACA76.jpeg","datePublished":"2021-07-21T12:48:34+00:00","dateModified":"2021-07-21T12:48:37+00:00","breadcrumb":{"@id":"https:\/\/lospoliticosveracruz.com\/?p=77016#breadcrumb"},"inLanguage":"es","potentialAction":[{"@type":"ReadAction","target":["https:\/\/lospoliticosveracruz.com\/?p=77016"]}]},{"@type":"ImageObject","inLanguage":"es","@id":"https:\/\/lospoliticosveracruz.com\/?p=77016#primaryimage","url":"http:\/\/www.lospoliticosveracruz.com.mx\/wp-content\/uploads\/2021\/07\/BC303C53-5B1B-41DB-83A8-F91CDDBACA76.jpeg","contentUrl":"http:\/\/www.lospoliticosveracruz.com.mx\/wp-content\/uploads\/2021\/07\/BC303C53-5B1B-41DB-83A8-F91CDDBACA76.jpeg"},{"@type":"BreadcrumbList","@id":"https:\/\/lospoliticosveracruz.com\/?p=77016#breadcrumb","itemListElement":[{"@type":"ListItem","position":1,"name":"Portada","item":"https:\/\/lospoliticosveracruz.com\/"},{"@type":"ListItem","position":2,"name":"Quien avisa, no traiciona, Car\u00f3n"}]},{"@type":"WebSite","@id":"https:\/\/lospoliticosveracruz.com\/#website","url":"https:\/\/lospoliticosveracruz.com\/","name":"Los pol\u00edticos Veracruz","description":"","publisher":{"@id":"https:\/\/lospoliticosveracruz.com\/#organization"},"potentialAction":[{"@type":"SearchAction","target":{"@type":"EntryPoint","urlTemplate":"https:\/\/lospoliticosveracruz.com\/?s={search_term_string}"},"query-input":{"@type":"PropertyValueSpecification","valueRequired":true,"valueName":"search_term_string"}}],"inLanguage":"es"},{"@type":"Organization","@id":"https:\/\/lospoliticosveracruz.com\/#organization","name":"Los pol\u00edticos Veracruz","url":"https:\/\/lospoliticosveracruz.com\/","logo":{"@type":"ImageObject","inLanguage":"es","@id":"https:\/\/lospoliticosveracruz.com\/#\/schema\/logo\/image\/","url":"https:\/\/lospoliticosveracruz.com\/wp-content\/uploads\/2025\/12\/Logo-Nuevo-LOS-POLITICOS-1.jpg","contentUrl":"https:\/\/lospoliticosveracruz.com\/wp-content\/uploads\/2025\/12\/Logo-Nuevo-LOS-POLITICOS-1.jpg","width":260,"height":70,"caption":"Los pol\u00edticos Veracruz"},"image":{"@id":"https:\/\/lospoliticosveracruz.com\/#\/schema\/logo\/image\/"},"sameAs":["https:\/\/www.facebook.com\/people\/Notimemes-de-los-Polticos\/61565672886568\/","https:\/\/x.com\/LosPoliticosVer"]},{"@type":"Person","@id":"https:\/\/lospoliticosveracruz.com\/#\/schema\/person\/b8702bb0e538456e6efd07080bf2a4a2","name":"Lo viste en Los Pol\u00edticos","image":{"@type":"ImageObject","inLanguage":"es","@id":"https:\/\/secure.gravatar.com\/avatar\/3a8de04a2656d44082be478bd6c086daa447c4651605818287b9532d3d0bd435?s=96&d=mm&r=g","url":"https:\/\/secure.gravatar.com\/avatar\/3a8de04a2656d44082be478bd6c086daa447c4651605818287b9532d3d0bd435?s=96&d=mm&r=g","contentUrl":"https:\/\/secure.gravatar.com\/avatar\/3a8de04a2656d44082be478bd6c086daa447c4651605818287b9532d3d0bd435?s=96&d=mm&r=g","caption":"Lo viste en Los Pol\u00edticos"},"url":"https:\/\/lospoliticosveracruz.com\/?author=2"}]}},"_links":{"self":[{"href":"https:\/\/lospoliticosveracruz.com\/index.php?rest_route=\/wp\/v2\/posts\/77016","targetHints":{"allow":["GET"]}}],"collection":[{"href":"https:\/\/lospoliticosveracruz.com\/index.php?rest_route=\/wp\/v2\/posts"}],"about":[{"href":"https:\/\/lospoliticosveracruz.com\/index.php?rest_route=\/wp\/v2\/types\/post"}],"author":[{"embeddable":true,"href":"https:\/\/lospoliticosveracruz.com\/index.php?rest_route=\/wp\/v2\/users\/2"}],"replies":[{"embeddable":true,"href":"https:\/\/lospoliticosveracruz.com\/index.php?rest_route=%2Fwp%2Fv2%2Fcomments&post=77016"}],"version-history":[{"count":1,"href":"https:\/\/lospoliticosveracruz.com\/index.php?rest_route=\/wp\/v2\/posts\/77016\/revisions"}],"predecessor-version":[{"id":77017,"href":"https:\/\/lospoliticosveracruz.com\/index.php?rest_route=\/wp\/v2\/posts\/77016\/revisions\/77017"}],"wp:attachment":[{"href":"https:\/\/lospoliticosveracruz.com\/index.php?rest_route=%2Fwp%2Fv2%2Fmedia&parent=77016"}],"wp:term":[{"taxonomy":"category","embeddable":true,"href":"https:\/\/lospoliticosveracruz.com\/index.php?rest_route=%2Fwp%2Fv2%2Fcategories&post=77016"},{"taxonomy":"post_tag","embeddable":true,"href":"https:\/\/lospoliticosveracruz.com\/index.php?rest_route=%2Fwp%2Fv2%2Ftags&post=77016"}],"curies":[{"name":"wp","href":"https:\/\/api.w.org\/{rel}","templated":true}]}}