{"id":77050,"date":"2021-07-21T16:59:06","date_gmt":"2021-07-21T21:59:06","guid":{"rendered":"http:\/\/www.lospoliticosveracruz.com.mx\/?p=77050"},"modified":"2021-07-21T16:59:12","modified_gmt":"2021-07-21T21:59:12","slug":"necesita-uv-transformacion-a-fondo-vela","status":"publish","type":"post","link":"https:\/\/lospoliticosveracruz.com\/?p=77050","title":{"rendered":"Necesita UV transformaci\u00f3n a fondo: Vela"},"content":{"rendered":"\n<p><strong>Xalapa<\/strong><br>La Universidad Veracruzana (UV) ha llegado a un punto de inflexi\u00f3n donde ya no cabe el continuismo, sino una transformaci\u00f3n profunda en sus programas y planes de estudios que la lleven hacia la revoluci\u00f3n tecnol\u00f3gica, consider\u00f3 el aspirante a la rector\u00eda, Rafael Vela Mart\u00ednez.<\/p>\n\n\n\n<div class=\"wp-block-image\"><figure class=\"alignleft size-large\"><a href=\"http:\/\/www.lospoliticosveracruz.com.mx\/wp-content\/uploads\/2021\/07\/BC303C53-5B1B-41DB-83A8-F91CDDBACA76.jpeg\"><img decoding=\"async\" src=\"http:\/\/www.lospoliticosveracruz.com.mx\/wp-content\/uploads\/2021\/07\/BC303C53-5B1B-41DB-83A8-F91CDDBACA76.jpeg\" alt=\"\" class=\"wp-image-76619\"\/><\/a><\/figure><\/div>\n\n\n\n<p><br>En entrevista Vela Mart\u00ednez coment\u00f3 que ha llegado el tiempo de no s\u00f3lo criticar lo que est\u00e1 mal al interior de la UV, sino ser agente de cambio y por ello su deseo de ser rector.<br>\u201cEstamos en un momento crucial de inflexi\u00f3n para la Universidad, o se avanza hacia un escenario negativo o positivo. Hoy exige la toma de decisiones acertadas, para que la UV vuelva a estar dentro del ranking de las diez mejores universidades de M\u00e9xico\u201d, manifest\u00f3.<br>Rafael Vela est\u00e1 convencido que ser\u00e1 un grave error estrat\u00e9gico seguir con el continuismo en los planes y programas de estudios.<br>\u201cLa UV debe crear nuevas carreras que demandan los tiempos actuales y hacia el futuro, de seguir con la misma inercia, seguir\u00e1n cayendo los niveles de matr\u00edculas de postgrados, especialidades, as\u00ed como alumnos egresados que terminan en el desempleo\u201d, expuso.<br>En esa idea, puntualiz\u00f3 el especialista en Econom\u00eda y Desarrollo Regional, el presupuesto de la UV es clave, debe ir m\u00e1s all\u00e1 de la d\u00e1diva presupuestal gubernamental y encaminarse en la v\u00eda autosustentable, como el caso del Colegio de la Frontera Norte, en Tijuana.<br>\u201cM\u00e1s del 70 por ciento de sus ingresos (del Colegio de la Frontera) son recursos propios, venden muchos servicios a empresas norteamericanas. Por eso la UV, en esta revoluci\u00f3n tecnol\u00f3gica puede vender servicios que vayan desde lo local hasta lo internacional\u201d, dijo.<br>El integrante del IIESES record\u00f3 que la UV recibe menos de 6 mil millones de pesos anules de presupuesto, el cual puede optimizarse haciendo ajuste en programas como el MEIF, acortando tiempos que deriven en ajustes de honorarios a profesores.<br>\u201cEl MEIF en este momento es una deseconom\u00eda, ha llevado a retener al estudiante dos a\u00f1os m\u00e1s, atras\u00e1ndolo para un postgrado o para su integraci\u00f3n al mercado laboral, genera pagos a profesores por dos a\u00f1os m\u00e1s y lacera la econom\u00eda familiar, por eso hay que reestructura el MEIF\u201d, puntualiz\u00f3.<br>En su plan de trabajo denominado \u201cUniversidad Veracruzana, Motor del Desarrollo Regional y de la Movilidad Social\u201d, Vela Mart\u00ednez enfatiz\u00f3 que la UV ha dejado de ser el motor de desarrollo de Veracruz, como los tecnol\u00f3gicos de la entidad.<br>De all\u00ed que uno de los compromisos del investigador y aspirante a la rector\u00eda, es garantizar el 100 por ciento el ingreso a la UV, a trav\u00e9s de las tecnolog\u00edas aplicadas a la educaci\u00f3n y al conocimiento (TACs) de \u00faltima generaci\u00f3n por disciplina.<br>\u201cHablamos de una revoluci\u00f3n tecnol\u00f3gica, el conocimiento digitalizado ha generado que se discuta a nivel mundial el rumbo de programas educativos, e incluso han cambiado ya los procesos de hacer investigaci\u00f3n y de ense\u00f1anza-aprendizaje\u201d, puntualiz\u00f3.<br>Vela Mart\u00ednez, expres\u00f3 que la pandemia vino a visibilizar el atraso tecnol\u00f3gico en el que se encuentra la Veracruzana, de all\u00ed que la instituci\u00f3n debe salir de eso y forjar alianzas con el sector productivo.<\/p>\n","protected":false},"excerpt":{"rendered":"<p>XalapaLa Universidad Veracruzana (UV) ha llegado a un punto de inflexi\u00f3n donde ya no cabe el continuismo, sino una transformaci\u00f3n profunda en sus programas y planes de estudios que la lleven hacia la revoluci\u00f3n tecnol\u00f3gica, consider\u00f3 el aspirante a la rector\u00eda, Rafael Vela Mart\u00ednez. En entrevista Vela Mart\u00ednez coment\u00f3 que ha llegado el tiempo de [&hellip;]<\/p>\n","protected":false},"author":2,"featured_media":0,"comment_status":"closed","ping_status":"closed","sticky":false,"template":"","format":"standard","meta":{"tdm_status":"","tdm_grid_status":"","footnotes":""},"categories":[73],"tags":[8015,219,172],"class_list":{"0":"post-77050","1":"post","2":"type-post","3":"status-publish","4":"format-standard","6":"category-de-boleto","7":"tag-rafael-vela-martinez","8":"tag-universidad-veracruzana","9":"tag-uv"},"yoast_head":"<!-- This site is optimized with the Yoast SEO plugin v27.4 - https:\/\/yoast.com\/product\/yoast-seo-wordpress\/ -->\n<title>Necesita UV transformaci\u00f3n a fondo: Vela - Los pol\u00edticos Veracruz<\/title>\n<meta name=\"robots\" content=\"index, follow, max-snippet:-1, max-image-preview:large, max-video-preview:-1\" \/>\n<link rel=\"canonical\" href=\"https:\/\/lospoliticosveracruz.com\/?p=77050\" \/>\n<meta property=\"og:locale\" content=\"es_ES\" \/>\n<meta property=\"og:type\" content=\"article\" \/>\n<meta property=\"og:title\" content=\"Necesita UV transformaci\u00f3n a fondo: Vela - Los pol\u00edticos Veracruz\" \/>\n<meta property=\"og:description\" content=\"XalapaLa Universidad Veracruzana (UV) ha llegado a un punto de inflexi\u00f3n donde ya no cabe el continuismo, sino una transformaci\u00f3n profunda en sus programas y planes de estudios que la lleven hacia la revoluci\u00f3n tecnol\u00f3gica, consider\u00f3 el aspirante a la rector\u00eda, Rafael Vela Mart\u00ednez. En entrevista Vela Mart\u00ednez coment\u00f3 que ha llegado el tiempo de [&hellip;]\" \/>\n<meta property=\"og:url\" content=\"https:\/\/lospoliticosveracruz.com\/?p=77050\" \/>\n<meta property=\"og:site_name\" content=\"Los pol\u00edticos Veracruz\" \/>\n<meta property=\"article:publisher\" content=\"https:\/\/www.facebook.com\/people\/Notimemes-de-los-Polticos\/61565672886568\/\" \/>\n<meta property=\"article:published_time\" content=\"2021-07-21T21:59:06+00:00\" \/>\n<meta property=\"article:modified_time\" content=\"2021-07-21T21:59:12+00:00\" \/>\n<meta property=\"og:image\" content=\"http:\/\/www.lospoliticosveracruz.com.mx\/wp-content\/uploads\/2021\/07\/BC303C53-5B1B-41DB-83A8-F91CDDBACA76.jpeg\" \/>\n<meta name=\"author\" content=\"Lo viste en Los Pol\u00edticos\" \/>\n<meta name=\"twitter:card\" content=\"summary_large_image\" \/>\n<meta name=\"twitter:creator\" content=\"@LosPoliticosVer\" \/>\n<meta name=\"twitter:site\" content=\"@LosPoliticosVer\" \/>\n<meta name=\"twitter:label1\" content=\"Escrito por\" \/>\n\t<meta name=\"twitter:data1\" content=\"Lo viste en Los Pol\u00edticos\" \/>\n\t<meta name=\"twitter:label2\" content=\"Tiempo de lectura\" \/>\n\t<meta name=\"twitter:data2\" content=\"3 minutos\" \/>\n<script type=\"application\/ld+json\" class=\"yoast-schema-graph\">{\"@context\":\"https:\\\/\\\/schema.org\",\"@graph\":[{\"@type\":\"Article\",\"@id\":\"https:\\\/\\\/lospoliticosveracruz.com\\\/?p=77050#article\",\"isPartOf\":{\"@id\":\"https:\\\/\\\/lospoliticosveracruz.com\\\/?p=77050\"},\"author\":{\"name\":\"Lo viste en Los Pol\u00edticos\",\"@id\":\"https:\\\/\\\/lospoliticosveracruz.com\\\/#\\\/schema\\\/person\\\/b8702bb0e538456e6efd07080bf2a4a2\"},\"headline\":\"Necesita UV transformaci\u00f3n a fondo: Vela\",\"datePublished\":\"2021-07-21T21:59:06+00:00\",\"dateModified\":\"2021-07-21T21:59:12+00:00\",\"mainEntityOfPage\":{\"@id\":\"https:\\\/\\\/lospoliticosveracruz.com\\\/?p=77050\"},\"wordCount\":559,\"publisher\":{\"@id\":\"https:\\\/\\\/lospoliticosveracruz.com\\\/#organization\"},\"image\":{\"@id\":\"https:\\\/\\\/lospoliticosveracruz.com\\\/?p=77050#primaryimage\"},\"thumbnailUrl\":\"http:\\\/\\\/www.lospoliticosveracruz.com.mx\\\/wp-content\\\/uploads\\\/2021\\\/07\\\/BC303C53-5B1B-41DB-83A8-F91CDDBACA76.jpeg\",\"keywords\":[\"Rafael Vela Mart\u00ednez\",\"Universidad Veracruzana\",\"UV\"],\"articleSection\":[\"De Boleto\"],\"inLanguage\":\"es\"},{\"@type\":\"WebPage\",\"@id\":\"https:\\\/\\\/lospoliticosveracruz.com\\\/?p=77050\",\"url\":\"https:\\\/\\\/lospoliticosveracruz.com\\\/?p=77050\",\"name\":\"Necesita UV transformaci\u00f3n a fondo: Vela - Los pol\u00edticos Veracruz\",\"isPartOf\":{\"@id\":\"https:\\\/\\\/lospoliticosveracruz.com\\\/#website\"},\"primaryImageOfPage\":{\"@id\":\"https:\\\/\\\/lospoliticosveracruz.com\\\/?p=77050#primaryimage\"},\"image\":{\"@id\":\"https:\\\/\\\/lospoliticosveracruz.com\\\/?p=77050#primaryimage\"},\"thumbnailUrl\":\"http:\\\/\\\/www.lospoliticosveracruz.com.mx\\\/wp-content\\\/uploads\\\/2021\\\/07\\\/BC303C53-5B1B-41DB-83A8-F91CDDBACA76.jpeg\",\"datePublished\":\"2021-07-21T21:59:06+00:00\",\"dateModified\":\"2021-07-21T21:59:12+00:00\",\"breadcrumb\":{\"@id\":\"https:\\\/\\\/lospoliticosveracruz.com\\\/?p=77050#breadcrumb\"},\"inLanguage\":\"es\",\"potentialAction\":[{\"@type\":\"ReadAction\",\"target\":[\"https:\\\/\\\/lospoliticosveracruz.com\\\/?p=77050\"]}]},{\"@type\":\"ImageObject\",\"inLanguage\":\"es\",\"@id\":\"https:\\\/\\\/lospoliticosveracruz.com\\\/?p=77050#primaryimage\",\"url\":\"http:\\\/\\\/www.lospoliticosveracruz.com.mx\\\/wp-content\\\/uploads\\\/2021\\\/07\\\/BC303C53-5B1B-41DB-83A8-F91CDDBACA76.jpeg\",\"contentUrl\":\"http:\\\/\\\/www.lospoliticosveracruz.com.mx\\\/wp-content\\\/uploads\\\/2021\\\/07\\\/BC303C53-5B1B-41DB-83A8-F91CDDBACA76.jpeg\"},{\"@type\":\"BreadcrumbList\",\"@id\":\"https:\\\/\\\/lospoliticosveracruz.com\\\/?p=77050#breadcrumb\",\"itemListElement\":[{\"@type\":\"ListItem\",\"position\":1,\"name\":\"Portada\",\"item\":\"https:\\\/\\\/lospoliticosveracruz.com\\\/\"},{\"@type\":\"ListItem\",\"position\":2,\"name\":\"Necesita UV transformaci\u00f3n a fondo: Vela\"}]},{\"@type\":\"WebSite\",\"@id\":\"https:\\\/\\\/lospoliticosveracruz.com\\\/#website\",\"url\":\"https:\\\/\\\/lospoliticosveracruz.com\\\/\",\"name\":\"Los pol\u00edticos Veracruz\",\"description\":\"\",\"publisher\":{\"@id\":\"https:\\\/\\\/lospoliticosveracruz.com\\\/#organization\"},\"potentialAction\":[{\"@type\":\"SearchAction\",\"target\":{\"@type\":\"EntryPoint\",\"urlTemplate\":\"https:\\\/\\\/lospoliticosveracruz.com\\\/?s={search_term_string}\"},\"query-input\":{\"@type\":\"PropertyValueSpecification\",\"valueRequired\":true,\"valueName\":\"search_term_string\"}}],\"inLanguage\":\"es\"},{\"@type\":\"Organization\",\"@id\":\"https:\\\/\\\/lospoliticosveracruz.com\\\/#organization\",\"name\":\"Los pol\u00edticos Veracruz\",\"url\":\"https:\\\/\\\/lospoliticosveracruz.com\\\/\",\"logo\":{\"@type\":\"ImageObject\",\"inLanguage\":\"es\",\"@id\":\"https:\\\/\\\/lospoliticosveracruz.com\\\/#\\\/schema\\\/logo\\\/image\\\/\",\"url\":\"https:\\\/\\\/lospoliticosveracruz.com\\\/wp-content\\\/uploads\\\/2025\\\/12\\\/Logo-Nuevo-LOS-POLITICOS-1.jpg\",\"contentUrl\":\"https:\\\/\\\/lospoliticosveracruz.com\\\/wp-content\\\/uploads\\\/2025\\\/12\\\/Logo-Nuevo-LOS-POLITICOS-1.jpg\",\"width\":260,\"height\":70,\"caption\":\"Los pol\u00edticos Veracruz\"},\"image\":{\"@id\":\"https:\\\/\\\/lospoliticosveracruz.com\\\/#\\\/schema\\\/logo\\\/image\\\/\"},\"sameAs\":[\"https:\\\/\\\/www.facebook.com\\\/people\\\/Notimemes-de-los-Polticos\\\/61565672886568\\\/\",\"https:\\\/\\\/x.com\\\/LosPoliticosVer\"]},{\"@type\":\"Person\",\"@id\":\"https:\\\/\\\/lospoliticosveracruz.com\\\/#\\\/schema\\\/person\\\/b8702bb0e538456e6efd07080bf2a4a2\",\"name\":\"Lo viste en Los Pol\u00edticos\",\"image\":{\"@type\":\"ImageObject\",\"inLanguage\":\"es\",\"@id\":\"https:\\\/\\\/secure.gravatar.com\\\/avatar\\\/3a8de04a2656d44082be478bd6c086daa447c4651605818287b9532d3d0bd435?s=96&d=mm&r=g\",\"url\":\"https:\\\/\\\/secure.gravatar.com\\\/avatar\\\/3a8de04a2656d44082be478bd6c086daa447c4651605818287b9532d3d0bd435?s=96&d=mm&r=g\",\"contentUrl\":\"https:\\\/\\\/secure.gravatar.com\\\/avatar\\\/3a8de04a2656d44082be478bd6c086daa447c4651605818287b9532d3d0bd435?s=96&d=mm&r=g\",\"caption\":\"Lo viste en Los Pol\u00edticos\"},\"url\":\"https:\\\/\\\/lospoliticosveracruz.com\\\/?author=2\"}]}<\/script>\n<!-- \/ Yoast SEO plugin. -->","yoast_head_json":{"title":"Necesita UV transformaci\u00f3n a fondo: Vela - Los pol\u00edticos Veracruz","robots":{"index":"index","follow":"follow","max-snippet":"max-snippet:-1","max-image-preview":"max-image-preview:large","max-video-preview":"max-video-preview:-1"},"canonical":"https:\/\/lospoliticosveracruz.com\/?p=77050","og_locale":"es_ES","og_type":"article","og_title":"Necesita UV transformaci\u00f3n a fondo: Vela - Los pol\u00edticos Veracruz","og_description":"XalapaLa Universidad Veracruzana (UV) ha llegado a un punto de inflexi\u00f3n donde ya no cabe el continuismo, sino una transformaci\u00f3n profunda en sus programas y planes de estudios que la lleven hacia la revoluci\u00f3n tecnol\u00f3gica, consider\u00f3 el aspirante a la rector\u00eda, Rafael Vela Mart\u00ednez. En entrevista Vela Mart\u00ednez coment\u00f3 que ha llegado el tiempo de [&hellip;]","og_url":"https:\/\/lospoliticosveracruz.com\/?p=77050","og_site_name":"Los pol\u00edticos Veracruz","article_publisher":"https:\/\/www.facebook.com\/people\/Notimemes-de-los-Polticos\/61565672886568\/","article_published_time":"2021-07-21T21:59:06+00:00","article_modified_time":"2021-07-21T21:59:12+00:00","og_image":[{"url":"http:\/\/www.lospoliticosveracruz.com.mx\/wp-content\/uploads\/2021\/07\/BC303C53-5B1B-41DB-83A8-F91CDDBACA76.jpeg","type":"","width":"","height":""}],"author":"Lo viste en Los Pol\u00edticos","twitter_card":"summary_large_image","twitter_creator":"@LosPoliticosVer","twitter_site":"@LosPoliticosVer","twitter_misc":{"Escrito por":"Lo viste en Los Pol\u00edticos","Tiempo de lectura":"3 minutos"},"schema":{"@context":"https:\/\/schema.org","@graph":[{"@type":"Article","@id":"https:\/\/lospoliticosveracruz.com\/?p=77050#article","isPartOf":{"@id":"https:\/\/lospoliticosveracruz.com\/?p=77050"},"author":{"name":"Lo viste en Los Pol\u00edticos","@id":"https:\/\/lospoliticosveracruz.com\/#\/schema\/person\/b8702bb0e538456e6efd07080bf2a4a2"},"headline":"Necesita UV transformaci\u00f3n a fondo: Vela","datePublished":"2021-07-21T21:59:06+00:00","dateModified":"2021-07-21T21:59:12+00:00","mainEntityOfPage":{"@id":"https:\/\/lospoliticosveracruz.com\/?p=77050"},"wordCount":559,"publisher":{"@id":"https:\/\/lospoliticosveracruz.com\/#organization"},"image":{"@id":"https:\/\/lospoliticosveracruz.com\/?p=77050#primaryimage"},"thumbnailUrl":"http:\/\/www.lospoliticosveracruz.com.mx\/wp-content\/uploads\/2021\/07\/BC303C53-5B1B-41DB-83A8-F91CDDBACA76.jpeg","keywords":["Rafael Vela Mart\u00ednez","Universidad Veracruzana","UV"],"articleSection":["De Boleto"],"inLanguage":"es"},{"@type":"WebPage","@id":"https:\/\/lospoliticosveracruz.com\/?p=77050","url":"https:\/\/lospoliticosveracruz.com\/?p=77050","name":"Necesita UV transformaci\u00f3n a fondo: Vela - Los pol\u00edticos Veracruz","isPartOf":{"@id":"https:\/\/lospoliticosveracruz.com\/#website"},"primaryImageOfPage":{"@id":"https:\/\/lospoliticosveracruz.com\/?p=77050#primaryimage"},"image":{"@id":"https:\/\/lospoliticosveracruz.com\/?p=77050#primaryimage"},"thumbnailUrl":"http:\/\/www.lospoliticosveracruz.com.mx\/wp-content\/uploads\/2021\/07\/BC303C53-5B1B-41DB-83A8-F91CDDBACA76.jpeg","datePublished":"2021-07-21T21:59:06+00:00","dateModified":"2021-07-21T21:59:12+00:00","breadcrumb":{"@id":"https:\/\/lospoliticosveracruz.com\/?p=77050#breadcrumb"},"inLanguage":"es","potentialAction":[{"@type":"ReadAction","target":["https:\/\/lospoliticosveracruz.com\/?p=77050"]}]},{"@type":"ImageObject","inLanguage":"es","@id":"https:\/\/lospoliticosveracruz.com\/?p=77050#primaryimage","url":"http:\/\/www.lospoliticosveracruz.com.mx\/wp-content\/uploads\/2021\/07\/BC303C53-5B1B-41DB-83A8-F91CDDBACA76.jpeg","contentUrl":"http:\/\/www.lospoliticosveracruz.com.mx\/wp-content\/uploads\/2021\/07\/BC303C53-5B1B-41DB-83A8-F91CDDBACA76.jpeg"},{"@type":"BreadcrumbList","@id":"https:\/\/lospoliticosveracruz.com\/?p=77050#breadcrumb","itemListElement":[{"@type":"ListItem","position":1,"name":"Portada","item":"https:\/\/lospoliticosveracruz.com\/"},{"@type":"ListItem","position":2,"name":"Necesita UV transformaci\u00f3n a fondo: Vela"}]},{"@type":"WebSite","@id":"https:\/\/lospoliticosveracruz.com\/#website","url":"https:\/\/lospoliticosveracruz.com\/","name":"Los pol\u00edticos Veracruz","description":"","publisher":{"@id":"https:\/\/lospoliticosveracruz.com\/#organization"},"potentialAction":[{"@type":"SearchAction","target":{"@type":"EntryPoint","urlTemplate":"https:\/\/lospoliticosveracruz.com\/?s={search_term_string}"},"query-input":{"@type":"PropertyValueSpecification","valueRequired":true,"valueName":"search_term_string"}}],"inLanguage":"es"},{"@type":"Organization","@id":"https:\/\/lospoliticosveracruz.com\/#organization","name":"Los pol\u00edticos Veracruz","url":"https:\/\/lospoliticosveracruz.com\/","logo":{"@type":"ImageObject","inLanguage":"es","@id":"https:\/\/lospoliticosveracruz.com\/#\/schema\/logo\/image\/","url":"https:\/\/lospoliticosveracruz.com\/wp-content\/uploads\/2025\/12\/Logo-Nuevo-LOS-POLITICOS-1.jpg","contentUrl":"https:\/\/lospoliticosveracruz.com\/wp-content\/uploads\/2025\/12\/Logo-Nuevo-LOS-POLITICOS-1.jpg","width":260,"height":70,"caption":"Los pol\u00edticos Veracruz"},"image":{"@id":"https:\/\/lospoliticosveracruz.com\/#\/schema\/logo\/image\/"},"sameAs":["https:\/\/www.facebook.com\/people\/Notimemes-de-los-Polticos\/61565672886568\/","https:\/\/x.com\/LosPoliticosVer"]},{"@type":"Person","@id":"https:\/\/lospoliticosveracruz.com\/#\/schema\/person\/b8702bb0e538456e6efd07080bf2a4a2","name":"Lo viste en Los Pol\u00edticos","image":{"@type":"ImageObject","inLanguage":"es","@id":"https:\/\/secure.gravatar.com\/avatar\/3a8de04a2656d44082be478bd6c086daa447c4651605818287b9532d3d0bd435?s=96&d=mm&r=g","url":"https:\/\/secure.gravatar.com\/avatar\/3a8de04a2656d44082be478bd6c086daa447c4651605818287b9532d3d0bd435?s=96&d=mm&r=g","contentUrl":"https:\/\/secure.gravatar.com\/avatar\/3a8de04a2656d44082be478bd6c086daa447c4651605818287b9532d3d0bd435?s=96&d=mm&r=g","caption":"Lo viste en Los Pol\u00edticos"},"url":"https:\/\/lospoliticosveracruz.com\/?author=2"}]}},"_links":{"self":[{"href":"https:\/\/lospoliticosveracruz.com\/index.php?rest_route=\/wp\/v2\/posts\/77050","targetHints":{"allow":["GET"]}}],"collection":[{"href":"https:\/\/lospoliticosveracruz.com\/index.php?rest_route=\/wp\/v2\/posts"}],"about":[{"href":"https:\/\/lospoliticosveracruz.com\/index.php?rest_route=\/wp\/v2\/types\/post"}],"author":[{"embeddable":true,"href":"https:\/\/lospoliticosveracruz.com\/index.php?rest_route=\/wp\/v2\/users\/2"}],"replies":[{"embeddable":true,"href":"https:\/\/lospoliticosveracruz.com\/index.php?rest_route=%2Fwp%2Fv2%2Fcomments&post=77050"}],"version-history":[{"count":1,"href":"https:\/\/lospoliticosveracruz.com\/index.php?rest_route=\/wp\/v2\/posts\/77050\/revisions"}],"predecessor-version":[{"id":77052,"href":"https:\/\/lospoliticosveracruz.com\/index.php?rest_route=\/wp\/v2\/posts\/77050\/revisions\/77052"}],"wp:attachment":[{"href":"https:\/\/lospoliticosveracruz.com\/index.php?rest_route=%2Fwp%2Fv2%2Fmedia&parent=77050"}],"wp:term":[{"taxonomy":"category","embeddable":true,"href":"https:\/\/lospoliticosveracruz.com\/index.php?rest_route=%2Fwp%2Fv2%2Fcategories&post=77050"},{"taxonomy":"post_tag","embeddable":true,"href":"https:\/\/lospoliticosveracruz.com\/index.php?rest_route=%2Fwp%2Fv2%2Ftags&post=77050"}],"curies":[{"name":"wp","href":"https:\/\/api.w.org\/{rel}","templated":true}]}}