{"id":77056,"date":"2021-07-21T17:58:47","date_gmt":"2021-07-21T22:58:47","guid":{"rendered":"http:\/\/www.lospoliticosveracruz.com.mx\/?p=77056"},"modified":"2021-07-21T17:58:51","modified_gmt":"2021-07-21T22:58:51","slug":"el-mejor-pais-del-mundo","status":"publish","type":"post","link":"https:\/\/lospoliticosveracruz.com\/?p=77056","title":{"rendered":"El mejor pa\u00eds del mundo"},"content":{"rendered":"\n<p><strong>Jorge Arturo Rodr\u00edguez<\/strong><\/p>\n\n\n\n<p><em>Tierra de Babel<\/em><br><br><\/p>\n\n\n\n<p>\u201cTodo el sentido del mundo de hoy cabe en dos frases dichas o mejor desdichas: Ganarse la vida, dicen los pobres. Matar el tiempo, dicen los ricos.\u201d (Max Aub).<\/p>\n\n\n\n<div class=\"wp-block-image\"><figure class=\"alignleft size-large\"><a href=\"http:\/\/www.lospoliticosveracruz.com.mx\/wp-content\/uploads\/2021\/07\/BC303C53-5B1B-41DB-83A8-F91CDDBACA76.jpeg\"><img decoding=\"async\" src=\"http:\/\/www.lospoliticosveracruz.com.mx\/wp-content\/uploads\/2021\/07\/BC303C53-5B1B-41DB-83A8-F91CDDBACA76.jpeg\" alt=\"\" class=\"wp-image-76619\"\/><\/a><\/figure><\/div>\n\n\n\n<p>La vida es huidiza, escurridiza. \u201cNadie se ba\u00f1a dos veces en el mismo r\u00edo\u201d, pensara Her\u00e1clito. Y nosotros tampoco somos siempre los mismos, dicen. All\u00e1 cada quien. La vida no es la misma si la ves desde un microscopio o un telescopio, como no es lo mismo pobre vida que vida pobre, ni pobre pol\u00edtico que pol\u00edtico pobre; no es lo mismo Chana que Juana, mucho menos huele atr\u00e1s que atr\u00e1s te huele. Ejemplos hay muchos.<br>Canta Alberto Cortez \u201cQu\u00e9 suerte he tenido de nacer\u2026\u201d, ya ni se diga de Jeff Bezos y anexas. Que la ciencia y la tecnolog\u00eda avancen, es un gusto, todo sea por el futuro de la Humanidad (\u00bf?), para contemplar y gozar del mundo.<br>Luego de estar un ratito en el espacio (\u201cAl infinito\u2026 \u00a1y m\u00e1s all\u00e1!\u201d, exclam\u00f3 Buzz), Jeff Bezos expres\u00f3: \u201cEl mejor d\u00eda de mi vida\u201d. Y agreg\u00f3: \u201cTodos los que han estado en el espacio han dicho que les cambi\u00f3 y que se quedaron asombrados, at\u00f3nitos, por la Tierra y su belleza, pero tambi\u00e9n por su fragilidad, y yo no podr\u00eda estar m\u00e1s de acuerdo\u201d. Ok, Mister. Pero \u00bfen realidad la Tierra est\u00e1 bien de salud? \u00bfO es un fr\u00e1gil planeta, banquete del apetito voraz del hombre por destruirlo?<br>Desde arriba o desde abajo, \u00bfc\u00f3mo andamos? Ya lo dec\u00eda Ren\u00e9 Descartes: \u201cPara mejorar nuestro conocimiento debemos aprender menos y contemplar m\u00e1s\u201d. Y creo que eso lo estamos perdiendo o lo hemos perdido. Vivimos o sobrevivimos s\u00f3lo por vivir o sobrevivir. Al cabo que\u2026 En ese tenor la llevamos. Tan bella que es la vida.<br>Carla Gustav Jung dijo: \u201cSi existiera algo que quisi\u00e9ramos cambiar en los chicos, en primer lugar, deber\u00edamos examinarlo y observar si no es algo que podr\u00eda ser mejor cambiar en nosotros mismos\u201d. Y T. S. Eliot expres\u00f3: \u201cHacer lo \u00fatil, decir lo justo y contemplar lo bello es bastante para una vida de hombre.\u201d \u00bfO mejor nos hacemos como que la Virgen nos habla?<br>Gabriel Zaid, en su art\u00edculo \u201cObservaciones y an\u00e9cdotas\u201d (letraslibres.com, 01\/06\/21), anota:<br>*En la carretera. \u00bfEmpez\u00f3 a llover o entramos a la lluvia?<br>*Los mosquitos tienen horas. Dejan de molestar despu\u00e9s de medianoche. \u00bfSe retiran a descansar?<br>*Dormir es desconectarse.<br>*Si las motocicletas fueran silenciosas, no se vender\u00edan.<br>*Sabe algunas cosas, y cree saber todas.<br>*El ni\u00f1o se levanta de la bacinica con un gesto triunfal, como si hubiera hecho algo importante.<br>*Voltaire ten\u00eda un aire voltaico.<br>*La plegaria se hace en modo imperativo, como dando \u00f3rdenes a Dios: \u201cEsc\u00fachame\u201d (Salmos), \u201cdanos\u201d (padrenuestro), \u201cVen\u201d (Esp\u00edritu Santo).<br>\u00bfC\u00f3mo andamos, M\u00e9xico? \u00bfEn el mejor pa\u00eds del mundo? Habr\u00eda que subir al cielo pa\u2019 verlo mejor. Me quedo con Max Aub cuando dice que \u201ctodo consiste en recortar la imaginaci\u00f3n, porque la imaginaci\u00f3n nace del dolor. El ideal, ahora, es un mundo sin imaginaci\u00f3n. No estoy conforme.\u201d<\/p>\n\n\n\n<p><strong>Los d\u00edas y los temas<\/strong><\/p>\n\n\n\n<p>Hace a\u00f1os, Federico Campbell escribi\u00f3: \u201cEl servicio de espionaje y contraespionaje en M\u00e9xico es tan bueno que nadie \u2014ning\u00fan mexicano\u2014 cree que existe.\u201d Pero lleg\u00f3 Pegasus, y valimos madres. Nos est\u00e1n viendo hasta de qu\u00e9 color son nuestros calzones. Pos qu\u00e9 quer\u00edamos. El futuro ya est\u00e1 aqu\u00ed.<br>\u201cNo me sorprende. Me repugna, pero estamos acostumbrados. Gracias a todos los investigadores que emprendieron la revisi\u00f3n de esos expedientes de aquella empresa extranjera que fue contratada para entrometerse en casa\u201d, expres\u00f3 Beatriz Guti\u00e9rrez M\u00fcller.<br>Un mundo nos vigila, \u00bfverdad, Pedro Ferriz Santa Cruz? Que no cunda el p\u00e1nico, se trata de p\u00e1jaros en el alambre o p\u00e1jaros inal\u00e1mbricos o, de plano, nos preguntamos \u00bfqu\u00e9 manos mueven el mundo?<\/p>\n\n\n\n<p><strong>De cinismo y anexas<\/strong><\/p>\n\n\n\n<p>Max Aub escribi\u00f3: \u201cAborrecemos la subordinaci\u00f3n, que nos numeren, que nos manden, que nos obliguen, que nos digan sin consultarnos: Haz esto o lo otro.\u201d Pero he aqu\u00ed que gracias a dizque consultarnos (no en todo, claro), caemos en la subordinaci\u00f3n y a wuevo (\u00bf?) nos dicen haz esto. La simulaci\u00f3n disimulada. El colmo.<br>A prop\u00f3sito de la dichosa consulta del pr\u00f3ximo 1 de agosto, les comparto la parte final del cuento \u201cLa muerte tiene permiso\u201d, de Edmundo Valad\u00e9s, toda proporci\u00f3n guardada (aunque la muerta tenga de sobra permiso en M\u00e9xico):<\/p>\n\n\n\n<p>\u201cSe pone a votaci\u00f3n la proposici\u00f3n de los compa\u00f1eros de San Juan de las Manzanas. Los que est\u00e9n de acuerdo en que se les d\u00e9 permiso para matar al Presidente Municipal, que levanten la mano\u2026<br>Todos los brazos se tienden a lo alto. Tambi\u00e9n las de los ingenieros. No hay una sola mano que no est\u00e9 arriba, categ\u00f3ricamente aprobando. Cada dedo se\u00f1ala la muerte inmediata, directa.<br>-La asamblea da permiso a los de San Juan de las Manzanas para lo que solicitan.<br>Sacramento, que ha permanecido en pie, con calma, termina de hablar. No hay alegr\u00eda ni dolor en lo que dice. Su expresi\u00f3n es sencilla, simple.<br>-Pos muchas gracias por el permiso, porque, como nadie nos hac\u00eda caso, desde ayer el Presidente Municipal de San Juan de las Manzanas est\u00e1 difunto.\u201d<\/p>\n\n\n\n<p>Quien entendi\u00f3, entendi\u00f3. Ah\u00ed se ven.<\/p>\n","protected":false},"excerpt":{"rendered":"<p>Jorge Arturo Rodr\u00edguez Tierra de Babel \u201cTodo el sentido del mundo de hoy cabe en dos frases dichas o mejor desdichas: Ganarse la vida, dicen los pobres. Matar el tiempo, dicen los ricos.\u201d (Max Aub). La vida es huidiza, escurridiza. \u201cNadie se ba\u00f1a dos veces en el mismo r\u00edo\u201d, pensara Her\u00e1clito. Y nosotros tampoco somos [&hellip;]<\/p>\n","protected":false},"author":2,"featured_media":0,"comment_status":"closed","ping_status":"closed","sticky":false,"template":"","format":"standard","meta":{"tdm_status":"","tdm_grid_status":"","footnotes":""},"categories":[1],"tags":[8261,2677,29519,29520],"class_list":{"0":"post-77056","1":"post","2":"type-post","3":"status-publish","4":"format-standard","6":"category-sin-categoria","7":"tag-beatriz-gutierrez-muller","8":"tag-jorge-arturo-rodriguez","9":"tag-pedro-ferriz-santa-cruz","10":"tag-san-juan-de-las-manzanas"},"yoast_head":"<!-- This site is optimized with the Yoast SEO plugin v27.4 - https:\/\/yoast.com\/product\/yoast-seo-wordpress\/ -->\n<title>El mejor pa\u00eds del mundo - Los pol\u00edticos Veracruz<\/title>\n<meta name=\"robots\" content=\"index, follow, max-snippet:-1, max-image-preview:large, max-video-preview:-1\" \/>\n<link rel=\"canonical\" href=\"https:\/\/lospoliticosveracruz.com\/?p=77056\" \/>\n<meta property=\"og:locale\" content=\"es_ES\" \/>\n<meta property=\"og:type\" content=\"article\" \/>\n<meta property=\"og:title\" content=\"El mejor pa\u00eds del mundo - Los pol\u00edticos Veracruz\" \/>\n<meta property=\"og:description\" content=\"Jorge Arturo Rodr\u00edguez Tierra de Babel \u201cTodo el sentido del mundo de hoy cabe en dos frases dichas o mejor desdichas: Ganarse la vida, dicen los pobres. Matar el tiempo, dicen los ricos.\u201d (Max Aub). La vida es huidiza, escurridiza. \u201cNadie se ba\u00f1a dos veces en el mismo r\u00edo\u201d, pensara Her\u00e1clito. Y nosotros tampoco somos [&hellip;]\" \/>\n<meta property=\"og:url\" content=\"https:\/\/lospoliticosveracruz.com\/?p=77056\" \/>\n<meta property=\"og:site_name\" content=\"Los pol\u00edticos Veracruz\" \/>\n<meta property=\"article:publisher\" content=\"https:\/\/www.facebook.com\/people\/Notimemes-de-los-Polticos\/61565672886568\/\" \/>\n<meta property=\"article:published_time\" content=\"2021-07-21T22:58:47+00:00\" \/>\n<meta property=\"article:modified_time\" content=\"2021-07-21T22:58:51+00:00\" \/>\n<meta property=\"og:image\" content=\"http:\/\/www.lospoliticosveracruz.com.mx\/wp-content\/uploads\/2021\/07\/BC303C53-5B1B-41DB-83A8-F91CDDBACA76.jpeg\" \/>\n<meta name=\"author\" content=\"Lo viste en Los Pol\u00edticos\" \/>\n<meta name=\"twitter:card\" content=\"summary_large_image\" \/>\n<meta name=\"twitter:creator\" content=\"@LosPoliticosVer\" \/>\n<meta name=\"twitter:site\" content=\"@LosPoliticosVer\" \/>\n<meta name=\"twitter:label1\" content=\"Escrito por\" \/>\n\t<meta name=\"twitter:data1\" content=\"Lo viste en Los Pol\u00edticos\" \/>\n\t<meta name=\"twitter:label2\" content=\"Tiempo de lectura\" \/>\n\t<meta name=\"twitter:data2\" content=\"5 minutos\" \/>\n<script type=\"application\/ld+json\" class=\"yoast-schema-graph\">{\"@context\":\"https:\\\/\\\/schema.org\",\"@graph\":[{\"@type\":\"Article\",\"@id\":\"https:\\\/\\\/lospoliticosveracruz.com\\\/?p=77056#article\",\"isPartOf\":{\"@id\":\"https:\\\/\\\/lospoliticosveracruz.com\\\/?p=77056\"},\"author\":{\"name\":\"Lo viste en Los Pol\u00edticos\",\"@id\":\"https:\\\/\\\/lospoliticosveracruz.com\\\/#\\\/schema\\\/person\\\/b8702bb0e538456e6efd07080bf2a4a2\"},\"headline\":\"El mejor pa\u00eds del mundo\",\"datePublished\":\"2021-07-21T22:58:47+00:00\",\"dateModified\":\"2021-07-21T22:58:51+00:00\",\"mainEntityOfPage\":{\"@id\":\"https:\\\/\\\/lospoliticosveracruz.com\\\/?p=77056\"},\"wordCount\":930,\"publisher\":{\"@id\":\"https:\\\/\\\/lospoliticosveracruz.com\\\/#organization\"},\"image\":{\"@id\":\"https:\\\/\\\/lospoliticosveracruz.com\\\/?p=77056#primaryimage\"},\"thumbnailUrl\":\"http:\\\/\\\/www.lospoliticosveracruz.com.mx\\\/wp-content\\\/uploads\\\/2021\\\/07\\\/BC303C53-5B1B-41DB-83A8-F91CDDBACA76.jpeg\",\"keywords\":[\"Beatriz Guti\u00e9rrez M\u00fcller\",\"Jorge Arturo Rodr\u00edguez\",\"Pedro Ferriz Santa Cruz\",\"San Juan de las Manzanas\"],\"inLanguage\":\"es\"},{\"@type\":\"WebPage\",\"@id\":\"https:\\\/\\\/lospoliticosveracruz.com\\\/?p=77056\",\"url\":\"https:\\\/\\\/lospoliticosveracruz.com\\\/?p=77056\",\"name\":\"El mejor pa\u00eds del mundo - Los pol\u00edticos Veracruz\",\"isPartOf\":{\"@id\":\"https:\\\/\\\/lospoliticosveracruz.com\\\/#website\"},\"primaryImageOfPage\":{\"@id\":\"https:\\\/\\\/lospoliticosveracruz.com\\\/?p=77056#primaryimage\"},\"image\":{\"@id\":\"https:\\\/\\\/lospoliticosveracruz.com\\\/?p=77056#primaryimage\"},\"thumbnailUrl\":\"http:\\\/\\\/www.lospoliticosveracruz.com.mx\\\/wp-content\\\/uploads\\\/2021\\\/07\\\/BC303C53-5B1B-41DB-83A8-F91CDDBACA76.jpeg\",\"datePublished\":\"2021-07-21T22:58:47+00:00\",\"dateModified\":\"2021-07-21T22:58:51+00:00\",\"breadcrumb\":{\"@id\":\"https:\\\/\\\/lospoliticosveracruz.com\\\/?p=77056#breadcrumb\"},\"inLanguage\":\"es\",\"potentialAction\":[{\"@type\":\"ReadAction\",\"target\":[\"https:\\\/\\\/lospoliticosveracruz.com\\\/?p=77056\"]}]},{\"@type\":\"ImageObject\",\"inLanguage\":\"es\",\"@id\":\"https:\\\/\\\/lospoliticosveracruz.com\\\/?p=77056#primaryimage\",\"url\":\"http:\\\/\\\/www.lospoliticosveracruz.com.mx\\\/wp-content\\\/uploads\\\/2021\\\/07\\\/BC303C53-5B1B-41DB-83A8-F91CDDBACA76.jpeg\",\"contentUrl\":\"http:\\\/\\\/www.lospoliticosveracruz.com.mx\\\/wp-content\\\/uploads\\\/2021\\\/07\\\/BC303C53-5B1B-41DB-83A8-F91CDDBACA76.jpeg\"},{\"@type\":\"BreadcrumbList\",\"@id\":\"https:\\\/\\\/lospoliticosveracruz.com\\\/?p=77056#breadcrumb\",\"itemListElement\":[{\"@type\":\"ListItem\",\"position\":1,\"name\":\"Portada\",\"item\":\"https:\\\/\\\/lospoliticosveracruz.com\\\/\"},{\"@type\":\"ListItem\",\"position\":2,\"name\":\"El mejor pa\u00eds del mundo\"}]},{\"@type\":\"WebSite\",\"@id\":\"https:\\\/\\\/lospoliticosveracruz.com\\\/#website\",\"url\":\"https:\\\/\\\/lospoliticosveracruz.com\\\/\",\"name\":\"Los pol\u00edticos Veracruz\",\"description\":\"\",\"publisher\":{\"@id\":\"https:\\\/\\\/lospoliticosveracruz.com\\\/#organization\"},\"potentialAction\":[{\"@type\":\"SearchAction\",\"target\":{\"@type\":\"EntryPoint\",\"urlTemplate\":\"https:\\\/\\\/lospoliticosveracruz.com\\\/?s={search_term_string}\"},\"query-input\":{\"@type\":\"PropertyValueSpecification\",\"valueRequired\":true,\"valueName\":\"search_term_string\"}}],\"inLanguage\":\"es\"},{\"@type\":\"Organization\",\"@id\":\"https:\\\/\\\/lospoliticosveracruz.com\\\/#organization\",\"name\":\"Los pol\u00edticos Veracruz\",\"url\":\"https:\\\/\\\/lospoliticosveracruz.com\\\/\",\"logo\":{\"@type\":\"ImageObject\",\"inLanguage\":\"es\",\"@id\":\"https:\\\/\\\/lospoliticosveracruz.com\\\/#\\\/schema\\\/logo\\\/image\\\/\",\"url\":\"https:\\\/\\\/lospoliticosveracruz.com\\\/wp-content\\\/uploads\\\/2025\\\/12\\\/Logo-Nuevo-LOS-POLITICOS-1.jpg\",\"contentUrl\":\"https:\\\/\\\/lospoliticosveracruz.com\\\/wp-content\\\/uploads\\\/2025\\\/12\\\/Logo-Nuevo-LOS-POLITICOS-1.jpg\",\"width\":260,\"height\":70,\"caption\":\"Los pol\u00edticos Veracruz\"},\"image\":{\"@id\":\"https:\\\/\\\/lospoliticosveracruz.com\\\/#\\\/schema\\\/logo\\\/image\\\/\"},\"sameAs\":[\"https:\\\/\\\/www.facebook.com\\\/people\\\/Notimemes-de-los-Polticos\\\/61565672886568\\\/\",\"https:\\\/\\\/x.com\\\/LosPoliticosVer\"]},{\"@type\":\"Person\",\"@id\":\"https:\\\/\\\/lospoliticosveracruz.com\\\/#\\\/schema\\\/person\\\/b8702bb0e538456e6efd07080bf2a4a2\",\"name\":\"Lo viste en Los Pol\u00edticos\",\"image\":{\"@type\":\"ImageObject\",\"inLanguage\":\"es\",\"@id\":\"https:\\\/\\\/secure.gravatar.com\\\/avatar\\\/3a8de04a2656d44082be478bd6c086daa447c4651605818287b9532d3d0bd435?s=96&d=mm&r=g\",\"url\":\"https:\\\/\\\/secure.gravatar.com\\\/avatar\\\/3a8de04a2656d44082be478bd6c086daa447c4651605818287b9532d3d0bd435?s=96&d=mm&r=g\",\"contentUrl\":\"https:\\\/\\\/secure.gravatar.com\\\/avatar\\\/3a8de04a2656d44082be478bd6c086daa447c4651605818287b9532d3d0bd435?s=96&d=mm&r=g\",\"caption\":\"Lo viste en Los Pol\u00edticos\"},\"url\":\"https:\\\/\\\/lospoliticosveracruz.com\\\/?author=2\"}]}<\/script>\n<!-- \/ Yoast SEO plugin. -->","yoast_head_json":{"title":"El mejor pa\u00eds del mundo - Los pol\u00edticos Veracruz","robots":{"index":"index","follow":"follow","max-snippet":"max-snippet:-1","max-image-preview":"max-image-preview:large","max-video-preview":"max-video-preview:-1"},"canonical":"https:\/\/lospoliticosveracruz.com\/?p=77056","og_locale":"es_ES","og_type":"article","og_title":"El mejor pa\u00eds del mundo - Los pol\u00edticos Veracruz","og_description":"Jorge Arturo Rodr\u00edguez Tierra de Babel \u201cTodo el sentido del mundo de hoy cabe en dos frases dichas o mejor desdichas: Ganarse la vida, dicen los pobres. Matar el tiempo, dicen los ricos.\u201d (Max Aub). La vida es huidiza, escurridiza. \u201cNadie se ba\u00f1a dos veces en el mismo r\u00edo\u201d, pensara Her\u00e1clito. Y nosotros tampoco somos [&hellip;]","og_url":"https:\/\/lospoliticosveracruz.com\/?p=77056","og_site_name":"Los pol\u00edticos Veracruz","article_publisher":"https:\/\/www.facebook.com\/people\/Notimemes-de-los-Polticos\/61565672886568\/","article_published_time":"2021-07-21T22:58:47+00:00","article_modified_time":"2021-07-21T22:58:51+00:00","og_image":[{"url":"http:\/\/www.lospoliticosveracruz.com.mx\/wp-content\/uploads\/2021\/07\/BC303C53-5B1B-41DB-83A8-F91CDDBACA76.jpeg","type":"","width":"","height":""}],"author":"Lo viste en Los Pol\u00edticos","twitter_card":"summary_large_image","twitter_creator":"@LosPoliticosVer","twitter_site":"@LosPoliticosVer","twitter_misc":{"Escrito por":"Lo viste en Los Pol\u00edticos","Tiempo de lectura":"5 minutos"},"schema":{"@context":"https:\/\/schema.org","@graph":[{"@type":"Article","@id":"https:\/\/lospoliticosveracruz.com\/?p=77056#article","isPartOf":{"@id":"https:\/\/lospoliticosveracruz.com\/?p=77056"},"author":{"name":"Lo viste en Los Pol\u00edticos","@id":"https:\/\/lospoliticosveracruz.com\/#\/schema\/person\/b8702bb0e538456e6efd07080bf2a4a2"},"headline":"El mejor pa\u00eds del mundo","datePublished":"2021-07-21T22:58:47+00:00","dateModified":"2021-07-21T22:58:51+00:00","mainEntityOfPage":{"@id":"https:\/\/lospoliticosveracruz.com\/?p=77056"},"wordCount":930,"publisher":{"@id":"https:\/\/lospoliticosveracruz.com\/#organization"},"image":{"@id":"https:\/\/lospoliticosveracruz.com\/?p=77056#primaryimage"},"thumbnailUrl":"http:\/\/www.lospoliticosveracruz.com.mx\/wp-content\/uploads\/2021\/07\/BC303C53-5B1B-41DB-83A8-F91CDDBACA76.jpeg","keywords":["Beatriz Guti\u00e9rrez M\u00fcller","Jorge Arturo Rodr\u00edguez","Pedro Ferriz Santa Cruz","San Juan de las Manzanas"],"inLanguage":"es"},{"@type":"WebPage","@id":"https:\/\/lospoliticosveracruz.com\/?p=77056","url":"https:\/\/lospoliticosveracruz.com\/?p=77056","name":"El mejor pa\u00eds del mundo - Los pol\u00edticos Veracruz","isPartOf":{"@id":"https:\/\/lospoliticosveracruz.com\/#website"},"primaryImageOfPage":{"@id":"https:\/\/lospoliticosveracruz.com\/?p=77056#primaryimage"},"image":{"@id":"https:\/\/lospoliticosveracruz.com\/?p=77056#primaryimage"},"thumbnailUrl":"http:\/\/www.lospoliticosveracruz.com.mx\/wp-content\/uploads\/2021\/07\/BC303C53-5B1B-41DB-83A8-F91CDDBACA76.jpeg","datePublished":"2021-07-21T22:58:47+00:00","dateModified":"2021-07-21T22:58:51+00:00","breadcrumb":{"@id":"https:\/\/lospoliticosveracruz.com\/?p=77056#breadcrumb"},"inLanguage":"es","potentialAction":[{"@type":"ReadAction","target":["https:\/\/lospoliticosveracruz.com\/?p=77056"]}]},{"@type":"ImageObject","inLanguage":"es","@id":"https:\/\/lospoliticosveracruz.com\/?p=77056#primaryimage","url":"http:\/\/www.lospoliticosveracruz.com.mx\/wp-content\/uploads\/2021\/07\/BC303C53-5B1B-41DB-83A8-F91CDDBACA76.jpeg","contentUrl":"http:\/\/www.lospoliticosveracruz.com.mx\/wp-content\/uploads\/2021\/07\/BC303C53-5B1B-41DB-83A8-F91CDDBACA76.jpeg"},{"@type":"BreadcrumbList","@id":"https:\/\/lospoliticosveracruz.com\/?p=77056#breadcrumb","itemListElement":[{"@type":"ListItem","position":1,"name":"Portada","item":"https:\/\/lospoliticosveracruz.com\/"},{"@type":"ListItem","position":2,"name":"El mejor pa\u00eds del mundo"}]},{"@type":"WebSite","@id":"https:\/\/lospoliticosveracruz.com\/#website","url":"https:\/\/lospoliticosveracruz.com\/","name":"Los pol\u00edticos Veracruz","description":"","publisher":{"@id":"https:\/\/lospoliticosveracruz.com\/#organization"},"potentialAction":[{"@type":"SearchAction","target":{"@type":"EntryPoint","urlTemplate":"https:\/\/lospoliticosveracruz.com\/?s={search_term_string}"},"query-input":{"@type":"PropertyValueSpecification","valueRequired":true,"valueName":"search_term_string"}}],"inLanguage":"es"},{"@type":"Organization","@id":"https:\/\/lospoliticosveracruz.com\/#organization","name":"Los pol\u00edticos Veracruz","url":"https:\/\/lospoliticosveracruz.com\/","logo":{"@type":"ImageObject","inLanguage":"es","@id":"https:\/\/lospoliticosveracruz.com\/#\/schema\/logo\/image\/","url":"https:\/\/lospoliticosveracruz.com\/wp-content\/uploads\/2025\/12\/Logo-Nuevo-LOS-POLITICOS-1.jpg","contentUrl":"https:\/\/lospoliticosveracruz.com\/wp-content\/uploads\/2025\/12\/Logo-Nuevo-LOS-POLITICOS-1.jpg","width":260,"height":70,"caption":"Los pol\u00edticos Veracruz"},"image":{"@id":"https:\/\/lospoliticosveracruz.com\/#\/schema\/logo\/image\/"},"sameAs":["https:\/\/www.facebook.com\/people\/Notimemes-de-los-Polticos\/61565672886568\/","https:\/\/x.com\/LosPoliticosVer"]},{"@type":"Person","@id":"https:\/\/lospoliticosveracruz.com\/#\/schema\/person\/b8702bb0e538456e6efd07080bf2a4a2","name":"Lo viste en Los Pol\u00edticos","image":{"@type":"ImageObject","inLanguage":"es","@id":"https:\/\/secure.gravatar.com\/avatar\/3a8de04a2656d44082be478bd6c086daa447c4651605818287b9532d3d0bd435?s=96&d=mm&r=g","url":"https:\/\/secure.gravatar.com\/avatar\/3a8de04a2656d44082be478bd6c086daa447c4651605818287b9532d3d0bd435?s=96&d=mm&r=g","contentUrl":"https:\/\/secure.gravatar.com\/avatar\/3a8de04a2656d44082be478bd6c086daa447c4651605818287b9532d3d0bd435?s=96&d=mm&r=g","caption":"Lo viste en Los Pol\u00edticos"},"url":"https:\/\/lospoliticosveracruz.com\/?author=2"}]}},"_links":{"self":[{"href":"https:\/\/lospoliticosveracruz.com\/index.php?rest_route=\/wp\/v2\/posts\/77056","targetHints":{"allow":["GET"]}}],"collection":[{"href":"https:\/\/lospoliticosveracruz.com\/index.php?rest_route=\/wp\/v2\/posts"}],"about":[{"href":"https:\/\/lospoliticosveracruz.com\/index.php?rest_route=\/wp\/v2\/types\/post"}],"author":[{"embeddable":true,"href":"https:\/\/lospoliticosveracruz.com\/index.php?rest_route=\/wp\/v2\/users\/2"}],"replies":[{"embeddable":true,"href":"https:\/\/lospoliticosveracruz.com\/index.php?rest_route=%2Fwp%2Fv2%2Fcomments&post=77056"}],"version-history":[{"count":1,"href":"https:\/\/lospoliticosveracruz.com\/index.php?rest_route=\/wp\/v2\/posts\/77056\/revisions"}],"predecessor-version":[{"id":77058,"href":"https:\/\/lospoliticosveracruz.com\/index.php?rest_route=\/wp\/v2\/posts\/77056\/revisions\/77058"}],"wp:attachment":[{"href":"https:\/\/lospoliticosveracruz.com\/index.php?rest_route=%2Fwp%2Fv2%2Fmedia&parent=77056"}],"wp:term":[{"taxonomy":"category","embeddable":true,"href":"https:\/\/lospoliticosveracruz.com\/index.php?rest_route=%2Fwp%2Fv2%2Fcategories&post=77056"},{"taxonomy":"post_tag","embeddable":true,"href":"https:\/\/lospoliticosveracruz.com\/index.php?rest_route=%2Fwp%2Fv2%2Ftags&post=77056"}],"curies":[{"name":"wp","href":"https:\/\/api.w.org\/{rel}","templated":true}]}}