{"id":77324,"date":"2021-07-28T14:00:32","date_gmt":"2021-07-28T19:00:32","guid":{"rendered":"http:\/\/www.lospoliticosveracruz.com.mx\/?p=77324"},"modified":"2021-07-28T14:00:35","modified_gmt":"2021-07-28T19:00:35","slug":"regreso-a-clases-con-papelito-en-mano","status":"publish","type":"post","link":"https:\/\/lospoliticosveracruz.com\/?p=77324","title":{"rendered":"Regreso a clases, con papelito en mano"},"content":{"rendered":"\n<p><\/p>\n\n\n\n<p><strong>Coatepec<\/strong><br>Para el regreso a clases, en la escuela secundaria Ignacio de la Llave en la ciudad de Coatepec, los padres de familia exigir\u00e1n el certificado de vacunaci\u00f3n de coronavirus a maestros, intendentes, dulceros y personal administrativo, para evitar poner en riesgo a los alumnos.<br>Quien no porte el documento se le prohibir\u00e1 la entrada al plantel.<br>El representante de los padres de familia, Martin Mendiola Yepez, inform\u00f3 que se cuenta con una matr\u00edcula de mil 200 alumnos, por lo que representa un alto riesgo de contagios.<br>Por lo que se buscar\u00e1 que todos los maestros, personal administrativo, de intendencia e incluso los proveedores que ingresen al plantel, presenten su certificado de vacunaci\u00f3n, de lo contrario \u201cno tendr\u00edamos confianza que nuestros hijos est\u00e9n junto a alguien que no ha aceptado la vacuna\u201d.<br>Agreg\u00f3 que ve con preocupaci\u00f3n c\u00f3mo otras escuelas han ca\u00eddo en el abandono y por consecuencia, en el deterioro de los edificios, por lo que consider\u00f3 ser\u00e1 necesario un real trabajo conjunto \u201cdebemos trabajar, pero realmente trabajar todos juntos, autoridades, maestros y padres de familia para tener listos nuestros planteles\u201d.<br>Por cuanto hace a la decisi\u00f3n de cada padre de familia en enviar o no a sus hijos, dijo que se debe respetar.<br>\u201cSe debe respetar la decisi\u00f3n de cada Padre o Madre de familia respecto de si va a enviar o no a su hijo, pues algunos chicos pueden tener una condici\u00f3n de salud que los hace m\u00e1s vulnerables ante un posible contagio\u201d.<br>Mart\u00edn Mendiola, el presidente de la APF, en referencia a las clases \u201cescalonadas\u201d, dijo que esto ser\u00eda muy aceptable pues se buscar\u00eda reducir el aforo al interior de cada sal\u00f3n, adem\u00e1s que se procurar\u00e1 que los alumnos mantengan las medidas sanitarias como la sana distancia, el uso de cubrebocas y desde luego, el lavado constante de manos y aplicaci\u00f3n de gel desinfectante.<br>Finalmente, dijo entender que algunas familias se encuentren en dif\u00edcil situaci\u00f3n econ\u00f3mica, por lo que se buscar\u00e1 que se otorgue pr\u00f3rroga para que los alumnos se presenten a clases con el uniforme completo, pues \u201ces un gasto que puede rondar hasta los mil quinientos pesos por alumno\u201d.<\/p>\n","protected":false},"excerpt":{"rendered":"<p>CoatepecPara el regreso a clases, en la escuela secundaria Ignacio de la Llave en la ciudad de Coatepec, los padres de familia exigir\u00e1n el certificado de vacunaci\u00f3n de coronavirus a maestros, intendentes, dulceros y personal administrativo, para evitar poner en riesgo a los alumnos.Quien no porte el documento se le prohibir\u00e1 la entrada al plantel.El [&hellip;]<\/p>\n","protected":false},"author":2,"featured_media":0,"comment_status":"closed","ping_status":"closed","sticky":false,"template":"","format":"standard","meta":{"tdm_status":"","tdm_grid_status":"","footnotes":""},"categories":[6446],"tags":[277,16264,29633,15282,5899,29632,19347],"class_list":{"0":"post-77324","1":"post","2":"type-post","3":"status-publish","4":"format-standard","6":"category-la-nota","7":"tag-coatepec","8":"tag-coronavirus","9":"tag-martin-mendiola-yepez","10":"tag-padres-de-familia","11":"tag-regreso-a-clases","12":"tag-secundaria-ignacio-de-la-llave","13":"tag-vacunacion"},"yoast_head":"<!-- This site is optimized with the Yoast SEO plugin v27.4 - https:\/\/yoast.com\/product\/yoast-seo-wordpress\/ -->\n<title>Regreso a clases, con papelito en mano - Los pol\u00edticos Veracruz<\/title>\n<meta name=\"robots\" content=\"index, follow, max-snippet:-1, max-image-preview:large, max-video-preview:-1\" \/>\n<link rel=\"canonical\" href=\"https:\/\/lospoliticosveracruz.com\/?p=77324\" \/>\n<meta property=\"og:locale\" content=\"es_ES\" \/>\n<meta property=\"og:type\" content=\"article\" \/>\n<meta property=\"og:title\" content=\"Regreso a clases, con papelito en mano - Los pol\u00edticos Veracruz\" \/>\n<meta property=\"og:description\" content=\"CoatepecPara el regreso a clases, en la escuela secundaria Ignacio de la Llave en la ciudad de Coatepec, los padres de familia exigir\u00e1n el certificado de vacunaci\u00f3n de coronavirus a maestros, intendentes, dulceros y personal administrativo, para evitar poner en riesgo a los alumnos.Quien no porte el documento se le prohibir\u00e1 la entrada al plantel.El [&hellip;]\" \/>\n<meta property=\"og:url\" content=\"https:\/\/lospoliticosveracruz.com\/?p=77324\" \/>\n<meta property=\"og:site_name\" content=\"Los pol\u00edticos Veracruz\" \/>\n<meta property=\"article:publisher\" content=\"https:\/\/www.facebook.com\/people\/Notimemes-de-los-Polticos\/61565672886568\/\" \/>\n<meta property=\"article:published_time\" content=\"2021-07-28T19:00:32+00:00\" \/>\n<meta property=\"article:modified_time\" content=\"2021-07-28T19:00:35+00:00\" \/>\n<meta property=\"og:image\" content=\"https:\/\/lospoliticosveracruz.com\/wp-content\/uploads\/2016\/07\/Logo-Dor.jpg\" \/>\n\t<meta property=\"og:image:width\" content=\"200\" \/>\n\t<meta property=\"og:image:height\" content=\"200\" \/>\n\t<meta property=\"og:image:type\" content=\"image\/jpeg\" \/>\n<meta name=\"author\" content=\"Lo viste en Los Pol\u00edticos\" \/>\n<meta name=\"twitter:card\" content=\"summary_large_image\" \/>\n<meta name=\"twitter:creator\" content=\"@LosPoliticosVer\" \/>\n<meta name=\"twitter:site\" content=\"@LosPoliticosVer\" \/>\n<meta name=\"twitter:label1\" content=\"Escrito por\" \/>\n\t<meta name=\"twitter:data1\" content=\"Lo viste en Los Pol\u00edticos\" \/>\n\t<meta name=\"twitter:label2\" content=\"Tiempo de lectura\" \/>\n\t<meta name=\"twitter:data2\" content=\"2 minutos\" \/>\n<script type=\"application\/ld+json\" class=\"yoast-schema-graph\">{\"@context\":\"https:\\\/\\\/schema.org\",\"@graph\":[{\"@type\":\"Article\",\"@id\":\"https:\\\/\\\/lospoliticosveracruz.com\\\/?p=77324#article\",\"isPartOf\":{\"@id\":\"https:\\\/\\\/lospoliticosveracruz.com\\\/?p=77324\"},\"author\":{\"name\":\"Lo viste en Los Pol\u00edticos\",\"@id\":\"https:\\\/\\\/lospoliticosveracruz.com\\\/#\\\/schema\\\/person\\\/b8702bb0e538456e6efd07080bf2a4a2\"},\"headline\":\"Regreso a clases, con papelito en mano\",\"datePublished\":\"2021-07-28T19:00:32+00:00\",\"dateModified\":\"2021-07-28T19:00:35+00:00\",\"mainEntityOfPage\":{\"@id\":\"https:\\\/\\\/lospoliticosveracruz.com\\\/?p=77324\"},\"wordCount\":384,\"publisher\":{\"@id\":\"https:\\\/\\\/lospoliticosveracruz.com\\\/#organization\"},\"keywords\":[\"Coatepec\",\"coronavirus\",\"Martin Mendiola Yepez\",\"padres de familia\",\"Regreso a clases\",\"secundaria Ignacio de la Llave\",\"Vacunaci\u00f3n\"],\"articleSection\":[\"La Nota\"],\"inLanguage\":\"es\"},{\"@type\":\"WebPage\",\"@id\":\"https:\\\/\\\/lospoliticosveracruz.com\\\/?p=77324\",\"url\":\"https:\\\/\\\/lospoliticosveracruz.com\\\/?p=77324\",\"name\":\"Regreso a clases, con papelito en mano - Los pol\u00edticos Veracruz\",\"isPartOf\":{\"@id\":\"https:\\\/\\\/lospoliticosveracruz.com\\\/#website\"},\"datePublished\":\"2021-07-28T19:00:32+00:00\",\"dateModified\":\"2021-07-28T19:00:35+00:00\",\"breadcrumb\":{\"@id\":\"https:\\\/\\\/lospoliticosveracruz.com\\\/?p=77324#breadcrumb\"},\"inLanguage\":\"es\",\"potentialAction\":[{\"@type\":\"ReadAction\",\"target\":[\"https:\\\/\\\/lospoliticosveracruz.com\\\/?p=77324\"]}]},{\"@type\":\"BreadcrumbList\",\"@id\":\"https:\\\/\\\/lospoliticosveracruz.com\\\/?p=77324#breadcrumb\",\"itemListElement\":[{\"@type\":\"ListItem\",\"position\":1,\"name\":\"Portada\",\"item\":\"https:\\\/\\\/lospoliticosveracruz.com\\\/\"},{\"@type\":\"ListItem\",\"position\":2,\"name\":\"Regreso a clases, con papelito en mano\"}]},{\"@type\":\"WebSite\",\"@id\":\"https:\\\/\\\/lospoliticosveracruz.com\\\/#website\",\"url\":\"https:\\\/\\\/lospoliticosveracruz.com\\\/\",\"name\":\"Los pol\u00edticos Veracruz\",\"description\":\"\",\"publisher\":{\"@id\":\"https:\\\/\\\/lospoliticosveracruz.com\\\/#organization\"},\"potentialAction\":[{\"@type\":\"SearchAction\",\"target\":{\"@type\":\"EntryPoint\",\"urlTemplate\":\"https:\\\/\\\/lospoliticosveracruz.com\\\/?s={search_term_string}\"},\"query-input\":{\"@type\":\"PropertyValueSpecification\",\"valueRequired\":true,\"valueName\":\"search_term_string\"}}],\"inLanguage\":\"es\"},{\"@type\":\"Organization\",\"@id\":\"https:\\\/\\\/lospoliticosveracruz.com\\\/#organization\",\"name\":\"Los pol\u00edticos Veracruz\",\"url\":\"https:\\\/\\\/lospoliticosveracruz.com\\\/\",\"logo\":{\"@type\":\"ImageObject\",\"inLanguage\":\"es\",\"@id\":\"https:\\\/\\\/lospoliticosveracruz.com\\\/#\\\/schema\\\/logo\\\/image\\\/\",\"url\":\"https:\\\/\\\/lospoliticosveracruz.com\\\/wp-content\\\/uploads\\\/2025\\\/12\\\/Logo-Nuevo-LOS-POLITICOS-1.jpg\",\"contentUrl\":\"https:\\\/\\\/lospoliticosveracruz.com\\\/wp-content\\\/uploads\\\/2025\\\/12\\\/Logo-Nuevo-LOS-POLITICOS-1.jpg\",\"width\":260,\"height\":70,\"caption\":\"Los pol\u00edticos Veracruz\"},\"image\":{\"@id\":\"https:\\\/\\\/lospoliticosveracruz.com\\\/#\\\/schema\\\/logo\\\/image\\\/\"},\"sameAs\":[\"https:\\\/\\\/www.facebook.com\\\/people\\\/Notimemes-de-los-Polticos\\\/61565672886568\\\/\",\"https:\\\/\\\/x.com\\\/LosPoliticosVer\"]},{\"@type\":\"Person\",\"@id\":\"https:\\\/\\\/lospoliticosveracruz.com\\\/#\\\/schema\\\/person\\\/b8702bb0e538456e6efd07080bf2a4a2\",\"name\":\"Lo viste en Los Pol\u00edticos\",\"image\":{\"@type\":\"ImageObject\",\"inLanguage\":\"es\",\"@id\":\"https:\\\/\\\/secure.gravatar.com\\\/avatar\\\/3a8de04a2656d44082be478bd6c086daa447c4651605818287b9532d3d0bd435?s=96&d=mm&r=g\",\"url\":\"https:\\\/\\\/secure.gravatar.com\\\/avatar\\\/3a8de04a2656d44082be478bd6c086daa447c4651605818287b9532d3d0bd435?s=96&d=mm&r=g\",\"contentUrl\":\"https:\\\/\\\/secure.gravatar.com\\\/avatar\\\/3a8de04a2656d44082be478bd6c086daa447c4651605818287b9532d3d0bd435?s=96&d=mm&r=g\",\"caption\":\"Lo viste en Los Pol\u00edticos\"},\"url\":\"https:\\\/\\\/lospoliticosveracruz.com\\\/?author=2\"}]}<\/script>\n<!-- \/ Yoast SEO plugin. -->","yoast_head_json":{"title":"Regreso a clases, con papelito en mano - Los pol\u00edticos Veracruz","robots":{"index":"index","follow":"follow","max-snippet":"max-snippet:-1","max-image-preview":"max-image-preview:large","max-video-preview":"max-video-preview:-1"},"canonical":"https:\/\/lospoliticosveracruz.com\/?p=77324","og_locale":"es_ES","og_type":"article","og_title":"Regreso a clases, con papelito en mano - Los pol\u00edticos Veracruz","og_description":"CoatepecPara el regreso a clases, en la escuela secundaria Ignacio de la Llave en la ciudad de Coatepec, los padres de familia exigir\u00e1n el certificado de vacunaci\u00f3n de coronavirus a maestros, intendentes, dulceros y personal administrativo, para evitar poner en riesgo a los alumnos.Quien no porte el documento se le prohibir\u00e1 la entrada al plantel.El [&hellip;]","og_url":"https:\/\/lospoliticosveracruz.com\/?p=77324","og_site_name":"Los pol\u00edticos Veracruz","article_publisher":"https:\/\/www.facebook.com\/people\/Notimemes-de-los-Polticos\/61565672886568\/","article_published_time":"2021-07-28T19:00:32+00:00","article_modified_time":"2021-07-28T19:00:35+00:00","og_image":[{"width":200,"height":200,"url":"https:\/\/lospoliticosveracruz.com\/wp-content\/uploads\/2016\/07\/Logo-Dor.jpg","type":"image\/jpeg"}],"author":"Lo viste en Los Pol\u00edticos","twitter_card":"summary_large_image","twitter_creator":"@LosPoliticosVer","twitter_site":"@LosPoliticosVer","twitter_misc":{"Escrito por":"Lo viste en Los Pol\u00edticos","Tiempo de lectura":"2 minutos"},"schema":{"@context":"https:\/\/schema.org","@graph":[{"@type":"Article","@id":"https:\/\/lospoliticosveracruz.com\/?p=77324#article","isPartOf":{"@id":"https:\/\/lospoliticosveracruz.com\/?p=77324"},"author":{"name":"Lo viste en Los Pol\u00edticos","@id":"https:\/\/lospoliticosveracruz.com\/#\/schema\/person\/b8702bb0e538456e6efd07080bf2a4a2"},"headline":"Regreso a clases, con papelito en mano","datePublished":"2021-07-28T19:00:32+00:00","dateModified":"2021-07-28T19:00:35+00:00","mainEntityOfPage":{"@id":"https:\/\/lospoliticosveracruz.com\/?p=77324"},"wordCount":384,"publisher":{"@id":"https:\/\/lospoliticosveracruz.com\/#organization"},"keywords":["Coatepec","coronavirus","Martin Mendiola Yepez","padres de familia","Regreso a clases","secundaria Ignacio de la Llave","Vacunaci\u00f3n"],"articleSection":["La Nota"],"inLanguage":"es"},{"@type":"WebPage","@id":"https:\/\/lospoliticosveracruz.com\/?p=77324","url":"https:\/\/lospoliticosveracruz.com\/?p=77324","name":"Regreso a clases, con papelito en mano - Los pol\u00edticos Veracruz","isPartOf":{"@id":"https:\/\/lospoliticosveracruz.com\/#website"},"datePublished":"2021-07-28T19:00:32+00:00","dateModified":"2021-07-28T19:00:35+00:00","breadcrumb":{"@id":"https:\/\/lospoliticosveracruz.com\/?p=77324#breadcrumb"},"inLanguage":"es","potentialAction":[{"@type":"ReadAction","target":["https:\/\/lospoliticosveracruz.com\/?p=77324"]}]},{"@type":"BreadcrumbList","@id":"https:\/\/lospoliticosveracruz.com\/?p=77324#breadcrumb","itemListElement":[{"@type":"ListItem","position":1,"name":"Portada","item":"https:\/\/lospoliticosveracruz.com\/"},{"@type":"ListItem","position":2,"name":"Regreso a clases, con papelito en mano"}]},{"@type":"WebSite","@id":"https:\/\/lospoliticosveracruz.com\/#website","url":"https:\/\/lospoliticosveracruz.com\/","name":"Los pol\u00edticos Veracruz","description":"","publisher":{"@id":"https:\/\/lospoliticosveracruz.com\/#organization"},"potentialAction":[{"@type":"SearchAction","target":{"@type":"EntryPoint","urlTemplate":"https:\/\/lospoliticosveracruz.com\/?s={search_term_string}"},"query-input":{"@type":"PropertyValueSpecification","valueRequired":true,"valueName":"search_term_string"}}],"inLanguage":"es"},{"@type":"Organization","@id":"https:\/\/lospoliticosveracruz.com\/#organization","name":"Los pol\u00edticos Veracruz","url":"https:\/\/lospoliticosveracruz.com\/","logo":{"@type":"ImageObject","inLanguage":"es","@id":"https:\/\/lospoliticosveracruz.com\/#\/schema\/logo\/image\/","url":"https:\/\/lospoliticosveracruz.com\/wp-content\/uploads\/2025\/12\/Logo-Nuevo-LOS-POLITICOS-1.jpg","contentUrl":"https:\/\/lospoliticosveracruz.com\/wp-content\/uploads\/2025\/12\/Logo-Nuevo-LOS-POLITICOS-1.jpg","width":260,"height":70,"caption":"Los pol\u00edticos Veracruz"},"image":{"@id":"https:\/\/lospoliticosveracruz.com\/#\/schema\/logo\/image\/"},"sameAs":["https:\/\/www.facebook.com\/people\/Notimemes-de-los-Polticos\/61565672886568\/","https:\/\/x.com\/LosPoliticosVer"]},{"@type":"Person","@id":"https:\/\/lospoliticosveracruz.com\/#\/schema\/person\/b8702bb0e538456e6efd07080bf2a4a2","name":"Lo viste en Los Pol\u00edticos","image":{"@type":"ImageObject","inLanguage":"es","@id":"https:\/\/secure.gravatar.com\/avatar\/3a8de04a2656d44082be478bd6c086daa447c4651605818287b9532d3d0bd435?s=96&d=mm&r=g","url":"https:\/\/secure.gravatar.com\/avatar\/3a8de04a2656d44082be478bd6c086daa447c4651605818287b9532d3d0bd435?s=96&d=mm&r=g","contentUrl":"https:\/\/secure.gravatar.com\/avatar\/3a8de04a2656d44082be478bd6c086daa447c4651605818287b9532d3d0bd435?s=96&d=mm&r=g","caption":"Lo viste en Los Pol\u00edticos"},"url":"https:\/\/lospoliticosveracruz.com\/?author=2"}]}},"_links":{"self":[{"href":"https:\/\/lospoliticosveracruz.com\/index.php?rest_route=\/wp\/v2\/posts\/77324","targetHints":{"allow":["GET"]}}],"collection":[{"href":"https:\/\/lospoliticosveracruz.com\/index.php?rest_route=\/wp\/v2\/posts"}],"about":[{"href":"https:\/\/lospoliticosveracruz.com\/index.php?rest_route=\/wp\/v2\/types\/post"}],"author":[{"embeddable":true,"href":"https:\/\/lospoliticosveracruz.com\/index.php?rest_route=\/wp\/v2\/users\/2"}],"replies":[{"embeddable":true,"href":"https:\/\/lospoliticosveracruz.com\/index.php?rest_route=%2Fwp%2Fv2%2Fcomments&post=77324"}],"version-history":[{"count":1,"href":"https:\/\/lospoliticosveracruz.com\/index.php?rest_route=\/wp\/v2\/posts\/77324\/revisions"}],"predecessor-version":[{"id":77326,"href":"https:\/\/lospoliticosveracruz.com\/index.php?rest_route=\/wp\/v2\/posts\/77324\/revisions\/77326"}],"wp:attachment":[{"href":"https:\/\/lospoliticosveracruz.com\/index.php?rest_route=%2Fwp%2Fv2%2Fmedia&parent=77324"}],"wp:term":[{"taxonomy":"category","embeddable":true,"href":"https:\/\/lospoliticosveracruz.com\/index.php?rest_route=%2Fwp%2Fv2%2Fcategories&post=77324"},{"taxonomy":"post_tag","embeddable":true,"href":"https:\/\/lospoliticosveracruz.com\/index.php?rest_route=%2Fwp%2Fv2%2Ftags&post=77324"}],"curies":[{"name":"wp","href":"https:\/\/api.w.org\/{rel}","templated":true}]}}