{"id":77351,"date":"2021-07-29T10:16:28","date_gmt":"2021-07-29T15:16:28","guid":{"rendered":"http:\/\/www.lospoliticosveracruz.com.mx\/?p=77351"},"modified":"2021-07-29T10:16:32","modified_gmt":"2021-07-29T15:16:32","slug":"rocio-ojeda-callado","status":"publish","type":"post","link":"https:\/\/lospoliticosveracruz.com\/?p=77351","title":{"rendered":"Roc\u00edo Ojeda Callado"},"content":{"rendered":"\n<p><strong>Sergio Gonz\u00e1lez Levet<\/strong><\/p>\n\n\n\n<p><em>Sin tacto UV<br><\/em><\/p>\n\n\n\n<p>Ha sido parte destacada de la Universidad Veracruzana desde hace 37 a\u00f1os, cuando empez\u00f3 a dar clases en las aulas de la Facultad de Ciencias y T\u00e9cnicas de la Comunicaci\u00f3n.<br>En aquel entonces, la escuela semejaba m\u00e1s bien una academia de periodismo, por su edificio de proporciones modestas, por sus instalaciones m\u00ednimas y por sus limitados planes de estudio, que contemplaban (recuerdo porque fui un alumno muy fugaz, de s\u00f3lo un d\u00eda de clases), dos horas de mecanograf\u00eda diarias en el candente \u00abapr\u00e8s-midi\u00bb jarocho, ni m\u00e1s ni menos que de 4 a 6 pm. Una tortura digna de Torquemada.<br>Cierto compa\u00f1ero de la \u00e9poca me dec\u00eda: \u00abCompadre, aqu\u00ed sales en cuatro a\u00f1os de periodista, o en dos de secretaria biling\u00fce\u00bb, y no le faltaba raz\u00f3n.<br>Pero a Roc\u00edo Ojeda le toc\u00f3 participar en la transformaci\u00f3n de la escuelita concebida enso\u00f1adoramente por don Alfonso Valencia R\u00edos, un reportero hecho en el cauce de la chamba diaria en pos de la nota.<br>Roc\u00edo pas\u00f3 de alumna a licenciada, de profesionista a docente, de docente a maestra, y culmin\u00f3 con un doctorado que la distingue como una especialista en su \u00e1rea, que es la comunicaci\u00f3n en todo su esplendor.<br>Ella, por ejemplo, presume orgullosa su conocimiento de la semiolog\u00eda que germin\u00f3 Ferdinand de Saussure (y que ahora, rimbombante, le llaman semi\u00f3tica). Pero no se queda atr\u00e1s en otras materias (\u00abexperiencias educativas\u00bb, se les dice ahora).<br>El proceso de designaci\u00f3n de la persona que suceder\u00e1 a Sarita Ladr\u00f3n de Guevara en la Rector\u00eda el pr\u00f3ximo primero de septiembre tiene 13 aspirantes, y de ellos pasar\u00e1n a la siguiente ronda tres o cuatro, que son llamados candidatos.<br>Los analistas serios que se dedican al tema de la UV coinciden en que la doctora Ojeda Callado estar\u00e1 en la siguiente fase, por varias razones:<br>1. Por su desarrollo profesional dentro y fuera de la Universidad.<br>2. Por su condici\u00f3n de mujer preparada, inteligente y valiente.<br>3. Por su conocimiento y manejo de la problem\u00e1tica de los estudiantes.<br>4. Por su amplia experiencia administrativa como secretaria y directora de la Facultad.<br>5. Por su voluntad sindicalista y su apoyo a las condiciones laborales de los catedr\u00e1ticos.<br>6. Y \u00ablast but not least\u00bb, por su natural cercan\u00eda e identificaci\u00f3n con los periodistas y con el periodismo veracruzano.<br>He ah\u00ed las buenas razones por las que la doctora Roc\u00edo Ojeda Callado ve con confianza su futuro inmediato.<br>Y no son pocas\u2026<\/p>\n\n\n\n<p>sglevet@gmail.com<\/p>\n","protected":false},"excerpt":{"rendered":"<p>Sergio Gonz\u00e1lez Levet Sin tacto UV Ha sido parte destacada de la Universidad Veracruzana desde hace 37 a\u00f1os, cuando empez\u00f3 a dar clases en las aulas de la Facultad de Ciencias y T\u00e9cnicas de la Comunicaci\u00f3n.En aquel entonces, la escuela semejaba m\u00e1s bien una academia de periodismo, por su edificio de proporciones modestas, por sus [&hellip;]<\/p>\n","protected":false},"author":2,"featured_media":0,"comment_status":"closed","ping_status":"closed","sticky":false,"template":"","format":"standard","meta":{"tdm_status":"","tdm_grid_status":"","footnotes":""},"categories":[70],"tags":[21307,6771,1282,172],"class_list":{"0":"post-77351","1":"post","2":"type-post","3":"status-publish","4":"format-standard","6":"category-de-opinion","7":"tag-rectoria-uv","8":"tag-rocio-ojeda-callado","9":"tag-sergio-gonzalez-levet","10":"tag-uv"},"yoast_head":"<!-- This site is optimized with the Yoast SEO plugin v27.4 - https:\/\/yoast.com\/product\/yoast-seo-wordpress\/ -->\n<title>Roc\u00edo Ojeda Callado - Los pol\u00edticos Veracruz<\/title>\n<meta name=\"robots\" content=\"index, follow, max-snippet:-1, max-image-preview:large, max-video-preview:-1\" \/>\n<link rel=\"canonical\" href=\"https:\/\/lospoliticosveracruz.com\/?p=77351\" \/>\n<meta property=\"og:locale\" content=\"es_ES\" \/>\n<meta property=\"og:type\" content=\"article\" \/>\n<meta property=\"og:title\" content=\"Roc\u00edo Ojeda Callado - Los pol\u00edticos Veracruz\" \/>\n<meta property=\"og:description\" content=\"Sergio Gonz\u00e1lez Levet Sin tacto UV Ha sido parte destacada de la Universidad Veracruzana desde hace 37 a\u00f1os, cuando empez\u00f3 a dar clases en las aulas de la Facultad de Ciencias y T\u00e9cnicas de la Comunicaci\u00f3n.En aquel entonces, la escuela semejaba m\u00e1s bien una academia de periodismo, por su edificio de proporciones modestas, por sus [&hellip;]\" \/>\n<meta property=\"og:url\" content=\"https:\/\/lospoliticosveracruz.com\/?p=77351\" \/>\n<meta property=\"og:site_name\" content=\"Los pol\u00edticos Veracruz\" \/>\n<meta property=\"article:publisher\" content=\"https:\/\/www.facebook.com\/people\/Notimemes-de-los-Polticos\/61565672886568\/\" \/>\n<meta property=\"article:published_time\" content=\"2021-07-29T15:16:28+00:00\" \/>\n<meta property=\"article:modified_time\" content=\"2021-07-29T15:16:32+00:00\" \/>\n<meta property=\"og:image\" content=\"https:\/\/lospoliticosveracruz.com\/wp-content\/uploads\/2016\/07\/Logo-Dor.jpg\" \/>\n\t<meta property=\"og:image:width\" content=\"200\" \/>\n\t<meta property=\"og:image:height\" content=\"200\" \/>\n\t<meta property=\"og:image:type\" content=\"image\/jpeg\" \/>\n<meta name=\"author\" content=\"Lo viste en Los Pol\u00edticos\" \/>\n<meta name=\"twitter:card\" content=\"summary_large_image\" \/>\n<meta name=\"twitter:creator\" content=\"@LosPoliticosVer\" \/>\n<meta name=\"twitter:site\" content=\"@LosPoliticosVer\" \/>\n<meta name=\"twitter:label1\" content=\"Escrito por\" \/>\n\t<meta name=\"twitter:data1\" content=\"Lo viste en Los Pol\u00edticos\" \/>\n\t<meta name=\"twitter:label2\" content=\"Tiempo de lectura\" \/>\n\t<meta name=\"twitter:data2\" content=\"2 minutos\" \/>\n<script type=\"application\/ld+json\" class=\"yoast-schema-graph\">{\"@context\":\"https:\\\/\\\/schema.org\",\"@graph\":[{\"@type\":\"Article\",\"@id\":\"https:\\\/\\\/lospoliticosveracruz.com\\\/?p=77351#article\",\"isPartOf\":{\"@id\":\"https:\\\/\\\/lospoliticosveracruz.com\\\/?p=77351\"},\"author\":{\"name\":\"Lo viste en Los Pol\u00edticos\",\"@id\":\"https:\\\/\\\/lospoliticosveracruz.com\\\/#\\\/schema\\\/person\\\/b8702bb0e538456e6efd07080bf2a4a2\"},\"headline\":\"Roc\u00edo Ojeda Callado\",\"datePublished\":\"2021-07-29T15:16:28+00:00\",\"dateModified\":\"2021-07-29T15:16:32+00:00\",\"mainEntityOfPage\":{\"@id\":\"https:\\\/\\\/lospoliticosveracruz.com\\\/?p=77351\"},\"wordCount\":441,\"publisher\":{\"@id\":\"https:\\\/\\\/lospoliticosveracruz.com\\\/#organization\"},\"keywords\":[\"Rector\u00eda UV\",\"Roc\u00edo Ojeda Callado\",\"Sergio Gonz\u00e1lez Levet\",\"UV\"],\"articleSection\":[\"De Opini\u00f3n\"],\"inLanguage\":\"es\"},{\"@type\":\"WebPage\",\"@id\":\"https:\\\/\\\/lospoliticosveracruz.com\\\/?p=77351\",\"url\":\"https:\\\/\\\/lospoliticosveracruz.com\\\/?p=77351\",\"name\":\"Roc\u00edo Ojeda Callado - Los pol\u00edticos Veracruz\",\"isPartOf\":{\"@id\":\"https:\\\/\\\/lospoliticosveracruz.com\\\/#website\"},\"datePublished\":\"2021-07-29T15:16:28+00:00\",\"dateModified\":\"2021-07-29T15:16:32+00:00\",\"breadcrumb\":{\"@id\":\"https:\\\/\\\/lospoliticosveracruz.com\\\/?p=77351#breadcrumb\"},\"inLanguage\":\"es\",\"potentialAction\":[{\"@type\":\"ReadAction\",\"target\":[\"https:\\\/\\\/lospoliticosveracruz.com\\\/?p=77351\"]}]},{\"@type\":\"BreadcrumbList\",\"@id\":\"https:\\\/\\\/lospoliticosveracruz.com\\\/?p=77351#breadcrumb\",\"itemListElement\":[{\"@type\":\"ListItem\",\"position\":1,\"name\":\"Portada\",\"item\":\"https:\\\/\\\/lospoliticosveracruz.com\\\/\"},{\"@type\":\"ListItem\",\"position\":2,\"name\":\"Roc\u00edo Ojeda Callado\"}]},{\"@type\":\"WebSite\",\"@id\":\"https:\\\/\\\/lospoliticosveracruz.com\\\/#website\",\"url\":\"https:\\\/\\\/lospoliticosveracruz.com\\\/\",\"name\":\"Los pol\u00edticos Veracruz\",\"description\":\"\",\"publisher\":{\"@id\":\"https:\\\/\\\/lospoliticosveracruz.com\\\/#organization\"},\"potentialAction\":[{\"@type\":\"SearchAction\",\"target\":{\"@type\":\"EntryPoint\",\"urlTemplate\":\"https:\\\/\\\/lospoliticosveracruz.com\\\/?s={search_term_string}\"},\"query-input\":{\"@type\":\"PropertyValueSpecification\",\"valueRequired\":true,\"valueName\":\"search_term_string\"}}],\"inLanguage\":\"es\"},{\"@type\":\"Organization\",\"@id\":\"https:\\\/\\\/lospoliticosveracruz.com\\\/#organization\",\"name\":\"Los pol\u00edticos Veracruz\",\"url\":\"https:\\\/\\\/lospoliticosveracruz.com\\\/\",\"logo\":{\"@type\":\"ImageObject\",\"inLanguage\":\"es\",\"@id\":\"https:\\\/\\\/lospoliticosveracruz.com\\\/#\\\/schema\\\/logo\\\/image\\\/\",\"url\":\"https:\\\/\\\/lospoliticosveracruz.com\\\/wp-content\\\/uploads\\\/2025\\\/12\\\/Logo-Nuevo-LOS-POLITICOS-1.jpg\",\"contentUrl\":\"https:\\\/\\\/lospoliticosveracruz.com\\\/wp-content\\\/uploads\\\/2025\\\/12\\\/Logo-Nuevo-LOS-POLITICOS-1.jpg\",\"width\":260,\"height\":70,\"caption\":\"Los pol\u00edticos Veracruz\"},\"image\":{\"@id\":\"https:\\\/\\\/lospoliticosveracruz.com\\\/#\\\/schema\\\/logo\\\/image\\\/\"},\"sameAs\":[\"https:\\\/\\\/www.facebook.com\\\/people\\\/Notimemes-de-los-Polticos\\\/61565672886568\\\/\",\"https:\\\/\\\/x.com\\\/LosPoliticosVer\"]},{\"@type\":\"Person\",\"@id\":\"https:\\\/\\\/lospoliticosveracruz.com\\\/#\\\/schema\\\/person\\\/b8702bb0e538456e6efd07080bf2a4a2\",\"name\":\"Lo viste en Los Pol\u00edticos\",\"image\":{\"@type\":\"ImageObject\",\"inLanguage\":\"es\",\"@id\":\"https:\\\/\\\/secure.gravatar.com\\\/avatar\\\/3a8de04a2656d44082be478bd6c086daa447c4651605818287b9532d3d0bd435?s=96&d=mm&r=g\",\"url\":\"https:\\\/\\\/secure.gravatar.com\\\/avatar\\\/3a8de04a2656d44082be478bd6c086daa447c4651605818287b9532d3d0bd435?s=96&d=mm&r=g\",\"contentUrl\":\"https:\\\/\\\/secure.gravatar.com\\\/avatar\\\/3a8de04a2656d44082be478bd6c086daa447c4651605818287b9532d3d0bd435?s=96&d=mm&r=g\",\"caption\":\"Lo viste en Los Pol\u00edticos\"},\"url\":\"https:\\\/\\\/lospoliticosveracruz.com\\\/?author=2\"}]}<\/script>\n<!-- \/ Yoast SEO plugin. -->","yoast_head_json":{"title":"Roc\u00edo Ojeda Callado - Los pol\u00edticos Veracruz","robots":{"index":"index","follow":"follow","max-snippet":"max-snippet:-1","max-image-preview":"max-image-preview:large","max-video-preview":"max-video-preview:-1"},"canonical":"https:\/\/lospoliticosveracruz.com\/?p=77351","og_locale":"es_ES","og_type":"article","og_title":"Roc\u00edo Ojeda Callado - Los pol\u00edticos Veracruz","og_description":"Sergio Gonz\u00e1lez Levet Sin tacto UV Ha sido parte destacada de la Universidad Veracruzana desde hace 37 a\u00f1os, cuando empez\u00f3 a dar clases en las aulas de la Facultad de Ciencias y T\u00e9cnicas de la Comunicaci\u00f3n.En aquel entonces, la escuela semejaba m\u00e1s bien una academia de periodismo, por su edificio de proporciones modestas, por sus [&hellip;]","og_url":"https:\/\/lospoliticosveracruz.com\/?p=77351","og_site_name":"Los pol\u00edticos Veracruz","article_publisher":"https:\/\/www.facebook.com\/people\/Notimemes-de-los-Polticos\/61565672886568\/","article_published_time":"2021-07-29T15:16:28+00:00","article_modified_time":"2021-07-29T15:16:32+00:00","og_image":[{"width":200,"height":200,"url":"https:\/\/lospoliticosveracruz.com\/wp-content\/uploads\/2016\/07\/Logo-Dor.jpg","type":"image\/jpeg"}],"author":"Lo viste en Los Pol\u00edticos","twitter_card":"summary_large_image","twitter_creator":"@LosPoliticosVer","twitter_site":"@LosPoliticosVer","twitter_misc":{"Escrito por":"Lo viste en Los Pol\u00edticos","Tiempo de lectura":"2 minutos"},"schema":{"@context":"https:\/\/schema.org","@graph":[{"@type":"Article","@id":"https:\/\/lospoliticosveracruz.com\/?p=77351#article","isPartOf":{"@id":"https:\/\/lospoliticosveracruz.com\/?p=77351"},"author":{"name":"Lo viste en Los Pol\u00edticos","@id":"https:\/\/lospoliticosveracruz.com\/#\/schema\/person\/b8702bb0e538456e6efd07080bf2a4a2"},"headline":"Roc\u00edo Ojeda Callado","datePublished":"2021-07-29T15:16:28+00:00","dateModified":"2021-07-29T15:16:32+00:00","mainEntityOfPage":{"@id":"https:\/\/lospoliticosveracruz.com\/?p=77351"},"wordCount":441,"publisher":{"@id":"https:\/\/lospoliticosveracruz.com\/#organization"},"keywords":["Rector\u00eda UV","Roc\u00edo Ojeda Callado","Sergio Gonz\u00e1lez Levet","UV"],"articleSection":["De Opini\u00f3n"],"inLanguage":"es"},{"@type":"WebPage","@id":"https:\/\/lospoliticosveracruz.com\/?p=77351","url":"https:\/\/lospoliticosveracruz.com\/?p=77351","name":"Roc\u00edo Ojeda Callado - Los pol\u00edticos Veracruz","isPartOf":{"@id":"https:\/\/lospoliticosveracruz.com\/#website"},"datePublished":"2021-07-29T15:16:28+00:00","dateModified":"2021-07-29T15:16:32+00:00","breadcrumb":{"@id":"https:\/\/lospoliticosveracruz.com\/?p=77351#breadcrumb"},"inLanguage":"es","potentialAction":[{"@type":"ReadAction","target":["https:\/\/lospoliticosveracruz.com\/?p=77351"]}]},{"@type":"BreadcrumbList","@id":"https:\/\/lospoliticosveracruz.com\/?p=77351#breadcrumb","itemListElement":[{"@type":"ListItem","position":1,"name":"Portada","item":"https:\/\/lospoliticosveracruz.com\/"},{"@type":"ListItem","position":2,"name":"Roc\u00edo Ojeda Callado"}]},{"@type":"WebSite","@id":"https:\/\/lospoliticosveracruz.com\/#website","url":"https:\/\/lospoliticosveracruz.com\/","name":"Los pol\u00edticos Veracruz","description":"","publisher":{"@id":"https:\/\/lospoliticosveracruz.com\/#organization"},"potentialAction":[{"@type":"SearchAction","target":{"@type":"EntryPoint","urlTemplate":"https:\/\/lospoliticosveracruz.com\/?s={search_term_string}"},"query-input":{"@type":"PropertyValueSpecification","valueRequired":true,"valueName":"search_term_string"}}],"inLanguage":"es"},{"@type":"Organization","@id":"https:\/\/lospoliticosveracruz.com\/#organization","name":"Los pol\u00edticos Veracruz","url":"https:\/\/lospoliticosveracruz.com\/","logo":{"@type":"ImageObject","inLanguage":"es","@id":"https:\/\/lospoliticosveracruz.com\/#\/schema\/logo\/image\/","url":"https:\/\/lospoliticosveracruz.com\/wp-content\/uploads\/2025\/12\/Logo-Nuevo-LOS-POLITICOS-1.jpg","contentUrl":"https:\/\/lospoliticosveracruz.com\/wp-content\/uploads\/2025\/12\/Logo-Nuevo-LOS-POLITICOS-1.jpg","width":260,"height":70,"caption":"Los pol\u00edticos Veracruz"},"image":{"@id":"https:\/\/lospoliticosveracruz.com\/#\/schema\/logo\/image\/"},"sameAs":["https:\/\/www.facebook.com\/people\/Notimemes-de-los-Polticos\/61565672886568\/","https:\/\/x.com\/LosPoliticosVer"]},{"@type":"Person","@id":"https:\/\/lospoliticosveracruz.com\/#\/schema\/person\/b8702bb0e538456e6efd07080bf2a4a2","name":"Lo viste en Los Pol\u00edticos","image":{"@type":"ImageObject","inLanguage":"es","@id":"https:\/\/secure.gravatar.com\/avatar\/3a8de04a2656d44082be478bd6c086daa447c4651605818287b9532d3d0bd435?s=96&d=mm&r=g","url":"https:\/\/secure.gravatar.com\/avatar\/3a8de04a2656d44082be478bd6c086daa447c4651605818287b9532d3d0bd435?s=96&d=mm&r=g","contentUrl":"https:\/\/secure.gravatar.com\/avatar\/3a8de04a2656d44082be478bd6c086daa447c4651605818287b9532d3d0bd435?s=96&d=mm&r=g","caption":"Lo viste en Los Pol\u00edticos"},"url":"https:\/\/lospoliticosveracruz.com\/?author=2"}]}},"_links":{"self":[{"href":"https:\/\/lospoliticosveracruz.com\/index.php?rest_route=\/wp\/v2\/posts\/77351","targetHints":{"allow":["GET"]}}],"collection":[{"href":"https:\/\/lospoliticosveracruz.com\/index.php?rest_route=\/wp\/v2\/posts"}],"about":[{"href":"https:\/\/lospoliticosveracruz.com\/index.php?rest_route=\/wp\/v2\/types\/post"}],"author":[{"embeddable":true,"href":"https:\/\/lospoliticosveracruz.com\/index.php?rest_route=\/wp\/v2\/users\/2"}],"replies":[{"embeddable":true,"href":"https:\/\/lospoliticosveracruz.com\/index.php?rest_route=%2Fwp%2Fv2%2Fcomments&post=77351"}],"version-history":[{"count":1,"href":"https:\/\/lospoliticosveracruz.com\/index.php?rest_route=\/wp\/v2\/posts\/77351\/revisions"}],"predecessor-version":[{"id":77352,"href":"https:\/\/lospoliticosveracruz.com\/index.php?rest_route=\/wp\/v2\/posts\/77351\/revisions\/77352"}],"wp:attachment":[{"href":"https:\/\/lospoliticosveracruz.com\/index.php?rest_route=%2Fwp%2Fv2%2Fmedia&parent=77351"}],"wp:term":[{"taxonomy":"category","embeddable":true,"href":"https:\/\/lospoliticosveracruz.com\/index.php?rest_route=%2Fwp%2Fv2%2Fcategories&post=77351"},{"taxonomy":"post_tag","embeddable":true,"href":"https:\/\/lospoliticosveracruz.com\/index.php?rest_route=%2Fwp%2Fv2%2Ftags&post=77351"}],"curies":[{"name":"wp","href":"https:\/\/api.w.org\/{rel}","templated":true}]}}