{"id":77375,"date":"2021-07-30T08:26:38","date_gmt":"2021-07-30T13:26:38","guid":{"rendered":"http:\/\/www.lospoliticosveracruz.com.mx\/?p=77375"},"modified":"2021-07-30T08:26:42","modified_gmt":"2021-07-30T13:26:42","slug":"los-apretones-de-delia","status":"publish","type":"post","link":"https:\/\/lospoliticosveracruz.com\/?p=77375","title":{"rendered":"Los apretones de Delia"},"content":{"rendered":"\n<p><strong>Ricardo Ch\u00faa<br><\/strong><em>Sale y Vale<\/em><\/p>\n\n\n\n<p>MORENA VS YUNES Y DIEZ FRANCOS\u2026 En Veracruz, no es un secreto, que todo aquello a lo que \u00abhuela\u00bb a \u00abLos Yunes Azules\u00bb siempre ser\u00e1 motivo de ataque por parte del gobierno estatal de MORENA y de todos los entes que depende de esta administraci\u00f3n\u2026 Es REAL POLITIK\u2026 As\u00ed es y as\u00ed ser\u00e1 mientras Los Morenos est\u00e9n en el poder.. As\u00ed se vaya Cuitl\u00e1huac Garc\u00eda en el 2022\u2026 Los van a intentar \u00abapretar\u00bb con todo\u2026 Por eso, no es extra\u00f1o que el ORFIS se le haya echado encima a Fernando Yunes.. \u00bfA poco creen que es de a gratis?\u2026<\/p>\n\n\n\n<p>Por eso, lo se\u00f1alan como el municipio veracruzano con m\u00e1s da\u00f1o patrimonial de la cuenta p\u00fablica del 2019\u2026 Casi 75 millones de pesos, dice el ORFIS, que Fernandito no ha comprobado en donde los gastos\u2026 En donde los meti\u00f3 o a donde los tiene\u2026 Y aqu\u00ed, no se puede amparar en el subejercicio como lo hace Cuitl\u00e1huac, a\u00f1o con a\u00f1o (Ja Ja Ja)\u2026 Y ahora Delia Gonz\u00e1lez Cobos, la titular del ORFIS, que todos saben en el \u00abc\u00edrculo rojo\u00bb que en 2019 fue impuesta desde Palacio de Gobierno\u2026 Es la encargada de hacer ese \u00abapriete\u00bb\u2026<\/p>\n\n\n\n<p>El tema aqu\u00ed es que Delia al \u00abapretar\u00bb Fernando Yunes\u2026 Se lleva \u00abentre las patas\u00bb al gobernador, Cuitl\u00e1huac Garc\u00eda\u2026 Ya que su gobierno estatal en 2019 tiene un DA\u00d1O PATRIMONIAL de casi 600 millones de pesos\u2026 Y eso, que siempre han proclamado ser un gobierno austero, que no gasta, no invierte y no hace nada\u2026 As\u00ed que ah\u00ed est\u00e1n peor, nadie sabe en donde qued\u00f3 ese dinero.. Mucho tendr\u00eda que explicar El Primo, Eleazar Guerrero\u2026 Ya que si alguien sabe del tema\u2026 Es \u00e9l\u2026<\/p>\n\n\n\n<p>As\u00ed que este tema de los DA\u00d1OS PATRIMONIALES\u2026 El ORFIS y do\u00f1a Delia tendr\u00e1n que poner mucha atenci\u00f3n para no afectar al gobierno estatal\u2026 Ya que por querer \u00abapretar\u00bb a un alcalde\u2026 La \u00abmarea\u00bb le puede llegar al Gobernador\u2026 Al rato capaz, que los alcaldes solventan sus irregularidades y a la mera hora la gente de Cuitl\u00e1huac no\u2026 S\u00f3lo recuerden el caso reciente de Javier Duarte\u2026 Y memoricen su frase hist\u00f3rica: \u00abEn Veracruz, s\u00f3lo no se sabe, lo que no ha ocurrido\u00bb\u2026 En Palacio de Gobierno deben saber qui\u00e9n se qued\u00f3 con el billete\u2026<\/p>\n\n\n\n<p>Pero as\u00ed como en el tema financiero\u2026 El gobierno estatal de MORENA intenta \u00abapretar\u00bb a los alcaldes de oposici\u00f3n con la Cuenta P\u00fablica del 2019\u2026 En lo pol\u00edtico, no sucede lo contrario\u2026 Quiere someter a los alcaldes m\u00e1s fuertes y representativos de la oposici\u00f3n en Veracruz, que entrar\u00e1n en funciones el pr\u00f3ximo 1 de enero, un caso concreto es con Juan Manuel D\u00edez Francos, el mun\u00edcipe electo de Orizaba, EL \u00daNICO que tiene los \u00abespolones\u00bb al nivel de Ricardo Ahued para el 2024\u2026 Ambos superando a Roc\u00edo Nahle\u2026<\/p>\n\n\n\n<p>Ante tal situaci\u00f3n, cuenta Garganta Profunda y con la finalidad que ceda a los \u00abcaprichos\u00bb del \u00abala dura\u00bb de Palacio de Gobierno\u2026 Intentan \u00abacalambrar\u00bb a D\u00edez Francos v\u00eda el Tribunal Electoral de Veracruz (TEV) para que proceda de una manera \u00abpoco clara\u00bb, la impugnaci\u00f3n hecha por MORENA-PVEM-PT contra el triunfo obtenido por Juan Manuel, el pasado 6 de junio en Orizaba\u2026 Dice que en Xalapa est\u00e1n esperando la llamada del millonario empresario para empezar a \u00abpactar\u00bb y hablar de las futuras \u00abbondades\u00bb que tendr\u00e1 su administraci\u00f3n..<\/p>\n\n\n\n<p>Sobre todo porque el Gobierno de MORENA est\u00e1 \u00abechando toda la carne al asador\u00bb al TEV para \u00abaprieten\u00bb al orizabe\u00f1o\u2026 En pocas palabras\u2026 Quieren que se someta a los DESIGNIOS de Palacio de Gobierno y sea una \u00aboposici\u00f3n c\u00f3moda\u00bb a MORENA\u2026 Como pretendieron con Igor Roji\u2026 Para nadie es un secreto, que \u00abEl Emperador\u00bb es negociador\u2026 Pero OJO es un tipo acostumbrado a MANDAR, NO OBEDECER\u2026 Y lo que le digan en Palacio le puede valer \u00abuna pura y dos con sal\u00bb\u2026 \u00c9l tiene un NUEVO ALIADO en Palacio Nacional\u2026 AMEN\u2026<\/p>\n\n\n\n<p>LA SUERTE DE VALENZUELA\u2026 Vaya que si ha corrido con suerte en los \u00faltimos meses es el diputado federal electo por el PAN, v\u00eda plurinominal, Carlos Valenzuela\u2026 Ya que en este 2021 logr\u00f3 su reelecci\u00f3n\u2026 Oper\u00f3 electoralmente en Veracruz y Boca del R\u00edo\u2026 Fue de los legisladores federales m\u00e1s cercanos a Marko Cort\u00e9s, que est\u00e1 a punto de reelegirse como dirigente nacional del PAN\u2026 Y como \u00abca\u00eddo del cielo\u00bb llega su amigo, Jorge Romero, como el futuro coordinador de los diputados federales del PAN en el pr\u00f3ximo Congreso de la Uni\u00f3n\u2026.<\/p>\n\n\n\n<p>Valenzuela y Romero estuvieron juntos en el PAN nacional, desde las juventudes panistas, pasado el tiempo ambos coincidieron con Marko y los 3 caminaron juntos en el CEN\u2026 Luego Valenzuela se vino con los Yunes Azules a Boca del R\u00edo y el comit\u00e9 estatal en Veracruz\u2026 Mientras Romero era Presidente de la Asamblea Legislativa de la CDMX y tambi\u00e9n su coordinador de la bancada panista\u2026 Obvio en los viajes a la capital del pa\u00eds\u2026 Valenzuela y Romero segu\u00edan reuni\u00e9ndose de manera contin\u00faa\u2026<\/p>\n\n\n\n<p>Despu\u00e9s Jorge Romero se vuelve delegado en la Benito Ju\u00e1rez de CDMX\u2026. Ah\u00ed la relaci\u00f3n se afianz\u00f3 m\u00e1s porque Valenzuela como regidor boque\u00f1o llevaba los asuntos del municipio a las distintas dependencias federales, obvio Romero lo apoy\u00f3 bastante para gestionarlas\u2026 Ah\u00ed fue tambi\u00e9n donde Jorge Romero se hace cercano a Miguel \u00c1ngel y Fernando Yunes\u2026 Ahora como coordinador de la bancada panistas de los diputados federales\u2026 Se puede apostar que Carlos Valenzuela ser\u00e1 un vicecoordinador\u2026 TRAE BUENA ESTRELLA\u2026<\/p>\n\n\n\n<p>EL PAN Y ARGUDIN\u2026 Pues ser\u00e1 el sereno.. Pero al \u00fanico que le permitieron en su momento, como candidato de oposici\u00f3n estar a lado de Miguel \u00c1ngel Yunes M\u00e1rquez y despu\u00e9s con Patricia Lobiera fue a Antonio del R\u00edo Argud\u00edn\u2026 Que tra\u00eda con todo al ahora diputado local electo por MORENA, Fernando Arteaga Aponte, al cual hasta lo acus\u00f3 de todo en su pas\u00f3 por la SEV y hasta de ser due\u00f1o de edificios en condominios en Xalapa y Veracruz\u2026 Ahora Argud\u00edn anda queriendo ser militante del PAN\u2026 Para sorpresas de propios y extra\u00f1os\u2026<\/p>\n\n\n\n<p>Y, para dejar claro, que Los Yunes Azules lo han dejado entrar al PAN porte\u00f1o\u2026 Ahora se dedica a hacer labor con los regidores panistas del municipio porte\u00f1o\u2026 Algo que hace meses no se hubiera pensado\u2026 Ayer entreg\u00f3 con el edil, Antonio Salazar, una serie de sanitizantes para los comerciantes y turistas que visitan el puerto\u2026 Cerca de ah\u00ed en un recorrido andaba el alcalde, Fernando Yunes\u2026 De seguir as\u00ed, Los Yunes pronto lo har\u00e1n activo pol\u00edtico panista\u2026 Caras vemos\u2026 Corazones azules, no sabemos\u2026 Ja Ja Ja\u2026. QUIEN DIR\u00cdA\u2026<\/p>\n","protected":false},"excerpt":{"rendered":"<p>Ricardo Ch\u00faaSale y Vale MORENA VS YUNES Y DIEZ FRANCOS\u2026 En Veracruz, no es un secreto, que todo aquello a lo que \u00abhuela\u00bb a \u00abLos Yunes Azules\u00bb siempre ser\u00e1 motivo de ataque por parte del gobierno estatal de MORENA y de todos los entes que depende de esta administraci\u00f3n\u2026 Es REAL POLITIK\u2026 As\u00ed es y [&hellip;]<\/p>\n","protected":false},"author":2,"featured_media":0,"comment_status":"closed","ping_status":"closed","sticky":false,"template":"","format":"standard","meta":{"tdm_status":"","tdm_grid_status":"","footnotes":""},"categories":[70],"tags":[7559,20000,1563,15181,818,26576,1026,26116,135,876,13604,8317],"class_list":{"0":"post-77375","1":"post","2":"type-post","3":"status-publish","4":"format-standard","6":"category-de-opinion","7":"tag-carlos-valenzuela","8":"tag-cuenta-publica-2019","9":"tag-cuitlahuac-garcia-jimenez","10":"tag-delia-gonzalez-cobos","11":"tag-fernando-yunes-marquez","12":"tag-juan-manuel-diez-francos-2","13":"tag-morena","14":"tag-morena-pvem-pt","15":"tag-orfis","16":"tag-ricardo-ahued","17":"tag-ricardo-chua","18":"tag-tev"},"yoast_head":"<!-- This site is optimized with the Yoast SEO plugin v27.4 - https:\/\/yoast.com\/product\/yoast-seo-wordpress\/ -->\n<title>Los apretones de Delia - Los pol\u00edticos Veracruz<\/title>\n<meta name=\"robots\" content=\"index, follow, max-snippet:-1, max-image-preview:large, max-video-preview:-1\" \/>\n<link rel=\"canonical\" href=\"https:\/\/lospoliticosveracruz.com\/?p=77375\" \/>\n<meta property=\"og:locale\" content=\"es_ES\" \/>\n<meta property=\"og:type\" content=\"article\" \/>\n<meta property=\"og:title\" content=\"Los apretones de Delia - Los pol\u00edticos Veracruz\" \/>\n<meta property=\"og:description\" content=\"Ricardo Ch\u00faaSale y Vale MORENA VS YUNES Y DIEZ FRANCOS\u2026 En Veracruz, no es un secreto, que todo aquello a lo que \u00abhuela\u00bb a \u00abLos Yunes Azules\u00bb siempre ser\u00e1 motivo de ataque por parte del gobierno estatal de MORENA y de todos los entes que depende de esta administraci\u00f3n\u2026 Es REAL POLITIK\u2026 As\u00ed es y [&hellip;]\" \/>\n<meta property=\"og:url\" content=\"https:\/\/lospoliticosveracruz.com\/?p=77375\" \/>\n<meta property=\"og:site_name\" content=\"Los pol\u00edticos Veracruz\" \/>\n<meta property=\"article:publisher\" content=\"https:\/\/www.facebook.com\/people\/Notimemes-de-los-Polticos\/61565672886568\/\" \/>\n<meta property=\"article:published_time\" content=\"2021-07-30T13:26:38+00:00\" \/>\n<meta property=\"article:modified_time\" content=\"2021-07-30T13:26:42+00:00\" \/>\n<meta property=\"og:image\" content=\"https:\/\/lospoliticosveracruz.com\/wp-content\/uploads\/2016\/07\/Logo-Dor.jpg\" \/>\n\t<meta property=\"og:image:width\" content=\"200\" \/>\n\t<meta property=\"og:image:height\" content=\"200\" \/>\n\t<meta property=\"og:image:type\" content=\"image\/jpeg\" \/>\n<meta name=\"author\" content=\"Lo viste en Los Pol\u00edticos\" \/>\n<meta name=\"twitter:card\" content=\"summary_large_image\" \/>\n<meta name=\"twitter:creator\" content=\"@LosPoliticosVer\" \/>\n<meta name=\"twitter:site\" content=\"@LosPoliticosVer\" \/>\n<meta name=\"twitter:label1\" content=\"Escrito por\" \/>\n\t<meta name=\"twitter:data1\" content=\"Lo viste en Los Pol\u00edticos\" \/>\n\t<meta name=\"twitter:label2\" content=\"Tiempo de lectura\" \/>\n\t<meta name=\"twitter:data2\" content=\"6 minutos\" \/>\n<script type=\"application\/ld+json\" class=\"yoast-schema-graph\">{\"@context\":\"https:\\\/\\\/schema.org\",\"@graph\":[{\"@type\":\"Article\",\"@id\":\"https:\\\/\\\/lospoliticosveracruz.com\\\/?p=77375#article\",\"isPartOf\":{\"@id\":\"https:\\\/\\\/lospoliticosveracruz.com\\\/?p=77375\"},\"author\":{\"name\":\"Lo viste en Los Pol\u00edticos\",\"@id\":\"https:\\\/\\\/lospoliticosveracruz.com\\\/#\\\/schema\\\/person\\\/b8702bb0e538456e6efd07080bf2a4a2\"},\"headline\":\"Los apretones de Delia\",\"datePublished\":\"2021-07-30T13:26:38+00:00\",\"dateModified\":\"2021-07-30T13:26:42+00:00\",\"mainEntityOfPage\":{\"@id\":\"https:\\\/\\\/lospoliticosveracruz.com\\\/?p=77375\"},\"wordCount\":1150,\"publisher\":{\"@id\":\"https:\\\/\\\/lospoliticosveracruz.com\\\/#organization\"},\"keywords\":[\"Carlos Valenzuela\",\"Cuenta P\u00fablica 2019\",\"Cuitl\u00e1huac Garc\u00eda Jim\u00e9nez\",\"Delia Gonz\u00e1lez Cobos\",\"Fernando Yunes M\u00e1rquez\",\"Juan Manuel D\u00edez Francos\",\"Morena\",\"MORENA-PVEM-PT\",\"Orfis\",\"Ricardo Ahued\",\"Ricardo Ch\u00faa\",\"TEV\"],\"articleSection\":[\"De Opini\u00f3n\"],\"inLanguage\":\"es\"},{\"@type\":\"WebPage\",\"@id\":\"https:\\\/\\\/lospoliticosveracruz.com\\\/?p=77375\",\"url\":\"https:\\\/\\\/lospoliticosveracruz.com\\\/?p=77375\",\"name\":\"Los apretones de Delia - Los pol\u00edticos Veracruz\",\"isPartOf\":{\"@id\":\"https:\\\/\\\/lospoliticosveracruz.com\\\/#website\"},\"datePublished\":\"2021-07-30T13:26:38+00:00\",\"dateModified\":\"2021-07-30T13:26:42+00:00\",\"breadcrumb\":{\"@id\":\"https:\\\/\\\/lospoliticosveracruz.com\\\/?p=77375#breadcrumb\"},\"inLanguage\":\"es\",\"potentialAction\":[{\"@type\":\"ReadAction\",\"target\":[\"https:\\\/\\\/lospoliticosveracruz.com\\\/?p=77375\"]}]},{\"@type\":\"BreadcrumbList\",\"@id\":\"https:\\\/\\\/lospoliticosveracruz.com\\\/?p=77375#breadcrumb\",\"itemListElement\":[{\"@type\":\"ListItem\",\"position\":1,\"name\":\"Portada\",\"item\":\"https:\\\/\\\/lospoliticosveracruz.com\\\/\"},{\"@type\":\"ListItem\",\"position\":2,\"name\":\"Los apretones de Delia\"}]},{\"@type\":\"WebSite\",\"@id\":\"https:\\\/\\\/lospoliticosveracruz.com\\\/#website\",\"url\":\"https:\\\/\\\/lospoliticosveracruz.com\\\/\",\"name\":\"Los pol\u00edticos Veracruz\",\"description\":\"\",\"publisher\":{\"@id\":\"https:\\\/\\\/lospoliticosveracruz.com\\\/#organization\"},\"potentialAction\":[{\"@type\":\"SearchAction\",\"target\":{\"@type\":\"EntryPoint\",\"urlTemplate\":\"https:\\\/\\\/lospoliticosveracruz.com\\\/?s={search_term_string}\"},\"query-input\":{\"@type\":\"PropertyValueSpecification\",\"valueRequired\":true,\"valueName\":\"search_term_string\"}}],\"inLanguage\":\"es\"},{\"@type\":\"Organization\",\"@id\":\"https:\\\/\\\/lospoliticosveracruz.com\\\/#organization\",\"name\":\"Los pol\u00edticos Veracruz\",\"url\":\"https:\\\/\\\/lospoliticosveracruz.com\\\/\",\"logo\":{\"@type\":\"ImageObject\",\"inLanguage\":\"es\",\"@id\":\"https:\\\/\\\/lospoliticosveracruz.com\\\/#\\\/schema\\\/logo\\\/image\\\/\",\"url\":\"https:\\\/\\\/lospoliticosveracruz.com\\\/wp-content\\\/uploads\\\/2025\\\/12\\\/Logo-Nuevo-LOS-POLITICOS-1.jpg\",\"contentUrl\":\"https:\\\/\\\/lospoliticosveracruz.com\\\/wp-content\\\/uploads\\\/2025\\\/12\\\/Logo-Nuevo-LOS-POLITICOS-1.jpg\",\"width\":260,\"height\":70,\"caption\":\"Los pol\u00edticos Veracruz\"},\"image\":{\"@id\":\"https:\\\/\\\/lospoliticosveracruz.com\\\/#\\\/schema\\\/logo\\\/image\\\/\"},\"sameAs\":[\"https:\\\/\\\/www.facebook.com\\\/people\\\/Notimemes-de-los-Polticos\\\/61565672886568\\\/\",\"https:\\\/\\\/x.com\\\/LosPoliticosVer\"]},{\"@type\":\"Person\",\"@id\":\"https:\\\/\\\/lospoliticosveracruz.com\\\/#\\\/schema\\\/person\\\/b8702bb0e538456e6efd07080bf2a4a2\",\"name\":\"Lo viste en Los Pol\u00edticos\",\"image\":{\"@type\":\"ImageObject\",\"inLanguage\":\"es\",\"@id\":\"https:\\\/\\\/secure.gravatar.com\\\/avatar\\\/3a8de04a2656d44082be478bd6c086daa447c4651605818287b9532d3d0bd435?s=96&d=mm&r=g\",\"url\":\"https:\\\/\\\/secure.gravatar.com\\\/avatar\\\/3a8de04a2656d44082be478bd6c086daa447c4651605818287b9532d3d0bd435?s=96&d=mm&r=g\",\"contentUrl\":\"https:\\\/\\\/secure.gravatar.com\\\/avatar\\\/3a8de04a2656d44082be478bd6c086daa447c4651605818287b9532d3d0bd435?s=96&d=mm&r=g\",\"caption\":\"Lo viste en Los Pol\u00edticos\"},\"url\":\"https:\\\/\\\/lospoliticosveracruz.com\\\/?author=2\"}]}<\/script>\n<!-- \/ Yoast SEO plugin. -->","yoast_head_json":{"title":"Los apretones de Delia - Los pol\u00edticos Veracruz","robots":{"index":"index","follow":"follow","max-snippet":"max-snippet:-1","max-image-preview":"max-image-preview:large","max-video-preview":"max-video-preview:-1"},"canonical":"https:\/\/lospoliticosveracruz.com\/?p=77375","og_locale":"es_ES","og_type":"article","og_title":"Los apretones de Delia - Los pol\u00edticos Veracruz","og_description":"Ricardo Ch\u00faaSale y Vale MORENA VS YUNES Y DIEZ FRANCOS\u2026 En Veracruz, no es un secreto, que todo aquello a lo que \u00abhuela\u00bb a \u00abLos Yunes Azules\u00bb siempre ser\u00e1 motivo de ataque por parte del gobierno estatal de MORENA y de todos los entes que depende de esta administraci\u00f3n\u2026 Es REAL POLITIK\u2026 As\u00ed es y [&hellip;]","og_url":"https:\/\/lospoliticosveracruz.com\/?p=77375","og_site_name":"Los pol\u00edticos Veracruz","article_publisher":"https:\/\/www.facebook.com\/people\/Notimemes-de-los-Polticos\/61565672886568\/","article_published_time":"2021-07-30T13:26:38+00:00","article_modified_time":"2021-07-30T13:26:42+00:00","og_image":[{"width":200,"height":200,"url":"https:\/\/lospoliticosveracruz.com\/wp-content\/uploads\/2016\/07\/Logo-Dor.jpg","type":"image\/jpeg"}],"author":"Lo viste en Los Pol\u00edticos","twitter_card":"summary_large_image","twitter_creator":"@LosPoliticosVer","twitter_site":"@LosPoliticosVer","twitter_misc":{"Escrito por":"Lo viste en Los Pol\u00edticos","Tiempo de lectura":"6 minutos"},"schema":{"@context":"https:\/\/schema.org","@graph":[{"@type":"Article","@id":"https:\/\/lospoliticosveracruz.com\/?p=77375#article","isPartOf":{"@id":"https:\/\/lospoliticosveracruz.com\/?p=77375"},"author":{"name":"Lo viste en Los Pol\u00edticos","@id":"https:\/\/lospoliticosveracruz.com\/#\/schema\/person\/b8702bb0e538456e6efd07080bf2a4a2"},"headline":"Los apretones de Delia","datePublished":"2021-07-30T13:26:38+00:00","dateModified":"2021-07-30T13:26:42+00:00","mainEntityOfPage":{"@id":"https:\/\/lospoliticosveracruz.com\/?p=77375"},"wordCount":1150,"publisher":{"@id":"https:\/\/lospoliticosveracruz.com\/#organization"},"keywords":["Carlos Valenzuela","Cuenta P\u00fablica 2019","Cuitl\u00e1huac Garc\u00eda Jim\u00e9nez","Delia Gonz\u00e1lez Cobos","Fernando Yunes M\u00e1rquez","Juan Manuel D\u00edez Francos","Morena","MORENA-PVEM-PT","Orfis","Ricardo Ahued","Ricardo Ch\u00faa","TEV"],"articleSection":["De Opini\u00f3n"],"inLanguage":"es"},{"@type":"WebPage","@id":"https:\/\/lospoliticosveracruz.com\/?p=77375","url":"https:\/\/lospoliticosveracruz.com\/?p=77375","name":"Los apretones de Delia - Los pol\u00edticos Veracruz","isPartOf":{"@id":"https:\/\/lospoliticosveracruz.com\/#website"},"datePublished":"2021-07-30T13:26:38+00:00","dateModified":"2021-07-30T13:26:42+00:00","breadcrumb":{"@id":"https:\/\/lospoliticosveracruz.com\/?p=77375#breadcrumb"},"inLanguage":"es","potentialAction":[{"@type":"ReadAction","target":["https:\/\/lospoliticosveracruz.com\/?p=77375"]}]},{"@type":"BreadcrumbList","@id":"https:\/\/lospoliticosveracruz.com\/?p=77375#breadcrumb","itemListElement":[{"@type":"ListItem","position":1,"name":"Portada","item":"https:\/\/lospoliticosveracruz.com\/"},{"@type":"ListItem","position":2,"name":"Los apretones de Delia"}]},{"@type":"WebSite","@id":"https:\/\/lospoliticosveracruz.com\/#website","url":"https:\/\/lospoliticosveracruz.com\/","name":"Los pol\u00edticos Veracruz","description":"","publisher":{"@id":"https:\/\/lospoliticosveracruz.com\/#organization"},"potentialAction":[{"@type":"SearchAction","target":{"@type":"EntryPoint","urlTemplate":"https:\/\/lospoliticosveracruz.com\/?s={search_term_string}"},"query-input":{"@type":"PropertyValueSpecification","valueRequired":true,"valueName":"search_term_string"}}],"inLanguage":"es"},{"@type":"Organization","@id":"https:\/\/lospoliticosveracruz.com\/#organization","name":"Los pol\u00edticos Veracruz","url":"https:\/\/lospoliticosveracruz.com\/","logo":{"@type":"ImageObject","inLanguage":"es","@id":"https:\/\/lospoliticosveracruz.com\/#\/schema\/logo\/image\/","url":"https:\/\/lospoliticosveracruz.com\/wp-content\/uploads\/2025\/12\/Logo-Nuevo-LOS-POLITICOS-1.jpg","contentUrl":"https:\/\/lospoliticosveracruz.com\/wp-content\/uploads\/2025\/12\/Logo-Nuevo-LOS-POLITICOS-1.jpg","width":260,"height":70,"caption":"Los pol\u00edticos Veracruz"},"image":{"@id":"https:\/\/lospoliticosveracruz.com\/#\/schema\/logo\/image\/"},"sameAs":["https:\/\/www.facebook.com\/people\/Notimemes-de-los-Polticos\/61565672886568\/","https:\/\/x.com\/LosPoliticosVer"]},{"@type":"Person","@id":"https:\/\/lospoliticosveracruz.com\/#\/schema\/person\/b8702bb0e538456e6efd07080bf2a4a2","name":"Lo viste en Los Pol\u00edticos","image":{"@type":"ImageObject","inLanguage":"es","@id":"https:\/\/secure.gravatar.com\/avatar\/3a8de04a2656d44082be478bd6c086daa447c4651605818287b9532d3d0bd435?s=96&d=mm&r=g","url":"https:\/\/secure.gravatar.com\/avatar\/3a8de04a2656d44082be478bd6c086daa447c4651605818287b9532d3d0bd435?s=96&d=mm&r=g","contentUrl":"https:\/\/secure.gravatar.com\/avatar\/3a8de04a2656d44082be478bd6c086daa447c4651605818287b9532d3d0bd435?s=96&d=mm&r=g","caption":"Lo viste en Los Pol\u00edticos"},"url":"https:\/\/lospoliticosveracruz.com\/?author=2"}]}},"_links":{"self":[{"href":"https:\/\/lospoliticosveracruz.com\/index.php?rest_route=\/wp\/v2\/posts\/77375","targetHints":{"allow":["GET"]}}],"collection":[{"href":"https:\/\/lospoliticosveracruz.com\/index.php?rest_route=\/wp\/v2\/posts"}],"about":[{"href":"https:\/\/lospoliticosveracruz.com\/index.php?rest_route=\/wp\/v2\/types\/post"}],"author":[{"embeddable":true,"href":"https:\/\/lospoliticosveracruz.com\/index.php?rest_route=\/wp\/v2\/users\/2"}],"replies":[{"embeddable":true,"href":"https:\/\/lospoliticosveracruz.com\/index.php?rest_route=%2Fwp%2Fv2%2Fcomments&post=77375"}],"version-history":[{"count":1,"href":"https:\/\/lospoliticosveracruz.com\/index.php?rest_route=\/wp\/v2\/posts\/77375\/revisions"}],"predecessor-version":[{"id":77377,"href":"https:\/\/lospoliticosveracruz.com\/index.php?rest_route=\/wp\/v2\/posts\/77375\/revisions\/77377"}],"wp:attachment":[{"href":"https:\/\/lospoliticosveracruz.com\/index.php?rest_route=%2Fwp%2Fv2%2Fmedia&parent=77375"}],"wp:term":[{"taxonomy":"category","embeddable":true,"href":"https:\/\/lospoliticosveracruz.com\/index.php?rest_route=%2Fwp%2Fv2%2Fcategories&post=77375"},{"taxonomy":"post_tag","embeddable":true,"href":"https:\/\/lospoliticosveracruz.com\/index.php?rest_route=%2Fwp%2Fv2%2Ftags&post=77375"}],"curies":[{"name":"wp","href":"https:\/\/api.w.org\/{rel}","templated":true}]}}