{"id":77453,"date":"2021-08-02T08:14:58","date_gmt":"2021-08-02T13:14:58","guid":{"rendered":"http:\/\/www.lospoliticosveracruz.com.mx\/?p=77453"},"modified":"2021-08-02T08:15:01","modified_gmt":"2021-08-02T13:15:01","slug":"viene-la-otra-consulta","status":"publish","type":"post","link":"https:\/\/lospoliticosveracruz.com\/?p=77453","title":{"rendered":"Viene la otra consulta"},"content":{"rendered":"\n<p><strong>Ricardo Ch\u00faa<br><\/strong><em>Sale y Vale<\/em><\/p>\n\n\n\n<p>OJO\u2026 De confirmarse de manera oficial en las pr\u00f3ximas horas\u2026 De que s\u00f3lo vot\u00f3 el 7 u 8 por ciento de la poblaci\u00f3n mexicana con credencial de elector, en esta famosa Consulta para \u00abEl Juicio contra los Ex Presidentes de M\u00e9xico\u00bb, que vendr\u00edan siendo alrededor de 7 millones de mexicanos que votaron en todo el pa\u00eds, entonces, si este \u00abejercicio\u00bb democr\u00e1tico cost\u00f3 al pueblo \u00abbueno y sabio\u00bb alrededor de 538 millones de pesos\u2026 Dividido entre esos 7 millones\u2026 El costo por cada voto fue de 78 mil 857 pesos\u2026 As\u00ed de contundente el dato\u2026 NO MMN\u2026<\/p>\n\n\n\n<p>Esto s\u00f3lo deja la conclusi\u00f3n\u2026 Que a AMLO le pas\u00f3 como al \u00abarrendatario\u00bb que vino a cobrar la renta el mes pasado (6 de junio) y ya no le alcanz\u00f3 para las caguamas\u2026 Y por qu\u00e9, si tienen el \u00abAparato de Estado\u00bb como demostr\u00f3 en la elecci\u00f3n (Pinta de bardas, TV, radio, redes sociales hasta \u00abma\u00f1aneras\u00bb) y qu\u00e9 pas\u00f3\u2026 No vaya ser que los ciudadanos, ven tan mal al gobierno que perdonaron a los ExPresidentes\u2026 Ahora entienden porque L\u00f3pez Obrador quer\u00eda que la consulta fuera el mismo d\u00eda que las elecciones\u2026 \u00c9l sab\u00eda de este escenario\u2026 Y le paso\u2026 AMEN\u2026<\/p>\n\n\n\n<p>LA ll CONSULTA, EL FUTURO AMLO Y CUITL\u00c1HUAC\u2026 Despu\u00e9s de todo lo sucedido en la consulta de ayer, sobre el juicio a los ex presidentes y la participaci\u00f3n de s\u00f3lo el 7 por ciento de la poblaci\u00f3n, que cuenta con credencial de elector\u2026 No tiene caso de gastar tinta en ese tema\u2026 Ya es \u00abtoro pasado\u00bb y fue un fracaso\u2026 Lo realmente trascendente es que la SEGUNDA CONSULTA que habr\u00e1 en este pa\u00eds, ser\u00e1 saber si Andr\u00e9s Manuel L\u00f3pez Obrador permanece o no en la Presidencia en 2022\u2026 En la REVOCACI\u00d3N DE MANDATO\u2026 Ese es el peligro real\u2026<br>Ese ser\u00e1 el GRAN RETO de los 8 gobernadores de MORENA que hoy son electos, pero que el pr\u00f3ximo a\u00f1o estar\u00e1n en el cargo.. M\u00e1s los 6 que est\u00e1n en funciones\u2026 Es decir, en 2022, los Morenos tendr\u00e1n 14 mandatarios estatales y a ellos, le corresponder\u00e1 sacar la Consulta de Revocaci\u00f3n de Mandato para que AMLO no se vaya de la Presidencia\u2026 Su permanencia est\u00e1 en sus manos, pero no solo en los morenos sino tambi\u00e9n los del PVEM y quiz\u00e1s los de Movimiento Ciudadano\u2026 Si hacen alianza con \u00e9l\u2026 De ellos depender\u00e1 si se queda o se va\u2026<br>Con estos resultados de la consulta p\u00fablica de ayer domingo\u2026 Queda claro, que si para el 2022, los gobernadores de MORENA y sus aliados, no se menten en el tema de la votaci\u00f3n para la Revocaci\u00f3n de Mandato, AMLO se va\u2026 Acaso creen que el PRI, PAN y PRD junto con sus otros adversarios\u2026 No van a movilizar gente para que salga a votar a favor de que se vaya\u2026 Hay que recordar que esos gobernadores si saben del \u00abacarreo\u00bb\u2026 Y ayer qued\u00f3 m\u00e1s que patente que los Morenos, no saben..<br>As\u00ed que no hay que buscar mucha explicaci\u00f3n\u2026 Ya que en esta primera consulta, se demostr\u00f3 que fue un \u00abfracaso\u00bb para AMLO y gobierno federal, sus programas de Bienestar que tienen 26 millones de beneficiarios en el pa\u00eds y no lograron \u00abconvencerlos\u00bb para que salieran a votar\u2026 Ahora el RETO que viene para MORENA es la renovaci\u00f3n de su dirigencia nacional y estatales y la segunda consulta, que es la m\u00e1s importante, que ser\u00e1 el 1 de marzo del 2022, que es la permanencia de AMLO en su Revocaci\u00f3n de Mandato\u2026 Est\u00e1 ca\u00f1\u00f3n\u2026<br>Misma situaci\u00f3n que vivir\u00e1 en Veracruz, el gobernador, Cuitl\u00e1huac Garc\u00eda, que pasar\u00e1 por el mismo trance de la Revocaci\u00f3n de Mandato.. Y si en la entidad, s\u00f3lo se lograron menos de 300 mil votos en la consulta de ayer\u2026 UFFF\u2026 La situaci\u00f3n se le pone al \u00abrojo vivo\u00bb al mandatario estatal en 2022.. Y as\u00ed como AMLO est\u00e1 en manos de los gobernadores\u2026 Cuitl\u00e1huac estar\u00e1 en manos de los alcaldes de Morenos\u2026 Que para el pr\u00f3ximo marzo tendr\u00e1 104 presidentes municipales bajo las siglas de este partido\u2026 Ojal\u00e1 no le den \u00abPinochetazo\u00bb electoral\u2026 NO MMN\u2026<br>Pero as\u00ed como el problema para AMLO, es que esta consulta ser\u00e1 antes de las 6 gubernaturas, que se jugar\u00e1n para junio del 2022\u2026 Para Cuitl\u00e1huac es un tema m\u00e1s dif\u00edcil porque estos alcaldes apenas estar\u00edan entrando a gobernar.. Y no traer\u00eda a\u00fan el control total de ellos\u2026 Ese es el riesgo\u2026 Y peor a\u00fan cuando en MORENA se dieron cuenta que ayer domingo gan\u00f3 m\u00e1s el DESINTER\u00c9S a la consulta popular\u2026 Desecharon el divisionismo que ha provocado L\u00f3pez Obrador en el pa\u00eds desde que tom\u00f3 el poder en 2018\u2026<br>Adem\u00e1s siendo AMLO el activo pol\u00edtico m\u00e1s importante de MORENA\u2026 En 2022 se est\u00e1 \u00abJUGANDO\u00bb su PRESTIGIO de los 30 millones de votos que consigui\u00f3 en 2018\u2026 No s\u00f3lo se juega su permanencia en el cargo de Presidente\u2026 En el resultado que saque se ver\u00e1 cu\u00e1ntos votos ha perdido MORENA desde que es gobierno federal\u2026 As\u00ed que la elecci\u00f3n del 1 de marzo del pr\u00f3ximo a\u00f1o, es la medici\u00f3n de L\u00f3pez Obrador y de sus gobernadores\u2026 Cuitl\u00e1huac Garc\u00eda entre ellos\u2026 Ah\u00ed se ver\u00e1 si se queda o se va del gobierno de Veracruz\u2026<br>Tambi\u00e9n aqu\u00ed se ver\u00e1 si en este refer\u00e9ndum\u2026 Cuitl\u00e1huac vuelve a obtener el mill\u00f3n 600 mil votos, que obtuvo en 2018\u2026 Y si es un activo para MORENA.. Y quedar\u00e1 claro, el contraste entre la elecci\u00f3n del 2021 y 2022\u2026 Que ser\u00e1 el reflejo del primer escenario de lo que pueda pasar en 2024\u2026 Por eso, el panorama no es bueno para Cuitl\u00e1huac\u2026 Ya que en 2018 gobernaba s\u00f3lo 16 municipios y ahora en el 2022 tendr\u00e1 103 alcaldes Morenos\u2026 As\u00ed que tiene que sacar m\u00e1s de lo que obtuvo en 2018\u2026 Si no, el 2024 peligra para los Morenos en Veracruz\u2026<br>Al final de cuentas, ni AMLO, ni Cuitl\u00e1huac tienen justificaci\u00f3n\u2026 Viene su \u00abprueba de fuego\u00bb\u2026 Si con los programas federales que tienen 26 millones de beneficiarios\u2026 Y en 2021, no sacaron ni 15 millones votos\u2026 Qu\u00e9 va a pasar si en la revocaci\u00f3n de mandato, AMLO no saca ni 10 millones de votos en esa consulta\u2026 MORENA habr\u00e1 perdido en 4 a\u00f1os, alrededor de 20 millones de votos duros\u2026 Pero ahora con 17 gobernadores de MORENA y aliados\u2026 Ese es el fracaso que pueden tener los Morenos en el pa\u00eds y en Veracruz\u2026<\/p>\n\n\n\n<p>EN RESUMEN\u2026 Este es el reto que tiene \u00e9l y su gabinete federal porque ganaron con 30 millones de votos, sin ser gobierno\u2026 Van a la revocaci\u00f3n de mandato con 17 gobernadores, con toda la federaci\u00f3n, c\u00e1mara de diputados y senadores bajo su control\u2026 As\u00ed que no pueden bajar ese n\u00famero porque AMLO es MORENA\u2026 Pero se dieron cuenta que s\u00f3lo votaron 4 millones de los 30 que simpatizan con AMLO.. Porque los que votaron ayer fueron simpatizantes de Morenos\u2026 As\u00ed que la preocupaci\u00f3n por la revocaci\u00f3n de mandato, no est\u00e1 de m\u00e1s\u2026 REQUIEM<\/p>\n","protected":false},"excerpt":{"rendered":"<p>Ricardo Ch\u00faaSale y Vale OJO\u2026 De confirmarse de manera oficial en las pr\u00f3ximas horas\u2026 De que s\u00f3lo vot\u00f3 el 7 u 8 por ciento de la poblaci\u00f3n mexicana con credencial de elector, en esta famosa Consulta para \u00abEl Juicio contra los Ex Presidentes de M\u00e9xico\u00bb, que vendr\u00edan siendo alrededor de 7 millones de mexicanos que [&hellip;]<\/p>\n","protected":false},"author":2,"featured_media":0,"comment_status":"closed","ping_status":"closed","sticky":false,"template":"","format":"standard","meta":{"tdm_status":"","tdm_grid_status":"","footnotes":""},"categories":[70],"tags":[14239,1563,29665,6397,1026,13604],"class_list":{"0":"post-77453","1":"post","2":"type-post","3":"status-publish","4":"format-standard","6":"category-de-opinion","7":"tag-consulta-popular","8":"tag-cuitlahuac-garcia-jimenez","9":"tag-ex-presidentes-2","10":"tag-juicio","11":"tag-morena","12":"tag-ricardo-chua"},"yoast_head":"<!-- This site is optimized with the Yoast SEO plugin v27.4 - https:\/\/yoast.com\/product\/yoast-seo-wordpress\/ -->\n<title>Viene la otra consulta - Los pol\u00edticos Veracruz<\/title>\n<meta name=\"robots\" content=\"index, follow, max-snippet:-1, max-image-preview:large, max-video-preview:-1\" \/>\n<link rel=\"canonical\" href=\"https:\/\/lospoliticosveracruz.com\/?p=77453\" \/>\n<meta property=\"og:locale\" content=\"es_ES\" \/>\n<meta property=\"og:type\" content=\"article\" \/>\n<meta property=\"og:title\" content=\"Viene la otra consulta - Los pol\u00edticos Veracruz\" \/>\n<meta property=\"og:description\" content=\"Ricardo Ch\u00faaSale y Vale OJO\u2026 De confirmarse de manera oficial en las pr\u00f3ximas horas\u2026 De que s\u00f3lo vot\u00f3 el 7 u 8 por ciento de la poblaci\u00f3n mexicana con credencial de elector, en esta famosa Consulta para \u00abEl Juicio contra los Ex Presidentes de M\u00e9xico\u00bb, que vendr\u00edan siendo alrededor de 7 millones de mexicanos que [&hellip;]\" \/>\n<meta property=\"og:url\" content=\"https:\/\/lospoliticosveracruz.com\/?p=77453\" \/>\n<meta property=\"og:site_name\" content=\"Los pol\u00edticos Veracruz\" \/>\n<meta property=\"article:publisher\" content=\"https:\/\/www.facebook.com\/people\/Notimemes-de-los-Polticos\/61565672886568\/\" \/>\n<meta property=\"article:published_time\" content=\"2021-08-02T13:14:58+00:00\" \/>\n<meta property=\"article:modified_time\" content=\"2021-08-02T13:15:01+00:00\" \/>\n<meta property=\"og:image\" content=\"https:\/\/lospoliticosveracruz.com\/wp-content\/uploads\/2016\/07\/Logo-Dor.jpg\" \/>\n\t<meta property=\"og:image:width\" content=\"200\" \/>\n\t<meta property=\"og:image:height\" content=\"200\" \/>\n\t<meta property=\"og:image:type\" content=\"image\/jpeg\" \/>\n<meta name=\"author\" content=\"Lo viste en Los Pol\u00edticos\" \/>\n<meta name=\"twitter:card\" content=\"summary_large_image\" \/>\n<meta name=\"twitter:creator\" content=\"@LosPoliticosVer\" \/>\n<meta name=\"twitter:site\" content=\"@LosPoliticosVer\" \/>\n<meta name=\"twitter:label1\" content=\"Escrito por\" \/>\n\t<meta name=\"twitter:data1\" content=\"Lo viste en Los Pol\u00edticos\" \/>\n\t<meta name=\"twitter:label2\" content=\"Tiempo de lectura\" \/>\n\t<meta name=\"twitter:data2\" content=\"6 minutos\" \/>\n<script type=\"application\/ld+json\" class=\"yoast-schema-graph\">{\"@context\":\"https:\\\/\\\/schema.org\",\"@graph\":[{\"@type\":\"Article\",\"@id\":\"https:\\\/\\\/lospoliticosveracruz.com\\\/?p=77453#article\",\"isPartOf\":{\"@id\":\"https:\\\/\\\/lospoliticosveracruz.com\\\/?p=77453\"},\"author\":{\"name\":\"Lo viste en Los Pol\u00edticos\",\"@id\":\"https:\\\/\\\/lospoliticosveracruz.com\\\/#\\\/schema\\\/person\\\/b8702bb0e538456e6efd07080bf2a4a2\"},\"headline\":\"Viene la otra consulta\",\"datePublished\":\"2021-08-02T13:14:58+00:00\",\"dateModified\":\"2021-08-02T13:15:01+00:00\",\"mainEntityOfPage\":{\"@id\":\"https:\\\/\\\/lospoliticosveracruz.com\\\/?p=77453\"},\"wordCount\":1200,\"publisher\":{\"@id\":\"https:\\\/\\\/lospoliticosveracruz.com\\\/#organization\"},\"keywords\":[\"Consulta Popular\",\"Cuitl\u00e1huac Garc\u00eda Jim\u00e9nez\",\"Ex Presidentes\",\"Juicio\",\"Morena\",\"Ricardo Ch\u00faa\"],\"articleSection\":[\"De Opini\u00f3n\"],\"inLanguage\":\"es\"},{\"@type\":\"WebPage\",\"@id\":\"https:\\\/\\\/lospoliticosveracruz.com\\\/?p=77453\",\"url\":\"https:\\\/\\\/lospoliticosveracruz.com\\\/?p=77453\",\"name\":\"Viene la otra consulta - Los pol\u00edticos Veracruz\",\"isPartOf\":{\"@id\":\"https:\\\/\\\/lospoliticosveracruz.com\\\/#website\"},\"datePublished\":\"2021-08-02T13:14:58+00:00\",\"dateModified\":\"2021-08-02T13:15:01+00:00\",\"breadcrumb\":{\"@id\":\"https:\\\/\\\/lospoliticosveracruz.com\\\/?p=77453#breadcrumb\"},\"inLanguage\":\"es\",\"potentialAction\":[{\"@type\":\"ReadAction\",\"target\":[\"https:\\\/\\\/lospoliticosveracruz.com\\\/?p=77453\"]}]},{\"@type\":\"BreadcrumbList\",\"@id\":\"https:\\\/\\\/lospoliticosveracruz.com\\\/?p=77453#breadcrumb\",\"itemListElement\":[{\"@type\":\"ListItem\",\"position\":1,\"name\":\"Portada\",\"item\":\"https:\\\/\\\/lospoliticosveracruz.com\\\/\"},{\"@type\":\"ListItem\",\"position\":2,\"name\":\"Viene la otra consulta\"}]},{\"@type\":\"WebSite\",\"@id\":\"https:\\\/\\\/lospoliticosveracruz.com\\\/#website\",\"url\":\"https:\\\/\\\/lospoliticosveracruz.com\\\/\",\"name\":\"Los pol\u00edticos Veracruz\",\"description\":\"\",\"publisher\":{\"@id\":\"https:\\\/\\\/lospoliticosveracruz.com\\\/#organization\"},\"potentialAction\":[{\"@type\":\"SearchAction\",\"target\":{\"@type\":\"EntryPoint\",\"urlTemplate\":\"https:\\\/\\\/lospoliticosveracruz.com\\\/?s={search_term_string}\"},\"query-input\":{\"@type\":\"PropertyValueSpecification\",\"valueRequired\":true,\"valueName\":\"search_term_string\"}}],\"inLanguage\":\"es\"},{\"@type\":\"Organization\",\"@id\":\"https:\\\/\\\/lospoliticosveracruz.com\\\/#organization\",\"name\":\"Los pol\u00edticos Veracruz\",\"url\":\"https:\\\/\\\/lospoliticosveracruz.com\\\/\",\"logo\":{\"@type\":\"ImageObject\",\"inLanguage\":\"es\",\"@id\":\"https:\\\/\\\/lospoliticosveracruz.com\\\/#\\\/schema\\\/logo\\\/image\\\/\",\"url\":\"https:\\\/\\\/lospoliticosveracruz.com\\\/wp-content\\\/uploads\\\/2025\\\/12\\\/Logo-Nuevo-LOS-POLITICOS-1.jpg\",\"contentUrl\":\"https:\\\/\\\/lospoliticosveracruz.com\\\/wp-content\\\/uploads\\\/2025\\\/12\\\/Logo-Nuevo-LOS-POLITICOS-1.jpg\",\"width\":260,\"height\":70,\"caption\":\"Los pol\u00edticos Veracruz\"},\"image\":{\"@id\":\"https:\\\/\\\/lospoliticosveracruz.com\\\/#\\\/schema\\\/logo\\\/image\\\/\"},\"sameAs\":[\"https:\\\/\\\/www.facebook.com\\\/people\\\/Notimemes-de-los-Polticos\\\/61565672886568\\\/\",\"https:\\\/\\\/x.com\\\/LosPoliticosVer\"]},{\"@type\":\"Person\",\"@id\":\"https:\\\/\\\/lospoliticosveracruz.com\\\/#\\\/schema\\\/person\\\/b8702bb0e538456e6efd07080bf2a4a2\",\"name\":\"Lo viste en Los Pol\u00edticos\",\"image\":{\"@type\":\"ImageObject\",\"inLanguage\":\"es\",\"@id\":\"https:\\\/\\\/secure.gravatar.com\\\/avatar\\\/3a8de04a2656d44082be478bd6c086daa447c4651605818287b9532d3d0bd435?s=96&d=mm&r=g\",\"url\":\"https:\\\/\\\/secure.gravatar.com\\\/avatar\\\/3a8de04a2656d44082be478bd6c086daa447c4651605818287b9532d3d0bd435?s=96&d=mm&r=g\",\"contentUrl\":\"https:\\\/\\\/secure.gravatar.com\\\/avatar\\\/3a8de04a2656d44082be478bd6c086daa447c4651605818287b9532d3d0bd435?s=96&d=mm&r=g\",\"caption\":\"Lo viste en Los Pol\u00edticos\"},\"url\":\"https:\\\/\\\/lospoliticosveracruz.com\\\/?author=2\"}]}<\/script>\n<!-- \/ Yoast SEO plugin. -->","yoast_head_json":{"title":"Viene la otra consulta - Los pol\u00edticos Veracruz","robots":{"index":"index","follow":"follow","max-snippet":"max-snippet:-1","max-image-preview":"max-image-preview:large","max-video-preview":"max-video-preview:-1"},"canonical":"https:\/\/lospoliticosveracruz.com\/?p=77453","og_locale":"es_ES","og_type":"article","og_title":"Viene la otra consulta - Los pol\u00edticos Veracruz","og_description":"Ricardo Ch\u00faaSale y Vale OJO\u2026 De confirmarse de manera oficial en las pr\u00f3ximas horas\u2026 De que s\u00f3lo vot\u00f3 el 7 u 8 por ciento de la poblaci\u00f3n mexicana con credencial de elector, en esta famosa Consulta para \u00abEl Juicio contra los Ex Presidentes de M\u00e9xico\u00bb, que vendr\u00edan siendo alrededor de 7 millones de mexicanos que [&hellip;]","og_url":"https:\/\/lospoliticosveracruz.com\/?p=77453","og_site_name":"Los pol\u00edticos Veracruz","article_publisher":"https:\/\/www.facebook.com\/people\/Notimemes-de-los-Polticos\/61565672886568\/","article_published_time":"2021-08-02T13:14:58+00:00","article_modified_time":"2021-08-02T13:15:01+00:00","og_image":[{"width":200,"height":200,"url":"https:\/\/lospoliticosveracruz.com\/wp-content\/uploads\/2016\/07\/Logo-Dor.jpg","type":"image\/jpeg"}],"author":"Lo viste en Los Pol\u00edticos","twitter_card":"summary_large_image","twitter_creator":"@LosPoliticosVer","twitter_site":"@LosPoliticosVer","twitter_misc":{"Escrito por":"Lo viste en Los Pol\u00edticos","Tiempo de lectura":"6 minutos"},"schema":{"@context":"https:\/\/schema.org","@graph":[{"@type":"Article","@id":"https:\/\/lospoliticosveracruz.com\/?p=77453#article","isPartOf":{"@id":"https:\/\/lospoliticosveracruz.com\/?p=77453"},"author":{"name":"Lo viste en Los Pol\u00edticos","@id":"https:\/\/lospoliticosveracruz.com\/#\/schema\/person\/b8702bb0e538456e6efd07080bf2a4a2"},"headline":"Viene la otra consulta","datePublished":"2021-08-02T13:14:58+00:00","dateModified":"2021-08-02T13:15:01+00:00","mainEntityOfPage":{"@id":"https:\/\/lospoliticosveracruz.com\/?p=77453"},"wordCount":1200,"publisher":{"@id":"https:\/\/lospoliticosveracruz.com\/#organization"},"keywords":["Consulta Popular","Cuitl\u00e1huac Garc\u00eda Jim\u00e9nez","Ex Presidentes","Juicio","Morena","Ricardo Ch\u00faa"],"articleSection":["De Opini\u00f3n"],"inLanguage":"es"},{"@type":"WebPage","@id":"https:\/\/lospoliticosveracruz.com\/?p=77453","url":"https:\/\/lospoliticosveracruz.com\/?p=77453","name":"Viene la otra consulta - Los pol\u00edticos Veracruz","isPartOf":{"@id":"https:\/\/lospoliticosveracruz.com\/#website"},"datePublished":"2021-08-02T13:14:58+00:00","dateModified":"2021-08-02T13:15:01+00:00","breadcrumb":{"@id":"https:\/\/lospoliticosveracruz.com\/?p=77453#breadcrumb"},"inLanguage":"es","potentialAction":[{"@type":"ReadAction","target":["https:\/\/lospoliticosveracruz.com\/?p=77453"]}]},{"@type":"BreadcrumbList","@id":"https:\/\/lospoliticosveracruz.com\/?p=77453#breadcrumb","itemListElement":[{"@type":"ListItem","position":1,"name":"Portada","item":"https:\/\/lospoliticosveracruz.com\/"},{"@type":"ListItem","position":2,"name":"Viene la otra consulta"}]},{"@type":"WebSite","@id":"https:\/\/lospoliticosveracruz.com\/#website","url":"https:\/\/lospoliticosveracruz.com\/","name":"Los pol\u00edticos Veracruz","description":"","publisher":{"@id":"https:\/\/lospoliticosveracruz.com\/#organization"},"potentialAction":[{"@type":"SearchAction","target":{"@type":"EntryPoint","urlTemplate":"https:\/\/lospoliticosveracruz.com\/?s={search_term_string}"},"query-input":{"@type":"PropertyValueSpecification","valueRequired":true,"valueName":"search_term_string"}}],"inLanguage":"es"},{"@type":"Organization","@id":"https:\/\/lospoliticosveracruz.com\/#organization","name":"Los pol\u00edticos Veracruz","url":"https:\/\/lospoliticosveracruz.com\/","logo":{"@type":"ImageObject","inLanguage":"es","@id":"https:\/\/lospoliticosveracruz.com\/#\/schema\/logo\/image\/","url":"https:\/\/lospoliticosveracruz.com\/wp-content\/uploads\/2025\/12\/Logo-Nuevo-LOS-POLITICOS-1.jpg","contentUrl":"https:\/\/lospoliticosveracruz.com\/wp-content\/uploads\/2025\/12\/Logo-Nuevo-LOS-POLITICOS-1.jpg","width":260,"height":70,"caption":"Los pol\u00edticos Veracruz"},"image":{"@id":"https:\/\/lospoliticosveracruz.com\/#\/schema\/logo\/image\/"},"sameAs":["https:\/\/www.facebook.com\/people\/Notimemes-de-los-Polticos\/61565672886568\/","https:\/\/x.com\/LosPoliticosVer"]},{"@type":"Person","@id":"https:\/\/lospoliticosveracruz.com\/#\/schema\/person\/b8702bb0e538456e6efd07080bf2a4a2","name":"Lo viste en Los Pol\u00edticos","image":{"@type":"ImageObject","inLanguage":"es","@id":"https:\/\/secure.gravatar.com\/avatar\/3a8de04a2656d44082be478bd6c086daa447c4651605818287b9532d3d0bd435?s=96&d=mm&r=g","url":"https:\/\/secure.gravatar.com\/avatar\/3a8de04a2656d44082be478bd6c086daa447c4651605818287b9532d3d0bd435?s=96&d=mm&r=g","contentUrl":"https:\/\/secure.gravatar.com\/avatar\/3a8de04a2656d44082be478bd6c086daa447c4651605818287b9532d3d0bd435?s=96&d=mm&r=g","caption":"Lo viste en Los Pol\u00edticos"},"url":"https:\/\/lospoliticosveracruz.com\/?author=2"}]}},"_links":{"self":[{"href":"https:\/\/lospoliticosveracruz.com\/index.php?rest_route=\/wp\/v2\/posts\/77453","targetHints":{"allow":["GET"]}}],"collection":[{"href":"https:\/\/lospoliticosveracruz.com\/index.php?rest_route=\/wp\/v2\/posts"}],"about":[{"href":"https:\/\/lospoliticosveracruz.com\/index.php?rest_route=\/wp\/v2\/types\/post"}],"author":[{"embeddable":true,"href":"https:\/\/lospoliticosveracruz.com\/index.php?rest_route=\/wp\/v2\/users\/2"}],"replies":[{"embeddable":true,"href":"https:\/\/lospoliticosveracruz.com\/index.php?rest_route=%2Fwp%2Fv2%2Fcomments&post=77453"}],"version-history":[{"count":1,"href":"https:\/\/lospoliticosveracruz.com\/index.php?rest_route=\/wp\/v2\/posts\/77453\/revisions"}],"predecessor-version":[{"id":77455,"href":"https:\/\/lospoliticosveracruz.com\/index.php?rest_route=\/wp\/v2\/posts\/77453\/revisions\/77455"}],"wp:attachment":[{"href":"https:\/\/lospoliticosveracruz.com\/index.php?rest_route=%2Fwp%2Fv2%2Fmedia&parent=77453"}],"wp:term":[{"taxonomy":"category","embeddable":true,"href":"https:\/\/lospoliticosveracruz.com\/index.php?rest_route=%2Fwp%2Fv2%2Fcategories&post=77453"},{"taxonomy":"post_tag","embeddable":true,"href":"https:\/\/lospoliticosveracruz.com\/index.php?rest_route=%2Fwp%2Fv2%2Ftags&post=77453"}],"curies":[{"name":"wp","href":"https:\/\/api.w.org\/{rel}","templated":true}]}}