{"id":77456,"date":"2021-08-02T08:19:15","date_gmt":"2021-08-02T13:19:15","guid":{"rendered":"http:\/\/www.lospoliticosveracruz.com.mx\/?p=77456"},"modified":"2021-08-02T08:19:23","modified_gmt":"2021-08-02T13:19:23","slug":"el-fracaso-anunciado","status":"publish","type":"post","link":"https:\/\/lospoliticosveracruz.com\/?p=77456","title":{"rendered":"El fracaso anunciado"},"content":{"rendered":"\n<p><strong>Omar Z\u00fa\u00f1iga<\/strong><\/p>\n\n\n\n<p><em>De Primera Mano Taj\u00edn<br><\/em><\/p>\n\n\n\n<p>Ayer domingo 1 de agosto tuvo lugar en M\u00e9xico la que quiz\u00e1 haya sido el peor derroche de recursos en su historia; 500 millones de pesos literalmente tirados a la basura.<br>Los simpatizantes de la famosa consulta para ver si el pueblo bueno y sabio quer\u00eda enjuiciar a los expresidentes de Carlos Salinas pa\u2019ac\u00e1 result\u00f3 en una verdadera tomada de pelo, dir\u00edan los antiguos, una vacilada, pues seg\u00fan los resultados Preliminares (PREP) anunciados por el INE, la participaci\u00f3n fue de entre 7.07 y 8.74 por ciento del Padr\u00f3n Electoral (se necesita por ley el 40 por ciento de participaci\u00f3n para que sea vinculante y ahorita trataremos de explicarlo) de esta magra participaci\u00f3n pr\u00e1cticamente el 100 por ciento se fueron por el \u201cS\u00ed\u201d, el porcentaje llegar\u00eda al 96.3 por ciento.<br>Un 1.6 por el \u201cNo\u201d y casi el 10 por ciento de votos nulos\u2026., si estas cifras no representaran una tragedia por el derroche millonario de recursos p\u00fablicos, ser\u00edan para morir de risa.<br>Pues bien, estos n\u00fameros, para variar, tuvieron sus bemoles, pues circulan al menos dos videos uno presuntamente en Jalisco y el otro en Orizaba, concretamente en la Secundaria T\u00e9cnica 4, antes 48, donde se observa la burda maniobra de relleno de urnas y que se observa en estas ligas <strong><em><a href=\"https:\/\/youtu.be\/s6JT3_QnECE https:\/\/youtu.be\/lOOeD2gymG0\">https:\/\/youtu.be\/s6JT3_QnECE https:\/\/youtu.be\/lOOeD2gymG0<\/a><\/em><\/strong>.<br>Cu\u00e1l es el inter\u00e9s de quien orden\u00f3 esta consulta, si como titular del Ejecutivo Federal tiene la potestad de presentar las pruebas que haya descubierto producto de las auditor\u00edas que se realizaron, ante la Fiscal\u00eda General de la Rep\u00fablica y esta act\u00fae en consecuencia.<br>No tiene problemas de legitimizaci\u00f3n para emprenderla contra sus antecesores, por el contrario, \u00bfentonces qu\u00e9 es? \u00bfmiedo? \u00bfpactos previos? \u00bfconcertaciones?<br>Si hay elementos y los otros la deben, \u00a1que paguen!, pero el discurso oficial, no por justo y bien trovado, deja de ser puro cuento.<br>La demagogia a su m\u00e1xima expresi\u00f3n aparejada de un derroche de recursos escandaloso, que bien se pudieron aplicar a comprar medicamentos contra el c\u00e1ncer a menores y otros grupos vulnerables que buena falta hace.<br>Por el lado de la vinculaci\u00f3n de la consulta con la aplicaci\u00f3n de la ley, tan simple es que la justicia no se consulta se ejecuta y ya, peeeeero, (el odios\u00edsimo `pero\u00b4 que a nadie gusta) en el supuesto de que se hubiera llegado al 40 por ciento de participaci\u00f3n del Padr\u00f3n\u2026 \u00bfa qu\u00e9 hubiera vinculado?, si la misma Suprema Corte (con todo y Zald\u00edvar) debi\u00f3 modificar la pregunta original enviada por el Ejecutivo por considerarla inconstitucional y qued\u00f3 en una pregunta que nadie entiende, pero que al hablar del pasado, el pasado tambi\u00e9n fue ayer y que no se les olvide a quienes hoy detentan el poder, que los carniceros de hoy, invariablemente, ser\u00e1n las reses de ma\u00f1ana\u2026<br>(N de la R\u2026, antes de que las hordas desenfrenadas simpatizantes del se\u00f1or jefe de las instituciones se vuelquen contra el INE, se les recuerda que fue esta instituci\u00f3n quien organiz\u00f3 la elecci\u00f3n del 6 de junio y dio el aval a la aplastante mayor\u00eda de Morena)<br>Dir\u00eda el fil\u00f3sofo de Ju\u00e1rez\u2026, pero qu\u00e9 necesidad.<\/p>\n\n\n\n<p>**<\/p>\n\n\n\n<p>Para documentar el optimismo, el Orfis en una actitud valiente, floja, pero valiente pues acaban de revisar la Cuenta P\u00fablica del 2019, y que no puede dejar de comentarse es que el \u00d3rgano de Fiscalizaci\u00f3n Superior detect\u00f3 irregularidades en la Universidad Veracruzana por primera ocasi\u00f3n desde 2002, es decir, unos 17 a\u00f1os que trascienden a cuatro gobernadores (Miguel Alem\u00e1n, Fidel Herrera, Javier Duarte y Miguel Angel Yunes) y dos rectores (V\u00edctor Arredondo y Ra\u00fal Arias Lovillo), y deja muy mal parada a Sarita (y no la de Jos\u00e9 Jos\u00e9) sino Ladr\u00f3n, pues aunados la vox populi y estas observaciones, no deben tenerla muy contenta que digamos.<br>Ahora hay que esperar lo que le depare la cuenta del 2020, pues aunque su periodo termine el pr\u00f3ximo 31 de agosto, la responsabilidad persiste\u2026<\/p>\n\n\n\n<p>Por cierto\u2026, \u00bfporqu\u00e9 no vot\u00f3 el presidente..?<\/p>\n\n\n\n<p>\u00a1Qu\u00e9 barbaridad!<br>deprimera.mano2020@gmail.com<\/p>\n","protected":false},"excerpt":{"rendered":"<p>Omar Z\u00fa\u00f1iga De Primera Mano Taj\u00edn Ayer domingo 1 de agosto tuvo lugar en M\u00e9xico la que quiz\u00e1 haya sido el peor derroche de recursos en su historia; 500 millones de pesos literalmente tirados a la basura.Los simpatizantes de la famosa consulta para ver si el pueblo bueno y sabio quer\u00eda enjuiciar a los expresidentes [&hellip;]<\/p>\n","protected":false},"author":2,"featured_media":0,"comment_status":"closed","ping_status":"closed","sticky":false,"template":"","format":"standard","meta":{"tdm_status":"","tdm_grid_status":"","footnotes":""},"categories":[70],"tags":[14239,554,1026,28705,135,5346,2807],"class_list":{"0":"post-77456","1":"post","2":"type-post","3":"status-publish","4":"format-standard","6":"category-de-opinion","7":"tag-consulta-popular","8":"tag-ine","9":"tag-morena","10":"tag-omar-zuniga","11":"tag-orfis","12":"tag-padron-electoral","13":"tag-prep"},"yoast_head":"<!-- This site is optimized with the Yoast SEO plugin v27.4 - https:\/\/yoast.com\/product\/yoast-seo-wordpress\/ -->\n<title>El fracaso anunciado - Los pol\u00edticos Veracruz<\/title>\n<meta name=\"robots\" content=\"index, follow, max-snippet:-1, max-image-preview:large, max-video-preview:-1\" \/>\n<link rel=\"canonical\" href=\"https:\/\/lospoliticosveracruz.com\/?p=77456\" \/>\n<meta property=\"og:locale\" content=\"es_ES\" \/>\n<meta property=\"og:type\" content=\"article\" \/>\n<meta property=\"og:title\" content=\"El fracaso anunciado - Los pol\u00edticos Veracruz\" \/>\n<meta property=\"og:description\" content=\"Omar Z\u00fa\u00f1iga De Primera Mano Taj\u00edn Ayer domingo 1 de agosto tuvo lugar en M\u00e9xico la que quiz\u00e1 haya sido el peor derroche de recursos en su historia; 500 millones de pesos literalmente tirados a la basura.Los simpatizantes de la famosa consulta para ver si el pueblo bueno y sabio quer\u00eda enjuiciar a los expresidentes [&hellip;]\" \/>\n<meta property=\"og:url\" content=\"https:\/\/lospoliticosveracruz.com\/?p=77456\" \/>\n<meta property=\"og:site_name\" content=\"Los pol\u00edticos Veracruz\" \/>\n<meta property=\"article:publisher\" content=\"https:\/\/www.facebook.com\/people\/Notimemes-de-los-Polticos\/61565672886568\/\" \/>\n<meta property=\"article:published_time\" content=\"2021-08-02T13:19:15+00:00\" \/>\n<meta property=\"article:modified_time\" content=\"2021-08-02T13:19:23+00:00\" \/>\n<meta property=\"og:image\" content=\"https:\/\/lospoliticosveracruz.com\/wp-content\/uploads\/2016\/07\/Logo-Dor.jpg\" \/>\n\t<meta property=\"og:image:width\" content=\"200\" \/>\n\t<meta property=\"og:image:height\" content=\"200\" \/>\n\t<meta property=\"og:image:type\" content=\"image\/jpeg\" \/>\n<meta name=\"author\" content=\"Lo viste en Los Pol\u00edticos\" \/>\n<meta name=\"twitter:card\" content=\"summary_large_image\" \/>\n<meta name=\"twitter:creator\" content=\"@LosPoliticosVer\" \/>\n<meta name=\"twitter:site\" content=\"@LosPoliticosVer\" \/>\n<meta name=\"twitter:label1\" content=\"Escrito por\" \/>\n\t<meta name=\"twitter:data1\" content=\"Lo viste en Los Pol\u00edticos\" \/>\n\t<meta name=\"twitter:label2\" content=\"Tiempo de lectura\" \/>\n\t<meta name=\"twitter:data2\" content=\"4 minutos\" \/>\n<script type=\"application\/ld+json\" class=\"yoast-schema-graph\">{\"@context\":\"https:\\\/\\\/schema.org\",\"@graph\":[{\"@type\":\"Article\",\"@id\":\"https:\\\/\\\/lospoliticosveracruz.com\\\/?p=77456#article\",\"isPartOf\":{\"@id\":\"https:\\\/\\\/lospoliticosveracruz.com\\\/?p=77456\"},\"author\":{\"name\":\"Lo viste en Los Pol\u00edticos\",\"@id\":\"https:\\\/\\\/lospoliticosveracruz.com\\\/#\\\/schema\\\/person\\\/b8702bb0e538456e6efd07080bf2a4a2\"},\"headline\":\"El fracaso anunciado\",\"datePublished\":\"2021-08-02T13:19:15+00:00\",\"dateModified\":\"2021-08-02T13:19:23+00:00\",\"mainEntityOfPage\":{\"@id\":\"https:\\\/\\\/lospoliticosveracruz.com\\\/?p=77456\"},\"wordCount\":706,\"publisher\":{\"@id\":\"https:\\\/\\\/lospoliticosveracruz.com\\\/#organization\"},\"keywords\":[\"Consulta Popular\",\"INE\",\"Morena\",\"Omar Z\u00fa\u00f1iga\",\"Orfis\",\"Padr\u00f3n electoral\",\"PREP\"],\"articleSection\":[\"De Opini\u00f3n\"],\"inLanguage\":\"es\"},{\"@type\":\"WebPage\",\"@id\":\"https:\\\/\\\/lospoliticosveracruz.com\\\/?p=77456\",\"url\":\"https:\\\/\\\/lospoliticosveracruz.com\\\/?p=77456\",\"name\":\"El fracaso anunciado - Los pol\u00edticos Veracruz\",\"isPartOf\":{\"@id\":\"https:\\\/\\\/lospoliticosveracruz.com\\\/#website\"},\"datePublished\":\"2021-08-02T13:19:15+00:00\",\"dateModified\":\"2021-08-02T13:19:23+00:00\",\"breadcrumb\":{\"@id\":\"https:\\\/\\\/lospoliticosveracruz.com\\\/?p=77456#breadcrumb\"},\"inLanguage\":\"es\",\"potentialAction\":[{\"@type\":\"ReadAction\",\"target\":[\"https:\\\/\\\/lospoliticosveracruz.com\\\/?p=77456\"]}]},{\"@type\":\"BreadcrumbList\",\"@id\":\"https:\\\/\\\/lospoliticosveracruz.com\\\/?p=77456#breadcrumb\",\"itemListElement\":[{\"@type\":\"ListItem\",\"position\":1,\"name\":\"Portada\",\"item\":\"https:\\\/\\\/lospoliticosveracruz.com\\\/\"},{\"@type\":\"ListItem\",\"position\":2,\"name\":\"El fracaso anunciado\"}]},{\"@type\":\"WebSite\",\"@id\":\"https:\\\/\\\/lospoliticosveracruz.com\\\/#website\",\"url\":\"https:\\\/\\\/lospoliticosveracruz.com\\\/\",\"name\":\"Los pol\u00edticos Veracruz\",\"description\":\"\",\"publisher\":{\"@id\":\"https:\\\/\\\/lospoliticosveracruz.com\\\/#organization\"},\"potentialAction\":[{\"@type\":\"SearchAction\",\"target\":{\"@type\":\"EntryPoint\",\"urlTemplate\":\"https:\\\/\\\/lospoliticosveracruz.com\\\/?s={search_term_string}\"},\"query-input\":{\"@type\":\"PropertyValueSpecification\",\"valueRequired\":true,\"valueName\":\"search_term_string\"}}],\"inLanguage\":\"es\"},{\"@type\":\"Organization\",\"@id\":\"https:\\\/\\\/lospoliticosveracruz.com\\\/#organization\",\"name\":\"Los pol\u00edticos Veracruz\",\"url\":\"https:\\\/\\\/lospoliticosveracruz.com\\\/\",\"logo\":{\"@type\":\"ImageObject\",\"inLanguage\":\"es\",\"@id\":\"https:\\\/\\\/lospoliticosveracruz.com\\\/#\\\/schema\\\/logo\\\/image\\\/\",\"url\":\"https:\\\/\\\/lospoliticosveracruz.com\\\/wp-content\\\/uploads\\\/2025\\\/12\\\/Logo-Nuevo-LOS-POLITICOS-1.jpg\",\"contentUrl\":\"https:\\\/\\\/lospoliticosveracruz.com\\\/wp-content\\\/uploads\\\/2025\\\/12\\\/Logo-Nuevo-LOS-POLITICOS-1.jpg\",\"width\":260,\"height\":70,\"caption\":\"Los pol\u00edticos Veracruz\"},\"image\":{\"@id\":\"https:\\\/\\\/lospoliticosveracruz.com\\\/#\\\/schema\\\/logo\\\/image\\\/\"},\"sameAs\":[\"https:\\\/\\\/www.facebook.com\\\/people\\\/Notimemes-de-los-Polticos\\\/61565672886568\\\/\",\"https:\\\/\\\/x.com\\\/LosPoliticosVer\"]},{\"@type\":\"Person\",\"@id\":\"https:\\\/\\\/lospoliticosveracruz.com\\\/#\\\/schema\\\/person\\\/b8702bb0e538456e6efd07080bf2a4a2\",\"name\":\"Lo viste en Los Pol\u00edticos\",\"image\":{\"@type\":\"ImageObject\",\"inLanguage\":\"es\",\"@id\":\"https:\\\/\\\/secure.gravatar.com\\\/avatar\\\/3a8de04a2656d44082be478bd6c086daa447c4651605818287b9532d3d0bd435?s=96&d=mm&r=g\",\"url\":\"https:\\\/\\\/secure.gravatar.com\\\/avatar\\\/3a8de04a2656d44082be478bd6c086daa447c4651605818287b9532d3d0bd435?s=96&d=mm&r=g\",\"contentUrl\":\"https:\\\/\\\/secure.gravatar.com\\\/avatar\\\/3a8de04a2656d44082be478bd6c086daa447c4651605818287b9532d3d0bd435?s=96&d=mm&r=g\",\"caption\":\"Lo viste en Los Pol\u00edticos\"},\"url\":\"https:\\\/\\\/lospoliticosveracruz.com\\\/?author=2\"}]}<\/script>\n<!-- \/ Yoast SEO plugin. -->","yoast_head_json":{"title":"El fracaso anunciado - Los pol\u00edticos Veracruz","robots":{"index":"index","follow":"follow","max-snippet":"max-snippet:-1","max-image-preview":"max-image-preview:large","max-video-preview":"max-video-preview:-1"},"canonical":"https:\/\/lospoliticosveracruz.com\/?p=77456","og_locale":"es_ES","og_type":"article","og_title":"El fracaso anunciado - Los pol\u00edticos Veracruz","og_description":"Omar Z\u00fa\u00f1iga De Primera Mano Taj\u00edn Ayer domingo 1 de agosto tuvo lugar en M\u00e9xico la que quiz\u00e1 haya sido el peor derroche de recursos en su historia; 500 millones de pesos literalmente tirados a la basura.Los simpatizantes de la famosa consulta para ver si el pueblo bueno y sabio quer\u00eda enjuiciar a los expresidentes [&hellip;]","og_url":"https:\/\/lospoliticosveracruz.com\/?p=77456","og_site_name":"Los pol\u00edticos Veracruz","article_publisher":"https:\/\/www.facebook.com\/people\/Notimemes-de-los-Polticos\/61565672886568\/","article_published_time":"2021-08-02T13:19:15+00:00","article_modified_time":"2021-08-02T13:19:23+00:00","og_image":[{"width":200,"height":200,"url":"https:\/\/lospoliticosveracruz.com\/wp-content\/uploads\/2016\/07\/Logo-Dor.jpg","type":"image\/jpeg"}],"author":"Lo viste en Los Pol\u00edticos","twitter_card":"summary_large_image","twitter_creator":"@LosPoliticosVer","twitter_site":"@LosPoliticosVer","twitter_misc":{"Escrito por":"Lo viste en Los Pol\u00edticos","Tiempo de lectura":"4 minutos"},"schema":{"@context":"https:\/\/schema.org","@graph":[{"@type":"Article","@id":"https:\/\/lospoliticosveracruz.com\/?p=77456#article","isPartOf":{"@id":"https:\/\/lospoliticosveracruz.com\/?p=77456"},"author":{"name":"Lo viste en Los Pol\u00edticos","@id":"https:\/\/lospoliticosveracruz.com\/#\/schema\/person\/b8702bb0e538456e6efd07080bf2a4a2"},"headline":"El fracaso anunciado","datePublished":"2021-08-02T13:19:15+00:00","dateModified":"2021-08-02T13:19:23+00:00","mainEntityOfPage":{"@id":"https:\/\/lospoliticosveracruz.com\/?p=77456"},"wordCount":706,"publisher":{"@id":"https:\/\/lospoliticosveracruz.com\/#organization"},"keywords":["Consulta Popular","INE","Morena","Omar Z\u00fa\u00f1iga","Orfis","Padr\u00f3n electoral","PREP"],"articleSection":["De Opini\u00f3n"],"inLanguage":"es"},{"@type":"WebPage","@id":"https:\/\/lospoliticosveracruz.com\/?p=77456","url":"https:\/\/lospoliticosveracruz.com\/?p=77456","name":"El fracaso anunciado - Los pol\u00edticos Veracruz","isPartOf":{"@id":"https:\/\/lospoliticosveracruz.com\/#website"},"datePublished":"2021-08-02T13:19:15+00:00","dateModified":"2021-08-02T13:19:23+00:00","breadcrumb":{"@id":"https:\/\/lospoliticosveracruz.com\/?p=77456#breadcrumb"},"inLanguage":"es","potentialAction":[{"@type":"ReadAction","target":["https:\/\/lospoliticosveracruz.com\/?p=77456"]}]},{"@type":"BreadcrumbList","@id":"https:\/\/lospoliticosveracruz.com\/?p=77456#breadcrumb","itemListElement":[{"@type":"ListItem","position":1,"name":"Portada","item":"https:\/\/lospoliticosveracruz.com\/"},{"@type":"ListItem","position":2,"name":"El fracaso anunciado"}]},{"@type":"WebSite","@id":"https:\/\/lospoliticosveracruz.com\/#website","url":"https:\/\/lospoliticosveracruz.com\/","name":"Los pol\u00edticos Veracruz","description":"","publisher":{"@id":"https:\/\/lospoliticosveracruz.com\/#organization"},"potentialAction":[{"@type":"SearchAction","target":{"@type":"EntryPoint","urlTemplate":"https:\/\/lospoliticosveracruz.com\/?s={search_term_string}"},"query-input":{"@type":"PropertyValueSpecification","valueRequired":true,"valueName":"search_term_string"}}],"inLanguage":"es"},{"@type":"Organization","@id":"https:\/\/lospoliticosveracruz.com\/#organization","name":"Los pol\u00edticos Veracruz","url":"https:\/\/lospoliticosveracruz.com\/","logo":{"@type":"ImageObject","inLanguage":"es","@id":"https:\/\/lospoliticosveracruz.com\/#\/schema\/logo\/image\/","url":"https:\/\/lospoliticosveracruz.com\/wp-content\/uploads\/2025\/12\/Logo-Nuevo-LOS-POLITICOS-1.jpg","contentUrl":"https:\/\/lospoliticosveracruz.com\/wp-content\/uploads\/2025\/12\/Logo-Nuevo-LOS-POLITICOS-1.jpg","width":260,"height":70,"caption":"Los pol\u00edticos Veracruz"},"image":{"@id":"https:\/\/lospoliticosveracruz.com\/#\/schema\/logo\/image\/"},"sameAs":["https:\/\/www.facebook.com\/people\/Notimemes-de-los-Polticos\/61565672886568\/","https:\/\/x.com\/LosPoliticosVer"]},{"@type":"Person","@id":"https:\/\/lospoliticosveracruz.com\/#\/schema\/person\/b8702bb0e538456e6efd07080bf2a4a2","name":"Lo viste en Los Pol\u00edticos","image":{"@type":"ImageObject","inLanguage":"es","@id":"https:\/\/secure.gravatar.com\/avatar\/3a8de04a2656d44082be478bd6c086daa447c4651605818287b9532d3d0bd435?s=96&d=mm&r=g","url":"https:\/\/secure.gravatar.com\/avatar\/3a8de04a2656d44082be478bd6c086daa447c4651605818287b9532d3d0bd435?s=96&d=mm&r=g","contentUrl":"https:\/\/secure.gravatar.com\/avatar\/3a8de04a2656d44082be478bd6c086daa447c4651605818287b9532d3d0bd435?s=96&d=mm&r=g","caption":"Lo viste en Los Pol\u00edticos"},"url":"https:\/\/lospoliticosveracruz.com\/?author=2"}]}},"_links":{"self":[{"href":"https:\/\/lospoliticosveracruz.com\/index.php?rest_route=\/wp\/v2\/posts\/77456","targetHints":{"allow":["GET"]}}],"collection":[{"href":"https:\/\/lospoliticosveracruz.com\/index.php?rest_route=\/wp\/v2\/posts"}],"about":[{"href":"https:\/\/lospoliticosveracruz.com\/index.php?rest_route=\/wp\/v2\/types\/post"}],"author":[{"embeddable":true,"href":"https:\/\/lospoliticosveracruz.com\/index.php?rest_route=\/wp\/v2\/users\/2"}],"replies":[{"embeddable":true,"href":"https:\/\/lospoliticosveracruz.com\/index.php?rest_route=%2Fwp%2Fv2%2Fcomments&post=77456"}],"version-history":[{"count":1,"href":"https:\/\/lospoliticosveracruz.com\/index.php?rest_route=\/wp\/v2\/posts\/77456\/revisions"}],"predecessor-version":[{"id":77458,"href":"https:\/\/lospoliticosveracruz.com\/index.php?rest_route=\/wp\/v2\/posts\/77456\/revisions\/77458"}],"wp:attachment":[{"href":"https:\/\/lospoliticosveracruz.com\/index.php?rest_route=%2Fwp%2Fv2%2Fmedia&parent=77456"}],"wp:term":[{"taxonomy":"category","embeddable":true,"href":"https:\/\/lospoliticosveracruz.com\/index.php?rest_route=%2Fwp%2Fv2%2Fcategories&post=77456"},{"taxonomy":"post_tag","embeddable":true,"href":"https:\/\/lospoliticosveracruz.com\/index.php?rest_route=%2Fwp%2Fv2%2Ftags&post=77456"}],"curies":[{"name":"wp","href":"https:\/\/api.w.org\/{rel}","templated":true}]}}