{"id":77577,"date":"2021-08-04T07:49:59","date_gmt":"2021-08-04T12:49:59","guid":{"rendered":"http:\/\/www.lospoliticosveracruz.com.mx\/?p=77577"},"modified":"2021-08-04T07:50:03","modified_gmt":"2021-08-04T12:50:03","slug":"tiene-hijos","status":"publish","type":"post","link":"https:\/\/lospoliticosveracruz.com\/?p=77577","title":{"rendered":"\u00bfTiene hijos?"},"content":{"rendered":"\n<p><strong>Salvador Mu\u00f1oz<\/strong><\/p>\n\n\n\n<p><em>Los Pol\u00edticos<br><\/em><\/p>\n\n\n\n<p>\u00bfTiene hijos en edad escolar? \u00bfk\u00ednder, primaria, secundaria, bachillerato? \u00bfCree que el hecho de tenerlos genere en el regreso a clases una percepci\u00f3n diferente a quienes no los tienen? Por supuesto que estoy ubicando el tema en un momento en que hablan de sem\u00e1foro rojo, de variantes en la Covid que lo hacen m\u00e1s potente, y cuando a m\u00e1s de a\u00f1o y medio de vivir entre protocolos sanitarios, los contagios se han incrementado.<\/p>\n\n\n\n<div class=\"wp-block-image\"><figure class=\"alignleft size-large\"><a href=\"http:\/\/www.lospoliticosveracruz.com.mx\/wp-content\/uploads\/2021\/08\/WhatsApp-Image-2021-08-02-at-12.46.36.jpeg\"><img decoding=\"async\" src=\"http:\/\/www.lospoliticosveracruz.com.mx\/wp-content\/uploads\/2021\/08\/WhatsApp-Image-2021-08-02-at-12.46.36.jpeg\" alt=\"\" class=\"wp-image-77480\"\/><\/a><\/figure><\/div>\n\n\n\n<p><br>La siguiente pregunta obligada es: \u00bfPiensa \u201cmandar\u201d a sus hijos a clases presenciales en el pr\u00f3ximo ciclo escolar a finales de este mes que corre?<br>Si es as\u00ed, \u00bfle exigir\u00e1 a la escuela que aplique los protocolos requeridos que van desde el tapete sanitizante, uso de gel, cubrebocas, toma de temperatura, sana distancia, constancia de vacunaci\u00f3n a todo aqu\u00e9l que ingrese al plantel?<br>Pero p\u00f3ngase del otro lado del asunto\u2026 en los zapatos de los maestros\u2026 \u00bfqui\u00e9n se va a encargar de suministrar de todos los aditamentos propios que requiere la sanitizaci\u00f3n en la escuela? \u00bfLa SEV? \u00bflos directivos del plantel? \u00bfla sociedad de padres de familia? \u00bfTodos?<br>Lo que dice la SEV es que aportar\u00e1 24 mil kits para el mismo n\u00famero de escuelas. Dice que cada kit tiene 20 litros de gel antibacterial, cinco galones de cloro, 20 litros de jab\u00f3n para manos, una bomba sanitizante de cinco litros, un term\u00f3metro y un manual sanitario escolar Covid-19.<br>La noticia es buena\u2026 aunque igual se debe de tomar en cuenta que cada plantel es un universo donde se mueve distinta cantidad de alumnos, docentes, diferente infraestructura, por lo que el kit que anuncia la SEV bien puede resultar c\u00f3modo para una escuela como insuficiente para otra\u2026<br>La SEV habla de 102 escuelas que carecen de servicios de agua y electricidad. Que ya se est\u00e1 trabajando en ello. Por otro lado, el diputado electo Miguel Hermida tiene otros datos adem\u00e1s de los planteles citados por la secretar\u00eda: se tiene el reporte de robo en al menos 62 planteles escolares, algunos de ellos en reiteradas ocasiones. Agregue que las escuelas con a\u00f1o y medio de haber permanecido cerradas, sin funciones, en estricto apego a la realidad, se encuentran abandonadas con excepci\u00f3n las que funcionaron para vacunaci\u00f3n o para las elecciones.<br>El diputado electo Miguel Hermida plantea tambi\u00e9n un nuevo escenario: habla de que muchos padres de familia sacaron de escuelas privadas a sus hijos y los inscribieron en p\u00fablicas, lo que igual debe tomarse en cuenta antes de que el gober o el secretario de Educaci\u00f3n o el mismo presidente hagan del regreso a clases un decretazo.<br>Un dato m\u00e1s: al \u201cmandar\u201d a los hijos a la escuela conlleva diversas reacciones, entre ellas, la tambi\u00e9n \u201creactivaci\u00f3n normal\u201d en los centros laborales, sea cuales fueren, desde la burocracia en su totalidad hasta en la iniciativa privada porque \u00bfqu\u00e9 van a hacer los padres y las madres en casa si ya no tienen a qui\u00e9n cuidar o vigilar en las clases a distancia? Es evidente que el regreso a clases es sin\u00f3nimo del regreso \u201ca la normalidad\u201d sin que haya alguna autoridad que lo diga porque s\u00f3lo imagine que a finales de agosto, vuelven a las aulas m\u00e1s de 137 mil maestros, adem\u00e1s de administrativos, personal de intendencia y proveedores de escuelas\u2026 habr\u00e1 que ver de qu\u00e9 color le quieran poner al sem\u00e1foro a finales de este mes nuestras autoridades\u2026<br>Una \u00faltima pregunta, a usted, padre de familia\u2026 si regresa su hijo o hijos a clases, \u00bfusted va a firmar la responsiva por si acaso el ni\u00f1o o la ni\u00f1a se enferman? Digo\u2026 es pregunta\u2026 pi\u00e9nselo, faltan d\u00edas para que llegue el fin de mes\u2026<\/p>\n\n\n\n<p>smcainito@gmail.com<\/p>\n","protected":false},"excerpt":{"rendered":"<p>Salvador Mu\u00f1oz Los Pol\u00edticos \u00bfTiene hijos en edad escolar? \u00bfk\u00ednder, primaria, secundaria, bachillerato? \u00bfCree que el hecho de tenerlos genere en el regreso a clases una percepci\u00f3n diferente a quienes no los tienen? Por supuesto que estoy ubicando el tema en un momento en que hablan de sem\u00e1foro rojo, de variantes en la Covid que [&hellip;]<\/p>\n","protected":false},"author":2,"featured_media":0,"comment_status":"closed","ping_status":"closed","sticky":false,"template":"","format":"standard","meta":{"tdm_status":"","tdm_grid_status":"","footnotes":""},"categories":[70],"tags":[24197,25954,5899,2646,88],"class_list":{"0":"post-77577","1":"post","2":"type-post","3":"status-publish","4":"format-standard","6":"category-de-opinion","7":"tag-clases-presenciales","8":"tag-miguel-hermida","9":"tag-regreso-a-clases","10":"tag-salvador-munoz","11":"tag-sev"},"yoast_head":"<!-- This site is optimized with the Yoast SEO plugin v27.4 - https:\/\/yoast.com\/product\/yoast-seo-wordpress\/ -->\n<title>\u00bfTiene hijos? - Los pol\u00edticos Veracruz<\/title>\n<meta name=\"robots\" content=\"index, follow, max-snippet:-1, max-image-preview:large, max-video-preview:-1\" \/>\n<link rel=\"canonical\" href=\"https:\/\/lospoliticosveracruz.com\/?p=77577\" \/>\n<meta property=\"og:locale\" content=\"es_ES\" \/>\n<meta property=\"og:type\" content=\"article\" \/>\n<meta property=\"og:title\" content=\"\u00bfTiene hijos? - Los pol\u00edticos Veracruz\" \/>\n<meta property=\"og:description\" content=\"Salvador Mu\u00f1oz Los Pol\u00edticos \u00bfTiene hijos en edad escolar? \u00bfk\u00ednder, primaria, secundaria, bachillerato? \u00bfCree que el hecho de tenerlos genere en el regreso a clases una percepci\u00f3n diferente a quienes no los tienen? Por supuesto que estoy ubicando el tema en un momento en que hablan de sem\u00e1foro rojo, de variantes en la Covid que [&hellip;]\" \/>\n<meta property=\"og:url\" content=\"https:\/\/lospoliticosveracruz.com\/?p=77577\" \/>\n<meta property=\"og:site_name\" content=\"Los pol\u00edticos Veracruz\" \/>\n<meta property=\"article:publisher\" content=\"https:\/\/www.facebook.com\/people\/Notimemes-de-los-Polticos\/61565672886568\/\" \/>\n<meta property=\"article:published_time\" content=\"2021-08-04T12:49:59+00:00\" \/>\n<meta property=\"article:modified_time\" content=\"2021-08-04T12:50:03+00:00\" \/>\n<meta property=\"og:image\" content=\"http:\/\/www.lospoliticosveracruz.com.mx\/wp-content\/uploads\/2021\/08\/WhatsApp-Image-2021-08-02-at-12.46.36.jpeg\" \/>\n<meta name=\"author\" content=\"Lo viste en Los Pol\u00edticos\" \/>\n<meta name=\"twitter:card\" content=\"summary_large_image\" \/>\n<meta name=\"twitter:creator\" content=\"@LosPoliticosVer\" \/>\n<meta name=\"twitter:site\" content=\"@LosPoliticosVer\" \/>\n<meta name=\"twitter:label1\" content=\"Escrito por\" \/>\n\t<meta name=\"twitter:data1\" content=\"Lo viste en Los Pol\u00edticos\" \/>\n\t<meta name=\"twitter:label2\" content=\"Tiempo de lectura\" \/>\n\t<meta name=\"twitter:data2\" content=\"3 minutos\" \/>\n<script type=\"application\/ld+json\" class=\"yoast-schema-graph\">{\"@context\":\"https:\\\/\\\/schema.org\",\"@graph\":[{\"@type\":\"Article\",\"@id\":\"https:\\\/\\\/lospoliticosveracruz.com\\\/?p=77577#article\",\"isPartOf\":{\"@id\":\"https:\\\/\\\/lospoliticosveracruz.com\\\/?p=77577\"},\"author\":{\"name\":\"Lo viste en Los Pol\u00edticos\",\"@id\":\"https:\\\/\\\/lospoliticosveracruz.com\\\/#\\\/schema\\\/person\\\/b8702bb0e538456e6efd07080bf2a4a2\"},\"headline\":\"\u00bfTiene hijos?\",\"datePublished\":\"2021-08-04T12:49:59+00:00\",\"dateModified\":\"2021-08-04T12:50:03+00:00\",\"mainEntityOfPage\":{\"@id\":\"https:\\\/\\\/lospoliticosveracruz.com\\\/?p=77577\"},\"wordCount\":647,\"publisher\":{\"@id\":\"https:\\\/\\\/lospoliticosveracruz.com\\\/#organization\"},\"image\":{\"@id\":\"https:\\\/\\\/lospoliticosveracruz.com\\\/?p=77577#primaryimage\"},\"thumbnailUrl\":\"http:\\\/\\\/www.lospoliticosveracruz.com.mx\\\/wp-content\\\/uploads\\\/2021\\\/08\\\/WhatsApp-Image-2021-08-02-at-12.46.36.jpeg\",\"keywords\":[\"clases presenciales\",\"Miguel Hermida\",\"Regreso a clases\",\"Salvador Mu\u00f1oz\",\"SEV\"],\"articleSection\":[\"De Opini\u00f3n\"],\"inLanguage\":\"es\"},{\"@type\":\"WebPage\",\"@id\":\"https:\\\/\\\/lospoliticosveracruz.com\\\/?p=77577\",\"url\":\"https:\\\/\\\/lospoliticosveracruz.com\\\/?p=77577\",\"name\":\"\u00bfTiene hijos? - Los pol\u00edticos Veracruz\",\"isPartOf\":{\"@id\":\"https:\\\/\\\/lospoliticosveracruz.com\\\/#website\"},\"primaryImageOfPage\":{\"@id\":\"https:\\\/\\\/lospoliticosveracruz.com\\\/?p=77577#primaryimage\"},\"image\":{\"@id\":\"https:\\\/\\\/lospoliticosveracruz.com\\\/?p=77577#primaryimage\"},\"thumbnailUrl\":\"http:\\\/\\\/www.lospoliticosveracruz.com.mx\\\/wp-content\\\/uploads\\\/2021\\\/08\\\/WhatsApp-Image-2021-08-02-at-12.46.36.jpeg\",\"datePublished\":\"2021-08-04T12:49:59+00:00\",\"dateModified\":\"2021-08-04T12:50:03+00:00\",\"breadcrumb\":{\"@id\":\"https:\\\/\\\/lospoliticosveracruz.com\\\/?p=77577#breadcrumb\"},\"inLanguage\":\"es\",\"potentialAction\":[{\"@type\":\"ReadAction\",\"target\":[\"https:\\\/\\\/lospoliticosveracruz.com\\\/?p=77577\"]}]},{\"@type\":\"ImageObject\",\"inLanguage\":\"es\",\"@id\":\"https:\\\/\\\/lospoliticosveracruz.com\\\/?p=77577#primaryimage\",\"url\":\"http:\\\/\\\/www.lospoliticosveracruz.com.mx\\\/wp-content\\\/uploads\\\/2021\\\/08\\\/WhatsApp-Image-2021-08-02-at-12.46.36.jpeg\",\"contentUrl\":\"http:\\\/\\\/www.lospoliticosveracruz.com.mx\\\/wp-content\\\/uploads\\\/2021\\\/08\\\/WhatsApp-Image-2021-08-02-at-12.46.36.jpeg\"},{\"@type\":\"BreadcrumbList\",\"@id\":\"https:\\\/\\\/lospoliticosveracruz.com\\\/?p=77577#breadcrumb\",\"itemListElement\":[{\"@type\":\"ListItem\",\"position\":1,\"name\":\"Portada\",\"item\":\"https:\\\/\\\/lospoliticosveracruz.com\\\/\"},{\"@type\":\"ListItem\",\"position\":2,\"name\":\"\u00bfTiene hijos?\"}]},{\"@type\":\"WebSite\",\"@id\":\"https:\\\/\\\/lospoliticosveracruz.com\\\/#website\",\"url\":\"https:\\\/\\\/lospoliticosveracruz.com\\\/\",\"name\":\"Los pol\u00edticos Veracruz\",\"description\":\"\",\"publisher\":{\"@id\":\"https:\\\/\\\/lospoliticosveracruz.com\\\/#organization\"},\"potentialAction\":[{\"@type\":\"SearchAction\",\"target\":{\"@type\":\"EntryPoint\",\"urlTemplate\":\"https:\\\/\\\/lospoliticosveracruz.com\\\/?s={search_term_string}\"},\"query-input\":{\"@type\":\"PropertyValueSpecification\",\"valueRequired\":true,\"valueName\":\"search_term_string\"}}],\"inLanguage\":\"es\"},{\"@type\":\"Organization\",\"@id\":\"https:\\\/\\\/lospoliticosveracruz.com\\\/#organization\",\"name\":\"Los pol\u00edticos Veracruz\",\"url\":\"https:\\\/\\\/lospoliticosveracruz.com\\\/\",\"logo\":{\"@type\":\"ImageObject\",\"inLanguage\":\"es\",\"@id\":\"https:\\\/\\\/lospoliticosveracruz.com\\\/#\\\/schema\\\/logo\\\/image\\\/\",\"url\":\"https:\\\/\\\/lospoliticosveracruz.com\\\/wp-content\\\/uploads\\\/2025\\\/12\\\/Logo-Nuevo-LOS-POLITICOS-1.jpg\",\"contentUrl\":\"https:\\\/\\\/lospoliticosveracruz.com\\\/wp-content\\\/uploads\\\/2025\\\/12\\\/Logo-Nuevo-LOS-POLITICOS-1.jpg\",\"width\":260,\"height\":70,\"caption\":\"Los pol\u00edticos Veracruz\"},\"image\":{\"@id\":\"https:\\\/\\\/lospoliticosveracruz.com\\\/#\\\/schema\\\/logo\\\/image\\\/\"},\"sameAs\":[\"https:\\\/\\\/www.facebook.com\\\/people\\\/Notimemes-de-los-Polticos\\\/61565672886568\\\/\",\"https:\\\/\\\/x.com\\\/LosPoliticosVer\"]},{\"@type\":\"Person\",\"@id\":\"https:\\\/\\\/lospoliticosveracruz.com\\\/#\\\/schema\\\/person\\\/b8702bb0e538456e6efd07080bf2a4a2\",\"name\":\"Lo viste en Los Pol\u00edticos\",\"image\":{\"@type\":\"ImageObject\",\"inLanguage\":\"es\",\"@id\":\"https:\\\/\\\/secure.gravatar.com\\\/avatar\\\/3a8de04a2656d44082be478bd6c086daa447c4651605818287b9532d3d0bd435?s=96&d=mm&r=g\",\"url\":\"https:\\\/\\\/secure.gravatar.com\\\/avatar\\\/3a8de04a2656d44082be478bd6c086daa447c4651605818287b9532d3d0bd435?s=96&d=mm&r=g\",\"contentUrl\":\"https:\\\/\\\/secure.gravatar.com\\\/avatar\\\/3a8de04a2656d44082be478bd6c086daa447c4651605818287b9532d3d0bd435?s=96&d=mm&r=g\",\"caption\":\"Lo viste en Los Pol\u00edticos\"},\"url\":\"https:\\\/\\\/lospoliticosveracruz.com\\\/?author=2\"}]}<\/script>\n<!-- \/ Yoast SEO plugin. -->","yoast_head_json":{"title":"\u00bfTiene hijos? - Los pol\u00edticos Veracruz","robots":{"index":"index","follow":"follow","max-snippet":"max-snippet:-1","max-image-preview":"max-image-preview:large","max-video-preview":"max-video-preview:-1"},"canonical":"https:\/\/lospoliticosveracruz.com\/?p=77577","og_locale":"es_ES","og_type":"article","og_title":"\u00bfTiene hijos? - Los pol\u00edticos Veracruz","og_description":"Salvador Mu\u00f1oz Los Pol\u00edticos \u00bfTiene hijos en edad escolar? \u00bfk\u00ednder, primaria, secundaria, bachillerato? \u00bfCree que el hecho de tenerlos genere en el regreso a clases una percepci\u00f3n diferente a quienes no los tienen? Por supuesto que estoy ubicando el tema en un momento en que hablan de sem\u00e1foro rojo, de variantes en la Covid que [&hellip;]","og_url":"https:\/\/lospoliticosveracruz.com\/?p=77577","og_site_name":"Los pol\u00edticos Veracruz","article_publisher":"https:\/\/www.facebook.com\/people\/Notimemes-de-los-Polticos\/61565672886568\/","article_published_time":"2021-08-04T12:49:59+00:00","article_modified_time":"2021-08-04T12:50:03+00:00","og_image":[{"url":"http:\/\/www.lospoliticosveracruz.com.mx\/wp-content\/uploads\/2021\/08\/WhatsApp-Image-2021-08-02-at-12.46.36.jpeg","type":"","width":"","height":""}],"author":"Lo viste en Los Pol\u00edticos","twitter_card":"summary_large_image","twitter_creator":"@LosPoliticosVer","twitter_site":"@LosPoliticosVer","twitter_misc":{"Escrito por":"Lo viste en Los Pol\u00edticos","Tiempo de lectura":"3 minutos"},"schema":{"@context":"https:\/\/schema.org","@graph":[{"@type":"Article","@id":"https:\/\/lospoliticosveracruz.com\/?p=77577#article","isPartOf":{"@id":"https:\/\/lospoliticosveracruz.com\/?p=77577"},"author":{"name":"Lo viste en Los Pol\u00edticos","@id":"https:\/\/lospoliticosveracruz.com\/#\/schema\/person\/b8702bb0e538456e6efd07080bf2a4a2"},"headline":"\u00bfTiene hijos?","datePublished":"2021-08-04T12:49:59+00:00","dateModified":"2021-08-04T12:50:03+00:00","mainEntityOfPage":{"@id":"https:\/\/lospoliticosveracruz.com\/?p=77577"},"wordCount":647,"publisher":{"@id":"https:\/\/lospoliticosveracruz.com\/#organization"},"image":{"@id":"https:\/\/lospoliticosveracruz.com\/?p=77577#primaryimage"},"thumbnailUrl":"http:\/\/www.lospoliticosveracruz.com.mx\/wp-content\/uploads\/2021\/08\/WhatsApp-Image-2021-08-02-at-12.46.36.jpeg","keywords":["clases presenciales","Miguel Hermida","Regreso a clases","Salvador Mu\u00f1oz","SEV"],"articleSection":["De Opini\u00f3n"],"inLanguage":"es"},{"@type":"WebPage","@id":"https:\/\/lospoliticosveracruz.com\/?p=77577","url":"https:\/\/lospoliticosveracruz.com\/?p=77577","name":"\u00bfTiene hijos? - Los pol\u00edticos Veracruz","isPartOf":{"@id":"https:\/\/lospoliticosveracruz.com\/#website"},"primaryImageOfPage":{"@id":"https:\/\/lospoliticosveracruz.com\/?p=77577#primaryimage"},"image":{"@id":"https:\/\/lospoliticosveracruz.com\/?p=77577#primaryimage"},"thumbnailUrl":"http:\/\/www.lospoliticosveracruz.com.mx\/wp-content\/uploads\/2021\/08\/WhatsApp-Image-2021-08-02-at-12.46.36.jpeg","datePublished":"2021-08-04T12:49:59+00:00","dateModified":"2021-08-04T12:50:03+00:00","breadcrumb":{"@id":"https:\/\/lospoliticosveracruz.com\/?p=77577#breadcrumb"},"inLanguage":"es","potentialAction":[{"@type":"ReadAction","target":["https:\/\/lospoliticosveracruz.com\/?p=77577"]}]},{"@type":"ImageObject","inLanguage":"es","@id":"https:\/\/lospoliticosveracruz.com\/?p=77577#primaryimage","url":"http:\/\/www.lospoliticosveracruz.com.mx\/wp-content\/uploads\/2021\/08\/WhatsApp-Image-2021-08-02-at-12.46.36.jpeg","contentUrl":"http:\/\/www.lospoliticosveracruz.com.mx\/wp-content\/uploads\/2021\/08\/WhatsApp-Image-2021-08-02-at-12.46.36.jpeg"},{"@type":"BreadcrumbList","@id":"https:\/\/lospoliticosveracruz.com\/?p=77577#breadcrumb","itemListElement":[{"@type":"ListItem","position":1,"name":"Portada","item":"https:\/\/lospoliticosveracruz.com\/"},{"@type":"ListItem","position":2,"name":"\u00bfTiene hijos?"}]},{"@type":"WebSite","@id":"https:\/\/lospoliticosveracruz.com\/#website","url":"https:\/\/lospoliticosveracruz.com\/","name":"Los pol\u00edticos Veracruz","description":"","publisher":{"@id":"https:\/\/lospoliticosveracruz.com\/#organization"},"potentialAction":[{"@type":"SearchAction","target":{"@type":"EntryPoint","urlTemplate":"https:\/\/lospoliticosveracruz.com\/?s={search_term_string}"},"query-input":{"@type":"PropertyValueSpecification","valueRequired":true,"valueName":"search_term_string"}}],"inLanguage":"es"},{"@type":"Organization","@id":"https:\/\/lospoliticosveracruz.com\/#organization","name":"Los pol\u00edticos Veracruz","url":"https:\/\/lospoliticosveracruz.com\/","logo":{"@type":"ImageObject","inLanguage":"es","@id":"https:\/\/lospoliticosveracruz.com\/#\/schema\/logo\/image\/","url":"https:\/\/lospoliticosveracruz.com\/wp-content\/uploads\/2025\/12\/Logo-Nuevo-LOS-POLITICOS-1.jpg","contentUrl":"https:\/\/lospoliticosveracruz.com\/wp-content\/uploads\/2025\/12\/Logo-Nuevo-LOS-POLITICOS-1.jpg","width":260,"height":70,"caption":"Los pol\u00edticos Veracruz"},"image":{"@id":"https:\/\/lospoliticosveracruz.com\/#\/schema\/logo\/image\/"},"sameAs":["https:\/\/www.facebook.com\/people\/Notimemes-de-los-Polticos\/61565672886568\/","https:\/\/x.com\/LosPoliticosVer"]},{"@type":"Person","@id":"https:\/\/lospoliticosveracruz.com\/#\/schema\/person\/b8702bb0e538456e6efd07080bf2a4a2","name":"Lo viste en Los Pol\u00edticos","image":{"@type":"ImageObject","inLanguage":"es","@id":"https:\/\/secure.gravatar.com\/avatar\/3a8de04a2656d44082be478bd6c086daa447c4651605818287b9532d3d0bd435?s=96&d=mm&r=g","url":"https:\/\/secure.gravatar.com\/avatar\/3a8de04a2656d44082be478bd6c086daa447c4651605818287b9532d3d0bd435?s=96&d=mm&r=g","contentUrl":"https:\/\/secure.gravatar.com\/avatar\/3a8de04a2656d44082be478bd6c086daa447c4651605818287b9532d3d0bd435?s=96&d=mm&r=g","caption":"Lo viste en Los Pol\u00edticos"},"url":"https:\/\/lospoliticosveracruz.com\/?author=2"}]}},"_links":{"self":[{"href":"https:\/\/lospoliticosveracruz.com\/index.php?rest_route=\/wp\/v2\/posts\/77577","targetHints":{"allow":["GET"]}}],"collection":[{"href":"https:\/\/lospoliticosveracruz.com\/index.php?rest_route=\/wp\/v2\/posts"}],"about":[{"href":"https:\/\/lospoliticosveracruz.com\/index.php?rest_route=\/wp\/v2\/types\/post"}],"author":[{"embeddable":true,"href":"https:\/\/lospoliticosveracruz.com\/index.php?rest_route=\/wp\/v2\/users\/2"}],"replies":[{"embeddable":true,"href":"https:\/\/lospoliticosveracruz.com\/index.php?rest_route=%2Fwp%2Fv2%2Fcomments&post=77577"}],"version-history":[{"count":1,"href":"https:\/\/lospoliticosveracruz.com\/index.php?rest_route=\/wp\/v2\/posts\/77577\/revisions"}],"predecessor-version":[{"id":77578,"href":"https:\/\/lospoliticosveracruz.com\/index.php?rest_route=\/wp\/v2\/posts\/77577\/revisions\/77578"}],"wp:attachment":[{"href":"https:\/\/lospoliticosveracruz.com\/index.php?rest_route=%2Fwp%2Fv2%2Fmedia&parent=77577"}],"wp:term":[{"taxonomy":"category","embeddable":true,"href":"https:\/\/lospoliticosveracruz.com\/index.php?rest_route=%2Fwp%2Fv2%2Fcategories&post=77577"},{"taxonomy":"post_tag","embeddable":true,"href":"https:\/\/lospoliticosveracruz.com\/index.php?rest_route=%2Fwp%2Fv2%2Ftags&post=77577"}],"curies":[{"name":"wp","href":"https:\/\/api.w.org\/{rel}","templated":true}]}}