{"id":77588,"date":"2021-08-04T08:56:58","date_gmt":"2021-08-04T13:56:58","guid":{"rendered":"http:\/\/www.lospoliticosveracruz.com.mx\/?p=77588"},"modified":"2021-08-04T08:57:11","modified_gmt":"2021-08-04T13:57:11","slug":"el-voto-duro-de-morena","status":"publish","type":"post","link":"https:\/\/lospoliticosveracruz.com\/?p=77588","title":{"rendered":"El voto duro de Morena"},"content":{"rendered":"\n<p><strong>Ricardo Ch\u00faa<br><\/strong><em>Sale y Vale<\/em><\/p>\n\n\n\n<p>VOTOS DURO DE LA CONSULTA\u2026 En las reuniones que se han suscitado entre dirigentes de los partidos de oposici\u00f3n en Veracruz, despu\u00e9s de la consulta p\u00fablica del pasado domingo, han coincidido\u2026 Que el voto cautivo que tiene MORENA en la entidad veracruzana\u2026 Es de casi 600 mil votos, que fueron las personas que votaron en el refer\u00e9ndum del Juicio contra Ex Presidentes a favor de que los lleven a tribunales\u2026 Ya que no hay que buscarle mucho\u2026 Esas personas que votaron, en su mayor\u00eda, son militantes o simpatizantes de los Morenos\u2026<\/p>\n\n\n\n<div class=\"wp-block-image\"><figure class=\"alignleft size-large\"><a href=\"http:\/\/www.lospoliticosveracruz.com.mx\/wp-content\/uploads\/2021\/08\/WhatsApp-Image-2021-08-02-at-12.46.36.jpeg\"><img decoding=\"async\" src=\"http:\/\/www.lospoliticosveracruz.com.mx\/wp-content\/uploads\/2021\/08\/WhatsApp-Image-2021-08-02-at-12.46.36.jpeg\" alt=\"\" class=\"wp-image-77480\"\/><\/a><\/figure><\/div>\n\n\n\n<p><br>En estas reuniones a posteriori\u2026 Se puede se\u00f1alar que estos 600 mil votos son el \u00abVOTO DURO\u00bb que tiene este partido en el poder en Veracruz\u2026 Hay que recordar adem\u00e1s, que en 2016 cuando fue candidato a gobernador, Cuitl\u00e1huac Garc\u00eda, por primera vez con MORENA y que perdi\u00f3 la gubernatura contra Miguel \u00c1ngel Yunes Linares, del PAN\u2026 Son los votos que logr\u00f3 obtener el xalape\u00f1o hace 5 a\u00f1os\u2026 En aquella ocasi\u00f3n el priista, H\u00e9ctor Yunes, acus\u00f3 que esos 600 mil votos los logr\u00f3 Cuitl\u00e1huac con ayuda de Javier Duarte\u2026<br>Una situaci\u00f3n que nunca se logr\u00f3 comprobar\u2026 Pero tampoco desmentir\u2026 Sin embargo, de ah\u00ed para adelante, con o sin ayuda, MORENA creci\u00f3 electoralmente en Veracruz, en 2018, por el \u00abEfecto\u00bb L\u00f3pez Obrador\u2026 Qu\u00e9 fue lo que hizo que el Presidente obtuviera 2 millones de votos en la entidad\u2026 Que Rocio Nahle y Ricardo Ahued lograr\u00e1n un mill\u00f3n 800 votos al Senado y que Cuitl\u00e1huac tuviera un mill\u00f3n 600 mil votos para gobernador.. . Pero el tiempo pas\u00f3 y las \u00abaguas vuelven a la calma\u00bb y los 600 mil votos de la consulta, es lo real para los Morenos\u2026<br>Si bien es cierto\u2026 Dicen los opositores\u2026 MORENA los \u00abbarri\u00f3\u00bb en las elecciones locales\u2026 El n\u00famero de votos de MORENA baj\u00f3 en este 2021, creci\u00f3 el del PVEM y PT\u2026 Mientras que el PRI se mantuvo, el PRD creci\u00f3, Movimiento Ciudadano despunt\u00f3 electoralmente y el \u00fanico que cay\u00f3 fue el PAN\u2026 Pero cualitativamente, la oposici\u00f3n a Morenos creci\u00f3 en n\u00famero de votos\u2026 Ya que hubo distritos y municipios que MORENA los gan\u00f3 por ventaja m\u00ednima\u2026 No por una mayor\u00eda aplastante como fue en 2018\u2026.<br>La \u00ablectura\u00bb pol\u00edtica a todo esto es que por los 600 mil votos obtenidos en la Consulta P\u00fablica del domingo\u2026 Que son el \u00abvoto duro\u00bb de MORENA en Veracruz\u2026 Queda m\u00e1s que claro, que este partido en el poder, de aqu\u00ed en adelante, NECESITA DE ALIANZAS Y ACUERDOS para poder seguir gobernando y ganar elecciones\u2026 EL PVEM y el PT ser\u00e1n los partidos m\u00e1s caros para los gobernantes Morenos en el pa\u00eds\u2026 Ya que sin ellos, pues, no dar\u00e1n una\u2026 Sin sus votos pierden todo lo ganado\u2026 Tal como le pasa al PAN con el PRI\u2026<br>En pocas palabras, MORENA solo como partido, no gana nada\u2026 Requiere del PVEM, PT y congraciarse con Movimiento Ciudadano en Veracruz\u2026 Que los han tra\u00eddo de \u00abencargo\u00bb desde el tema del asesinato del ex candidato a la alcald\u00eda de Cazones de Herrera\u2026 Y si, esos 3 partidos deciden no ir en alianza con Cuitl\u00e1huac Garc\u00eda o MORENA\u2026 Estos 3 a\u00f1os venideros, el gobierno estatal y el Congreso Local podr\u00eda vivir una \u00abrevoluci\u00f3n\u00bb pol\u00edtica, que podr\u00eda verse reflejada en 2024\u2026 A MORENA lo tienen \u00abagarrado\u00bb\u2026<br>Ejemplos hay varios\u2026 Como en el caso del distrito electoral de Medell\u00edn de Bravo, donde gan\u00f3 su relecci\u00f3n como diputado local, Jos\u00e9 Magdaleno Rosales, por MORENA\u2026 Pero este personaje s\u00f3lo con los Morenos, hubiera perdido la elecci\u00f3n con Polo Deschamps\u2026 Si el PVEM hubiera jugado solo\u2026 Maleno Rosales perd\u00eda la diputaci\u00f3n\u2026 Y casos as\u00ed, hay m\u00e1s en 16 distritos en Veracruz\u2026 MORENA hubiera perdido sino hubiera ido en alianza con el \u00abVerde\u00bb\u2026<br>OJO\u2026 Este tema de los resultados de la Consulta P\u00fablica en Veracruz\u2026 \u00abEncarece\u00bb los acuerdos pol\u00edticos que vaya tener MORENA con los \u00abVerdes\u00bb que tiene bajo su resguardo, Javier Herrera Borunda, v\u00eda Manuel Velasco\u2026 Y m\u00e1s todav\u00eda si contin\u00faan en la idea de que Alberto Silva Ramos, ocupe la dirigencia estatal de este partido\u2026 Ellos 3 ser\u00e1n \u00abFACTOR DE DECISI\u00d3N\u00bb pol\u00edtica en el Estado para las elecciones locales del 2024 a gobernador\u2026 Sus votos ser\u00e1n necesarios si no MORENA no repite la gubernatura\u2026. TAN\u2026 TAN\u2026<\/p>\n\n\n\n<p>EL A\u00d1O DEL PRI\u2026 Ayer se cumple un a\u00f1o que Carlos Troncoso, sobrino de los extintos Polo y Tino Troncoso, priistas y rojos hasta los \u00abtu\u00e9tanos\u00bb, tiene a su cargo la presidencia municipal de este partido en el puerto\u2026. Y muchas cosas se han dicho al respecto, a favor y en contra\u2026 Pero gracias al disposici\u00f3n del PRI porte\u00f1o de ir en alianza con el PAN\u2026 Es que a\u00fan el panismo tiene en su poder el municipio de Veracruz\u2026 Y sobre todo que Patricia Lobeira es la alcaldesa electa\u2026 Por los votos que le dio el PRI\u2026<br>As\u00ed que la encomienda encargada a Carlos Troncoso en campa\u00f1a\u2026 De hacer lo que fuera para darle votos a la alianza, pues, fue cumplida\u2026 Tanto as\u00ed que esos votos son la diferencia ahora para que el PAN mantenga el triunfo en la alcald\u00eda\u2026 Que ahora se disputa en tribunales electorales federales\u2026 Ahora hay que ver que sucede con Troncoso y lo que hace con el PRI despu\u00e9s de esta elecci\u00f3n\u2026 Si hace lo necesario para crecer y puedan acceder a m\u00e1s espacios o se queda igual para depender de una alianza\u2026 La decisi\u00f3n est\u00e1 en sus manos\u2026 AMEN\u2026<\/p>\n\n\n\n<p>NO A CLASES PRESCENCIALES\u2026 As\u00ed como muchos diputados electos de MORENA se han \u00absubido al barco\u00bb medi\u00e1tico para ensalzar causa a favor de su partido o de sus gobernantes\u2026 Tambi\u00e9n los diputados locales electos que ser\u00e1n de oposici\u00f3n.. Ya tambi\u00e9n est\u00e1n inmersos en estos asuntos de gobierno y que son medi\u00e1ticos\u2026 Como es el caso de Miguel Hermida Copado, que se\u00f1al\u00f3 que en Veracruz no hay condiciones para el regreso a clases presenciales por el tema de los contagios del COVID\u2026<br>Obvio que los \u00abmameyazos\u00bb en contra no se hicieron esperar\u2026 Pero el argumento dado por el diputado es v\u00e1lido, que el gobierno estatal debe primero atender el sem\u00e1foro epidemiol\u00f3gico y luego ver el estado f\u00edsico en que se encuentran las escuelas\u2026 Una situaci\u00f3n que causa pol\u00e9mica pero que es parte de la lucha que tendr\u00e1n los pocos legisladores de oposici\u00f3n contra la inmensa mayor\u00eda del Congreso Local manejado por MORENA\u2026 El que tenga mejores argumentos y maneje las cosas con inteligencia\u2026 Ganara la batalla\u2026 ESTO YA COMENZ\u00d3\u2026<\/p>\n","protected":false},"excerpt":{"rendered":"<p>Ricardo Ch\u00faaSale y Vale VOTOS DURO DE LA CONSULTA\u2026 En las reuniones que se han suscitado entre dirigentes de los partidos de oposici\u00f3n en Veracruz, despu\u00e9s de la consulta p\u00fablica del pasado domingo, han coincidido\u2026 Que el voto cautivo que tiene MORENA en la entidad veracruzana\u2026 Es de casi 600 mil votos, que fueron las [&hellip;]<\/p>\n","protected":false},"author":2,"featured_media":0,"comment_status":"closed","ping_status":"closed","sticky":false,"template":"","format":"standard","meta":{"tdm_status":"","tdm_grid_status":"","footnotes":""},"categories":[70],"tags":[15692,1563,1124,14782,26718,28430,1026,29703,876,13604,195],"class_list":{"0":"post-77588","1":"post","2":"type-post","3":"status-publish","4":"format-standard","6":"category-de-opinion","7":"tag-carlos-troncoso","8":"tag-cuitlahuac-garcia-jimenez","9":"tag-javier-herrera-borunda","10":"tag-jose-magdaleno-rosales","11":"tag-miguel-angel-yunes-linares-2","12":"tag-miguel-hermida-copado","13":"tag-morena","14":"tag-partidos-de-oposicion","15":"tag-ricardo-ahued","16":"tag-ricardo-chua","17":"tag-veracruz"},"yoast_head":"<!-- This site is optimized with the Yoast SEO plugin v27.4 - https:\/\/yoast.com\/product\/yoast-seo-wordpress\/ -->\n<title>El voto duro de Morena - Los pol\u00edticos Veracruz<\/title>\n<meta name=\"robots\" content=\"index, follow, max-snippet:-1, max-image-preview:large, max-video-preview:-1\" \/>\n<link rel=\"canonical\" href=\"https:\/\/lospoliticosveracruz.com\/?p=77588\" \/>\n<meta property=\"og:locale\" content=\"es_ES\" \/>\n<meta property=\"og:type\" content=\"article\" \/>\n<meta property=\"og:title\" content=\"El voto duro de Morena - Los pol\u00edticos Veracruz\" \/>\n<meta property=\"og:description\" content=\"Ricardo Ch\u00faaSale y Vale VOTOS DURO DE LA CONSULTA\u2026 En las reuniones que se han suscitado entre dirigentes de los partidos de oposici\u00f3n en Veracruz, despu\u00e9s de la consulta p\u00fablica del pasado domingo, han coincidido\u2026 Que el voto cautivo que tiene MORENA en la entidad veracruzana\u2026 Es de casi 600 mil votos, que fueron las [&hellip;]\" \/>\n<meta property=\"og:url\" content=\"https:\/\/lospoliticosveracruz.com\/?p=77588\" \/>\n<meta property=\"og:site_name\" content=\"Los pol\u00edticos Veracruz\" \/>\n<meta property=\"article:publisher\" content=\"https:\/\/www.facebook.com\/people\/Notimemes-de-los-Polticos\/61565672886568\/\" \/>\n<meta property=\"article:published_time\" content=\"2021-08-04T13:56:58+00:00\" \/>\n<meta property=\"article:modified_time\" content=\"2021-08-04T13:57:11+00:00\" \/>\n<meta property=\"og:image\" content=\"http:\/\/www.lospoliticosveracruz.com.mx\/wp-content\/uploads\/2021\/08\/WhatsApp-Image-2021-08-02-at-12.46.36.jpeg\" \/>\n<meta name=\"author\" content=\"Lo viste en Los Pol\u00edticos\" \/>\n<meta name=\"twitter:card\" content=\"summary_large_image\" \/>\n<meta name=\"twitter:creator\" content=\"@LosPoliticosVer\" \/>\n<meta name=\"twitter:site\" content=\"@LosPoliticosVer\" \/>\n<meta name=\"twitter:label1\" content=\"Escrito por\" \/>\n\t<meta name=\"twitter:data1\" content=\"Lo viste en Los Pol\u00edticos\" \/>\n\t<meta name=\"twitter:label2\" content=\"Tiempo de lectura\" \/>\n\t<meta name=\"twitter:data2\" content=\"6 minutos\" \/>\n<script type=\"application\/ld+json\" class=\"yoast-schema-graph\">{\"@context\":\"https:\\\/\\\/schema.org\",\"@graph\":[{\"@type\":\"Article\",\"@id\":\"https:\\\/\\\/lospoliticosveracruz.com\\\/?p=77588#article\",\"isPartOf\":{\"@id\":\"https:\\\/\\\/lospoliticosveracruz.com\\\/?p=77588\"},\"author\":{\"name\":\"Lo viste en Los Pol\u00edticos\",\"@id\":\"https:\\\/\\\/lospoliticosveracruz.com\\\/#\\\/schema\\\/person\\\/b8702bb0e538456e6efd07080bf2a4a2\"},\"headline\":\"El voto duro de Morena\",\"datePublished\":\"2021-08-04T13:56:58+00:00\",\"dateModified\":\"2021-08-04T13:57:11+00:00\",\"mainEntityOfPage\":{\"@id\":\"https:\\\/\\\/lospoliticosveracruz.com\\\/?p=77588\"},\"wordCount\":1140,\"publisher\":{\"@id\":\"https:\\\/\\\/lospoliticosveracruz.com\\\/#organization\"},\"image\":{\"@id\":\"https:\\\/\\\/lospoliticosveracruz.com\\\/?p=77588#primaryimage\"},\"thumbnailUrl\":\"http:\\\/\\\/www.lospoliticosveracruz.com.mx\\\/wp-content\\\/uploads\\\/2021\\\/08\\\/WhatsApp-Image-2021-08-02-at-12.46.36.jpeg\",\"keywords\":[\"Carlos Troncoso\",\"Cuitl\u00e1huac Garc\u00eda Jim\u00e9nez\",\"Javier Herrera Borunda\",\"Jos\u00e9 Magdaleno Rosales\",\"Miguel \u00c1ngel Yunes Linares\",\"Miguel Hermida Copado\",\"Morena\",\"partidos de oposici\u00f3n\",\"Ricardo Ahued\",\"Ricardo Ch\u00faa\",\"Veracruz\"],\"articleSection\":[\"De Opini\u00f3n\"],\"inLanguage\":\"es\"},{\"@type\":\"WebPage\",\"@id\":\"https:\\\/\\\/lospoliticosveracruz.com\\\/?p=77588\",\"url\":\"https:\\\/\\\/lospoliticosveracruz.com\\\/?p=77588\",\"name\":\"El voto duro de Morena - Los pol\u00edticos Veracruz\",\"isPartOf\":{\"@id\":\"https:\\\/\\\/lospoliticosveracruz.com\\\/#website\"},\"primaryImageOfPage\":{\"@id\":\"https:\\\/\\\/lospoliticosveracruz.com\\\/?p=77588#primaryimage\"},\"image\":{\"@id\":\"https:\\\/\\\/lospoliticosveracruz.com\\\/?p=77588#primaryimage\"},\"thumbnailUrl\":\"http:\\\/\\\/www.lospoliticosveracruz.com.mx\\\/wp-content\\\/uploads\\\/2021\\\/08\\\/WhatsApp-Image-2021-08-02-at-12.46.36.jpeg\",\"datePublished\":\"2021-08-04T13:56:58+00:00\",\"dateModified\":\"2021-08-04T13:57:11+00:00\",\"breadcrumb\":{\"@id\":\"https:\\\/\\\/lospoliticosveracruz.com\\\/?p=77588#breadcrumb\"},\"inLanguage\":\"es\",\"potentialAction\":[{\"@type\":\"ReadAction\",\"target\":[\"https:\\\/\\\/lospoliticosveracruz.com\\\/?p=77588\"]}]},{\"@type\":\"ImageObject\",\"inLanguage\":\"es\",\"@id\":\"https:\\\/\\\/lospoliticosveracruz.com\\\/?p=77588#primaryimage\",\"url\":\"http:\\\/\\\/www.lospoliticosveracruz.com.mx\\\/wp-content\\\/uploads\\\/2021\\\/08\\\/WhatsApp-Image-2021-08-02-at-12.46.36.jpeg\",\"contentUrl\":\"http:\\\/\\\/www.lospoliticosveracruz.com.mx\\\/wp-content\\\/uploads\\\/2021\\\/08\\\/WhatsApp-Image-2021-08-02-at-12.46.36.jpeg\"},{\"@type\":\"BreadcrumbList\",\"@id\":\"https:\\\/\\\/lospoliticosveracruz.com\\\/?p=77588#breadcrumb\",\"itemListElement\":[{\"@type\":\"ListItem\",\"position\":1,\"name\":\"Portada\",\"item\":\"https:\\\/\\\/lospoliticosveracruz.com\\\/\"},{\"@type\":\"ListItem\",\"position\":2,\"name\":\"El voto duro de Morena\"}]},{\"@type\":\"WebSite\",\"@id\":\"https:\\\/\\\/lospoliticosveracruz.com\\\/#website\",\"url\":\"https:\\\/\\\/lospoliticosveracruz.com\\\/\",\"name\":\"Los pol\u00edticos Veracruz\",\"description\":\"\",\"publisher\":{\"@id\":\"https:\\\/\\\/lospoliticosveracruz.com\\\/#organization\"},\"potentialAction\":[{\"@type\":\"SearchAction\",\"target\":{\"@type\":\"EntryPoint\",\"urlTemplate\":\"https:\\\/\\\/lospoliticosveracruz.com\\\/?s={search_term_string}\"},\"query-input\":{\"@type\":\"PropertyValueSpecification\",\"valueRequired\":true,\"valueName\":\"search_term_string\"}}],\"inLanguage\":\"es\"},{\"@type\":\"Organization\",\"@id\":\"https:\\\/\\\/lospoliticosveracruz.com\\\/#organization\",\"name\":\"Los pol\u00edticos Veracruz\",\"url\":\"https:\\\/\\\/lospoliticosveracruz.com\\\/\",\"logo\":{\"@type\":\"ImageObject\",\"inLanguage\":\"es\",\"@id\":\"https:\\\/\\\/lospoliticosveracruz.com\\\/#\\\/schema\\\/logo\\\/image\\\/\",\"url\":\"https:\\\/\\\/lospoliticosveracruz.com\\\/wp-content\\\/uploads\\\/2025\\\/12\\\/Logo-Nuevo-LOS-POLITICOS-1.jpg\",\"contentUrl\":\"https:\\\/\\\/lospoliticosveracruz.com\\\/wp-content\\\/uploads\\\/2025\\\/12\\\/Logo-Nuevo-LOS-POLITICOS-1.jpg\",\"width\":260,\"height\":70,\"caption\":\"Los pol\u00edticos Veracruz\"},\"image\":{\"@id\":\"https:\\\/\\\/lospoliticosveracruz.com\\\/#\\\/schema\\\/logo\\\/image\\\/\"},\"sameAs\":[\"https:\\\/\\\/www.facebook.com\\\/people\\\/Notimemes-de-los-Polticos\\\/61565672886568\\\/\",\"https:\\\/\\\/x.com\\\/LosPoliticosVer\"]},{\"@type\":\"Person\",\"@id\":\"https:\\\/\\\/lospoliticosveracruz.com\\\/#\\\/schema\\\/person\\\/b8702bb0e538456e6efd07080bf2a4a2\",\"name\":\"Lo viste en Los Pol\u00edticos\",\"image\":{\"@type\":\"ImageObject\",\"inLanguage\":\"es\",\"@id\":\"https:\\\/\\\/secure.gravatar.com\\\/avatar\\\/3a8de04a2656d44082be478bd6c086daa447c4651605818287b9532d3d0bd435?s=96&d=mm&r=g\",\"url\":\"https:\\\/\\\/secure.gravatar.com\\\/avatar\\\/3a8de04a2656d44082be478bd6c086daa447c4651605818287b9532d3d0bd435?s=96&d=mm&r=g\",\"contentUrl\":\"https:\\\/\\\/secure.gravatar.com\\\/avatar\\\/3a8de04a2656d44082be478bd6c086daa447c4651605818287b9532d3d0bd435?s=96&d=mm&r=g\",\"caption\":\"Lo viste en Los Pol\u00edticos\"},\"url\":\"https:\\\/\\\/lospoliticosveracruz.com\\\/?author=2\"}]}<\/script>\n<!-- \/ Yoast SEO plugin. -->","yoast_head_json":{"title":"El voto duro de Morena - Los pol\u00edticos Veracruz","robots":{"index":"index","follow":"follow","max-snippet":"max-snippet:-1","max-image-preview":"max-image-preview:large","max-video-preview":"max-video-preview:-1"},"canonical":"https:\/\/lospoliticosveracruz.com\/?p=77588","og_locale":"es_ES","og_type":"article","og_title":"El voto duro de Morena - Los pol\u00edticos Veracruz","og_description":"Ricardo Ch\u00faaSale y Vale VOTOS DURO DE LA CONSULTA\u2026 En las reuniones que se han suscitado entre dirigentes de los partidos de oposici\u00f3n en Veracruz, despu\u00e9s de la consulta p\u00fablica del pasado domingo, han coincidido\u2026 Que el voto cautivo que tiene MORENA en la entidad veracruzana\u2026 Es de casi 600 mil votos, que fueron las [&hellip;]","og_url":"https:\/\/lospoliticosveracruz.com\/?p=77588","og_site_name":"Los pol\u00edticos Veracruz","article_publisher":"https:\/\/www.facebook.com\/people\/Notimemes-de-los-Polticos\/61565672886568\/","article_published_time":"2021-08-04T13:56:58+00:00","article_modified_time":"2021-08-04T13:57:11+00:00","og_image":[{"url":"http:\/\/www.lospoliticosveracruz.com.mx\/wp-content\/uploads\/2021\/08\/WhatsApp-Image-2021-08-02-at-12.46.36.jpeg","type":"","width":"","height":""}],"author":"Lo viste en Los Pol\u00edticos","twitter_card":"summary_large_image","twitter_creator":"@LosPoliticosVer","twitter_site":"@LosPoliticosVer","twitter_misc":{"Escrito por":"Lo viste en Los Pol\u00edticos","Tiempo de lectura":"6 minutos"},"schema":{"@context":"https:\/\/schema.org","@graph":[{"@type":"Article","@id":"https:\/\/lospoliticosveracruz.com\/?p=77588#article","isPartOf":{"@id":"https:\/\/lospoliticosveracruz.com\/?p=77588"},"author":{"name":"Lo viste en Los Pol\u00edticos","@id":"https:\/\/lospoliticosveracruz.com\/#\/schema\/person\/b8702bb0e538456e6efd07080bf2a4a2"},"headline":"El voto duro de Morena","datePublished":"2021-08-04T13:56:58+00:00","dateModified":"2021-08-04T13:57:11+00:00","mainEntityOfPage":{"@id":"https:\/\/lospoliticosveracruz.com\/?p=77588"},"wordCount":1140,"publisher":{"@id":"https:\/\/lospoliticosveracruz.com\/#organization"},"image":{"@id":"https:\/\/lospoliticosveracruz.com\/?p=77588#primaryimage"},"thumbnailUrl":"http:\/\/www.lospoliticosveracruz.com.mx\/wp-content\/uploads\/2021\/08\/WhatsApp-Image-2021-08-02-at-12.46.36.jpeg","keywords":["Carlos Troncoso","Cuitl\u00e1huac Garc\u00eda Jim\u00e9nez","Javier Herrera Borunda","Jos\u00e9 Magdaleno Rosales","Miguel \u00c1ngel Yunes Linares","Miguel Hermida Copado","Morena","partidos de oposici\u00f3n","Ricardo Ahued","Ricardo Ch\u00faa","Veracruz"],"articleSection":["De Opini\u00f3n"],"inLanguage":"es"},{"@type":"WebPage","@id":"https:\/\/lospoliticosveracruz.com\/?p=77588","url":"https:\/\/lospoliticosveracruz.com\/?p=77588","name":"El voto duro de Morena - Los pol\u00edticos Veracruz","isPartOf":{"@id":"https:\/\/lospoliticosveracruz.com\/#website"},"primaryImageOfPage":{"@id":"https:\/\/lospoliticosveracruz.com\/?p=77588#primaryimage"},"image":{"@id":"https:\/\/lospoliticosveracruz.com\/?p=77588#primaryimage"},"thumbnailUrl":"http:\/\/www.lospoliticosveracruz.com.mx\/wp-content\/uploads\/2021\/08\/WhatsApp-Image-2021-08-02-at-12.46.36.jpeg","datePublished":"2021-08-04T13:56:58+00:00","dateModified":"2021-08-04T13:57:11+00:00","breadcrumb":{"@id":"https:\/\/lospoliticosveracruz.com\/?p=77588#breadcrumb"},"inLanguage":"es","potentialAction":[{"@type":"ReadAction","target":["https:\/\/lospoliticosveracruz.com\/?p=77588"]}]},{"@type":"ImageObject","inLanguage":"es","@id":"https:\/\/lospoliticosveracruz.com\/?p=77588#primaryimage","url":"http:\/\/www.lospoliticosveracruz.com.mx\/wp-content\/uploads\/2021\/08\/WhatsApp-Image-2021-08-02-at-12.46.36.jpeg","contentUrl":"http:\/\/www.lospoliticosveracruz.com.mx\/wp-content\/uploads\/2021\/08\/WhatsApp-Image-2021-08-02-at-12.46.36.jpeg"},{"@type":"BreadcrumbList","@id":"https:\/\/lospoliticosveracruz.com\/?p=77588#breadcrumb","itemListElement":[{"@type":"ListItem","position":1,"name":"Portada","item":"https:\/\/lospoliticosveracruz.com\/"},{"@type":"ListItem","position":2,"name":"El voto duro de Morena"}]},{"@type":"WebSite","@id":"https:\/\/lospoliticosveracruz.com\/#website","url":"https:\/\/lospoliticosveracruz.com\/","name":"Los pol\u00edticos Veracruz","description":"","publisher":{"@id":"https:\/\/lospoliticosveracruz.com\/#organization"},"potentialAction":[{"@type":"SearchAction","target":{"@type":"EntryPoint","urlTemplate":"https:\/\/lospoliticosveracruz.com\/?s={search_term_string}"},"query-input":{"@type":"PropertyValueSpecification","valueRequired":true,"valueName":"search_term_string"}}],"inLanguage":"es"},{"@type":"Organization","@id":"https:\/\/lospoliticosveracruz.com\/#organization","name":"Los pol\u00edticos Veracruz","url":"https:\/\/lospoliticosveracruz.com\/","logo":{"@type":"ImageObject","inLanguage":"es","@id":"https:\/\/lospoliticosveracruz.com\/#\/schema\/logo\/image\/","url":"https:\/\/lospoliticosveracruz.com\/wp-content\/uploads\/2025\/12\/Logo-Nuevo-LOS-POLITICOS-1.jpg","contentUrl":"https:\/\/lospoliticosveracruz.com\/wp-content\/uploads\/2025\/12\/Logo-Nuevo-LOS-POLITICOS-1.jpg","width":260,"height":70,"caption":"Los pol\u00edticos Veracruz"},"image":{"@id":"https:\/\/lospoliticosveracruz.com\/#\/schema\/logo\/image\/"},"sameAs":["https:\/\/www.facebook.com\/people\/Notimemes-de-los-Polticos\/61565672886568\/","https:\/\/x.com\/LosPoliticosVer"]},{"@type":"Person","@id":"https:\/\/lospoliticosveracruz.com\/#\/schema\/person\/b8702bb0e538456e6efd07080bf2a4a2","name":"Lo viste en Los Pol\u00edticos","image":{"@type":"ImageObject","inLanguage":"es","@id":"https:\/\/secure.gravatar.com\/avatar\/3a8de04a2656d44082be478bd6c086daa447c4651605818287b9532d3d0bd435?s=96&d=mm&r=g","url":"https:\/\/secure.gravatar.com\/avatar\/3a8de04a2656d44082be478bd6c086daa447c4651605818287b9532d3d0bd435?s=96&d=mm&r=g","contentUrl":"https:\/\/secure.gravatar.com\/avatar\/3a8de04a2656d44082be478bd6c086daa447c4651605818287b9532d3d0bd435?s=96&d=mm&r=g","caption":"Lo viste en Los Pol\u00edticos"},"url":"https:\/\/lospoliticosveracruz.com\/?author=2"}]}},"_links":{"self":[{"href":"https:\/\/lospoliticosveracruz.com\/index.php?rest_route=\/wp\/v2\/posts\/77588","targetHints":{"allow":["GET"]}}],"collection":[{"href":"https:\/\/lospoliticosveracruz.com\/index.php?rest_route=\/wp\/v2\/posts"}],"about":[{"href":"https:\/\/lospoliticosveracruz.com\/index.php?rest_route=\/wp\/v2\/types\/post"}],"author":[{"embeddable":true,"href":"https:\/\/lospoliticosveracruz.com\/index.php?rest_route=\/wp\/v2\/users\/2"}],"replies":[{"embeddable":true,"href":"https:\/\/lospoliticosveracruz.com\/index.php?rest_route=%2Fwp%2Fv2%2Fcomments&post=77588"}],"version-history":[{"count":1,"href":"https:\/\/lospoliticosveracruz.com\/index.php?rest_route=\/wp\/v2\/posts\/77588\/revisions"}],"predecessor-version":[{"id":77589,"href":"https:\/\/lospoliticosveracruz.com\/index.php?rest_route=\/wp\/v2\/posts\/77588\/revisions\/77589"}],"wp:attachment":[{"href":"https:\/\/lospoliticosveracruz.com\/index.php?rest_route=%2Fwp%2Fv2%2Fmedia&parent=77588"}],"wp:term":[{"taxonomy":"category","embeddable":true,"href":"https:\/\/lospoliticosveracruz.com\/index.php?rest_route=%2Fwp%2Fv2%2Fcategories&post=77588"},{"taxonomy":"post_tag","embeddable":true,"href":"https:\/\/lospoliticosveracruz.com\/index.php?rest_route=%2Fwp%2Fv2%2Ftags&post=77588"}],"curies":[{"name":"wp","href":"https:\/\/api.w.org\/{rel}","templated":true}]}}