{"id":77635,"date":"2021-08-05T07:54:05","date_gmt":"2021-08-05T12:54:05","guid":{"rendered":"http:\/\/www.lospoliticosveracruz.com.mx\/?p=77635"},"modified":"2021-08-05T07:54:09","modified_gmt":"2021-08-05T12:54:09","slug":"sin-freno-los-hechos-delictivos","status":"publish","type":"post","link":"https:\/\/lospoliticosveracruz.com\/?p=77635","title":{"rendered":"Sin freno los hechos delictivos"},"content":{"rendered":"\n<p><strong>Enrique Yasser Pompeyo<\/strong><\/p>\n\n\n\n<p><em>Mesa de Redacci\u00f3n<br><\/em><\/p>\n\n\n\n<p>La privaci\u00f3n ilegal de la libertad, los levantones, los secuestros contin\u00faan en el estado de Veracruz.<\/p>\n\n\n\n<p>El gremio de los taxistas ha sido uno de los m\u00e1s afectados.<\/p>\n\n\n\n<p>Apenas este mi\u00e9rcoles, dos trabajadores del volante fueron privados de su libertad en el municipio de C\u00f3rdoba.<\/p>\n\n\n\n<div class=\"wp-block-image\"><figure class=\"alignleft size-large\"><a href=\"http:\/\/www.lospoliticosveracruz.com.mx\/wp-content\/uploads\/2021\/08\/WhatsApp-Image-2021-08-02-at-12.46.36.jpeg\"><img decoding=\"async\" src=\"http:\/\/www.lospoliticosveracruz.com.mx\/wp-content\/uploads\/2021\/08\/WhatsApp-Image-2021-08-02-at-12.46.36.jpeg\" alt=\"\" class=\"wp-image-77480\"\/><\/a><\/figure><\/div>\n\n\n\n<p>El primer caso se registr\u00f3 en la colonia San Pedro; el segundo, en el Fraccionamiento Nuevo C\u00f3rdoba.<\/p>\n\n\n\n<p>Y como siempre, a pesar de los supuestos operativos de b\u00fasqueda y localizaci\u00f3n que realizan las fuerzas del orden, no dieron con el paradero de los taxistas, ni de los delincuentes.<\/p>\n\n\n\n<p>En Xalapa, a pesar de ser la ciudad capital, sus habitantes no se encuentran a salvo.<\/p>\n\n\n\n<p>Una mujer, tambi\u00e9n taxista, desapareci\u00f3 desde el pasado 30 de julio; la unidad fue encontrada, pero ella no.<\/p>\n\n\n\n<p>Su familia, incluso, se manifest\u00f3 en el centro, frente al Palacio de Gobierno para exigir a las autoridades que agilicen las investigaciones.<\/p>\n\n\n\n<p>Por ello, le piden a la titular de la Fiscal\u00eda General del Estado, Ver\u00f3nica Hern\u00e1ndez Giad\u00e1ns que atienda el caso, pues ya han transcurrido cinco d\u00edas y temen que algo le suceda.<\/p>\n\n\n\n<p>Desafortunadamente, a estos delitos se suman otros que han enlutado a familias veracruzanas.<\/p>\n\n\n\n<p>En Rafael Delgado, un joven de apenas 18 a\u00f1os de edad fue ejecutado en su domicilio. En Mart\u00ednez de la Torre, un hombre fue asesinado a un costado de la carretera.<\/p>\n\n\n\n<p>\u00bfQu\u00e9 est\u00e1n haciendo las autoridades?<\/p>\n\n\n\n<p>Se entiende el enojo y la desesperaci\u00f3n de la poblaci\u00f3n ante lo que parece desidia por el lado oficial.<\/p>\n\n\n\n<p>Si bien las investigaciones llevan un proceso, las familias piden, de entrada, di\u00e1logo con los responsables de las \u00e1reas de seguridad y justicia.<\/p>\n\n\n\n<p>Con relaci\u00f3n a los feminicidios, la situaci\u00f3n tambi\u00e9n es cr\u00edtica.<\/p>\n\n\n\n<p>De enero a mayo de este a\u00f1o se han contabilizado 31 casos, de acuerdo con la informaci\u00f3n de la Comisi\u00f3n Nacional de Derechos Humanos (CNDH), lo que ubica al estado de Veracruz en el tercer lugar nacional, tan s\u00f3lo atr\u00e1s del Estado de M\u00e9xico y Jalisco.<\/p>\n\n\n\n<p>Los ciudadanos, lo que esperan de las autoridades estatales, no s\u00f3lo es atenci\u00f3n, sino tambi\u00e9n que exista sensibilidad y empat\u00eda.<\/p>\n\n\n\n<p>Las cifras de los diferentes delitos que se cometen en la entidad, modificadas o no, muestran la necesidad de acciones m\u00e1s contundentes y mejores estrategias para poder combatir a la delincuencia, de manera que se brinde certidumbre y seguridad a las familias veracruzanas.<\/p>\n\n\n\n<p>enriquepompeyo@hotmail.com<\/p>\n","protected":false},"excerpt":{"rendered":"<p>Enrique Yasser Pompeyo Mesa de Redacci\u00f3n La privaci\u00f3n ilegal de la libertad, los levantones, los secuestros contin\u00faan en el estado de Veracruz. El gremio de los taxistas ha sido uno de los m\u00e1s afectados. Apenas este mi\u00e9rcoles, dos trabajadores del volante fueron privados de su libertad en el municipio de C\u00f3rdoba. El primer caso se [&hellip;]<\/p>\n","protected":false},"author":2,"featured_media":0,"comment_status":"closed","ping_status":"closed","sticky":false,"template":"","format":"standard","meta":{"tdm_status":"","tdm_grid_status":"","footnotes":""},"categories":[70],"tags":[295,6393,15477,4116,504,195,15165],"class_list":{"0":"post-77635","1":"post","2":"type-post","3":"status-publish","4":"format-standard","6":"category-de-opinion","7":"tag-cndh","8":"tag-delincuencia-organizada","9":"tag-enrique-yasser-pompeyo","10":"tag-fiscalia-general-del-estado","11":"tag-secuestros","12":"tag-veracruz","13":"tag-veronica-hernandez-giadans"},"yoast_head":"<!-- This site is optimized with the Yoast SEO plugin v27.4 - https:\/\/yoast.com\/product\/yoast-seo-wordpress\/ -->\n<title>Sin freno los hechos delictivos - Los pol\u00edticos Veracruz<\/title>\n<meta name=\"robots\" content=\"index, follow, max-snippet:-1, max-image-preview:large, max-video-preview:-1\" \/>\n<link rel=\"canonical\" href=\"https:\/\/lospoliticosveracruz.com\/?p=77635\" \/>\n<meta property=\"og:locale\" content=\"es_ES\" \/>\n<meta property=\"og:type\" content=\"article\" \/>\n<meta property=\"og:title\" content=\"Sin freno los hechos delictivos - Los pol\u00edticos Veracruz\" \/>\n<meta property=\"og:description\" content=\"Enrique Yasser Pompeyo Mesa de Redacci\u00f3n La privaci\u00f3n ilegal de la libertad, los levantones, los secuestros contin\u00faan en el estado de Veracruz. El gremio de los taxistas ha sido uno de los m\u00e1s afectados. Apenas este mi\u00e9rcoles, dos trabajadores del volante fueron privados de su libertad en el municipio de C\u00f3rdoba. El primer caso se [&hellip;]\" \/>\n<meta property=\"og:url\" content=\"https:\/\/lospoliticosveracruz.com\/?p=77635\" \/>\n<meta property=\"og:site_name\" content=\"Los pol\u00edticos Veracruz\" \/>\n<meta property=\"article:publisher\" content=\"https:\/\/www.facebook.com\/people\/Notimemes-de-los-Polticos\/61565672886568\/\" \/>\n<meta property=\"article:published_time\" content=\"2021-08-05T12:54:05+00:00\" \/>\n<meta property=\"article:modified_time\" content=\"2021-08-05T12:54:09+00:00\" \/>\n<meta property=\"og:image\" content=\"http:\/\/www.lospoliticosveracruz.com.mx\/wp-content\/uploads\/2021\/08\/WhatsApp-Image-2021-08-02-at-12.46.36.jpeg\" \/>\n<meta name=\"author\" content=\"Lo viste en Los Pol\u00edticos\" \/>\n<meta name=\"twitter:card\" content=\"summary_large_image\" \/>\n<meta name=\"twitter:creator\" content=\"@LosPoliticosVer\" \/>\n<meta name=\"twitter:site\" content=\"@LosPoliticosVer\" \/>\n<meta name=\"twitter:label1\" content=\"Escrito por\" \/>\n\t<meta name=\"twitter:data1\" content=\"Lo viste en Los Pol\u00edticos\" \/>\n\t<meta name=\"twitter:label2\" content=\"Tiempo de lectura\" \/>\n\t<meta name=\"twitter:data2\" content=\"2 minutos\" \/>\n<script type=\"application\/ld+json\" class=\"yoast-schema-graph\">{\"@context\":\"https:\\\/\\\/schema.org\",\"@graph\":[{\"@type\":\"Article\",\"@id\":\"https:\\\/\\\/lospoliticosveracruz.com\\\/?p=77635#article\",\"isPartOf\":{\"@id\":\"https:\\\/\\\/lospoliticosveracruz.com\\\/?p=77635\"},\"author\":{\"name\":\"Lo viste en Los Pol\u00edticos\",\"@id\":\"https:\\\/\\\/lospoliticosveracruz.com\\\/#\\\/schema\\\/person\\\/b8702bb0e538456e6efd07080bf2a4a2\"},\"headline\":\"Sin freno los hechos delictivos\",\"datePublished\":\"2021-08-05T12:54:05+00:00\",\"dateModified\":\"2021-08-05T12:54:09+00:00\",\"mainEntityOfPage\":{\"@id\":\"https:\\\/\\\/lospoliticosveracruz.com\\\/?p=77635\"},\"wordCount\":438,\"publisher\":{\"@id\":\"https:\\\/\\\/lospoliticosveracruz.com\\\/#organization\"},\"image\":{\"@id\":\"https:\\\/\\\/lospoliticosveracruz.com\\\/?p=77635#primaryimage\"},\"thumbnailUrl\":\"http:\\\/\\\/www.lospoliticosveracruz.com.mx\\\/wp-content\\\/uploads\\\/2021\\\/08\\\/WhatsApp-Image-2021-08-02-at-12.46.36.jpeg\",\"keywords\":[\"CNDH\",\"Delincuencia organizada\",\"Enrique Yasser Pompeyo\",\"Fiscal\u00eda General del Estado\",\"secuestros\",\"Veracruz\",\"Ver\u00f3nica Hern\u00e1ndez Giad\u00e1ns\"],\"articleSection\":[\"De Opini\u00f3n\"],\"inLanguage\":\"es\"},{\"@type\":\"WebPage\",\"@id\":\"https:\\\/\\\/lospoliticosveracruz.com\\\/?p=77635\",\"url\":\"https:\\\/\\\/lospoliticosveracruz.com\\\/?p=77635\",\"name\":\"Sin freno los hechos delictivos - Los pol\u00edticos Veracruz\",\"isPartOf\":{\"@id\":\"https:\\\/\\\/lospoliticosveracruz.com\\\/#website\"},\"primaryImageOfPage\":{\"@id\":\"https:\\\/\\\/lospoliticosveracruz.com\\\/?p=77635#primaryimage\"},\"image\":{\"@id\":\"https:\\\/\\\/lospoliticosveracruz.com\\\/?p=77635#primaryimage\"},\"thumbnailUrl\":\"http:\\\/\\\/www.lospoliticosveracruz.com.mx\\\/wp-content\\\/uploads\\\/2021\\\/08\\\/WhatsApp-Image-2021-08-02-at-12.46.36.jpeg\",\"datePublished\":\"2021-08-05T12:54:05+00:00\",\"dateModified\":\"2021-08-05T12:54:09+00:00\",\"breadcrumb\":{\"@id\":\"https:\\\/\\\/lospoliticosveracruz.com\\\/?p=77635#breadcrumb\"},\"inLanguage\":\"es\",\"potentialAction\":[{\"@type\":\"ReadAction\",\"target\":[\"https:\\\/\\\/lospoliticosveracruz.com\\\/?p=77635\"]}]},{\"@type\":\"ImageObject\",\"inLanguage\":\"es\",\"@id\":\"https:\\\/\\\/lospoliticosveracruz.com\\\/?p=77635#primaryimage\",\"url\":\"http:\\\/\\\/www.lospoliticosveracruz.com.mx\\\/wp-content\\\/uploads\\\/2021\\\/08\\\/WhatsApp-Image-2021-08-02-at-12.46.36.jpeg\",\"contentUrl\":\"http:\\\/\\\/www.lospoliticosveracruz.com.mx\\\/wp-content\\\/uploads\\\/2021\\\/08\\\/WhatsApp-Image-2021-08-02-at-12.46.36.jpeg\"},{\"@type\":\"BreadcrumbList\",\"@id\":\"https:\\\/\\\/lospoliticosveracruz.com\\\/?p=77635#breadcrumb\",\"itemListElement\":[{\"@type\":\"ListItem\",\"position\":1,\"name\":\"Portada\",\"item\":\"https:\\\/\\\/lospoliticosveracruz.com\\\/\"},{\"@type\":\"ListItem\",\"position\":2,\"name\":\"Sin freno los hechos delictivos\"}]},{\"@type\":\"WebSite\",\"@id\":\"https:\\\/\\\/lospoliticosveracruz.com\\\/#website\",\"url\":\"https:\\\/\\\/lospoliticosveracruz.com\\\/\",\"name\":\"Los pol\u00edticos Veracruz\",\"description\":\"\",\"publisher\":{\"@id\":\"https:\\\/\\\/lospoliticosveracruz.com\\\/#organization\"},\"potentialAction\":[{\"@type\":\"SearchAction\",\"target\":{\"@type\":\"EntryPoint\",\"urlTemplate\":\"https:\\\/\\\/lospoliticosveracruz.com\\\/?s={search_term_string}\"},\"query-input\":{\"@type\":\"PropertyValueSpecification\",\"valueRequired\":true,\"valueName\":\"search_term_string\"}}],\"inLanguage\":\"es\"},{\"@type\":\"Organization\",\"@id\":\"https:\\\/\\\/lospoliticosveracruz.com\\\/#organization\",\"name\":\"Los pol\u00edticos Veracruz\",\"url\":\"https:\\\/\\\/lospoliticosveracruz.com\\\/\",\"logo\":{\"@type\":\"ImageObject\",\"inLanguage\":\"es\",\"@id\":\"https:\\\/\\\/lospoliticosveracruz.com\\\/#\\\/schema\\\/logo\\\/image\\\/\",\"url\":\"https:\\\/\\\/lospoliticosveracruz.com\\\/wp-content\\\/uploads\\\/2025\\\/12\\\/Logo-Nuevo-LOS-POLITICOS-1.jpg\",\"contentUrl\":\"https:\\\/\\\/lospoliticosveracruz.com\\\/wp-content\\\/uploads\\\/2025\\\/12\\\/Logo-Nuevo-LOS-POLITICOS-1.jpg\",\"width\":260,\"height\":70,\"caption\":\"Los pol\u00edticos Veracruz\"},\"image\":{\"@id\":\"https:\\\/\\\/lospoliticosveracruz.com\\\/#\\\/schema\\\/logo\\\/image\\\/\"},\"sameAs\":[\"https:\\\/\\\/www.facebook.com\\\/people\\\/Notimemes-de-los-Polticos\\\/61565672886568\\\/\",\"https:\\\/\\\/x.com\\\/LosPoliticosVer\"]},{\"@type\":\"Person\",\"@id\":\"https:\\\/\\\/lospoliticosveracruz.com\\\/#\\\/schema\\\/person\\\/b8702bb0e538456e6efd07080bf2a4a2\",\"name\":\"Lo viste en Los Pol\u00edticos\",\"image\":{\"@type\":\"ImageObject\",\"inLanguage\":\"es\",\"@id\":\"https:\\\/\\\/secure.gravatar.com\\\/avatar\\\/3a8de04a2656d44082be478bd6c086daa447c4651605818287b9532d3d0bd435?s=96&d=mm&r=g\",\"url\":\"https:\\\/\\\/secure.gravatar.com\\\/avatar\\\/3a8de04a2656d44082be478bd6c086daa447c4651605818287b9532d3d0bd435?s=96&d=mm&r=g\",\"contentUrl\":\"https:\\\/\\\/secure.gravatar.com\\\/avatar\\\/3a8de04a2656d44082be478bd6c086daa447c4651605818287b9532d3d0bd435?s=96&d=mm&r=g\",\"caption\":\"Lo viste en Los Pol\u00edticos\"},\"url\":\"https:\\\/\\\/lospoliticosveracruz.com\\\/?author=2\"}]}<\/script>\n<!-- \/ Yoast SEO plugin. -->","yoast_head_json":{"title":"Sin freno los hechos delictivos - Los pol\u00edticos Veracruz","robots":{"index":"index","follow":"follow","max-snippet":"max-snippet:-1","max-image-preview":"max-image-preview:large","max-video-preview":"max-video-preview:-1"},"canonical":"https:\/\/lospoliticosveracruz.com\/?p=77635","og_locale":"es_ES","og_type":"article","og_title":"Sin freno los hechos delictivos - Los pol\u00edticos Veracruz","og_description":"Enrique Yasser Pompeyo Mesa de Redacci\u00f3n La privaci\u00f3n ilegal de la libertad, los levantones, los secuestros contin\u00faan en el estado de Veracruz. El gremio de los taxistas ha sido uno de los m\u00e1s afectados. Apenas este mi\u00e9rcoles, dos trabajadores del volante fueron privados de su libertad en el municipio de C\u00f3rdoba. El primer caso se [&hellip;]","og_url":"https:\/\/lospoliticosveracruz.com\/?p=77635","og_site_name":"Los pol\u00edticos Veracruz","article_publisher":"https:\/\/www.facebook.com\/people\/Notimemes-de-los-Polticos\/61565672886568\/","article_published_time":"2021-08-05T12:54:05+00:00","article_modified_time":"2021-08-05T12:54:09+00:00","og_image":[{"url":"http:\/\/www.lospoliticosveracruz.com.mx\/wp-content\/uploads\/2021\/08\/WhatsApp-Image-2021-08-02-at-12.46.36.jpeg","type":"","width":"","height":""}],"author":"Lo viste en Los Pol\u00edticos","twitter_card":"summary_large_image","twitter_creator":"@LosPoliticosVer","twitter_site":"@LosPoliticosVer","twitter_misc":{"Escrito por":"Lo viste en Los Pol\u00edticos","Tiempo de lectura":"2 minutos"},"schema":{"@context":"https:\/\/schema.org","@graph":[{"@type":"Article","@id":"https:\/\/lospoliticosveracruz.com\/?p=77635#article","isPartOf":{"@id":"https:\/\/lospoliticosveracruz.com\/?p=77635"},"author":{"name":"Lo viste en Los Pol\u00edticos","@id":"https:\/\/lospoliticosveracruz.com\/#\/schema\/person\/b8702bb0e538456e6efd07080bf2a4a2"},"headline":"Sin freno los hechos delictivos","datePublished":"2021-08-05T12:54:05+00:00","dateModified":"2021-08-05T12:54:09+00:00","mainEntityOfPage":{"@id":"https:\/\/lospoliticosveracruz.com\/?p=77635"},"wordCount":438,"publisher":{"@id":"https:\/\/lospoliticosveracruz.com\/#organization"},"image":{"@id":"https:\/\/lospoliticosveracruz.com\/?p=77635#primaryimage"},"thumbnailUrl":"http:\/\/www.lospoliticosveracruz.com.mx\/wp-content\/uploads\/2021\/08\/WhatsApp-Image-2021-08-02-at-12.46.36.jpeg","keywords":["CNDH","Delincuencia organizada","Enrique Yasser Pompeyo","Fiscal\u00eda General del Estado","secuestros","Veracruz","Ver\u00f3nica Hern\u00e1ndez Giad\u00e1ns"],"articleSection":["De Opini\u00f3n"],"inLanguage":"es"},{"@type":"WebPage","@id":"https:\/\/lospoliticosveracruz.com\/?p=77635","url":"https:\/\/lospoliticosveracruz.com\/?p=77635","name":"Sin freno los hechos delictivos - Los pol\u00edticos Veracruz","isPartOf":{"@id":"https:\/\/lospoliticosveracruz.com\/#website"},"primaryImageOfPage":{"@id":"https:\/\/lospoliticosveracruz.com\/?p=77635#primaryimage"},"image":{"@id":"https:\/\/lospoliticosveracruz.com\/?p=77635#primaryimage"},"thumbnailUrl":"http:\/\/www.lospoliticosveracruz.com.mx\/wp-content\/uploads\/2021\/08\/WhatsApp-Image-2021-08-02-at-12.46.36.jpeg","datePublished":"2021-08-05T12:54:05+00:00","dateModified":"2021-08-05T12:54:09+00:00","breadcrumb":{"@id":"https:\/\/lospoliticosveracruz.com\/?p=77635#breadcrumb"},"inLanguage":"es","potentialAction":[{"@type":"ReadAction","target":["https:\/\/lospoliticosveracruz.com\/?p=77635"]}]},{"@type":"ImageObject","inLanguage":"es","@id":"https:\/\/lospoliticosveracruz.com\/?p=77635#primaryimage","url":"http:\/\/www.lospoliticosveracruz.com.mx\/wp-content\/uploads\/2021\/08\/WhatsApp-Image-2021-08-02-at-12.46.36.jpeg","contentUrl":"http:\/\/www.lospoliticosveracruz.com.mx\/wp-content\/uploads\/2021\/08\/WhatsApp-Image-2021-08-02-at-12.46.36.jpeg"},{"@type":"BreadcrumbList","@id":"https:\/\/lospoliticosveracruz.com\/?p=77635#breadcrumb","itemListElement":[{"@type":"ListItem","position":1,"name":"Portada","item":"https:\/\/lospoliticosveracruz.com\/"},{"@type":"ListItem","position":2,"name":"Sin freno los hechos delictivos"}]},{"@type":"WebSite","@id":"https:\/\/lospoliticosveracruz.com\/#website","url":"https:\/\/lospoliticosveracruz.com\/","name":"Los pol\u00edticos Veracruz","description":"","publisher":{"@id":"https:\/\/lospoliticosveracruz.com\/#organization"},"potentialAction":[{"@type":"SearchAction","target":{"@type":"EntryPoint","urlTemplate":"https:\/\/lospoliticosveracruz.com\/?s={search_term_string}"},"query-input":{"@type":"PropertyValueSpecification","valueRequired":true,"valueName":"search_term_string"}}],"inLanguage":"es"},{"@type":"Organization","@id":"https:\/\/lospoliticosveracruz.com\/#organization","name":"Los pol\u00edticos Veracruz","url":"https:\/\/lospoliticosveracruz.com\/","logo":{"@type":"ImageObject","inLanguage":"es","@id":"https:\/\/lospoliticosveracruz.com\/#\/schema\/logo\/image\/","url":"https:\/\/lospoliticosveracruz.com\/wp-content\/uploads\/2025\/12\/Logo-Nuevo-LOS-POLITICOS-1.jpg","contentUrl":"https:\/\/lospoliticosveracruz.com\/wp-content\/uploads\/2025\/12\/Logo-Nuevo-LOS-POLITICOS-1.jpg","width":260,"height":70,"caption":"Los pol\u00edticos Veracruz"},"image":{"@id":"https:\/\/lospoliticosveracruz.com\/#\/schema\/logo\/image\/"},"sameAs":["https:\/\/www.facebook.com\/people\/Notimemes-de-los-Polticos\/61565672886568\/","https:\/\/x.com\/LosPoliticosVer"]},{"@type":"Person","@id":"https:\/\/lospoliticosveracruz.com\/#\/schema\/person\/b8702bb0e538456e6efd07080bf2a4a2","name":"Lo viste en Los Pol\u00edticos","image":{"@type":"ImageObject","inLanguage":"es","@id":"https:\/\/secure.gravatar.com\/avatar\/3a8de04a2656d44082be478bd6c086daa447c4651605818287b9532d3d0bd435?s=96&d=mm&r=g","url":"https:\/\/secure.gravatar.com\/avatar\/3a8de04a2656d44082be478bd6c086daa447c4651605818287b9532d3d0bd435?s=96&d=mm&r=g","contentUrl":"https:\/\/secure.gravatar.com\/avatar\/3a8de04a2656d44082be478bd6c086daa447c4651605818287b9532d3d0bd435?s=96&d=mm&r=g","caption":"Lo viste en Los Pol\u00edticos"},"url":"https:\/\/lospoliticosveracruz.com\/?author=2"}]}},"_links":{"self":[{"href":"https:\/\/lospoliticosveracruz.com\/index.php?rest_route=\/wp\/v2\/posts\/77635","targetHints":{"allow":["GET"]}}],"collection":[{"href":"https:\/\/lospoliticosveracruz.com\/index.php?rest_route=\/wp\/v2\/posts"}],"about":[{"href":"https:\/\/lospoliticosveracruz.com\/index.php?rest_route=\/wp\/v2\/types\/post"}],"author":[{"embeddable":true,"href":"https:\/\/lospoliticosveracruz.com\/index.php?rest_route=\/wp\/v2\/users\/2"}],"replies":[{"embeddable":true,"href":"https:\/\/lospoliticosveracruz.com\/index.php?rest_route=%2Fwp%2Fv2%2Fcomments&post=77635"}],"version-history":[{"count":1,"href":"https:\/\/lospoliticosveracruz.com\/index.php?rest_route=\/wp\/v2\/posts\/77635\/revisions"}],"predecessor-version":[{"id":77636,"href":"https:\/\/lospoliticosveracruz.com\/index.php?rest_route=\/wp\/v2\/posts\/77635\/revisions\/77636"}],"wp:attachment":[{"href":"https:\/\/lospoliticosveracruz.com\/index.php?rest_route=%2Fwp%2Fv2%2Fmedia&parent=77635"}],"wp:term":[{"taxonomy":"category","embeddable":true,"href":"https:\/\/lospoliticosveracruz.com\/index.php?rest_route=%2Fwp%2Fv2%2Fcategories&post=77635"},{"taxonomy":"post_tag","embeddable":true,"href":"https:\/\/lospoliticosveracruz.com\/index.php?rest_route=%2Fwp%2Fv2%2Ftags&post=77635"}],"curies":[{"name":"wp","href":"https:\/\/api.w.org\/{rel}","templated":true}]}}