{"id":77653,"date":"2021-08-05T11:21:21","date_gmt":"2021-08-05T16:21:21","guid":{"rendered":"http:\/\/www.lospoliticosveracruz.com.mx\/?p=77653"},"modified":"2021-08-05T11:21:26","modified_gmt":"2021-08-05T16:21:26","slug":"fuera-mascaras-club-de-toby-en-la-camara-de-diputados","status":"publish","type":"post","link":"https:\/\/lospoliticosveracruz.com\/?p=77653","title":{"rendered":"Fuera m\u00e1scaras: club de Toby en la C\u00e1mara de Diputados"},"content":{"rendered":"\n<p><strong>M\u00f3nica Mendoza Madrigal<\/strong><\/p>\n\n\n\n<p><em>LaAgendaDeLasMujeres<\/em><\/p>\n\n\n\n<p><\/p>\n\n\n\n<p>Tuvieron que llegar muchas y tuvieron que ser feministas para que en el Congreso de la Uni\u00f3n \u2013Senado y C\u00e1mara de Diputados incluida\u2013 se concretaran al fin los esfuerzos de muchos a\u00f1os de impulso a las leyes en materia de paridad y de violencia pol\u00edtica que ven\u00edan siendo empujadas desde tiempo atr\u00e1s pero que no hab\u00edan podido \u201cpasar\u201d, entre otras cosas, porque el tamiz de la Consejer\u00eda Jur\u00eddica del sexenio anterior no las consider\u00f3 pertinentes y ah\u00ed simplemente todo ese gran esfuerzo \u201cse ator\u00f3\u201d.<\/p>\n\n\n\n<div class=\"wp-block-image\"><figure class=\"alignleft size-large\"><a href=\"http:\/\/www.lospoliticosveracruz.com.mx\/wp-content\/uploads\/2021\/08\/WhatsApp-Image-2021-08-02-at-12.46.36.jpeg\"><img decoding=\"async\" src=\"http:\/\/www.lospoliticosveracruz.com.mx\/wp-content\/uploads\/2021\/08\/WhatsApp-Image-2021-08-02-at-12.46.36.jpeg\" alt=\"\" class=\"wp-image-77480\"\/><\/a><\/figure><\/div>\n\n\n\n<p><br>Y es que las reformas de 2019 que hicieron realidad la Paridad en Todo son la coronaci\u00f3n en la ley de un proceso que busca que las mujeres puedan ocupar los mismos espacios de representaci\u00f3n que los hombres, porque esa proporci\u00f3n se asemeja a la vida cotidiana \u2013en la que en realidad somos m\u00e1s las mujeres que los hombres- y por tanto, los espacios de toma de decisiones deben estar integrados acorde con esa pluralidad.<\/p>\n\n\n\n<p>Pero la Paridad estaba ya integrada a la Constituci\u00f3n como un principio desde 2014, en una reforma pol\u00edtico-electoral que estableci\u00f3 la obligatoriedad de que los partidos garantizaran una integraci\u00f3n igualitaria en sus candidaturas legislativas, tanto para las obtenidas por el principio de mayor\u00eda relativa como para las de representaci\u00f3n proporcional, permitiendo a las autoridades electorales rechazar los registros de aquellos partidos que no cumplieren con este principio.<br>Sin embargo, lo que no hizo esa reforma fue establecer el m\u00e9todo mediante el cual los partidos elegir\u00edan a esas candidatas, por lo que el proceso electoral inmediato \u2013que fue el de 2015\u2013 evidenci\u00f3 que aunque si bien s\u00ed las postularon para la mitad de los cargos, las enviaron a los llamados \u201cdistritos perdedores\u201d.<br>Estos espejismos disfrazados de paridad son una serie de trampas pensadas para seguir manteniendo el control pol\u00edtico del poder \u201cde a de veras\u201d, como sucedi\u00f3 en el proceso de 2018, en el que nos llenamos de s\u00edndicas que encabezaban las planillas de hombres candidatos a las alcald\u00edas, mismas que \u2013por cierto\u2013 cuando llegaron al cargo, vivieron y siguen viviendo dosis muy altas de violencia pol\u00edtica en todas sus manifestaciones.<br>Este es uno de los aspectos que fue subsanado con la nueva reforma de 2019, en la cual se establecen los llamados \u201cbloques de competitividad\u201d y se determinan las reglas para que la paridad sea horizontal y vertical, garantizando as\u00ed la competencia electoral en municipios y distritos.<br>Pero las resistencias patriarcales para no ceder el poder son pr\u00e1ctica com\u00fan desde tiempos inmemoriales y hay que reconocer que tienen una muy alta capacidad de adaptaci\u00f3n y de reinvenci\u00f3n, porque cada que se imponen nuevas reglas, encuentran resquicios para filtrar una misoginia que no est\u00e1 dispuesta a ceder ni un \u00e1pice en lo que a su juicio les pertenece: el poder.<br>As\u00ed que a\u00fan no termin\u00e1bamos de celebrar el gran logro que bocetaba una realidad pol\u00edtica diferente, cuando de pronto se quiso ver que la aprobaci\u00f3n paritaria conten\u00eda letras chiquitas que exceptuaban de su cumplimiento a los cargos unipersonales y entonces, vaya, hasta la Junta de Coordinaci\u00f3n Pol\u00edtica del Senado se pronunci\u00f3, se\u00f1alando que el INE no ten\u00eda facultades para determinar que tambi\u00e9n las candidaturas a las gubernaturas hab\u00edan de ser paritarias.<br>Aunque los senadores \u2013y atr\u00e1s de ellos, sus partidos- hicieron una gran exhibici\u00f3n de que la misoginia no tiene l\u00edmites, no estar\u00eda de m\u00e1s invitarles a que vayan asumiendo lo que parecer\u00eda obvio: las candidaturas presidenciales para 2024 tambi\u00e9n deber\u00e1n ser paritarias.<br>As\u00ed que nos fuimos a la elecci\u00f3n de 2021 con el mayor n\u00famero de candidaturas en disputa en toda la historia electoral del pa\u00eds, con la mitad de mujeres y de hombres como aspirantes y obtuvimos los resultados que \u2013 por cierto \u2013 en algunas latitudes a\u00fan no terminan de revisar.<br>Dado que se vot\u00f3 de manera directa por m\u00e1s hombres que mujeres en las diputaciones federales, las leyes aprobadas sirvieron para equilibrar la integraci\u00f3n con las plurinominales, cumpliendo gracias a ello con la proporcionalidad paritaria que las nuevas reglas pol\u00edticas demandan.<br>Pero todav\u00eda no termin\u00e1bamos de ubicar a quienes ser\u00e1n nuestras nuevas aliadas para seguir adelante con el empuje de la agenda de los derechos humanos de las mujeres, cuando los partidos decidieron que todas las coordinaciones de las bancadas en San L\u00e1zaro\u2026est\u00e9n encabezadas por hombres.<br>Adi\u00f3s paridad, fuera m\u00e1scaras. Todo lo que en el discurso es mera verborrea cuando pronuncian sus vacuas frases de \u201csomos un partido aliado de las mujeres\u201d, \u201charemos de sus causas las nuestras\u201d, aderezadas por mo\u00f1itos naranjas y tuits que de tan falsos ofenden o dan risa, qued\u00f3 rezagado y de nuevo el \u201cClub de Toby\u201d ser\u00e1 el que tome las decisiones pol\u00edticas en la que ser\u00e1 la segunda Legislatura federal paritaria.<br>\u00bfQu\u00e9 quiere decir que solo hombres encabecen las bancadas? Pues que habr\u00e1 una Junta de Coordinaci\u00f3n Pol\u00edtica con pura testosterona y sin el menor \u00e1pice de perspectiva de g\u00e9nero para la toma de decisiones que impactan a m\u00e1s de la mitad de la poblaci\u00f3n, pues ser\u00e1n ellos quienes definan los \u00f3rdenes del d\u00eda, los accesos a tribuna, las presentaciones de iniciativas y desde luego, sus aprobaciones.<br>Ah\u00ed es cuando la gran ola paritaria choca contra techos de cristal que habr\u00e1 que derrumbar.<\/p>\n\n\n\n<p>@MonicaMendozaM<\/p>\n","protected":false},"excerpt":{"rendered":"<p>M\u00f3nica Mendoza Madrigal LaAgendaDeLasMujeres Tuvieron que llegar muchas y tuvieron que ser feministas para que en el Congreso de la Uni\u00f3n \u2013Senado y C\u00e1mara de Diputados incluida\u2013 se concretaran al fin los esfuerzos de muchos a\u00f1os de impulso a las leyes en materia de paridad y de violencia pol\u00edtica que ven\u00edan siendo empujadas desde tiempo [&hellip;]<\/p>\n","protected":false},"author":2,"featured_media":0,"comment_status":"closed","ping_status":"closed","sticky":false,"template":"","format":"standard","meta":{"tdm_status":"","tdm_grid_status":"","footnotes":""},"categories":[70],"tags":[2661,29728,1712,554,13921,4842,1817,711],"class_list":{"0":"post-77653","1":"post","2":"type-post","3":"status-publish","4":"format-standard","6":"category-de-opinion","7":"tag-camara-de-diputados","8":"tag-club-de-toby","9":"tag-congreso-de-la-union","10":"tag-ine","11":"tag-monica-mendoza-madrigal","12":"tag-paridad","13":"tag-plurinominales","14":"tag-senado"},"yoast_head":"<!-- This site is optimized with the Yoast SEO plugin v27.4 - https:\/\/yoast.com\/product\/yoast-seo-wordpress\/ -->\n<title>Fuera m\u00e1scaras: club de Toby en la C\u00e1mara de Diputados - Los pol\u00edticos Veracruz<\/title>\n<meta name=\"robots\" content=\"index, follow, max-snippet:-1, max-image-preview:large, max-video-preview:-1\" \/>\n<link rel=\"canonical\" href=\"https:\/\/lospoliticosveracruz.com\/?p=77653\" \/>\n<meta property=\"og:locale\" content=\"es_ES\" \/>\n<meta property=\"og:type\" content=\"article\" \/>\n<meta property=\"og:title\" content=\"Fuera m\u00e1scaras: club de Toby en la C\u00e1mara de Diputados - Los pol\u00edticos Veracruz\" \/>\n<meta property=\"og:description\" content=\"M\u00f3nica Mendoza Madrigal LaAgendaDeLasMujeres Tuvieron que llegar muchas y tuvieron que ser feministas para que en el Congreso de la Uni\u00f3n \u2013Senado y C\u00e1mara de Diputados incluida\u2013 se concretaran al fin los esfuerzos de muchos a\u00f1os de impulso a las leyes en materia de paridad y de violencia pol\u00edtica que ven\u00edan siendo empujadas desde tiempo [&hellip;]\" \/>\n<meta property=\"og:url\" content=\"https:\/\/lospoliticosveracruz.com\/?p=77653\" \/>\n<meta property=\"og:site_name\" content=\"Los pol\u00edticos Veracruz\" \/>\n<meta property=\"article:publisher\" content=\"https:\/\/www.facebook.com\/people\/Notimemes-de-los-Polticos\/61565672886568\/\" \/>\n<meta property=\"article:published_time\" content=\"2021-08-05T16:21:21+00:00\" \/>\n<meta property=\"article:modified_time\" content=\"2021-08-05T16:21:26+00:00\" \/>\n<meta property=\"og:image\" content=\"http:\/\/www.lospoliticosveracruz.com.mx\/wp-content\/uploads\/2021\/08\/WhatsApp-Image-2021-08-02-at-12.46.36.jpeg\" \/>\n<meta name=\"author\" content=\"Lo viste en Los Pol\u00edticos\" \/>\n<meta name=\"twitter:card\" content=\"summary_large_image\" \/>\n<meta name=\"twitter:creator\" content=\"@LosPoliticosVer\" \/>\n<meta name=\"twitter:site\" content=\"@LosPoliticosVer\" \/>\n<meta name=\"twitter:label1\" content=\"Escrito por\" \/>\n\t<meta name=\"twitter:data1\" content=\"Lo viste en Los Pol\u00edticos\" \/>\n\t<meta name=\"twitter:label2\" content=\"Tiempo de lectura\" \/>\n\t<meta name=\"twitter:data2\" content=\"5 minutos\" \/>\n<script type=\"application\/ld+json\" class=\"yoast-schema-graph\">{\"@context\":\"https:\\\/\\\/schema.org\",\"@graph\":[{\"@type\":\"Article\",\"@id\":\"https:\\\/\\\/lospoliticosveracruz.com\\\/?p=77653#article\",\"isPartOf\":{\"@id\":\"https:\\\/\\\/lospoliticosveracruz.com\\\/?p=77653\"},\"author\":{\"name\":\"Lo viste en Los Pol\u00edticos\",\"@id\":\"https:\\\/\\\/lospoliticosveracruz.com\\\/#\\\/schema\\\/person\\\/b8702bb0e538456e6efd07080bf2a4a2\"},\"headline\":\"Fuera m\u00e1scaras: club de Toby en la C\u00e1mara de Diputados\",\"datePublished\":\"2021-08-05T16:21:21+00:00\",\"dateModified\":\"2021-08-05T16:21:26+00:00\",\"mainEntityOfPage\":{\"@id\":\"https:\\\/\\\/lospoliticosveracruz.com\\\/?p=77653\"},\"wordCount\":941,\"publisher\":{\"@id\":\"https:\\\/\\\/lospoliticosveracruz.com\\\/#organization\"},\"image\":{\"@id\":\"https:\\\/\\\/lospoliticosveracruz.com\\\/?p=77653#primaryimage\"},\"thumbnailUrl\":\"http:\\\/\\\/www.lospoliticosveracruz.com.mx\\\/wp-content\\\/uploads\\\/2021\\\/08\\\/WhatsApp-Image-2021-08-02-at-12.46.36.jpeg\",\"keywords\":[\"C\u00e1mara de Diputados\",\"Club de Toby\",\"Congreso de la Uni\u00f3n\",\"INE\",\"M\u00f3nica Mendoza Madrigal\",\"paridad\",\"plurinominales\",\"Senado\"],\"articleSection\":[\"De Opini\u00f3n\"],\"inLanguage\":\"es\"},{\"@type\":\"WebPage\",\"@id\":\"https:\\\/\\\/lospoliticosveracruz.com\\\/?p=77653\",\"url\":\"https:\\\/\\\/lospoliticosveracruz.com\\\/?p=77653\",\"name\":\"Fuera m\u00e1scaras: club de Toby en la C\u00e1mara de Diputados - Los pol\u00edticos Veracruz\",\"isPartOf\":{\"@id\":\"https:\\\/\\\/lospoliticosveracruz.com\\\/#website\"},\"primaryImageOfPage\":{\"@id\":\"https:\\\/\\\/lospoliticosveracruz.com\\\/?p=77653#primaryimage\"},\"image\":{\"@id\":\"https:\\\/\\\/lospoliticosveracruz.com\\\/?p=77653#primaryimage\"},\"thumbnailUrl\":\"http:\\\/\\\/www.lospoliticosveracruz.com.mx\\\/wp-content\\\/uploads\\\/2021\\\/08\\\/WhatsApp-Image-2021-08-02-at-12.46.36.jpeg\",\"datePublished\":\"2021-08-05T16:21:21+00:00\",\"dateModified\":\"2021-08-05T16:21:26+00:00\",\"breadcrumb\":{\"@id\":\"https:\\\/\\\/lospoliticosveracruz.com\\\/?p=77653#breadcrumb\"},\"inLanguage\":\"es\",\"potentialAction\":[{\"@type\":\"ReadAction\",\"target\":[\"https:\\\/\\\/lospoliticosveracruz.com\\\/?p=77653\"]}]},{\"@type\":\"ImageObject\",\"inLanguage\":\"es\",\"@id\":\"https:\\\/\\\/lospoliticosveracruz.com\\\/?p=77653#primaryimage\",\"url\":\"http:\\\/\\\/www.lospoliticosveracruz.com.mx\\\/wp-content\\\/uploads\\\/2021\\\/08\\\/WhatsApp-Image-2021-08-02-at-12.46.36.jpeg\",\"contentUrl\":\"http:\\\/\\\/www.lospoliticosveracruz.com.mx\\\/wp-content\\\/uploads\\\/2021\\\/08\\\/WhatsApp-Image-2021-08-02-at-12.46.36.jpeg\"},{\"@type\":\"BreadcrumbList\",\"@id\":\"https:\\\/\\\/lospoliticosveracruz.com\\\/?p=77653#breadcrumb\",\"itemListElement\":[{\"@type\":\"ListItem\",\"position\":1,\"name\":\"Portada\",\"item\":\"https:\\\/\\\/lospoliticosveracruz.com\\\/\"},{\"@type\":\"ListItem\",\"position\":2,\"name\":\"Fuera m\u00e1scaras: club de Toby en la C\u00e1mara de Diputados\"}]},{\"@type\":\"WebSite\",\"@id\":\"https:\\\/\\\/lospoliticosveracruz.com\\\/#website\",\"url\":\"https:\\\/\\\/lospoliticosveracruz.com\\\/\",\"name\":\"Los pol\u00edticos Veracruz\",\"description\":\"\",\"publisher\":{\"@id\":\"https:\\\/\\\/lospoliticosveracruz.com\\\/#organization\"},\"potentialAction\":[{\"@type\":\"SearchAction\",\"target\":{\"@type\":\"EntryPoint\",\"urlTemplate\":\"https:\\\/\\\/lospoliticosveracruz.com\\\/?s={search_term_string}\"},\"query-input\":{\"@type\":\"PropertyValueSpecification\",\"valueRequired\":true,\"valueName\":\"search_term_string\"}}],\"inLanguage\":\"es\"},{\"@type\":\"Organization\",\"@id\":\"https:\\\/\\\/lospoliticosveracruz.com\\\/#organization\",\"name\":\"Los pol\u00edticos Veracruz\",\"url\":\"https:\\\/\\\/lospoliticosveracruz.com\\\/\",\"logo\":{\"@type\":\"ImageObject\",\"inLanguage\":\"es\",\"@id\":\"https:\\\/\\\/lospoliticosveracruz.com\\\/#\\\/schema\\\/logo\\\/image\\\/\",\"url\":\"https:\\\/\\\/lospoliticosveracruz.com\\\/wp-content\\\/uploads\\\/2025\\\/12\\\/Logo-Nuevo-LOS-POLITICOS-1.jpg\",\"contentUrl\":\"https:\\\/\\\/lospoliticosveracruz.com\\\/wp-content\\\/uploads\\\/2025\\\/12\\\/Logo-Nuevo-LOS-POLITICOS-1.jpg\",\"width\":260,\"height\":70,\"caption\":\"Los pol\u00edticos Veracruz\"},\"image\":{\"@id\":\"https:\\\/\\\/lospoliticosveracruz.com\\\/#\\\/schema\\\/logo\\\/image\\\/\"},\"sameAs\":[\"https:\\\/\\\/www.facebook.com\\\/people\\\/Notimemes-de-los-Polticos\\\/61565672886568\\\/\",\"https:\\\/\\\/x.com\\\/LosPoliticosVer\"]},{\"@type\":\"Person\",\"@id\":\"https:\\\/\\\/lospoliticosveracruz.com\\\/#\\\/schema\\\/person\\\/b8702bb0e538456e6efd07080bf2a4a2\",\"name\":\"Lo viste en Los Pol\u00edticos\",\"image\":{\"@type\":\"ImageObject\",\"inLanguage\":\"es\",\"@id\":\"https:\\\/\\\/secure.gravatar.com\\\/avatar\\\/3a8de04a2656d44082be478bd6c086daa447c4651605818287b9532d3d0bd435?s=96&d=mm&r=g\",\"url\":\"https:\\\/\\\/secure.gravatar.com\\\/avatar\\\/3a8de04a2656d44082be478bd6c086daa447c4651605818287b9532d3d0bd435?s=96&d=mm&r=g\",\"contentUrl\":\"https:\\\/\\\/secure.gravatar.com\\\/avatar\\\/3a8de04a2656d44082be478bd6c086daa447c4651605818287b9532d3d0bd435?s=96&d=mm&r=g\",\"caption\":\"Lo viste en Los Pol\u00edticos\"},\"url\":\"https:\\\/\\\/lospoliticosveracruz.com\\\/?author=2\"}]}<\/script>\n<!-- \/ Yoast SEO plugin. -->","yoast_head_json":{"title":"Fuera m\u00e1scaras: club de Toby en la C\u00e1mara de Diputados - Los pol\u00edticos Veracruz","robots":{"index":"index","follow":"follow","max-snippet":"max-snippet:-1","max-image-preview":"max-image-preview:large","max-video-preview":"max-video-preview:-1"},"canonical":"https:\/\/lospoliticosveracruz.com\/?p=77653","og_locale":"es_ES","og_type":"article","og_title":"Fuera m\u00e1scaras: club de Toby en la C\u00e1mara de Diputados - Los pol\u00edticos Veracruz","og_description":"M\u00f3nica Mendoza Madrigal LaAgendaDeLasMujeres Tuvieron que llegar muchas y tuvieron que ser feministas para que en el Congreso de la Uni\u00f3n \u2013Senado y C\u00e1mara de Diputados incluida\u2013 se concretaran al fin los esfuerzos de muchos a\u00f1os de impulso a las leyes en materia de paridad y de violencia pol\u00edtica que ven\u00edan siendo empujadas desde tiempo [&hellip;]","og_url":"https:\/\/lospoliticosveracruz.com\/?p=77653","og_site_name":"Los pol\u00edticos Veracruz","article_publisher":"https:\/\/www.facebook.com\/people\/Notimemes-de-los-Polticos\/61565672886568\/","article_published_time":"2021-08-05T16:21:21+00:00","article_modified_time":"2021-08-05T16:21:26+00:00","og_image":[{"url":"http:\/\/www.lospoliticosveracruz.com.mx\/wp-content\/uploads\/2021\/08\/WhatsApp-Image-2021-08-02-at-12.46.36.jpeg","type":"","width":"","height":""}],"author":"Lo viste en Los Pol\u00edticos","twitter_card":"summary_large_image","twitter_creator":"@LosPoliticosVer","twitter_site":"@LosPoliticosVer","twitter_misc":{"Escrito por":"Lo viste en Los Pol\u00edticos","Tiempo de lectura":"5 minutos"},"schema":{"@context":"https:\/\/schema.org","@graph":[{"@type":"Article","@id":"https:\/\/lospoliticosveracruz.com\/?p=77653#article","isPartOf":{"@id":"https:\/\/lospoliticosveracruz.com\/?p=77653"},"author":{"name":"Lo viste en Los Pol\u00edticos","@id":"https:\/\/lospoliticosveracruz.com\/#\/schema\/person\/b8702bb0e538456e6efd07080bf2a4a2"},"headline":"Fuera m\u00e1scaras: club de Toby en la C\u00e1mara de Diputados","datePublished":"2021-08-05T16:21:21+00:00","dateModified":"2021-08-05T16:21:26+00:00","mainEntityOfPage":{"@id":"https:\/\/lospoliticosveracruz.com\/?p=77653"},"wordCount":941,"publisher":{"@id":"https:\/\/lospoliticosveracruz.com\/#organization"},"image":{"@id":"https:\/\/lospoliticosveracruz.com\/?p=77653#primaryimage"},"thumbnailUrl":"http:\/\/www.lospoliticosveracruz.com.mx\/wp-content\/uploads\/2021\/08\/WhatsApp-Image-2021-08-02-at-12.46.36.jpeg","keywords":["C\u00e1mara de Diputados","Club de Toby","Congreso de la Uni\u00f3n","INE","M\u00f3nica Mendoza Madrigal","paridad","plurinominales","Senado"],"articleSection":["De Opini\u00f3n"],"inLanguage":"es"},{"@type":"WebPage","@id":"https:\/\/lospoliticosveracruz.com\/?p=77653","url":"https:\/\/lospoliticosveracruz.com\/?p=77653","name":"Fuera m\u00e1scaras: club de Toby en la C\u00e1mara de Diputados - Los pol\u00edticos Veracruz","isPartOf":{"@id":"https:\/\/lospoliticosveracruz.com\/#website"},"primaryImageOfPage":{"@id":"https:\/\/lospoliticosveracruz.com\/?p=77653#primaryimage"},"image":{"@id":"https:\/\/lospoliticosveracruz.com\/?p=77653#primaryimage"},"thumbnailUrl":"http:\/\/www.lospoliticosveracruz.com.mx\/wp-content\/uploads\/2021\/08\/WhatsApp-Image-2021-08-02-at-12.46.36.jpeg","datePublished":"2021-08-05T16:21:21+00:00","dateModified":"2021-08-05T16:21:26+00:00","breadcrumb":{"@id":"https:\/\/lospoliticosveracruz.com\/?p=77653#breadcrumb"},"inLanguage":"es","potentialAction":[{"@type":"ReadAction","target":["https:\/\/lospoliticosveracruz.com\/?p=77653"]}]},{"@type":"ImageObject","inLanguage":"es","@id":"https:\/\/lospoliticosveracruz.com\/?p=77653#primaryimage","url":"http:\/\/www.lospoliticosveracruz.com.mx\/wp-content\/uploads\/2021\/08\/WhatsApp-Image-2021-08-02-at-12.46.36.jpeg","contentUrl":"http:\/\/www.lospoliticosveracruz.com.mx\/wp-content\/uploads\/2021\/08\/WhatsApp-Image-2021-08-02-at-12.46.36.jpeg"},{"@type":"BreadcrumbList","@id":"https:\/\/lospoliticosveracruz.com\/?p=77653#breadcrumb","itemListElement":[{"@type":"ListItem","position":1,"name":"Portada","item":"https:\/\/lospoliticosveracruz.com\/"},{"@type":"ListItem","position":2,"name":"Fuera m\u00e1scaras: club de Toby en la C\u00e1mara de Diputados"}]},{"@type":"WebSite","@id":"https:\/\/lospoliticosveracruz.com\/#website","url":"https:\/\/lospoliticosveracruz.com\/","name":"Los pol\u00edticos Veracruz","description":"","publisher":{"@id":"https:\/\/lospoliticosveracruz.com\/#organization"},"potentialAction":[{"@type":"SearchAction","target":{"@type":"EntryPoint","urlTemplate":"https:\/\/lospoliticosveracruz.com\/?s={search_term_string}"},"query-input":{"@type":"PropertyValueSpecification","valueRequired":true,"valueName":"search_term_string"}}],"inLanguage":"es"},{"@type":"Organization","@id":"https:\/\/lospoliticosveracruz.com\/#organization","name":"Los pol\u00edticos Veracruz","url":"https:\/\/lospoliticosveracruz.com\/","logo":{"@type":"ImageObject","inLanguage":"es","@id":"https:\/\/lospoliticosveracruz.com\/#\/schema\/logo\/image\/","url":"https:\/\/lospoliticosveracruz.com\/wp-content\/uploads\/2025\/12\/Logo-Nuevo-LOS-POLITICOS-1.jpg","contentUrl":"https:\/\/lospoliticosveracruz.com\/wp-content\/uploads\/2025\/12\/Logo-Nuevo-LOS-POLITICOS-1.jpg","width":260,"height":70,"caption":"Los pol\u00edticos Veracruz"},"image":{"@id":"https:\/\/lospoliticosveracruz.com\/#\/schema\/logo\/image\/"},"sameAs":["https:\/\/www.facebook.com\/people\/Notimemes-de-los-Polticos\/61565672886568\/","https:\/\/x.com\/LosPoliticosVer"]},{"@type":"Person","@id":"https:\/\/lospoliticosveracruz.com\/#\/schema\/person\/b8702bb0e538456e6efd07080bf2a4a2","name":"Lo viste en Los Pol\u00edticos","image":{"@type":"ImageObject","inLanguage":"es","@id":"https:\/\/secure.gravatar.com\/avatar\/3a8de04a2656d44082be478bd6c086daa447c4651605818287b9532d3d0bd435?s=96&d=mm&r=g","url":"https:\/\/secure.gravatar.com\/avatar\/3a8de04a2656d44082be478bd6c086daa447c4651605818287b9532d3d0bd435?s=96&d=mm&r=g","contentUrl":"https:\/\/secure.gravatar.com\/avatar\/3a8de04a2656d44082be478bd6c086daa447c4651605818287b9532d3d0bd435?s=96&d=mm&r=g","caption":"Lo viste en Los Pol\u00edticos"},"url":"https:\/\/lospoliticosveracruz.com\/?author=2"}]}},"_links":{"self":[{"href":"https:\/\/lospoliticosveracruz.com\/index.php?rest_route=\/wp\/v2\/posts\/77653","targetHints":{"allow":["GET"]}}],"collection":[{"href":"https:\/\/lospoliticosveracruz.com\/index.php?rest_route=\/wp\/v2\/posts"}],"about":[{"href":"https:\/\/lospoliticosveracruz.com\/index.php?rest_route=\/wp\/v2\/types\/post"}],"author":[{"embeddable":true,"href":"https:\/\/lospoliticosveracruz.com\/index.php?rest_route=\/wp\/v2\/users\/2"}],"replies":[{"embeddable":true,"href":"https:\/\/lospoliticosveracruz.com\/index.php?rest_route=%2Fwp%2Fv2%2Fcomments&post=77653"}],"version-history":[{"count":1,"href":"https:\/\/lospoliticosveracruz.com\/index.php?rest_route=\/wp\/v2\/posts\/77653\/revisions"}],"predecessor-version":[{"id":77655,"href":"https:\/\/lospoliticosveracruz.com\/index.php?rest_route=\/wp\/v2\/posts\/77653\/revisions\/77655"}],"wp:attachment":[{"href":"https:\/\/lospoliticosveracruz.com\/index.php?rest_route=%2Fwp%2Fv2%2Fmedia&parent=77653"}],"wp:term":[{"taxonomy":"category","embeddable":true,"href":"https:\/\/lospoliticosveracruz.com\/index.php?rest_route=%2Fwp%2Fv2%2Fcategories&post=77653"},{"taxonomy":"post_tag","embeddable":true,"href":"https:\/\/lospoliticosveracruz.com\/index.php?rest_route=%2Fwp%2Fv2%2Ftags&post=77653"}],"curies":[{"name":"wp","href":"https:\/\/api.w.org\/{rel}","templated":true}]}}