{"id":77677,"date":"2021-08-05T18:12:29","date_gmt":"2021-08-05T23:12:29","guid":{"rendered":"http:\/\/www.lospoliticosveracruz.com.mx\/?p=77677"},"modified":"2021-08-05T18:12:33","modified_gmt":"2021-08-05T23:12:33","slug":"ivai-lanza-plataforma-de-contrataciones-abiertas","status":"publish","type":"post","link":"https:\/\/lospoliticosveracruz.com\/?p=77677","title":{"rendered":"IVAI lanza plataforma de Contrataciones Abiertas"},"content":{"rendered":"\n<div class=\"wp-block-image\"><figure class=\"alignleft size-large\"><a href=\"http:\/\/www.lospoliticosveracruz.com.mx\/wp-content\/uploads\/2021\/08\/WhatsApp-Image-2021-08-02-at-12.46.36.jpeg\"><img decoding=\"async\" src=\"http:\/\/www.lospoliticosveracruz.com.mx\/wp-content\/uploads\/2021\/08\/WhatsApp-Image-2021-08-02-at-12.46.36.jpeg\" alt=\"\" class=\"wp-image-77480\"\/><\/a><\/figure><\/div>\n\n\n\n<p><strong>Xalapa<\/strong><br>El Instituto Veracruzano de Acceso a la Informaci\u00f3n y Protecci\u00f3n de Datos Personales (IVAI) sign\u00f3 un convenio de colaboraci\u00f3n con el Instituto Nacional de Transparencia, Acceso a la Informaci\u00f3n y Protecci\u00f3n de Datos Personales (INAI) para lanzar la plataforma \u00abContrataciones Abiertas\u00bb con la finalidad de poner a disposici\u00f3n de la sociedad la informaci\u00f3n referente a licitaciones y procesos de contrataci\u00f3n que realiza el \u00f3rgano garante local.<br>Las comisionadas presidentas del instituto nacional y estatal, Blanca Lilia Ibarra Cadena y Naldy Rodr\u00edguez Lagunes, destacaron que Veracruz se convierte en el sexto \u00f3rgano garante local en firmar el convenio y poner en funcionamiento esta herramienta de transparencia proactiva<br>Durante el evento en vivo, que se transmiti\u00f3 a trav\u00e9s de diferentes redes sociales, se present\u00f3 la herramienta que permite descargar y visualizar datos abiertos de todo el proceso de contrataci\u00f3n, junto con compromisos claros y definidos para la pol\u00edtica que seguir\u00e1 el IVAI para su publicaci\u00f3n.<br>Rodr\u00edguez Lagunes inform\u00f3 que el Instituto a su cargo trabaj\u00f3 en conjunto con el INAI para utilizar el estandar nacional e internacional de contrataciones, con el fin de rendir cuentas, transparentar el uso de los recursos y fomentar mecanismos para prevenir la corrupci\u00f3n.<br>\u00abEn Veracruz hemos vivido las consecuencias de la corrupci\u00f3n, lo hemos sentido, por eso no podemos dar marcha atr\u00e1s. Se trata de una responsabilidad compartida entre las autoridades y la ciudadan\u00eda\u00bb, consider\u00f3 la comisionada.<br>Afirm\u00f3 que usar datos abiertos, estandarizados y estructurados de contrataciones abiertas puede ayudar a crear competencias m\u00e1s justas y en igualdad de condiciones para las grandes, peque\u00f1as y medianas empresas; prevenir el fraude y la corrupci\u00f3n. De igual forma, promover an\u00e1lisis m\u00e1s inteligentes y mejores soluciones para problemas p\u00fablicos.<br>Destac\u00f3 que el Pleno actual del IVAI sigue una administraci\u00f3n transparente y responsable el uso de los recursos p\u00fablicos, bajo el principio de m\u00e1xima publicidad, para que no haya opacidad en la informaci\u00f3n financiera, ni manejos discrecionales.<br>\u00abHa sido caracter\u00edstica y sello de este Pleno, en el que se eliminaron bonos, se cubrieron adeudos del pasado, se reorient\u00f3 el gasto p\u00fablico para lograr un mayor beneficio social y se busc\u00f3 las mejores condiciones del mercado, con apego a la legalidad, para las contrataciones\u00bb, dijo.<br>Rodr\u00edguez inform\u00f3 que, a trav\u00e9s de la plataforma se pone a disposici\u00f3n datos en varios formatos para satisfacer las necesidades de diferentes usuarios; adem\u00e1s, el portal permite funciones de b\u00fasqueda, filtros, visualizaciones y descargas para ayudar a los usuarios a explorar todas las etapas del proceso de contrataciones en el \u00f3rgano garante local.<br>La presidenta del INAI, Blanca Lilia Ibarra Cadena, felicit\u00f3 a quienes conforman el IVAI por sumarse a la iniciativa de Contrataciones Abiertas en M\u00e9xico, y por la disposici\u00f3n para concretar el convenio de colaboraci\u00f3n, pues -dijo- demuestra una vocaci\u00f3n democr\u00e1tica y que la transparencia avanza en Veracruz.<br>Dijo estar convencida que las contrataciones abiertas que favorecer\u00e1n que los veracruzanos puedan conocer, analizar, evaluar los datos y la informaci\u00f3n relacionada con los procedimientos de contrataci\u00f3n p\u00fablica que efect\u00faa el \u00f3rgano garante, el cual habr\u00e1 de fungir como agente multiplicador de esta plataforma en el estado.<br>Ibarra Cadena destac\u00f3 que el compromiso que adquiri\u00f3 el IVAI resulta de la mayor relevancia porque el apoyo de las herramientas tecnol\u00f3gicas y el uso de datos abiertos son una gu\u00eda para atender la construcci\u00f3n; para alentar una cultura de transparencia, evaluaci\u00f3n y rendici\u00f3n de cuentas m\u00e1s eficaces.<br>El coordinador de la comisi\u00f3n de Pol\u00edticas de Acceso, Gobierno Abierto y Transparencia del INAI, Adri\u00e1n Alcal\u00e1 M\u00e9ndez, refiri\u00f3 que las contrataciones abiertas son una tendencia de corte internacional que se aplicada en varias regiones del pa\u00eds y permite impulsar la transparencia en la acci\u00f3n gubernamental y ayuda a detectar irregularidades. Asegur\u00f3 que dicho objeto tecnol\u00f3gico de colaboraci\u00f3n es una agenda necesaria para M\u00e9xico con varios retos por enfrentar.<br>Guillermo Burr, Senior Program Manager de la Alianza para las Contrataciones Abiertas hizo un reconocimiento al IVAI, por el esfuerzo de sumarse a dicho instrumento de colaboraci\u00f3n que contribuye a la integridad p\u00fablica; permite generar incidencia social y es fundamental para demandar mejores bienes y servicio.<br>En la transmisi\u00f3n, se realiz\u00f3 la presentaci\u00f3n de la herramienta Contrataciones Abiertas y de las experiencias derivadas del proceso de implementaci\u00f3n, a cargo de Directora de Administraci\u00f3n y Finanzas, Karla Cecilia Salinas Rom\u00e1n, y el Jefe de la Oficina de Desarrollo de Sistemas, Andr\u00e9s Calixto Benites, ambos del IVAI.<br>Atestiguaron la firma del convenio y el lanzamiento de la plataforma, las comisionadas del INAI, Julieta del R\u00edo y Josefina Rom\u00e1n; el comisionado del IVAI, Jos\u00e9 Alfredo Corona Liz\u00e1rraga; as\u00ed como el coordinador del Sistema Nacional de Transparencia (SNT), Julio C\u00e9sar Bonilla Guti\u00e9rrez; el coordinador de la Regi\u00f3n Sur del SNT, Ricardo Le\u00f3n Caraveo; el secretario ejecutivo del SNT, Federico Guzm\u00e1n Tamayo; y la titular del ORFIS, Delia Gonz\u00e1lez Cobos.<\/p>\n","protected":false},"excerpt":{"rendered":"<p>XalapaEl Instituto Veracruzano de Acceso a la Informaci\u00f3n y Protecci\u00f3n de Datos Personales (IVAI) sign\u00f3 un convenio de colaboraci\u00f3n con el Instituto Nacional de Transparencia, Acceso a la Informaci\u00f3n y Protecci\u00f3n de Datos Personales (INAI) para lanzar la plataforma \u00abContrataciones Abiertas\u00bb con la finalidad de poner a disposici\u00f3n de la sociedad la informaci\u00f3n referente a [&hellip;]<\/p>\n","protected":false},"author":2,"featured_media":0,"comment_status":"closed","ping_status":"closed","sticky":false,"template":"","format":"standard","meta":{"tdm_status":"","tdm_grid_status":"","footnotes":""},"categories":[73],"tags":[985,5578,195],"class_list":{"0":"post-77677","1":"post","2":"type-post","3":"status-publish","4":"format-standard","6":"category-de-boleto","7":"tag-ivai","8":"tag-naldy-patricia-rodriguez-lagunes","9":"tag-veracruz"},"yoast_head":"<!-- This site is optimized with the Yoast SEO plugin v27.4 - https:\/\/yoast.com\/product\/yoast-seo-wordpress\/ -->\n<title>IVAI lanza plataforma de Contrataciones Abiertas - Los pol\u00edticos Veracruz<\/title>\n<meta name=\"robots\" content=\"index, follow, max-snippet:-1, max-image-preview:large, max-video-preview:-1\" \/>\n<link rel=\"canonical\" href=\"https:\/\/lospoliticosveracruz.com\/?p=77677\" \/>\n<meta property=\"og:locale\" content=\"es_ES\" \/>\n<meta property=\"og:type\" content=\"article\" \/>\n<meta property=\"og:title\" content=\"IVAI lanza plataforma de Contrataciones Abiertas - Los pol\u00edticos Veracruz\" \/>\n<meta property=\"og:description\" content=\"XalapaEl Instituto Veracruzano de Acceso a la Informaci\u00f3n y Protecci\u00f3n de Datos Personales (IVAI) sign\u00f3 un convenio de colaboraci\u00f3n con el Instituto Nacional de Transparencia, Acceso a la Informaci\u00f3n y Protecci\u00f3n de Datos Personales (INAI) para lanzar la plataforma \u00abContrataciones Abiertas\u00bb con la finalidad de poner a disposici\u00f3n de la sociedad la informaci\u00f3n referente a [&hellip;]\" \/>\n<meta property=\"og:url\" content=\"https:\/\/lospoliticosveracruz.com\/?p=77677\" \/>\n<meta property=\"og:site_name\" content=\"Los pol\u00edticos Veracruz\" \/>\n<meta property=\"article:publisher\" content=\"https:\/\/www.facebook.com\/people\/Notimemes-de-los-Polticos\/61565672886568\/\" \/>\n<meta property=\"article:published_time\" content=\"2021-08-05T23:12:29+00:00\" \/>\n<meta property=\"article:modified_time\" content=\"2021-08-05T23:12:33+00:00\" \/>\n<meta property=\"og:image\" content=\"http:\/\/www.lospoliticosveracruz.com.mx\/wp-content\/uploads\/2021\/08\/WhatsApp-Image-2021-08-02-at-12.46.36.jpeg\" \/>\n<meta name=\"author\" content=\"Lo viste en Los Pol\u00edticos\" \/>\n<meta name=\"twitter:card\" content=\"summary_large_image\" \/>\n<meta name=\"twitter:creator\" content=\"@LosPoliticosVer\" \/>\n<meta name=\"twitter:site\" content=\"@LosPoliticosVer\" \/>\n<meta name=\"twitter:label1\" content=\"Escrito por\" \/>\n\t<meta name=\"twitter:data1\" content=\"Lo viste en Los Pol\u00edticos\" \/>\n\t<meta name=\"twitter:label2\" content=\"Tiempo de lectura\" \/>\n\t<meta name=\"twitter:data2\" content=\"4 minutos\" \/>\n<script type=\"application\/ld+json\" class=\"yoast-schema-graph\">{\"@context\":\"https:\\\/\\\/schema.org\",\"@graph\":[{\"@type\":\"Article\",\"@id\":\"https:\\\/\\\/lospoliticosveracruz.com\\\/?p=77677#article\",\"isPartOf\":{\"@id\":\"https:\\\/\\\/lospoliticosveracruz.com\\\/?p=77677\"},\"author\":{\"name\":\"Lo viste en Los Pol\u00edticos\",\"@id\":\"https:\\\/\\\/lospoliticosveracruz.com\\\/#\\\/schema\\\/person\\\/b8702bb0e538456e6efd07080bf2a4a2\"},\"headline\":\"IVAI lanza plataforma de Contrataciones Abiertas\",\"datePublished\":\"2021-08-05T23:12:29+00:00\",\"dateModified\":\"2021-08-05T23:12:33+00:00\",\"mainEntityOfPage\":{\"@id\":\"https:\\\/\\\/lospoliticosveracruz.com\\\/?p=77677\"},\"wordCount\":875,\"publisher\":{\"@id\":\"https:\\\/\\\/lospoliticosveracruz.com\\\/#organization\"},\"image\":{\"@id\":\"https:\\\/\\\/lospoliticosveracruz.com\\\/?p=77677#primaryimage\"},\"thumbnailUrl\":\"http:\\\/\\\/www.lospoliticosveracruz.com.mx\\\/wp-content\\\/uploads\\\/2021\\\/08\\\/WhatsApp-Image-2021-08-02-at-12.46.36.jpeg\",\"keywords\":[\"IVAI\",\"Naldy Patricia Rodr\u00edguez Lagunes\",\"Veracruz\"],\"articleSection\":[\"De Boleto\"],\"inLanguage\":\"es\"},{\"@type\":\"WebPage\",\"@id\":\"https:\\\/\\\/lospoliticosveracruz.com\\\/?p=77677\",\"url\":\"https:\\\/\\\/lospoliticosveracruz.com\\\/?p=77677\",\"name\":\"IVAI lanza plataforma de Contrataciones Abiertas - Los pol\u00edticos Veracruz\",\"isPartOf\":{\"@id\":\"https:\\\/\\\/lospoliticosveracruz.com\\\/#website\"},\"primaryImageOfPage\":{\"@id\":\"https:\\\/\\\/lospoliticosveracruz.com\\\/?p=77677#primaryimage\"},\"image\":{\"@id\":\"https:\\\/\\\/lospoliticosveracruz.com\\\/?p=77677#primaryimage\"},\"thumbnailUrl\":\"http:\\\/\\\/www.lospoliticosveracruz.com.mx\\\/wp-content\\\/uploads\\\/2021\\\/08\\\/WhatsApp-Image-2021-08-02-at-12.46.36.jpeg\",\"datePublished\":\"2021-08-05T23:12:29+00:00\",\"dateModified\":\"2021-08-05T23:12:33+00:00\",\"breadcrumb\":{\"@id\":\"https:\\\/\\\/lospoliticosveracruz.com\\\/?p=77677#breadcrumb\"},\"inLanguage\":\"es\",\"potentialAction\":[{\"@type\":\"ReadAction\",\"target\":[\"https:\\\/\\\/lospoliticosveracruz.com\\\/?p=77677\"]}]},{\"@type\":\"ImageObject\",\"inLanguage\":\"es\",\"@id\":\"https:\\\/\\\/lospoliticosveracruz.com\\\/?p=77677#primaryimage\",\"url\":\"http:\\\/\\\/www.lospoliticosveracruz.com.mx\\\/wp-content\\\/uploads\\\/2021\\\/08\\\/WhatsApp-Image-2021-08-02-at-12.46.36.jpeg\",\"contentUrl\":\"http:\\\/\\\/www.lospoliticosveracruz.com.mx\\\/wp-content\\\/uploads\\\/2021\\\/08\\\/WhatsApp-Image-2021-08-02-at-12.46.36.jpeg\"},{\"@type\":\"BreadcrumbList\",\"@id\":\"https:\\\/\\\/lospoliticosveracruz.com\\\/?p=77677#breadcrumb\",\"itemListElement\":[{\"@type\":\"ListItem\",\"position\":1,\"name\":\"Portada\",\"item\":\"https:\\\/\\\/lospoliticosveracruz.com\\\/\"},{\"@type\":\"ListItem\",\"position\":2,\"name\":\"IVAI lanza plataforma de Contrataciones Abiertas\"}]},{\"@type\":\"WebSite\",\"@id\":\"https:\\\/\\\/lospoliticosveracruz.com\\\/#website\",\"url\":\"https:\\\/\\\/lospoliticosveracruz.com\\\/\",\"name\":\"Los pol\u00edticos Veracruz\",\"description\":\"\",\"publisher\":{\"@id\":\"https:\\\/\\\/lospoliticosveracruz.com\\\/#organization\"},\"potentialAction\":[{\"@type\":\"SearchAction\",\"target\":{\"@type\":\"EntryPoint\",\"urlTemplate\":\"https:\\\/\\\/lospoliticosveracruz.com\\\/?s={search_term_string}\"},\"query-input\":{\"@type\":\"PropertyValueSpecification\",\"valueRequired\":true,\"valueName\":\"search_term_string\"}}],\"inLanguage\":\"es\"},{\"@type\":\"Organization\",\"@id\":\"https:\\\/\\\/lospoliticosveracruz.com\\\/#organization\",\"name\":\"Los pol\u00edticos Veracruz\",\"url\":\"https:\\\/\\\/lospoliticosveracruz.com\\\/\",\"logo\":{\"@type\":\"ImageObject\",\"inLanguage\":\"es\",\"@id\":\"https:\\\/\\\/lospoliticosveracruz.com\\\/#\\\/schema\\\/logo\\\/image\\\/\",\"url\":\"https:\\\/\\\/lospoliticosveracruz.com\\\/wp-content\\\/uploads\\\/2025\\\/12\\\/Logo-Nuevo-LOS-POLITICOS-1.jpg\",\"contentUrl\":\"https:\\\/\\\/lospoliticosveracruz.com\\\/wp-content\\\/uploads\\\/2025\\\/12\\\/Logo-Nuevo-LOS-POLITICOS-1.jpg\",\"width\":260,\"height\":70,\"caption\":\"Los pol\u00edticos Veracruz\"},\"image\":{\"@id\":\"https:\\\/\\\/lospoliticosveracruz.com\\\/#\\\/schema\\\/logo\\\/image\\\/\"},\"sameAs\":[\"https:\\\/\\\/www.facebook.com\\\/people\\\/Notimemes-de-los-Polticos\\\/61565672886568\\\/\",\"https:\\\/\\\/x.com\\\/LosPoliticosVer\"]},{\"@type\":\"Person\",\"@id\":\"https:\\\/\\\/lospoliticosveracruz.com\\\/#\\\/schema\\\/person\\\/b8702bb0e538456e6efd07080bf2a4a2\",\"name\":\"Lo viste en Los Pol\u00edticos\",\"image\":{\"@type\":\"ImageObject\",\"inLanguage\":\"es\",\"@id\":\"https:\\\/\\\/secure.gravatar.com\\\/avatar\\\/3a8de04a2656d44082be478bd6c086daa447c4651605818287b9532d3d0bd435?s=96&d=mm&r=g\",\"url\":\"https:\\\/\\\/secure.gravatar.com\\\/avatar\\\/3a8de04a2656d44082be478bd6c086daa447c4651605818287b9532d3d0bd435?s=96&d=mm&r=g\",\"contentUrl\":\"https:\\\/\\\/secure.gravatar.com\\\/avatar\\\/3a8de04a2656d44082be478bd6c086daa447c4651605818287b9532d3d0bd435?s=96&d=mm&r=g\",\"caption\":\"Lo viste en Los Pol\u00edticos\"},\"url\":\"https:\\\/\\\/lospoliticosveracruz.com\\\/?author=2\"}]}<\/script>\n<!-- \/ Yoast SEO plugin. -->","yoast_head_json":{"title":"IVAI lanza plataforma de Contrataciones Abiertas - Los pol\u00edticos Veracruz","robots":{"index":"index","follow":"follow","max-snippet":"max-snippet:-1","max-image-preview":"max-image-preview:large","max-video-preview":"max-video-preview:-1"},"canonical":"https:\/\/lospoliticosveracruz.com\/?p=77677","og_locale":"es_ES","og_type":"article","og_title":"IVAI lanza plataforma de Contrataciones Abiertas - Los pol\u00edticos Veracruz","og_description":"XalapaEl Instituto Veracruzano de Acceso a la Informaci\u00f3n y Protecci\u00f3n de Datos Personales (IVAI) sign\u00f3 un convenio de colaboraci\u00f3n con el Instituto Nacional de Transparencia, Acceso a la Informaci\u00f3n y Protecci\u00f3n de Datos Personales (INAI) para lanzar la plataforma \u00abContrataciones Abiertas\u00bb con la finalidad de poner a disposici\u00f3n de la sociedad la informaci\u00f3n referente a [&hellip;]","og_url":"https:\/\/lospoliticosveracruz.com\/?p=77677","og_site_name":"Los pol\u00edticos Veracruz","article_publisher":"https:\/\/www.facebook.com\/people\/Notimemes-de-los-Polticos\/61565672886568\/","article_published_time":"2021-08-05T23:12:29+00:00","article_modified_time":"2021-08-05T23:12:33+00:00","og_image":[{"url":"http:\/\/www.lospoliticosveracruz.com.mx\/wp-content\/uploads\/2021\/08\/WhatsApp-Image-2021-08-02-at-12.46.36.jpeg","type":"","width":"","height":""}],"author":"Lo viste en Los Pol\u00edticos","twitter_card":"summary_large_image","twitter_creator":"@LosPoliticosVer","twitter_site":"@LosPoliticosVer","twitter_misc":{"Escrito por":"Lo viste en Los Pol\u00edticos","Tiempo de lectura":"4 minutos"},"schema":{"@context":"https:\/\/schema.org","@graph":[{"@type":"Article","@id":"https:\/\/lospoliticosveracruz.com\/?p=77677#article","isPartOf":{"@id":"https:\/\/lospoliticosveracruz.com\/?p=77677"},"author":{"name":"Lo viste en Los Pol\u00edticos","@id":"https:\/\/lospoliticosveracruz.com\/#\/schema\/person\/b8702bb0e538456e6efd07080bf2a4a2"},"headline":"IVAI lanza plataforma de Contrataciones Abiertas","datePublished":"2021-08-05T23:12:29+00:00","dateModified":"2021-08-05T23:12:33+00:00","mainEntityOfPage":{"@id":"https:\/\/lospoliticosveracruz.com\/?p=77677"},"wordCount":875,"publisher":{"@id":"https:\/\/lospoliticosveracruz.com\/#organization"},"image":{"@id":"https:\/\/lospoliticosveracruz.com\/?p=77677#primaryimage"},"thumbnailUrl":"http:\/\/www.lospoliticosveracruz.com.mx\/wp-content\/uploads\/2021\/08\/WhatsApp-Image-2021-08-02-at-12.46.36.jpeg","keywords":["IVAI","Naldy Patricia Rodr\u00edguez Lagunes","Veracruz"],"articleSection":["De Boleto"],"inLanguage":"es"},{"@type":"WebPage","@id":"https:\/\/lospoliticosveracruz.com\/?p=77677","url":"https:\/\/lospoliticosveracruz.com\/?p=77677","name":"IVAI lanza plataforma de Contrataciones Abiertas - Los pol\u00edticos Veracruz","isPartOf":{"@id":"https:\/\/lospoliticosveracruz.com\/#website"},"primaryImageOfPage":{"@id":"https:\/\/lospoliticosveracruz.com\/?p=77677#primaryimage"},"image":{"@id":"https:\/\/lospoliticosveracruz.com\/?p=77677#primaryimage"},"thumbnailUrl":"http:\/\/www.lospoliticosveracruz.com.mx\/wp-content\/uploads\/2021\/08\/WhatsApp-Image-2021-08-02-at-12.46.36.jpeg","datePublished":"2021-08-05T23:12:29+00:00","dateModified":"2021-08-05T23:12:33+00:00","breadcrumb":{"@id":"https:\/\/lospoliticosveracruz.com\/?p=77677#breadcrumb"},"inLanguage":"es","potentialAction":[{"@type":"ReadAction","target":["https:\/\/lospoliticosveracruz.com\/?p=77677"]}]},{"@type":"ImageObject","inLanguage":"es","@id":"https:\/\/lospoliticosveracruz.com\/?p=77677#primaryimage","url":"http:\/\/www.lospoliticosveracruz.com.mx\/wp-content\/uploads\/2021\/08\/WhatsApp-Image-2021-08-02-at-12.46.36.jpeg","contentUrl":"http:\/\/www.lospoliticosveracruz.com.mx\/wp-content\/uploads\/2021\/08\/WhatsApp-Image-2021-08-02-at-12.46.36.jpeg"},{"@type":"BreadcrumbList","@id":"https:\/\/lospoliticosveracruz.com\/?p=77677#breadcrumb","itemListElement":[{"@type":"ListItem","position":1,"name":"Portada","item":"https:\/\/lospoliticosveracruz.com\/"},{"@type":"ListItem","position":2,"name":"IVAI lanza plataforma de Contrataciones Abiertas"}]},{"@type":"WebSite","@id":"https:\/\/lospoliticosveracruz.com\/#website","url":"https:\/\/lospoliticosveracruz.com\/","name":"Los pol\u00edticos Veracruz","description":"","publisher":{"@id":"https:\/\/lospoliticosveracruz.com\/#organization"},"potentialAction":[{"@type":"SearchAction","target":{"@type":"EntryPoint","urlTemplate":"https:\/\/lospoliticosveracruz.com\/?s={search_term_string}"},"query-input":{"@type":"PropertyValueSpecification","valueRequired":true,"valueName":"search_term_string"}}],"inLanguage":"es"},{"@type":"Organization","@id":"https:\/\/lospoliticosveracruz.com\/#organization","name":"Los pol\u00edticos Veracruz","url":"https:\/\/lospoliticosveracruz.com\/","logo":{"@type":"ImageObject","inLanguage":"es","@id":"https:\/\/lospoliticosveracruz.com\/#\/schema\/logo\/image\/","url":"https:\/\/lospoliticosveracruz.com\/wp-content\/uploads\/2025\/12\/Logo-Nuevo-LOS-POLITICOS-1.jpg","contentUrl":"https:\/\/lospoliticosveracruz.com\/wp-content\/uploads\/2025\/12\/Logo-Nuevo-LOS-POLITICOS-1.jpg","width":260,"height":70,"caption":"Los pol\u00edticos Veracruz"},"image":{"@id":"https:\/\/lospoliticosveracruz.com\/#\/schema\/logo\/image\/"},"sameAs":["https:\/\/www.facebook.com\/people\/Notimemes-de-los-Polticos\/61565672886568\/","https:\/\/x.com\/LosPoliticosVer"]},{"@type":"Person","@id":"https:\/\/lospoliticosveracruz.com\/#\/schema\/person\/b8702bb0e538456e6efd07080bf2a4a2","name":"Lo viste en Los Pol\u00edticos","image":{"@type":"ImageObject","inLanguage":"es","@id":"https:\/\/secure.gravatar.com\/avatar\/3a8de04a2656d44082be478bd6c086daa447c4651605818287b9532d3d0bd435?s=96&d=mm&r=g","url":"https:\/\/secure.gravatar.com\/avatar\/3a8de04a2656d44082be478bd6c086daa447c4651605818287b9532d3d0bd435?s=96&d=mm&r=g","contentUrl":"https:\/\/secure.gravatar.com\/avatar\/3a8de04a2656d44082be478bd6c086daa447c4651605818287b9532d3d0bd435?s=96&d=mm&r=g","caption":"Lo viste en Los Pol\u00edticos"},"url":"https:\/\/lospoliticosveracruz.com\/?author=2"}]}},"_links":{"self":[{"href":"https:\/\/lospoliticosveracruz.com\/index.php?rest_route=\/wp\/v2\/posts\/77677","targetHints":{"allow":["GET"]}}],"collection":[{"href":"https:\/\/lospoliticosveracruz.com\/index.php?rest_route=\/wp\/v2\/posts"}],"about":[{"href":"https:\/\/lospoliticosveracruz.com\/index.php?rest_route=\/wp\/v2\/types\/post"}],"author":[{"embeddable":true,"href":"https:\/\/lospoliticosveracruz.com\/index.php?rest_route=\/wp\/v2\/users\/2"}],"replies":[{"embeddable":true,"href":"https:\/\/lospoliticosveracruz.com\/index.php?rest_route=%2Fwp%2Fv2%2Fcomments&post=77677"}],"version-history":[{"count":1,"href":"https:\/\/lospoliticosveracruz.com\/index.php?rest_route=\/wp\/v2\/posts\/77677\/revisions"}],"predecessor-version":[{"id":77679,"href":"https:\/\/lospoliticosveracruz.com\/index.php?rest_route=\/wp\/v2\/posts\/77677\/revisions\/77679"}],"wp:attachment":[{"href":"https:\/\/lospoliticosveracruz.com\/index.php?rest_route=%2Fwp%2Fv2%2Fmedia&parent=77677"}],"wp:term":[{"taxonomy":"category","embeddable":true,"href":"https:\/\/lospoliticosveracruz.com\/index.php?rest_route=%2Fwp%2Fv2%2Fcategories&post=77677"},{"taxonomy":"post_tag","embeddable":true,"href":"https:\/\/lospoliticosveracruz.com\/index.php?rest_route=%2Fwp%2Fv2%2Ftags&post=77677"}],"curies":[{"name":"wp","href":"https:\/\/api.w.org\/{rel}","templated":true}]}}