{"id":77680,"date":"2021-08-05T21:21:30","date_gmt":"2021-08-06T02:21:30","guid":{"rendered":"http:\/\/www.lospoliticosveracruz.com.mx\/?p=77680"},"modified":"2021-08-05T21:24:28","modified_gmt":"2021-08-06T02:24:28","slug":"magnicidio-obligar-el-regreso-a-clases-pri","status":"publish","type":"post","link":"https:\/\/lospoliticosveracruz.com\/?p=77680","title":{"rendered":"Genocidio obligar el regreso a clases: PRI"},"content":{"rendered":"\n<p><em>Xalapa<\/em><br>Como sociedad debemos exigir que se consulte el regreso a clases, y seguramente, no ser\u00e1 un fracaso como la consulta anterior para aplicar la ley, porque esto es para preservar la vida, afirm\u00f3, Eliseo Islas Chagoya, secretario de Cultura del Comit\u00e9 Directivo Estatal del PRI en Veracruz.<\/p>\n\n\n\n<p>\u201cOjal\u00e1 la sociedad se pueda manifestar pac\u00edficamente, razonadamente y hacer entender a la autoridad que est\u00e1 cometiendo un error, y estamos generando un genocidio en torno a la obligaci\u00f3n al regreso a clases el pr\u00f3ximo 30 de agosto, ante la tercera ola de contagios de SARS CoV2, causante de Covid 19. Este s\u00ed es un tema para consulta, definitivamente\u201d, expres\u00f3.<\/p>\n\n\n\n<p>Se\u00f1al\u00f3 que el PRI pide al Gobierno Federal y al Gobierno Estatal que emitan una responsiva, y se dejen orientar por quienes verdaderamente tienen conocimiento, como un epidemi\u00f3logo, o un infect\u00f3logo, porque la salud, y el manejo de la pandemia, no es una responsabilidad del sector educativo, y hoy, todo lo dejan a los padres de familia y maestros.<\/p>\n\n\n\n<p>\u201cNos solidarizamos con Alejandro Moreno C\u00e1rdenas, presidente del CEN del PRI, y con Marlon Ram\u00edrez Mar\u00edn, presidente del PRI en Veracruz, para pedir a la autoridad de manera espec\u00edfica, que no contin\u00faen con un capricho, que no contin\u00faen exponiendo a la gente\u201d, indic\u00f3.<\/p>\n\n\n\n<p>Eliseo Islas Chagoya, quien tambi\u00e9n es secretario general del Sindicato Independiente de Trabajadores de Telebachillerato y Servicios Educativos (SITTEBA), refiri\u00f3 que no vale la pena apresurarse a regresar: \u201ces mejor preservar la vida y la salud de ni\u00f1os, j\u00f3venes y de la sociedad en general; hoy ocho millones de veracruzanos, en su gran mayor\u00eda, est\u00e1n en desacuerdo con los \u00faltimos comentarios del Gobierno Federal y del Gobierno Estatal.\u201d<\/p>\n\n\n\n<p>Puntualiz\u00f3 que los maestros y los padres de familia no se oponen al regreso a clases, pero piden que se garanticen las condiciones m\u00ednimas necesarias para no exponer la vida de nadie, y eso ocurrir\u00e1 hasta que el cien por ciento de la poblaci\u00f3n est\u00e9 vacunada y se tengan menos riesgos de contagio para la ciudadan\u00eda que concurre en los centros educativos.<\/p>\n\n\n\n<p>Asimismo, insisti\u00f3 en que hay muchos aspectos a evaluar antes de un retorno a clases presenciales, por ejemplo, los espacios reducidos en aulas, que albergan de 20 a 60 personas; adem\u00e1s, con la situaci\u00f3n actual se requieren espacios limpios y ventilados, y los suficientes insumos de desinfecci\u00f3n para utilizarlos continuamente, lo cual hasta el momento no est\u00e1 garantizado.<\/p>\n\n\n\n<p>Reiter\u00f3 que existe preocupaci\u00f3n entre docentes y padres de familia respecto al regreso a clases presenciales, porque nos encontramos en el pico mas alto de la pandemia, porque hoy est\u00e1 atacando a ni\u00f1os y j\u00f3venes, poblaci\u00f3n que asiste a las escuelas, y no se quiere repetir lo ocurrido en otros estados y otros pa\u00edses en donde se registraron contagios en escuelas durante el regreso a clases apresurado.<\/p>\n\n\n\n<p>Finalmente, consider\u00f3 que el modelo hibrido, un 50% presencial y un 50% a distancia, pudiera ser una opci\u00f3n, siempre y cuando las clases quedaran grabadas para que los maestros solo cubran su jornada laboral.<\/p>\n","protected":false},"excerpt":{"rendered":"<p>XalapaComo sociedad debemos exigir que se consulte el regreso a clases, y seguramente, no ser\u00e1 un fracaso como la consulta anterior para aplicar la ley, porque esto es para preservar la vida, afirm\u00f3, Eliseo Islas Chagoya, secretario de Cultura del Comit\u00e9 Directivo Estatal del PRI en Veracruz. \u201cOjal\u00e1 la sociedad se pueda manifestar pac\u00edficamente, razonadamente [&hellip;]<\/p>\n","protected":false},"author":2,"featured_media":0,"comment_status":"closed","ping_status":"closed","sticky":false,"template":"","format":"standard","meta":{"tdm_status":"","tdm_grid_status":"","footnotes":""},"categories":[73],"tags":[15048,15772,2908,251,5899,15773,195],"class_list":{"0":"post-77680","1":"post","2":"type-post","3":"status-publish","4":"format-standard","6":"category-de-boleto","7":"tag-alejandro-moreno-cardenas","8":"tag-eliseo-islas-chagoya","9":"tag-marlon-ramirez-marin","10":"tag-pri","11":"tag-regreso-a-clases","12":"tag-secretario-de-cultura","13":"tag-veracruz"},"yoast_head":"<!-- This site is optimized with the Yoast SEO plugin v27.4 - https:\/\/yoast.com\/product\/yoast-seo-wordpress\/ -->\n<title>Genocidio obligar el regreso a clases: PRI - Los pol\u00edticos Veracruz<\/title>\n<meta name=\"robots\" content=\"index, follow, max-snippet:-1, max-image-preview:large, max-video-preview:-1\" \/>\n<link rel=\"canonical\" href=\"https:\/\/lospoliticosveracruz.com\/?p=77680\" \/>\n<meta property=\"og:locale\" content=\"es_ES\" \/>\n<meta property=\"og:type\" content=\"article\" \/>\n<meta property=\"og:title\" content=\"Genocidio obligar el regreso a clases: PRI - Los pol\u00edticos Veracruz\" \/>\n<meta property=\"og:description\" content=\"XalapaComo sociedad debemos exigir que se consulte el regreso a clases, y seguramente, no ser\u00e1 un fracaso como la consulta anterior para aplicar la ley, porque esto es para preservar la vida, afirm\u00f3, Eliseo Islas Chagoya, secretario de Cultura del Comit\u00e9 Directivo Estatal del PRI en Veracruz. \u201cOjal\u00e1 la sociedad se pueda manifestar pac\u00edficamente, razonadamente [&hellip;]\" \/>\n<meta property=\"og:url\" content=\"https:\/\/lospoliticosveracruz.com\/?p=77680\" \/>\n<meta property=\"og:site_name\" content=\"Los pol\u00edticos Veracruz\" \/>\n<meta property=\"article:publisher\" content=\"https:\/\/www.facebook.com\/people\/Notimemes-de-los-Polticos\/61565672886568\/\" \/>\n<meta property=\"article:published_time\" content=\"2021-08-06T02:21:30+00:00\" \/>\n<meta property=\"article:modified_time\" content=\"2021-08-06T02:24:28+00:00\" \/>\n<meta property=\"og:image\" content=\"https:\/\/lospoliticosveracruz.com\/wp-content\/uploads\/2016\/07\/Logo-Dor.jpg\" \/>\n\t<meta property=\"og:image:width\" content=\"200\" \/>\n\t<meta property=\"og:image:height\" content=\"200\" \/>\n\t<meta property=\"og:image:type\" content=\"image\/jpeg\" \/>\n<meta name=\"author\" content=\"Lo viste en Los Pol\u00edticos\" \/>\n<meta name=\"twitter:card\" content=\"summary_large_image\" \/>\n<meta name=\"twitter:creator\" content=\"@LosPoliticosVer\" \/>\n<meta name=\"twitter:site\" content=\"@LosPoliticosVer\" \/>\n<meta name=\"twitter:label1\" content=\"Escrito por\" \/>\n\t<meta name=\"twitter:data1\" content=\"Lo viste en Los Pol\u00edticos\" \/>\n\t<meta name=\"twitter:label2\" content=\"Tiempo de lectura\" \/>\n\t<meta name=\"twitter:data2\" content=\"3 minutos\" \/>\n<script type=\"application\/ld+json\" class=\"yoast-schema-graph\">{\"@context\":\"https:\\\/\\\/schema.org\",\"@graph\":[{\"@type\":\"Article\",\"@id\":\"https:\\\/\\\/lospoliticosveracruz.com\\\/?p=77680#article\",\"isPartOf\":{\"@id\":\"https:\\\/\\\/lospoliticosveracruz.com\\\/?p=77680\"},\"author\":{\"name\":\"Lo viste en Los Pol\u00edticos\",\"@id\":\"https:\\\/\\\/lospoliticosveracruz.com\\\/#\\\/schema\\\/person\\\/b8702bb0e538456e6efd07080bf2a4a2\"},\"headline\":\"Genocidio obligar el regreso a clases: PRI\",\"datePublished\":\"2021-08-06T02:21:30+00:00\",\"dateModified\":\"2021-08-06T02:24:28+00:00\",\"mainEntityOfPage\":{\"@id\":\"https:\\\/\\\/lospoliticosveracruz.com\\\/?p=77680\"},\"wordCount\":529,\"publisher\":{\"@id\":\"https:\\\/\\\/lospoliticosveracruz.com\\\/#organization\"},\"keywords\":[\"Alejandro Moreno C\u00e1rdenas\",\"Eliseo Islas Chagoya\",\"Marlon Ram\u00edrez Mar\u00edn\",\"PRI\",\"Regreso a clases\",\"secretario de Cultura\",\"Veracruz\"],\"articleSection\":[\"De Boleto\"],\"inLanguage\":\"es\"},{\"@type\":\"WebPage\",\"@id\":\"https:\\\/\\\/lospoliticosveracruz.com\\\/?p=77680\",\"url\":\"https:\\\/\\\/lospoliticosveracruz.com\\\/?p=77680\",\"name\":\"Genocidio obligar el regreso a clases: PRI - Los pol\u00edticos Veracruz\",\"isPartOf\":{\"@id\":\"https:\\\/\\\/lospoliticosveracruz.com\\\/#website\"},\"datePublished\":\"2021-08-06T02:21:30+00:00\",\"dateModified\":\"2021-08-06T02:24:28+00:00\",\"breadcrumb\":{\"@id\":\"https:\\\/\\\/lospoliticosveracruz.com\\\/?p=77680#breadcrumb\"},\"inLanguage\":\"es\",\"potentialAction\":[{\"@type\":\"ReadAction\",\"target\":[\"https:\\\/\\\/lospoliticosveracruz.com\\\/?p=77680\"]}]},{\"@type\":\"BreadcrumbList\",\"@id\":\"https:\\\/\\\/lospoliticosveracruz.com\\\/?p=77680#breadcrumb\",\"itemListElement\":[{\"@type\":\"ListItem\",\"position\":1,\"name\":\"Portada\",\"item\":\"https:\\\/\\\/lospoliticosveracruz.com\\\/\"},{\"@type\":\"ListItem\",\"position\":2,\"name\":\"Genocidio obligar el regreso a clases: PRI\"}]},{\"@type\":\"WebSite\",\"@id\":\"https:\\\/\\\/lospoliticosveracruz.com\\\/#website\",\"url\":\"https:\\\/\\\/lospoliticosveracruz.com\\\/\",\"name\":\"Los pol\u00edticos Veracruz\",\"description\":\"\",\"publisher\":{\"@id\":\"https:\\\/\\\/lospoliticosveracruz.com\\\/#organization\"},\"potentialAction\":[{\"@type\":\"SearchAction\",\"target\":{\"@type\":\"EntryPoint\",\"urlTemplate\":\"https:\\\/\\\/lospoliticosveracruz.com\\\/?s={search_term_string}\"},\"query-input\":{\"@type\":\"PropertyValueSpecification\",\"valueRequired\":true,\"valueName\":\"search_term_string\"}}],\"inLanguage\":\"es\"},{\"@type\":\"Organization\",\"@id\":\"https:\\\/\\\/lospoliticosveracruz.com\\\/#organization\",\"name\":\"Los pol\u00edticos Veracruz\",\"url\":\"https:\\\/\\\/lospoliticosveracruz.com\\\/\",\"logo\":{\"@type\":\"ImageObject\",\"inLanguage\":\"es\",\"@id\":\"https:\\\/\\\/lospoliticosveracruz.com\\\/#\\\/schema\\\/logo\\\/image\\\/\",\"url\":\"https:\\\/\\\/lospoliticosveracruz.com\\\/wp-content\\\/uploads\\\/2025\\\/12\\\/Logo-Nuevo-LOS-POLITICOS-1.jpg\",\"contentUrl\":\"https:\\\/\\\/lospoliticosveracruz.com\\\/wp-content\\\/uploads\\\/2025\\\/12\\\/Logo-Nuevo-LOS-POLITICOS-1.jpg\",\"width\":260,\"height\":70,\"caption\":\"Los pol\u00edticos Veracruz\"},\"image\":{\"@id\":\"https:\\\/\\\/lospoliticosveracruz.com\\\/#\\\/schema\\\/logo\\\/image\\\/\"},\"sameAs\":[\"https:\\\/\\\/www.facebook.com\\\/people\\\/Notimemes-de-los-Polticos\\\/61565672886568\\\/\",\"https:\\\/\\\/x.com\\\/LosPoliticosVer\"]},{\"@type\":\"Person\",\"@id\":\"https:\\\/\\\/lospoliticosveracruz.com\\\/#\\\/schema\\\/person\\\/b8702bb0e538456e6efd07080bf2a4a2\",\"name\":\"Lo viste en Los Pol\u00edticos\",\"image\":{\"@type\":\"ImageObject\",\"inLanguage\":\"es\",\"@id\":\"https:\\\/\\\/secure.gravatar.com\\\/avatar\\\/3a8de04a2656d44082be478bd6c086daa447c4651605818287b9532d3d0bd435?s=96&d=mm&r=g\",\"url\":\"https:\\\/\\\/secure.gravatar.com\\\/avatar\\\/3a8de04a2656d44082be478bd6c086daa447c4651605818287b9532d3d0bd435?s=96&d=mm&r=g\",\"contentUrl\":\"https:\\\/\\\/secure.gravatar.com\\\/avatar\\\/3a8de04a2656d44082be478bd6c086daa447c4651605818287b9532d3d0bd435?s=96&d=mm&r=g\",\"caption\":\"Lo viste en Los Pol\u00edticos\"},\"url\":\"https:\\\/\\\/lospoliticosveracruz.com\\\/?author=2\"}]}<\/script>\n<!-- \/ Yoast SEO plugin. -->","yoast_head_json":{"title":"Genocidio obligar el regreso a clases: PRI - Los pol\u00edticos Veracruz","robots":{"index":"index","follow":"follow","max-snippet":"max-snippet:-1","max-image-preview":"max-image-preview:large","max-video-preview":"max-video-preview:-1"},"canonical":"https:\/\/lospoliticosveracruz.com\/?p=77680","og_locale":"es_ES","og_type":"article","og_title":"Genocidio obligar el regreso a clases: PRI - Los pol\u00edticos Veracruz","og_description":"XalapaComo sociedad debemos exigir que se consulte el regreso a clases, y seguramente, no ser\u00e1 un fracaso como la consulta anterior para aplicar la ley, porque esto es para preservar la vida, afirm\u00f3, Eliseo Islas Chagoya, secretario de Cultura del Comit\u00e9 Directivo Estatal del PRI en Veracruz. \u201cOjal\u00e1 la sociedad se pueda manifestar pac\u00edficamente, razonadamente [&hellip;]","og_url":"https:\/\/lospoliticosveracruz.com\/?p=77680","og_site_name":"Los pol\u00edticos Veracruz","article_publisher":"https:\/\/www.facebook.com\/people\/Notimemes-de-los-Polticos\/61565672886568\/","article_published_time":"2021-08-06T02:21:30+00:00","article_modified_time":"2021-08-06T02:24:28+00:00","og_image":[{"width":200,"height":200,"url":"https:\/\/lospoliticosveracruz.com\/wp-content\/uploads\/2016\/07\/Logo-Dor.jpg","type":"image\/jpeg"}],"author":"Lo viste en Los Pol\u00edticos","twitter_card":"summary_large_image","twitter_creator":"@LosPoliticosVer","twitter_site":"@LosPoliticosVer","twitter_misc":{"Escrito por":"Lo viste en Los Pol\u00edticos","Tiempo de lectura":"3 minutos"},"schema":{"@context":"https:\/\/schema.org","@graph":[{"@type":"Article","@id":"https:\/\/lospoliticosveracruz.com\/?p=77680#article","isPartOf":{"@id":"https:\/\/lospoliticosveracruz.com\/?p=77680"},"author":{"name":"Lo viste en Los Pol\u00edticos","@id":"https:\/\/lospoliticosveracruz.com\/#\/schema\/person\/b8702bb0e538456e6efd07080bf2a4a2"},"headline":"Genocidio obligar el regreso a clases: PRI","datePublished":"2021-08-06T02:21:30+00:00","dateModified":"2021-08-06T02:24:28+00:00","mainEntityOfPage":{"@id":"https:\/\/lospoliticosveracruz.com\/?p=77680"},"wordCount":529,"publisher":{"@id":"https:\/\/lospoliticosveracruz.com\/#organization"},"keywords":["Alejandro Moreno C\u00e1rdenas","Eliseo Islas Chagoya","Marlon Ram\u00edrez Mar\u00edn","PRI","Regreso a clases","secretario de Cultura","Veracruz"],"articleSection":["De Boleto"],"inLanguage":"es"},{"@type":"WebPage","@id":"https:\/\/lospoliticosveracruz.com\/?p=77680","url":"https:\/\/lospoliticosveracruz.com\/?p=77680","name":"Genocidio obligar el regreso a clases: PRI - Los pol\u00edticos Veracruz","isPartOf":{"@id":"https:\/\/lospoliticosveracruz.com\/#website"},"datePublished":"2021-08-06T02:21:30+00:00","dateModified":"2021-08-06T02:24:28+00:00","breadcrumb":{"@id":"https:\/\/lospoliticosveracruz.com\/?p=77680#breadcrumb"},"inLanguage":"es","potentialAction":[{"@type":"ReadAction","target":["https:\/\/lospoliticosveracruz.com\/?p=77680"]}]},{"@type":"BreadcrumbList","@id":"https:\/\/lospoliticosveracruz.com\/?p=77680#breadcrumb","itemListElement":[{"@type":"ListItem","position":1,"name":"Portada","item":"https:\/\/lospoliticosveracruz.com\/"},{"@type":"ListItem","position":2,"name":"Genocidio obligar el regreso a clases: PRI"}]},{"@type":"WebSite","@id":"https:\/\/lospoliticosveracruz.com\/#website","url":"https:\/\/lospoliticosveracruz.com\/","name":"Los pol\u00edticos Veracruz","description":"","publisher":{"@id":"https:\/\/lospoliticosveracruz.com\/#organization"},"potentialAction":[{"@type":"SearchAction","target":{"@type":"EntryPoint","urlTemplate":"https:\/\/lospoliticosveracruz.com\/?s={search_term_string}"},"query-input":{"@type":"PropertyValueSpecification","valueRequired":true,"valueName":"search_term_string"}}],"inLanguage":"es"},{"@type":"Organization","@id":"https:\/\/lospoliticosveracruz.com\/#organization","name":"Los pol\u00edticos Veracruz","url":"https:\/\/lospoliticosveracruz.com\/","logo":{"@type":"ImageObject","inLanguage":"es","@id":"https:\/\/lospoliticosveracruz.com\/#\/schema\/logo\/image\/","url":"https:\/\/lospoliticosveracruz.com\/wp-content\/uploads\/2025\/12\/Logo-Nuevo-LOS-POLITICOS-1.jpg","contentUrl":"https:\/\/lospoliticosveracruz.com\/wp-content\/uploads\/2025\/12\/Logo-Nuevo-LOS-POLITICOS-1.jpg","width":260,"height":70,"caption":"Los pol\u00edticos Veracruz"},"image":{"@id":"https:\/\/lospoliticosveracruz.com\/#\/schema\/logo\/image\/"},"sameAs":["https:\/\/www.facebook.com\/people\/Notimemes-de-los-Polticos\/61565672886568\/","https:\/\/x.com\/LosPoliticosVer"]},{"@type":"Person","@id":"https:\/\/lospoliticosveracruz.com\/#\/schema\/person\/b8702bb0e538456e6efd07080bf2a4a2","name":"Lo viste en Los Pol\u00edticos","image":{"@type":"ImageObject","inLanguage":"es","@id":"https:\/\/secure.gravatar.com\/avatar\/3a8de04a2656d44082be478bd6c086daa447c4651605818287b9532d3d0bd435?s=96&d=mm&r=g","url":"https:\/\/secure.gravatar.com\/avatar\/3a8de04a2656d44082be478bd6c086daa447c4651605818287b9532d3d0bd435?s=96&d=mm&r=g","contentUrl":"https:\/\/secure.gravatar.com\/avatar\/3a8de04a2656d44082be478bd6c086daa447c4651605818287b9532d3d0bd435?s=96&d=mm&r=g","caption":"Lo viste en Los Pol\u00edticos"},"url":"https:\/\/lospoliticosveracruz.com\/?author=2"}]}},"_links":{"self":[{"href":"https:\/\/lospoliticosveracruz.com\/index.php?rest_route=\/wp\/v2\/posts\/77680","targetHints":{"allow":["GET"]}}],"collection":[{"href":"https:\/\/lospoliticosveracruz.com\/index.php?rest_route=\/wp\/v2\/posts"}],"about":[{"href":"https:\/\/lospoliticosveracruz.com\/index.php?rest_route=\/wp\/v2\/types\/post"}],"author":[{"embeddable":true,"href":"https:\/\/lospoliticosveracruz.com\/index.php?rest_route=\/wp\/v2\/users\/2"}],"replies":[{"embeddable":true,"href":"https:\/\/lospoliticosveracruz.com\/index.php?rest_route=%2Fwp%2Fv2%2Fcomments&post=77680"}],"version-history":[{"count":3,"href":"https:\/\/lospoliticosveracruz.com\/index.php?rest_route=\/wp\/v2\/posts\/77680\/revisions"}],"predecessor-version":[{"id":77684,"href":"https:\/\/lospoliticosveracruz.com\/index.php?rest_route=\/wp\/v2\/posts\/77680\/revisions\/77684"}],"wp:attachment":[{"href":"https:\/\/lospoliticosveracruz.com\/index.php?rest_route=%2Fwp%2Fv2%2Fmedia&parent=77680"}],"wp:term":[{"taxonomy":"category","embeddable":true,"href":"https:\/\/lospoliticosveracruz.com\/index.php?rest_route=%2Fwp%2Fv2%2Fcategories&post=77680"},{"taxonomy":"post_tag","embeddable":true,"href":"https:\/\/lospoliticosveracruz.com\/index.php?rest_route=%2Fwp%2Fv2%2Ftags&post=77680"}],"curies":[{"name":"wp","href":"https:\/\/api.w.org\/{rel}","templated":true}]}}