{"id":77685,"date":"2021-08-06T07:46:03","date_gmt":"2021-08-06T12:46:03","guid":{"rendered":"http:\/\/www.lospoliticosveracruz.com.mx\/?p=77685"},"modified":"2021-08-06T07:56:59","modified_gmt":"2021-08-06T12:56:59","slug":"juntos-pero-no-revueltos-2","status":"publish","type":"post","link":"https:\/\/lospoliticosveracruz.com\/?p=77685","title":{"rendered":"Juntos pero no revueltos"},"content":{"rendered":"\n<p><br><strong>Ricardo Ch\u00faa<\/strong><br><em>Sale y Vale<\/em><\/p>\n\n\n\n<p>OJO\u2026 No se hagan \u00abbolas\u00bb\u2026 En el PAN es un hecho consumado que no van a meter en conflictos electorales al interior de su partido a su propia miltiancia por el tema de las elecciones para renovar las dirigencias nacionales y estatales de este organismo pol\u00edtico\u2026 Procesos que se llevar\u00e1n a cabo tanto en Veracruz, como en todo el pa\u00eds\u2026 Es por ello, que primero van a elegir a su dirigente nacional, que es probable se reelija a Marko Cort\u00e9s, como presidente del CEN panista\u2026 No quieren tantas broncas en un mismo d\u00eda\u2026<\/p>\n\n\n\n<div class=\"wp-block-image\"><figure class=\"alignleft size-large\"><a href=\"http:\/\/www.lospoliticosveracruz.com.mx\/wp-content\/uploads\/2021\/08\/WhatsApp-Image-2021-08-02-at-12.46.36.jpeg\"><img decoding=\"async\" src=\"http:\/\/www.lospoliticosveracruz.com.mx\/wp-content\/uploads\/2021\/08\/WhatsApp-Image-2021-08-02-at-12.46.36.jpeg\" alt=\"\" class=\"wp-image-77480\"\/><\/a><\/figure><\/div>\n\n\n\n<p>Pero que ya despu\u00e9s de que esto sea un hecho consumado, entonces, van a buscar el renovar a los comit\u00e9s estatales\u2026 Por lo tanto, no ser\u00e1 una elecci\u00f3n que se haga el mismo d\u00eda\u2026 As\u00ed que ser\u00e1 hasta octubre pr\u00f3ximo cuando se d\u00e9 el proceso electoral interno para elegir a su presidente nacional del partido\u2026 Y al siguiente mes, despu\u00e9s de este hecho, en noviembre, se van a la elecci\u00f3n de las dirigencias estatales\u2026 As\u00ed Marko tendr\u00e1 la oportunidad de negociar y pactar con los grupos pol\u00edticos regionales del pa\u00eds\u2026 No se \u00abfracturan\u00bb\u2026<\/p>\n\n\n\n<p>En el caso de Veracruz\u2026 Todo indica que los grupos panistas m\u00e1s fuertes del Estado, distanciados entre s\u00ed en los temas locales, ir\u00e1n unidos de la mano en el tema nacional\u2026 Es decir, Los Yunes Azules, Los Cambranis-Delfin junto con \u00abLos Chapitos\u00bb Rementer\u00eda van a apoyar a Marko\u2026 Aunque aqu\u00ed se vayan a \u00abdestazar\u00bb pol\u00edticamente al siguiente mes, cuando luchen por la presidencia del comit\u00e9 estatal del PAN\u2026 No hay m\u00e1s\u2026 Junto con Marko, pero entre ellos se la van a partir todita\u2026 AS\u00cd SEA\u2026<\/p>\n\n\n\n<p>LOS \u00abZOPILOTES\u00bb DE TITO\u2026 Todo parece indicar que despu\u00e9s de lo publicado en este espacio, de que el ex diputado local, Tito Delf\u00edn Cano\u2026 Podr\u00eda \u00abbajarse del caballo\u00bb de la candidatura a la dirigencia estatal del PAN para darle paso a Miguel \u00c1ngel Yunes M\u00e1rquez, para que \u00e9l ocupe este espacio para la contienda de noviembre pr\u00f3ximo\u2026 Un poderoso \u00abGarganta Profunda Azul\u00bb se\u00f1al\u00f3: \u00abTengo mis dudas\u2026 A Tito lo est\u00e1n -zopiloteando- para debilitarlo y no es raro que esto suceda\u00bb\u2026<\/p>\n\n\n\n<p>Seg\u00fan el an\u00e1lisis de este poderoso personaje panista y operador pol\u00edtico detr\u00e1s de las \u00abbambalinas\u00bb azules\u2026 Se\u00f1ala que Tito junto con Joaqu\u00edn Guzm\u00e1n conocen bien el PAN y saben que es el momento apropiado para tratar de confundir al militante para buscar ganar la dirigencia, provocando \u00abp\u00e1nico\u00bb electoral y que todos vayan a la \u00abcargada\u00bb con el equipo contrario\u2026 Pero que seg\u00fan, \u00e9l sabe que Tito si va a ir por el cargo\u2026<\/p>\n\n\n\n<p>Este \u00abGarganta Profunda\u00bb se\u00f1ala que a Los Yunes Azules (Fernando y Miguel \u00c1ngel) no les conviene meterse directamente a otra \u00abguerra\u00bb pol\u00edtica ahora al interior del PAN porque sus figuras se pueden \u00abdesgastar\u00bb innecesariamente\u2026 M\u00e1s ahora cuando est\u00e1n apoyando a Marko Cort\u00e9s en su reelecci\u00f3n a la presidencia del CEN del PAN y que en este momento, est\u00e1n metidos en el tema de fortalecer a Patricia Lobeira, como alcaldesa electa\u2026<\/p>\n\n\n\n<p>Adem\u00e1s de que tienen mucho trabajo al interior de su grupo, respondiendo los alegatos judiciales electorales, que van saliendo de los tribunales en torno a la elecci\u00f3n de la alcald\u00eda del puerto de Veracruz.. No pueden darse el lujo de \u00ababrir otro frente\u00bb cuando tienen encima un asunto pol\u00edtico que los mantendr\u00eda vigentes pol\u00edticamente hasta el 2024\u2026 Ya que ellos, Los Yunes Azules, con dirigencia estatal o sin ella, siguen siendo de las figuras pol\u00edticas panistas m\u00e1s importantes de Veracruz\u2026 Haiga como haiga sido\u2026<\/p>\n\n\n\n<p>Confiesa \u00abGarganta Profunda\u00bb que este tema de la PRESUNTA salida de Delf\u00edn Cano de la candidatura a la presidencia estatal panista\u2026 Tambi\u00e9n puede ser \u00abfuego amigo\u00bb, ya que se ha \u00abfiltrado\u00bb por varios \u00abplumas\u00bb de los considerados \u00abvacas sagradas\u00bb del columnismo pol\u00edtico\u2026 Que la senadora, Indira Rosales, anda de un lado para otro en el Estado, reuni\u00e9ndose con la militancia panista, sin conocerse abiertamente con qu\u00e9 fin\u2026 Al final son reuniones internas\u2026 Pero en pol\u00edtica, las casualidades no existen.. Ah\u00ed puede estar el \u00abdetalle\u00bb de este tema\u2026<\/p>\n\n\n\n<p>Pero que este tema, no es una \u00abfiltraci\u00f3n\u00bb medi\u00e1tica que precisamente est\u00e9n haciendo los equipos pol\u00edticos o medi\u00e1ticos cercanos a Los Yunes Azules\u2026 Pero si pueden ser los propios grupos de poder inmersos en estos equipos de Los Yunes-Cambranis-Titos, que desean \u00abbajar\u00bb al terrablanquense, a como d\u00e9 lugar, y quedarse ellos con el poder de las negociaciones del comit\u00e9 estatal, si es que ganan la presidencia del partido\u2026 Para pactar acuerdos con Marko Cort\u00e9s y con \u00abEl Chapito\u00bb Guzm\u00e1n Avil\u00e9s\u2026.<\/p>\n\n\n\n<p>Aprovechan adem\u00e1s que Tito Delf\u00edn, ahora se encuentra en sus \u00faltimos d\u00edas de confinamiento, porque va saliendo de la enfermedad provocada por el virus del Covid-19\u2026 Donde al parecer es asintom\u00e1tico\u2026 Pero por las restricciones m\u00e9dicas propias de este mal, no puede hacer reuniones p\u00fablicas\u2026 Por ello, el esparcir el rumor al interior del panismo de que Defl\u00edn Cano, se puede bajar de la candidatura y asumir esa posici\u00f3n un personaje de la talla de un Yunes M\u00e1rquez\u2026 Es normal, en esta \u00abguerra\u00bb pol\u00edtica azul\u2026<\/p>\n\n\n\n<p>Lo que es un hecho es que hasta el momento\u2026 Tito Delf\u00edn contin\u00faa en la pelea por la dirigencia\u2026 Que \u00e9l va a encabezar la f\u00f3rmula y que si otra cosa no sucede, buscar\u00e1 la presidencia panista\u2026 Salvo acuerdos que pueda tomar su grupo con Marko Cort\u00e9s, despu\u00e9s de reelegirse como presidente del comit\u00e9 nacional del PAN\u2026 Pero ese caso, se ver\u00eda en octubre y luego se podr\u00eda dar una \u00abnegociaci\u00f3n\u00bb con el propio grupo de Joaqu\u00edn Guzm\u00e1n Avil\u00e9s para una candidatura de unidad\u2026 Por eso, lo quieren \u00abbajar\u00bb\u2026 PINCHES \u00abZOPILOTES\u00bb\u2026<\/p>\n","protected":false},"excerpt":{"rendered":"<p>Ricardo Ch\u00faaSale y Vale OJO\u2026 No se hagan \u00abbolas\u00bb\u2026 En el PAN es un hecho consumado que no van a meter en conflictos electorales al interior de su partido a su propia miltiancia por el tema de las elecciones para renovar las dirigencias nacionales y estatales de este organismo pol\u00edtico\u2026 Procesos que se llevar\u00e1n a [&hellip;]<\/p>\n","protected":false},"author":2,"featured_media":0,"comment_status":"closed","ping_status":"closed","sticky":false,"template":"","format":"standard","meta":{"tdm_status":"","tdm_grid_status":"","footnotes":""},"categories":[70],"tags":[3288,12562,266,13604,7518],"class_list":{"0":"post-77685","1":"post","2":"type-post","3":"status-publish","4":"format-standard","6":"category-de-opinion","7":"tag-joaquin-guzman-aviles","8":"tag-marko-cortes","9":"tag-pan","10":"tag-ricardo-chua","11":"tag-tito-delfin-cano"},"yoast_head":"<!-- This site is optimized with the Yoast SEO plugin v27.4 - https:\/\/yoast.com\/product\/yoast-seo-wordpress\/ -->\n<title>Juntos pero no revueltos - Los pol\u00edticos Veracruz<\/title>\n<meta name=\"robots\" content=\"index, follow, max-snippet:-1, max-image-preview:large, max-video-preview:-1\" \/>\n<link rel=\"canonical\" href=\"https:\/\/lospoliticosveracruz.com\/?p=77685\" \/>\n<meta property=\"og:locale\" content=\"es_ES\" \/>\n<meta property=\"og:type\" content=\"article\" \/>\n<meta property=\"og:title\" content=\"Juntos pero no revueltos - Los pol\u00edticos Veracruz\" \/>\n<meta property=\"og:description\" content=\"Ricardo Ch\u00faaSale y Vale OJO\u2026 No se hagan \u00abbolas\u00bb\u2026 En el PAN es un hecho consumado que no van a meter en conflictos electorales al interior de su partido a su propia miltiancia por el tema de las elecciones para renovar las dirigencias nacionales y estatales de este organismo pol\u00edtico\u2026 Procesos que se llevar\u00e1n a [&hellip;]\" \/>\n<meta property=\"og:url\" content=\"https:\/\/lospoliticosveracruz.com\/?p=77685\" \/>\n<meta property=\"og:site_name\" content=\"Los pol\u00edticos Veracruz\" \/>\n<meta property=\"article:publisher\" content=\"https:\/\/www.facebook.com\/people\/Notimemes-de-los-Polticos\/61565672886568\/\" \/>\n<meta property=\"article:published_time\" content=\"2021-08-06T12:46:03+00:00\" \/>\n<meta property=\"article:modified_time\" content=\"2021-08-06T12:56:59+00:00\" \/>\n<meta property=\"og:image\" content=\"http:\/\/www.lospoliticosveracruz.com.mx\/wp-content\/uploads\/2021\/08\/WhatsApp-Image-2021-08-02-at-12.46.36.jpeg\" \/>\n<meta name=\"author\" content=\"Lo viste en Los Pol\u00edticos\" \/>\n<meta name=\"twitter:card\" content=\"summary_large_image\" \/>\n<meta name=\"twitter:creator\" content=\"@LosPoliticosVer\" \/>\n<meta name=\"twitter:site\" content=\"@LosPoliticosVer\" \/>\n<meta name=\"twitter:label1\" content=\"Escrito por\" \/>\n\t<meta name=\"twitter:data1\" content=\"Lo viste en Los Pol\u00edticos\" \/>\n\t<meta name=\"twitter:label2\" content=\"Tiempo de lectura\" \/>\n\t<meta name=\"twitter:data2\" content=\"5 minutos\" \/>\n<script type=\"application\/ld+json\" class=\"yoast-schema-graph\">{\"@context\":\"https:\\\/\\\/schema.org\",\"@graph\":[{\"@type\":\"Article\",\"@id\":\"https:\\\/\\\/lospoliticosveracruz.com\\\/?p=77685#article\",\"isPartOf\":{\"@id\":\"https:\\\/\\\/lospoliticosveracruz.com\\\/?p=77685\"},\"author\":{\"name\":\"Lo viste en Los Pol\u00edticos\",\"@id\":\"https:\\\/\\\/lospoliticosveracruz.com\\\/#\\\/schema\\\/person\\\/b8702bb0e538456e6efd07080bf2a4a2\"},\"headline\":\"Juntos pero no revueltos\",\"datePublished\":\"2021-08-06T12:46:03+00:00\",\"dateModified\":\"2021-08-06T12:56:59+00:00\",\"mainEntityOfPage\":{\"@id\":\"https:\\\/\\\/lospoliticosveracruz.com\\\/?p=77685\"},\"wordCount\":1014,\"publisher\":{\"@id\":\"https:\\\/\\\/lospoliticosveracruz.com\\\/#organization\"},\"image\":{\"@id\":\"https:\\\/\\\/lospoliticosveracruz.com\\\/?p=77685#primaryimage\"},\"thumbnailUrl\":\"http:\\\/\\\/www.lospoliticosveracruz.com.mx\\\/wp-content\\\/uploads\\\/2021\\\/08\\\/WhatsApp-Image-2021-08-02-at-12.46.36.jpeg\",\"keywords\":[\"Joaqu\u00edn Guzm\u00e1n Avil\u00e9s\",\"Marko Cort\u00e9s\",\"PAN\",\"Ricardo Ch\u00faa\",\"Tito Delf\u00edn Cano\"],\"articleSection\":[\"De Opini\u00f3n\"],\"inLanguage\":\"es\"},{\"@type\":\"WebPage\",\"@id\":\"https:\\\/\\\/lospoliticosveracruz.com\\\/?p=77685\",\"url\":\"https:\\\/\\\/lospoliticosveracruz.com\\\/?p=77685\",\"name\":\"Juntos pero no revueltos - Los pol\u00edticos Veracruz\",\"isPartOf\":{\"@id\":\"https:\\\/\\\/lospoliticosveracruz.com\\\/#website\"},\"primaryImageOfPage\":{\"@id\":\"https:\\\/\\\/lospoliticosveracruz.com\\\/?p=77685#primaryimage\"},\"image\":{\"@id\":\"https:\\\/\\\/lospoliticosveracruz.com\\\/?p=77685#primaryimage\"},\"thumbnailUrl\":\"http:\\\/\\\/www.lospoliticosveracruz.com.mx\\\/wp-content\\\/uploads\\\/2021\\\/08\\\/WhatsApp-Image-2021-08-02-at-12.46.36.jpeg\",\"datePublished\":\"2021-08-06T12:46:03+00:00\",\"dateModified\":\"2021-08-06T12:56:59+00:00\",\"breadcrumb\":{\"@id\":\"https:\\\/\\\/lospoliticosveracruz.com\\\/?p=77685#breadcrumb\"},\"inLanguage\":\"es\",\"potentialAction\":[{\"@type\":\"ReadAction\",\"target\":[\"https:\\\/\\\/lospoliticosveracruz.com\\\/?p=77685\"]}]},{\"@type\":\"ImageObject\",\"inLanguage\":\"es\",\"@id\":\"https:\\\/\\\/lospoliticosveracruz.com\\\/?p=77685#primaryimage\",\"url\":\"http:\\\/\\\/www.lospoliticosveracruz.com.mx\\\/wp-content\\\/uploads\\\/2021\\\/08\\\/WhatsApp-Image-2021-08-02-at-12.46.36.jpeg\",\"contentUrl\":\"http:\\\/\\\/www.lospoliticosveracruz.com.mx\\\/wp-content\\\/uploads\\\/2021\\\/08\\\/WhatsApp-Image-2021-08-02-at-12.46.36.jpeg\"},{\"@type\":\"BreadcrumbList\",\"@id\":\"https:\\\/\\\/lospoliticosveracruz.com\\\/?p=77685#breadcrumb\",\"itemListElement\":[{\"@type\":\"ListItem\",\"position\":1,\"name\":\"Portada\",\"item\":\"https:\\\/\\\/lospoliticosveracruz.com\\\/\"},{\"@type\":\"ListItem\",\"position\":2,\"name\":\"Juntos pero no revueltos\"}]},{\"@type\":\"WebSite\",\"@id\":\"https:\\\/\\\/lospoliticosveracruz.com\\\/#website\",\"url\":\"https:\\\/\\\/lospoliticosveracruz.com\\\/\",\"name\":\"Los pol\u00edticos Veracruz\",\"description\":\"\",\"publisher\":{\"@id\":\"https:\\\/\\\/lospoliticosveracruz.com\\\/#organization\"},\"potentialAction\":[{\"@type\":\"SearchAction\",\"target\":{\"@type\":\"EntryPoint\",\"urlTemplate\":\"https:\\\/\\\/lospoliticosveracruz.com\\\/?s={search_term_string}\"},\"query-input\":{\"@type\":\"PropertyValueSpecification\",\"valueRequired\":true,\"valueName\":\"search_term_string\"}}],\"inLanguage\":\"es\"},{\"@type\":\"Organization\",\"@id\":\"https:\\\/\\\/lospoliticosveracruz.com\\\/#organization\",\"name\":\"Los pol\u00edticos Veracruz\",\"url\":\"https:\\\/\\\/lospoliticosveracruz.com\\\/\",\"logo\":{\"@type\":\"ImageObject\",\"inLanguage\":\"es\",\"@id\":\"https:\\\/\\\/lospoliticosveracruz.com\\\/#\\\/schema\\\/logo\\\/image\\\/\",\"url\":\"https:\\\/\\\/lospoliticosveracruz.com\\\/wp-content\\\/uploads\\\/2025\\\/12\\\/Logo-Nuevo-LOS-POLITICOS-1.jpg\",\"contentUrl\":\"https:\\\/\\\/lospoliticosveracruz.com\\\/wp-content\\\/uploads\\\/2025\\\/12\\\/Logo-Nuevo-LOS-POLITICOS-1.jpg\",\"width\":260,\"height\":70,\"caption\":\"Los pol\u00edticos Veracruz\"},\"image\":{\"@id\":\"https:\\\/\\\/lospoliticosveracruz.com\\\/#\\\/schema\\\/logo\\\/image\\\/\"},\"sameAs\":[\"https:\\\/\\\/www.facebook.com\\\/people\\\/Notimemes-de-los-Polticos\\\/61565672886568\\\/\",\"https:\\\/\\\/x.com\\\/LosPoliticosVer\"]},{\"@type\":\"Person\",\"@id\":\"https:\\\/\\\/lospoliticosveracruz.com\\\/#\\\/schema\\\/person\\\/b8702bb0e538456e6efd07080bf2a4a2\",\"name\":\"Lo viste en Los Pol\u00edticos\",\"image\":{\"@type\":\"ImageObject\",\"inLanguage\":\"es\",\"@id\":\"https:\\\/\\\/secure.gravatar.com\\\/avatar\\\/3a8de04a2656d44082be478bd6c086daa447c4651605818287b9532d3d0bd435?s=96&d=mm&r=g\",\"url\":\"https:\\\/\\\/secure.gravatar.com\\\/avatar\\\/3a8de04a2656d44082be478bd6c086daa447c4651605818287b9532d3d0bd435?s=96&d=mm&r=g\",\"contentUrl\":\"https:\\\/\\\/secure.gravatar.com\\\/avatar\\\/3a8de04a2656d44082be478bd6c086daa447c4651605818287b9532d3d0bd435?s=96&d=mm&r=g\",\"caption\":\"Lo viste en Los Pol\u00edticos\"},\"url\":\"https:\\\/\\\/lospoliticosveracruz.com\\\/?author=2\"}]}<\/script>\n<!-- \/ Yoast SEO plugin. -->","yoast_head_json":{"title":"Juntos pero no revueltos - Los pol\u00edticos Veracruz","robots":{"index":"index","follow":"follow","max-snippet":"max-snippet:-1","max-image-preview":"max-image-preview:large","max-video-preview":"max-video-preview:-1"},"canonical":"https:\/\/lospoliticosveracruz.com\/?p=77685","og_locale":"es_ES","og_type":"article","og_title":"Juntos pero no revueltos - Los pol\u00edticos Veracruz","og_description":"Ricardo Ch\u00faaSale y Vale OJO\u2026 No se hagan \u00abbolas\u00bb\u2026 En el PAN es un hecho consumado que no van a meter en conflictos electorales al interior de su partido a su propia miltiancia por el tema de las elecciones para renovar las dirigencias nacionales y estatales de este organismo pol\u00edtico\u2026 Procesos que se llevar\u00e1n a [&hellip;]","og_url":"https:\/\/lospoliticosveracruz.com\/?p=77685","og_site_name":"Los pol\u00edticos Veracruz","article_publisher":"https:\/\/www.facebook.com\/people\/Notimemes-de-los-Polticos\/61565672886568\/","article_published_time":"2021-08-06T12:46:03+00:00","article_modified_time":"2021-08-06T12:56:59+00:00","og_image":[{"url":"http:\/\/www.lospoliticosveracruz.com.mx\/wp-content\/uploads\/2021\/08\/WhatsApp-Image-2021-08-02-at-12.46.36.jpeg","type":"","width":"","height":""}],"author":"Lo viste en Los Pol\u00edticos","twitter_card":"summary_large_image","twitter_creator":"@LosPoliticosVer","twitter_site":"@LosPoliticosVer","twitter_misc":{"Escrito por":"Lo viste en Los Pol\u00edticos","Tiempo de lectura":"5 minutos"},"schema":{"@context":"https:\/\/schema.org","@graph":[{"@type":"Article","@id":"https:\/\/lospoliticosveracruz.com\/?p=77685#article","isPartOf":{"@id":"https:\/\/lospoliticosveracruz.com\/?p=77685"},"author":{"name":"Lo viste en Los Pol\u00edticos","@id":"https:\/\/lospoliticosveracruz.com\/#\/schema\/person\/b8702bb0e538456e6efd07080bf2a4a2"},"headline":"Juntos pero no revueltos","datePublished":"2021-08-06T12:46:03+00:00","dateModified":"2021-08-06T12:56:59+00:00","mainEntityOfPage":{"@id":"https:\/\/lospoliticosveracruz.com\/?p=77685"},"wordCount":1014,"publisher":{"@id":"https:\/\/lospoliticosveracruz.com\/#organization"},"image":{"@id":"https:\/\/lospoliticosveracruz.com\/?p=77685#primaryimage"},"thumbnailUrl":"http:\/\/www.lospoliticosveracruz.com.mx\/wp-content\/uploads\/2021\/08\/WhatsApp-Image-2021-08-02-at-12.46.36.jpeg","keywords":["Joaqu\u00edn Guzm\u00e1n Avil\u00e9s","Marko Cort\u00e9s","PAN","Ricardo Ch\u00faa","Tito Delf\u00edn Cano"],"articleSection":["De Opini\u00f3n"],"inLanguage":"es"},{"@type":"WebPage","@id":"https:\/\/lospoliticosveracruz.com\/?p=77685","url":"https:\/\/lospoliticosveracruz.com\/?p=77685","name":"Juntos pero no revueltos - Los pol\u00edticos Veracruz","isPartOf":{"@id":"https:\/\/lospoliticosveracruz.com\/#website"},"primaryImageOfPage":{"@id":"https:\/\/lospoliticosveracruz.com\/?p=77685#primaryimage"},"image":{"@id":"https:\/\/lospoliticosveracruz.com\/?p=77685#primaryimage"},"thumbnailUrl":"http:\/\/www.lospoliticosveracruz.com.mx\/wp-content\/uploads\/2021\/08\/WhatsApp-Image-2021-08-02-at-12.46.36.jpeg","datePublished":"2021-08-06T12:46:03+00:00","dateModified":"2021-08-06T12:56:59+00:00","breadcrumb":{"@id":"https:\/\/lospoliticosveracruz.com\/?p=77685#breadcrumb"},"inLanguage":"es","potentialAction":[{"@type":"ReadAction","target":["https:\/\/lospoliticosveracruz.com\/?p=77685"]}]},{"@type":"ImageObject","inLanguage":"es","@id":"https:\/\/lospoliticosveracruz.com\/?p=77685#primaryimage","url":"http:\/\/www.lospoliticosveracruz.com.mx\/wp-content\/uploads\/2021\/08\/WhatsApp-Image-2021-08-02-at-12.46.36.jpeg","contentUrl":"http:\/\/www.lospoliticosveracruz.com.mx\/wp-content\/uploads\/2021\/08\/WhatsApp-Image-2021-08-02-at-12.46.36.jpeg"},{"@type":"BreadcrumbList","@id":"https:\/\/lospoliticosveracruz.com\/?p=77685#breadcrumb","itemListElement":[{"@type":"ListItem","position":1,"name":"Portada","item":"https:\/\/lospoliticosveracruz.com\/"},{"@type":"ListItem","position":2,"name":"Juntos pero no revueltos"}]},{"@type":"WebSite","@id":"https:\/\/lospoliticosveracruz.com\/#website","url":"https:\/\/lospoliticosveracruz.com\/","name":"Los pol\u00edticos Veracruz","description":"","publisher":{"@id":"https:\/\/lospoliticosveracruz.com\/#organization"},"potentialAction":[{"@type":"SearchAction","target":{"@type":"EntryPoint","urlTemplate":"https:\/\/lospoliticosveracruz.com\/?s={search_term_string}"},"query-input":{"@type":"PropertyValueSpecification","valueRequired":true,"valueName":"search_term_string"}}],"inLanguage":"es"},{"@type":"Organization","@id":"https:\/\/lospoliticosveracruz.com\/#organization","name":"Los pol\u00edticos Veracruz","url":"https:\/\/lospoliticosveracruz.com\/","logo":{"@type":"ImageObject","inLanguage":"es","@id":"https:\/\/lospoliticosveracruz.com\/#\/schema\/logo\/image\/","url":"https:\/\/lospoliticosveracruz.com\/wp-content\/uploads\/2025\/12\/Logo-Nuevo-LOS-POLITICOS-1.jpg","contentUrl":"https:\/\/lospoliticosveracruz.com\/wp-content\/uploads\/2025\/12\/Logo-Nuevo-LOS-POLITICOS-1.jpg","width":260,"height":70,"caption":"Los pol\u00edticos Veracruz"},"image":{"@id":"https:\/\/lospoliticosveracruz.com\/#\/schema\/logo\/image\/"},"sameAs":["https:\/\/www.facebook.com\/people\/Notimemes-de-los-Polticos\/61565672886568\/","https:\/\/x.com\/LosPoliticosVer"]},{"@type":"Person","@id":"https:\/\/lospoliticosveracruz.com\/#\/schema\/person\/b8702bb0e538456e6efd07080bf2a4a2","name":"Lo viste en Los Pol\u00edticos","image":{"@type":"ImageObject","inLanguage":"es","@id":"https:\/\/secure.gravatar.com\/avatar\/3a8de04a2656d44082be478bd6c086daa447c4651605818287b9532d3d0bd435?s=96&d=mm&r=g","url":"https:\/\/secure.gravatar.com\/avatar\/3a8de04a2656d44082be478bd6c086daa447c4651605818287b9532d3d0bd435?s=96&d=mm&r=g","contentUrl":"https:\/\/secure.gravatar.com\/avatar\/3a8de04a2656d44082be478bd6c086daa447c4651605818287b9532d3d0bd435?s=96&d=mm&r=g","caption":"Lo viste en Los Pol\u00edticos"},"url":"https:\/\/lospoliticosveracruz.com\/?author=2"}]}},"_links":{"self":[{"href":"https:\/\/lospoliticosveracruz.com\/index.php?rest_route=\/wp\/v2\/posts\/77685","targetHints":{"allow":["GET"]}}],"collection":[{"href":"https:\/\/lospoliticosveracruz.com\/index.php?rest_route=\/wp\/v2\/posts"}],"about":[{"href":"https:\/\/lospoliticosveracruz.com\/index.php?rest_route=\/wp\/v2\/types\/post"}],"author":[{"embeddable":true,"href":"https:\/\/lospoliticosveracruz.com\/index.php?rest_route=\/wp\/v2\/users\/2"}],"replies":[{"embeddable":true,"href":"https:\/\/lospoliticosveracruz.com\/index.php?rest_route=%2Fwp%2Fv2%2Fcomments&post=77685"}],"version-history":[{"count":3,"href":"https:\/\/lospoliticosveracruz.com\/index.php?rest_route=\/wp\/v2\/posts\/77685\/revisions"}],"predecessor-version":[{"id":77697,"href":"https:\/\/lospoliticosveracruz.com\/index.php?rest_route=\/wp\/v2\/posts\/77685\/revisions\/77697"}],"wp:attachment":[{"href":"https:\/\/lospoliticosveracruz.com\/index.php?rest_route=%2Fwp%2Fv2%2Fmedia&parent=77685"}],"wp:term":[{"taxonomy":"category","embeddable":true,"href":"https:\/\/lospoliticosveracruz.com\/index.php?rest_route=%2Fwp%2Fv2%2Fcategories&post=77685"},{"taxonomy":"post_tag","embeddable":true,"href":"https:\/\/lospoliticosveracruz.com\/index.php?rest_route=%2Fwp%2Fv2%2Ftags&post=77685"}],"curies":[{"name":"wp","href":"https:\/\/api.w.org\/{rel}","templated":true}]}}