{"id":77702,"date":"2021-08-06T08:19:02","date_gmt":"2021-08-06T13:19:02","guid":{"rendered":"http:\/\/www.lospoliticosveracruz.com.mx\/?p=77702"},"modified":"2021-08-06T08:19:06","modified_gmt":"2021-08-06T13:19:06","slug":"si-hay-un-traidor-en-el-pri-y-no-soy-yo-lorena","status":"publish","type":"post","link":"https:\/\/lospoliticosveracruz.com\/?p=77702","title":{"rendered":"S\u00ed hay un traidor en el PRI y no soy yo: Lorena"},"content":{"rendered":"\n<p><strong>Omar Z\u00fa\u00f1iga<\/strong><\/p>\n\n\n\n<p><em>De Primera Mano Taj\u00edn<br><\/em><\/p>\n\n\n\n<p>La semana anterior publiqu\u00e9 esta colaboraci\u00f3n, a colaci\u00f3n (as\u00ed cacof\u00f3nico) de una reuni\u00f3n que sostuvo el prestigiado Grupo de los Diez con Ulises Ruiz, rebelde exgobernador del PRI, que dio pie a un intercambio en principio epistolar con la diputada electa tricolor Lorena Pi\u00f1\u00f3n, a quien agradezco el encuentro.<\/p>\n\n\n\n<div class=\"wp-block-image\"><figure class=\"alignleft size-large\"><a href=\"http:\/\/www.lospoliticosveracruz.com.mx\/wp-content\/uploads\/2021\/08\/WhatsApp-Image-2021-08-02-at-12.46.36.jpeg\"><img decoding=\"async\" src=\"http:\/\/www.lospoliticosveracruz.com.mx\/wp-content\/uploads\/2021\/08\/WhatsApp-Image-2021-08-02-at-12.46.36.jpeg\" alt=\"\" class=\"wp-image-77480\"\/><\/a><\/figure><\/div>\n\n\n\n<p><br>Pues bien, honor a quien honor merece y no, no me pesa reconocerlo, pues al final del d\u00eda los que nos dedicamos a este negocio de quien Gabo dijo que se sufre como un perro, pero es el mejor oficio del mundo, es porque nos debemos a usted, estimado lector y nuestra obligaci\u00f3n es presentarle ambas caras de la moneda.<br>Lorena explica que realmente no entiende el porqu\u00e9 de la actitud de Ulises en contra de ella, porque ella consideraba eran amigos, hasta que ya no lo fueron y descarg\u00f3 su frustraci\u00f3n en contra de ella, luego que le rechazaron la candidatura a la presidencia del CEN del PRI.<br>En ese tema, Pi\u00f1\u00f3n aclara, con documentos en mano, que efectivamente fue expulsada del PRI durante 12 d\u00edas, por haberse atrevido a aspirar a la dirigencia nacional del tricolor y hacer unas declaraciones que resultaron inc\u00f3modas para la presidencia en turno quien orden\u00f3 su expulsi\u00f3n inmediata, cosa que sucedi\u00f3 y el hilo se rompi\u00f3 por lo m\u00e1s delgado al encontrarle la postulaci\u00f3n a una candidatura por el PAN, supuestamente, pues esta s\u00f3lo existi\u00f3 en un medio local de la zona de Mart\u00ednez y de ah\u00ed bast\u00f3 para que se agarraran y la expulsaran.<br>Inquieta y nunca dejada, interpuso una queja para proteger sus derechos pol\u00edticos que a la postre dio resultado, pues al final demostr\u00f3 ante el Tribuna Electoral que nunca fue postulada por Acci\u00f3n Nacional y terminaron restituy\u00e9ndole sus derechos partidistas, regres\u00e1ndole su militancia tricolor de 17 a\u00f1os.<br>Explica que ella nunca ha traicionado a nadie y que en su vida pol\u00edtica y en los cargos p\u00fablicos que ha ejercido (presidenta del Injuver, por ejemplo) nunca ha tenido se\u00f1alamientos ni observaciones por alg\u00fan mal manejo de recursos o algo parecido, a diferencia de otros actores pol\u00edticos.<br>Y reitera que nunca ha traicionado a nadie, sigue con su militancia a\u00fan cuando ha recibido varios reveses en su vida pol\u00edtica, \u201cy s\u00ed, en el PRI s\u00ed hay un traidor y no soy yo\u201d, sostiene la diputada electa, quien por cierto reconoce que por supuesto a su partido le fue del carajo (palabras m\u00edas) en la reciente elecci\u00f3n y prueba de ello es que la bancada tricolor veracruzana, otrora poderosa y decisiva en el Congreso del la Uni\u00f3n, la Legislatura que tomar\u00e1 posesi\u00f3n el pr\u00f3ximo 1 de septiembre en San L\u00e1zaro tendr\u00e1 s\u00f3lo dos diputados\u2026 Pepe Yunes y ella; Pepe, por supuesto, ser\u00e1 el coordinador\u2026 uuuuuffff.<\/p>\n\n\n\n<hr class=\"wp-block-separator\"\/>\n\n\n\n<p>Por cierto, una felicitaci\u00f3n a Jacobo Dom\u00ednguez Gudini, quien recientemente recibi\u00f3 un reconocimiento en el Senado de la Rep\u00fablica, por su labor docente en el Instituto Belisario Dom\u00ednguez, durante la graduaci\u00f3n de la especialidad en Derecho Parlamentario. \u00a1Enhorabuena!<\/p>\n\n\n\n<p>\u00a1Qu\u00e9 barbaridad!<br>deprimera.mano2020@gmail.com<\/p>\n","protected":false},"excerpt":{"rendered":"<p>Omar Z\u00fa\u00f1iga De Primera Mano Taj\u00edn La semana anterior publiqu\u00e9 esta colaboraci\u00f3n, a colaci\u00f3n (as\u00ed cacof\u00f3nico) de una reuni\u00f3n que sostuvo el prestigiado Grupo de los Diez con Ulises Ruiz, rebelde exgobernador del PRI, que dio pie a un intercambio en principio epistolar con la diputada electa tricolor Lorena Pi\u00f1\u00f3n, a quien agradezco el encuentro. [&hellip;]<\/p>\n","protected":false},"author":2,"featured_media":0,"comment_status":"closed","ping_status":"closed","sticky":false,"template":"","format":"standard","meta":{"tdm_status":"","tdm_grid_status":"","footnotes":""},"categories":[70],"tags":[7355,29744,13077,1070,28705,570,251,29743,29573],"class_list":{"0":"post-77702","1":"post","2":"type-post","3":"status-publish","4":"format-standard","6":"category-de-opinion","7":"tag-grupo-de-los-diez","8":"tag-injuver","9":"tag-jacobo-dominguez-gudini","10":"tag-lorena-pinon","11":"tag-omar-zuniga","12":"tag-pepe-yunes","13":"tag-pri","14":"tag-tribuna-electoral","15":"tag-ulises-ruiz"},"yoast_head":"<!-- This site is optimized with the Yoast SEO plugin v27.4 - https:\/\/yoast.com\/product\/yoast-seo-wordpress\/ -->\n<title>S\u00ed hay un traidor en el PRI y no soy yo: Lorena - Los pol\u00edticos Veracruz<\/title>\n<meta name=\"robots\" content=\"index, follow, max-snippet:-1, max-image-preview:large, max-video-preview:-1\" \/>\n<link rel=\"canonical\" href=\"https:\/\/lospoliticosveracruz.com\/?p=77702\" \/>\n<meta property=\"og:locale\" content=\"es_ES\" \/>\n<meta property=\"og:type\" content=\"article\" \/>\n<meta property=\"og:title\" content=\"S\u00ed hay un traidor en el PRI y no soy yo: Lorena - Los pol\u00edticos Veracruz\" \/>\n<meta property=\"og:description\" content=\"Omar Z\u00fa\u00f1iga De Primera Mano Taj\u00edn La semana anterior publiqu\u00e9 esta colaboraci\u00f3n, a colaci\u00f3n (as\u00ed cacof\u00f3nico) de una reuni\u00f3n que sostuvo el prestigiado Grupo de los Diez con Ulises Ruiz, rebelde exgobernador del PRI, que dio pie a un intercambio en principio epistolar con la diputada electa tricolor Lorena Pi\u00f1\u00f3n, a quien agradezco el encuentro. [&hellip;]\" \/>\n<meta property=\"og:url\" content=\"https:\/\/lospoliticosveracruz.com\/?p=77702\" \/>\n<meta property=\"og:site_name\" content=\"Los pol\u00edticos Veracruz\" \/>\n<meta property=\"article:publisher\" content=\"https:\/\/www.facebook.com\/people\/Notimemes-de-los-Polticos\/61565672886568\/\" \/>\n<meta property=\"article:published_time\" content=\"2021-08-06T13:19:02+00:00\" \/>\n<meta property=\"article:modified_time\" content=\"2021-08-06T13:19:06+00:00\" \/>\n<meta property=\"og:image\" content=\"http:\/\/www.lospoliticosveracruz.com.mx\/wp-content\/uploads\/2021\/08\/WhatsApp-Image-2021-08-02-at-12.46.36.jpeg\" \/>\n<meta name=\"author\" content=\"Lo viste en Los Pol\u00edticos\" \/>\n<meta name=\"twitter:card\" content=\"summary_large_image\" \/>\n<meta name=\"twitter:creator\" content=\"@LosPoliticosVer\" \/>\n<meta name=\"twitter:site\" content=\"@LosPoliticosVer\" \/>\n<meta name=\"twitter:label1\" content=\"Escrito por\" \/>\n\t<meta name=\"twitter:data1\" content=\"Lo viste en Los Pol\u00edticos\" \/>\n\t<meta name=\"twitter:label2\" content=\"Tiempo de lectura\" \/>\n\t<meta name=\"twitter:data2\" content=\"3 minutos\" \/>\n<script type=\"application\/ld+json\" class=\"yoast-schema-graph\">{\"@context\":\"https:\\\/\\\/schema.org\",\"@graph\":[{\"@type\":\"Article\",\"@id\":\"https:\\\/\\\/lospoliticosveracruz.com\\\/?p=77702#article\",\"isPartOf\":{\"@id\":\"https:\\\/\\\/lospoliticosveracruz.com\\\/?p=77702\"},\"author\":{\"name\":\"Lo viste en Los Pol\u00edticos\",\"@id\":\"https:\\\/\\\/lospoliticosveracruz.com\\\/#\\\/schema\\\/person\\\/b8702bb0e538456e6efd07080bf2a4a2\"},\"headline\":\"S\u00ed hay un traidor en el PRI y no soy yo: Lorena\",\"datePublished\":\"2021-08-06T13:19:02+00:00\",\"dateModified\":\"2021-08-06T13:19:06+00:00\",\"mainEntityOfPage\":{\"@id\":\"https:\\\/\\\/lospoliticosveracruz.com\\\/?p=77702\"},\"wordCount\":553,\"publisher\":{\"@id\":\"https:\\\/\\\/lospoliticosveracruz.com\\\/#organization\"},\"image\":{\"@id\":\"https:\\\/\\\/lospoliticosveracruz.com\\\/?p=77702#primaryimage\"},\"thumbnailUrl\":\"http:\\\/\\\/www.lospoliticosveracruz.com.mx\\\/wp-content\\\/uploads\\\/2021\\\/08\\\/WhatsApp-Image-2021-08-02-at-12.46.36.jpeg\",\"keywords\":[\"Grupo de los Diez\",\"Injuver\",\"Jacobo Dom\u00ednguez Gudini\",\"Lorena Pi\u00f1\u00f3n\",\"Omar Z\u00fa\u00f1iga\",\"Pepe Yunes\",\"PRI\",\"Tribuna Electoral\",\"Ulises Ruiz\"],\"articleSection\":[\"De Opini\u00f3n\"],\"inLanguage\":\"es\"},{\"@type\":\"WebPage\",\"@id\":\"https:\\\/\\\/lospoliticosveracruz.com\\\/?p=77702\",\"url\":\"https:\\\/\\\/lospoliticosveracruz.com\\\/?p=77702\",\"name\":\"S\u00ed hay un traidor en el PRI y no soy yo: Lorena - Los pol\u00edticos Veracruz\",\"isPartOf\":{\"@id\":\"https:\\\/\\\/lospoliticosveracruz.com\\\/#website\"},\"primaryImageOfPage\":{\"@id\":\"https:\\\/\\\/lospoliticosveracruz.com\\\/?p=77702#primaryimage\"},\"image\":{\"@id\":\"https:\\\/\\\/lospoliticosveracruz.com\\\/?p=77702#primaryimage\"},\"thumbnailUrl\":\"http:\\\/\\\/www.lospoliticosveracruz.com.mx\\\/wp-content\\\/uploads\\\/2021\\\/08\\\/WhatsApp-Image-2021-08-02-at-12.46.36.jpeg\",\"datePublished\":\"2021-08-06T13:19:02+00:00\",\"dateModified\":\"2021-08-06T13:19:06+00:00\",\"breadcrumb\":{\"@id\":\"https:\\\/\\\/lospoliticosveracruz.com\\\/?p=77702#breadcrumb\"},\"inLanguage\":\"es\",\"potentialAction\":[{\"@type\":\"ReadAction\",\"target\":[\"https:\\\/\\\/lospoliticosveracruz.com\\\/?p=77702\"]}]},{\"@type\":\"ImageObject\",\"inLanguage\":\"es\",\"@id\":\"https:\\\/\\\/lospoliticosveracruz.com\\\/?p=77702#primaryimage\",\"url\":\"http:\\\/\\\/www.lospoliticosveracruz.com.mx\\\/wp-content\\\/uploads\\\/2021\\\/08\\\/WhatsApp-Image-2021-08-02-at-12.46.36.jpeg\",\"contentUrl\":\"http:\\\/\\\/www.lospoliticosveracruz.com.mx\\\/wp-content\\\/uploads\\\/2021\\\/08\\\/WhatsApp-Image-2021-08-02-at-12.46.36.jpeg\"},{\"@type\":\"BreadcrumbList\",\"@id\":\"https:\\\/\\\/lospoliticosveracruz.com\\\/?p=77702#breadcrumb\",\"itemListElement\":[{\"@type\":\"ListItem\",\"position\":1,\"name\":\"Portada\",\"item\":\"https:\\\/\\\/lospoliticosveracruz.com\\\/\"},{\"@type\":\"ListItem\",\"position\":2,\"name\":\"S\u00ed hay un traidor en el PRI y no soy yo: Lorena\"}]},{\"@type\":\"WebSite\",\"@id\":\"https:\\\/\\\/lospoliticosveracruz.com\\\/#website\",\"url\":\"https:\\\/\\\/lospoliticosveracruz.com\\\/\",\"name\":\"Los pol\u00edticos Veracruz\",\"description\":\"\",\"publisher\":{\"@id\":\"https:\\\/\\\/lospoliticosveracruz.com\\\/#organization\"},\"potentialAction\":[{\"@type\":\"SearchAction\",\"target\":{\"@type\":\"EntryPoint\",\"urlTemplate\":\"https:\\\/\\\/lospoliticosveracruz.com\\\/?s={search_term_string}\"},\"query-input\":{\"@type\":\"PropertyValueSpecification\",\"valueRequired\":true,\"valueName\":\"search_term_string\"}}],\"inLanguage\":\"es\"},{\"@type\":\"Organization\",\"@id\":\"https:\\\/\\\/lospoliticosveracruz.com\\\/#organization\",\"name\":\"Los pol\u00edticos Veracruz\",\"url\":\"https:\\\/\\\/lospoliticosveracruz.com\\\/\",\"logo\":{\"@type\":\"ImageObject\",\"inLanguage\":\"es\",\"@id\":\"https:\\\/\\\/lospoliticosveracruz.com\\\/#\\\/schema\\\/logo\\\/image\\\/\",\"url\":\"https:\\\/\\\/lospoliticosveracruz.com\\\/wp-content\\\/uploads\\\/2025\\\/12\\\/Logo-Nuevo-LOS-POLITICOS-1.jpg\",\"contentUrl\":\"https:\\\/\\\/lospoliticosveracruz.com\\\/wp-content\\\/uploads\\\/2025\\\/12\\\/Logo-Nuevo-LOS-POLITICOS-1.jpg\",\"width\":260,\"height\":70,\"caption\":\"Los pol\u00edticos Veracruz\"},\"image\":{\"@id\":\"https:\\\/\\\/lospoliticosveracruz.com\\\/#\\\/schema\\\/logo\\\/image\\\/\"},\"sameAs\":[\"https:\\\/\\\/www.facebook.com\\\/people\\\/Notimemes-de-los-Polticos\\\/61565672886568\\\/\",\"https:\\\/\\\/x.com\\\/LosPoliticosVer\"]},{\"@type\":\"Person\",\"@id\":\"https:\\\/\\\/lospoliticosveracruz.com\\\/#\\\/schema\\\/person\\\/b8702bb0e538456e6efd07080bf2a4a2\",\"name\":\"Lo viste en Los Pol\u00edticos\",\"image\":{\"@type\":\"ImageObject\",\"inLanguage\":\"es\",\"@id\":\"https:\\\/\\\/secure.gravatar.com\\\/avatar\\\/3a8de04a2656d44082be478bd6c086daa447c4651605818287b9532d3d0bd435?s=96&d=mm&r=g\",\"url\":\"https:\\\/\\\/secure.gravatar.com\\\/avatar\\\/3a8de04a2656d44082be478bd6c086daa447c4651605818287b9532d3d0bd435?s=96&d=mm&r=g\",\"contentUrl\":\"https:\\\/\\\/secure.gravatar.com\\\/avatar\\\/3a8de04a2656d44082be478bd6c086daa447c4651605818287b9532d3d0bd435?s=96&d=mm&r=g\",\"caption\":\"Lo viste en Los Pol\u00edticos\"},\"url\":\"https:\\\/\\\/lospoliticosveracruz.com\\\/?author=2\"}]}<\/script>\n<!-- \/ Yoast SEO plugin. -->","yoast_head_json":{"title":"S\u00ed hay un traidor en el PRI y no soy yo: Lorena - Los pol\u00edticos Veracruz","robots":{"index":"index","follow":"follow","max-snippet":"max-snippet:-1","max-image-preview":"max-image-preview:large","max-video-preview":"max-video-preview:-1"},"canonical":"https:\/\/lospoliticosveracruz.com\/?p=77702","og_locale":"es_ES","og_type":"article","og_title":"S\u00ed hay un traidor en el PRI y no soy yo: Lorena - Los pol\u00edticos Veracruz","og_description":"Omar Z\u00fa\u00f1iga De Primera Mano Taj\u00edn La semana anterior publiqu\u00e9 esta colaboraci\u00f3n, a colaci\u00f3n (as\u00ed cacof\u00f3nico) de una reuni\u00f3n que sostuvo el prestigiado Grupo de los Diez con Ulises Ruiz, rebelde exgobernador del PRI, que dio pie a un intercambio en principio epistolar con la diputada electa tricolor Lorena Pi\u00f1\u00f3n, a quien agradezco el encuentro. [&hellip;]","og_url":"https:\/\/lospoliticosveracruz.com\/?p=77702","og_site_name":"Los pol\u00edticos Veracruz","article_publisher":"https:\/\/www.facebook.com\/people\/Notimemes-de-los-Polticos\/61565672886568\/","article_published_time":"2021-08-06T13:19:02+00:00","article_modified_time":"2021-08-06T13:19:06+00:00","og_image":[{"url":"http:\/\/www.lospoliticosveracruz.com.mx\/wp-content\/uploads\/2021\/08\/WhatsApp-Image-2021-08-02-at-12.46.36.jpeg","type":"","width":"","height":""}],"author":"Lo viste en Los Pol\u00edticos","twitter_card":"summary_large_image","twitter_creator":"@LosPoliticosVer","twitter_site":"@LosPoliticosVer","twitter_misc":{"Escrito por":"Lo viste en Los Pol\u00edticos","Tiempo de lectura":"3 minutos"},"schema":{"@context":"https:\/\/schema.org","@graph":[{"@type":"Article","@id":"https:\/\/lospoliticosveracruz.com\/?p=77702#article","isPartOf":{"@id":"https:\/\/lospoliticosveracruz.com\/?p=77702"},"author":{"name":"Lo viste en Los Pol\u00edticos","@id":"https:\/\/lospoliticosveracruz.com\/#\/schema\/person\/b8702bb0e538456e6efd07080bf2a4a2"},"headline":"S\u00ed hay un traidor en el PRI y no soy yo: Lorena","datePublished":"2021-08-06T13:19:02+00:00","dateModified":"2021-08-06T13:19:06+00:00","mainEntityOfPage":{"@id":"https:\/\/lospoliticosveracruz.com\/?p=77702"},"wordCount":553,"publisher":{"@id":"https:\/\/lospoliticosveracruz.com\/#organization"},"image":{"@id":"https:\/\/lospoliticosveracruz.com\/?p=77702#primaryimage"},"thumbnailUrl":"http:\/\/www.lospoliticosveracruz.com.mx\/wp-content\/uploads\/2021\/08\/WhatsApp-Image-2021-08-02-at-12.46.36.jpeg","keywords":["Grupo de los Diez","Injuver","Jacobo Dom\u00ednguez Gudini","Lorena Pi\u00f1\u00f3n","Omar Z\u00fa\u00f1iga","Pepe Yunes","PRI","Tribuna Electoral","Ulises Ruiz"],"articleSection":["De Opini\u00f3n"],"inLanguage":"es"},{"@type":"WebPage","@id":"https:\/\/lospoliticosveracruz.com\/?p=77702","url":"https:\/\/lospoliticosveracruz.com\/?p=77702","name":"S\u00ed hay un traidor en el PRI y no soy yo: Lorena - Los pol\u00edticos Veracruz","isPartOf":{"@id":"https:\/\/lospoliticosveracruz.com\/#website"},"primaryImageOfPage":{"@id":"https:\/\/lospoliticosveracruz.com\/?p=77702#primaryimage"},"image":{"@id":"https:\/\/lospoliticosveracruz.com\/?p=77702#primaryimage"},"thumbnailUrl":"http:\/\/www.lospoliticosveracruz.com.mx\/wp-content\/uploads\/2021\/08\/WhatsApp-Image-2021-08-02-at-12.46.36.jpeg","datePublished":"2021-08-06T13:19:02+00:00","dateModified":"2021-08-06T13:19:06+00:00","breadcrumb":{"@id":"https:\/\/lospoliticosveracruz.com\/?p=77702#breadcrumb"},"inLanguage":"es","potentialAction":[{"@type":"ReadAction","target":["https:\/\/lospoliticosveracruz.com\/?p=77702"]}]},{"@type":"ImageObject","inLanguage":"es","@id":"https:\/\/lospoliticosveracruz.com\/?p=77702#primaryimage","url":"http:\/\/www.lospoliticosveracruz.com.mx\/wp-content\/uploads\/2021\/08\/WhatsApp-Image-2021-08-02-at-12.46.36.jpeg","contentUrl":"http:\/\/www.lospoliticosveracruz.com.mx\/wp-content\/uploads\/2021\/08\/WhatsApp-Image-2021-08-02-at-12.46.36.jpeg"},{"@type":"BreadcrumbList","@id":"https:\/\/lospoliticosveracruz.com\/?p=77702#breadcrumb","itemListElement":[{"@type":"ListItem","position":1,"name":"Portada","item":"https:\/\/lospoliticosveracruz.com\/"},{"@type":"ListItem","position":2,"name":"S\u00ed hay un traidor en el PRI y no soy yo: Lorena"}]},{"@type":"WebSite","@id":"https:\/\/lospoliticosveracruz.com\/#website","url":"https:\/\/lospoliticosveracruz.com\/","name":"Los pol\u00edticos Veracruz","description":"","publisher":{"@id":"https:\/\/lospoliticosveracruz.com\/#organization"},"potentialAction":[{"@type":"SearchAction","target":{"@type":"EntryPoint","urlTemplate":"https:\/\/lospoliticosveracruz.com\/?s={search_term_string}"},"query-input":{"@type":"PropertyValueSpecification","valueRequired":true,"valueName":"search_term_string"}}],"inLanguage":"es"},{"@type":"Organization","@id":"https:\/\/lospoliticosveracruz.com\/#organization","name":"Los pol\u00edticos Veracruz","url":"https:\/\/lospoliticosveracruz.com\/","logo":{"@type":"ImageObject","inLanguage":"es","@id":"https:\/\/lospoliticosveracruz.com\/#\/schema\/logo\/image\/","url":"https:\/\/lospoliticosveracruz.com\/wp-content\/uploads\/2025\/12\/Logo-Nuevo-LOS-POLITICOS-1.jpg","contentUrl":"https:\/\/lospoliticosveracruz.com\/wp-content\/uploads\/2025\/12\/Logo-Nuevo-LOS-POLITICOS-1.jpg","width":260,"height":70,"caption":"Los pol\u00edticos Veracruz"},"image":{"@id":"https:\/\/lospoliticosveracruz.com\/#\/schema\/logo\/image\/"},"sameAs":["https:\/\/www.facebook.com\/people\/Notimemes-de-los-Polticos\/61565672886568\/","https:\/\/x.com\/LosPoliticosVer"]},{"@type":"Person","@id":"https:\/\/lospoliticosveracruz.com\/#\/schema\/person\/b8702bb0e538456e6efd07080bf2a4a2","name":"Lo viste en Los Pol\u00edticos","image":{"@type":"ImageObject","inLanguage":"es","@id":"https:\/\/secure.gravatar.com\/avatar\/3a8de04a2656d44082be478bd6c086daa447c4651605818287b9532d3d0bd435?s=96&d=mm&r=g","url":"https:\/\/secure.gravatar.com\/avatar\/3a8de04a2656d44082be478bd6c086daa447c4651605818287b9532d3d0bd435?s=96&d=mm&r=g","contentUrl":"https:\/\/secure.gravatar.com\/avatar\/3a8de04a2656d44082be478bd6c086daa447c4651605818287b9532d3d0bd435?s=96&d=mm&r=g","caption":"Lo viste en Los Pol\u00edticos"},"url":"https:\/\/lospoliticosveracruz.com\/?author=2"}]}},"_links":{"self":[{"href":"https:\/\/lospoliticosveracruz.com\/index.php?rest_route=\/wp\/v2\/posts\/77702","targetHints":{"allow":["GET"]}}],"collection":[{"href":"https:\/\/lospoliticosveracruz.com\/index.php?rest_route=\/wp\/v2\/posts"}],"about":[{"href":"https:\/\/lospoliticosveracruz.com\/index.php?rest_route=\/wp\/v2\/types\/post"}],"author":[{"embeddable":true,"href":"https:\/\/lospoliticosveracruz.com\/index.php?rest_route=\/wp\/v2\/users\/2"}],"replies":[{"embeddable":true,"href":"https:\/\/lospoliticosveracruz.com\/index.php?rest_route=%2Fwp%2Fv2%2Fcomments&post=77702"}],"version-history":[{"count":1,"href":"https:\/\/lospoliticosveracruz.com\/index.php?rest_route=\/wp\/v2\/posts\/77702\/revisions"}],"predecessor-version":[{"id":77704,"href":"https:\/\/lospoliticosveracruz.com\/index.php?rest_route=\/wp\/v2\/posts\/77702\/revisions\/77704"}],"wp:attachment":[{"href":"https:\/\/lospoliticosveracruz.com\/index.php?rest_route=%2Fwp%2Fv2%2Fmedia&parent=77702"}],"wp:term":[{"taxonomy":"category","embeddable":true,"href":"https:\/\/lospoliticosveracruz.com\/index.php?rest_route=%2Fwp%2Fv2%2Fcategories&post=77702"},{"taxonomy":"post_tag","embeddable":true,"href":"https:\/\/lospoliticosveracruz.com\/index.php?rest_route=%2Fwp%2Fv2%2Ftags&post=77702"}],"curies":[{"name":"wp","href":"https:\/\/api.w.org\/{rel}","templated":true}]}}