{"id":77765,"date":"2021-08-08T08:34:06","date_gmt":"2021-08-08T13:34:06","guid":{"rendered":"http:\/\/www.lospoliticosveracruz.com.mx\/?p=77765"},"modified":"2021-08-26T14:30:53","modified_gmt":"2021-08-26T19:30:53","slug":"hoy-se-fue-miguel-baltazar","status":"publish","type":"post","link":"https:\/\/lospoliticosveracruz.com\/?p=77765","title":{"rendered":"Hoy se fue Miguel Baltazar"},"content":{"rendered":"\n<p><strong>Carlos Dar\u00edo Oma\u00f1a<\/strong><\/p>\n\n\n\n<p>Creo firmemente que mi Maestro y amigo, no se va solo. Con \u00e9l, se va una toda una era de la pol\u00edtica de Altotonga y de la regi\u00f3n.<br>Con la desaparici\u00f3n f\u00edsica del Notario de mi pueblo, se cierra un ciclo, si bien largo, no menos fruct\u00edfero y pleno de historia, an\u00e9cdotas, ense\u00f1anzas y, ante todo, esp\u00edritu de servicio.<\/p>\n\n\n\n<div class=\"wp-block-image\"><figure class=\"alignleft size-large\"><a href=\"http:\/\/www.lospoliticosveracruz.com.mx\/wp-content\/uploads\/2021\/08\/WhatsApp-Image-2021-08-02-at-12.46.36.jpeg\"><img decoding=\"async\" src=\"http:\/\/www.lospoliticosveracruz.com.mx\/wp-content\/uploads\/2021\/08\/WhatsApp-Image-2021-08-02-at-12.46.36.jpeg\" alt=\"\" class=\"wp-image-77480\"\/><\/a><\/figure><\/div>\n\n\n\n<p>Imposible describir, en unos p\u00e1rrafos, tantos recuerdos. Hombre p\u00fablico, conocido por todos, Don Miguel sin duda deja en cada uno de mis paisanos alguna huella de su paso por esta vida.<\/p>\n\n\n\n<p>Por ello, este d\u00eda he repasado algunos de los episodios en que nuestras vidas se cruzaron.<\/p>\n\n\n\n<p>Hacia 1967, Miguel Baltazar era Diputado Local y Presidente de la Mesa Directiva del Congreso.<br>Yo, reci\u00e9n llegado a Xalapa, pretend\u00eda ingresar a la Prepa Ju\u00e1rez, y mi paisano me extendi\u00f3 una carta de recomendaci\u00f3n dirigida al Maestro Librado Basilio, Director del Colegio Preparatorio de Xalapa.<br>Gracias a sus buenos oficios, ingres\u00e9.<br>En 1969, retorn\u00e9 a Altotonga a cursar el Segundo a\u00f1o de Bachillerato y me encontr\u00e9 con Don Miguel en la c\u00e1tedra de Sociolog\u00eda. Excelente y muy amena su ense\u00f1anza.<br>En la d\u00e9cada de los 70&#8217;s, ya estudiando Derecho en la Universidad Veracruzana, me mantuve muy cerca de las actividades pol\u00edticas de mi pueblo, pues mi madre putativa Magdalena Arcos Tejeda, formaba parte del equipo pol\u00edtico que lideraban, siempre dentro de las filas del PRI, Don Santiago Castillo Flores y el Licenciado Baltazar. Mi primera credencial del PRI, data de Mayo de 1970.<br>Ambos me apodaban \u00abEl ni\u00f1o\u00bb.<br>Hacia finales de los 70&#8217;s, yo estaba trabajando ya como Abogado, en la Universidad Veracruzana y en la entonces Tesorer\u00eda General del Estado, y recuerdo con gran nostalgia, que era el invitado m\u00e1s joven a las largas jornadas de Poker, en la casa de Don Santiago, departiendo muy buen caf\u00e9 y alg\u00fan puro, con el anfitri\u00f3n, Manuel R\u00edos \u00abEl Gavil\u00e1n\u00bb, el Profesor Jos\u00e9 Medina Arcos y, desde luego, el Licenciado Baltazar.<br>En 1979, a sugerencia de Don Miguel, fui candidato suplente a Presidente Municipal, en la planilla que encabez\u00f3 Fernando Bello Mor\u00edn .<br>A principios de 1982, los dos alegres compadres Don Miguel y Don Santiago, me invitaron a ser candidato a Alcalde de Altototonga, con todas las condiciones a favor, invitaci\u00f3n que declin\u00e9, por motivos personales.<br>En 1988, finalmente, fui candidato y fui electo Presidente Municipal de Altotonga, y el Lic. Baltazar me pidi\u00f3 llevar como suplente en la f\u00f3rmula, a un muy joven prospecto, el Lic. Manlio Fabio Baltazar Montes.<br>En septiembre de 1991, se acercaba la sucesi\u00f3n municipal y el candidato que llevaba gran ventaja, por su amistad con el Gobernador Dante Delgado, era el Dr. Carlos Caba\u00f1as , quien por motivos personales no acept\u00f3 la postulaci\u00f3n, situacion que me oblig\u00f3 a reemplazarlo. El 2 de septiembre, en una jornada in\u00e9dita, ejemplo de democracia participativa, logr\u00e9 el consenso de los sectores pri\u00edstas en favor de Jos\u00e9 Delfino Mart\u00ednez Ju\u00e1rez, pero, tambi\u00e9n por consenso un\u00e1nime, antes acudimos al despacho de Don Miguel Baltazar para ofrecerle nuestro respaldo y pedirle que \u00e9l fuera el candidato. Recuerdo que nos contest\u00f3: Agradezco la deferencia, no acepto, pero cuenten con mi total apoyo en favor de Pepe Mart\u00ednez. El resto, es historia.<br>De ah\u00ed en m\u00e1s, siempre seguimos en contacto. Era grato reunirme a charlar con Don Miguel sobre muy diversos temas que dominaba, sobre todo, historia y pol\u00edtica.<br>Amante de la buena m\u00fasica, bohemio irredento, fan destacado de la Banda Rams, me hizo la distinci\u00f3n de contratarme para las bodas de sus hijos Manlio y Tere. Fue asiduo asistente a las Cena-Bailes de aniversario de la Banda Rams y coleccionaba nuestros Discos.<br>Creo que ya me fui largo, y no es, ni con mucho, todo lo que recuerdo del amigo que hoy parti\u00f3.<br>Vaya pues para Miguel, Manlio Fabio y Tere, mi abrazo conmovido y solidario. Se que entienden a plenitud el legado que les deja Don Miguel y que ser\u00e1n dignos depositarios y continuadores del mismo (de hecho, lo son ya).<\/p>\n\n\n\n<p>Vaya en Paz Maestro. Misi\u00f3n cumplida!<\/p>\n","protected":false},"excerpt":{"rendered":"<p>Carlos Dar\u00edo Oma\u00f1a Creo firmemente que mi Maestro y amigo, no se va solo. Con \u00e9l, se va una toda una era de la pol\u00edtica de Altotonga y de la regi\u00f3n.Con la desaparici\u00f3n f\u00edsica del Notario de mi pueblo, se cierra un ciclo, si bien largo, no menos fruct\u00edfero y pleno de historia, an\u00e9cdotas, ense\u00f1anzas [&hellip;]<\/p>\n","protected":false},"author":2,"featured_media":0,"comment_status":"closed","ping_status":"closed","sticky":false,"template":"","format":"standard","meta":{"tdm_status":"","tdm_grid_status":"","footnotes":""},"categories":[70],"tags":[2119,29766,25759,2219,29764,29762,29765,29761,29763],"class_list":{"0":"post-77765","1":"post","2":"type-post","3":"status-publish","4":"format-standard","6":"category-de-opinion","7":"tag-altotonga","8":"tag-carlos-cabanas","9":"tag-carlos-dario-omana","10":"tag-dante-delgado","11":"tag-fernando-bello-morin","12":"tag-magdalena-arcos-tejeda","13":"tag-manlio-fabio-baltazar-montes","14":"tag-miguel-baltazar","15":"tag-santiago-castillo-flores"},"yoast_head":"<!-- This site is optimized with the Yoast SEO plugin v27.4 - https:\/\/yoast.com\/product\/yoast-seo-wordpress\/ -->\n<title>Hoy se fue Miguel Baltazar - Los pol\u00edticos Veracruz<\/title>\n<meta name=\"robots\" content=\"index, follow, max-snippet:-1, max-image-preview:large, max-video-preview:-1\" \/>\n<link rel=\"canonical\" href=\"https:\/\/lospoliticosveracruz.com\/?p=77765\" \/>\n<meta property=\"og:locale\" content=\"es_ES\" \/>\n<meta property=\"og:type\" content=\"article\" \/>\n<meta property=\"og:title\" content=\"Hoy se fue Miguel Baltazar - Los pol\u00edticos Veracruz\" \/>\n<meta property=\"og:description\" content=\"Carlos Dar\u00edo Oma\u00f1a Creo firmemente que mi Maestro y amigo, no se va solo. Con \u00e9l, se va una toda una era de la pol\u00edtica de Altotonga y de la regi\u00f3n.Con la desaparici\u00f3n f\u00edsica del Notario de mi pueblo, se cierra un ciclo, si bien largo, no menos fruct\u00edfero y pleno de historia, an\u00e9cdotas, ense\u00f1anzas [&hellip;]\" \/>\n<meta property=\"og:url\" content=\"https:\/\/lospoliticosveracruz.com\/?p=77765\" \/>\n<meta property=\"og:site_name\" content=\"Los pol\u00edticos Veracruz\" \/>\n<meta property=\"article:publisher\" content=\"https:\/\/www.facebook.com\/people\/Notimemes-de-los-Polticos\/61565672886568\/\" \/>\n<meta property=\"article:published_time\" content=\"2021-08-08T13:34:06+00:00\" \/>\n<meta property=\"article:modified_time\" content=\"2021-08-26T19:30:53+00:00\" \/>\n<meta property=\"og:image\" content=\"http:\/\/www.lospoliticosveracruz.com.mx\/wp-content\/uploads\/2021\/08\/WhatsApp-Image-2021-08-02-at-12.46.36.jpeg\" \/>\n<meta name=\"author\" content=\"Lo viste en Los Pol\u00edticos\" \/>\n<meta name=\"twitter:card\" content=\"summary_large_image\" \/>\n<meta name=\"twitter:creator\" content=\"@LosPoliticosVer\" \/>\n<meta name=\"twitter:site\" content=\"@LosPoliticosVer\" \/>\n<meta name=\"twitter:label1\" content=\"Escrito por\" \/>\n\t<meta name=\"twitter:data1\" content=\"Lo viste en Los Pol\u00edticos\" \/>\n\t<meta name=\"twitter:label2\" content=\"Tiempo de lectura\" \/>\n\t<meta name=\"twitter:data2\" content=\"4 minutos\" \/>\n<script type=\"application\/ld+json\" class=\"yoast-schema-graph\">{\"@context\":\"https:\\\/\\\/schema.org\",\"@graph\":[{\"@type\":\"Article\",\"@id\":\"https:\\\/\\\/lospoliticosveracruz.com\\\/?p=77765#article\",\"isPartOf\":{\"@id\":\"https:\\\/\\\/lospoliticosveracruz.com\\\/?p=77765\"},\"author\":{\"name\":\"Lo viste en Los Pol\u00edticos\",\"@id\":\"https:\\\/\\\/lospoliticosveracruz.com\\\/#\\\/schema\\\/person\\\/b8702bb0e538456e6efd07080bf2a4a2\"},\"headline\":\"Hoy se fue Miguel Baltazar\",\"datePublished\":\"2021-08-08T13:34:06+00:00\",\"dateModified\":\"2021-08-26T19:30:53+00:00\",\"mainEntityOfPage\":{\"@id\":\"https:\\\/\\\/lospoliticosveracruz.com\\\/?p=77765\"},\"wordCount\":720,\"publisher\":{\"@id\":\"https:\\\/\\\/lospoliticosveracruz.com\\\/#organization\"},\"image\":{\"@id\":\"https:\\\/\\\/lospoliticosveracruz.com\\\/?p=77765#primaryimage\"},\"thumbnailUrl\":\"http:\\\/\\\/www.lospoliticosveracruz.com.mx\\\/wp-content\\\/uploads\\\/2021\\\/08\\\/WhatsApp-Image-2021-08-02-at-12.46.36.jpeg\",\"keywords\":[\"Altotonga\",\"Carlos Caba\u00f1as\",\"Carlos Dar\u00edo Oma\u00f1a\",\"Dante Delgado\",\"Fernando Bello Mor\u00edn\",\"Magdalena Arcos Tejeda\",\"Manlio Fabio Baltazar Montes\",\"Miguel Baltazar\",\"Santiago Castillo Flores\"],\"articleSection\":[\"De Opini\u00f3n\"],\"inLanguage\":\"es\"},{\"@type\":\"WebPage\",\"@id\":\"https:\\\/\\\/lospoliticosveracruz.com\\\/?p=77765\",\"url\":\"https:\\\/\\\/lospoliticosveracruz.com\\\/?p=77765\",\"name\":\"Hoy se fue Miguel Baltazar - Los pol\u00edticos Veracruz\",\"isPartOf\":{\"@id\":\"https:\\\/\\\/lospoliticosveracruz.com\\\/#website\"},\"primaryImageOfPage\":{\"@id\":\"https:\\\/\\\/lospoliticosveracruz.com\\\/?p=77765#primaryimage\"},\"image\":{\"@id\":\"https:\\\/\\\/lospoliticosveracruz.com\\\/?p=77765#primaryimage\"},\"thumbnailUrl\":\"http:\\\/\\\/www.lospoliticosveracruz.com.mx\\\/wp-content\\\/uploads\\\/2021\\\/08\\\/WhatsApp-Image-2021-08-02-at-12.46.36.jpeg\",\"datePublished\":\"2021-08-08T13:34:06+00:00\",\"dateModified\":\"2021-08-26T19:30:53+00:00\",\"breadcrumb\":{\"@id\":\"https:\\\/\\\/lospoliticosveracruz.com\\\/?p=77765#breadcrumb\"},\"inLanguage\":\"es\",\"potentialAction\":[{\"@type\":\"ReadAction\",\"target\":[\"https:\\\/\\\/lospoliticosveracruz.com\\\/?p=77765\"]}]},{\"@type\":\"ImageObject\",\"inLanguage\":\"es\",\"@id\":\"https:\\\/\\\/lospoliticosveracruz.com\\\/?p=77765#primaryimage\",\"url\":\"http:\\\/\\\/www.lospoliticosveracruz.com.mx\\\/wp-content\\\/uploads\\\/2021\\\/08\\\/WhatsApp-Image-2021-08-02-at-12.46.36.jpeg\",\"contentUrl\":\"http:\\\/\\\/www.lospoliticosveracruz.com.mx\\\/wp-content\\\/uploads\\\/2021\\\/08\\\/WhatsApp-Image-2021-08-02-at-12.46.36.jpeg\"},{\"@type\":\"BreadcrumbList\",\"@id\":\"https:\\\/\\\/lospoliticosveracruz.com\\\/?p=77765#breadcrumb\",\"itemListElement\":[{\"@type\":\"ListItem\",\"position\":1,\"name\":\"Portada\",\"item\":\"https:\\\/\\\/lospoliticosveracruz.com\\\/\"},{\"@type\":\"ListItem\",\"position\":2,\"name\":\"Hoy se fue Miguel Baltazar\"}]},{\"@type\":\"WebSite\",\"@id\":\"https:\\\/\\\/lospoliticosveracruz.com\\\/#website\",\"url\":\"https:\\\/\\\/lospoliticosveracruz.com\\\/\",\"name\":\"Los pol\u00edticos Veracruz\",\"description\":\"\",\"publisher\":{\"@id\":\"https:\\\/\\\/lospoliticosveracruz.com\\\/#organization\"},\"potentialAction\":[{\"@type\":\"SearchAction\",\"target\":{\"@type\":\"EntryPoint\",\"urlTemplate\":\"https:\\\/\\\/lospoliticosveracruz.com\\\/?s={search_term_string}\"},\"query-input\":{\"@type\":\"PropertyValueSpecification\",\"valueRequired\":true,\"valueName\":\"search_term_string\"}}],\"inLanguage\":\"es\"},{\"@type\":\"Organization\",\"@id\":\"https:\\\/\\\/lospoliticosveracruz.com\\\/#organization\",\"name\":\"Los pol\u00edticos Veracruz\",\"url\":\"https:\\\/\\\/lospoliticosveracruz.com\\\/\",\"logo\":{\"@type\":\"ImageObject\",\"inLanguage\":\"es\",\"@id\":\"https:\\\/\\\/lospoliticosveracruz.com\\\/#\\\/schema\\\/logo\\\/image\\\/\",\"url\":\"https:\\\/\\\/lospoliticosveracruz.com\\\/wp-content\\\/uploads\\\/2025\\\/12\\\/Logo-Nuevo-LOS-POLITICOS-1.jpg\",\"contentUrl\":\"https:\\\/\\\/lospoliticosveracruz.com\\\/wp-content\\\/uploads\\\/2025\\\/12\\\/Logo-Nuevo-LOS-POLITICOS-1.jpg\",\"width\":260,\"height\":70,\"caption\":\"Los pol\u00edticos Veracruz\"},\"image\":{\"@id\":\"https:\\\/\\\/lospoliticosveracruz.com\\\/#\\\/schema\\\/logo\\\/image\\\/\"},\"sameAs\":[\"https:\\\/\\\/www.facebook.com\\\/people\\\/Notimemes-de-los-Polticos\\\/61565672886568\\\/\",\"https:\\\/\\\/x.com\\\/LosPoliticosVer\"]},{\"@type\":\"Person\",\"@id\":\"https:\\\/\\\/lospoliticosveracruz.com\\\/#\\\/schema\\\/person\\\/b8702bb0e538456e6efd07080bf2a4a2\",\"name\":\"Lo viste en Los Pol\u00edticos\",\"image\":{\"@type\":\"ImageObject\",\"inLanguage\":\"es\",\"@id\":\"https:\\\/\\\/secure.gravatar.com\\\/avatar\\\/3a8de04a2656d44082be478bd6c086daa447c4651605818287b9532d3d0bd435?s=96&d=mm&r=g\",\"url\":\"https:\\\/\\\/secure.gravatar.com\\\/avatar\\\/3a8de04a2656d44082be478bd6c086daa447c4651605818287b9532d3d0bd435?s=96&d=mm&r=g\",\"contentUrl\":\"https:\\\/\\\/secure.gravatar.com\\\/avatar\\\/3a8de04a2656d44082be478bd6c086daa447c4651605818287b9532d3d0bd435?s=96&d=mm&r=g\",\"caption\":\"Lo viste en Los Pol\u00edticos\"},\"url\":\"https:\\\/\\\/lospoliticosveracruz.com\\\/?author=2\"}]}<\/script>\n<!-- \/ Yoast SEO plugin. -->","yoast_head_json":{"title":"Hoy se fue Miguel Baltazar - Los pol\u00edticos Veracruz","robots":{"index":"index","follow":"follow","max-snippet":"max-snippet:-1","max-image-preview":"max-image-preview:large","max-video-preview":"max-video-preview:-1"},"canonical":"https:\/\/lospoliticosveracruz.com\/?p=77765","og_locale":"es_ES","og_type":"article","og_title":"Hoy se fue Miguel Baltazar - Los pol\u00edticos Veracruz","og_description":"Carlos Dar\u00edo Oma\u00f1a Creo firmemente que mi Maestro y amigo, no se va solo. Con \u00e9l, se va una toda una era de la pol\u00edtica de Altotonga y de la regi\u00f3n.Con la desaparici\u00f3n f\u00edsica del Notario de mi pueblo, se cierra un ciclo, si bien largo, no menos fruct\u00edfero y pleno de historia, an\u00e9cdotas, ense\u00f1anzas [&hellip;]","og_url":"https:\/\/lospoliticosveracruz.com\/?p=77765","og_site_name":"Los pol\u00edticos Veracruz","article_publisher":"https:\/\/www.facebook.com\/people\/Notimemes-de-los-Polticos\/61565672886568\/","article_published_time":"2021-08-08T13:34:06+00:00","article_modified_time":"2021-08-26T19:30:53+00:00","og_image":[{"url":"http:\/\/www.lospoliticosveracruz.com.mx\/wp-content\/uploads\/2021\/08\/WhatsApp-Image-2021-08-02-at-12.46.36.jpeg","type":"","width":"","height":""}],"author":"Lo viste en Los Pol\u00edticos","twitter_card":"summary_large_image","twitter_creator":"@LosPoliticosVer","twitter_site":"@LosPoliticosVer","twitter_misc":{"Escrito por":"Lo viste en Los Pol\u00edticos","Tiempo de lectura":"4 minutos"},"schema":{"@context":"https:\/\/schema.org","@graph":[{"@type":"Article","@id":"https:\/\/lospoliticosveracruz.com\/?p=77765#article","isPartOf":{"@id":"https:\/\/lospoliticosveracruz.com\/?p=77765"},"author":{"name":"Lo viste en Los Pol\u00edticos","@id":"https:\/\/lospoliticosveracruz.com\/#\/schema\/person\/b8702bb0e538456e6efd07080bf2a4a2"},"headline":"Hoy se fue Miguel Baltazar","datePublished":"2021-08-08T13:34:06+00:00","dateModified":"2021-08-26T19:30:53+00:00","mainEntityOfPage":{"@id":"https:\/\/lospoliticosveracruz.com\/?p=77765"},"wordCount":720,"publisher":{"@id":"https:\/\/lospoliticosveracruz.com\/#organization"},"image":{"@id":"https:\/\/lospoliticosveracruz.com\/?p=77765#primaryimage"},"thumbnailUrl":"http:\/\/www.lospoliticosveracruz.com.mx\/wp-content\/uploads\/2021\/08\/WhatsApp-Image-2021-08-02-at-12.46.36.jpeg","keywords":["Altotonga","Carlos Caba\u00f1as","Carlos Dar\u00edo Oma\u00f1a","Dante Delgado","Fernando Bello Mor\u00edn","Magdalena Arcos Tejeda","Manlio Fabio Baltazar Montes","Miguel Baltazar","Santiago Castillo Flores"],"articleSection":["De Opini\u00f3n"],"inLanguage":"es"},{"@type":"WebPage","@id":"https:\/\/lospoliticosveracruz.com\/?p=77765","url":"https:\/\/lospoliticosveracruz.com\/?p=77765","name":"Hoy se fue Miguel Baltazar - Los pol\u00edticos Veracruz","isPartOf":{"@id":"https:\/\/lospoliticosveracruz.com\/#website"},"primaryImageOfPage":{"@id":"https:\/\/lospoliticosveracruz.com\/?p=77765#primaryimage"},"image":{"@id":"https:\/\/lospoliticosveracruz.com\/?p=77765#primaryimage"},"thumbnailUrl":"http:\/\/www.lospoliticosveracruz.com.mx\/wp-content\/uploads\/2021\/08\/WhatsApp-Image-2021-08-02-at-12.46.36.jpeg","datePublished":"2021-08-08T13:34:06+00:00","dateModified":"2021-08-26T19:30:53+00:00","breadcrumb":{"@id":"https:\/\/lospoliticosveracruz.com\/?p=77765#breadcrumb"},"inLanguage":"es","potentialAction":[{"@type":"ReadAction","target":["https:\/\/lospoliticosveracruz.com\/?p=77765"]}]},{"@type":"ImageObject","inLanguage":"es","@id":"https:\/\/lospoliticosveracruz.com\/?p=77765#primaryimage","url":"http:\/\/www.lospoliticosveracruz.com.mx\/wp-content\/uploads\/2021\/08\/WhatsApp-Image-2021-08-02-at-12.46.36.jpeg","contentUrl":"http:\/\/www.lospoliticosveracruz.com.mx\/wp-content\/uploads\/2021\/08\/WhatsApp-Image-2021-08-02-at-12.46.36.jpeg"},{"@type":"BreadcrumbList","@id":"https:\/\/lospoliticosveracruz.com\/?p=77765#breadcrumb","itemListElement":[{"@type":"ListItem","position":1,"name":"Portada","item":"https:\/\/lospoliticosveracruz.com\/"},{"@type":"ListItem","position":2,"name":"Hoy se fue Miguel Baltazar"}]},{"@type":"WebSite","@id":"https:\/\/lospoliticosveracruz.com\/#website","url":"https:\/\/lospoliticosveracruz.com\/","name":"Los pol\u00edticos Veracruz","description":"","publisher":{"@id":"https:\/\/lospoliticosveracruz.com\/#organization"},"potentialAction":[{"@type":"SearchAction","target":{"@type":"EntryPoint","urlTemplate":"https:\/\/lospoliticosveracruz.com\/?s={search_term_string}"},"query-input":{"@type":"PropertyValueSpecification","valueRequired":true,"valueName":"search_term_string"}}],"inLanguage":"es"},{"@type":"Organization","@id":"https:\/\/lospoliticosveracruz.com\/#organization","name":"Los pol\u00edticos Veracruz","url":"https:\/\/lospoliticosveracruz.com\/","logo":{"@type":"ImageObject","inLanguage":"es","@id":"https:\/\/lospoliticosveracruz.com\/#\/schema\/logo\/image\/","url":"https:\/\/lospoliticosveracruz.com\/wp-content\/uploads\/2025\/12\/Logo-Nuevo-LOS-POLITICOS-1.jpg","contentUrl":"https:\/\/lospoliticosveracruz.com\/wp-content\/uploads\/2025\/12\/Logo-Nuevo-LOS-POLITICOS-1.jpg","width":260,"height":70,"caption":"Los pol\u00edticos Veracruz"},"image":{"@id":"https:\/\/lospoliticosveracruz.com\/#\/schema\/logo\/image\/"},"sameAs":["https:\/\/www.facebook.com\/people\/Notimemes-de-los-Polticos\/61565672886568\/","https:\/\/x.com\/LosPoliticosVer"]},{"@type":"Person","@id":"https:\/\/lospoliticosveracruz.com\/#\/schema\/person\/b8702bb0e538456e6efd07080bf2a4a2","name":"Lo viste en Los Pol\u00edticos","image":{"@type":"ImageObject","inLanguage":"es","@id":"https:\/\/secure.gravatar.com\/avatar\/3a8de04a2656d44082be478bd6c086daa447c4651605818287b9532d3d0bd435?s=96&d=mm&r=g","url":"https:\/\/secure.gravatar.com\/avatar\/3a8de04a2656d44082be478bd6c086daa447c4651605818287b9532d3d0bd435?s=96&d=mm&r=g","contentUrl":"https:\/\/secure.gravatar.com\/avatar\/3a8de04a2656d44082be478bd6c086daa447c4651605818287b9532d3d0bd435?s=96&d=mm&r=g","caption":"Lo viste en Los Pol\u00edticos"},"url":"https:\/\/lospoliticosveracruz.com\/?author=2"}]}},"_links":{"self":[{"href":"https:\/\/lospoliticosveracruz.com\/index.php?rest_route=\/wp\/v2\/posts\/77765","targetHints":{"allow":["GET"]}}],"collection":[{"href":"https:\/\/lospoliticosveracruz.com\/index.php?rest_route=\/wp\/v2\/posts"}],"about":[{"href":"https:\/\/lospoliticosveracruz.com\/index.php?rest_route=\/wp\/v2\/types\/post"}],"author":[{"embeddable":true,"href":"https:\/\/lospoliticosveracruz.com\/index.php?rest_route=\/wp\/v2\/users\/2"}],"replies":[{"embeddable":true,"href":"https:\/\/lospoliticosveracruz.com\/index.php?rest_route=%2Fwp%2Fv2%2Fcomments&post=77765"}],"version-history":[{"count":2,"href":"https:\/\/lospoliticosveracruz.com\/index.php?rest_route=\/wp\/v2\/posts\/77765\/revisions"}],"predecessor-version":[{"id":78623,"href":"https:\/\/lospoliticosveracruz.com\/index.php?rest_route=\/wp\/v2\/posts\/77765\/revisions\/78623"}],"wp:attachment":[{"href":"https:\/\/lospoliticosveracruz.com\/index.php?rest_route=%2Fwp%2Fv2%2Fmedia&parent=77765"}],"wp:term":[{"taxonomy":"category","embeddable":true,"href":"https:\/\/lospoliticosveracruz.com\/index.php?rest_route=%2Fwp%2Fv2%2Fcategories&post=77765"},{"taxonomy":"post_tag","embeddable":true,"href":"https:\/\/lospoliticosveracruz.com\/index.php?rest_route=%2Fwp%2Fv2%2Ftags&post=77765"}],"curies":[{"name":"wp","href":"https:\/\/api.w.org\/{rel}","templated":true}]}}