{"id":78042,"date":"2021-08-14T09:10:59","date_gmt":"2021-08-14T14:10:59","guid":{"rendered":"http:\/\/www.lospoliticosveracruz.com.mx\/?p=78042"},"modified":"2021-08-14T09:11:01","modified_gmt":"2021-08-14T14:11:01","slug":"sin-cubrebocas","status":"publish","type":"post","link":"https:\/\/lospoliticosveracruz.com\/?p=78042","title":{"rendered":"Sin Cubrebocas"},"content":{"rendered":"\n<p><strong>Brenda Caballero<\/strong><\/p>\n\n\n\n<p><em>N\u00fameros Rojos<br><\/em><\/p>\n\n\n\n<p>Con caf\u00e9 en mano suben al autob\u00fas. La joven pareja, no mayor de 25 a\u00f1os, viaja a la Ciudad de M\u00e9xico. Buscan su asiento, se acomodan y se quitan el cubrebocas. Extienden la mesita auxiliar del asiento y empiezan a tomar su caf\u00e9. El cami\u00f3n inicia su marcha. Pasan dos horas y media y los j\u00f3venes siguen tomando su caf\u00e9 y charlando, cual cafeter\u00eda en tiempos sin pandemia.<\/p>\n\n\n\n<div class=\"wp-block-image\"><figure class=\"alignleft size-large\"><a href=\"http:\/\/www.lospoliticosveracruz.com.mx\/wp-content\/uploads\/2021\/08\/WhatsApp-Image-2021-08-02-at-12.46.36.jpeg\"><img decoding=\"async\" src=\"http:\/\/www.lospoliticosveracruz.com.mx\/wp-content\/uploads\/2021\/08\/WhatsApp-Image-2021-08-02-at-12.46.36.jpeg\" alt=\"\" class=\"wp-image-77480\"\/><\/a><\/figure><\/div>\n\n\n\n<p><br>Terminan su caf\u00e9 y siguen sin cubrebocas en la charla \u00bfestrategia para no pon\u00e9rselo?<br>Una hora antes de llegar a la Ciudad de M\u00e9xico, a la chica le da sue\u00f1o. Entonces s\u00ed se lo pone, pues su cara da hacia el pasillo. Como si el aire circulara solamente por el pasillo y no por todo el cami\u00f3n. El chico sigue viendo su celular, como si nada le preocupara, hasta llegar a su destino.<br>Entonces s\u00ed, para bajar, ambos se colocan el cubrebocas y se dirigen a la sala de espera.<br>As\u00ed como esta historia, existe un sinn\u00famero m\u00e1s de quienes no usan cubrebocas. Como aquellas empleadas de la tortiller\u00eda de por mi casa o empleados de algunos peque\u00f1os comercios que no se lo ponen o lo colocan mal (\u00fanicamente cubriendo la boca y no hasta nariz). O qu\u00e9 tal cuando el cubrebocas lo usan de papadera. La mejor estrategia para ocultar la papada, aunque te contagies de Covid.<br>Veo que con el regreso a clases presencial se exige el uso del cubrebocas en los ni\u00f1os. \u00bfPor qu\u00e9 obligar a los ni\u00f1os y no a los adultos a portarlo? \u00bfPor qu\u00e9 se pondr\u00edan cubrebocas los peque\u00f1os si en su casa no lo usa? Es m\u00e1s, nuestras autoridades tampoco lo usan, y ni lo recomiendan porque supuestamente no ayuda.<br>All\u00ed tiene usted al diputado federal Gerardo Fern\u00e1ndez Noro\u00f1a que acaba de salir del Covid y al preguntarle que si seguir\u00eda sin usar cubrebocas, literalmente dijo \u201cNo estoy enfermo\u201d y mostrando su prueba negativa dijo: \u201c\u00bfPor qu\u00e9 tendr\u00eda que usar cubrebocas si estoy sano, \u00a1Qu\u00e9 usen cubrebocas los enfermos!\u00bb<br>Pero no solamente autoridades, funcionarios p\u00fablicos y ciudadan\u00eda en general se niegan a usar cubrebocas, como lo viraliz\u00f3 el cantante Jorge D\u2019Alessio al ir a presentar una denuncia por robo de su camioneta en el municipio de Naucalpan. \u00c9l le solicit\u00f3 a la ministerio p\u00fablico usara cubrebocas mientras le levantaba el acta correspondiente, a lo que la funcionaria contest\u00f3 que no ten\u00eda. De inmediato el cantante le llev\u00f3 uno, a lo que la funcionario dijo que ella ten\u00eda el suyo, pero que no se lo pon\u00eda porque sufr\u00eda asma y le hac\u00eda da\u00f1o. Al decirle que era por la seguridad de todos, de inmediato dijo: \u201cPor eso ustedes lo traen\u201d.<br>Esto me record\u00f3 a una vecina que le afectaba el uso del cubrebocas, sin embargo busc\u00f3 unos de diferente material para poder usarlo. \u00a1Y all\u00ed est\u00e1, con su cubrebocas!<br>\u00bfHasta d\u00f3nde es permisible andar sin cubrebocas? \u00bfDe verdad no funciona? \u00bfQu\u00e9 pasar\u00eda si todos anduvi\u00e9ramos sin cubrebocas?<br>Por si no tuvi\u00e9ramos ya suficiente polarizaci\u00f3n en el pa\u00eds, el cubrebocas viene a ser otro elemento esencial de la misma y se coloca en tema de discusi\u00f3n p\u00fablica. \u00bfDebe ser obligatorio su uso? \u00bfDebe sancionarse a quien no lo porte?<br>Si a los ni\u00f1os les dicen que deben portarlo en la escuela porque es p\u00fablica, \u00bfPor qu\u00e9 no aplican esa misma medida a funcionarios p\u00fablicos?<br>\u00bfDejar\u00e1n las autoridades escolares que un ni\u00f1o o maestro no use cubrebocas porque tiene asma, porque no est\u00e1 enfermo o simplemente porque le han dicho que no funciona?<br>Hay pa\u00edses como Dinamarca, Israel, Estados Unidos, Reino Unido o Polonia en que el cubrebocas ya no es obligatorio en espacios abiertos; sin embargo, seamos realistas, no tenemos su sistema de salud. Tambi\u00e9n notamos que nuestros gobernantes no lo usan; seamos realistas, ellos tienen capacidad econ\u00f3mica si se enferman; nosotros no.<br>Por lo pronto, lo \u00fanico que nos queda es usarlo por prevenci\u00f3n, ya que as\u00ed lo recomiendan las autoridades sanitarias y es un ejemplo para nuestras ni\u00f1as y ni\u00f1os que regresar\u00e1n a clases presenciales.<\/p>\n\n\n\n<p>@NumerosRojos_BC<br>caballero_brenda@hotmail.com<\/p>\n","protected":false},"excerpt":{"rendered":"<p>Brenda Caballero N\u00fameros Rojos Con caf\u00e9 en mano suben al autob\u00fas. La joven pareja, no mayor de 25 a\u00f1os, viaja a la Ciudad de M\u00e9xico. Buscan su asiento, se acomodan y se quitan el cubrebocas. Extienden la mesita auxiliar del asiento y empiezan a tomar su caf\u00e9. El cami\u00f3n inicia su marcha. Pasan dos horas [&hellip;]<\/p>\n","protected":false},"author":2,"featured_media":0,"comment_status":"closed","ping_status":"closed","sticky":false,"template":"","format":"standard","meta":{"tdm_status":"","tdm_grid_status":"","footnotes":""},"categories":[70],"tags":[2687,24197,17389,12598,29863,16929,5899],"class_list":{"0":"post-78042","1":"post","2":"type-post","3":"status-publish","4":"format-standard","6":"category-de-opinion","7":"tag-brenda-caballero","8":"tag-clases-presenciales","9":"tag-cubrebocas","10":"tag-gerardo-fernandez-norona","11":"tag-jorge-dalessio","12":"tag-pandemia","13":"tag-regreso-a-clases"},"yoast_head":"<!-- This site is optimized with the Yoast SEO plugin v27.4 - https:\/\/yoast.com\/product\/yoast-seo-wordpress\/ -->\n<title>Sin Cubrebocas - Los pol\u00edticos Veracruz<\/title>\n<meta name=\"robots\" content=\"index, follow, max-snippet:-1, max-image-preview:large, max-video-preview:-1\" \/>\n<link rel=\"canonical\" href=\"https:\/\/lospoliticosveracruz.com\/?p=78042\" \/>\n<meta property=\"og:locale\" content=\"es_ES\" \/>\n<meta property=\"og:type\" content=\"article\" \/>\n<meta property=\"og:title\" content=\"Sin Cubrebocas - Los pol\u00edticos Veracruz\" \/>\n<meta property=\"og:description\" content=\"Brenda Caballero N\u00fameros Rojos Con caf\u00e9 en mano suben al autob\u00fas. La joven pareja, no mayor de 25 a\u00f1os, viaja a la Ciudad de M\u00e9xico. Buscan su asiento, se acomodan y se quitan el cubrebocas. Extienden la mesita auxiliar del asiento y empiezan a tomar su caf\u00e9. El cami\u00f3n inicia su marcha. Pasan dos horas [&hellip;]\" \/>\n<meta property=\"og:url\" content=\"https:\/\/lospoliticosveracruz.com\/?p=78042\" \/>\n<meta property=\"og:site_name\" content=\"Los pol\u00edticos Veracruz\" \/>\n<meta property=\"article:publisher\" content=\"https:\/\/www.facebook.com\/people\/Notimemes-de-los-Polticos\/61565672886568\/\" \/>\n<meta property=\"article:published_time\" content=\"2021-08-14T14:10:59+00:00\" \/>\n<meta property=\"article:modified_time\" content=\"2021-08-14T14:11:01+00:00\" \/>\n<meta property=\"og:image\" content=\"http:\/\/www.lospoliticosveracruz.com.mx\/wp-content\/uploads\/2021\/08\/WhatsApp-Image-2021-08-02-at-12.46.36.jpeg\" \/>\n<meta name=\"author\" content=\"Lo viste en Los Pol\u00edticos\" \/>\n<meta name=\"twitter:card\" content=\"summary_large_image\" \/>\n<meta name=\"twitter:creator\" content=\"@LosPoliticosVer\" \/>\n<meta name=\"twitter:site\" content=\"@LosPoliticosVer\" \/>\n<meta name=\"twitter:label1\" content=\"Escrito por\" \/>\n\t<meta name=\"twitter:data1\" content=\"Lo viste en Los Pol\u00edticos\" \/>\n\t<meta name=\"twitter:label2\" content=\"Tiempo de lectura\" \/>\n\t<meta name=\"twitter:data2\" content=\"4 minutos\" \/>\n<script type=\"application\/ld+json\" class=\"yoast-schema-graph\">{\"@context\":\"https:\\\/\\\/schema.org\",\"@graph\":[{\"@type\":\"Article\",\"@id\":\"https:\\\/\\\/lospoliticosveracruz.com\\\/?p=78042#article\",\"isPartOf\":{\"@id\":\"https:\\\/\\\/lospoliticosveracruz.com\\\/?p=78042\"},\"author\":{\"name\":\"Lo viste en Los Pol\u00edticos\",\"@id\":\"https:\\\/\\\/lospoliticosveracruz.com\\\/#\\\/schema\\\/person\\\/b8702bb0e538456e6efd07080bf2a4a2\"},\"headline\":\"Sin Cubrebocas\",\"datePublished\":\"2021-08-14T14:10:59+00:00\",\"dateModified\":\"2021-08-14T14:11:01+00:00\",\"mainEntityOfPage\":{\"@id\":\"https:\\\/\\\/lospoliticosveracruz.com\\\/?p=78042\"},\"wordCount\":734,\"publisher\":{\"@id\":\"https:\\\/\\\/lospoliticosveracruz.com\\\/#organization\"},\"image\":{\"@id\":\"https:\\\/\\\/lospoliticosveracruz.com\\\/?p=78042#primaryimage\"},\"thumbnailUrl\":\"http:\\\/\\\/www.lospoliticosveracruz.com.mx\\\/wp-content\\\/uploads\\\/2021\\\/08\\\/WhatsApp-Image-2021-08-02-at-12.46.36.jpeg\",\"keywords\":[\"Brenda Caballero\",\"clases presenciales\",\"cubrebocas\",\"Gerardo Fern\u00e1ndez Noro\u00f1a\",\"Jorge D\u2019Alessio\",\"pandemia\",\"Regreso a clases\"],\"articleSection\":[\"De Opini\u00f3n\"],\"inLanguage\":\"es\"},{\"@type\":\"WebPage\",\"@id\":\"https:\\\/\\\/lospoliticosveracruz.com\\\/?p=78042\",\"url\":\"https:\\\/\\\/lospoliticosveracruz.com\\\/?p=78042\",\"name\":\"Sin Cubrebocas - Los pol\u00edticos Veracruz\",\"isPartOf\":{\"@id\":\"https:\\\/\\\/lospoliticosveracruz.com\\\/#website\"},\"primaryImageOfPage\":{\"@id\":\"https:\\\/\\\/lospoliticosveracruz.com\\\/?p=78042#primaryimage\"},\"image\":{\"@id\":\"https:\\\/\\\/lospoliticosveracruz.com\\\/?p=78042#primaryimage\"},\"thumbnailUrl\":\"http:\\\/\\\/www.lospoliticosveracruz.com.mx\\\/wp-content\\\/uploads\\\/2021\\\/08\\\/WhatsApp-Image-2021-08-02-at-12.46.36.jpeg\",\"datePublished\":\"2021-08-14T14:10:59+00:00\",\"dateModified\":\"2021-08-14T14:11:01+00:00\",\"breadcrumb\":{\"@id\":\"https:\\\/\\\/lospoliticosveracruz.com\\\/?p=78042#breadcrumb\"},\"inLanguage\":\"es\",\"potentialAction\":[{\"@type\":\"ReadAction\",\"target\":[\"https:\\\/\\\/lospoliticosveracruz.com\\\/?p=78042\"]}]},{\"@type\":\"ImageObject\",\"inLanguage\":\"es\",\"@id\":\"https:\\\/\\\/lospoliticosveracruz.com\\\/?p=78042#primaryimage\",\"url\":\"http:\\\/\\\/www.lospoliticosveracruz.com.mx\\\/wp-content\\\/uploads\\\/2021\\\/08\\\/WhatsApp-Image-2021-08-02-at-12.46.36.jpeg\",\"contentUrl\":\"http:\\\/\\\/www.lospoliticosveracruz.com.mx\\\/wp-content\\\/uploads\\\/2021\\\/08\\\/WhatsApp-Image-2021-08-02-at-12.46.36.jpeg\"},{\"@type\":\"BreadcrumbList\",\"@id\":\"https:\\\/\\\/lospoliticosveracruz.com\\\/?p=78042#breadcrumb\",\"itemListElement\":[{\"@type\":\"ListItem\",\"position\":1,\"name\":\"Portada\",\"item\":\"https:\\\/\\\/lospoliticosveracruz.com\\\/\"},{\"@type\":\"ListItem\",\"position\":2,\"name\":\"Sin Cubrebocas\"}]},{\"@type\":\"WebSite\",\"@id\":\"https:\\\/\\\/lospoliticosveracruz.com\\\/#website\",\"url\":\"https:\\\/\\\/lospoliticosveracruz.com\\\/\",\"name\":\"Los pol\u00edticos Veracruz\",\"description\":\"\",\"publisher\":{\"@id\":\"https:\\\/\\\/lospoliticosveracruz.com\\\/#organization\"},\"potentialAction\":[{\"@type\":\"SearchAction\",\"target\":{\"@type\":\"EntryPoint\",\"urlTemplate\":\"https:\\\/\\\/lospoliticosveracruz.com\\\/?s={search_term_string}\"},\"query-input\":{\"@type\":\"PropertyValueSpecification\",\"valueRequired\":true,\"valueName\":\"search_term_string\"}}],\"inLanguage\":\"es\"},{\"@type\":\"Organization\",\"@id\":\"https:\\\/\\\/lospoliticosveracruz.com\\\/#organization\",\"name\":\"Los pol\u00edticos Veracruz\",\"url\":\"https:\\\/\\\/lospoliticosveracruz.com\\\/\",\"logo\":{\"@type\":\"ImageObject\",\"inLanguage\":\"es\",\"@id\":\"https:\\\/\\\/lospoliticosveracruz.com\\\/#\\\/schema\\\/logo\\\/image\\\/\",\"url\":\"https:\\\/\\\/lospoliticosveracruz.com\\\/wp-content\\\/uploads\\\/2025\\\/12\\\/Logo-Nuevo-LOS-POLITICOS-1.jpg\",\"contentUrl\":\"https:\\\/\\\/lospoliticosveracruz.com\\\/wp-content\\\/uploads\\\/2025\\\/12\\\/Logo-Nuevo-LOS-POLITICOS-1.jpg\",\"width\":260,\"height\":70,\"caption\":\"Los pol\u00edticos Veracruz\"},\"image\":{\"@id\":\"https:\\\/\\\/lospoliticosveracruz.com\\\/#\\\/schema\\\/logo\\\/image\\\/\"},\"sameAs\":[\"https:\\\/\\\/www.facebook.com\\\/people\\\/Notimemes-de-los-Polticos\\\/61565672886568\\\/\",\"https:\\\/\\\/x.com\\\/LosPoliticosVer\"]},{\"@type\":\"Person\",\"@id\":\"https:\\\/\\\/lospoliticosveracruz.com\\\/#\\\/schema\\\/person\\\/b8702bb0e538456e6efd07080bf2a4a2\",\"name\":\"Lo viste en Los Pol\u00edticos\",\"image\":{\"@type\":\"ImageObject\",\"inLanguage\":\"es\",\"@id\":\"https:\\\/\\\/secure.gravatar.com\\\/avatar\\\/3a8de04a2656d44082be478bd6c086daa447c4651605818287b9532d3d0bd435?s=96&d=mm&r=g\",\"url\":\"https:\\\/\\\/secure.gravatar.com\\\/avatar\\\/3a8de04a2656d44082be478bd6c086daa447c4651605818287b9532d3d0bd435?s=96&d=mm&r=g\",\"contentUrl\":\"https:\\\/\\\/secure.gravatar.com\\\/avatar\\\/3a8de04a2656d44082be478bd6c086daa447c4651605818287b9532d3d0bd435?s=96&d=mm&r=g\",\"caption\":\"Lo viste en Los Pol\u00edticos\"},\"url\":\"https:\\\/\\\/lospoliticosveracruz.com\\\/?author=2\"}]}<\/script>\n<!-- \/ Yoast SEO plugin. -->","yoast_head_json":{"title":"Sin Cubrebocas - Los pol\u00edticos Veracruz","robots":{"index":"index","follow":"follow","max-snippet":"max-snippet:-1","max-image-preview":"max-image-preview:large","max-video-preview":"max-video-preview:-1"},"canonical":"https:\/\/lospoliticosveracruz.com\/?p=78042","og_locale":"es_ES","og_type":"article","og_title":"Sin Cubrebocas - Los pol\u00edticos Veracruz","og_description":"Brenda Caballero N\u00fameros Rojos Con caf\u00e9 en mano suben al autob\u00fas. La joven pareja, no mayor de 25 a\u00f1os, viaja a la Ciudad de M\u00e9xico. Buscan su asiento, se acomodan y se quitan el cubrebocas. Extienden la mesita auxiliar del asiento y empiezan a tomar su caf\u00e9. El cami\u00f3n inicia su marcha. Pasan dos horas [&hellip;]","og_url":"https:\/\/lospoliticosveracruz.com\/?p=78042","og_site_name":"Los pol\u00edticos Veracruz","article_publisher":"https:\/\/www.facebook.com\/people\/Notimemes-de-los-Polticos\/61565672886568\/","article_published_time":"2021-08-14T14:10:59+00:00","article_modified_time":"2021-08-14T14:11:01+00:00","og_image":[{"url":"http:\/\/www.lospoliticosveracruz.com.mx\/wp-content\/uploads\/2021\/08\/WhatsApp-Image-2021-08-02-at-12.46.36.jpeg","type":"","width":"","height":""}],"author":"Lo viste en Los Pol\u00edticos","twitter_card":"summary_large_image","twitter_creator":"@LosPoliticosVer","twitter_site":"@LosPoliticosVer","twitter_misc":{"Escrito por":"Lo viste en Los Pol\u00edticos","Tiempo de lectura":"4 minutos"},"schema":{"@context":"https:\/\/schema.org","@graph":[{"@type":"Article","@id":"https:\/\/lospoliticosveracruz.com\/?p=78042#article","isPartOf":{"@id":"https:\/\/lospoliticosveracruz.com\/?p=78042"},"author":{"name":"Lo viste en Los Pol\u00edticos","@id":"https:\/\/lospoliticosveracruz.com\/#\/schema\/person\/b8702bb0e538456e6efd07080bf2a4a2"},"headline":"Sin Cubrebocas","datePublished":"2021-08-14T14:10:59+00:00","dateModified":"2021-08-14T14:11:01+00:00","mainEntityOfPage":{"@id":"https:\/\/lospoliticosveracruz.com\/?p=78042"},"wordCount":734,"publisher":{"@id":"https:\/\/lospoliticosveracruz.com\/#organization"},"image":{"@id":"https:\/\/lospoliticosveracruz.com\/?p=78042#primaryimage"},"thumbnailUrl":"http:\/\/www.lospoliticosveracruz.com.mx\/wp-content\/uploads\/2021\/08\/WhatsApp-Image-2021-08-02-at-12.46.36.jpeg","keywords":["Brenda Caballero","clases presenciales","cubrebocas","Gerardo Fern\u00e1ndez Noro\u00f1a","Jorge D\u2019Alessio","pandemia","Regreso a clases"],"articleSection":["De Opini\u00f3n"],"inLanguage":"es"},{"@type":"WebPage","@id":"https:\/\/lospoliticosveracruz.com\/?p=78042","url":"https:\/\/lospoliticosveracruz.com\/?p=78042","name":"Sin Cubrebocas - Los pol\u00edticos Veracruz","isPartOf":{"@id":"https:\/\/lospoliticosveracruz.com\/#website"},"primaryImageOfPage":{"@id":"https:\/\/lospoliticosveracruz.com\/?p=78042#primaryimage"},"image":{"@id":"https:\/\/lospoliticosveracruz.com\/?p=78042#primaryimage"},"thumbnailUrl":"http:\/\/www.lospoliticosveracruz.com.mx\/wp-content\/uploads\/2021\/08\/WhatsApp-Image-2021-08-02-at-12.46.36.jpeg","datePublished":"2021-08-14T14:10:59+00:00","dateModified":"2021-08-14T14:11:01+00:00","breadcrumb":{"@id":"https:\/\/lospoliticosveracruz.com\/?p=78042#breadcrumb"},"inLanguage":"es","potentialAction":[{"@type":"ReadAction","target":["https:\/\/lospoliticosveracruz.com\/?p=78042"]}]},{"@type":"ImageObject","inLanguage":"es","@id":"https:\/\/lospoliticosveracruz.com\/?p=78042#primaryimage","url":"http:\/\/www.lospoliticosveracruz.com.mx\/wp-content\/uploads\/2021\/08\/WhatsApp-Image-2021-08-02-at-12.46.36.jpeg","contentUrl":"http:\/\/www.lospoliticosveracruz.com.mx\/wp-content\/uploads\/2021\/08\/WhatsApp-Image-2021-08-02-at-12.46.36.jpeg"},{"@type":"BreadcrumbList","@id":"https:\/\/lospoliticosveracruz.com\/?p=78042#breadcrumb","itemListElement":[{"@type":"ListItem","position":1,"name":"Portada","item":"https:\/\/lospoliticosveracruz.com\/"},{"@type":"ListItem","position":2,"name":"Sin Cubrebocas"}]},{"@type":"WebSite","@id":"https:\/\/lospoliticosveracruz.com\/#website","url":"https:\/\/lospoliticosveracruz.com\/","name":"Los pol\u00edticos Veracruz","description":"","publisher":{"@id":"https:\/\/lospoliticosveracruz.com\/#organization"},"potentialAction":[{"@type":"SearchAction","target":{"@type":"EntryPoint","urlTemplate":"https:\/\/lospoliticosveracruz.com\/?s={search_term_string}"},"query-input":{"@type":"PropertyValueSpecification","valueRequired":true,"valueName":"search_term_string"}}],"inLanguage":"es"},{"@type":"Organization","@id":"https:\/\/lospoliticosveracruz.com\/#organization","name":"Los pol\u00edticos Veracruz","url":"https:\/\/lospoliticosveracruz.com\/","logo":{"@type":"ImageObject","inLanguage":"es","@id":"https:\/\/lospoliticosveracruz.com\/#\/schema\/logo\/image\/","url":"https:\/\/lospoliticosveracruz.com\/wp-content\/uploads\/2025\/12\/Logo-Nuevo-LOS-POLITICOS-1.jpg","contentUrl":"https:\/\/lospoliticosveracruz.com\/wp-content\/uploads\/2025\/12\/Logo-Nuevo-LOS-POLITICOS-1.jpg","width":260,"height":70,"caption":"Los pol\u00edticos Veracruz"},"image":{"@id":"https:\/\/lospoliticosveracruz.com\/#\/schema\/logo\/image\/"},"sameAs":["https:\/\/www.facebook.com\/people\/Notimemes-de-los-Polticos\/61565672886568\/","https:\/\/x.com\/LosPoliticosVer"]},{"@type":"Person","@id":"https:\/\/lospoliticosveracruz.com\/#\/schema\/person\/b8702bb0e538456e6efd07080bf2a4a2","name":"Lo viste en Los Pol\u00edticos","image":{"@type":"ImageObject","inLanguage":"es","@id":"https:\/\/secure.gravatar.com\/avatar\/3a8de04a2656d44082be478bd6c086daa447c4651605818287b9532d3d0bd435?s=96&d=mm&r=g","url":"https:\/\/secure.gravatar.com\/avatar\/3a8de04a2656d44082be478bd6c086daa447c4651605818287b9532d3d0bd435?s=96&d=mm&r=g","contentUrl":"https:\/\/secure.gravatar.com\/avatar\/3a8de04a2656d44082be478bd6c086daa447c4651605818287b9532d3d0bd435?s=96&d=mm&r=g","caption":"Lo viste en Los Pol\u00edticos"},"url":"https:\/\/lospoliticosveracruz.com\/?author=2"}]}},"_links":{"self":[{"href":"https:\/\/lospoliticosveracruz.com\/index.php?rest_route=\/wp\/v2\/posts\/78042","targetHints":{"allow":["GET"]}}],"collection":[{"href":"https:\/\/lospoliticosveracruz.com\/index.php?rest_route=\/wp\/v2\/posts"}],"about":[{"href":"https:\/\/lospoliticosveracruz.com\/index.php?rest_route=\/wp\/v2\/types\/post"}],"author":[{"embeddable":true,"href":"https:\/\/lospoliticosveracruz.com\/index.php?rest_route=\/wp\/v2\/users\/2"}],"replies":[{"embeddable":true,"href":"https:\/\/lospoliticosveracruz.com\/index.php?rest_route=%2Fwp%2Fv2%2Fcomments&post=78042"}],"version-history":[{"count":1,"href":"https:\/\/lospoliticosveracruz.com\/index.php?rest_route=\/wp\/v2\/posts\/78042\/revisions"}],"predecessor-version":[{"id":78045,"href":"https:\/\/lospoliticosveracruz.com\/index.php?rest_route=\/wp\/v2\/posts\/78042\/revisions\/78045"}],"wp:attachment":[{"href":"https:\/\/lospoliticosveracruz.com\/index.php?rest_route=%2Fwp%2Fv2%2Fmedia&parent=78042"}],"wp:term":[{"taxonomy":"category","embeddable":true,"href":"https:\/\/lospoliticosveracruz.com\/index.php?rest_route=%2Fwp%2Fv2%2Fcategories&post=78042"},{"taxonomy":"post_tag","embeddable":true,"href":"https:\/\/lospoliticosveracruz.com\/index.php?rest_route=%2Fwp%2Fv2%2Ftags&post=78042"}],"curies":[{"name":"wp","href":"https:\/\/api.w.org\/{rel}","templated":true}]}}