{"id":78046,"date":"2021-08-14T09:16:57","date_gmt":"2021-08-14T14:16:57","guid":{"rendered":"http:\/\/www.lospoliticosveracruz.com.mx\/?p=78046"},"modified":"2021-08-14T09:17:03","modified_gmt":"2021-08-14T14:17:03","slug":"cuic-ni-a-sparring","status":"publish","type":"post","link":"https:\/\/lospoliticosveracruz.com\/?p=78046","title":{"rendered":"Cuic, ni a sparring!"},"content":{"rendered":"\n<p><strong>Ricardo Ch\u00faa<br><\/strong><em>Sale y Vale<\/em><\/p>\n\n\n\n<p>ADIOS MART\u00cdN\u2026 La \u00faltima vez que hable con Mart\u00edn Lara Reyna fue a finales de junio del 2017\u2026 Hace 4 a\u00f1os\u2026 Una discusi\u00f3n fuerte, de la cual fue testigo, Alejandro \u00c1vila, \u00abEl Mostaza\u00bb\u2026 Un malentendido que nunca se aclaro y que por ello, todo ese tiempo hasta hoy, el d\u00eda de su fallecimiento, qued\u00f3 igual\u2026 Mart\u00edn en mis inicios y cuando le mandaba informaci\u00f3n a su p\u00e1gina informativa, me hac\u00eda el d\u00eda con sus comentarios.. Siempre un tipo amable y directo\u2026 Ayudaba y hac\u00eda tus ratos agradables con relatos, por lo general compartiendo los alimentos o caf\u00e9\u2026<\/p>\n\n\n\n<div class=\"wp-block-image\"><figure class=\"alignleft size-large\"><a href=\"http:\/\/www.lospoliticosveracruz.com.mx\/wp-content\/uploads\/2021\/08\/WhatsApp-Image-2021-08-02-at-12.46.36.jpeg\"><img decoding=\"async\" src=\"http:\/\/www.lospoliticosveracruz.com.mx\/wp-content\/uploads\/2021\/08\/WhatsApp-Image-2021-08-02-at-12.46.36.jpeg\" alt=\"\" class=\"wp-image-77480\"\/><\/a><\/figure><\/div>\n\n\n\n<p>Fueron muchos a\u00f1os de convivencia con \u00e9l y con Enrique Huerta (QDEP) al cual le aguardaba un gran afecto\u2026 Fueron noches, pero muchas noches de pl\u00e1ticas afuera de Landero y Coss, \u00e9l con caf\u00e9, nosotros con whisky o cerveza, que nos contaba de los temas \u00e1lgidos de la nota polic\u00edaca en Veracruz\u2026 \u00abAh\u00ed no te metas, no sean terco\u00bb, nos dec\u00eda a varios que compart\u00edamos la cena afuera de NOTIVER con el \u00abChimino\u00bb o el desayuno muy temprano con \u00abEl Chalo\u00bb.. Lara Reyna era \u00fanico\u2026 Siempre compart\u00eda lo que tuviera\u2026<\/p>\n\n\n\n<p>As\u00ed pasaron muchos a\u00f1os\u2026 Obvio cada uno agarr\u00f3 caminos distintos y amistades\u2026 Mart\u00edn sigui\u00f3 su camino\u2026 Hizo su p\u00e1gina y agencia de fotograf\u00eda\u2026 Era feliz con su esposa y amaba a su hija con todo su coraz\u00f3n\u2026 Me dec\u00eda: \u00abAhora soy feliz, Ricardo\u00bb\u2026. As\u00ed transcurrieron muchos a\u00f1os\u2026 Hasta ese fat\u00eddico d\u00eda del desencuentro\u2026 Hoy te PIDO PERD\u00d3N Mart\u00edn por no haber aclarado contigo nada\u2026 Me duele tu partida\u2026 Te vi aun hace d\u00edas en el Caf\u00e9 del Primo To\u00f1o\u2026. Hoy un mezcal a tu salud\u2026. HASTA SIEMPRE MART\u00cdN..<\/p>\n\n\n\n<p>AMLO, CUITL\u00c1HUAC Y YUNES. EL RECUENTO DE LOS DA\u00d1OS\u2026 Cuando en la \u00abma\u00f1anera\u00bb Andr\u00e9s Manuel L\u00f3pez Obrador arremete contra Diego Fern\u00e1ndez de Cevallos\u2026 Este lo emplaza y AMLO sigue atac\u00e1ndolo hasta que el panista lo denuncia ante la FGR y lo reta al debate.. Y L\u00f3pez Obrador no acept\u00f3 y no tuvo m\u00e1s que mandar emisarios a agarrarse del \u00abboxeador\u00bb y echarlo contra la esquina y \u00abamarrarse\u00bb\u2026 Esa es la estrategia de los \u00abfajadores\u00bb en el boxeo\u2026 Y a Diego le funcion\u00f3, lo dej\u00f3 de chingar\u2026<\/p>\n\n\n\n<p>Esa misma postura puede estar ocupando Miguel \u00c1ngel Yunes Linares\u2026 Ya que cuando a AMLO lo enfrentan y lo ponen entre \u00ablas cuerdas\u00bb ya no e \u00abfajador\u00bb\u2026 Es bravucon, juega con argumentos cuando ve la pelea ganada\u2026 Pero cuando le compiten y le fajan de t\u00fa a t\u00fa o le ense\u00f1an \u00abcuchillo\u00bb se baja y ya no es el mismo\u2026 Se retracta.. Y ya no le entra\u2026 Pero eso parece que lo aprovecha Yunes Linares\u2026<\/p>\n\n\n\n<p>Pero en beneficio de Yunes.. Es que Cuitl\u00e1huac se ha convertido en una \u00abMALA COPIA\u00bb DE AMLO en Veracruz\u2026 Y que comete grandes errores pol\u00edticos.. Lo hace y no tiene nada para compensar contra un personaje que se enfrenta y que es \u00abma\u00f1oso\u00bb y con todo el \u00abcolmillo \u00bb que tiene\u2026 S\u00f3lo hay que recordar que el ejercicio pol\u00edtico en Veracruz tiene \u00abfar\u00e1ndula\u00bb\u2026 Ya que se tiene que vender el chisme, el pleito y los dime y diretes\u2026No hay de otra<\/p>\n\n\n\n<p>As\u00ed que sea real o sea ficticio para el caso es lo mismo\u2026 Cuitl\u00e1huac ahorita no tiene nada que ofrecer porque no hay ning\u00fan tipo de resultados\u2026 Por eso, lo \u00fanico que les queda es buscar un enemigo.. Y tener a alguien con quien pelear\u2026 Para que vea la gente que est\u00e1n haciendo algo\u2026 S\u00f3lo as\u00ed se percibe\u2026 Ya que de otra manera, qu\u00e9 tiene que decirle a la sociedad, ya que si no hay resultados\u2026 S\u00f3lo queda un \u00abround de sombra\u00bb para que pueda tener reflectores a favor\u2026AMEN<\/p>\n\n\n\n<p>LA IMPUGNACI\u00d3N PORTE\u00d1A\u2026 Lo que mandata la Sala Regional del Tribunal Electoral del Poder Judicial de la Federaci\u00f3n sobre el tema de la elecci\u00f3n de la alcald\u00eda del puerto de Veracruz.. El cual est\u00e1 impugnada por el partido MORENA\u2026 Y lo que mandan los Magistrados es que el INE reponga el procedimiento\u2026 Buscando exhaustivamente alg\u00fan exceso en gastos de campa\u00f1a de Patricia Loberia Rodriguez, como candidata de la alianza \u00abVeracruz Va\u00bb por la alcald\u00eda de este puerto\u2026<\/p>\n\n\n\n<p>As\u00ed que quietas fieras\u2026 No se ha ca\u00eddo nada.. No se ha perdido nada\u2026 S\u00f3lo que el Instituto Nacional Electoral (INE) volver\u00e1 a analizar m\u00e1s profundamente, el tema de los gastos de campa\u00f1a de Patricia Lobeira y de la alianza PRI-PAN-PRD a la alcald\u00eda de Veracruz\u2026 Y despu\u00e9s de hacer el an\u00e1lisis al respecto, tendr\u00e1 que volver a pronunciarse\u2026 As\u00ed que s\u00f3lo hay que esperar si el INE vuelve a ratificar el resultado y le deja el triunfo a Patricia Lobeiria\u2026<\/p>\n\n\n\n<p>Obvio todo este tema se enrarece m\u00e1s en Veracruz\u2026 Porque mucha gente especula que Miguel \u00c1ngel Yunes Linares, puede ya saber que van por \u00e9l\u2026 Y que en este momento, defender la elecci\u00f3n del puerto de Veracruz, es lo de menos\u2026 Esto debido a que si YA SALI\u00d3 A PELEAR con Cuitl\u00e1huac y con MORENA.. Es porque sabe que ya no tiene salida\u2026 Yunes Linares, si algo tiene, es que es un tipo demasiado inteligente\u2026 Seguro la vio venir\u2026 Hay que ver en que termina todo\u2026 AMEN\u2026<\/p>\n","protected":false},"excerpt":{"rendered":"<p>Ricardo Ch\u00faaSale y Vale ADIOS MART\u00cdN\u2026 La \u00faltima vez que hable con Mart\u00edn Lara Reyna fue a finales de junio del 2017\u2026 Hace 4 a\u00f1os\u2026 Una discusi\u00f3n fuerte, de la cual fue testigo, Alejandro \u00c1vila, \u00abEl Mostaza\u00bb\u2026 Un malentendido que nunca se aclaro y que por ello, todo ese tiempo hasta hoy, el d\u00eda de [&hellip;]<\/p>\n","protected":false},"author":2,"featured_media":0,"comment_status":"closed","ping_status":"closed","sticky":false,"template":"","format":"standard","meta":{"tdm_status":"","tdm_grid_status":"","footnotes":""},"categories":[70],"tags":[618,1563,22009,554,29864,26718,1026,29865,13604,12731,195],"class_list":{"0":"post-78046","1":"post","2":"type-post","3":"status-publish","4":"format-standard","6":"category-de-opinion","7":"tag-andres-manuel-lopez-obrador","8":"tag-cuitlahuac-garcia-jimenez","9":"tag-diego-fernandez-de-cevallos","10":"tag-ine","11":"tag-martin-lara-reyna","12":"tag-miguel-angel-yunes-linares-2","13":"tag-morena","14":"tag-patricia-loberia-rodriguez","15":"tag-ricardo-chua","16":"tag-tribunal-electoral","17":"tag-veracruz"},"yoast_head":"<!-- This site is optimized with the Yoast SEO plugin v27.4 - https:\/\/yoast.com\/product\/yoast-seo-wordpress\/ -->\n<title>Cuic, ni a sparring! - Los pol\u00edticos Veracruz<\/title>\n<meta name=\"robots\" content=\"index, follow, max-snippet:-1, max-image-preview:large, max-video-preview:-1\" \/>\n<link rel=\"canonical\" href=\"https:\/\/lospoliticosveracruz.com\/?p=78046\" \/>\n<meta property=\"og:locale\" content=\"es_ES\" \/>\n<meta property=\"og:type\" content=\"article\" \/>\n<meta property=\"og:title\" content=\"Cuic, ni a sparring! - Los pol\u00edticos Veracruz\" \/>\n<meta property=\"og:description\" content=\"Ricardo Ch\u00faaSale y Vale ADIOS MART\u00cdN\u2026 La \u00faltima vez que hable con Mart\u00edn Lara Reyna fue a finales de junio del 2017\u2026 Hace 4 a\u00f1os\u2026 Una discusi\u00f3n fuerte, de la cual fue testigo, Alejandro \u00c1vila, \u00abEl Mostaza\u00bb\u2026 Un malentendido que nunca se aclaro y que por ello, todo ese tiempo hasta hoy, el d\u00eda de [&hellip;]\" \/>\n<meta property=\"og:url\" content=\"https:\/\/lospoliticosveracruz.com\/?p=78046\" \/>\n<meta property=\"og:site_name\" content=\"Los pol\u00edticos Veracruz\" \/>\n<meta property=\"article:publisher\" content=\"https:\/\/www.facebook.com\/people\/Notimemes-de-los-Polticos\/61565672886568\/\" \/>\n<meta property=\"article:published_time\" content=\"2021-08-14T14:16:57+00:00\" \/>\n<meta property=\"article:modified_time\" content=\"2021-08-14T14:17:03+00:00\" \/>\n<meta property=\"og:image\" content=\"http:\/\/www.lospoliticosveracruz.com.mx\/wp-content\/uploads\/2021\/08\/WhatsApp-Image-2021-08-02-at-12.46.36.jpeg\" \/>\n<meta name=\"author\" content=\"Lo viste en Los Pol\u00edticos\" \/>\n<meta name=\"twitter:card\" content=\"summary_large_image\" \/>\n<meta name=\"twitter:creator\" content=\"@LosPoliticosVer\" \/>\n<meta name=\"twitter:site\" content=\"@LosPoliticosVer\" \/>\n<meta name=\"twitter:label1\" content=\"Escrito por\" \/>\n\t<meta name=\"twitter:data1\" content=\"Lo viste en Los Pol\u00edticos\" \/>\n\t<meta name=\"twitter:label2\" content=\"Tiempo de lectura\" \/>\n\t<meta name=\"twitter:data2\" content=\"5 minutos\" \/>\n<script type=\"application\/ld+json\" class=\"yoast-schema-graph\">{\"@context\":\"https:\\\/\\\/schema.org\",\"@graph\":[{\"@type\":\"Article\",\"@id\":\"https:\\\/\\\/lospoliticosveracruz.com\\\/?p=78046#article\",\"isPartOf\":{\"@id\":\"https:\\\/\\\/lospoliticosveracruz.com\\\/?p=78046\"},\"author\":{\"name\":\"Lo viste en Los Pol\u00edticos\",\"@id\":\"https:\\\/\\\/lospoliticosveracruz.com\\\/#\\\/schema\\\/person\\\/b8702bb0e538456e6efd07080bf2a4a2\"},\"headline\":\"Cuic, ni a sparring!\",\"datePublished\":\"2021-08-14T14:16:57+00:00\",\"dateModified\":\"2021-08-14T14:17:03+00:00\",\"mainEntityOfPage\":{\"@id\":\"https:\\\/\\\/lospoliticosveracruz.com\\\/?p=78046\"},\"wordCount\":931,\"publisher\":{\"@id\":\"https:\\\/\\\/lospoliticosveracruz.com\\\/#organization\"},\"image\":{\"@id\":\"https:\\\/\\\/lospoliticosveracruz.com\\\/?p=78046#primaryimage\"},\"thumbnailUrl\":\"http:\\\/\\\/www.lospoliticosveracruz.com.mx\\\/wp-content\\\/uploads\\\/2021\\\/08\\\/WhatsApp-Image-2021-08-02-at-12.46.36.jpeg\",\"keywords\":[\"Andr\u00e9s Manuel L\u00f3pez Obrador\",\"Cuitl\u00e1huac Garc\u00eda Jim\u00e9nez\",\"Diego Fern\u00e1ndez de Cevallos\",\"INE\",\"Mart\u00edn Lara Reyna\",\"Miguel \u00c1ngel Yunes Linares\",\"Morena\",\"Patricia Loberia Rodriguez\",\"Ricardo Ch\u00faa\",\"Tribunal Electoral\",\"Veracruz\"],\"articleSection\":[\"De Opini\u00f3n\"],\"inLanguage\":\"es\"},{\"@type\":\"WebPage\",\"@id\":\"https:\\\/\\\/lospoliticosveracruz.com\\\/?p=78046\",\"url\":\"https:\\\/\\\/lospoliticosveracruz.com\\\/?p=78046\",\"name\":\"Cuic, ni a sparring! - Los pol\u00edticos Veracruz\",\"isPartOf\":{\"@id\":\"https:\\\/\\\/lospoliticosveracruz.com\\\/#website\"},\"primaryImageOfPage\":{\"@id\":\"https:\\\/\\\/lospoliticosveracruz.com\\\/?p=78046#primaryimage\"},\"image\":{\"@id\":\"https:\\\/\\\/lospoliticosveracruz.com\\\/?p=78046#primaryimage\"},\"thumbnailUrl\":\"http:\\\/\\\/www.lospoliticosveracruz.com.mx\\\/wp-content\\\/uploads\\\/2021\\\/08\\\/WhatsApp-Image-2021-08-02-at-12.46.36.jpeg\",\"datePublished\":\"2021-08-14T14:16:57+00:00\",\"dateModified\":\"2021-08-14T14:17:03+00:00\",\"breadcrumb\":{\"@id\":\"https:\\\/\\\/lospoliticosveracruz.com\\\/?p=78046#breadcrumb\"},\"inLanguage\":\"es\",\"potentialAction\":[{\"@type\":\"ReadAction\",\"target\":[\"https:\\\/\\\/lospoliticosveracruz.com\\\/?p=78046\"]}]},{\"@type\":\"ImageObject\",\"inLanguage\":\"es\",\"@id\":\"https:\\\/\\\/lospoliticosveracruz.com\\\/?p=78046#primaryimage\",\"url\":\"http:\\\/\\\/www.lospoliticosveracruz.com.mx\\\/wp-content\\\/uploads\\\/2021\\\/08\\\/WhatsApp-Image-2021-08-02-at-12.46.36.jpeg\",\"contentUrl\":\"http:\\\/\\\/www.lospoliticosveracruz.com.mx\\\/wp-content\\\/uploads\\\/2021\\\/08\\\/WhatsApp-Image-2021-08-02-at-12.46.36.jpeg\"},{\"@type\":\"BreadcrumbList\",\"@id\":\"https:\\\/\\\/lospoliticosveracruz.com\\\/?p=78046#breadcrumb\",\"itemListElement\":[{\"@type\":\"ListItem\",\"position\":1,\"name\":\"Portada\",\"item\":\"https:\\\/\\\/lospoliticosveracruz.com\\\/\"},{\"@type\":\"ListItem\",\"position\":2,\"name\":\"Cuic, ni a sparring!\"}]},{\"@type\":\"WebSite\",\"@id\":\"https:\\\/\\\/lospoliticosveracruz.com\\\/#website\",\"url\":\"https:\\\/\\\/lospoliticosveracruz.com\\\/\",\"name\":\"Los pol\u00edticos Veracruz\",\"description\":\"\",\"publisher\":{\"@id\":\"https:\\\/\\\/lospoliticosveracruz.com\\\/#organization\"},\"potentialAction\":[{\"@type\":\"SearchAction\",\"target\":{\"@type\":\"EntryPoint\",\"urlTemplate\":\"https:\\\/\\\/lospoliticosveracruz.com\\\/?s={search_term_string}\"},\"query-input\":{\"@type\":\"PropertyValueSpecification\",\"valueRequired\":true,\"valueName\":\"search_term_string\"}}],\"inLanguage\":\"es\"},{\"@type\":\"Organization\",\"@id\":\"https:\\\/\\\/lospoliticosveracruz.com\\\/#organization\",\"name\":\"Los pol\u00edticos Veracruz\",\"url\":\"https:\\\/\\\/lospoliticosveracruz.com\\\/\",\"logo\":{\"@type\":\"ImageObject\",\"inLanguage\":\"es\",\"@id\":\"https:\\\/\\\/lospoliticosveracruz.com\\\/#\\\/schema\\\/logo\\\/image\\\/\",\"url\":\"https:\\\/\\\/lospoliticosveracruz.com\\\/wp-content\\\/uploads\\\/2025\\\/12\\\/Logo-Nuevo-LOS-POLITICOS-1.jpg\",\"contentUrl\":\"https:\\\/\\\/lospoliticosveracruz.com\\\/wp-content\\\/uploads\\\/2025\\\/12\\\/Logo-Nuevo-LOS-POLITICOS-1.jpg\",\"width\":260,\"height\":70,\"caption\":\"Los pol\u00edticos Veracruz\"},\"image\":{\"@id\":\"https:\\\/\\\/lospoliticosveracruz.com\\\/#\\\/schema\\\/logo\\\/image\\\/\"},\"sameAs\":[\"https:\\\/\\\/www.facebook.com\\\/people\\\/Notimemes-de-los-Polticos\\\/61565672886568\\\/\",\"https:\\\/\\\/x.com\\\/LosPoliticosVer\"]},{\"@type\":\"Person\",\"@id\":\"https:\\\/\\\/lospoliticosveracruz.com\\\/#\\\/schema\\\/person\\\/b8702bb0e538456e6efd07080bf2a4a2\",\"name\":\"Lo viste en Los Pol\u00edticos\",\"image\":{\"@type\":\"ImageObject\",\"inLanguage\":\"es\",\"@id\":\"https:\\\/\\\/secure.gravatar.com\\\/avatar\\\/3a8de04a2656d44082be478bd6c086daa447c4651605818287b9532d3d0bd435?s=96&d=mm&r=g\",\"url\":\"https:\\\/\\\/secure.gravatar.com\\\/avatar\\\/3a8de04a2656d44082be478bd6c086daa447c4651605818287b9532d3d0bd435?s=96&d=mm&r=g\",\"contentUrl\":\"https:\\\/\\\/secure.gravatar.com\\\/avatar\\\/3a8de04a2656d44082be478bd6c086daa447c4651605818287b9532d3d0bd435?s=96&d=mm&r=g\",\"caption\":\"Lo viste en Los Pol\u00edticos\"},\"url\":\"https:\\\/\\\/lospoliticosveracruz.com\\\/?author=2\"}]}<\/script>\n<!-- \/ Yoast SEO plugin. -->","yoast_head_json":{"title":"Cuic, ni a sparring! - Los pol\u00edticos Veracruz","robots":{"index":"index","follow":"follow","max-snippet":"max-snippet:-1","max-image-preview":"max-image-preview:large","max-video-preview":"max-video-preview:-1"},"canonical":"https:\/\/lospoliticosveracruz.com\/?p=78046","og_locale":"es_ES","og_type":"article","og_title":"Cuic, ni a sparring! - Los pol\u00edticos Veracruz","og_description":"Ricardo Ch\u00faaSale y Vale ADIOS MART\u00cdN\u2026 La \u00faltima vez que hable con Mart\u00edn Lara Reyna fue a finales de junio del 2017\u2026 Hace 4 a\u00f1os\u2026 Una discusi\u00f3n fuerte, de la cual fue testigo, Alejandro \u00c1vila, \u00abEl Mostaza\u00bb\u2026 Un malentendido que nunca se aclaro y que por ello, todo ese tiempo hasta hoy, el d\u00eda de [&hellip;]","og_url":"https:\/\/lospoliticosveracruz.com\/?p=78046","og_site_name":"Los pol\u00edticos Veracruz","article_publisher":"https:\/\/www.facebook.com\/people\/Notimemes-de-los-Polticos\/61565672886568\/","article_published_time":"2021-08-14T14:16:57+00:00","article_modified_time":"2021-08-14T14:17:03+00:00","og_image":[{"url":"http:\/\/www.lospoliticosveracruz.com.mx\/wp-content\/uploads\/2021\/08\/WhatsApp-Image-2021-08-02-at-12.46.36.jpeg","type":"","width":"","height":""}],"author":"Lo viste en Los Pol\u00edticos","twitter_card":"summary_large_image","twitter_creator":"@LosPoliticosVer","twitter_site":"@LosPoliticosVer","twitter_misc":{"Escrito por":"Lo viste en Los Pol\u00edticos","Tiempo de lectura":"5 minutos"},"schema":{"@context":"https:\/\/schema.org","@graph":[{"@type":"Article","@id":"https:\/\/lospoliticosveracruz.com\/?p=78046#article","isPartOf":{"@id":"https:\/\/lospoliticosveracruz.com\/?p=78046"},"author":{"name":"Lo viste en Los Pol\u00edticos","@id":"https:\/\/lospoliticosveracruz.com\/#\/schema\/person\/b8702bb0e538456e6efd07080bf2a4a2"},"headline":"Cuic, ni a sparring!","datePublished":"2021-08-14T14:16:57+00:00","dateModified":"2021-08-14T14:17:03+00:00","mainEntityOfPage":{"@id":"https:\/\/lospoliticosveracruz.com\/?p=78046"},"wordCount":931,"publisher":{"@id":"https:\/\/lospoliticosveracruz.com\/#organization"},"image":{"@id":"https:\/\/lospoliticosveracruz.com\/?p=78046#primaryimage"},"thumbnailUrl":"http:\/\/www.lospoliticosveracruz.com.mx\/wp-content\/uploads\/2021\/08\/WhatsApp-Image-2021-08-02-at-12.46.36.jpeg","keywords":["Andr\u00e9s Manuel L\u00f3pez Obrador","Cuitl\u00e1huac Garc\u00eda Jim\u00e9nez","Diego Fern\u00e1ndez de Cevallos","INE","Mart\u00edn Lara Reyna","Miguel \u00c1ngel Yunes Linares","Morena","Patricia Loberia Rodriguez","Ricardo Ch\u00faa","Tribunal Electoral","Veracruz"],"articleSection":["De Opini\u00f3n"],"inLanguage":"es"},{"@type":"WebPage","@id":"https:\/\/lospoliticosveracruz.com\/?p=78046","url":"https:\/\/lospoliticosveracruz.com\/?p=78046","name":"Cuic, ni a sparring! - Los pol\u00edticos Veracruz","isPartOf":{"@id":"https:\/\/lospoliticosveracruz.com\/#website"},"primaryImageOfPage":{"@id":"https:\/\/lospoliticosveracruz.com\/?p=78046#primaryimage"},"image":{"@id":"https:\/\/lospoliticosveracruz.com\/?p=78046#primaryimage"},"thumbnailUrl":"http:\/\/www.lospoliticosveracruz.com.mx\/wp-content\/uploads\/2021\/08\/WhatsApp-Image-2021-08-02-at-12.46.36.jpeg","datePublished":"2021-08-14T14:16:57+00:00","dateModified":"2021-08-14T14:17:03+00:00","breadcrumb":{"@id":"https:\/\/lospoliticosveracruz.com\/?p=78046#breadcrumb"},"inLanguage":"es","potentialAction":[{"@type":"ReadAction","target":["https:\/\/lospoliticosveracruz.com\/?p=78046"]}]},{"@type":"ImageObject","inLanguage":"es","@id":"https:\/\/lospoliticosveracruz.com\/?p=78046#primaryimage","url":"http:\/\/www.lospoliticosveracruz.com.mx\/wp-content\/uploads\/2021\/08\/WhatsApp-Image-2021-08-02-at-12.46.36.jpeg","contentUrl":"http:\/\/www.lospoliticosveracruz.com.mx\/wp-content\/uploads\/2021\/08\/WhatsApp-Image-2021-08-02-at-12.46.36.jpeg"},{"@type":"BreadcrumbList","@id":"https:\/\/lospoliticosveracruz.com\/?p=78046#breadcrumb","itemListElement":[{"@type":"ListItem","position":1,"name":"Portada","item":"https:\/\/lospoliticosveracruz.com\/"},{"@type":"ListItem","position":2,"name":"Cuic, ni a sparring!"}]},{"@type":"WebSite","@id":"https:\/\/lospoliticosveracruz.com\/#website","url":"https:\/\/lospoliticosveracruz.com\/","name":"Los pol\u00edticos Veracruz","description":"","publisher":{"@id":"https:\/\/lospoliticosveracruz.com\/#organization"},"potentialAction":[{"@type":"SearchAction","target":{"@type":"EntryPoint","urlTemplate":"https:\/\/lospoliticosveracruz.com\/?s={search_term_string}"},"query-input":{"@type":"PropertyValueSpecification","valueRequired":true,"valueName":"search_term_string"}}],"inLanguage":"es"},{"@type":"Organization","@id":"https:\/\/lospoliticosveracruz.com\/#organization","name":"Los pol\u00edticos Veracruz","url":"https:\/\/lospoliticosveracruz.com\/","logo":{"@type":"ImageObject","inLanguage":"es","@id":"https:\/\/lospoliticosveracruz.com\/#\/schema\/logo\/image\/","url":"https:\/\/lospoliticosveracruz.com\/wp-content\/uploads\/2025\/12\/Logo-Nuevo-LOS-POLITICOS-1.jpg","contentUrl":"https:\/\/lospoliticosveracruz.com\/wp-content\/uploads\/2025\/12\/Logo-Nuevo-LOS-POLITICOS-1.jpg","width":260,"height":70,"caption":"Los pol\u00edticos Veracruz"},"image":{"@id":"https:\/\/lospoliticosveracruz.com\/#\/schema\/logo\/image\/"},"sameAs":["https:\/\/www.facebook.com\/people\/Notimemes-de-los-Polticos\/61565672886568\/","https:\/\/x.com\/LosPoliticosVer"]},{"@type":"Person","@id":"https:\/\/lospoliticosveracruz.com\/#\/schema\/person\/b8702bb0e538456e6efd07080bf2a4a2","name":"Lo viste en Los Pol\u00edticos","image":{"@type":"ImageObject","inLanguage":"es","@id":"https:\/\/secure.gravatar.com\/avatar\/3a8de04a2656d44082be478bd6c086daa447c4651605818287b9532d3d0bd435?s=96&d=mm&r=g","url":"https:\/\/secure.gravatar.com\/avatar\/3a8de04a2656d44082be478bd6c086daa447c4651605818287b9532d3d0bd435?s=96&d=mm&r=g","contentUrl":"https:\/\/secure.gravatar.com\/avatar\/3a8de04a2656d44082be478bd6c086daa447c4651605818287b9532d3d0bd435?s=96&d=mm&r=g","caption":"Lo viste en Los Pol\u00edticos"},"url":"https:\/\/lospoliticosveracruz.com\/?author=2"}]}},"_links":{"self":[{"href":"https:\/\/lospoliticosveracruz.com\/index.php?rest_route=\/wp\/v2\/posts\/78046","targetHints":{"allow":["GET"]}}],"collection":[{"href":"https:\/\/lospoliticosveracruz.com\/index.php?rest_route=\/wp\/v2\/posts"}],"about":[{"href":"https:\/\/lospoliticosveracruz.com\/index.php?rest_route=\/wp\/v2\/types\/post"}],"author":[{"embeddable":true,"href":"https:\/\/lospoliticosveracruz.com\/index.php?rest_route=\/wp\/v2\/users\/2"}],"replies":[{"embeddable":true,"href":"https:\/\/lospoliticosveracruz.com\/index.php?rest_route=%2Fwp%2Fv2%2Fcomments&post=78046"}],"version-history":[{"count":1,"href":"https:\/\/lospoliticosveracruz.com\/index.php?rest_route=\/wp\/v2\/posts\/78046\/revisions"}],"predecessor-version":[{"id":78047,"href":"https:\/\/lospoliticosveracruz.com\/index.php?rest_route=\/wp\/v2\/posts\/78046\/revisions\/78047"}],"wp:attachment":[{"href":"https:\/\/lospoliticosveracruz.com\/index.php?rest_route=%2Fwp%2Fv2%2Fmedia&parent=78046"}],"wp:term":[{"taxonomy":"category","embeddable":true,"href":"https:\/\/lospoliticosveracruz.com\/index.php?rest_route=%2Fwp%2Fv2%2Fcategories&post=78046"},{"taxonomy":"post_tag","embeddable":true,"href":"https:\/\/lospoliticosveracruz.com\/index.php?rest_route=%2Fwp%2Fv2%2Ftags&post=78046"}],"curies":[{"name":"wp","href":"https:\/\/api.w.org\/{rel}","templated":true}]}}