{"id":78114,"date":"2021-08-16T23:40:00","date_gmt":"2021-08-17T04:40:00","guid":{"rendered":"http:\/\/www.lospoliticosveracruz.com.mx\/?p=78114"},"modified":"2021-08-16T16:45:32","modified_gmt":"2021-08-16T21:45:32","slug":"a-menos-que-me-llamara-chapo","status":"publish","type":"post","link":"https:\/\/lospoliticosveracruz.com\/?p=78114","title":{"rendered":"A menos que me llamara Chapo"},"content":{"rendered":"\n<p><strong>Salvador Mu\u00f1oz<\/strong><\/p>\n\n\n\n<p><em>Los Pol\u00edticos<br><\/em><\/p>\n\n\n\n<p>Algo estamos haciendo mal, es evidente. La pandemia no se tom\u00f3 como una oportunidad, ni por ciudadanos ni por autoridades. El regreso a clases puede ser uno de los tantos ejemplos para unos, pero el m\u00e1s agravante y preocupante son los 18 meses en medio de una pandemia donde a veces pareciera que no hay puerta de salida ni con todo y vacunas\u2026<br>Chequen dos datos:<\/p>\n\n\n\n<div class=\"wp-block-image\"><figure class=\"alignleft size-large\"><a href=\"http:\/\/www.lospoliticosveracruz.com.mx\/wp-content\/uploads\/2021\/08\/WhatsApp-Image-2021-08-02-at-12.46.36.jpeg\"><img decoding=\"async\" src=\"http:\/\/www.lospoliticosveracruz.com.mx\/wp-content\/uploads\/2021\/08\/WhatsApp-Image-2021-08-02-at-12.46.36.jpeg\" alt=\"\" class=\"wp-image-77480\"\/><\/a><\/figure><\/div>\n\n\n\n<p><br>La peste bub\u00f3nica, all\u00e1 por 1340, nos habla de millones de muertos con tres d\u00e9cadas aproximadas de duraci\u00f3n. S\u00f3lo sit\u00faese en el \u00e1mbito de higiene y conocimientos que para esa \u00e9poca se ten\u00edan\u2026 Giovanni Boccaccio nos platica parte de ello en su Decamer\u00f3n.<br>La gripe espa\u00f1ola, sucedida hace casi un siglo, pudi\u00e9ramos decir que tuvo una duraci\u00f3n de dos a\u00f1os cuando la Salud all\u00e1 por 1920 era un lujo.<br>El mundo avanz\u00f3 en tecnolog\u00eda, en conocimientos, pero parece que la educaci\u00f3n no alcanz\u00f3 a sus habitantes.<br>Va el ejemplo.<br>Se supondr\u00eda que a estas alturas donde un tel\u00e9fono celular concentra videollamadas, mensajer\u00eda, c\u00e1mara y videos, adem\u00e1s de acceso a un sinf\u00edn de variados conocimientos podr\u00eda dar al ciudadano las mejores herramientas de aprendizaje al alcance de nuestros dedos, pero la realidad es un madrazo en pleno \u201cchipo\u201d de la mayor\u00eda de los padres que hoy enfrentan el dilema del regreso a clases o no de su hijo.<br>S\u00ed, la escuela bien deber\u00eda de ser un paseo educativo, una simple gu\u00eda, para que en casa, los ni\u00f1os navegaran por el mundo de la internet y sacaran sus propias conclusiones para cruzar la informaci\u00f3n en el aula\u2026 una especie de educaci\u00f3n abierta\u2026 el madrazo del que les hablo, al menos en M\u00e9xico, es que no todas las casas est\u00e1n en igualdad de condiciones para acceder al conocimiento que puede brindar la internet\u2026 la reciente pandemia lo demostr\u00f3 con la dificultad que hubo con las clases a distancia.<br>A lo mejor por eso es que para educar a nuestros ni\u00f1os sea necesario el regreso a clases, aunque ello evidencie otra realidad: quiz\u00e1s muchos padres olvidaron un ligero detalle, no por desidia, sino por necesidad de trabajar\u2026 que en el hogar, se educa; que en la escuela, se aprende\u2026 afortunado el padre o la madre que tiene tiempo para estar al tanto de la educaci\u00f3n de su hijo sin dejarlo a la suerte de lo que aprenda en la escuela.<br>Hay padres que apuestan al regreso a clases y hay otros que no\u2026 razones pueden ser muchas para que se enfrenten a esta bifurcaci\u00f3n aunque la principal para los que se niegan a firmar una responsiva puede ser ese discurso tan confuso que desde el inicio de esta pandemia, nuestras autoridades, nuestro gobierno, nuestro presidente, han enviado: una pandemia como anillo al dedo; una pandemia domada; una curva aplanada; una fuerza moral que no contagia; la sana distancia sin respetar; el desuso de un cubrebocas que no era considerado \u00fatil y que luego s\u00ed; un regreso a clases a la fuerza; el correr un riesgo con el regreso a clases que implica poner en riesgo a nuestros ni\u00f1os; un presidente que libera a un delincuente para salvar a 200 inocentes, pero que manda en medio de un estado cr\u00edtico de salud (a ojo de buen cubero) a unos 25 millones de ni\u00f1os y ni\u00f1as de educaci\u00f3n b\u00e1sica a la escuela; un presidente con un discurso err\u00f3neo, equivocado, enga\u00f1oso\u2026<br>Puede que los padres y maestros que no quieren el regreso a clases tengan cantidad de excusas o razones para no apoyar esto, y una de \u00e9stas, quiz\u00e1s sea que no se puede confiar en quien protege al hijo de un narco pero pareciera que no le preocupan los hijos de los mexicanos\u2026 \u00bfser\u00e1 necesario poner el caso de los ni\u00f1os con c\u00e1ncer\u2026? \u00a1No lo creo! Si como Presidente, sus actuaciones me hacen dudar, si AMLO fuera Maestro realmente yo no le confiar\u00eda al Peje el cuidado de mis hijos\u2026 a menos que me llamaran Chapo.<\/p>\n\n\n\n<p>smcainito@gmail.com<\/p>\n","protected":false},"excerpt":{"rendered":"<p>Salvador Mu\u00f1oz Los Pol\u00edticos Algo estamos haciendo mal, es evidente. La pandemia no se tom\u00f3 como una oportunidad, ni por ciudadanos ni por autoridades. El regreso a clases puede ser uno de los tantos ejemplos para unos, pero el m\u00e1s agravante y preocupante son los 18 meses en medio de una pandemia donde a veces [&hellip;]<\/p>\n","protected":false},"author":2,"featured_media":0,"comment_status":"closed","ping_status":"closed","sticky":false,"template":"","format":"standard","meta":{"tdm_status":"","tdm_grid_status":"","footnotes":""},"categories":[70],"tags":[1563,16929,5899,2646,88,12372],"class_list":{"0":"post-78114","1":"post","2":"type-post","3":"status-publish","4":"format-standard","6":"category-de-opinion","7":"tag-cuitlahuac-garcia-jimenez","8":"tag-pandemia","9":"tag-regreso-a-clases","10":"tag-salvador-munoz","11":"tag-sev","12":"tag-zenyazen-escobar-garcia"},"yoast_head":"<!-- This site is optimized with the Yoast SEO plugin v27.4 - https:\/\/yoast.com\/product\/yoast-seo-wordpress\/ -->\n<title>A menos que me llamara Chapo - Los pol\u00edticos Veracruz<\/title>\n<meta name=\"robots\" content=\"index, follow, max-snippet:-1, max-image-preview:large, max-video-preview:-1\" \/>\n<link rel=\"canonical\" href=\"https:\/\/lospoliticosveracruz.com\/?p=78114\" \/>\n<meta property=\"og:locale\" content=\"es_ES\" \/>\n<meta property=\"og:type\" content=\"article\" \/>\n<meta property=\"og:title\" content=\"A menos que me llamara Chapo - Los pol\u00edticos Veracruz\" \/>\n<meta property=\"og:description\" content=\"Salvador Mu\u00f1oz Los Pol\u00edticos Algo estamos haciendo mal, es evidente. La pandemia no se tom\u00f3 como una oportunidad, ni por ciudadanos ni por autoridades. El regreso a clases puede ser uno de los tantos ejemplos para unos, pero el m\u00e1s agravante y preocupante son los 18 meses en medio de una pandemia donde a veces [&hellip;]\" \/>\n<meta property=\"og:url\" content=\"https:\/\/lospoliticosveracruz.com\/?p=78114\" \/>\n<meta property=\"og:site_name\" content=\"Los pol\u00edticos Veracruz\" \/>\n<meta property=\"article:publisher\" content=\"https:\/\/www.facebook.com\/people\/Notimemes-de-los-Polticos\/61565672886568\/\" \/>\n<meta property=\"article:published_time\" content=\"2021-08-17T04:40:00+00:00\" \/>\n<meta property=\"og:image\" content=\"http:\/\/www.lospoliticosveracruz.com.mx\/wp-content\/uploads\/2021\/08\/WhatsApp-Image-2021-08-02-at-12.46.36.jpeg\" \/>\n<meta name=\"author\" content=\"Lo viste en Los Pol\u00edticos\" \/>\n<meta name=\"twitter:card\" content=\"summary_large_image\" \/>\n<meta name=\"twitter:creator\" content=\"@LosPoliticosVer\" \/>\n<meta name=\"twitter:site\" content=\"@LosPoliticosVer\" \/>\n<meta name=\"twitter:label1\" content=\"Escrito por\" \/>\n\t<meta name=\"twitter:data1\" content=\"Lo viste en Los Pol\u00edticos\" \/>\n\t<meta name=\"twitter:label2\" content=\"Tiempo de lectura\" \/>\n\t<meta name=\"twitter:data2\" content=\"4 minutos\" \/>\n<script type=\"application\/ld+json\" class=\"yoast-schema-graph\">{\"@context\":\"https:\\\/\\\/schema.org\",\"@graph\":[{\"@type\":\"Article\",\"@id\":\"https:\\\/\\\/lospoliticosveracruz.com\\\/?p=78114#article\",\"isPartOf\":{\"@id\":\"https:\\\/\\\/lospoliticosveracruz.com\\\/?p=78114\"},\"author\":{\"name\":\"Lo viste en Los Pol\u00edticos\",\"@id\":\"https:\\\/\\\/lospoliticosveracruz.com\\\/#\\\/schema\\\/person\\\/b8702bb0e538456e6efd07080bf2a4a2\"},\"headline\":\"A menos que me llamara Chapo\",\"datePublished\":\"2021-08-17T04:40:00+00:00\",\"mainEntityOfPage\":{\"@id\":\"https:\\\/\\\/lospoliticosveracruz.com\\\/?p=78114\"},\"wordCount\":711,\"publisher\":{\"@id\":\"https:\\\/\\\/lospoliticosveracruz.com\\\/#organization\"},\"image\":{\"@id\":\"https:\\\/\\\/lospoliticosveracruz.com\\\/?p=78114#primaryimage\"},\"thumbnailUrl\":\"http:\\\/\\\/www.lospoliticosveracruz.com.mx\\\/wp-content\\\/uploads\\\/2021\\\/08\\\/WhatsApp-Image-2021-08-02-at-12.46.36.jpeg\",\"keywords\":[\"Cuitl\u00e1huac Garc\u00eda Jim\u00e9nez\",\"pandemia\",\"Regreso a clases\",\"Salvador Mu\u00f1oz\",\"SEV\",\"Zenyazen Escobar Garc\u00eda\"],\"articleSection\":[\"De Opini\u00f3n\"],\"inLanguage\":\"es\"},{\"@type\":\"WebPage\",\"@id\":\"https:\\\/\\\/lospoliticosveracruz.com\\\/?p=78114\",\"url\":\"https:\\\/\\\/lospoliticosveracruz.com\\\/?p=78114\",\"name\":\"A menos que me llamara Chapo - Los pol\u00edticos Veracruz\",\"isPartOf\":{\"@id\":\"https:\\\/\\\/lospoliticosveracruz.com\\\/#website\"},\"primaryImageOfPage\":{\"@id\":\"https:\\\/\\\/lospoliticosveracruz.com\\\/?p=78114#primaryimage\"},\"image\":{\"@id\":\"https:\\\/\\\/lospoliticosveracruz.com\\\/?p=78114#primaryimage\"},\"thumbnailUrl\":\"http:\\\/\\\/www.lospoliticosveracruz.com.mx\\\/wp-content\\\/uploads\\\/2021\\\/08\\\/WhatsApp-Image-2021-08-02-at-12.46.36.jpeg\",\"datePublished\":\"2021-08-17T04:40:00+00:00\",\"breadcrumb\":{\"@id\":\"https:\\\/\\\/lospoliticosveracruz.com\\\/?p=78114#breadcrumb\"},\"inLanguage\":\"es\",\"potentialAction\":[{\"@type\":\"ReadAction\",\"target\":[\"https:\\\/\\\/lospoliticosveracruz.com\\\/?p=78114\"]}]},{\"@type\":\"ImageObject\",\"inLanguage\":\"es\",\"@id\":\"https:\\\/\\\/lospoliticosveracruz.com\\\/?p=78114#primaryimage\",\"url\":\"http:\\\/\\\/www.lospoliticosveracruz.com.mx\\\/wp-content\\\/uploads\\\/2021\\\/08\\\/WhatsApp-Image-2021-08-02-at-12.46.36.jpeg\",\"contentUrl\":\"http:\\\/\\\/www.lospoliticosveracruz.com.mx\\\/wp-content\\\/uploads\\\/2021\\\/08\\\/WhatsApp-Image-2021-08-02-at-12.46.36.jpeg\"},{\"@type\":\"BreadcrumbList\",\"@id\":\"https:\\\/\\\/lospoliticosveracruz.com\\\/?p=78114#breadcrumb\",\"itemListElement\":[{\"@type\":\"ListItem\",\"position\":1,\"name\":\"Portada\",\"item\":\"https:\\\/\\\/lospoliticosveracruz.com\\\/\"},{\"@type\":\"ListItem\",\"position\":2,\"name\":\"A menos que me llamara Chapo\"}]},{\"@type\":\"WebSite\",\"@id\":\"https:\\\/\\\/lospoliticosveracruz.com\\\/#website\",\"url\":\"https:\\\/\\\/lospoliticosveracruz.com\\\/\",\"name\":\"Los pol\u00edticos Veracruz\",\"description\":\"\",\"publisher\":{\"@id\":\"https:\\\/\\\/lospoliticosveracruz.com\\\/#organization\"},\"potentialAction\":[{\"@type\":\"SearchAction\",\"target\":{\"@type\":\"EntryPoint\",\"urlTemplate\":\"https:\\\/\\\/lospoliticosveracruz.com\\\/?s={search_term_string}\"},\"query-input\":{\"@type\":\"PropertyValueSpecification\",\"valueRequired\":true,\"valueName\":\"search_term_string\"}}],\"inLanguage\":\"es\"},{\"@type\":\"Organization\",\"@id\":\"https:\\\/\\\/lospoliticosveracruz.com\\\/#organization\",\"name\":\"Los pol\u00edticos Veracruz\",\"url\":\"https:\\\/\\\/lospoliticosveracruz.com\\\/\",\"logo\":{\"@type\":\"ImageObject\",\"inLanguage\":\"es\",\"@id\":\"https:\\\/\\\/lospoliticosveracruz.com\\\/#\\\/schema\\\/logo\\\/image\\\/\",\"url\":\"https:\\\/\\\/lospoliticosveracruz.com\\\/wp-content\\\/uploads\\\/2025\\\/12\\\/Logo-Nuevo-LOS-POLITICOS-1.jpg\",\"contentUrl\":\"https:\\\/\\\/lospoliticosveracruz.com\\\/wp-content\\\/uploads\\\/2025\\\/12\\\/Logo-Nuevo-LOS-POLITICOS-1.jpg\",\"width\":260,\"height\":70,\"caption\":\"Los pol\u00edticos Veracruz\"},\"image\":{\"@id\":\"https:\\\/\\\/lospoliticosveracruz.com\\\/#\\\/schema\\\/logo\\\/image\\\/\"},\"sameAs\":[\"https:\\\/\\\/www.facebook.com\\\/people\\\/Notimemes-de-los-Polticos\\\/61565672886568\\\/\",\"https:\\\/\\\/x.com\\\/LosPoliticosVer\"]},{\"@type\":\"Person\",\"@id\":\"https:\\\/\\\/lospoliticosveracruz.com\\\/#\\\/schema\\\/person\\\/b8702bb0e538456e6efd07080bf2a4a2\",\"name\":\"Lo viste en Los Pol\u00edticos\",\"image\":{\"@type\":\"ImageObject\",\"inLanguage\":\"es\",\"@id\":\"https:\\\/\\\/secure.gravatar.com\\\/avatar\\\/3a8de04a2656d44082be478bd6c086daa447c4651605818287b9532d3d0bd435?s=96&d=mm&r=g\",\"url\":\"https:\\\/\\\/secure.gravatar.com\\\/avatar\\\/3a8de04a2656d44082be478bd6c086daa447c4651605818287b9532d3d0bd435?s=96&d=mm&r=g\",\"contentUrl\":\"https:\\\/\\\/secure.gravatar.com\\\/avatar\\\/3a8de04a2656d44082be478bd6c086daa447c4651605818287b9532d3d0bd435?s=96&d=mm&r=g\",\"caption\":\"Lo viste en Los Pol\u00edticos\"},\"url\":\"https:\\\/\\\/lospoliticosveracruz.com\\\/?author=2\"}]}<\/script>\n<!-- \/ Yoast SEO plugin. -->","yoast_head_json":{"title":"A menos que me llamara Chapo - Los pol\u00edticos Veracruz","robots":{"index":"index","follow":"follow","max-snippet":"max-snippet:-1","max-image-preview":"max-image-preview:large","max-video-preview":"max-video-preview:-1"},"canonical":"https:\/\/lospoliticosveracruz.com\/?p=78114","og_locale":"es_ES","og_type":"article","og_title":"A menos que me llamara Chapo - Los pol\u00edticos Veracruz","og_description":"Salvador Mu\u00f1oz Los Pol\u00edticos Algo estamos haciendo mal, es evidente. La pandemia no se tom\u00f3 como una oportunidad, ni por ciudadanos ni por autoridades. El regreso a clases puede ser uno de los tantos ejemplos para unos, pero el m\u00e1s agravante y preocupante son los 18 meses en medio de una pandemia donde a veces [&hellip;]","og_url":"https:\/\/lospoliticosveracruz.com\/?p=78114","og_site_name":"Los pol\u00edticos Veracruz","article_publisher":"https:\/\/www.facebook.com\/people\/Notimemes-de-los-Polticos\/61565672886568\/","article_published_time":"2021-08-17T04:40:00+00:00","og_image":[{"url":"http:\/\/www.lospoliticosveracruz.com.mx\/wp-content\/uploads\/2021\/08\/WhatsApp-Image-2021-08-02-at-12.46.36.jpeg","type":"","width":"","height":""}],"author":"Lo viste en Los Pol\u00edticos","twitter_card":"summary_large_image","twitter_creator":"@LosPoliticosVer","twitter_site":"@LosPoliticosVer","twitter_misc":{"Escrito por":"Lo viste en Los Pol\u00edticos","Tiempo de lectura":"4 minutos"},"schema":{"@context":"https:\/\/schema.org","@graph":[{"@type":"Article","@id":"https:\/\/lospoliticosveracruz.com\/?p=78114#article","isPartOf":{"@id":"https:\/\/lospoliticosveracruz.com\/?p=78114"},"author":{"name":"Lo viste en Los Pol\u00edticos","@id":"https:\/\/lospoliticosveracruz.com\/#\/schema\/person\/b8702bb0e538456e6efd07080bf2a4a2"},"headline":"A menos que me llamara Chapo","datePublished":"2021-08-17T04:40:00+00:00","mainEntityOfPage":{"@id":"https:\/\/lospoliticosveracruz.com\/?p=78114"},"wordCount":711,"publisher":{"@id":"https:\/\/lospoliticosveracruz.com\/#organization"},"image":{"@id":"https:\/\/lospoliticosveracruz.com\/?p=78114#primaryimage"},"thumbnailUrl":"http:\/\/www.lospoliticosveracruz.com.mx\/wp-content\/uploads\/2021\/08\/WhatsApp-Image-2021-08-02-at-12.46.36.jpeg","keywords":["Cuitl\u00e1huac Garc\u00eda Jim\u00e9nez","pandemia","Regreso a clases","Salvador Mu\u00f1oz","SEV","Zenyazen Escobar Garc\u00eda"],"articleSection":["De Opini\u00f3n"],"inLanguage":"es"},{"@type":"WebPage","@id":"https:\/\/lospoliticosveracruz.com\/?p=78114","url":"https:\/\/lospoliticosveracruz.com\/?p=78114","name":"A menos que me llamara Chapo - Los pol\u00edticos Veracruz","isPartOf":{"@id":"https:\/\/lospoliticosveracruz.com\/#website"},"primaryImageOfPage":{"@id":"https:\/\/lospoliticosveracruz.com\/?p=78114#primaryimage"},"image":{"@id":"https:\/\/lospoliticosveracruz.com\/?p=78114#primaryimage"},"thumbnailUrl":"http:\/\/www.lospoliticosveracruz.com.mx\/wp-content\/uploads\/2021\/08\/WhatsApp-Image-2021-08-02-at-12.46.36.jpeg","datePublished":"2021-08-17T04:40:00+00:00","breadcrumb":{"@id":"https:\/\/lospoliticosveracruz.com\/?p=78114#breadcrumb"},"inLanguage":"es","potentialAction":[{"@type":"ReadAction","target":["https:\/\/lospoliticosveracruz.com\/?p=78114"]}]},{"@type":"ImageObject","inLanguage":"es","@id":"https:\/\/lospoliticosveracruz.com\/?p=78114#primaryimage","url":"http:\/\/www.lospoliticosveracruz.com.mx\/wp-content\/uploads\/2021\/08\/WhatsApp-Image-2021-08-02-at-12.46.36.jpeg","contentUrl":"http:\/\/www.lospoliticosveracruz.com.mx\/wp-content\/uploads\/2021\/08\/WhatsApp-Image-2021-08-02-at-12.46.36.jpeg"},{"@type":"BreadcrumbList","@id":"https:\/\/lospoliticosveracruz.com\/?p=78114#breadcrumb","itemListElement":[{"@type":"ListItem","position":1,"name":"Portada","item":"https:\/\/lospoliticosveracruz.com\/"},{"@type":"ListItem","position":2,"name":"A menos que me llamara Chapo"}]},{"@type":"WebSite","@id":"https:\/\/lospoliticosveracruz.com\/#website","url":"https:\/\/lospoliticosveracruz.com\/","name":"Los pol\u00edticos Veracruz","description":"","publisher":{"@id":"https:\/\/lospoliticosveracruz.com\/#organization"},"potentialAction":[{"@type":"SearchAction","target":{"@type":"EntryPoint","urlTemplate":"https:\/\/lospoliticosveracruz.com\/?s={search_term_string}"},"query-input":{"@type":"PropertyValueSpecification","valueRequired":true,"valueName":"search_term_string"}}],"inLanguage":"es"},{"@type":"Organization","@id":"https:\/\/lospoliticosveracruz.com\/#organization","name":"Los pol\u00edticos Veracruz","url":"https:\/\/lospoliticosveracruz.com\/","logo":{"@type":"ImageObject","inLanguage":"es","@id":"https:\/\/lospoliticosveracruz.com\/#\/schema\/logo\/image\/","url":"https:\/\/lospoliticosveracruz.com\/wp-content\/uploads\/2025\/12\/Logo-Nuevo-LOS-POLITICOS-1.jpg","contentUrl":"https:\/\/lospoliticosveracruz.com\/wp-content\/uploads\/2025\/12\/Logo-Nuevo-LOS-POLITICOS-1.jpg","width":260,"height":70,"caption":"Los pol\u00edticos Veracruz"},"image":{"@id":"https:\/\/lospoliticosveracruz.com\/#\/schema\/logo\/image\/"},"sameAs":["https:\/\/www.facebook.com\/people\/Notimemes-de-los-Polticos\/61565672886568\/","https:\/\/x.com\/LosPoliticosVer"]},{"@type":"Person","@id":"https:\/\/lospoliticosveracruz.com\/#\/schema\/person\/b8702bb0e538456e6efd07080bf2a4a2","name":"Lo viste en Los Pol\u00edticos","image":{"@type":"ImageObject","inLanguage":"es","@id":"https:\/\/secure.gravatar.com\/avatar\/3a8de04a2656d44082be478bd6c086daa447c4651605818287b9532d3d0bd435?s=96&d=mm&r=g","url":"https:\/\/secure.gravatar.com\/avatar\/3a8de04a2656d44082be478bd6c086daa447c4651605818287b9532d3d0bd435?s=96&d=mm&r=g","contentUrl":"https:\/\/secure.gravatar.com\/avatar\/3a8de04a2656d44082be478bd6c086daa447c4651605818287b9532d3d0bd435?s=96&d=mm&r=g","caption":"Lo viste en Los Pol\u00edticos"},"url":"https:\/\/lospoliticosveracruz.com\/?author=2"}]}},"_links":{"self":[{"href":"https:\/\/lospoliticosveracruz.com\/index.php?rest_route=\/wp\/v2\/posts\/78114","targetHints":{"allow":["GET"]}}],"collection":[{"href":"https:\/\/lospoliticosveracruz.com\/index.php?rest_route=\/wp\/v2\/posts"}],"about":[{"href":"https:\/\/lospoliticosveracruz.com\/index.php?rest_route=\/wp\/v2\/types\/post"}],"author":[{"embeddable":true,"href":"https:\/\/lospoliticosveracruz.com\/index.php?rest_route=\/wp\/v2\/users\/2"}],"replies":[{"embeddable":true,"href":"https:\/\/lospoliticosveracruz.com\/index.php?rest_route=%2Fwp%2Fv2%2Fcomments&post=78114"}],"version-history":[{"count":1,"href":"https:\/\/lospoliticosveracruz.com\/index.php?rest_route=\/wp\/v2\/posts\/78114\/revisions"}],"predecessor-version":[{"id":78116,"href":"https:\/\/lospoliticosveracruz.com\/index.php?rest_route=\/wp\/v2\/posts\/78114\/revisions\/78116"}],"wp:attachment":[{"href":"https:\/\/lospoliticosveracruz.com\/index.php?rest_route=%2Fwp%2Fv2%2Fmedia&parent=78114"}],"wp:term":[{"taxonomy":"category","embeddable":true,"href":"https:\/\/lospoliticosveracruz.com\/index.php?rest_route=%2Fwp%2Fv2%2Fcategories&post=78114"},{"taxonomy":"post_tag","embeddable":true,"href":"https:\/\/lospoliticosveracruz.com\/index.php?rest_route=%2Fwp%2Fv2%2Ftags&post=78114"}],"curies":[{"name":"wp","href":"https:\/\/api.w.org\/{rel}","templated":true}]}}