{"id":78126,"date":"2021-08-17T08:26:50","date_gmt":"2021-08-17T13:26:50","guid":{"rendered":"http:\/\/www.lospoliticosveracruz.com.mx\/?p=78126"},"modified":"2021-08-17T08:26:53","modified_gmt":"2021-08-17T13:26:53","slug":"mc-la-opcion-de-ahued","status":"publish","type":"post","link":"https:\/\/lospoliticosveracruz.com\/?p=78126","title":{"rendered":"MC, la opci\u00f3n de Ahued"},"content":{"rendered":"\n<p><strong>Ricardo Ch\u00faa<br><\/strong><em>Sale y Vale<\/em><\/p>\n\n\n\n<p>OJO\u2026 Digan lo que digan o argumenten lo que argumenten en el gobierno estatal de Veracruz\u2026 La entidad contin\u00faa ocupando el PRIMER LUGAR en n\u00famero de secuestros en todo el pa\u00eds\u2026 Con 17 casos, en comparaci\u00f3n de los 9 que hay en el Estado de M\u00e9xico, que ocupa el segundo lugar\u2026 Por desgracia, los afectados no es el grupo gobernante en \u00abjarochilandia\u00bb sino la sociedad civil\u2026 Estamos en \u00abEstado Fallido\u00bb\u2026 Los n\u00fameros son fr\u00edos y no mienten\u2026<\/p>\n\n\n\n<div class=\"wp-block-image\"><figure class=\"alignleft size-large\"><a href=\"http:\/\/www.lospoliticosveracruz.com.mx\/wp-content\/uploads\/2021\/08\/WhatsApp-Image-2021-08-02-at-12.46.36.jpeg\"><img decoding=\"async\" src=\"http:\/\/www.lospoliticosveracruz.com.mx\/wp-content\/uploads\/2021\/08\/WhatsApp-Image-2021-08-02-at-12.46.36.jpeg\" alt=\"\" class=\"wp-image-77480\"\/><\/a><\/figure><\/div>\n\n\n\n<p>Si bien es cierto, parte puede ser culpa de Jorge Winckler, como se\u00f1ala Cuitl\u00e1huac Garc\u00eda, de que durante su estancia frente de la Fiscal\u00eda General del Estado\u2026 Se manipularon bastantes carpetas de investigaci\u00f3n\u2026 Tampoco pueden decir, que ahora se \u00abcantan mal las rancheras\u00bb\u2026 Ya que tambi\u00e9n se se\u00f1ala que esta FGE de la 4T, las actas quedan circunstanciadas para que no lleguen a carpetas de investigaci\u00f3n y eso se tome como un delito de secuestro\u2026 En fin\u2026 Los n\u00fameros seguir\u00e1n se\u00f1alando como vamos m\u00e1s adelante en esta materia\u2026 AMEN\u2026<\/p>\n\n\n\n<p>FIRMAR LA SENTENCIA DE MUERTE DE TU HIJO\u2026 Se lee muy grotesco, vil y hasta temerario\u2026 Pero es como la poblaci\u00f3n civil de Veracruz est\u00e1 entendiendo esta RESPONSIVA que el gobierno estatal junto con la Secretar\u00eda de Educaci\u00f3n de Veracruz, quiere hacer firmar a los padres de familia que deseen mandar a sus hijos a clases presenciales, este pr\u00f3ximo 30 de agosto que inician las ciclo escolar\u2026 Y con ello, EVADIR su responsabilidad sobre la seguridad en materia de salud que debe garantizar a los alumnos a su regreso a las aulas\u2026 NO MMN<\/p>\n\n\n\n<p>La pregunta que vale para esta situaci\u00f3n\u2026 \u00bfQui\u00e9n va a responder cu\u00e1ndo un ni\u00f1o se contagie por ir a clases presenciales?\u2026 De esa manera, toda la administraci\u00f3n p\u00fablica en Veracruz, se quiere quitar de encima la responsabilidad, de que as\u00ed como sale un ni\u00f1o de su casa, tiene que regresar a la misma despu\u00e9s de ir a la escuela sin contagio alguno\u2026 Y que los padres de familia tengan esa certidumbre, que nadie se va a contagiar ah\u00ed\u2026 Ya que se tomar\u00e1n las medidas sanitarias para evitar que esto suceda\u2026 \u00bfSe cumplir\u00e1?\u2026<\/p>\n\n\n\n<p>A lo mejor el gobierno federal y estatal en Veracruz, no tienen idea con eso que est\u00e1n haciendo\u2026 Y creen que van a \u00abENGANCHAR\u00bb a los padres de familia, si a un ni\u00f1o le pasa algo, con un simple: \u00abUstedes aceptaron mandarlo, ah\u00ed est\u00e1 su firma\u00bb\u2026 Pero es RESPONSABIILIDAD del Estado Mexicano, el tener que garantizar que en este regreso a clases, los infantes no est\u00e9n expuestos al contagio porque no hay condiciones necesarias para este retorno a las aulas\u2026 El COVID crece sobre todo entre la poblaci\u00f3n juvenil e infantil\u2026 SIN PALABRAS\u2026<\/p>\n\n\n\n<p>MC, LA OTRA OPCI\u00d3N\u2026 Si bien es cierto muchas personas que est\u00e1n en el \u00abc\u00edrculo rojo\u00bb de Veracruz\u2026 Se\u00f1alan que si el senador, Dante Delgado, no puede o no quiere ser candidato a gobernador de Veracruz por su partido, Movimiento Ciudadano, \u00e9l podr\u00eda ser el \u00abfiel de la balanza\u00bb con el apoyo que de al aspirante que desee para ser el gobernador en este 2024\u2026 Sus 250 mil votos, le ser\u00e1n m\u00e1s que necesarios a cualquiera.. \u00bfA qui\u00e9n se lo dar\u00e1?\u2026<\/p>\n\n\n\n<p>Si bien es cierto, Dante es de los \u00faltimos \u00abanimales\u00bb pol\u00edticos en activo que quedan en Veracruz.. Se se\u00f1ala que cuenta con la experiencia y liderazgo suficiente para que el aspirante que cuente con el apoyo de Movimiento Ciudadano (MC) pueda llegar a ser el pr\u00f3ximo gobernador de la entidad\u2026 Y hay quien dice, que desde MC ya le est\u00e1n \u00abmandando\u00bb mensajes al alcalde electo de Xalapa, Ricardo Ahued, si la candidatura de MORENA no le favorece a su persona para este 2024\u2026<\/p>\n\n\n\n<p>Hay quien se\u00f1ala que en MC ven con \u00abbuenos ojos\u00bb al alcalde xalape\u00f1o electo para postularlo como su candidato a gobernador\u2026 Obvio siempre y cuando puedan \u00abamarrar\u00bb una alianza con los otros partidos de oposici\u00f3n\u2026 Hasta con el PVEM, si es que para el 2024, ya no contin\u00faan operando con la 4T\u2026 As\u00ed que el riesgo para MORENA es que si Ahued se va con Dante y otros partidos de oposici\u00f3n\u2026 El que peligra es MORENA para repetir el triunfo en Veracruz, que tuvieron en 2018\u2026 La duda ser\u00eda: \u00bfAhued y cu\u00e1ntos m\u00e1s se ir\u00edan?\u2026<\/p>\n\n\n\n<p>Esa opci\u00f3n podr\u00eda ser la \u00fanica y la m\u00e1s peligrosa \u00abfractura\u00bb de MORENA en Veracruz\u2026 Si Rocio Nahle es apuntalada por MORENA y Ahued se vaya por MC y otros partidos en 2024\u2026 Ese es el riesgo que se corre\u2026 Ya que lanzando a Nahle, es que los Morenos saben que la tendr\u00edan f\u00e1cil\u2026 Pero si no se la dan a Rocio y el candidato es Ricardo Ahued, es que saben que la elecci\u00f3n les viene complicada\u2026 Pero si lo dejan solo al alcalde de Xalapa\u2026 La \u00absombra\u00bb de MC lo sigue rondando\u2026<\/p>\n\n\n\n<p>Y si Dante o MC logra convencer a los dem\u00e1s partidos de oposici\u00f3n a que se unan en una alianza para el 2024\u2026. Despu\u00e9s de haber convencido a Ricardo Ahued\u2026 La oposici\u00f3n se ver\u00eda fortalecida y con reales posibilidades de ganar\u2026 Al final, hasta el PAN podr\u00eda incluirse en esta situaci\u00f3n con todos sus grupos de poder\u2026 Ya que en alg\u00fan momento a otro.. Todos han tratado con Delgado Rannauro\u2026 Esa es la ventaja del MC y de \u00e9l\u2026 AMEN\u2026<\/p>\n","protected":false},"excerpt":{"rendered":"<p>Ricardo Ch\u00faaSale y Vale OJO\u2026 Digan lo que digan o argumenten lo que argumenten en el gobierno estatal de Veracruz\u2026 La entidad contin\u00faa ocupando el PRIMER LUGAR en n\u00famero de secuestros en todo el pa\u00eds\u2026 Con 17 casos, en comparaci\u00f3n de los 9 que hay en el Estado de M\u00e9xico, que ocupa el segundo lugar\u2026 [&hellip;]<\/p>\n","protected":false},"author":2,"featured_media":0,"comment_status":"closed","ping_status":"closed","sticky":false,"template":"","format":"standard","meta":{"tdm_status":"","tdm_grid_status":"","footnotes":""},"categories":[70],"tags":[17426,24197,1006,2327,264,5899,2812,13604],"class_list":{"0":"post-78126","1":"post","2":"type-post","3":"status-publish","4":"format-standard","6":"category-de-opinion","7":"tag-4t","8":"tag-clases-presenciales","9":"tag-dante-delgado-rannauro","10":"tag-movimiento-ciudadano","11":"tag-pvem","12":"tag-regreso-a-clases","13":"tag-ricardo-ahued-bardahuil","14":"tag-ricardo-chua"},"yoast_head":"<!-- This site is optimized with the Yoast SEO plugin v27.4 - https:\/\/yoast.com\/product\/yoast-seo-wordpress\/ -->\n<title>MC, la opci\u00f3n de Ahued - Los pol\u00edticos Veracruz<\/title>\n<meta name=\"robots\" content=\"index, follow, max-snippet:-1, max-image-preview:large, max-video-preview:-1\" \/>\n<link rel=\"canonical\" href=\"https:\/\/lospoliticosveracruz.com\/?p=78126\" \/>\n<meta property=\"og:locale\" content=\"es_ES\" \/>\n<meta property=\"og:type\" content=\"article\" \/>\n<meta property=\"og:title\" content=\"MC, la opci\u00f3n de Ahued - Los pol\u00edticos Veracruz\" \/>\n<meta property=\"og:description\" content=\"Ricardo Ch\u00faaSale y Vale OJO\u2026 Digan lo que digan o argumenten lo que argumenten en el gobierno estatal de Veracruz\u2026 La entidad contin\u00faa ocupando el PRIMER LUGAR en n\u00famero de secuestros en todo el pa\u00eds\u2026 Con 17 casos, en comparaci\u00f3n de los 9 que hay en el Estado de M\u00e9xico, que ocupa el segundo lugar\u2026 [&hellip;]\" \/>\n<meta property=\"og:url\" content=\"https:\/\/lospoliticosveracruz.com\/?p=78126\" \/>\n<meta property=\"og:site_name\" content=\"Los pol\u00edticos Veracruz\" \/>\n<meta property=\"article:publisher\" content=\"https:\/\/www.facebook.com\/people\/Notimemes-de-los-Polticos\/61565672886568\/\" \/>\n<meta property=\"article:published_time\" content=\"2021-08-17T13:26:50+00:00\" \/>\n<meta property=\"article:modified_time\" content=\"2021-08-17T13:26:53+00:00\" \/>\n<meta property=\"og:image\" content=\"http:\/\/www.lospoliticosveracruz.com.mx\/wp-content\/uploads\/2021\/08\/WhatsApp-Image-2021-08-02-at-12.46.36.jpeg\" \/>\n<meta name=\"author\" content=\"Lo viste en Los Pol\u00edticos\" \/>\n<meta name=\"twitter:card\" content=\"summary_large_image\" \/>\n<meta name=\"twitter:creator\" content=\"@LosPoliticosVer\" \/>\n<meta name=\"twitter:site\" content=\"@LosPoliticosVer\" \/>\n<meta name=\"twitter:label1\" content=\"Escrito por\" \/>\n\t<meta name=\"twitter:data1\" content=\"Lo viste en Los Pol\u00edticos\" \/>\n\t<meta name=\"twitter:label2\" content=\"Tiempo de lectura\" \/>\n\t<meta name=\"twitter:data2\" content=\"5 minutos\" \/>\n<script type=\"application\/ld+json\" class=\"yoast-schema-graph\">{\"@context\":\"https:\\\/\\\/schema.org\",\"@graph\":[{\"@type\":\"Article\",\"@id\":\"https:\\\/\\\/lospoliticosveracruz.com\\\/?p=78126#article\",\"isPartOf\":{\"@id\":\"https:\\\/\\\/lospoliticosveracruz.com\\\/?p=78126\"},\"author\":{\"name\":\"Lo viste en Los Pol\u00edticos\",\"@id\":\"https:\\\/\\\/lospoliticosveracruz.com\\\/#\\\/schema\\\/person\\\/b8702bb0e538456e6efd07080bf2a4a2\"},\"headline\":\"MC, la opci\u00f3n de Ahued\",\"datePublished\":\"2021-08-17T13:26:50+00:00\",\"dateModified\":\"2021-08-17T13:26:53+00:00\",\"mainEntityOfPage\":{\"@id\":\"https:\\\/\\\/lospoliticosveracruz.com\\\/?p=78126\"},\"wordCount\":950,\"publisher\":{\"@id\":\"https:\\\/\\\/lospoliticosveracruz.com\\\/#organization\"},\"image\":{\"@id\":\"https:\\\/\\\/lospoliticosveracruz.com\\\/?p=78126#primaryimage\"},\"thumbnailUrl\":\"http:\\\/\\\/www.lospoliticosveracruz.com.mx\\\/wp-content\\\/uploads\\\/2021\\\/08\\\/WhatsApp-Image-2021-08-02-at-12.46.36.jpeg\",\"keywords\":[\"4T\",\"clases presenciales\",\"Dante Delgado Rannauro\",\"Movimiento Ciudadano\",\"PVEM\",\"Regreso a clases\",\"Ricardo Ahued Bardahuil\",\"Ricardo Ch\u00faa\"],\"articleSection\":[\"De Opini\u00f3n\"],\"inLanguage\":\"es\"},{\"@type\":\"WebPage\",\"@id\":\"https:\\\/\\\/lospoliticosveracruz.com\\\/?p=78126\",\"url\":\"https:\\\/\\\/lospoliticosveracruz.com\\\/?p=78126\",\"name\":\"MC, la opci\u00f3n de Ahued - Los pol\u00edticos Veracruz\",\"isPartOf\":{\"@id\":\"https:\\\/\\\/lospoliticosveracruz.com\\\/#website\"},\"primaryImageOfPage\":{\"@id\":\"https:\\\/\\\/lospoliticosveracruz.com\\\/?p=78126#primaryimage\"},\"image\":{\"@id\":\"https:\\\/\\\/lospoliticosveracruz.com\\\/?p=78126#primaryimage\"},\"thumbnailUrl\":\"http:\\\/\\\/www.lospoliticosveracruz.com.mx\\\/wp-content\\\/uploads\\\/2021\\\/08\\\/WhatsApp-Image-2021-08-02-at-12.46.36.jpeg\",\"datePublished\":\"2021-08-17T13:26:50+00:00\",\"dateModified\":\"2021-08-17T13:26:53+00:00\",\"breadcrumb\":{\"@id\":\"https:\\\/\\\/lospoliticosveracruz.com\\\/?p=78126#breadcrumb\"},\"inLanguage\":\"es\",\"potentialAction\":[{\"@type\":\"ReadAction\",\"target\":[\"https:\\\/\\\/lospoliticosveracruz.com\\\/?p=78126\"]}]},{\"@type\":\"ImageObject\",\"inLanguage\":\"es\",\"@id\":\"https:\\\/\\\/lospoliticosveracruz.com\\\/?p=78126#primaryimage\",\"url\":\"http:\\\/\\\/www.lospoliticosveracruz.com.mx\\\/wp-content\\\/uploads\\\/2021\\\/08\\\/WhatsApp-Image-2021-08-02-at-12.46.36.jpeg\",\"contentUrl\":\"http:\\\/\\\/www.lospoliticosveracruz.com.mx\\\/wp-content\\\/uploads\\\/2021\\\/08\\\/WhatsApp-Image-2021-08-02-at-12.46.36.jpeg\"},{\"@type\":\"BreadcrumbList\",\"@id\":\"https:\\\/\\\/lospoliticosveracruz.com\\\/?p=78126#breadcrumb\",\"itemListElement\":[{\"@type\":\"ListItem\",\"position\":1,\"name\":\"Portada\",\"item\":\"https:\\\/\\\/lospoliticosveracruz.com\\\/\"},{\"@type\":\"ListItem\",\"position\":2,\"name\":\"MC, la opci\u00f3n de Ahued\"}]},{\"@type\":\"WebSite\",\"@id\":\"https:\\\/\\\/lospoliticosveracruz.com\\\/#website\",\"url\":\"https:\\\/\\\/lospoliticosveracruz.com\\\/\",\"name\":\"Los pol\u00edticos Veracruz\",\"description\":\"\",\"publisher\":{\"@id\":\"https:\\\/\\\/lospoliticosveracruz.com\\\/#organization\"},\"potentialAction\":[{\"@type\":\"SearchAction\",\"target\":{\"@type\":\"EntryPoint\",\"urlTemplate\":\"https:\\\/\\\/lospoliticosveracruz.com\\\/?s={search_term_string}\"},\"query-input\":{\"@type\":\"PropertyValueSpecification\",\"valueRequired\":true,\"valueName\":\"search_term_string\"}}],\"inLanguage\":\"es\"},{\"@type\":\"Organization\",\"@id\":\"https:\\\/\\\/lospoliticosveracruz.com\\\/#organization\",\"name\":\"Los pol\u00edticos Veracruz\",\"url\":\"https:\\\/\\\/lospoliticosveracruz.com\\\/\",\"logo\":{\"@type\":\"ImageObject\",\"inLanguage\":\"es\",\"@id\":\"https:\\\/\\\/lospoliticosveracruz.com\\\/#\\\/schema\\\/logo\\\/image\\\/\",\"url\":\"https:\\\/\\\/lospoliticosveracruz.com\\\/wp-content\\\/uploads\\\/2025\\\/12\\\/Logo-Nuevo-LOS-POLITICOS-1.jpg\",\"contentUrl\":\"https:\\\/\\\/lospoliticosveracruz.com\\\/wp-content\\\/uploads\\\/2025\\\/12\\\/Logo-Nuevo-LOS-POLITICOS-1.jpg\",\"width\":260,\"height\":70,\"caption\":\"Los pol\u00edticos Veracruz\"},\"image\":{\"@id\":\"https:\\\/\\\/lospoliticosveracruz.com\\\/#\\\/schema\\\/logo\\\/image\\\/\"},\"sameAs\":[\"https:\\\/\\\/www.facebook.com\\\/people\\\/Notimemes-de-los-Polticos\\\/61565672886568\\\/\",\"https:\\\/\\\/x.com\\\/LosPoliticosVer\"]},{\"@type\":\"Person\",\"@id\":\"https:\\\/\\\/lospoliticosveracruz.com\\\/#\\\/schema\\\/person\\\/b8702bb0e538456e6efd07080bf2a4a2\",\"name\":\"Lo viste en Los Pol\u00edticos\",\"image\":{\"@type\":\"ImageObject\",\"inLanguage\":\"es\",\"@id\":\"https:\\\/\\\/secure.gravatar.com\\\/avatar\\\/3a8de04a2656d44082be478bd6c086daa447c4651605818287b9532d3d0bd435?s=96&d=mm&r=g\",\"url\":\"https:\\\/\\\/secure.gravatar.com\\\/avatar\\\/3a8de04a2656d44082be478bd6c086daa447c4651605818287b9532d3d0bd435?s=96&d=mm&r=g\",\"contentUrl\":\"https:\\\/\\\/secure.gravatar.com\\\/avatar\\\/3a8de04a2656d44082be478bd6c086daa447c4651605818287b9532d3d0bd435?s=96&d=mm&r=g\",\"caption\":\"Lo viste en Los Pol\u00edticos\"},\"url\":\"https:\\\/\\\/lospoliticosveracruz.com\\\/?author=2\"}]}<\/script>\n<!-- \/ Yoast SEO plugin. -->","yoast_head_json":{"title":"MC, la opci\u00f3n de Ahued - Los pol\u00edticos Veracruz","robots":{"index":"index","follow":"follow","max-snippet":"max-snippet:-1","max-image-preview":"max-image-preview:large","max-video-preview":"max-video-preview:-1"},"canonical":"https:\/\/lospoliticosveracruz.com\/?p=78126","og_locale":"es_ES","og_type":"article","og_title":"MC, la opci\u00f3n de Ahued - Los pol\u00edticos Veracruz","og_description":"Ricardo Ch\u00faaSale y Vale OJO\u2026 Digan lo que digan o argumenten lo que argumenten en el gobierno estatal de Veracruz\u2026 La entidad contin\u00faa ocupando el PRIMER LUGAR en n\u00famero de secuestros en todo el pa\u00eds\u2026 Con 17 casos, en comparaci\u00f3n de los 9 que hay en el Estado de M\u00e9xico, que ocupa el segundo lugar\u2026 [&hellip;]","og_url":"https:\/\/lospoliticosveracruz.com\/?p=78126","og_site_name":"Los pol\u00edticos Veracruz","article_publisher":"https:\/\/www.facebook.com\/people\/Notimemes-de-los-Polticos\/61565672886568\/","article_published_time":"2021-08-17T13:26:50+00:00","article_modified_time":"2021-08-17T13:26:53+00:00","og_image":[{"url":"http:\/\/www.lospoliticosveracruz.com.mx\/wp-content\/uploads\/2021\/08\/WhatsApp-Image-2021-08-02-at-12.46.36.jpeg","type":"","width":"","height":""}],"author":"Lo viste en Los Pol\u00edticos","twitter_card":"summary_large_image","twitter_creator":"@LosPoliticosVer","twitter_site":"@LosPoliticosVer","twitter_misc":{"Escrito por":"Lo viste en Los Pol\u00edticos","Tiempo de lectura":"5 minutos"},"schema":{"@context":"https:\/\/schema.org","@graph":[{"@type":"Article","@id":"https:\/\/lospoliticosveracruz.com\/?p=78126#article","isPartOf":{"@id":"https:\/\/lospoliticosveracruz.com\/?p=78126"},"author":{"name":"Lo viste en Los Pol\u00edticos","@id":"https:\/\/lospoliticosveracruz.com\/#\/schema\/person\/b8702bb0e538456e6efd07080bf2a4a2"},"headline":"MC, la opci\u00f3n de Ahued","datePublished":"2021-08-17T13:26:50+00:00","dateModified":"2021-08-17T13:26:53+00:00","mainEntityOfPage":{"@id":"https:\/\/lospoliticosveracruz.com\/?p=78126"},"wordCount":950,"publisher":{"@id":"https:\/\/lospoliticosveracruz.com\/#organization"},"image":{"@id":"https:\/\/lospoliticosveracruz.com\/?p=78126#primaryimage"},"thumbnailUrl":"http:\/\/www.lospoliticosveracruz.com.mx\/wp-content\/uploads\/2021\/08\/WhatsApp-Image-2021-08-02-at-12.46.36.jpeg","keywords":["4T","clases presenciales","Dante Delgado Rannauro","Movimiento Ciudadano","PVEM","Regreso a clases","Ricardo Ahued Bardahuil","Ricardo Ch\u00faa"],"articleSection":["De Opini\u00f3n"],"inLanguage":"es"},{"@type":"WebPage","@id":"https:\/\/lospoliticosveracruz.com\/?p=78126","url":"https:\/\/lospoliticosveracruz.com\/?p=78126","name":"MC, la opci\u00f3n de Ahued - Los pol\u00edticos Veracruz","isPartOf":{"@id":"https:\/\/lospoliticosveracruz.com\/#website"},"primaryImageOfPage":{"@id":"https:\/\/lospoliticosveracruz.com\/?p=78126#primaryimage"},"image":{"@id":"https:\/\/lospoliticosveracruz.com\/?p=78126#primaryimage"},"thumbnailUrl":"http:\/\/www.lospoliticosveracruz.com.mx\/wp-content\/uploads\/2021\/08\/WhatsApp-Image-2021-08-02-at-12.46.36.jpeg","datePublished":"2021-08-17T13:26:50+00:00","dateModified":"2021-08-17T13:26:53+00:00","breadcrumb":{"@id":"https:\/\/lospoliticosveracruz.com\/?p=78126#breadcrumb"},"inLanguage":"es","potentialAction":[{"@type":"ReadAction","target":["https:\/\/lospoliticosveracruz.com\/?p=78126"]}]},{"@type":"ImageObject","inLanguage":"es","@id":"https:\/\/lospoliticosveracruz.com\/?p=78126#primaryimage","url":"http:\/\/www.lospoliticosveracruz.com.mx\/wp-content\/uploads\/2021\/08\/WhatsApp-Image-2021-08-02-at-12.46.36.jpeg","contentUrl":"http:\/\/www.lospoliticosveracruz.com.mx\/wp-content\/uploads\/2021\/08\/WhatsApp-Image-2021-08-02-at-12.46.36.jpeg"},{"@type":"BreadcrumbList","@id":"https:\/\/lospoliticosveracruz.com\/?p=78126#breadcrumb","itemListElement":[{"@type":"ListItem","position":1,"name":"Portada","item":"https:\/\/lospoliticosveracruz.com\/"},{"@type":"ListItem","position":2,"name":"MC, la opci\u00f3n de Ahued"}]},{"@type":"WebSite","@id":"https:\/\/lospoliticosveracruz.com\/#website","url":"https:\/\/lospoliticosveracruz.com\/","name":"Los pol\u00edticos Veracruz","description":"","publisher":{"@id":"https:\/\/lospoliticosveracruz.com\/#organization"},"potentialAction":[{"@type":"SearchAction","target":{"@type":"EntryPoint","urlTemplate":"https:\/\/lospoliticosveracruz.com\/?s={search_term_string}"},"query-input":{"@type":"PropertyValueSpecification","valueRequired":true,"valueName":"search_term_string"}}],"inLanguage":"es"},{"@type":"Organization","@id":"https:\/\/lospoliticosveracruz.com\/#organization","name":"Los pol\u00edticos Veracruz","url":"https:\/\/lospoliticosveracruz.com\/","logo":{"@type":"ImageObject","inLanguage":"es","@id":"https:\/\/lospoliticosveracruz.com\/#\/schema\/logo\/image\/","url":"https:\/\/lospoliticosveracruz.com\/wp-content\/uploads\/2025\/12\/Logo-Nuevo-LOS-POLITICOS-1.jpg","contentUrl":"https:\/\/lospoliticosveracruz.com\/wp-content\/uploads\/2025\/12\/Logo-Nuevo-LOS-POLITICOS-1.jpg","width":260,"height":70,"caption":"Los pol\u00edticos Veracruz"},"image":{"@id":"https:\/\/lospoliticosveracruz.com\/#\/schema\/logo\/image\/"},"sameAs":["https:\/\/www.facebook.com\/people\/Notimemes-de-los-Polticos\/61565672886568\/","https:\/\/x.com\/LosPoliticosVer"]},{"@type":"Person","@id":"https:\/\/lospoliticosveracruz.com\/#\/schema\/person\/b8702bb0e538456e6efd07080bf2a4a2","name":"Lo viste en Los Pol\u00edticos","image":{"@type":"ImageObject","inLanguage":"es","@id":"https:\/\/secure.gravatar.com\/avatar\/3a8de04a2656d44082be478bd6c086daa447c4651605818287b9532d3d0bd435?s=96&d=mm&r=g","url":"https:\/\/secure.gravatar.com\/avatar\/3a8de04a2656d44082be478bd6c086daa447c4651605818287b9532d3d0bd435?s=96&d=mm&r=g","contentUrl":"https:\/\/secure.gravatar.com\/avatar\/3a8de04a2656d44082be478bd6c086daa447c4651605818287b9532d3d0bd435?s=96&d=mm&r=g","caption":"Lo viste en Los Pol\u00edticos"},"url":"https:\/\/lospoliticosveracruz.com\/?author=2"}]}},"_links":{"self":[{"href":"https:\/\/lospoliticosveracruz.com\/index.php?rest_route=\/wp\/v2\/posts\/78126","targetHints":{"allow":["GET"]}}],"collection":[{"href":"https:\/\/lospoliticosveracruz.com\/index.php?rest_route=\/wp\/v2\/posts"}],"about":[{"href":"https:\/\/lospoliticosveracruz.com\/index.php?rest_route=\/wp\/v2\/types\/post"}],"author":[{"embeddable":true,"href":"https:\/\/lospoliticosveracruz.com\/index.php?rest_route=\/wp\/v2\/users\/2"}],"replies":[{"embeddable":true,"href":"https:\/\/lospoliticosveracruz.com\/index.php?rest_route=%2Fwp%2Fv2%2Fcomments&post=78126"}],"version-history":[{"count":1,"href":"https:\/\/lospoliticosveracruz.com\/index.php?rest_route=\/wp\/v2\/posts\/78126\/revisions"}],"predecessor-version":[{"id":78129,"href":"https:\/\/lospoliticosveracruz.com\/index.php?rest_route=\/wp\/v2\/posts\/78126\/revisions\/78129"}],"wp:attachment":[{"href":"https:\/\/lospoliticosveracruz.com\/index.php?rest_route=%2Fwp%2Fv2%2Fmedia&parent=78126"}],"wp:term":[{"taxonomy":"category","embeddable":true,"href":"https:\/\/lospoliticosveracruz.com\/index.php?rest_route=%2Fwp%2Fv2%2Fcategories&post=78126"},{"taxonomy":"post_tag","embeddable":true,"href":"https:\/\/lospoliticosveracruz.com\/index.php?rest_route=%2Fwp%2Fv2%2Ftags&post=78126"}],"curies":[{"name":"wp","href":"https:\/\/api.w.org\/{rel}","templated":true}]}}