{"id":78169,"date":"2021-08-17T14:13:32","date_gmt":"2021-08-17T19:13:32","guid":{"rendered":"http:\/\/www.lospoliticosveracruz.com.mx\/?p=78169"},"modified":"2021-08-17T14:15:07","modified_gmt":"2021-08-17T19:15:07","slug":"ingreso-al-100-de-aspirantes-a-la-uv-propone-vela","status":"publish","type":"post","link":"https:\/\/lospoliticosveracruz.com\/?p=78169","title":{"rendered":"Ingreso al 100% de aspirantes a la UV, propone Vela"},"content":{"rendered":"\n<p><\/p>\n\n\n\n<p><strong>Coatzacoalcos<\/strong><br>Acabar con el centralismo autoritario e instaurar un examen de preselecci\u00f3n para ingresar a la UV, propuso el aspirante a la rector\u00eda de la Universidad Veracruzana, Rafael Vela Mart\u00ednez.<\/p>\n\n\n\n<div class=\"wp-block-image\"><figure class=\"alignleft size-large\"><a href=\"http:\/\/www.lospoliticosveracruz.com.mx\/wp-content\/uploads\/2021\/08\/WhatsApp-Image-2021-08-02-at-12.46.36.jpeg\"><img decoding=\"async\" src=\"http:\/\/www.lospoliticosveracruz.com.mx\/wp-content\/uploads\/2021\/08\/WhatsApp-Image-2021-08-02-at-12.46.36.jpeg\" alt=\"\" class=\"wp-image-77480\"\/><\/a><\/figure><\/div>\n\n\n\n<p><br>Ante catedr\u00e1ticos, investigadores y estudiantes de la vicerrector\u00eda de Coatzacoalcos-Minatitl\u00e1n, el aspirante a dirigir los destinos de su alma m\u00e1ter present\u00f3 su proyecto \u201cLa Universidad Veracruzana: motor del desarrollo regional y de la movilidad social\u201d.<br>El catedr\u00e1tico de la Facultad de Econom\u00eda y Geograf\u00eda, expuso que su proyecto aborda a la UV desde una perspectiva sist\u00e9mica, integral y compleja, por lo que, propuso terminar con el Centro Nacional de Evaluaci\u00f3n para la Educaci\u00f3n Superior (Ceneval) como \u00fanica forma de selecci\u00f3n, ya que pauperiza a los municipios y a la sociedad.<br>Propuso en su lugar, la aplicaci\u00f3n de un examen de preselecci\u00f3n que identifiquen las deficiencias de los j\u00f3venes y, a trav\u00e9s del conocimiento digitalizado (microcursos) emparejarlos en sus conocimientos y as\u00ed garantizar su ingreso a la Universidad en un m\u00e1ximo de dos a\u00f1os.<br>Vela Mart\u00ednez, igualmente reiter\u00f3 que se requiere una mirada cr\u00edtica hacia adentro, partiendo de una reingenier\u00eda administrativa que fortalezca a cada una de las vicerrector\u00edas de la UV (Veracruz-Boca del R\u00edo, C\u00f3rdoba-Orizaba, Poza Rica-Tuxpan, Coatzacoalcos-Minatitl\u00e1n y Xalapa) con la creaci\u00f3n de centros de investigaci\u00f3n en cada una de ellas.<br>\u201cPara eso se necesita acabar con el centralismo y darles mayor capacidad de decisi\u00f3n y autonom\u00eda territorial a cada vicerrector\u00eda. Cada vicerrector analizar\u00e1 las ventajas de cada regi\u00f3n y capitalizar sus fortalezas vincul\u00e1ndolas con la iniciativa privada y empresarial\u201d, explic\u00f3.<br>Asimismo, replantear el Modelo de Educaci\u00f3n Integral Flexible (MEIF), el cual ha extendido dos a\u00f1os m\u00e1s la estancia de alumnos en la escuela y, extendido el pago a profesores, en detrimento de un mejor manejo de las finanzas de la Universidad y los padres de familia.<br>Se crear\u00e1, dijo, un Consejo Consultivo de Empresarios para sugieran nuevas carreras acordes con las necesidades del mercado actual y, reducir la presencia de las carreras tradicionales que generan desempleo.<br>Tambi\u00e9n se generar\u00e1n sinergias que lleven a la UV a ser autofinanciable en su financiamiento con la oferta de diversos productos y servicios, con miras a dejar de depender cada vez m\u00e1s del Estado y ser realmente aut\u00f3noma con recursos propios.<br>Finalmente, el acad\u00e9mico del Doctorado en Investigaciones Econ\u00f3micas y Sociales, puntualiz\u00f3 que su proyecto coincide con la reforma educativa que se hizo el a\u00f1o pasado, respecto a reorientar los planes y programas de estudios hacia el avance tecnol\u00f3gico-cient\u00edfico y, dirigir las investigaciones a la soluci\u00f3n de problemas regionales.<\/p>\n","protected":false},"excerpt":{"rendered":"<p>CoatzacoalcosAcabar con el centralismo autoritario e instaurar un examen de preselecci\u00f3n para ingresar a la UV, propuso el aspirante a la rector\u00eda de la Universidad Veracruzana, Rafael Vela Mart\u00ednez. Ante catedr\u00e1ticos, investigadores y estudiantes de la vicerrector\u00eda de Coatzacoalcos-Minatitl\u00e1n, el aspirante a dirigir los destinos de su alma m\u00e1ter present\u00f3 su proyecto \u201cLa Universidad Veracruzana: [&hellip;]<\/p>\n","protected":false},"author":2,"featured_media":0,"comment_status":"closed","ping_status":"closed","sticky":false,"template":"","format":"standard","meta":{"tdm_status":"","tdm_grid_status":"","footnotes":""},"categories":[73],"tags":[8015,8167,21307,172],"class_list":{"0":"post-78169","1":"post","2":"type-post","3":"status-publish","4":"format-standard","6":"category-de-boleto","7":"tag-rafael-vela-martinez","8":"tag-rectoria","9":"tag-rectoria-uv","10":"tag-uv"},"yoast_head":"<!-- This site is optimized with the Yoast SEO plugin v27.4 - https:\/\/yoast.com\/product\/yoast-seo-wordpress\/ -->\n<title>Ingreso al 100% de aspirantes a la UV, propone Vela - Los pol\u00edticos Veracruz<\/title>\n<meta name=\"robots\" content=\"index, follow, max-snippet:-1, max-image-preview:large, max-video-preview:-1\" \/>\n<link rel=\"canonical\" href=\"https:\/\/lospoliticosveracruz.com\/?p=78169\" \/>\n<meta property=\"og:locale\" content=\"es_ES\" \/>\n<meta property=\"og:type\" content=\"article\" \/>\n<meta property=\"og:title\" content=\"Ingreso al 100% de aspirantes a la UV, propone Vela - Los pol\u00edticos Veracruz\" \/>\n<meta property=\"og:description\" content=\"CoatzacoalcosAcabar con el centralismo autoritario e instaurar un examen de preselecci\u00f3n para ingresar a la UV, propuso el aspirante a la rector\u00eda de la Universidad Veracruzana, Rafael Vela Mart\u00ednez. Ante catedr\u00e1ticos, investigadores y estudiantes de la vicerrector\u00eda de Coatzacoalcos-Minatitl\u00e1n, el aspirante a dirigir los destinos de su alma m\u00e1ter present\u00f3 su proyecto \u201cLa Universidad Veracruzana: [&hellip;]\" \/>\n<meta property=\"og:url\" content=\"https:\/\/lospoliticosveracruz.com\/?p=78169\" \/>\n<meta property=\"og:site_name\" content=\"Los pol\u00edticos Veracruz\" \/>\n<meta property=\"article:publisher\" content=\"https:\/\/www.facebook.com\/people\/Notimemes-de-los-Polticos\/61565672886568\/\" \/>\n<meta property=\"article:published_time\" content=\"2021-08-17T19:13:32+00:00\" \/>\n<meta property=\"article:modified_time\" content=\"2021-08-17T19:15:07+00:00\" \/>\n<meta property=\"og:image\" content=\"http:\/\/www.lospoliticosveracruz.com.mx\/wp-content\/uploads\/2021\/08\/WhatsApp-Image-2021-08-02-at-12.46.36.jpeg\" \/>\n<meta name=\"author\" content=\"Lo viste en Los Pol\u00edticos\" \/>\n<meta name=\"twitter:card\" content=\"summary_large_image\" \/>\n<meta name=\"twitter:creator\" content=\"@LosPoliticosVer\" \/>\n<meta name=\"twitter:site\" content=\"@LosPoliticosVer\" \/>\n<meta name=\"twitter:label1\" content=\"Escrito por\" \/>\n\t<meta name=\"twitter:data1\" content=\"Lo viste en Los Pol\u00edticos\" \/>\n\t<meta name=\"twitter:label2\" content=\"Tiempo de lectura\" \/>\n\t<meta name=\"twitter:data2\" content=\"2 minutos\" \/>\n<script type=\"application\/ld+json\" class=\"yoast-schema-graph\">{\"@context\":\"https:\\\/\\\/schema.org\",\"@graph\":[{\"@type\":\"Article\",\"@id\":\"https:\\\/\\\/lospoliticosveracruz.com\\\/?p=78169#article\",\"isPartOf\":{\"@id\":\"https:\\\/\\\/lospoliticosveracruz.com\\\/?p=78169\"},\"author\":{\"name\":\"Lo viste en Los Pol\u00edticos\",\"@id\":\"https:\\\/\\\/lospoliticosveracruz.com\\\/#\\\/schema\\\/person\\\/b8702bb0e538456e6efd07080bf2a4a2\"},\"headline\":\"Ingreso al 100% de aspirantes a la UV, propone Vela\",\"datePublished\":\"2021-08-17T19:13:32+00:00\",\"dateModified\":\"2021-08-17T19:15:07+00:00\",\"mainEntityOfPage\":{\"@id\":\"https:\\\/\\\/lospoliticosveracruz.com\\\/?p=78169\"},\"wordCount\":473,\"publisher\":{\"@id\":\"https:\\\/\\\/lospoliticosveracruz.com\\\/#organization\"},\"image\":{\"@id\":\"https:\\\/\\\/lospoliticosveracruz.com\\\/?p=78169#primaryimage\"},\"thumbnailUrl\":\"http:\\\/\\\/www.lospoliticosveracruz.com.mx\\\/wp-content\\\/uploads\\\/2021\\\/08\\\/WhatsApp-Image-2021-08-02-at-12.46.36.jpeg\",\"keywords\":[\"Rafael Vela Mart\u00ednez\",\"Rector\u00eda\",\"Rector\u00eda UV\",\"UV\"],\"articleSection\":[\"De Boleto\"],\"inLanguage\":\"es\"},{\"@type\":\"WebPage\",\"@id\":\"https:\\\/\\\/lospoliticosveracruz.com\\\/?p=78169\",\"url\":\"https:\\\/\\\/lospoliticosveracruz.com\\\/?p=78169\",\"name\":\"Ingreso al 100% de aspirantes a la UV, propone Vela - Los pol\u00edticos Veracruz\",\"isPartOf\":{\"@id\":\"https:\\\/\\\/lospoliticosveracruz.com\\\/#website\"},\"primaryImageOfPage\":{\"@id\":\"https:\\\/\\\/lospoliticosveracruz.com\\\/?p=78169#primaryimage\"},\"image\":{\"@id\":\"https:\\\/\\\/lospoliticosveracruz.com\\\/?p=78169#primaryimage\"},\"thumbnailUrl\":\"http:\\\/\\\/www.lospoliticosveracruz.com.mx\\\/wp-content\\\/uploads\\\/2021\\\/08\\\/WhatsApp-Image-2021-08-02-at-12.46.36.jpeg\",\"datePublished\":\"2021-08-17T19:13:32+00:00\",\"dateModified\":\"2021-08-17T19:15:07+00:00\",\"breadcrumb\":{\"@id\":\"https:\\\/\\\/lospoliticosveracruz.com\\\/?p=78169#breadcrumb\"},\"inLanguage\":\"es\",\"potentialAction\":[{\"@type\":\"ReadAction\",\"target\":[\"https:\\\/\\\/lospoliticosveracruz.com\\\/?p=78169\"]}]},{\"@type\":\"ImageObject\",\"inLanguage\":\"es\",\"@id\":\"https:\\\/\\\/lospoliticosveracruz.com\\\/?p=78169#primaryimage\",\"url\":\"http:\\\/\\\/www.lospoliticosveracruz.com.mx\\\/wp-content\\\/uploads\\\/2021\\\/08\\\/WhatsApp-Image-2021-08-02-at-12.46.36.jpeg\",\"contentUrl\":\"http:\\\/\\\/www.lospoliticosveracruz.com.mx\\\/wp-content\\\/uploads\\\/2021\\\/08\\\/WhatsApp-Image-2021-08-02-at-12.46.36.jpeg\"},{\"@type\":\"BreadcrumbList\",\"@id\":\"https:\\\/\\\/lospoliticosveracruz.com\\\/?p=78169#breadcrumb\",\"itemListElement\":[{\"@type\":\"ListItem\",\"position\":1,\"name\":\"Portada\",\"item\":\"https:\\\/\\\/lospoliticosveracruz.com\\\/\"},{\"@type\":\"ListItem\",\"position\":2,\"name\":\"Ingreso al 100% de aspirantes a la UV, propone Vela\"}]},{\"@type\":\"WebSite\",\"@id\":\"https:\\\/\\\/lospoliticosveracruz.com\\\/#website\",\"url\":\"https:\\\/\\\/lospoliticosveracruz.com\\\/\",\"name\":\"Los pol\u00edticos Veracruz\",\"description\":\"\",\"publisher\":{\"@id\":\"https:\\\/\\\/lospoliticosveracruz.com\\\/#organization\"},\"potentialAction\":[{\"@type\":\"SearchAction\",\"target\":{\"@type\":\"EntryPoint\",\"urlTemplate\":\"https:\\\/\\\/lospoliticosveracruz.com\\\/?s={search_term_string}\"},\"query-input\":{\"@type\":\"PropertyValueSpecification\",\"valueRequired\":true,\"valueName\":\"search_term_string\"}}],\"inLanguage\":\"es\"},{\"@type\":\"Organization\",\"@id\":\"https:\\\/\\\/lospoliticosveracruz.com\\\/#organization\",\"name\":\"Los pol\u00edticos Veracruz\",\"url\":\"https:\\\/\\\/lospoliticosveracruz.com\\\/\",\"logo\":{\"@type\":\"ImageObject\",\"inLanguage\":\"es\",\"@id\":\"https:\\\/\\\/lospoliticosveracruz.com\\\/#\\\/schema\\\/logo\\\/image\\\/\",\"url\":\"https:\\\/\\\/lospoliticosveracruz.com\\\/wp-content\\\/uploads\\\/2025\\\/12\\\/Logo-Nuevo-LOS-POLITICOS-1.jpg\",\"contentUrl\":\"https:\\\/\\\/lospoliticosveracruz.com\\\/wp-content\\\/uploads\\\/2025\\\/12\\\/Logo-Nuevo-LOS-POLITICOS-1.jpg\",\"width\":260,\"height\":70,\"caption\":\"Los pol\u00edticos Veracruz\"},\"image\":{\"@id\":\"https:\\\/\\\/lospoliticosveracruz.com\\\/#\\\/schema\\\/logo\\\/image\\\/\"},\"sameAs\":[\"https:\\\/\\\/www.facebook.com\\\/people\\\/Notimemes-de-los-Polticos\\\/61565672886568\\\/\",\"https:\\\/\\\/x.com\\\/LosPoliticosVer\"]},{\"@type\":\"Person\",\"@id\":\"https:\\\/\\\/lospoliticosveracruz.com\\\/#\\\/schema\\\/person\\\/b8702bb0e538456e6efd07080bf2a4a2\",\"name\":\"Lo viste en Los Pol\u00edticos\",\"image\":{\"@type\":\"ImageObject\",\"inLanguage\":\"es\",\"@id\":\"https:\\\/\\\/secure.gravatar.com\\\/avatar\\\/3a8de04a2656d44082be478bd6c086daa447c4651605818287b9532d3d0bd435?s=96&d=mm&r=g\",\"url\":\"https:\\\/\\\/secure.gravatar.com\\\/avatar\\\/3a8de04a2656d44082be478bd6c086daa447c4651605818287b9532d3d0bd435?s=96&d=mm&r=g\",\"contentUrl\":\"https:\\\/\\\/secure.gravatar.com\\\/avatar\\\/3a8de04a2656d44082be478bd6c086daa447c4651605818287b9532d3d0bd435?s=96&d=mm&r=g\",\"caption\":\"Lo viste en Los Pol\u00edticos\"},\"url\":\"https:\\\/\\\/lospoliticosveracruz.com\\\/?author=2\"}]}<\/script>\n<!-- \/ Yoast SEO plugin. -->","yoast_head_json":{"title":"Ingreso al 100% de aspirantes a la UV, propone Vela - Los pol\u00edticos Veracruz","robots":{"index":"index","follow":"follow","max-snippet":"max-snippet:-1","max-image-preview":"max-image-preview:large","max-video-preview":"max-video-preview:-1"},"canonical":"https:\/\/lospoliticosveracruz.com\/?p=78169","og_locale":"es_ES","og_type":"article","og_title":"Ingreso al 100% de aspirantes a la UV, propone Vela - Los pol\u00edticos Veracruz","og_description":"CoatzacoalcosAcabar con el centralismo autoritario e instaurar un examen de preselecci\u00f3n para ingresar a la UV, propuso el aspirante a la rector\u00eda de la Universidad Veracruzana, Rafael Vela Mart\u00ednez. Ante catedr\u00e1ticos, investigadores y estudiantes de la vicerrector\u00eda de Coatzacoalcos-Minatitl\u00e1n, el aspirante a dirigir los destinos de su alma m\u00e1ter present\u00f3 su proyecto \u201cLa Universidad Veracruzana: [&hellip;]","og_url":"https:\/\/lospoliticosveracruz.com\/?p=78169","og_site_name":"Los pol\u00edticos Veracruz","article_publisher":"https:\/\/www.facebook.com\/people\/Notimemes-de-los-Polticos\/61565672886568\/","article_published_time":"2021-08-17T19:13:32+00:00","article_modified_time":"2021-08-17T19:15:07+00:00","og_image":[{"url":"http:\/\/www.lospoliticosveracruz.com.mx\/wp-content\/uploads\/2021\/08\/WhatsApp-Image-2021-08-02-at-12.46.36.jpeg","type":"","width":"","height":""}],"author":"Lo viste en Los Pol\u00edticos","twitter_card":"summary_large_image","twitter_creator":"@LosPoliticosVer","twitter_site":"@LosPoliticosVer","twitter_misc":{"Escrito por":"Lo viste en Los Pol\u00edticos","Tiempo de lectura":"2 minutos"},"schema":{"@context":"https:\/\/schema.org","@graph":[{"@type":"Article","@id":"https:\/\/lospoliticosveracruz.com\/?p=78169#article","isPartOf":{"@id":"https:\/\/lospoliticosveracruz.com\/?p=78169"},"author":{"name":"Lo viste en Los Pol\u00edticos","@id":"https:\/\/lospoliticosveracruz.com\/#\/schema\/person\/b8702bb0e538456e6efd07080bf2a4a2"},"headline":"Ingreso al 100% de aspirantes a la UV, propone Vela","datePublished":"2021-08-17T19:13:32+00:00","dateModified":"2021-08-17T19:15:07+00:00","mainEntityOfPage":{"@id":"https:\/\/lospoliticosveracruz.com\/?p=78169"},"wordCount":473,"publisher":{"@id":"https:\/\/lospoliticosveracruz.com\/#organization"},"image":{"@id":"https:\/\/lospoliticosveracruz.com\/?p=78169#primaryimage"},"thumbnailUrl":"http:\/\/www.lospoliticosveracruz.com.mx\/wp-content\/uploads\/2021\/08\/WhatsApp-Image-2021-08-02-at-12.46.36.jpeg","keywords":["Rafael Vela Mart\u00ednez","Rector\u00eda","Rector\u00eda UV","UV"],"articleSection":["De Boleto"],"inLanguage":"es"},{"@type":"WebPage","@id":"https:\/\/lospoliticosveracruz.com\/?p=78169","url":"https:\/\/lospoliticosveracruz.com\/?p=78169","name":"Ingreso al 100% de aspirantes a la UV, propone Vela - Los pol\u00edticos Veracruz","isPartOf":{"@id":"https:\/\/lospoliticosveracruz.com\/#website"},"primaryImageOfPage":{"@id":"https:\/\/lospoliticosveracruz.com\/?p=78169#primaryimage"},"image":{"@id":"https:\/\/lospoliticosveracruz.com\/?p=78169#primaryimage"},"thumbnailUrl":"http:\/\/www.lospoliticosveracruz.com.mx\/wp-content\/uploads\/2021\/08\/WhatsApp-Image-2021-08-02-at-12.46.36.jpeg","datePublished":"2021-08-17T19:13:32+00:00","dateModified":"2021-08-17T19:15:07+00:00","breadcrumb":{"@id":"https:\/\/lospoliticosveracruz.com\/?p=78169#breadcrumb"},"inLanguage":"es","potentialAction":[{"@type":"ReadAction","target":["https:\/\/lospoliticosveracruz.com\/?p=78169"]}]},{"@type":"ImageObject","inLanguage":"es","@id":"https:\/\/lospoliticosveracruz.com\/?p=78169#primaryimage","url":"http:\/\/www.lospoliticosveracruz.com.mx\/wp-content\/uploads\/2021\/08\/WhatsApp-Image-2021-08-02-at-12.46.36.jpeg","contentUrl":"http:\/\/www.lospoliticosveracruz.com.mx\/wp-content\/uploads\/2021\/08\/WhatsApp-Image-2021-08-02-at-12.46.36.jpeg"},{"@type":"BreadcrumbList","@id":"https:\/\/lospoliticosveracruz.com\/?p=78169#breadcrumb","itemListElement":[{"@type":"ListItem","position":1,"name":"Portada","item":"https:\/\/lospoliticosveracruz.com\/"},{"@type":"ListItem","position":2,"name":"Ingreso al 100% de aspirantes a la UV, propone Vela"}]},{"@type":"WebSite","@id":"https:\/\/lospoliticosveracruz.com\/#website","url":"https:\/\/lospoliticosveracruz.com\/","name":"Los pol\u00edticos Veracruz","description":"","publisher":{"@id":"https:\/\/lospoliticosveracruz.com\/#organization"},"potentialAction":[{"@type":"SearchAction","target":{"@type":"EntryPoint","urlTemplate":"https:\/\/lospoliticosveracruz.com\/?s={search_term_string}"},"query-input":{"@type":"PropertyValueSpecification","valueRequired":true,"valueName":"search_term_string"}}],"inLanguage":"es"},{"@type":"Organization","@id":"https:\/\/lospoliticosveracruz.com\/#organization","name":"Los pol\u00edticos Veracruz","url":"https:\/\/lospoliticosveracruz.com\/","logo":{"@type":"ImageObject","inLanguage":"es","@id":"https:\/\/lospoliticosveracruz.com\/#\/schema\/logo\/image\/","url":"https:\/\/lospoliticosveracruz.com\/wp-content\/uploads\/2025\/12\/Logo-Nuevo-LOS-POLITICOS-1.jpg","contentUrl":"https:\/\/lospoliticosveracruz.com\/wp-content\/uploads\/2025\/12\/Logo-Nuevo-LOS-POLITICOS-1.jpg","width":260,"height":70,"caption":"Los pol\u00edticos Veracruz"},"image":{"@id":"https:\/\/lospoliticosveracruz.com\/#\/schema\/logo\/image\/"},"sameAs":["https:\/\/www.facebook.com\/people\/Notimemes-de-los-Polticos\/61565672886568\/","https:\/\/x.com\/LosPoliticosVer"]},{"@type":"Person","@id":"https:\/\/lospoliticosveracruz.com\/#\/schema\/person\/b8702bb0e538456e6efd07080bf2a4a2","name":"Lo viste en Los Pol\u00edticos","image":{"@type":"ImageObject","inLanguage":"es","@id":"https:\/\/secure.gravatar.com\/avatar\/3a8de04a2656d44082be478bd6c086daa447c4651605818287b9532d3d0bd435?s=96&d=mm&r=g","url":"https:\/\/secure.gravatar.com\/avatar\/3a8de04a2656d44082be478bd6c086daa447c4651605818287b9532d3d0bd435?s=96&d=mm&r=g","contentUrl":"https:\/\/secure.gravatar.com\/avatar\/3a8de04a2656d44082be478bd6c086daa447c4651605818287b9532d3d0bd435?s=96&d=mm&r=g","caption":"Lo viste en Los Pol\u00edticos"},"url":"https:\/\/lospoliticosveracruz.com\/?author=2"}]}},"_links":{"self":[{"href":"https:\/\/lospoliticosveracruz.com\/index.php?rest_route=\/wp\/v2\/posts\/78169","targetHints":{"allow":["GET"]}}],"collection":[{"href":"https:\/\/lospoliticosveracruz.com\/index.php?rest_route=\/wp\/v2\/posts"}],"about":[{"href":"https:\/\/lospoliticosveracruz.com\/index.php?rest_route=\/wp\/v2\/types\/post"}],"author":[{"embeddable":true,"href":"https:\/\/lospoliticosveracruz.com\/index.php?rest_route=\/wp\/v2\/users\/2"}],"replies":[{"embeddable":true,"href":"https:\/\/lospoliticosveracruz.com\/index.php?rest_route=%2Fwp%2Fv2%2Fcomments&post=78169"}],"version-history":[{"count":2,"href":"https:\/\/lospoliticosveracruz.com\/index.php?rest_route=\/wp\/v2\/posts\/78169\/revisions"}],"predecessor-version":[{"id":78172,"href":"https:\/\/lospoliticosveracruz.com\/index.php?rest_route=\/wp\/v2\/posts\/78169\/revisions\/78172"}],"wp:attachment":[{"href":"https:\/\/lospoliticosveracruz.com\/index.php?rest_route=%2Fwp%2Fv2%2Fmedia&parent=78169"}],"wp:term":[{"taxonomy":"category","embeddable":true,"href":"https:\/\/lospoliticosveracruz.com\/index.php?rest_route=%2Fwp%2Fv2%2Fcategories&post=78169"},{"taxonomy":"post_tag","embeddable":true,"href":"https:\/\/lospoliticosveracruz.com\/index.php?rest_route=%2Fwp%2Fv2%2Ftags&post=78169"}],"curies":[{"name":"wp","href":"https:\/\/api.w.org\/{rel}","templated":true}]}}