{"id":78213,"date":"2021-08-18T08:08:21","date_gmt":"2021-08-18T13:08:21","guid":{"rendered":"http:\/\/www.lospoliticosveracruz.com.mx\/?p=78213"},"modified":"2021-08-18T08:08:26","modified_gmt":"2021-08-18T13:08:26","slug":"ahued-el-mesias-de-la-oposicion","status":"publish","type":"post","link":"https:\/\/lospoliticosveracruz.com\/?p=78213","title":{"rendered":"Ahued, el mes\u00edas de la oposici\u00f3n"},"content":{"rendered":"\n<p><strong>Ricardo Ch\u00faa<br><\/strong><em>Sale y Vale<\/em><\/p>\n\n\n\n<p>2024 EN VERACRUZ, LA LUCHA SIGUE\u2026 En Veracruz nadie tiene duda dentro del partido MORENA\u2026 Que el candidato a gobernador por este partido en 2024 para sustituir a Cuitl\u00e1huac Garc\u00eda Jim\u00e9nez, ser\u00e1 el personaje que DECIDA el pr\u00f3ximo candidato Presidencial de este organismo pol\u00edtico\u2026 Quiz\u00e1s, con PREVIO ACUERDO con el entonces Presidente saliente, Andr\u00e9s Manuel L\u00f3pez Obrador\u2026 Ah\u00ed es donde puede haber \u00abfricci\u00f3n\u00bb\u2026 Pero nada que no puedan arreglar con negociaciones\u2026 Ese es el escenario de los Morenos\u2026.<\/p>\n\n\n\n<div class=\"wp-block-image\"><figure class=\"alignleft size-large\"><a href=\"http:\/\/www.lospoliticosveracruz.com.mx\/wp-content\/uploads\/2021\/08\/WhatsApp-Image-2021-08-02-at-12.46.36.jpeg\"><img decoding=\"async\" src=\"http:\/\/www.lospoliticosveracruz.com.mx\/wp-content\/uploads\/2021\/08\/WhatsApp-Image-2021-08-02-at-12.46.36.jpeg\" alt=\"\" class=\"wp-image-77480\"\/><\/a><\/figure><\/div>\n\n\n\n<p><br>As\u00ed que para entonces las cosas estar\u00e1n m\u00e1s claras: Si Marcelo Ebrard es el candidato presidencial de MORENA, se puede especular que Roc\u00edo Nahle, no ser\u00e1 la aspirante a gobernador de Veracruz\u2026 Nahle podr\u00eda ser llegar a esa candidatura, sin problema alguno, siempre y cuando la Presidenciable sea Claudia Sheinbaum\u2026 De otra forma podr\u00eda armarse un conflicto al interior de este partido pol\u00edtico en el Estado\u2026 Esas son las posibilidades\u2026<br>Ya que si SE AFERRAN a que Roc\u00edo Nahle sea la candidata a gobernador en Veracruz.. En contra de todos los dem\u00e1s actores\u2026 En \u00abjarochilandia\u00bb se puede presentar un escenario similar, al que vivi\u00f3 en Nuevo Le\u00f3n, Clara Luz Flores, que perdi\u00f3 la elecci\u00f3n y termino en tercer lugar el pasado 6 de junio\u2026 Y, nos dicen, los que saben de Ciencia Pol\u00edtica, que es en esta situaci\u00f3n donde Ricardo Ahued, si es \u00abtocado\u00bb, por otras fuerzas distintas a MORENA, se puede ser la v\u00eda de los partidos de oposici\u00f3n en la entidad\u2026<br>De esa manera, Ahued se puede \u00abconvertir\u00bb en el Samuel Garc\u00eda o Ricardo \u00abEl Pollo\u00bb Gallardo de Veracruz\u2026. Por eso, dicen que el propio alcalde electo de Xalapa, ha sido \u00abtentado\u00bb por Movimiento Ciudadano para que en caso de que no se le den las condiciones en MORENA\u2026 Ac\u00e1 \u00e9l tenga una opci\u00f3n\u2026 Ya que se est\u00e1 moviendo la versi\u00f3n de que con Ricardo Ahued, es la \u00fanica manera que la oposici\u00f3n puede ir unida en Veracruz y ganarle el gobierno estatal a los Morenos\u2026<br>Esto debido a que la candidatura a gobernador en 2024 del senador con licencia\u2026 Es la \u00fanica forma por la cual, MORENA se \u00abpartir\u00eda\u00bb en dos, ya que el \u00abRey del Pl\u00e1stico\u00bb tiene capital pol\u00edtico propio\u2026 Que no lo tiene ni Nahle, ni Eric Cisneros, ni Zenyazen\u2026 Nadie del gabinete estatal tiene esa \u00abestrella\u00bb como la tiene el alcalde con licencia, sin la necesidad de recurrir a la figura de Andr\u00e9s Manuel L\u00f3pez Obrador\u2026 Ya que como va a la oposici\u00f3n no tiene de otra\u2026<br>Seg\u00fan los pocos analistas pol\u00edticos que trabajan para MORENA en Veracruz\u2026 Presentan el siguiente escenario\u2026 Ricardo Ahued ser\u00eda \u00e9l \u00fanico de unir Marl\u00f3n, Juan Manuel D\u00edez, PepeYu, El T\u00edo H\u00e9ctor y los \u00abCirilos\u00bb del PRI\u2026 Incluso podr\u00eda unir a Los Yunes Azules junto con \u00abEl Chapito\u00bb Guzm\u00e1n y los Rementeria, del PAN\u2026 Dante Delgado y al MC\u2026 A los Herviz y Los Cadena del PRD\u2026 Ya que lograr unir estas fuerzas, tendr\u00eda todo para \u00abpartiselas\u00bb a los Morenos y quitarles el Palacio de Gobierno\u2026<br>Los argumentos que han dado estos analistas a algunos secretarios de despacho de Cuitl\u00e1huac Garc\u00eda, es que este escenario es probable porque Ahued conoce a los priistas\u2026 Transita con los panistas (\u00e9l iba a ser del PAN) y con los perredistas siempre ha trabajado como alcalde o empresario de Xalapa\u2026 Cuando gobernaron el municipio\u2026 Ricardo Ahued fue uno de sus proveedores de estos negocios\u2026 Esa es la GRAN VENTAJA que tiene, si es que la oposici\u00f3n, lo convence\u2026<br>Adem\u00e1s estos personajes, les han dicho a funcionarios cercanos a Cuitl\u00e1huac\u2026 Que el escenario puede \u00abpintar\u00bb a\u00fan menos halagador porque Ahued podr\u00eda ser visto como la \u00fanica v\u00eda de alternancia real, si la sociedad se cansa de MORENA en 2024\u2026 Pero siempre y cuando vaya por la oposici\u00f3n\u2026 Puede unificar y reconciliar al pueblo veracruzano, despu\u00e9s de lo que se ha visto con la clase pol\u00edtica actual que gobierna en Palacio de Gobierno\u2026<br>Lo anterior lo especifican porque la sociedad lo ver\u00eda como la ALTERNANCIA REAL, lejos de cualquier partido, como persona, por lo que representa y simboliza\u2026 Adem\u00e1s de que la gente lo ve como un personaje que le podr\u00eda traer paz, calma y tranquilidad al pueblo veracruzano\u2026 Dejando atr\u00e1s las confrontaciones de todos los grupos pol\u00edticos, que tanto da\u00f1o le han hecho al Estado, no s\u00f3lo la clase pol\u00edtica actual sino las dos anteriores que gobernaron Veracruz\u2026<br>Todo esto se puede presentar porque Ricardo Ahued, adem\u00e1s no tiene fama de ser un personaje que confronta, sino de un hombre de trabajo\u2026 Adem\u00e1s, lo dicho por estos analistas, es que el GRAVE PELIGRO que corre MORENA, es que el crecimiento personal y pol\u00edtico de Ahued puede presentarse en estos tiempos de la 4T y que si decide irse con la OPOSICI\u00d3N para el \u00abRey del Pl\u00e1stico\u00bb, esta acci\u00f3n, no ser\u00eda una TRAICI\u00d3N porque lejos de cualquier cosa, \u00e9l es un ser humano que tiene \u00abMEMORIA\u00bb\u2026 Y, ah\u00ed, es donde se \u00abjoden\u00bb los Morenos\u2026<br>Ricardo Ahued debe tener \u00abregistrado\u00bb todo el da\u00f1o que le han causado y como lo han querido \u00ablastimar\u00bb pol\u00edticamente desde que lleg\u00f3 a ese partido en 2017 en Veracruz\u2026 Sobre todo los altos funcionarios del gobierno de Cuitl\u00e1huac Garc\u00eda\u2026 Buscando siempre da\u00f1arlo, al cerrarle las puertas de Palacio de Gobierno y tratar de \u00abdescarrilar\u00bb su carrera pol\u00edtica en cualquier proceso o aspiraci\u00f3n personal que tenga\u2026 Y lo han hecho desde que \u00e9l lleg\u00f3 al Senado o dentro de la funci\u00f3n p\u00fablica federal\u2026 Y eso, NO SE OLVIDA\u2026<br>Tambi\u00e9n tiene presente que este gobierno de la 4T en Veracruz\u2026 No le ha cumplido nada\u2026 Ya que ese es el principal problema de este gobierno, la falta de compromiso con las personas que los han ayudado tener y retener el poder y que ellos est\u00e9n gobernando la entidad\u2026 Quiz\u00e1s en un futuro no muy lejano, todo esto salga a relucir y Ahued no termine siendo alcalde de MORENA\u2026 Pronto se sabr\u00e1, con la integraci\u00f3n de su gabinete municipal\u2026 Ahued es m\u00e1s peligroso afuera, que adentro, eso dicen los analistas de MORENA\u2026 \u00bfSER\u00c1?\u2026 TAN\u2026 TAN\u2026<\/p>\n","protected":false},"excerpt":{"rendered":"<p>Ricardo Ch\u00faaSale y Vale 2024 EN VERACRUZ, LA LUCHA SIGUE\u2026 En Veracruz nadie tiene duda dentro del partido MORENA\u2026 Que el candidato a gobernador por este partido en 2024 para sustituir a Cuitl\u00e1huac Garc\u00eda Jim\u00e9nez, ser\u00e1 el personaje que DECIDA el pr\u00f3ximo candidato Presidencial de este organismo pol\u00edtico\u2026 Quiz\u00e1s, con PREVIO ACUERDO con el entonces [&hellip;]<\/p>\n","protected":false},"author":2,"featured_media":0,"comment_status":"closed","ping_status":"closed","sticky":false,"template":"","format":"standard","meta":{"tdm_status":"","tdm_grid_status":"","footnotes":""},"categories":[70],"tags":[618,1563,12686,1640,1026,29907,876,13604,3578],"class_list":{"0":"post-78213","1":"post","2":"type-post","3":"status-publish","4":"format-standard","6":"category-de-opinion","7":"tag-andres-manuel-lopez-obrador","8":"tag-cuitlahuac-garcia-jimenez","9":"tag-eric-cisneros","10":"tag-juan-manuel-diez-francos","11":"tag-morena","12":"tag-ricardo-el-pollo-gallardo","13":"tag-ricardo-ahued","14":"tag-ricardo-chua","15":"tag-rocio-nahle"},"yoast_head":"<!-- This site is optimized with the Yoast SEO plugin v27.4 - https:\/\/yoast.com\/product\/yoast-seo-wordpress\/ -->\n<title>Ahued, el mes\u00edas de la oposici\u00f3n - Los pol\u00edticos Veracruz<\/title>\n<meta name=\"robots\" content=\"index, follow, max-snippet:-1, max-image-preview:large, max-video-preview:-1\" \/>\n<link rel=\"canonical\" href=\"https:\/\/lospoliticosveracruz.com\/?p=78213\" \/>\n<meta property=\"og:locale\" content=\"es_ES\" \/>\n<meta property=\"og:type\" content=\"article\" \/>\n<meta property=\"og:title\" content=\"Ahued, el mes\u00edas de la oposici\u00f3n - Los pol\u00edticos Veracruz\" \/>\n<meta property=\"og:description\" content=\"Ricardo Ch\u00faaSale y Vale 2024 EN VERACRUZ, LA LUCHA SIGUE\u2026 En Veracruz nadie tiene duda dentro del partido MORENA\u2026 Que el candidato a gobernador por este partido en 2024 para sustituir a Cuitl\u00e1huac Garc\u00eda Jim\u00e9nez, ser\u00e1 el personaje que DECIDA el pr\u00f3ximo candidato Presidencial de este organismo pol\u00edtico\u2026 Quiz\u00e1s, con PREVIO ACUERDO con el entonces [&hellip;]\" \/>\n<meta property=\"og:url\" content=\"https:\/\/lospoliticosveracruz.com\/?p=78213\" \/>\n<meta property=\"og:site_name\" content=\"Los pol\u00edticos Veracruz\" \/>\n<meta property=\"article:publisher\" content=\"https:\/\/www.facebook.com\/people\/Notimemes-de-los-Polticos\/61565672886568\/\" \/>\n<meta property=\"article:published_time\" content=\"2021-08-18T13:08:21+00:00\" \/>\n<meta property=\"article:modified_time\" content=\"2021-08-18T13:08:26+00:00\" \/>\n<meta property=\"og:image\" content=\"http:\/\/www.lospoliticosveracruz.com.mx\/wp-content\/uploads\/2021\/08\/WhatsApp-Image-2021-08-02-at-12.46.36.jpeg\" \/>\n<meta name=\"author\" content=\"Lo viste en Los Pol\u00edticos\" \/>\n<meta name=\"twitter:card\" content=\"summary_large_image\" \/>\n<meta name=\"twitter:creator\" content=\"@LosPoliticosVer\" \/>\n<meta name=\"twitter:site\" content=\"@LosPoliticosVer\" \/>\n<meta name=\"twitter:label1\" content=\"Escrito por\" \/>\n\t<meta name=\"twitter:data1\" content=\"Lo viste en Los Pol\u00edticos\" \/>\n\t<meta name=\"twitter:label2\" content=\"Tiempo de lectura\" \/>\n\t<meta name=\"twitter:data2\" content=\"5 minutos\" \/>\n<script type=\"application\/ld+json\" class=\"yoast-schema-graph\">{\"@context\":\"https:\\\/\\\/schema.org\",\"@graph\":[{\"@type\":\"Article\",\"@id\":\"https:\\\/\\\/lospoliticosveracruz.com\\\/?p=78213#article\",\"isPartOf\":{\"@id\":\"https:\\\/\\\/lospoliticosveracruz.com\\\/?p=78213\"},\"author\":{\"name\":\"Lo viste en Los Pol\u00edticos\",\"@id\":\"https:\\\/\\\/lospoliticosveracruz.com\\\/#\\\/schema\\\/person\\\/b8702bb0e538456e6efd07080bf2a4a2\"},\"headline\":\"Ahued, el mes\u00edas de la oposici\u00f3n\",\"datePublished\":\"2021-08-18T13:08:21+00:00\",\"dateModified\":\"2021-08-18T13:08:26+00:00\",\"mainEntityOfPage\":{\"@id\":\"https:\\\/\\\/lospoliticosveracruz.com\\\/?p=78213\"},\"wordCount\":1091,\"publisher\":{\"@id\":\"https:\\\/\\\/lospoliticosveracruz.com\\\/#organization\"},\"image\":{\"@id\":\"https:\\\/\\\/lospoliticosveracruz.com\\\/?p=78213#primaryimage\"},\"thumbnailUrl\":\"http:\\\/\\\/www.lospoliticosveracruz.com.mx\\\/wp-content\\\/uploads\\\/2021\\\/08\\\/WhatsApp-Image-2021-08-02-at-12.46.36.jpeg\",\"keywords\":[\"Andr\u00e9s Manuel L\u00f3pez Obrador\",\"Cuitl\u00e1huac Garc\u00eda Jim\u00e9nez\",\"Eric Cisneros\",\"Juan Manuel Diez Francos\",\"Morena\",\"Ricardo &quot;El Pollo&quot; Gallardo\",\"Ricardo Ahued\",\"Ricardo Ch\u00faa\",\"Roc\u00edo Nahle\"],\"articleSection\":[\"De Opini\u00f3n\"],\"inLanguage\":\"es\"},{\"@type\":\"WebPage\",\"@id\":\"https:\\\/\\\/lospoliticosveracruz.com\\\/?p=78213\",\"url\":\"https:\\\/\\\/lospoliticosveracruz.com\\\/?p=78213\",\"name\":\"Ahued, el mes\u00edas de la oposici\u00f3n - Los pol\u00edticos Veracruz\",\"isPartOf\":{\"@id\":\"https:\\\/\\\/lospoliticosveracruz.com\\\/#website\"},\"primaryImageOfPage\":{\"@id\":\"https:\\\/\\\/lospoliticosveracruz.com\\\/?p=78213#primaryimage\"},\"image\":{\"@id\":\"https:\\\/\\\/lospoliticosveracruz.com\\\/?p=78213#primaryimage\"},\"thumbnailUrl\":\"http:\\\/\\\/www.lospoliticosveracruz.com.mx\\\/wp-content\\\/uploads\\\/2021\\\/08\\\/WhatsApp-Image-2021-08-02-at-12.46.36.jpeg\",\"datePublished\":\"2021-08-18T13:08:21+00:00\",\"dateModified\":\"2021-08-18T13:08:26+00:00\",\"breadcrumb\":{\"@id\":\"https:\\\/\\\/lospoliticosveracruz.com\\\/?p=78213#breadcrumb\"},\"inLanguage\":\"es\",\"potentialAction\":[{\"@type\":\"ReadAction\",\"target\":[\"https:\\\/\\\/lospoliticosveracruz.com\\\/?p=78213\"]}]},{\"@type\":\"ImageObject\",\"inLanguage\":\"es\",\"@id\":\"https:\\\/\\\/lospoliticosveracruz.com\\\/?p=78213#primaryimage\",\"url\":\"http:\\\/\\\/www.lospoliticosveracruz.com.mx\\\/wp-content\\\/uploads\\\/2021\\\/08\\\/WhatsApp-Image-2021-08-02-at-12.46.36.jpeg\",\"contentUrl\":\"http:\\\/\\\/www.lospoliticosveracruz.com.mx\\\/wp-content\\\/uploads\\\/2021\\\/08\\\/WhatsApp-Image-2021-08-02-at-12.46.36.jpeg\"},{\"@type\":\"BreadcrumbList\",\"@id\":\"https:\\\/\\\/lospoliticosveracruz.com\\\/?p=78213#breadcrumb\",\"itemListElement\":[{\"@type\":\"ListItem\",\"position\":1,\"name\":\"Portada\",\"item\":\"https:\\\/\\\/lospoliticosveracruz.com\\\/\"},{\"@type\":\"ListItem\",\"position\":2,\"name\":\"Ahued, el mes\u00edas de la oposici\u00f3n\"}]},{\"@type\":\"WebSite\",\"@id\":\"https:\\\/\\\/lospoliticosveracruz.com\\\/#website\",\"url\":\"https:\\\/\\\/lospoliticosveracruz.com\\\/\",\"name\":\"Los pol\u00edticos Veracruz\",\"description\":\"\",\"publisher\":{\"@id\":\"https:\\\/\\\/lospoliticosveracruz.com\\\/#organization\"},\"potentialAction\":[{\"@type\":\"SearchAction\",\"target\":{\"@type\":\"EntryPoint\",\"urlTemplate\":\"https:\\\/\\\/lospoliticosveracruz.com\\\/?s={search_term_string}\"},\"query-input\":{\"@type\":\"PropertyValueSpecification\",\"valueRequired\":true,\"valueName\":\"search_term_string\"}}],\"inLanguage\":\"es\"},{\"@type\":\"Organization\",\"@id\":\"https:\\\/\\\/lospoliticosveracruz.com\\\/#organization\",\"name\":\"Los pol\u00edticos Veracruz\",\"url\":\"https:\\\/\\\/lospoliticosveracruz.com\\\/\",\"logo\":{\"@type\":\"ImageObject\",\"inLanguage\":\"es\",\"@id\":\"https:\\\/\\\/lospoliticosveracruz.com\\\/#\\\/schema\\\/logo\\\/image\\\/\",\"url\":\"https:\\\/\\\/lospoliticosveracruz.com\\\/wp-content\\\/uploads\\\/2025\\\/12\\\/Logo-Nuevo-LOS-POLITICOS-1.jpg\",\"contentUrl\":\"https:\\\/\\\/lospoliticosveracruz.com\\\/wp-content\\\/uploads\\\/2025\\\/12\\\/Logo-Nuevo-LOS-POLITICOS-1.jpg\",\"width\":260,\"height\":70,\"caption\":\"Los pol\u00edticos Veracruz\"},\"image\":{\"@id\":\"https:\\\/\\\/lospoliticosveracruz.com\\\/#\\\/schema\\\/logo\\\/image\\\/\"},\"sameAs\":[\"https:\\\/\\\/www.facebook.com\\\/people\\\/Notimemes-de-los-Polticos\\\/61565672886568\\\/\",\"https:\\\/\\\/x.com\\\/LosPoliticosVer\"]},{\"@type\":\"Person\",\"@id\":\"https:\\\/\\\/lospoliticosveracruz.com\\\/#\\\/schema\\\/person\\\/b8702bb0e538456e6efd07080bf2a4a2\",\"name\":\"Lo viste en Los Pol\u00edticos\",\"image\":{\"@type\":\"ImageObject\",\"inLanguage\":\"es\",\"@id\":\"https:\\\/\\\/secure.gravatar.com\\\/avatar\\\/3a8de04a2656d44082be478bd6c086daa447c4651605818287b9532d3d0bd435?s=96&d=mm&r=g\",\"url\":\"https:\\\/\\\/secure.gravatar.com\\\/avatar\\\/3a8de04a2656d44082be478bd6c086daa447c4651605818287b9532d3d0bd435?s=96&d=mm&r=g\",\"contentUrl\":\"https:\\\/\\\/secure.gravatar.com\\\/avatar\\\/3a8de04a2656d44082be478bd6c086daa447c4651605818287b9532d3d0bd435?s=96&d=mm&r=g\",\"caption\":\"Lo viste en Los Pol\u00edticos\"},\"url\":\"https:\\\/\\\/lospoliticosveracruz.com\\\/?author=2\"}]}<\/script>\n<!-- \/ Yoast SEO plugin. -->","yoast_head_json":{"title":"Ahued, el mes\u00edas de la oposici\u00f3n - Los pol\u00edticos Veracruz","robots":{"index":"index","follow":"follow","max-snippet":"max-snippet:-1","max-image-preview":"max-image-preview:large","max-video-preview":"max-video-preview:-1"},"canonical":"https:\/\/lospoliticosveracruz.com\/?p=78213","og_locale":"es_ES","og_type":"article","og_title":"Ahued, el mes\u00edas de la oposici\u00f3n - Los pol\u00edticos Veracruz","og_description":"Ricardo Ch\u00faaSale y Vale 2024 EN VERACRUZ, LA LUCHA SIGUE\u2026 En Veracruz nadie tiene duda dentro del partido MORENA\u2026 Que el candidato a gobernador por este partido en 2024 para sustituir a Cuitl\u00e1huac Garc\u00eda Jim\u00e9nez, ser\u00e1 el personaje que DECIDA el pr\u00f3ximo candidato Presidencial de este organismo pol\u00edtico\u2026 Quiz\u00e1s, con PREVIO ACUERDO con el entonces [&hellip;]","og_url":"https:\/\/lospoliticosveracruz.com\/?p=78213","og_site_name":"Los pol\u00edticos Veracruz","article_publisher":"https:\/\/www.facebook.com\/people\/Notimemes-de-los-Polticos\/61565672886568\/","article_published_time":"2021-08-18T13:08:21+00:00","article_modified_time":"2021-08-18T13:08:26+00:00","og_image":[{"url":"http:\/\/www.lospoliticosveracruz.com.mx\/wp-content\/uploads\/2021\/08\/WhatsApp-Image-2021-08-02-at-12.46.36.jpeg","type":"","width":"","height":""}],"author":"Lo viste en Los Pol\u00edticos","twitter_card":"summary_large_image","twitter_creator":"@LosPoliticosVer","twitter_site":"@LosPoliticosVer","twitter_misc":{"Escrito por":"Lo viste en Los Pol\u00edticos","Tiempo de lectura":"5 minutos"},"schema":{"@context":"https:\/\/schema.org","@graph":[{"@type":"Article","@id":"https:\/\/lospoliticosveracruz.com\/?p=78213#article","isPartOf":{"@id":"https:\/\/lospoliticosveracruz.com\/?p=78213"},"author":{"name":"Lo viste en Los Pol\u00edticos","@id":"https:\/\/lospoliticosveracruz.com\/#\/schema\/person\/b8702bb0e538456e6efd07080bf2a4a2"},"headline":"Ahued, el mes\u00edas de la oposici\u00f3n","datePublished":"2021-08-18T13:08:21+00:00","dateModified":"2021-08-18T13:08:26+00:00","mainEntityOfPage":{"@id":"https:\/\/lospoliticosveracruz.com\/?p=78213"},"wordCount":1091,"publisher":{"@id":"https:\/\/lospoliticosveracruz.com\/#organization"},"image":{"@id":"https:\/\/lospoliticosveracruz.com\/?p=78213#primaryimage"},"thumbnailUrl":"http:\/\/www.lospoliticosveracruz.com.mx\/wp-content\/uploads\/2021\/08\/WhatsApp-Image-2021-08-02-at-12.46.36.jpeg","keywords":["Andr\u00e9s Manuel L\u00f3pez Obrador","Cuitl\u00e1huac Garc\u00eda Jim\u00e9nez","Eric Cisneros","Juan Manuel Diez Francos","Morena","Ricardo &quot;El Pollo&quot; Gallardo","Ricardo Ahued","Ricardo Ch\u00faa","Roc\u00edo Nahle"],"articleSection":["De Opini\u00f3n"],"inLanguage":"es"},{"@type":"WebPage","@id":"https:\/\/lospoliticosveracruz.com\/?p=78213","url":"https:\/\/lospoliticosveracruz.com\/?p=78213","name":"Ahued, el mes\u00edas de la oposici\u00f3n - Los pol\u00edticos Veracruz","isPartOf":{"@id":"https:\/\/lospoliticosveracruz.com\/#website"},"primaryImageOfPage":{"@id":"https:\/\/lospoliticosveracruz.com\/?p=78213#primaryimage"},"image":{"@id":"https:\/\/lospoliticosveracruz.com\/?p=78213#primaryimage"},"thumbnailUrl":"http:\/\/www.lospoliticosveracruz.com.mx\/wp-content\/uploads\/2021\/08\/WhatsApp-Image-2021-08-02-at-12.46.36.jpeg","datePublished":"2021-08-18T13:08:21+00:00","dateModified":"2021-08-18T13:08:26+00:00","breadcrumb":{"@id":"https:\/\/lospoliticosveracruz.com\/?p=78213#breadcrumb"},"inLanguage":"es","potentialAction":[{"@type":"ReadAction","target":["https:\/\/lospoliticosveracruz.com\/?p=78213"]}]},{"@type":"ImageObject","inLanguage":"es","@id":"https:\/\/lospoliticosveracruz.com\/?p=78213#primaryimage","url":"http:\/\/www.lospoliticosveracruz.com.mx\/wp-content\/uploads\/2021\/08\/WhatsApp-Image-2021-08-02-at-12.46.36.jpeg","contentUrl":"http:\/\/www.lospoliticosveracruz.com.mx\/wp-content\/uploads\/2021\/08\/WhatsApp-Image-2021-08-02-at-12.46.36.jpeg"},{"@type":"BreadcrumbList","@id":"https:\/\/lospoliticosveracruz.com\/?p=78213#breadcrumb","itemListElement":[{"@type":"ListItem","position":1,"name":"Portada","item":"https:\/\/lospoliticosveracruz.com\/"},{"@type":"ListItem","position":2,"name":"Ahued, el mes\u00edas de la oposici\u00f3n"}]},{"@type":"WebSite","@id":"https:\/\/lospoliticosveracruz.com\/#website","url":"https:\/\/lospoliticosveracruz.com\/","name":"Los pol\u00edticos Veracruz","description":"","publisher":{"@id":"https:\/\/lospoliticosveracruz.com\/#organization"},"potentialAction":[{"@type":"SearchAction","target":{"@type":"EntryPoint","urlTemplate":"https:\/\/lospoliticosveracruz.com\/?s={search_term_string}"},"query-input":{"@type":"PropertyValueSpecification","valueRequired":true,"valueName":"search_term_string"}}],"inLanguage":"es"},{"@type":"Organization","@id":"https:\/\/lospoliticosveracruz.com\/#organization","name":"Los pol\u00edticos Veracruz","url":"https:\/\/lospoliticosveracruz.com\/","logo":{"@type":"ImageObject","inLanguage":"es","@id":"https:\/\/lospoliticosveracruz.com\/#\/schema\/logo\/image\/","url":"https:\/\/lospoliticosveracruz.com\/wp-content\/uploads\/2025\/12\/Logo-Nuevo-LOS-POLITICOS-1.jpg","contentUrl":"https:\/\/lospoliticosveracruz.com\/wp-content\/uploads\/2025\/12\/Logo-Nuevo-LOS-POLITICOS-1.jpg","width":260,"height":70,"caption":"Los pol\u00edticos Veracruz"},"image":{"@id":"https:\/\/lospoliticosveracruz.com\/#\/schema\/logo\/image\/"},"sameAs":["https:\/\/www.facebook.com\/people\/Notimemes-de-los-Polticos\/61565672886568\/","https:\/\/x.com\/LosPoliticosVer"]},{"@type":"Person","@id":"https:\/\/lospoliticosveracruz.com\/#\/schema\/person\/b8702bb0e538456e6efd07080bf2a4a2","name":"Lo viste en Los Pol\u00edticos","image":{"@type":"ImageObject","inLanguage":"es","@id":"https:\/\/secure.gravatar.com\/avatar\/3a8de04a2656d44082be478bd6c086daa447c4651605818287b9532d3d0bd435?s=96&d=mm&r=g","url":"https:\/\/secure.gravatar.com\/avatar\/3a8de04a2656d44082be478bd6c086daa447c4651605818287b9532d3d0bd435?s=96&d=mm&r=g","contentUrl":"https:\/\/secure.gravatar.com\/avatar\/3a8de04a2656d44082be478bd6c086daa447c4651605818287b9532d3d0bd435?s=96&d=mm&r=g","caption":"Lo viste en Los Pol\u00edticos"},"url":"https:\/\/lospoliticosveracruz.com\/?author=2"}]}},"_links":{"self":[{"href":"https:\/\/lospoliticosveracruz.com\/index.php?rest_route=\/wp\/v2\/posts\/78213","targetHints":{"allow":["GET"]}}],"collection":[{"href":"https:\/\/lospoliticosveracruz.com\/index.php?rest_route=\/wp\/v2\/posts"}],"about":[{"href":"https:\/\/lospoliticosveracruz.com\/index.php?rest_route=\/wp\/v2\/types\/post"}],"author":[{"embeddable":true,"href":"https:\/\/lospoliticosveracruz.com\/index.php?rest_route=\/wp\/v2\/users\/2"}],"replies":[{"embeddable":true,"href":"https:\/\/lospoliticosveracruz.com\/index.php?rest_route=%2Fwp%2Fv2%2Fcomments&post=78213"}],"version-history":[{"count":1,"href":"https:\/\/lospoliticosveracruz.com\/index.php?rest_route=\/wp\/v2\/posts\/78213\/revisions"}],"predecessor-version":[{"id":78214,"href":"https:\/\/lospoliticosveracruz.com\/index.php?rest_route=\/wp\/v2\/posts\/78213\/revisions\/78214"}],"wp:attachment":[{"href":"https:\/\/lospoliticosveracruz.com\/index.php?rest_route=%2Fwp%2Fv2%2Fmedia&parent=78213"}],"wp:term":[{"taxonomy":"category","embeddable":true,"href":"https:\/\/lospoliticosveracruz.com\/index.php?rest_route=%2Fwp%2Fv2%2Fcategories&post=78213"},{"taxonomy":"post_tag","embeddable":true,"href":"https:\/\/lospoliticosveracruz.com\/index.php?rest_route=%2Fwp%2Fv2%2Ftags&post=78213"}],"curies":[{"name":"wp","href":"https:\/\/api.w.org\/{rel}","templated":true}]}}