{"id":78228,"date":"2021-08-18T11:21:19","date_gmt":"2021-08-18T16:21:19","guid":{"rendered":"http:\/\/www.lospoliticosveracruz.com.mx\/?p=78228"},"modified":"2021-08-18T11:21:23","modified_gmt":"2021-08-18T16:21:23","slug":"covid-19-el-caos","status":"publish","type":"post","link":"https:\/\/lospoliticosveracruz.com\/?p=78228","title":{"rendered":"Covid-19, el caos"},"content":{"rendered":"\n<p><strong>Ignacio Alvarez<\/strong><\/p>\n\n\n\n<p><em>Pluma Negra<br><\/em><\/p>\n\n\n\n<p>En un verdadero caos se ha convertido la propagaci\u00f3n de la pandemia del Covid-19, cada hora cobra la vida de al menos tres o cuatro personas en Veracruz, el \u00faltimo reporte oficial fue de 82 muertos en 24 horas, el caso sobresaliente el fallecimiento del alcalde electo del municipio de Maltrata en las Altas Monta\u00f1as de apenas 40 a\u00f1os de edad, Leopoldo G\u00f3mez Corona, odont\u00f3logo de profesi\u00f3n.<\/p>\n\n\n\n<div class=\"wp-block-image\"><figure class=\"alignleft size-large is-resized\"><a href=\"http:\/\/www.lospoliticosveracruz.com.mx\/wp-content\/uploads\/2021\/08\/Varadero.jpg\"><img loading=\"lazy\" decoding=\"async\" src=\"http:\/\/www.lospoliticosveracruz.com.mx\/wp-content\/uploads\/2021\/08\/Varadero-576x1024.jpg\" alt=\"\" class=\"wp-image-78147\" width=\"288\" height=\"512\"\/><\/a><\/figure><\/div>\n\n\n\n<p><br>La gravedad se refleja en las estad\u00edsticas oficiales de las autoridades que consignan a 131 municipios con intensidad M\u00e1xima del virus, 74 con Alta, s\u00f3lo siete con intensidad media y ninguno en bajo riesgo, es decir, todos los municipios est\u00e1n en un nivel de riesgo de medio hacia arriba.<br>El Covid lleva un r\u00e9cord de morbilidad y mortalidad nunca antes visto en Veracruz, las medidas sanitarias parecen insuficientes para la contenci\u00f3n de los contagios y las estad\u00edsticas dan cuenta de que los vacunados tambi\u00e9n son v\u00edctima de la contaminaci\u00f3n y en algunos casos de la muerte por esa causa.<br>Hasta ahora la cifra de muertos oficiales por esta enfermedad escala a m\u00e1s de 11 mil 300 personas de todas las edades, el contagio se propaga entre la poblaci\u00f3n productiva de 30 a 50 a\u00f1os de edad.<\/p>\n\n\n\n<p><strong>Grace lo que faltaba<\/strong><\/p>\n\n\n\n<p>Y por si fueran pocos los problemas de salud p\u00fablica con el Covid-19, el dengue y las tormentas pol\u00edticas, en el radar meteorol\u00f3gico est\u00e1 a la vista el fen\u00f3meno Grace que de sostener su avance en la misma l\u00ednea, estar\u00eda impactando en la zona norte del estado de Veracruz este fin de semana en calidad de Hurac\u00e1n Categor\u00eda 1 o 2.<br>El Centro de Estudios y Pron\u00f3stico Meteorol\u00f3gico de la Secretar\u00eda de Protecci\u00f3n Civil estima que el jueves a las 3 am \u00abGrace\u00bb impacte la Costa Central de Quintana Roo como hurac\u00e1n categor\u00eda 1, salga de la pen\u00ednsula al medio d\u00eda y se dirija a Veracruz el s\u00e1bado como a las 2:00 am.<br>El evento podr\u00eda llegar a territorio veracruzano con vientos m\u00e1ximos sostenidos de 140 km\/h con rachas de 160 a 170 km\/h, muy cercano a hurac\u00e1n categor\u00eda 2.<\/p>\n\n\n\n<p><strong>Da Vince en Veracruz<\/strong><\/p>\n\n\n\n<p>La obra del pintor italiano, Leonardo Da Vince, fuente de inspiraci\u00f3n de escritores, poetas, pol\u00edticos, fil\u00f3sofos, urbanistas y m\u00fasicos, estar\u00e1 en el Museo de la Ciudad de Veracruz tra\u00edda por la Asociaci\u00f3n Civil, Exposiciones Sin Fronteras, promotores de la cultura y las artes en M\u00e9xico.<br>Todav\u00eda dentro de los festejos de los 500 a\u00f1os de su muerte en el 2019, la gira de la exposici\u00f3n que ya estuvo en ciudades como Guadalajara, Monterrey, Queretaro y la Ciudad de M\u00e9xico, ya se monta en el Museo Local del Puerto y se abrir\u00e1 del 23 de abril al 23 de diciembre, con las medidas sanitarias de rigor en la temporada de pandemia.<br>La exposici\u00f3n de Da Vinci es titulada, \u00abEl Genio\u00bb, cuenta con 43 obras, que van desde maquinas que invent\u00f3 el maestro Leonardo Da Vinci, hasta las pinturas m\u00e1s importantes como La Mona Lisa, La \u00daltima Cena, El Bautismo de Cristo, las maquinas basadas en aleteo, las maquinas de trabajo, as\u00ed como inventos de guerra que el propio maestro.<br>El florentino Da Vinci es considerado uno de los m\u00e1s grandes pintores de todos los tiempos y, probablemente, la persona con el mayor n\u00famero de talentos en m\u00faltiples disciplinas que jam\u00e1s ha existido. Como ingeniero e inventor, Leonardo desarroll\u00f3 ideas muy adelantadas a su tiempo, tales como el helic\u00f3ptero, el carro de combate, el submarino y el autom\u00f3vil.<br>Aunque muy pocos de sus proyectos llegaron a construirse, entre ellos la m\u00e1quina para medir el l\u00edmite el\u00e1stico de un cable, puesto que la mayor\u00eda no eran realizables en esa \u00e9poca. Como cient\u00edfico hizo progresar mucho el conocimiento en las \u00e1reas de anatom\u00eda, la ingenier\u00eda civil, la \u00f3ptica y la hidrodin\u00e1mica.<\/p>\n","protected":false},"excerpt":{"rendered":"<p>Ignacio Alvarez Pluma Negra En un verdadero caos se ha convertido la propagaci\u00f3n de la pandemia del Covid-19, cada hora cobra la vida de al menos tres o cuatro personas en Veracruz, el \u00faltimo reporte oficial fue de 82 muertos en 24 horas, el caso sobresaliente el fallecimiento del alcalde electo del municipio de Maltrata [&hellip;]<\/p>\n","protected":false},"author":2,"featured_media":0,"comment_status":"closed","ping_status":"closed","sticky":false,"template":"","format":"standard","meta":{"tdm_status":"","tdm_grid_status":"","footnotes":""},"categories":[70],"tags":[29914,29915,29911,29916,29912,29913,195],"class_list":{"0":"post-78228","1":"post","2":"type-post","3":"status-publish","4":"format-standard","6":"category-de-opinion","7":"tag-grace","8":"tag-huracan-categoria-2","9":"tag-leonardo-da-vince","10":"tag-leopoldo-gomez-corona","11":"tag-pintor-italiano","12":"tag-radar-meteorologico","13":"tag-veracruz"},"yoast_head":"<!-- This site is optimized with the Yoast SEO plugin v27.4 - https:\/\/yoast.com\/product\/yoast-seo-wordpress\/ -->\n<title>Covid-19, el caos - Los pol\u00edticos Veracruz<\/title>\n<meta name=\"robots\" content=\"index, follow, max-snippet:-1, max-image-preview:large, max-video-preview:-1\" \/>\n<link rel=\"canonical\" href=\"https:\/\/lospoliticosveracruz.com\/?p=78228\" \/>\n<meta property=\"og:locale\" content=\"es_ES\" \/>\n<meta property=\"og:type\" content=\"article\" \/>\n<meta property=\"og:title\" content=\"Covid-19, el caos - Los pol\u00edticos Veracruz\" \/>\n<meta property=\"og:description\" content=\"Ignacio Alvarez Pluma Negra En un verdadero caos se ha convertido la propagaci\u00f3n de la pandemia del Covid-19, cada hora cobra la vida de al menos tres o cuatro personas en Veracruz, el \u00faltimo reporte oficial fue de 82 muertos en 24 horas, el caso sobresaliente el fallecimiento del alcalde electo del municipio de Maltrata [&hellip;]\" \/>\n<meta property=\"og:url\" content=\"https:\/\/lospoliticosveracruz.com\/?p=78228\" \/>\n<meta property=\"og:site_name\" content=\"Los pol\u00edticos Veracruz\" \/>\n<meta property=\"article:publisher\" content=\"https:\/\/www.facebook.com\/people\/Notimemes-de-los-Polticos\/61565672886568\/\" \/>\n<meta property=\"article:published_time\" content=\"2021-08-18T16:21:19+00:00\" \/>\n<meta property=\"article:modified_time\" content=\"2021-08-18T16:21:23+00:00\" \/>\n<meta property=\"og:image\" content=\"http:\/\/www.lospoliticosveracruz.com.mx\/wp-content\/uploads\/2021\/08\/Varadero-576x1024.jpg\" \/>\n<meta name=\"author\" content=\"Lo viste en Los Pol\u00edticos\" \/>\n<meta name=\"twitter:card\" content=\"summary_large_image\" \/>\n<meta name=\"twitter:creator\" content=\"@LosPoliticosVer\" \/>\n<meta name=\"twitter:site\" content=\"@LosPoliticosVer\" \/>\n<meta name=\"twitter:label1\" content=\"Escrito por\" \/>\n\t<meta name=\"twitter:data1\" content=\"Lo viste en Los Pol\u00edticos\" \/>\n\t<meta name=\"twitter:label2\" content=\"Tiempo de lectura\" \/>\n\t<meta name=\"twitter:data2\" content=\"3 minutos\" \/>\n<script type=\"application\/ld+json\" class=\"yoast-schema-graph\">{\"@context\":\"https:\\\/\\\/schema.org\",\"@graph\":[{\"@type\":\"Article\",\"@id\":\"https:\\\/\\\/lospoliticosveracruz.com\\\/?p=78228#article\",\"isPartOf\":{\"@id\":\"https:\\\/\\\/lospoliticosveracruz.com\\\/?p=78228\"},\"author\":{\"name\":\"Lo viste en Los Pol\u00edticos\",\"@id\":\"https:\\\/\\\/lospoliticosveracruz.com\\\/#\\\/schema\\\/person\\\/b8702bb0e538456e6efd07080bf2a4a2\"},\"headline\":\"Covid-19, el caos\",\"datePublished\":\"2021-08-18T16:21:19+00:00\",\"dateModified\":\"2021-08-18T16:21:23+00:00\",\"mainEntityOfPage\":{\"@id\":\"https:\\\/\\\/lospoliticosveracruz.com\\\/?p=78228\"},\"wordCount\":681,\"publisher\":{\"@id\":\"https:\\\/\\\/lospoliticosveracruz.com\\\/#organization\"},\"image\":{\"@id\":\"https:\\\/\\\/lospoliticosveracruz.com\\\/?p=78228#primaryimage\"},\"thumbnailUrl\":\"http:\\\/\\\/www.lospoliticosveracruz.com.mx\\\/wp-content\\\/uploads\\\/2021\\\/08\\\/Varadero-576x1024.jpg\",\"keywords\":[\"Grace\",\"hurac\u00e1n categor\u00eda 2\",\"Leonardo Da Vince\",\"Leopoldo G\u00f3mez Corona\",\"pintor italiano\",\"radar meteorol\u00f3gico\",\"Veracruz\"],\"articleSection\":[\"De Opini\u00f3n\"],\"inLanguage\":\"es\"},{\"@type\":\"WebPage\",\"@id\":\"https:\\\/\\\/lospoliticosveracruz.com\\\/?p=78228\",\"url\":\"https:\\\/\\\/lospoliticosveracruz.com\\\/?p=78228\",\"name\":\"Covid-19, el caos - Los pol\u00edticos Veracruz\",\"isPartOf\":{\"@id\":\"https:\\\/\\\/lospoliticosveracruz.com\\\/#website\"},\"primaryImageOfPage\":{\"@id\":\"https:\\\/\\\/lospoliticosveracruz.com\\\/?p=78228#primaryimage\"},\"image\":{\"@id\":\"https:\\\/\\\/lospoliticosveracruz.com\\\/?p=78228#primaryimage\"},\"thumbnailUrl\":\"http:\\\/\\\/www.lospoliticosveracruz.com.mx\\\/wp-content\\\/uploads\\\/2021\\\/08\\\/Varadero-576x1024.jpg\",\"datePublished\":\"2021-08-18T16:21:19+00:00\",\"dateModified\":\"2021-08-18T16:21:23+00:00\",\"breadcrumb\":{\"@id\":\"https:\\\/\\\/lospoliticosveracruz.com\\\/?p=78228#breadcrumb\"},\"inLanguage\":\"es\",\"potentialAction\":[{\"@type\":\"ReadAction\",\"target\":[\"https:\\\/\\\/lospoliticosveracruz.com\\\/?p=78228\"]}]},{\"@type\":\"ImageObject\",\"inLanguage\":\"es\",\"@id\":\"https:\\\/\\\/lospoliticosveracruz.com\\\/?p=78228#primaryimage\",\"url\":\"http:\\\/\\\/www.lospoliticosveracruz.com.mx\\\/wp-content\\\/uploads\\\/2021\\\/08\\\/Varadero-576x1024.jpg\",\"contentUrl\":\"http:\\\/\\\/www.lospoliticosveracruz.com.mx\\\/wp-content\\\/uploads\\\/2021\\\/08\\\/Varadero-576x1024.jpg\"},{\"@type\":\"BreadcrumbList\",\"@id\":\"https:\\\/\\\/lospoliticosveracruz.com\\\/?p=78228#breadcrumb\",\"itemListElement\":[{\"@type\":\"ListItem\",\"position\":1,\"name\":\"Portada\",\"item\":\"https:\\\/\\\/lospoliticosveracruz.com\\\/\"},{\"@type\":\"ListItem\",\"position\":2,\"name\":\"Covid-19, el caos\"}]},{\"@type\":\"WebSite\",\"@id\":\"https:\\\/\\\/lospoliticosveracruz.com\\\/#website\",\"url\":\"https:\\\/\\\/lospoliticosveracruz.com\\\/\",\"name\":\"Los pol\u00edticos Veracruz\",\"description\":\"\",\"publisher\":{\"@id\":\"https:\\\/\\\/lospoliticosveracruz.com\\\/#organization\"},\"potentialAction\":[{\"@type\":\"SearchAction\",\"target\":{\"@type\":\"EntryPoint\",\"urlTemplate\":\"https:\\\/\\\/lospoliticosveracruz.com\\\/?s={search_term_string}\"},\"query-input\":{\"@type\":\"PropertyValueSpecification\",\"valueRequired\":true,\"valueName\":\"search_term_string\"}}],\"inLanguage\":\"es\"},{\"@type\":\"Organization\",\"@id\":\"https:\\\/\\\/lospoliticosveracruz.com\\\/#organization\",\"name\":\"Los pol\u00edticos Veracruz\",\"url\":\"https:\\\/\\\/lospoliticosveracruz.com\\\/\",\"logo\":{\"@type\":\"ImageObject\",\"inLanguage\":\"es\",\"@id\":\"https:\\\/\\\/lospoliticosveracruz.com\\\/#\\\/schema\\\/logo\\\/image\\\/\",\"url\":\"https:\\\/\\\/lospoliticosveracruz.com\\\/wp-content\\\/uploads\\\/2025\\\/12\\\/Logo-Nuevo-LOS-POLITICOS-1.jpg\",\"contentUrl\":\"https:\\\/\\\/lospoliticosveracruz.com\\\/wp-content\\\/uploads\\\/2025\\\/12\\\/Logo-Nuevo-LOS-POLITICOS-1.jpg\",\"width\":260,\"height\":70,\"caption\":\"Los pol\u00edticos Veracruz\"},\"image\":{\"@id\":\"https:\\\/\\\/lospoliticosveracruz.com\\\/#\\\/schema\\\/logo\\\/image\\\/\"},\"sameAs\":[\"https:\\\/\\\/www.facebook.com\\\/people\\\/Notimemes-de-los-Polticos\\\/61565672886568\\\/\",\"https:\\\/\\\/x.com\\\/LosPoliticosVer\"]},{\"@type\":\"Person\",\"@id\":\"https:\\\/\\\/lospoliticosveracruz.com\\\/#\\\/schema\\\/person\\\/b8702bb0e538456e6efd07080bf2a4a2\",\"name\":\"Lo viste en Los Pol\u00edticos\",\"image\":{\"@type\":\"ImageObject\",\"inLanguage\":\"es\",\"@id\":\"https:\\\/\\\/secure.gravatar.com\\\/avatar\\\/3a8de04a2656d44082be478bd6c086daa447c4651605818287b9532d3d0bd435?s=96&d=mm&r=g\",\"url\":\"https:\\\/\\\/secure.gravatar.com\\\/avatar\\\/3a8de04a2656d44082be478bd6c086daa447c4651605818287b9532d3d0bd435?s=96&d=mm&r=g\",\"contentUrl\":\"https:\\\/\\\/secure.gravatar.com\\\/avatar\\\/3a8de04a2656d44082be478bd6c086daa447c4651605818287b9532d3d0bd435?s=96&d=mm&r=g\",\"caption\":\"Lo viste en Los Pol\u00edticos\"},\"url\":\"https:\\\/\\\/lospoliticosveracruz.com\\\/?author=2\"}]}<\/script>\n<!-- \/ Yoast SEO plugin. -->","yoast_head_json":{"title":"Covid-19, el caos - Los pol\u00edticos Veracruz","robots":{"index":"index","follow":"follow","max-snippet":"max-snippet:-1","max-image-preview":"max-image-preview:large","max-video-preview":"max-video-preview:-1"},"canonical":"https:\/\/lospoliticosveracruz.com\/?p=78228","og_locale":"es_ES","og_type":"article","og_title":"Covid-19, el caos - Los pol\u00edticos Veracruz","og_description":"Ignacio Alvarez Pluma Negra En un verdadero caos se ha convertido la propagaci\u00f3n de la pandemia del Covid-19, cada hora cobra la vida de al menos tres o cuatro personas en Veracruz, el \u00faltimo reporte oficial fue de 82 muertos en 24 horas, el caso sobresaliente el fallecimiento del alcalde electo del municipio de Maltrata [&hellip;]","og_url":"https:\/\/lospoliticosveracruz.com\/?p=78228","og_site_name":"Los pol\u00edticos Veracruz","article_publisher":"https:\/\/www.facebook.com\/people\/Notimemes-de-los-Polticos\/61565672886568\/","article_published_time":"2021-08-18T16:21:19+00:00","article_modified_time":"2021-08-18T16:21:23+00:00","og_image":[{"url":"http:\/\/www.lospoliticosveracruz.com.mx\/wp-content\/uploads\/2021\/08\/Varadero-576x1024.jpg","type":"","width":"","height":""}],"author":"Lo viste en Los Pol\u00edticos","twitter_card":"summary_large_image","twitter_creator":"@LosPoliticosVer","twitter_site":"@LosPoliticosVer","twitter_misc":{"Escrito por":"Lo viste en Los Pol\u00edticos","Tiempo de lectura":"3 minutos"},"schema":{"@context":"https:\/\/schema.org","@graph":[{"@type":"Article","@id":"https:\/\/lospoliticosveracruz.com\/?p=78228#article","isPartOf":{"@id":"https:\/\/lospoliticosveracruz.com\/?p=78228"},"author":{"name":"Lo viste en Los Pol\u00edticos","@id":"https:\/\/lospoliticosveracruz.com\/#\/schema\/person\/b8702bb0e538456e6efd07080bf2a4a2"},"headline":"Covid-19, el caos","datePublished":"2021-08-18T16:21:19+00:00","dateModified":"2021-08-18T16:21:23+00:00","mainEntityOfPage":{"@id":"https:\/\/lospoliticosveracruz.com\/?p=78228"},"wordCount":681,"publisher":{"@id":"https:\/\/lospoliticosveracruz.com\/#organization"},"image":{"@id":"https:\/\/lospoliticosveracruz.com\/?p=78228#primaryimage"},"thumbnailUrl":"http:\/\/www.lospoliticosveracruz.com.mx\/wp-content\/uploads\/2021\/08\/Varadero-576x1024.jpg","keywords":["Grace","hurac\u00e1n categor\u00eda 2","Leonardo Da Vince","Leopoldo G\u00f3mez Corona","pintor italiano","radar meteorol\u00f3gico","Veracruz"],"articleSection":["De Opini\u00f3n"],"inLanguage":"es"},{"@type":"WebPage","@id":"https:\/\/lospoliticosveracruz.com\/?p=78228","url":"https:\/\/lospoliticosveracruz.com\/?p=78228","name":"Covid-19, el caos - Los pol\u00edticos Veracruz","isPartOf":{"@id":"https:\/\/lospoliticosveracruz.com\/#website"},"primaryImageOfPage":{"@id":"https:\/\/lospoliticosveracruz.com\/?p=78228#primaryimage"},"image":{"@id":"https:\/\/lospoliticosveracruz.com\/?p=78228#primaryimage"},"thumbnailUrl":"http:\/\/www.lospoliticosveracruz.com.mx\/wp-content\/uploads\/2021\/08\/Varadero-576x1024.jpg","datePublished":"2021-08-18T16:21:19+00:00","dateModified":"2021-08-18T16:21:23+00:00","breadcrumb":{"@id":"https:\/\/lospoliticosveracruz.com\/?p=78228#breadcrumb"},"inLanguage":"es","potentialAction":[{"@type":"ReadAction","target":["https:\/\/lospoliticosveracruz.com\/?p=78228"]}]},{"@type":"ImageObject","inLanguage":"es","@id":"https:\/\/lospoliticosveracruz.com\/?p=78228#primaryimage","url":"http:\/\/www.lospoliticosveracruz.com.mx\/wp-content\/uploads\/2021\/08\/Varadero-576x1024.jpg","contentUrl":"http:\/\/www.lospoliticosveracruz.com.mx\/wp-content\/uploads\/2021\/08\/Varadero-576x1024.jpg"},{"@type":"BreadcrumbList","@id":"https:\/\/lospoliticosveracruz.com\/?p=78228#breadcrumb","itemListElement":[{"@type":"ListItem","position":1,"name":"Portada","item":"https:\/\/lospoliticosveracruz.com\/"},{"@type":"ListItem","position":2,"name":"Covid-19, el caos"}]},{"@type":"WebSite","@id":"https:\/\/lospoliticosveracruz.com\/#website","url":"https:\/\/lospoliticosveracruz.com\/","name":"Los pol\u00edticos Veracruz","description":"","publisher":{"@id":"https:\/\/lospoliticosveracruz.com\/#organization"},"potentialAction":[{"@type":"SearchAction","target":{"@type":"EntryPoint","urlTemplate":"https:\/\/lospoliticosveracruz.com\/?s={search_term_string}"},"query-input":{"@type":"PropertyValueSpecification","valueRequired":true,"valueName":"search_term_string"}}],"inLanguage":"es"},{"@type":"Organization","@id":"https:\/\/lospoliticosveracruz.com\/#organization","name":"Los pol\u00edticos Veracruz","url":"https:\/\/lospoliticosveracruz.com\/","logo":{"@type":"ImageObject","inLanguage":"es","@id":"https:\/\/lospoliticosveracruz.com\/#\/schema\/logo\/image\/","url":"https:\/\/lospoliticosveracruz.com\/wp-content\/uploads\/2025\/12\/Logo-Nuevo-LOS-POLITICOS-1.jpg","contentUrl":"https:\/\/lospoliticosveracruz.com\/wp-content\/uploads\/2025\/12\/Logo-Nuevo-LOS-POLITICOS-1.jpg","width":260,"height":70,"caption":"Los pol\u00edticos Veracruz"},"image":{"@id":"https:\/\/lospoliticosveracruz.com\/#\/schema\/logo\/image\/"},"sameAs":["https:\/\/www.facebook.com\/people\/Notimemes-de-los-Polticos\/61565672886568\/","https:\/\/x.com\/LosPoliticosVer"]},{"@type":"Person","@id":"https:\/\/lospoliticosveracruz.com\/#\/schema\/person\/b8702bb0e538456e6efd07080bf2a4a2","name":"Lo viste en Los Pol\u00edticos","image":{"@type":"ImageObject","inLanguage":"es","@id":"https:\/\/secure.gravatar.com\/avatar\/3a8de04a2656d44082be478bd6c086daa447c4651605818287b9532d3d0bd435?s=96&d=mm&r=g","url":"https:\/\/secure.gravatar.com\/avatar\/3a8de04a2656d44082be478bd6c086daa447c4651605818287b9532d3d0bd435?s=96&d=mm&r=g","contentUrl":"https:\/\/secure.gravatar.com\/avatar\/3a8de04a2656d44082be478bd6c086daa447c4651605818287b9532d3d0bd435?s=96&d=mm&r=g","caption":"Lo viste en Los Pol\u00edticos"},"url":"https:\/\/lospoliticosveracruz.com\/?author=2"}]}},"_links":{"self":[{"href":"https:\/\/lospoliticosveracruz.com\/index.php?rest_route=\/wp\/v2\/posts\/78228","targetHints":{"allow":["GET"]}}],"collection":[{"href":"https:\/\/lospoliticosveracruz.com\/index.php?rest_route=\/wp\/v2\/posts"}],"about":[{"href":"https:\/\/lospoliticosveracruz.com\/index.php?rest_route=\/wp\/v2\/types\/post"}],"author":[{"embeddable":true,"href":"https:\/\/lospoliticosveracruz.com\/index.php?rest_route=\/wp\/v2\/users\/2"}],"replies":[{"embeddable":true,"href":"https:\/\/lospoliticosveracruz.com\/index.php?rest_route=%2Fwp%2Fv2%2Fcomments&post=78228"}],"version-history":[{"count":1,"href":"https:\/\/lospoliticosveracruz.com\/index.php?rest_route=\/wp\/v2\/posts\/78228\/revisions"}],"predecessor-version":[{"id":78229,"href":"https:\/\/lospoliticosveracruz.com\/index.php?rest_route=\/wp\/v2\/posts\/78228\/revisions\/78229"}],"wp:attachment":[{"href":"https:\/\/lospoliticosveracruz.com\/index.php?rest_route=%2Fwp%2Fv2%2Fmedia&parent=78228"}],"wp:term":[{"taxonomy":"category","embeddable":true,"href":"https:\/\/lospoliticosveracruz.com\/index.php?rest_route=%2Fwp%2Fv2%2Fcategories&post=78228"},{"taxonomy":"post_tag","embeddable":true,"href":"https:\/\/lospoliticosveracruz.com\/index.php?rest_route=%2Fwp%2Fv2%2Ftags&post=78228"}],"curies":[{"name":"wp","href":"https:\/\/api.w.org\/{rel}","templated":true}]}}