{"id":78230,"date":"2021-08-18T11:53:57","date_gmt":"2021-08-18T16:53:57","guid":{"rendered":"http:\/\/www.lospoliticosveracruz.com.mx\/?p=78230"},"modified":"2021-08-18T11:54:02","modified_gmt":"2021-08-18T16:54:02","slug":"el-caotico-regreso-a-clases","status":"publish","type":"post","link":"https:\/\/lospoliticosveracruz.com\/?p=78230","title":{"rendered":"El ca\u00f3tico regreso a clases"},"content":{"rendered":"\n<p><strong>Miguel Angel Cristiani Gonz\u00e1lez<br><\/strong><em>Bit\u00e1cora Pol\u00edtica<\/em><\/p>\n\n\n\n<p>Faltan ya doce d\u00edas para que se inicie el llamado Ciclo Escolar 2021-2022, el pr\u00f3ximo 30 de agosto, pero hasta el momento impera la confusi\u00f3n, lo mismo entre autoridades, directivos, maestros, alumnos y padres de familia, porque hasta el momento no existen reglas claras sobre el regreso a clases presenciales.<\/p>\n\n\n\n<div class=\"wp-block-image\"><figure class=\"alignleft size-large is-resized\"><a href=\"http:\/\/www.lospoliticosveracruz.com.mx\/wp-content\/uploads\/2021\/08\/Varadero.jpg\"><img loading=\"lazy\" decoding=\"async\" src=\"http:\/\/www.lospoliticosveracruz.com.mx\/wp-content\/uploads\/2021\/08\/Varadero-576x1024.jpg\" alt=\"\" class=\"wp-image-78147\" width=\"288\" height=\"512\"\/><\/a><\/figure><\/div>\n\n\n\n<p><br>Lejos de disminuir, la confusi\u00f3n, al igual que la pandemia, va en aumento.<br>Porque las autoridades federales -encargadas de dictar las normas y reglas- siguen en contradicciones, desde el mism\u00edsimo presidente de la rep\u00fablica, que objeta p\u00fablicamente en la conferencia ma\u00f1anera de este martes, a la secretaria de Educaci\u00f3n P\u00fablica.<br>El desconcierto abarca a todos los niveles, desde jard\u00edn de ni\u00f1os hasta instituciones de educaci\u00f3n superior.<br>Ac\u00e1 en el terru\u00f1o veracruzano, para no ir muy lejos, en la capital del estado, dos instituciones p\u00fablicas de educaci\u00f3n superior no coinciden de las medidas que tomar\u00e1n, en medio de la tercera ola del COVID 19, que en el Estado ha causado ya la muerte de 11 mil personas.<br>En tanto que este martes 17 de agosto, el Tecnol\u00f3gico de Xalapa, adherido a la Secretar\u00eda de Educaci\u00f3n de Veracruz (SEV) anunci\u00f3 el regreso presencial de siete mil alumnos, a partir del 30 de agosto. Lo anterior, con medidas sanitarias que puntualiz\u00f3 la instituci\u00f3n.<br>Mientras que la Universidad Veracruzana (UV) decidi\u00f3 comenzar su ciclo escolar 2021-2022 en un modelo virtual, desde este 16 de agosto. Mediante un comunicado, la instituci\u00f3n aclar\u00f3 que el retorno solo ser\u00e1 gradual, pero hasta que la entidad cumpla cuatro semanas consecutivas en sem\u00e1foro verde, es decir en riesgo bajo.<br>En este ambiente de confusi\u00f3n y caos del retorno a las aulas, el presidente de la rep\u00fablica se deslind\u00f3 del documento y dice que no es obligatorio para el regreso a clases \u201cSi van los ni\u00f1os a la escuela y no llevan la carta no le hace\u201d.<br>L\u00f3pez Obrador, asegur\u00f3 que la carta compromiso para regreso a clases presenciales que se hab\u00eda mencionado, no ser\u00e1 obligatoria. \u201cSi van los ni\u00f1os a la escuela y no llevan la carta no le hace. Es que nosotros aqu\u00ed tenemos que enfrentar esta concepci\u00f3n burocr\u00e1tica autoritaria que se hered\u00f3 del periodo neoliberal.<br>\u00bfO sea, que la secretaria de Educaci\u00f3n P\u00fablica, que estaba pidiendo que los padres de familia entregaran una carta responsiva por si sus hijos se enfermaban, es una bur\u00f3crata autoritaria y hasta Neoliberal?<br>Contrario al protocolo sanitario de la Secretar\u00eda de Educaci\u00f3n P\u00fablica (SEP), el presidente Andr\u00e9s Manuel L\u00f3pez Obrador dijo que la carta compromiso de salud por la pandemia de COVID-19, que la dependencia federal solicit\u00f3 a las madres y padres de familia para el regreso a clases presenciales el pr\u00f3ximo 30 de agosto, no es obligatoria.<br>Durante la conferencia matutina en Palacio Nacional, el jefe del Ejecutivo se deslind\u00f3 de la carta difundida por la SEP, en la que solicita la autorizaci\u00f3n y responsabilidad de familiares de los estudiantes para enviarlos de manera presencial al nuevo ciclo escolar que inicia en dos semanas.<br>En el mismo tema del regreso a clases presenciales, ser\u00eda tambi\u00e9n saludable, que se informara ac\u00e1 en el estado de Veracruz, por parte del super delegado de Bienestar, Manuel Huerta Ladr\u00f3n de Guevara, como va eso de la promesa del presidente L\u00f3pez Obrador de que se construir\u00edan cien universidades en todo el pa\u00eds.<br>Cu\u00e1ntas son para el Estado de Veracruz, en donde se encuentran ubicadas, si ya est\u00e1n construidas las instalaciones y con cuantos alumnos.<br>Hay que recordar que, desde su primer informe del 5 de abril de 2020, el presidente Andr\u00e9s Manuel L\u00f3pez Obrador dijo que 15 mil alumnos ya estaban estudiando en las nuevas universidades del Bienestar Benito Ju\u00e1rez, uno de los principales proyectos de su gobierno, aunque hasta ese momento no hab\u00eda informaci\u00f3n sobre la direcci\u00f3n de los supuestos planteles para poder comprobarlo.<br>Porque a nivel nacional, el Coneval detect\u00f3 que los primeros alumnos de las universidades Benito Ju\u00e1rez -que as\u00ed se llaman todas- fueron recibidos en sedes provisionales sin tener listos los lineamientos de operaci\u00f3n y de evaluaci\u00f3n.<br>En una reciente evaluaci\u00f3n del programa de universidades, realizado por el Consejo Nacional para la Evaluaci\u00f3n de la Pol\u00edtica de Desarrollo Social (Coneval,) se confirma que los primeros planteles comenzaron a construirse en noviembre de 2019 y recibieron a alumnos en sedes provisionales, antes de tener listo si quiera la identificaci\u00f3n del problema que el programa pretende resolver, an\u00e1lisis de la pertinencia de las carreras, las sedes, lineamientos de operaci\u00f3n, gasto o evaluaci\u00f3n; elementos que en algunos casos siguen a\u00fan pendientes este a\u00f1o.<br>En diciembre de 2019, d\u00edas despu\u00e9s de asumir la presidencia, el presidente L\u00f3pez Obrador present\u00f3 el programa de 100 Universidades del Bienestar, en el que ser\u00eda el primer plantel en la Escuela Normal el Mixe, que hab\u00eda sido cerrada en 2004 y que estar\u00eda a cargo de la Secretar\u00eda de Educaci\u00f3n P\u00fablica.<br>A casi tres a\u00f1os del lanzamiento de las Universidades del Bienestar, y que, seg\u00fan el gobierno federal, no todas cuentan con un plantel, como la de Zacapu, Michoac\u00e1n, que tiene una matr\u00edcula de 900 alumnos y han tenido que tomar clases hasta en el piso.<br>As\u00ed las cosas, en medio del caos sobre el regreso a clases presenciales en todos los niveles de la educaci\u00f3n, ser\u00eda entonces saludable, que se transparentara y difundiera, al menos la informaci\u00f3n de las universidades Benito Ju\u00e1rez en el estado de Veracruz.<\/p>\n","protected":false},"excerpt":{"rendered":"<p>Miguel Angel Cristiani Gonz\u00e1lezBit\u00e1cora Pol\u00edtica Faltan ya doce d\u00edas para que se inicie el llamado Ciclo Escolar 2021-2022, el pr\u00f3ximo 30 de agosto, pero hasta el momento impera la confusi\u00f3n, lo mismo entre autoridades, directivos, maestros, alumnos y padres de familia, porque hasta el momento no existen reglas claras sobre el regreso a clases presenciales. [&hellip;]<\/p>\n","protected":false},"author":2,"featured_media":0,"comment_status":"closed","ping_status":"closed","sticky":false,"template":"","format":"standard","meta":{"tdm_status":"","tdm_grid_status":"","footnotes":""},"categories":[70],"tags":[618,29918,26577,14339,3718,29917,15282,16929,6352],"class_list":{"0":"post-78230","1":"post","2":"type-post","3":"status-publish","4":"format-standard","6":"category-de-opinion","7":"tag-andres-manuel-lopez-obrador","8":"tag-ciclo-escolar-2021-2022","9":"tag-covid-19-2","10":"tag-educacion-publica","11":"tag-maestros","12":"tag-miguel-angel-cristiani-gonzalez-2","13":"tag-padres-de-familia","14":"tag-pandemia","15":"tag-sep"},"yoast_head":"<!-- This site is optimized with the Yoast SEO plugin v27.4 - https:\/\/yoast.com\/product\/yoast-seo-wordpress\/ -->\n<title>El ca\u00f3tico regreso a clases - Los pol\u00edticos Veracruz<\/title>\n<meta name=\"robots\" content=\"index, follow, max-snippet:-1, max-image-preview:large, max-video-preview:-1\" \/>\n<link rel=\"canonical\" href=\"https:\/\/lospoliticosveracruz.com\/?p=78230\" \/>\n<meta property=\"og:locale\" content=\"es_ES\" \/>\n<meta property=\"og:type\" content=\"article\" \/>\n<meta property=\"og:title\" content=\"El ca\u00f3tico regreso a clases - Los pol\u00edticos Veracruz\" \/>\n<meta property=\"og:description\" content=\"Miguel Angel Cristiani Gonz\u00e1lezBit\u00e1cora Pol\u00edtica Faltan ya doce d\u00edas para que se inicie el llamado Ciclo Escolar 2021-2022, el pr\u00f3ximo 30 de agosto, pero hasta el momento impera la confusi\u00f3n, lo mismo entre autoridades, directivos, maestros, alumnos y padres de familia, porque hasta el momento no existen reglas claras sobre el regreso a clases presenciales. [&hellip;]\" \/>\n<meta property=\"og:url\" content=\"https:\/\/lospoliticosveracruz.com\/?p=78230\" \/>\n<meta property=\"og:site_name\" content=\"Los pol\u00edticos Veracruz\" \/>\n<meta property=\"article:publisher\" content=\"https:\/\/www.facebook.com\/people\/Notimemes-de-los-Polticos\/61565672886568\/\" \/>\n<meta property=\"article:published_time\" content=\"2021-08-18T16:53:57+00:00\" \/>\n<meta property=\"article:modified_time\" content=\"2021-08-18T16:54:02+00:00\" \/>\n<meta property=\"og:image\" content=\"http:\/\/www.lospoliticosveracruz.com.mx\/wp-content\/uploads\/2021\/08\/Varadero-576x1024.jpg\" \/>\n<meta name=\"author\" content=\"Lo viste en Los Pol\u00edticos\" \/>\n<meta name=\"twitter:card\" content=\"summary_large_image\" \/>\n<meta name=\"twitter:creator\" content=\"@LosPoliticosVer\" \/>\n<meta name=\"twitter:site\" content=\"@LosPoliticosVer\" \/>\n<meta name=\"twitter:label1\" content=\"Escrito por\" \/>\n\t<meta name=\"twitter:data1\" content=\"Lo viste en Los Pol\u00edticos\" \/>\n\t<meta name=\"twitter:label2\" content=\"Tiempo de lectura\" \/>\n\t<meta name=\"twitter:data2\" content=\"5 minutos\" \/>\n<script type=\"application\/ld+json\" class=\"yoast-schema-graph\">{\"@context\":\"https:\\\/\\\/schema.org\",\"@graph\":[{\"@type\":\"Article\",\"@id\":\"https:\\\/\\\/lospoliticosveracruz.com\\\/?p=78230#article\",\"isPartOf\":{\"@id\":\"https:\\\/\\\/lospoliticosveracruz.com\\\/?p=78230\"},\"author\":{\"name\":\"Lo viste en Los Pol\u00edticos\",\"@id\":\"https:\\\/\\\/lospoliticosveracruz.com\\\/#\\\/schema\\\/person\\\/b8702bb0e538456e6efd07080bf2a4a2\"},\"headline\":\"El ca\u00f3tico regreso a clases\",\"datePublished\":\"2021-08-18T16:53:57+00:00\",\"dateModified\":\"2021-08-18T16:54:02+00:00\",\"mainEntityOfPage\":{\"@id\":\"https:\\\/\\\/lospoliticosveracruz.com\\\/?p=78230\"},\"wordCount\":971,\"publisher\":{\"@id\":\"https:\\\/\\\/lospoliticosveracruz.com\\\/#organization\"},\"image\":{\"@id\":\"https:\\\/\\\/lospoliticosveracruz.com\\\/?p=78230#primaryimage\"},\"thumbnailUrl\":\"http:\\\/\\\/www.lospoliticosveracruz.com.mx\\\/wp-content\\\/uploads\\\/2021\\\/08\\\/Varadero-576x1024.jpg\",\"keywords\":[\"Andr\u00e9s Manuel L\u00f3pez Obrador\",\"Ciclo Escolar 2021-2022\",\"Covid-19\",\"Educaci\u00f3n P\u00fablica\",\"maestros\",\"Miguel Angel Cristiani Gonz\u00e1lez\",\"padres de familia\",\"pandemia\",\"SEP\"],\"articleSection\":[\"De Opini\u00f3n\"],\"inLanguage\":\"es\"},{\"@type\":\"WebPage\",\"@id\":\"https:\\\/\\\/lospoliticosveracruz.com\\\/?p=78230\",\"url\":\"https:\\\/\\\/lospoliticosveracruz.com\\\/?p=78230\",\"name\":\"El ca\u00f3tico regreso a clases - Los pol\u00edticos Veracruz\",\"isPartOf\":{\"@id\":\"https:\\\/\\\/lospoliticosveracruz.com\\\/#website\"},\"primaryImageOfPage\":{\"@id\":\"https:\\\/\\\/lospoliticosveracruz.com\\\/?p=78230#primaryimage\"},\"image\":{\"@id\":\"https:\\\/\\\/lospoliticosveracruz.com\\\/?p=78230#primaryimage\"},\"thumbnailUrl\":\"http:\\\/\\\/www.lospoliticosveracruz.com.mx\\\/wp-content\\\/uploads\\\/2021\\\/08\\\/Varadero-576x1024.jpg\",\"datePublished\":\"2021-08-18T16:53:57+00:00\",\"dateModified\":\"2021-08-18T16:54:02+00:00\",\"breadcrumb\":{\"@id\":\"https:\\\/\\\/lospoliticosveracruz.com\\\/?p=78230#breadcrumb\"},\"inLanguage\":\"es\",\"potentialAction\":[{\"@type\":\"ReadAction\",\"target\":[\"https:\\\/\\\/lospoliticosveracruz.com\\\/?p=78230\"]}]},{\"@type\":\"ImageObject\",\"inLanguage\":\"es\",\"@id\":\"https:\\\/\\\/lospoliticosveracruz.com\\\/?p=78230#primaryimage\",\"url\":\"http:\\\/\\\/www.lospoliticosveracruz.com.mx\\\/wp-content\\\/uploads\\\/2021\\\/08\\\/Varadero-576x1024.jpg\",\"contentUrl\":\"http:\\\/\\\/www.lospoliticosveracruz.com.mx\\\/wp-content\\\/uploads\\\/2021\\\/08\\\/Varadero-576x1024.jpg\"},{\"@type\":\"BreadcrumbList\",\"@id\":\"https:\\\/\\\/lospoliticosveracruz.com\\\/?p=78230#breadcrumb\",\"itemListElement\":[{\"@type\":\"ListItem\",\"position\":1,\"name\":\"Portada\",\"item\":\"https:\\\/\\\/lospoliticosveracruz.com\\\/\"},{\"@type\":\"ListItem\",\"position\":2,\"name\":\"El ca\u00f3tico regreso a clases\"}]},{\"@type\":\"WebSite\",\"@id\":\"https:\\\/\\\/lospoliticosveracruz.com\\\/#website\",\"url\":\"https:\\\/\\\/lospoliticosveracruz.com\\\/\",\"name\":\"Los pol\u00edticos Veracruz\",\"description\":\"\",\"publisher\":{\"@id\":\"https:\\\/\\\/lospoliticosveracruz.com\\\/#organization\"},\"potentialAction\":[{\"@type\":\"SearchAction\",\"target\":{\"@type\":\"EntryPoint\",\"urlTemplate\":\"https:\\\/\\\/lospoliticosveracruz.com\\\/?s={search_term_string}\"},\"query-input\":{\"@type\":\"PropertyValueSpecification\",\"valueRequired\":true,\"valueName\":\"search_term_string\"}}],\"inLanguage\":\"es\"},{\"@type\":\"Organization\",\"@id\":\"https:\\\/\\\/lospoliticosveracruz.com\\\/#organization\",\"name\":\"Los pol\u00edticos Veracruz\",\"url\":\"https:\\\/\\\/lospoliticosveracruz.com\\\/\",\"logo\":{\"@type\":\"ImageObject\",\"inLanguage\":\"es\",\"@id\":\"https:\\\/\\\/lospoliticosveracruz.com\\\/#\\\/schema\\\/logo\\\/image\\\/\",\"url\":\"https:\\\/\\\/lospoliticosveracruz.com\\\/wp-content\\\/uploads\\\/2025\\\/12\\\/Logo-Nuevo-LOS-POLITICOS-1.jpg\",\"contentUrl\":\"https:\\\/\\\/lospoliticosveracruz.com\\\/wp-content\\\/uploads\\\/2025\\\/12\\\/Logo-Nuevo-LOS-POLITICOS-1.jpg\",\"width\":260,\"height\":70,\"caption\":\"Los pol\u00edticos Veracruz\"},\"image\":{\"@id\":\"https:\\\/\\\/lospoliticosveracruz.com\\\/#\\\/schema\\\/logo\\\/image\\\/\"},\"sameAs\":[\"https:\\\/\\\/www.facebook.com\\\/people\\\/Notimemes-de-los-Polticos\\\/61565672886568\\\/\",\"https:\\\/\\\/x.com\\\/LosPoliticosVer\"]},{\"@type\":\"Person\",\"@id\":\"https:\\\/\\\/lospoliticosveracruz.com\\\/#\\\/schema\\\/person\\\/b8702bb0e538456e6efd07080bf2a4a2\",\"name\":\"Lo viste en Los Pol\u00edticos\",\"image\":{\"@type\":\"ImageObject\",\"inLanguage\":\"es\",\"@id\":\"https:\\\/\\\/secure.gravatar.com\\\/avatar\\\/3a8de04a2656d44082be478bd6c086daa447c4651605818287b9532d3d0bd435?s=96&d=mm&r=g\",\"url\":\"https:\\\/\\\/secure.gravatar.com\\\/avatar\\\/3a8de04a2656d44082be478bd6c086daa447c4651605818287b9532d3d0bd435?s=96&d=mm&r=g\",\"contentUrl\":\"https:\\\/\\\/secure.gravatar.com\\\/avatar\\\/3a8de04a2656d44082be478bd6c086daa447c4651605818287b9532d3d0bd435?s=96&d=mm&r=g\",\"caption\":\"Lo viste en Los Pol\u00edticos\"},\"url\":\"https:\\\/\\\/lospoliticosveracruz.com\\\/?author=2\"}]}<\/script>\n<!-- \/ Yoast SEO plugin. -->","yoast_head_json":{"title":"El ca\u00f3tico regreso a clases - Los pol\u00edticos Veracruz","robots":{"index":"index","follow":"follow","max-snippet":"max-snippet:-1","max-image-preview":"max-image-preview:large","max-video-preview":"max-video-preview:-1"},"canonical":"https:\/\/lospoliticosveracruz.com\/?p=78230","og_locale":"es_ES","og_type":"article","og_title":"El ca\u00f3tico regreso a clases - Los pol\u00edticos Veracruz","og_description":"Miguel Angel Cristiani Gonz\u00e1lezBit\u00e1cora Pol\u00edtica Faltan ya doce d\u00edas para que se inicie el llamado Ciclo Escolar 2021-2022, el pr\u00f3ximo 30 de agosto, pero hasta el momento impera la confusi\u00f3n, lo mismo entre autoridades, directivos, maestros, alumnos y padres de familia, porque hasta el momento no existen reglas claras sobre el regreso a clases presenciales. [&hellip;]","og_url":"https:\/\/lospoliticosveracruz.com\/?p=78230","og_site_name":"Los pol\u00edticos Veracruz","article_publisher":"https:\/\/www.facebook.com\/people\/Notimemes-de-los-Polticos\/61565672886568\/","article_published_time":"2021-08-18T16:53:57+00:00","article_modified_time":"2021-08-18T16:54:02+00:00","og_image":[{"url":"http:\/\/www.lospoliticosveracruz.com.mx\/wp-content\/uploads\/2021\/08\/Varadero-576x1024.jpg","type":"","width":"","height":""}],"author":"Lo viste en Los Pol\u00edticos","twitter_card":"summary_large_image","twitter_creator":"@LosPoliticosVer","twitter_site":"@LosPoliticosVer","twitter_misc":{"Escrito por":"Lo viste en Los Pol\u00edticos","Tiempo de lectura":"5 minutos"},"schema":{"@context":"https:\/\/schema.org","@graph":[{"@type":"Article","@id":"https:\/\/lospoliticosveracruz.com\/?p=78230#article","isPartOf":{"@id":"https:\/\/lospoliticosveracruz.com\/?p=78230"},"author":{"name":"Lo viste en Los Pol\u00edticos","@id":"https:\/\/lospoliticosveracruz.com\/#\/schema\/person\/b8702bb0e538456e6efd07080bf2a4a2"},"headline":"El ca\u00f3tico regreso a clases","datePublished":"2021-08-18T16:53:57+00:00","dateModified":"2021-08-18T16:54:02+00:00","mainEntityOfPage":{"@id":"https:\/\/lospoliticosveracruz.com\/?p=78230"},"wordCount":971,"publisher":{"@id":"https:\/\/lospoliticosveracruz.com\/#organization"},"image":{"@id":"https:\/\/lospoliticosveracruz.com\/?p=78230#primaryimage"},"thumbnailUrl":"http:\/\/www.lospoliticosveracruz.com.mx\/wp-content\/uploads\/2021\/08\/Varadero-576x1024.jpg","keywords":["Andr\u00e9s Manuel L\u00f3pez Obrador","Ciclo Escolar 2021-2022","Covid-19","Educaci\u00f3n P\u00fablica","maestros","Miguel Angel Cristiani Gonz\u00e1lez","padres de familia","pandemia","SEP"],"articleSection":["De Opini\u00f3n"],"inLanguage":"es"},{"@type":"WebPage","@id":"https:\/\/lospoliticosveracruz.com\/?p=78230","url":"https:\/\/lospoliticosveracruz.com\/?p=78230","name":"El ca\u00f3tico regreso a clases - Los pol\u00edticos Veracruz","isPartOf":{"@id":"https:\/\/lospoliticosveracruz.com\/#website"},"primaryImageOfPage":{"@id":"https:\/\/lospoliticosveracruz.com\/?p=78230#primaryimage"},"image":{"@id":"https:\/\/lospoliticosveracruz.com\/?p=78230#primaryimage"},"thumbnailUrl":"http:\/\/www.lospoliticosveracruz.com.mx\/wp-content\/uploads\/2021\/08\/Varadero-576x1024.jpg","datePublished":"2021-08-18T16:53:57+00:00","dateModified":"2021-08-18T16:54:02+00:00","breadcrumb":{"@id":"https:\/\/lospoliticosveracruz.com\/?p=78230#breadcrumb"},"inLanguage":"es","potentialAction":[{"@type":"ReadAction","target":["https:\/\/lospoliticosveracruz.com\/?p=78230"]}]},{"@type":"ImageObject","inLanguage":"es","@id":"https:\/\/lospoliticosveracruz.com\/?p=78230#primaryimage","url":"http:\/\/www.lospoliticosveracruz.com.mx\/wp-content\/uploads\/2021\/08\/Varadero-576x1024.jpg","contentUrl":"http:\/\/www.lospoliticosveracruz.com.mx\/wp-content\/uploads\/2021\/08\/Varadero-576x1024.jpg"},{"@type":"BreadcrumbList","@id":"https:\/\/lospoliticosveracruz.com\/?p=78230#breadcrumb","itemListElement":[{"@type":"ListItem","position":1,"name":"Portada","item":"https:\/\/lospoliticosveracruz.com\/"},{"@type":"ListItem","position":2,"name":"El ca\u00f3tico regreso a clases"}]},{"@type":"WebSite","@id":"https:\/\/lospoliticosveracruz.com\/#website","url":"https:\/\/lospoliticosveracruz.com\/","name":"Los pol\u00edticos Veracruz","description":"","publisher":{"@id":"https:\/\/lospoliticosveracruz.com\/#organization"},"potentialAction":[{"@type":"SearchAction","target":{"@type":"EntryPoint","urlTemplate":"https:\/\/lospoliticosveracruz.com\/?s={search_term_string}"},"query-input":{"@type":"PropertyValueSpecification","valueRequired":true,"valueName":"search_term_string"}}],"inLanguage":"es"},{"@type":"Organization","@id":"https:\/\/lospoliticosveracruz.com\/#organization","name":"Los pol\u00edticos Veracruz","url":"https:\/\/lospoliticosveracruz.com\/","logo":{"@type":"ImageObject","inLanguage":"es","@id":"https:\/\/lospoliticosveracruz.com\/#\/schema\/logo\/image\/","url":"https:\/\/lospoliticosveracruz.com\/wp-content\/uploads\/2025\/12\/Logo-Nuevo-LOS-POLITICOS-1.jpg","contentUrl":"https:\/\/lospoliticosveracruz.com\/wp-content\/uploads\/2025\/12\/Logo-Nuevo-LOS-POLITICOS-1.jpg","width":260,"height":70,"caption":"Los pol\u00edticos Veracruz"},"image":{"@id":"https:\/\/lospoliticosveracruz.com\/#\/schema\/logo\/image\/"},"sameAs":["https:\/\/www.facebook.com\/people\/Notimemes-de-los-Polticos\/61565672886568\/","https:\/\/x.com\/LosPoliticosVer"]},{"@type":"Person","@id":"https:\/\/lospoliticosveracruz.com\/#\/schema\/person\/b8702bb0e538456e6efd07080bf2a4a2","name":"Lo viste en Los Pol\u00edticos","image":{"@type":"ImageObject","inLanguage":"es","@id":"https:\/\/secure.gravatar.com\/avatar\/3a8de04a2656d44082be478bd6c086daa447c4651605818287b9532d3d0bd435?s=96&d=mm&r=g","url":"https:\/\/secure.gravatar.com\/avatar\/3a8de04a2656d44082be478bd6c086daa447c4651605818287b9532d3d0bd435?s=96&d=mm&r=g","contentUrl":"https:\/\/secure.gravatar.com\/avatar\/3a8de04a2656d44082be478bd6c086daa447c4651605818287b9532d3d0bd435?s=96&d=mm&r=g","caption":"Lo viste en Los Pol\u00edticos"},"url":"https:\/\/lospoliticosveracruz.com\/?author=2"}]}},"_links":{"self":[{"href":"https:\/\/lospoliticosveracruz.com\/index.php?rest_route=\/wp\/v2\/posts\/78230","targetHints":{"allow":["GET"]}}],"collection":[{"href":"https:\/\/lospoliticosveracruz.com\/index.php?rest_route=\/wp\/v2\/posts"}],"about":[{"href":"https:\/\/lospoliticosveracruz.com\/index.php?rest_route=\/wp\/v2\/types\/post"}],"author":[{"embeddable":true,"href":"https:\/\/lospoliticosveracruz.com\/index.php?rest_route=\/wp\/v2\/users\/2"}],"replies":[{"embeddable":true,"href":"https:\/\/lospoliticosveracruz.com\/index.php?rest_route=%2Fwp%2Fv2%2Fcomments&post=78230"}],"version-history":[{"count":1,"href":"https:\/\/lospoliticosveracruz.com\/index.php?rest_route=\/wp\/v2\/posts\/78230\/revisions"}],"predecessor-version":[{"id":78232,"href":"https:\/\/lospoliticosveracruz.com\/index.php?rest_route=\/wp\/v2\/posts\/78230\/revisions\/78232"}],"wp:attachment":[{"href":"https:\/\/lospoliticosveracruz.com\/index.php?rest_route=%2Fwp%2Fv2%2Fmedia&parent=78230"}],"wp:term":[{"taxonomy":"category","embeddable":true,"href":"https:\/\/lospoliticosveracruz.com\/index.php?rest_route=%2Fwp%2Fv2%2Fcategories&post=78230"},{"taxonomy":"post_tag","embeddable":true,"href":"https:\/\/lospoliticosveracruz.com\/index.php?rest_route=%2Fwp%2Fv2%2Ftags&post=78230"}],"curies":[{"name":"wp","href":"https:\/\/api.w.org\/{rel}","templated":true}]}}