{"id":78249,"date":"2021-08-18T18:23:15","date_gmt":"2021-08-18T23:23:15","guid":{"rendered":"http:\/\/www.lospoliticosveracruz.com.mx\/?p=78249"},"modified":"2021-08-18T18:26:29","modified_gmt":"2021-08-18T23:26:29","slug":"la-uv-entre-sara-y-cuitlahuac-quien-se-la-quedara","status":"publish","type":"post","link":"https:\/\/lospoliticosveracruz.com\/?p=78249","title":{"rendered":"La UV entre Sara y Cuitl\u00e1huac, \u00bfqui\u00e9n se la quedar\u00e1?"},"content":{"rendered":"\n<p><\/p>\n\n\n\n<p>\u00abA dos reatas no hay toro bravo\u00bb. El dicho sale a cuenta porque los 9 notables de la Junta de Gobierno de la Universidad Veracruzana est\u00e1n sufriendo presiones e intentos de corrupci\u00f3n por parte de la rectora, Sara Ladr\u00f3n de Guevara y del Secretario de Finanzas y Planeaci\u00f3n del Gobierno de Veracruz, Jos\u00e9 Luis Lima Franco, para imponer a sus candidatos.<br>Aunque con fines diversos, la rectora busca tapar las irregularidades y corrupci\u00f3n con que se manej\u00f3 su administraci\u00f3n, por eso busca dejar en la rector\u00eda a su incondicional, H\u00e9ctor Coronel Brizio, un universitario que si bien tiene una trayectoria acad\u00e9mica, tambi\u00e9n tiene relaciones de personajes con oscuro pasado como Juan Maldonado Pereda, Miguel Alem\u00e1n, Javier Duarte y Fidel Herrera, como abiertamente lo presume en sus redes sociales, es decir, es alguien que est\u00e1 acostumbrado a cerrar los ojos ante la corrupci\u00f3n de la administraci\u00f3n de la que \u00e9l forma parte y tiene el abierto apoyo de su jefa Sarita.<\/p>\n\n\n\n<div class=\"wp-block-image\"><figure class=\"alignleft size-large is-resized\"><a href=\"http:\/\/www.lospoliticosveracruz.com.mx\/wp-content\/uploads\/2021\/08\/Varadero.jpg\"><img loading=\"lazy\" decoding=\"async\" src=\"http:\/\/www.lospoliticosveracruz.com.mx\/wp-content\/uploads\/2021\/08\/Varadero-576x1024.jpg\" alt=\"\" class=\"wp-image-78147\" width=\"288\" height=\"512\"\/><\/a><\/figure><\/div>\n\n\n\n<p><br>Sara mueve sus dados, le apuesta a que quede alguien tape toda la corrupci\u00f3n que ha hecho en la UV; tambi\u00e9n est\u00e1 apoyando a Salvador Tapia Espinoso y a Carlos Lemothe Zavaleta. El primero, Salvador Tapia, est\u00e1 siendo cuestionado, no solo por presentar ante la Junta de Gobierno un doctorado realizado en una instituci\u00f3n que nadie conoce, pero que hemos investigado y se encuentra su sede enfrente de la escuela Normal Veracruzana, un edificio que carece de toda la infraestructura que requiere el REVOE y los permisos para el funcionamiento de una instituci\u00f3n acad\u00e9mica.<br>Sara sac\u00f3 a campa\u00f1a a Salvador Tapia, lo promocion\u00f3 en todas las zonas de la UV, haciendo entrega de \u00abobras\u00bb, en las cuales desvi\u00f3 recursos, ya los primeros indicios est\u00e1n en la Cuenta P\u00fablica 2019 en donde el ORFIS le ha hecho observaciones a nuestra casa de estudios, y aunque hemos solicitado a trav\u00e9s de transparencia se transparenten los recursos gastados en obras, tenemos conocimiento que habr\u00e1 sorpresas de la Cuenta P\u00fablica 2020 y 2021\u2026 hay desv\u00edos de recursos.<br>Tambi\u00e9n Salvador Tapia ha autorizado manejo de recursos a manos llenas sin que existan comprobantes de vi\u00e1ticos y gastos.<\/p>\n\n\n\n<p><strong>\u00bfUn joven o un bur\u00f3crata para la UV?<\/strong><\/p>\n\n\n\n<p>Dar\u00edo Fabi\u00e1n Hern\u00e1ndez Gonz\u00e1lez. Algunos dicen que es necesario el cambio generacional de la Universidad Veracruzana, pero no de esta forma, en donde el gobernador del estado est\u00e1 metiendo las manos en el proceso de designaci\u00f3n rectoral, para posicionar a Dar\u00edo como el m\u00e1s id\u00f3neo, solo porque pertenece al grupo de los \u00abj\u00f3venes amigos\u00bb de Cuitl\u00e1huac Jim\u00e9nez Garc\u00eda y del Secretario de Finanzas, Jos\u00e9 Lima Franco y no por m\u00e9ritos profesionales.<br>Dar\u00edo, a la edad de 39 a\u00f1os pudo marcar con creces ese relevo en el que insisten sus corifeos, tuvo la oportunidad de demostrar que un joven puede ser la opci\u00f3n para hacer cambios pero no lo hizo. En el 2016-2018 estuvo como director del Instituto de Investigaciones y Estudios Superiores, Econ\u00f3micos y Sociales de la Universidad Veracruzana, pero no entreg\u00f3 buenas cuentas, tuvo faltantes econ\u00f3micos que nunca aclar\u00f3.<br>Algunos de sus compa\u00f1eros del Instituto sustentan que desde rector\u00eda le han apoyado y no se le exigi\u00f3 y sancion\u00f3 como se deb\u00eda, el desv\u00edo de recursos cuantiosos estuvo al emprender las siguientes acciones: la impartici\u00f3n de cursos, seminarios, intercambios educativos, publicaci\u00f3n y difusi\u00f3n, la creaci\u00f3n de un Centro y un Observatorio, generadores de informaci\u00f3n Estad\u00edstica y Rehabilitaci\u00f3n del espacio editorial y creaci\u00f3n de revista cient\u00edfica indexada. Todos en el Instituto saben de esto y ojal\u00e1 la Junta de Gobierno tome en cuenta esto, porque los grupos de MORENA est\u00e1n \u00e1vidos de apoderarse de la UV.<br>El gobierno y Morena han dicho que solo les falta tener el control de la UV, pero se refieren al control econ\u00f3mico, eso es lo que les importa. Por eso de qu\u00e9 sirve que sea administrador, cuando en su haber ya pesan estas malas cuentas que entreg\u00f3, por eso esperamos que la Junta de gobierno no se deje coptar por un gobernador y un secretario de Finanzas que quieren dejar en rector\u00eda a su amigo de parrandas.<\/p>\n\n\n\n<p><strong>Coronel Brizio, la carta del priismo para la UV<\/strong><\/p>\n\n\n\n<p>Considerado el cachorro del priismo no solo por su amabilidad en el trato personal sino por ser hijo de Pedro Coronel P\u00e9rez, quien fuera Secretario de Salud en el bienio de Fernando Guti\u00e9rrez Barrios y presidente municipal de Xalapa, H\u00e9ctor Francisco Coronel Brizio, tambi\u00e9n goz\u00f3 de la protecci\u00f3n y favor de viejos priistas como Juan Maldonado Pereda, cuando se desempe\u00f1\u00f3 como Secretario de Educaci\u00f3n durante el gobierno de Miguel Alem\u00e1n Velasco, pues lo nombr\u00f3 Jefe del Departamento de Estad\u00edstica y Subdirector en la Direcci\u00f3n General de Educaci\u00f3n Universitaria, ambos en la SEV durante su administraci\u00f3n.<br>Ahora respaldado por el ex rector V\u00edctor Arredondo, quien lo meti\u00f3 a la UV, es uno de los actuales colaboradores de la rectora Sara Ladr\u00f3n de Guevara en la Direcci\u00f3n General de Administraci\u00f3n Escolar y uno de sus candidatos fuertes para cubrir los millonarios desfalcos que han hecho de los recursos p\u00fablicos de la Universidad que le ha documentado el ORFIS.<br>En su paso por la Direcci\u00f3n General de Administraci\u00f3n Escolar, ha sido gris, es el t\u00edpico God\u00ednez que cumple su horario con puntual estad\u00edstica, pero que nada hizo por evitar la deserci\u00f3n de los estudiantes que en la pandemia tuvieron que abandonar sus estudios por carecer de conexi\u00f3n a internet o equipos de c\u00f3mputo, pero que tal servir\u00e1 de tapadera para los desv\u00edos de su actual patrona Sara Ladr\u00f3n de Guevara.<\/p>\n\n\n\n<p><strong>Manzo Denes, al servicio del PRI y del FESAPAUV<\/strong><\/p>\n\n\n\n<p>El oaxaque\u00f1o Jorge Manzo Denes, es un docto cient\u00edfico del autismo, que ser\u00eda de celebrar sus l\u00edneas de investigaci\u00f3n de no ser por su estrecha relaci\u00f3n con los colaboradores vinculados al gobernador Fidel Herrera Beltr\u00e1n que apoyan al actual gobernador Cuitl\u00e1huac Garc\u00eda Jim\u00e9nez; la cara visible que lo apoya es el Secretario de Gobierno, Eric Patrocinio Cisneros Burgos, quien a trav\u00e9s de Rafael Arias Hern\u00e1ndez (Coordinador Ejecutivo del Comit\u00e9 de Planeaci\u00f3n para el Desarrollo COPLADEVER-SEFIPLAN, durante el sexenio del de Nopaltepec) le trabaja las relaciones para que una vez llegado a rector\u00eda, desde el Palacio de Gobierno, controlen las finanzas de la UV, como se prev\u00e9 con un severo recorte presupuestal, como le hicieron con el Poder Judicial del Estado y que signific\u00f3 el cierre de decenas de juzgados del fuero com\u00fan.<br>El economista Arias Hern\u00e1ndez le trabaja la relaci\u00f3n a Manzo Denes con el eterno cacique del Sindicato Estatal del Personal Acad\u00e9mico de la Universidad Veracruzana FESAPAUV, Enrique Levet Gorozpe, que ha tenido una truculenta carrera como legislador del PRI, aprobando con Fidel Herrera y Javier Duarte, las cuentas p\u00fablicas de la UV, a cambio de seguir al frente de la asociaci\u00f3n del personal acad\u00e9mico que tiene a muchos profesores ganando 60 pesos por hora y protegiendo desde la organizaci\u00f3n sindical a catedr\u00e1ticos acosadores sexuales de estudiantes. Tambi\u00e9n ha sido visto en eventos pol\u00edticos junto al diputado federal y ex rector de la UV, Rafael Hern\u00e1ndez Villalpando.<\/p>\n","protected":false},"excerpt":{"rendered":"<p>\u00abA dos reatas no hay toro bravo\u00bb. El dicho sale a cuenta porque los 9 notables de la Junta de Gobierno de la Universidad Veracruzana est\u00e1n sufriendo presiones e intentos de corrupci\u00f3n por parte de la rectora, Sara Ladr\u00f3n de Guevara y del Secretario de Finanzas y Planeaci\u00f3n del Gobierno de Veracruz, Jos\u00e9 Luis Lima [&hellip;]<\/p>\n","protected":false},"author":2,"featured_media":0,"comment_status":"closed","ping_status":"closed","sticky":false,"template":"","format":"standard","meta":{"tdm_status":"","tdm_grid_status":"","footnotes":""},"categories":[74],"tags":[29927,20000,5252,28876,20479,29334,162,7674,29926,6804,8398,346,1026,135,11992,25130,755,219],"class_list":{"0":"post-78249","1":"post","2":"type-post","3":"status-publish","4":"format-standard","6":"category-lavadero","7":"tag-carlos-lemothe-zavaleta","8":"tag-cuenta-publica-2019","9":"tag-cuitlahuac-jimenez-garcia","10":"tag-dario-fabian-hernandez-gonzalez","11":"tag-hector-coronel-brizio","12":"tag-hector-francisco-coronel-brizio","13":"tag-javier-duarte","14":"tag-jorge-manzo-denes","15":"tag-jose-lima-franco","16":"tag-juan-maldonado-pereda","17":"tag-junta-de-gobierno","18":"tag-miguel-aleman","19":"tag-morena","20":"tag-orfis","21":"tag-rafael-hernandez-villalpando","22":"tag-revoe","23":"tag-sara-ladron-de-guevara","24":"tag-universidad-veracruzana"},"yoast_head":"<!-- This site is optimized with the Yoast SEO plugin v27.4 - https:\/\/yoast.com\/product\/yoast-seo-wordpress\/ -->\n<title>La UV entre Sara y Cuitl\u00e1huac, \u00bfqui\u00e9n se la quedar\u00e1? - Los pol\u00edticos Veracruz<\/title>\n<meta name=\"robots\" content=\"index, follow, max-snippet:-1, max-image-preview:large, max-video-preview:-1\" \/>\n<link rel=\"canonical\" href=\"https:\/\/lospoliticosveracruz.com\/?p=78249\" \/>\n<meta property=\"og:locale\" content=\"es_ES\" \/>\n<meta property=\"og:type\" content=\"article\" \/>\n<meta property=\"og:title\" content=\"La UV entre Sara y Cuitl\u00e1huac, \u00bfqui\u00e9n se la quedar\u00e1? - Los pol\u00edticos Veracruz\" \/>\n<meta property=\"og:description\" content=\"\u00abA dos reatas no hay toro bravo\u00bb. El dicho sale a cuenta porque los 9 notables de la Junta de Gobierno de la Universidad Veracruzana est\u00e1n sufriendo presiones e intentos de corrupci\u00f3n por parte de la rectora, Sara Ladr\u00f3n de Guevara y del Secretario de Finanzas y Planeaci\u00f3n del Gobierno de Veracruz, Jos\u00e9 Luis Lima [&hellip;]\" \/>\n<meta property=\"og:url\" content=\"https:\/\/lospoliticosveracruz.com\/?p=78249\" \/>\n<meta property=\"og:site_name\" content=\"Los pol\u00edticos Veracruz\" \/>\n<meta property=\"article:publisher\" content=\"https:\/\/www.facebook.com\/people\/Notimemes-de-los-Polticos\/61565672886568\/\" \/>\n<meta property=\"article:published_time\" content=\"2021-08-18T23:23:15+00:00\" \/>\n<meta property=\"article:modified_time\" content=\"2021-08-18T23:26:29+00:00\" \/>\n<meta property=\"og:image\" content=\"http:\/\/www.lospoliticosveracruz.com.mx\/wp-content\/uploads\/2021\/08\/Varadero-576x1024.jpg\" \/>\n<meta name=\"author\" content=\"Lo viste en Los Pol\u00edticos\" \/>\n<meta name=\"twitter:card\" content=\"summary_large_image\" \/>\n<meta name=\"twitter:creator\" content=\"@LosPoliticosVer\" \/>\n<meta name=\"twitter:site\" content=\"@LosPoliticosVer\" \/>\n<meta name=\"twitter:label1\" content=\"Escrito por\" \/>\n\t<meta name=\"twitter:data1\" content=\"Lo viste en Los Pol\u00edticos\" \/>\n\t<meta name=\"twitter:label2\" content=\"Tiempo de lectura\" \/>\n\t<meta name=\"twitter:data2\" content=\"6 minutos\" \/>\n<script type=\"application\/ld+json\" class=\"yoast-schema-graph\">{\"@context\":\"https:\\\/\\\/schema.org\",\"@graph\":[{\"@type\":\"Article\",\"@id\":\"https:\\\/\\\/lospoliticosveracruz.com\\\/?p=78249#article\",\"isPartOf\":{\"@id\":\"https:\\\/\\\/lospoliticosveracruz.com\\\/?p=78249\"},\"author\":{\"name\":\"Lo viste en Los Pol\u00edticos\",\"@id\":\"https:\\\/\\\/lospoliticosveracruz.com\\\/#\\\/schema\\\/person\\\/b8702bb0e538456e6efd07080bf2a4a2\"},\"headline\":\"La UV entre Sara y Cuitl\u00e1huac, \u00bfqui\u00e9n se la quedar\u00e1?\",\"datePublished\":\"2021-08-18T23:23:15+00:00\",\"dateModified\":\"2021-08-18T23:26:29+00:00\",\"mainEntityOfPage\":{\"@id\":\"https:\\\/\\\/lospoliticosveracruz.com\\\/?p=78249\"},\"wordCount\":1275,\"publisher\":{\"@id\":\"https:\\\/\\\/lospoliticosveracruz.com\\\/#organization\"},\"image\":{\"@id\":\"https:\\\/\\\/lospoliticosveracruz.com\\\/?p=78249#primaryimage\"},\"thumbnailUrl\":\"http:\\\/\\\/www.lospoliticosveracruz.com.mx\\\/wp-content\\\/uploads\\\/2021\\\/08\\\/Varadero-576x1024.jpg\",\"keywords\":[\"Carlos Lemothe Zavaleta\",\"Cuenta P\u00fablica 2019\",\"Cuitl\u00e1huac Jim\u00e9nez Garc\u00eda\",\"Dar\u00edo Fabi\u00e1n Hern\u00e1ndez Gonz\u00e1lez\",\"H\u00e9ctor Coronel Brizio\",\"H\u00e9ctor Francisco Coronel Brizio\",\"Javier Duarte\",\"Jorge Manzo Denes\",\"Jos\u00e9 Lima Franco\",\"Juan Maldonado Pereda\",\"Junta de Gobierno\",\"Miguel Alem\u00e1n\",\"Morena\",\"Orfis\",\"Rafael Hern\u00e1ndez Villalpando\",\"REVOE\",\"Sara Ladr\u00f3n de Guevara\",\"Universidad Veracruzana\"],\"articleSection\":[\"Lavadero\"],\"inLanguage\":\"es\"},{\"@type\":\"WebPage\",\"@id\":\"https:\\\/\\\/lospoliticosveracruz.com\\\/?p=78249\",\"url\":\"https:\\\/\\\/lospoliticosveracruz.com\\\/?p=78249\",\"name\":\"La UV entre Sara y Cuitl\u00e1huac, \u00bfqui\u00e9n se la quedar\u00e1? - Los pol\u00edticos Veracruz\",\"isPartOf\":{\"@id\":\"https:\\\/\\\/lospoliticosveracruz.com\\\/#website\"},\"primaryImageOfPage\":{\"@id\":\"https:\\\/\\\/lospoliticosveracruz.com\\\/?p=78249#primaryimage\"},\"image\":{\"@id\":\"https:\\\/\\\/lospoliticosveracruz.com\\\/?p=78249#primaryimage\"},\"thumbnailUrl\":\"http:\\\/\\\/www.lospoliticosveracruz.com.mx\\\/wp-content\\\/uploads\\\/2021\\\/08\\\/Varadero-576x1024.jpg\",\"datePublished\":\"2021-08-18T23:23:15+00:00\",\"dateModified\":\"2021-08-18T23:26:29+00:00\",\"breadcrumb\":{\"@id\":\"https:\\\/\\\/lospoliticosveracruz.com\\\/?p=78249#breadcrumb\"},\"inLanguage\":\"es\",\"potentialAction\":[{\"@type\":\"ReadAction\",\"target\":[\"https:\\\/\\\/lospoliticosveracruz.com\\\/?p=78249\"]}]},{\"@type\":\"ImageObject\",\"inLanguage\":\"es\",\"@id\":\"https:\\\/\\\/lospoliticosveracruz.com\\\/?p=78249#primaryimage\",\"url\":\"http:\\\/\\\/www.lospoliticosveracruz.com.mx\\\/wp-content\\\/uploads\\\/2021\\\/08\\\/Varadero-576x1024.jpg\",\"contentUrl\":\"http:\\\/\\\/www.lospoliticosveracruz.com.mx\\\/wp-content\\\/uploads\\\/2021\\\/08\\\/Varadero-576x1024.jpg\"},{\"@type\":\"BreadcrumbList\",\"@id\":\"https:\\\/\\\/lospoliticosveracruz.com\\\/?p=78249#breadcrumb\",\"itemListElement\":[{\"@type\":\"ListItem\",\"position\":1,\"name\":\"Portada\",\"item\":\"https:\\\/\\\/lospoliticosveracruz.com\\\/\"},{\"@type\":\"ListItem\",\"position\":2,\"name\":\"La UV entre Sara y Cuitl\u00e1huac, \u00bfqui\u00e9n se la quedar\u00e1?\"}]},{\"@type\":\"WebSite\",\"@id\":\"https:\\\/\\\/lospoliticosveracruz.com\\\/#website\",\"url\":\"https:\\\/\\\/lospoliticosveracruz.com\\\/\",\"name\":\"Los pol\u00edticos Veracruz\",\"description\":\"\",\"publisher\":{\"@id\":\"https:\\\/\\\/lospoliticosveracruz.com\\\/#organization\"},\"potentialAction\":[{\"@type\":\"SearchAction\",\"target\":{\"@type\":\"EntryPoint\",\"urlTemplate\":\"https:\\\/\\\/lospoliticosveracruz.com\\\/?s={search_term_string}\"},\"query-input\":{\"@type\":\"PropertyValueSpecification\",\"valueRequired\":true,\"valueName\":\"search_term_string\"}}],\"inLanguage\":\"es\"},{\"@type\":\"Organization\",\"@id\":\"https:\\\/\\\/lospoliticosveracruz.com\\\/#organization\",\"name\":\"Los pol\u00edticos Veracruz\",\"url\":\"https:\\\/\\\/lospoliticosveracruz.com\\\/\",\"logo\":{\"@type\":\"ImageObject\",\"inLanguage\":\"es\",\"@id\":\"https:\\\/\\\/lospoliticosveracruz.com\\\/#\\\/schema\\\/logo\\\/image\\\/\",\"url\":\"https:\\\/\\\/lospoliticosveracruz.com\\\/wp-content\\\/uploads\\\/2025\\\/12\\\/Logo-Nuevo-LOS-POLITICOS-1.jpg\",\"contentUrl\":\"https:\\\/\\\/lospoliticosveracruz.com\\\/wp-content\\\/uploads\\\/2025\\\/12\\\/Logo-Nuevo-LOS-POLITICOS-1.jpg\",\"width\":260,\"height\":70,\"caption\":\"Los pol\u00edticos Veracruz\"},\"image\":{\"@id\":\"https:\\\/\\\/lospoliticosveracruz.com\\\/#\\\/schema\\\/logo\\\/image\\\/\"},\"sameAs\":[\"https:\\\/\\\/www.facebook.com\\\/people\\\/Notimemes-de-los-Polticos\\\/61565672886568\\\/\",\"https:\\\/\\\/x.com\\\/LosPoliticosVer\"]},{\"@type\":\"Person\",\"@id\":\"https:\\\/\\\/lospoliticosveracruz.com\\\/#\\\/schema\\\/person\\\/b8702bb0e538456e6efd07080bf2a4a2\",\"name\":\"Lo viste en Los Pol\u00edticos\",\"image\":{\"@type\":\"ImageObject\",\"inLanguage\":\"es\",\"@id\":\"https:\\\/\\\/secure.gravatar.com\\\/avatar\\\/3a8de04a2656d44082be478bd6c086daa447c4651605818287b9532d3d0bd435?s=96&d=mm&r=g\",\"url\":\"https:\\\/\\\/secure.gravatar.com\\\/avatar\\\/3a8de04a2656d44082be478bd6c086daa447c4651605818287b9532d3d0bd435?s=96&d=mm&r=g\",\"contentUrl\":\"https:\\\/\\\/secure.gravatar.com\\\/avatar\\\/3a8de04a2656d44082be478bd6c086daa447c4651605818287b9532d3d0bd435?s=96&d=mm&r=g\",\"caption\":\"Lo viste en Los Pol\u00edticos\"},\"url\":\"https:\\\/\\\/lospoliticosveracruz.com\\\/?author=2\"}]}<\/script>\n<!-- \/ Yoast SEO plugin. -->","yoast_head_json":{"title":"La UV entre Sara y Cuitl\u00e1huac, \u00bfqui\u00e9n se la quedar\u00e1? - Los pol\u00edticos Veracruz","robots":{"index":"index","follow":"follow","max-snippet":"max-snippet:-1","max-image-preview":"max-image-preview:large","max-video-preview":"max-video-preview:-1"},"canonical":"https:\/\/lospoliticosveracruz.com\/?p=78249","og_locale":"es_ES","og_type":"article","og_title":"La UV entre Sara y Cuitl\u00e1huac, \u00bfqui\u00e9n se la quedar\u00e1? - Los pol\u00edticos Veracruz","og_description":"\u00abA dos reatas no hay toro bravo\u00bb. El dicho sale a cuenta porque los 9 notables de la Junta de Gobierno de la Universidad Veracruzana est\u00e1n sufriendo presiones e intentos de corrupci\u00f3n por parte de la rectora, Sara Ladr\u00f3n de Guevara y del Secretario de Finanzas y Planeaci\u00f3n del Gobierno de Veracruz, Jos\u00e9 Luis Lima [&hellip;]","og_url":"https:\/\/lospoliticosveracruz.com\/?p=78249","og_site_name":"Los pol\u00edticos Veracruz","article_publisher":"https:\/\/www.facebook.com\/people\/Notimemes-de-los-Polticos\/61565672886568\/","article_published_time":"2021-08-18T23:23:15+00:00","article_modified_time":"2021-08-18T23:26:29+00:00","og_image":[{"url":"http:\/\/www.lospoliticosveracruz.com.mx\/wp-content\/uploads\/2021\/08\/Varadero-576x1024.jpg","type":"","width":"","height":""}],"author":"Lo viste en Los Pol\u00edticos","twitter_card":"summary_large_image","twitter_creator":"@LosPoliticosVer","twitter_site":"@LosPoliticosVer","twitter_misc":{"Escrito por":"Lo viste en Los Pol\u00edticos","Tiempo de lectura":"6 minutos"},"schema":{"@context":"https:\/\/schema.org","@graph":[{"@type":"Article","@id":"https:\/\/lospoliticosveracruz.com\/?p=78249#article","isPartOf":{"@id":"https:\/\/lospoliticosveracruz.com\/?p=78249"},"author":{"name":"Lo viste en Los Pol\u00edticos","@id":"https:\/\/lospoliticosveracruz.com\/#\/schema\/person\/b8702bb0e538456e6efd07080bf2a4a2"},"headline":"La UV entre Sara y Cuitl\u00e1huac, \u00bfqui\u00e9n se la quedar\u00e1?","datePublished":"2021-08-18T23:23:15+00:00","dateModified":"2021-08-18T23:26:29+00:00","mainEntityOfPage":{"@id":"https:\/\/lospoliticosveracruz.com\/?p=78249"},"wordCount":1275,"publisher":{"@id":"https:\/\/lospoliticosveracruz.com\/#organization"},"image":{"@id":"https:\/\/lospoliticosveracruz.com\/?p=78249#primaryimage"},"thumbnailUrl":"http:\/\/www.lospoliticosveracruz.com.mx\/wp-content\/uploads\/2021\/08\/Varadero-576x1024.jpg","keywords":["Carlos Lemothe Zavaleta","Cuenta P\u00fablica 2019","Cuitl\u00e1huac Jim\u00e9nez Garc\u00eda","Dar\u00edo Fabi\u00e1n Hern\u00e1ndez Gonz\u00e1lez","H\u00e9ctor Coronel Brizio","H\u00e9ctor Francisco Coronel Brizio","Javier Duarte","Jorge Manzo Denes","Jos\u00e9 Lima Franco","Juan Maldonado Pereda","Junta de Gobierno","Miguel Alem\u00e1n","Morena","Orfis","Rafael Hern\u00e1ndez Villalpando","REVOE","Sara Ladr\u00f3n de Guevara","Universidad Veracruzana"],"articleSection":["Lavadero"],"inLanguage":"es"},{"@type":"WebPage","@id":"https:\/\/lospoliticosveracruz.com\/?p=78249","url":"https:\/\/lospoliticosveracruz.com\/?p=78249","name":"La UV entre Sara y Cuitl\u00e1huac, \u00bfqui\u00e9n se la quedar\u00e1? - Los pol\u00edticos Veracruz","isPartOf":{"@id":"https:\/\/lospoliticosveracruz.com\/#website"},"primaryImageOfPage":{"@id":"https:\/\/lospoliticosveracruz.com\/?p=78249#primaryimage"},"image":{"@id":"https:\/\/lospoliticosveracruz.com\/?p=78249#primaryimage"},"thumbnailUrl":"http:\/\/www.lospoliticosveracruz.com.mx\/wp-content\/uploads\/2021\/08\/Varadero-576x1024.jpg","datePublished":"2021-08-18T23:23:15+00:00","dateModified":"2021-08-18T23:26:29+00:00","breadcrumb":{"@id":"https:\/\/lospoliticosveracruz.com\/?p=78249#breadcrumb"},"inLanguage":"es","potentialAction":[{"@type":"ReadAction","target":["https:\/\/lospoliticosveracruz.com\/?p=78249"]}]},{"@type":"ImageObject","inLanguage":"es","@id":"https:\/\/lospoliticosveracruz.com\/?p=78249#primaryimage","url":"http:\/\/www.lospoliticosveracruz.com.mx\/wp-content\/uploads\/2021\/08\/Varadero-576x1024.jpg","contentUrl":"http:\/\/www.lospoliticosveracruz.com.mx\/wp-content\/uploads\/2021\/08\/Varadero-576x1024.jpg"},{"@type":"BreadcrumbList","@id":"https:\/\/lospoliticosveracruz.com\/?p=78249#breadcrumb","itemListElement":[{"@type":"ListItem","position":1,"name":"Portada","item":"https:\/\/lospoliticosveracruz.com\/"},{"@type":"ListItem","position":2,"name":"La UV entre Sara y Cuitl\u00e1huac, \u00bfqui\u00e9n se la quedar\u00e1?"}]},{"@type":"WebSite","@id":"https:\/\/lospoliticosveracruz.com\/#website","url":"https:\/\/lospoliticosveracruz.com\/","name":"Los pol\u00edticos Veracruz","description":"","publisher":{"@id":"https:\/\/lospoliticosveracruz.com\/#organization"},"potentialAction":[{"@type":"SearchAction","target":{"@type":"EntryPoint","urlTemplate":"https:\/\/lospoliticosveracruz.com\/?s={search_term_string}"},"query-input":{"@type":"PropertyValueSpecification","valueRequired":true,"valueName":"search_term_string"}}],"inLanguage":"es"},{"@type":"Organization","@id":"https:\/\/lospoliticosveracruz.com\/#organization","name":"Los pol\u00edticos Veracruz","url":"https:\/\/lospoliticosveracruz.com\/","logo":{"@type":"ImageObject","inLanguage":"es","@id":"https:\/\/lospoliticosveracruz.com\/#\/schema\/logo\/image\/","url":"https:\/\/lospoliticosveracruz.com\/wp-content\/uploads\/2025\/12\/Logo-Nuevo-LOS-POLITICOS-1.jpg","contentUrl":"https:\/\/lospoliticosveracruz.com\/wp-content\/uploads\/2025\/12\/Logo-Nuevo-LOS-POLITICOS-1.jpg","width":260,"height":70,"caption":"Los pol\u00edticos Veracruz"},"image":{"@id":"https:\/\/lospoliticosveracruz.com\/#\/schema\/logo\/image\/"},"sameAs":["https:\/\/www.facebook.com\/people\/Notimemes-de-los-Polticos\/61565672886568\/","https:\/\/x.com\/LosPoliticosVer"]},{"@type":"Person","@id":"https:\/\/lospoliticosveracruz.com\/#\/schema\/person\/b8702bb0e538456e6efd07080bf2a4a2","name":"Lo viste en Los Pol\u00edticos","image":{"@type":"ImageObject","inLanguage":"es","@id":"https:\/\/secure.gravatar.com\/avatar\/3a8de04a2656d44082be478bd6c086daa447c4651605818287b9532d3d0bd435?s=96&d=mm&r=g","url":"https:\/\/secure.gravatar.com\/avatar\/3a8de04a2656d44082be478bd6c086daa447c4651605818287b9532d3d0bd435?s=96&d=mm&r=g","contentUrl":"https:\/\/secure.gravatar.com\/avatar\/3a8de04a2656d44082be478bd6c086daa447c4651605818287b9532d3d0bd435?s=96&d=mm&r=g","caption":"Lo viste en Los Pol\u00edticos"},"url":"https:\/\/lospoliticosveracruz.com\/?author=2"}]}},"_links":{"self":[{"href":"https:\/\/lospoliticosveracruz.com\/index.php?rest_route=\/wp\/v2\/posts\/78249","targetHints":{"allow":["GET"]}}],"collection":[{"href":"https:\/\/lospoliticosveracruz.com\/index.php?rest_route=\/wp\/v2\/posts"}],"about":[{"href":"https:\/\/lospoliticosveracruz.com\/index.php?rest_route=\/wp\/v2\/types\/post"}],"author":[{"embeddable":true,"href":"https:\/\/lospoliticosveracruz.com\/index.php?rest_route=\/wp\/v2\/users\/2"}],"replies":[{"embeddable":true,"href":"https:\/\/lospoliticosveracruz.com\/index.php?rest_route=%2Fwp%2Fv2%2Fcomments&post=78249"}],"version-history":[{"count":2,"href":"https:\/\/lospoliticosveracruz.com\/index.php?rest_route=\/wp\/v2\/posts\/78249\/revisions"}],"predecessor-version":[{"id":78252,"href":"https:\/\/lospoliticosveracruz.com\/index.php?rest_route=\/wp\/v2\/posts\/78249\/revisions\/78252"}],"wp:attachment":[{"href":"https:\/\/lospoliticosveracruz.com\/index.php?rest_route=%2Fwp%2Fv2%2Fmedia&parent=78249"}],"wp:term":[{"taxonomy":"category","embeddable":true,"href":"https:\/\/lospoliticosveracruz.com\/index.php?rest_route=%2Fwp%2Fv2%2Fcategories&post=78249"},{"taxonomy":"post_tag","embeddable":true,"href":"https:\/\/lospoliticosveracruz.com\/index.php?rest_route=%2Fwp%2Fv2%2Ftags&post=78249"}],"curies":[{"name":"wp","href":"https:\/\/api.w.org\/{rel}","templated":true}]}}