{"id":78393,"date":"2021-08-21T17:50:36","date_gmt":"2021-08-21T22:50:36","guid":{"rendered":"http:\/\/www.lospoliticosveracruz.com.mx\/?p=78393"},"modified":"2021-08-21T17:50:39","modified_gmt":"2021-08-21T22:50:39","slug":"a-lo-largo-y-ancho-la-ayuda","status":"publish","type":"post","link":"https:\/\/lospoliticosveracruz.com\/?p=78393","title":{"rendered":"A lo largo y ancho, la ayuda!"},"content":{"rendered":"\n<p><\/p>\n\n\n\n<p><strong>Xalapa<\/strong><br>Con corte a las 16:00 horas de este 21 de agosto, m\u00e1s de mil 300 elementos operativos realizan labores de apoyo en Cardel, municipio de La Antigua, as\u00ed como en Poza Rica, Tihuatl\u00e1n, Papantla, Tecolutla Guti\u00e9rrez Zamora, Nautla, Jilotepec, Mart\u00ednez de la Torre, Tuxpan, \u00darsulo Galv\u00e1n y Xalapa; por mencionar algunos municipios.<br>En la ciudad de Tuxpan y Cardel, efectivos de Fuerza Civil mantienen trabajos de remoci\u00f3n y limpieza; en Poza Rica y Mart\u00ednez de la Torre, personal de la Direcci\u00f3n General de Tr\u00e1nsito y la Direcci\u00f3n General de Transporte del Estado retiraron \u00e1rboles ca\u00eddos; en Jilotepec, elementos de Polic\u00eda Estatal implementan labores de limpieza en calles de la localidad del Pueblito.<br>Asimismo se liber\u00f3 la circulaci\u00f3n en la carretera 180 costera tramo Guti\u00e9rrez Zamora-Tuxpan.<br>Debido al desborde de r\u00edos, elementos de Tr\u00e1nsito Estatal cerraron la circulaci\u00f3n la carretera Jilotepec &#8211; Espinal, as\u00ed como la carretera Xalapa &#8211; Actopan, a la altura del \u00abPuente San Nicol\u00e1s\u00bb.<br>En coordinaci\u00f3n con Secretar\u00eda De Protecci\u00f3n Civil Del Estado de Veracruz y Direcci\u00f3n General de Tr\u00e1nsito y Seguridad Vial del Estado de Veracruz, se mantienen recorridos en la comunidad Real del Oro, en las orillas del R\u00edo Actopan, con el objetivo de exhortar a la poblaci\u00f3n mantenerse en un lugar seguro, por las crecientes del r\u00edo y de ser necesario trasladarse a un refugio.<br>Debido a los deslaves registrados en la unidad habitacional Xalapa 2000, en la capital del estado, efectivos estatales, en coordinaci\u00f3n con el Escuadr\u00f3n Nacional de Rescate, acordon\u00f3 la zona y exhort\u00f3 a evacuar el edificio Tatahuicapan, pues presenta fracturas que ponen en riesgo la integridad f\u00edsica de los habitantes.<br>Exhortamos a la poblaci\u00f3n mantenerse en un lugar seguro, hasta que las autoridades de Protecci\u00f3n Civil indiquen que no hay riesgo y ante cualquier emergencia comunicarse al 9-1-1.<\/p>\n","protected":false},"excerpt":{"rendered":"<p>XalapaCon corte a las 16:00 horas de este 21 de agosto, m\u00e1s de mil 300 elementos operativos realizan labores de apoyo en Cardel, municipio de La Antigua, as\u00ed como en Poza Rica, Tihuatl\u00e1n, Papantla, Tecolutla Guti\u00e9rrez Zamora, Nautla, Jilotepec, Mart\u00ednez de la Torre, Tuxpan, \u00darsulo Galv\u00e1n y Xalapa; por mencionar algunos municipios.En la ciudad de [&hellip;]<\/p>\n","protected":false},"author":2,"featured_media":0,"comment_status":"closed","ping_status":"closed","sticky":false,"template":"","format":"standard","meta":{"tdm_status":"","tdm_grid_status":"","footnotes":""},"categories":[73],"tags":[29973,29974,14898,29944,28359],"class_list":{"0":"post-78393","1":"post","2":"type-post","3":"status-publish","4":"format-standard","6":"category-de-boleto","7":"tag-desborde-de-rios","8":"tag-deslaves","9":"tag-direccion-general-de-transito","10":"tag-huracan-grace-3","11":"tag-huracanes"},"yoast_head":"<!-- This site is optimized with the Yoast SEO plugin v27.4 - https:\/\/yoast.com\/product\/yoast-seo-wordpress\/ -->\n<title>A lo largo y ancho, la ayuda! - Los pol\u00edticos Veracruz<\/title>\n<meta name=\"robots\" content=\"index, follow, max-snippet:-1, max-image-preview:large, max-video-preview:-1\" \/>\n<link rel=\"canonical\" href=\"https:\/\/lospoliticosveracruz.com\/?p=78393\" \/>\n<meta property=\"og:locale\" content=\"es_ES\" \/>\n<meta property=\"og:type\" content=\"article\" \/>\n<meta property=\"og:title\" content=\"A lo largo y ancho, la ayuda! - Los pol\u00edticos Veracruz\" \/>\n<meta property=\"og:description\" content=\"XalapaCon corte a las 16:00 horas de este 21 de agosto, m\u00e1s de mil 300 elementos operativos realizan labores de apoyo en Cardel, municipio de La Antigua, as\u00ed como en Poza Rica, Tihuatl\u00e1n, Papantla, Tecolutla Guti\u00e9rrez Zamora, Nautla, Jilotepec, Mart\u00ednez de la Torre, Tuxpan, \u00darsulo Galv\u00e1n y Xalapa; por mencionar algunos municipios.En la ciudad de [&hellip;]\" \/>\n<meta property=\"og:url\" content=\"https:\/\/lospoliticosveracruz.com\/?p=78393\" \/>\n<meta property=\"og:site_name\" content=\"Los pol\u00edticos Veracruz\" \/>\n<meta property=\"article:publisher\" content=\"https:\/\/www.facebook.com\/people\/Notimemes-de-los-Polticos\/61565672886568\/\" \/>\n<meta property=\"article:published_time\" content=\"2021-08-21T22:50:36+00:00\" \/>\n<meta property=\"article:modified_time\" content=\"2021-08-21T22:50:39+00:00\" \/>\n<meta property=\"og:image\" content=\"https:\/\/lospoliticosveracruz.com\/wp-content\/uploads\/2016\/07\/Logo-Dor.jpg\" \/>\n\t<meta property=\"og:image:width\" content=\"200\" \/>\n\t<meta property=\"og:image:height\" content=\"200\" \/>\n\t<meta property=\"og:image:type\" content=\"image\/jpeg\" \/>\n<meta name=\"author\" content=\"Lo viste en Los Pol\u00edticos\" \/>\n<meta name=\"twitter:card\" content=\"summary_large_image\" \/>\n<meta name=\"twitter:creator\" content=\"@LosPoliticosVer\" \/>\n<meta name=\"twitter:site\" content=\"@LosPoliticosVer\" \/>\n<meta name=\"twitter:label1\" content=\"Escrito por\" \/>\n\t<meta name=\"twitter:data1\" content=\"Lo viste en Los Pol\u00edticos\" \/>\n\t<meta name=\"twitter:label2\" content=\"Tiempo de lectura\" \/>\n\t<meta name=\"twitter:data2\" content=\"2 minutos\" \/>\n<script type=\"application\/ld+json\" class=\"yoast-schema-graph\">{\"@context\":\"https:\\\/\\\/schema.org\",\"@graph\":[{\"@type\":\"Article\",\"@id\":\"https:\\\/\\\/lospoliticosveracruz.com\\\/?p=78393#article\",\"isPartOf\":{\"@id\":\"https:\\\/\\\/lospoliticosveracruz.com\\\/?p=78393\"},\"author\":{\"name\":\"Lo viste en Los Pol\u00edticos\",\"@id\":\"https:\\\/\\\/lospoliticosveracruz.com\\\/#\\\/schema\\\/person\\\/b8702bb0e538456e6efd07080bf2a4a2\"},\"headline\":\"A lo largo y ancho, la ayuda!\",\"datePublished\":\"2021-08-21T22:50:36+00:00\",\"dateModified\":\"2021-08-21T22:50:39+00:00\",\"mainEntityOfPage\":{\"@id\":\"https:\\\/\\\/lospoliticosveracruz.com\\\/?p=78393\"},\"wordCount\":332,\"publisher\":{\"@id\":\"https:\\\/\\\/lospoliticosveracruz.com\\\/#organization\"},\"keywords\":[\"Desborde de r\u00edos\",\"Deslaves\",\"Direcci\u00f3n General de Tr\u00e1nsito\",\"Hurac\u00e1n Grace\",\"Huracanes\"],\"articleSection\":[\"De Boleto\"],\"inLanguage\":\"es\"},{\"@type\":\"WebPage\",\"@id\":\"https:\\\/\\\/lospoliticosveracruz.com\\\/?p=78393\",\"url\":\"https:\\\/\\\/lospoliticosveracruz.com\\\/?p=78393\",\"name\":\"A lo largo y ancho, la ayuda! - Los pol\u00edticos Veracruz\",\"isPartOf\":{\"@id\":\"https:\\\/\\\/lospoliticosveracruz.com\\\/#website\"},\"datePublished\":\"2021-08-21T22:50:36+00:00\",\"dateModified\":\"2021-08-21T22:50:39+00:00\",\"breadcrumb\":{\"@id\":\"https:\\\/\\\/lospoliticosveracruz.com\\\/?p=78393#breadcrumb\"},\"inLanguage\":\"es\",\"potentialAction\":[{\"@type\":\"ReadAction\",\"target\":[\"https:\\\/\\\/lospoliticosveracruz.com\\\/?p=78393\"]}]},{\"@type\":\"BreadcrumbList\",\"@id\":\"https:\\\/\\\/lospoliticosveracruz.com\\\/?p=78393#breadcrumb\",\"itemListElement\":[{\"@type\":\"ListItem\",\"position\":1,\"name\":\"Portada\",\"item\":\"https:\\\/\\\/lospoliticosveracruz.com\\\/\"},{\"@type\":\"ListItem\",\"position\":2,\"name\":\"A lo largo y ancho, la ayuda!\"}]},{\"@type\":\"WebSite\",\"@id\":\"https:\\\/\\\/lospoliticosveracruz.com\\\/#website\",\"url\":\"https:\\\/\\\/lospoliticosveracruz.com\\\/\",\"name\":\"Los pol\u00edticos Veracruz\",\"description\":\"\",\"publisher\":{\"@id\":\"https:\\\/\\\/lospoliticosveracruz.com\\\/#organization\"},\"potentialAction\":[{\"@type\":\"SearchAction\",\"target\":{\"@type\":\"EntryPoint\",\"urlTemplate\":\"https:\\\/\\\/lospoliticosveracruz.com\\\/?s={search_term_string}\"},\"query-input\":{\"@type\":\"PropertyValueSpecification\",\"valueRequired\":true,\"valueName\":\"search_term_string\"}}],\"inLanguage\":\"es\"},{\"@type\":\"Organization\",\"@id\":\"https:\\\/\\\/lospoliticosveracruz.com\\\/#organization\",\"name\":\"Los pol\u00edticos Veracruz\",\"url\":\"https:\\\/\\\/lospoliticosveracruz.com\\\/\",\"logo\":{\"@type\":\"ImageObject\",\"inLanguage\":\"es\",\"@id\":\"https:\\\/\\\/lospoliticosveracruz.com\\\/#\\\/schema\\\/logo\\\/image\\\/\",\"url\":\"https:\\\/\\\/lospoliticosveracruz.com\\\/wp-content\\\/uploads\\\/2025\\\/12\\\/Logo-Nuevo-LOS-POLITICOS-1.jpg\",\"contentUrl\":\"https:\\\/\\\/lospoliticosveracruz.com\\\/wp-content\\\/uploads\\\/2025\\\/12\\\/Logo-Nuevo-LOS-POLITICOS-1.jpg\",\"width\":260,\"height\":70,\"caption\":\"Los pol\u00edticos Veracruz\"},\"image\":{\"@id\":\"https:\\\/\\\/lospoliticosveracruz.com\\\/#\\\/schema\\\/logo\\\/image\\\/\"},\"sameAs\":[\"https:\\\/\\\/www.facebook.com\\\/people\\\/Notimemes-de-los-Polticos\\\/61565672886568\\\/\",\"https:\\\/\\\/x.com\\\/LosPoliticosVer\"]},{\"@type\":\"Person\",\"@id\":\"https:\\\/\\\/lospoliticosveracruz.com\\\/#\\\/schema\\\/person\\\/b8702bb0e538456e6efd07080bf2a4a2\",\"name\":\"Lo viste en Los Pol\u00edticos\",\"image\":{\"@type\":\"ImageObject\",\"inLanguage\":\"es\",\"@id\":\"https:\\\/\\\/secure.gravatar.com\\\/avatar\\\/3a8de04a2656d44082be478bd6c086daa447c4651605818287b9532d3d0bd435?s=96&d=mm&r=g\",\"url\":\"https:\\\/\\\/secure.gravatar.com\\\/avatar\\\/3a8de04a2656d44082be478bd6c086daa447c4651605818287b9532d3d0bd435?s=96&d=mm&r=g\",\"contentUrl\":\"https:\\\/\\\/secure.gravatar.com\\\/avatar\\\/3a8de04a2656d44082be478bd6c086daa447c4651605818287b9532d3d0bd435?s=96&d=mm&r=g\",\"caption\":\"Lo viste en Los Pol\u00edticos\"},\"url\":\"https:\\\/\\\/lospoliticosveracruz.com\\\/?author=2\"}]}<\/script>\n<!-- \/ Yoast SEO plugin. -->","yoast_head_json":{"title":"A lo largo y ancho, la ayuda! - Los pol\u00edticos Veracruz","robots":{"index":"index","follow":"follow","max-snippet":"max-snippet:-1","max-image-preview":"max-image-preview:large","max-video-preview":"max-video-preview:-1"},"canonical":"https:\/\/lospoliticosveracruz.com\/?p=78393","og_locale":"es_ES","og_type":"article","og_title":"A lo largo y ancho, la ayuda! - Los pol\u00edticos Veracruz","og_description":"XalapaCon corte a las 16:00 horas de este 21 de agosto, m\u00e1s de mil 300 elementos operativos realizan labores de apoyo en Cardel, municipio de La Antigua, as\u00ed como en Poza Rica, Tihuatl\u00e1n, Papantla, Tecolutla Guti\u00e9rrez Zamora, Nautla, Jilotepec, Mart\u00ednez de la Torre, Tuxpan, \u00darsulo Galv\u00e1n y Xalapa; por mencionar algunos municipios.En la ciudad de [&hellip;]","og_url":"https:\/\/lospoliticosveracruz.com\/?p=78393","og_site_name":"Los pol\u00edticos Veracruz","article_publisher":"https:\/\/www.facebook.com\/people\/Notimemes-de-los-Polticos\/61565672886568\/","article_published_time":"2021-08-21T22:50:36+00:00","article_modified_time":"2021-08-21T22:50:39+00:00","og_image":[{"width":200,"height":200,"url":"https:\/\/lospoliticosveracruz.com\/wp-content\/uploads\/2016\/07\/Logo-Dor.jpg","type":"image\/jpeg"}],"author":"Lo viste en Los Pol\u00edticos","twitter_card":"summary_large_image","twitter_creator":"@LosPoliticosVer","twitter_site":"@LosPoliticosVer","twitter_misc":{"Escrito por":"Lo viste en Los Pol\u00edticos","Tiempo de lectura":"2 minutos"},"schema":{"@context":"https:\/\/schema.org","@graph":[{"@type":"Article","@id":"https:\/\/lospoliticosveracruz.com\/?p=78393#article","isPartOf":{"@id":"https:\/\/lospoliticosveracruz.com\/?p=78393"},"author":{"name":"Lo viste en Los Pol\u00edticos","@id":"https:\/\/lospoliticosveracruz.com\/#\/schema\/person\/b8702bb0e538456e6efd07080bf2a4a2"},"headline":"A lo largo y ancho, la ayuda!","datePublished":"2021-08-21T22:50:36+00:00","dateModified":"2021-08-21T22:50:39+00:00","mainEntityOfPage":{"@id":"https:\/\/lospoliticosveracruz.com\/?p=78393"},"wordCount":332,"publisher":{"@id":"https:\/\/lospoliticosveracruz.com\/#organization"},"keywords":["Desborde de r\u00edos","Deslaves","Direcci\u00f3n General de Tr\u00e1nsito","Hurac\u00e1n Grace","Huracanes"],"articleSection":["De Boleto"],"inLanguage":"es"},{"@type":"WebPage","@id":"https:\/\/lospoliticosveracruz.com\/?p=78393","url":"https:\/\/lospoliticosveracruz.com\/?p=78393","name":"A lo largo y ancho, la ayuda! - Los pol\u00edticos Veracruz","isPartOf":{"@id":"https:\/\/lospoliticosveracruz.com\/#website"},"datePublished":"2021-08-21T22:50:36+00:00","dateModified":"2021-08-21T22:50:39+00:00","breadcrumb":{"@id":"https:\/\/lospoliticosveracruz.com\/?p=78393#breadcrumb"},"inLanguage":"es","potentialAction":[{"@type":"ReadAction","target":["https:\/\/lospoliticosveracruz.com\/?p=78393"]}]},{"@type":"BreadcrumbList","@id":"https:\/\/lospoliticosveracruz.com\/?p=78393#breadcrumb","itemListElement":[{"@type":"ListItem","position":1,"name":"Portada","item":"https:\/\/lospoliticosveracruz.com\/"},{"@type":"ListItem","position":2,"name":"A lo largo y ancho, la ayuda!"}]},{"@type":"WebSite","@id":"https:\/\/lospoliticosveracruz.com\/#website","url":"https:\/\/lospoliticosveracruz.com\/","name":"Los pol\u00edticos Veracruz","description":"","publisher":{"@id":"https:\/\/lospoliticosveracruz.com\/#organization"},"potentialAction":[{"@type":"SearchAction","target":{"@type":"EntryPoint","urlTemplate":"https:\/\/lospoliticosveracruz.com\/?s={search_term_string}"},"query-input":{"@type":"PropertyValueSpecification","valueRequired":true,"valueName":"search_term_string"}}],"inLanguage":"es"},{"@type":"Organization","@id":"https:\/\/lospoliticosveracruz.com\/#organization","name":"Los pol\u00edticos Veracruz","url":"https:\/\/lospoliticosveracruz.com\/","logo":{"@type":"ImageObject","inLanguage":"es","@id":"https:\/\/lospoliticosveracruz.com\/#\/schema\/logo\/image\/","url":"https:\/\/lospoliticosveracruz.com\/wp-content\/uploads\/2025\/12\/Logo-Nuevo-LOS-POLITICOS-1.jpg","contentUrl":"https:\/\/lospoliticosveracruz.com\/wp-content\/uploads\/2025\/12\/Logo-Nuevo-LOS-POLITICOS-1.jpg","width":260,"height":70,"caption":"Los pol\u00edticos Veracruz"},"image":{"@id":"https:\/\/lospoliticosveracruz.com\/#\/schema\/logo\/image\/"},"sameAs":["https:\/\/www.facebook.com\/people\/Notimemes-de-los-Polticos\/61565672886568\/","https:\/\/x.com\/LosPoliticosVer"]},{"@type":"Person","@id":"https:\/\/lospoliticosveracruz.com\/#\/schema\/person\/b8702bb0e538456e6efd07080bf2a4a2","name":"Lo viste en Los Pol\u00edticos","image":{"@type":"ImageObject","inLanguage":"es","@id":"https:\/\/secure.gravatar.com\/avatar\/3a8de04a2656d44082be478bd6c086daa447c4651605818287b9532d3d0bd435?s=96&d=mm&r=g","url":"https:\/\/secure.gravatar.com\/avatar\/3a8de04a2656d44082be478bd6c086daa447c4651605818287b9532d3d0bd435?s=96&d=mm&r=g","contentUrl":"https:\/\/secure.gravatar.com\/avatar\/3a8de04a2656d44082be478bd6c086daa447c4651605818287b9532d3d0bd435?s=96&d=mm&r=g","caption":"Lo viste en Los Pol\u00edticos"},"url":"https:\/\/lospoliticosveracruz.com\/?author=2"}]}},"_links":{"self":[{"href":"https:\/\/lospoliticosveracruz.com\/index.php?rest_route=\/wp\/v2\/posts\/78393","targetHints":{"allow":["GET"]}}],"collection":[{"href":"https:\/\/lospoliticosveracruz.com\/index.php?rest_route=\/wp\/v2\/posts"}],"about":[{"href":"https:\/\/lospoliticosveracruz.com\/index.php?rest_route=\/wp\/v2\/types\/post"}],"author":[{"embeddable":true,"href":"https:\/\/lospoliticosveracruz.com\/index.php?rest_route=\/wp\/v2\/users\/2"}],"replies":[{"embeddable":true,"href":"https:\/\/lospoliticosveracruz.com\/index.php?rest_route=%2Fwp%2Fv2%2Fcomments&post=78393"}],"version-history":[{"count":1,"href":"https:\/\/lospoliticosveracruz.com\/index.php?rest_route=\/wp\/v2\/posts\/78393\/revisions"}],"predecessor-version":[{"id":78395,"href":"https:\/\/lospoliticosveracruz.com\/index.php?rest_route=\/wp\/v2\/posts\/78393\/revisions\/78395"}],"wp:attachment":[{"href":"https:\/\/lospoliticosveracruz.com\/index.php?rest_route=%2Fwp%2Fv2%2Fmedia&parent=78393"}],"wp:term":[{"taxonomy":"category","embeddable":true,"href":"https:\/\/lospoliticosveracruz.com\/index.php?rest_route=%2Fwp%2Fv2%2Fcategories&post=78393"},{"taxonomy":"post_tag","embeddable":true,"href":"https:\/\/lospoliticosveracruz.com\/index.php?rest_route=%2Fwp%2Fv2%2Ftags&post=78393"}],"curies":[{"name":"wp","href":"https:\/\/api.w.org\/{rel}","templated":true}]}}