{"id":78396,"date":"2021-08-22T09:22:58","date_gmt":"2021-08-22T14:22:58","guid":{"rendered":"http:\/\/www.lospoliticosveracruz.com.mx\/?p=78396"},"modified":"2021-08-22T09:25:48","modified_gmt":"2021-08-22T14:25:48","slug":"mexico-en-dos-tiempos-1521-1821","status":"publish","type":"post","link":"https:\/\/lospoliticosveracruz.com\/?p=78396","title":{"rendered":"M\u00e9xico en dos tiempos: 1521-1821"},"content":{"rendered":"\n<p><em>C\u00f3rdoba<\/em><br>\u201cM\u00e9xico en dos tiempos: 1521-1821, es una obra que nos permite entender nuestro presente a trav\u00e9s de nuestro pasado\u201d, dijo Eder Antonio de Jes\u00fas Gallegos Ru\u00edz, profesor del Centro Universitario de las Am\u00e9ricas de Veracruz, al presentar esta obra como parte de las actividades acad\u00e9micas para conmemorar el bicentenario de la firma de los Tratados de C\u00f3rdoba.<\/p>\n\n\n\n<div class=\"wp-block-image\"><figure class=\"alignleft size-large\"><a href=\"http:\/\/www.lospoliticosveracruz.com.mx\/wp-content\/uploads\/2021\/08\/WhatsApp-Image-2021-08-02-at-12.46.36.jpeg\"><img decoding=\"async\" src=\"http:\/\/www.lospoliticosveracruz.com.mx\/wp-content\/uploads\/2021\/08\/WhatsApp-Image-2021-08-02-at-12.46.36.jpeg\" alt=\"\" class=\"wp-image-77480\"\/><\/a><\/figure><\/div>\n\n\n\n<p>Se\u00f1al\u00f3 que se trata de una obra magna que contribuye, conmemora y coadyuva al conocimiento de la historia y \u201cabona al entendimiento de los procesos hist\u00f3ricos m\u00e1s all\u00e1 de los datos, las fechas, del nombre, del h\u00e9roe o el villano\u201d, toda vez que la historia es un proceso que contin\u00faa hoy en d\u00eda, \u201cporque la historia no est\u00e1 acabada, se construye d\u00eda a d\u00eda el presente\u201d.<\/p>\n\n\n\n<p>El coordinador de la obra, Ricardo Teodoro Alejandrez, destac\u00f3 que M\u00e9xico en dos tiempos \u201crecupera diversas aristas del M\u00e9xico que empezamos a ser\u201d, a partir de la ca\u00edda de Tenochtitl\u00e1n en 1521 y el proceso que inicia con la firma de los Tratados de C\u00f3rdoba en 1821.<\/p>\n\n\n\n<p>Leticia L\u00f3pez Landero, presidenta municipal de C\u00f3rdoba, dijo que M\u00e9xico en dos tiempos contribuye a colocar a esta ciudad en la ruta de las conmemoraciones de los grandes sucesos fundacionales de nuestro pa\u00eds y replantea la importancia de los Tratados de C\u00f3rdoba.<\/p>\n\n\n\n<p>\u201cNos ayuda a repensarlos m\u00e1s all\u00e1 de su valor documental y como instrumento pol\u00edtico y pol\u00e9mico, sino que nos brinda la oportunidad de resignificarlos como momento de unidad nacional\u201d, afirm\u00f3 la Mun\u00edcipe, quien agreg\u00f3 que \u201cahondar m\u00e1s en la historia de nuestro pa\u00eds y conocerla bien, permite trabajar en la construcci\u00f3n de un M\u00e9xico m\u00e1s justo y equitativo\u201d.<\/p>\n\n\n\n<p>M\u00e9xico en dos tiempos: 1521-1821 presenta 10 cap\u00edtulos en dos momentos, que re\u00fane colaboraciones de once investigadores nacionales e internacionales, coordinados por la Universidad Veracruzana, el Centro Universitario Las Am\u00e9ricas de Veracruz y la Universidad Crist\u00f3bal Col\u00f3n, con el apoyo de la Fundaci\u00f3n Citibanamex y el Ayuntamiento de C\u00f3rdoba.<\/p>\n\n\n\n<p>La obra invita al lector a conocer historias complementarias a la historia tradicional, desde la ca\u00edda de M\u00e9xico Tenochtitl\u00e1n hasta la firma de los Tratados de C\u00f3rdoba, documento clave en el proceso de consumaci\u00f3n de la independencia de M\u00e9xico.<\/p>\n\n\n\n<p>El libro M\u00e9xico en dos tiempos: 1521-1821 est\u00e1 disponible de manera digital en la plataforma www.lasamericas.mx o de manera f\u00edsica a trav\u00e9s de las librer\u00edas de la Universidad Veracruzana.<\/p>\n","protected":false},"excerpt":{"rendered":"<p>C\u00f3rdoba\u201cM\u00e9xico en dos tiempos: 1521-1821, es una obra que nos permite entender nuestro presente a trav\u00e9s de nuestro pasado\u201d, dijo Eder Antonio de Jes\u00fas Gallegos Ru\u00edz, profesor del Centro Universitario de las Am\u00e9ricas de Veracruz, al presentar esta obra como parte de las actividades acad\u00e9micas para conmemorar el bicentenario de la firma de los Tratados [&hellip;]<\/p>\n","protected":false},"author":2,"featured_media":0,"comment_status":"closed","ping_status":"closed","sticky":false,"template":"","format":"standard","meta":{"tdm_status":"","tdm_grid_status":"","footnotes":""},"categories":[73],"tags":[29976,751,29975,7641,395,29977,9289,195],"class_list":{"0":"post-78396","1":"post","2":"type-post","3":"status-publish","4":"format-standard","6":"category-de-boleto","7":"tag-centro-universitario-de-las-americas","8":"tag-cordoba","9":"tag-eder-antonio-de-jesus-gallegos-ruiz","10":"tag-leticia-lopez-landero","11":"tag-mexico","12":"tag-ricardo-teodoro-alejandrez","13":"tag-tratados-de-cordoba","14":"tag-veracruz"},"yoast_head":"<!-- This site is optimized with the Yoast SEO plugin v27.4 - https:\/\/yoast.com\/product\/yoast-seo-wordpress\/ -->\n<title>M\u00e9xico en dos tiempos: 1521-1821 - Los pol\u00edticos Veracruz<\/title>\n<meta name=\"robots\" content=\"index, follow, max-snippet:-1, max-image-preview:large, max-video-preview:-1\" \/>\n<link rel=\"canonical\" href=\"https:\/\/lospoliticosveracruz.com\/?p=78396\" \/>\n<meta property=\"og:locale\" content=\"es_ES\" \/>\n<meta property=\"og:type\" content=\"article\" \/>\n<meta property=\"og:title\" content=\"M\u00e9xico en dos tiempos: 1521-1821 - Los pol\u00edticos Veracruz\" \/>\n<meta property=\"og:description\" content=\"C\u00f3rdoba\u201cM\u00e9xico en dos tiempos: 1521-1821, es una obra que nos permite entender nuestro presente a trav\u00e9s de nuestro pasado\u201d, dijo Eder Antonio de Jes\u00fas Gallegos Ru\u00edz, profesor del Centro Universitario de las Am\u00e9ricas de Veracruz, al presentar esta obra como parte de las actividades acad\u00e9micas para conmemorar el bicentenario de la firma de los Tratados [&hellip;]\" \/>\n<meta property=\"og:url\" content=\"https:\/\/lospoliticosveracruz.com\/?p=78396\" \/>\n<meta property=\"og:site_name\" content=\"Los pol\u00edticos Veracruz\" \/>\n<meta property=\"article:publisher\" content=\"https:\/\/www.facebook.com\/people\/Notimemes-de-los-Polticos\/61565672886568\/\" \/>\n<meta property=\"article:published_time\" content=\"2021-08-22T14:22:58+00:00\" \/>\n<meta property=\"article:modified_time\" content=\"2021-08-22T14:25:48+00:00\" \/>\n<meta property=\"og:image\" content=\"http:\/\/www.lospoliticosveracruz.com.mx\/wp-content\/uploads\/2021\/08\/WhatsApp-Image-2021-08-02-at-12.46.36.jpeg\" \/>\n<meta name=\"author\" content=\"Lo viste en Los Pol\u00edticos\" \/>\n<meta name=\"twitter:card\" content=\"summary_large_image\" \/>\n<meta name=\"twitter:creator\" content=\"@LosPoliticosVer\" \/>\n<meta name=\"twitter:site\" content=\"@LosPoliticosVer\" \/>\n<meta name=\"twitter:label1\" content=\"Escrito por\" \/>\n\t<meta name=\"twitter:data1\" content=\"Lo viste en Los Pol\u00edticos\" \/>\n\t<meta name=\"twitter:label2\" content=\"Tiempo de lectura\" \/>\n\t<meta name=\"twitter:data2\" content=\"2 minutos\" \/>\n<script type=\"application\/ld+json\" class=\"yoast-schema-graph\">{\"@context\":\"https:\\\/\\\/schema.org\",\"@graph\":[{\"@type\":\"Article\",\"@id\":\"https:\\\/\\\/lospoliticosveracruz.com\\\/?p=78396#article\",\"isPartOf\":{\"@id\":\"https:\\\/\\\/lospoliticosveracruz.com\\\/?p=78396\"},\"author\":{\"name\":\"Lo viste en Los Pol\u00edticos\",\"@id\":\"https:\\\/\\\/lospoliticosveracruz.com\\\/#\\\/schema\\\/person\\\/b8702bb0e538456e6efd07080bf2a4a2\"},\"headline\":\"M\u00e9xico en dos tiempos: 1521-1821\",\"datePublished\":\"2021-08-22T14:22:58+00:00\",\"dateModified\":\"2021-08-22T14:25:48+00:00\",\"mainEntityOfPage\":{\"@id\":\"https:\\\/\\\/lospoliticosveracruz.com\\\/?p=78396\"},\"wordCount\":446,\"publisher\":{\"@id\":\"https:\\\/\\\/lospoliticosveracruz.com\\\/#organization\"},\"image\":{\"@id\":\"https:\\\/\\\/lospoliticosveracruz.com\\\/?p=78396#primaryimage\"},\"thumbnailUrl\":\"http:\\\/\\\/www.lospoliticosveracruz.com.mx\\\/wp-content\\\/uploads\\\/2021\\\/08\\\/WhatsApp-Image-2021-08-02-at-12.46.36.jpeg\",\"keywords\":[\"Centro Universitario de las Am\u00e9ricas\",\"C\u00f3rdoba\",\"Eder Antonio de Jes\u00fas Gallegos Ruiz\",\"Leticia L\u00f3pez Landero\",\"M\u00e9xico\",\"Ricardo Teodoro Alejandrez\",\"Tratados de C\u00f3rdoba\",\"Veracruz\"],\"articleSection\":[\"De Boleto\"],\"inLanguage\":\"es\"},{\"@type\":\"WebPage\",\"@id\":\"https:\\\/\\\/lospoliticosveracruz.com\\\/?p=78396\",\"url\":\"https:\\\/\\\/lospoliticosveracruz.com\\\/?p=78396\",\"name\":\"M\u00e9xico en dos tiempos: 1521-1821 - Los pol\u00edticos Veracruz\",\"isPartOf\":{\"@id\":\"https:\\\/\\\/lospoliticosveracruz.com\\\/#website\"},\"primaryImageOfPage\":{\"@id\":\"https:\\\/\\\/lospoliticosveracruz.com\\\/?p=78396#primaryimage\"},\"image\":{\"@id\":\"https:\\\/\\\/lospoliticosveracruz.com\\\/?p=78396#primaryimage\"},\"thumbnailUrl\":\"http:\\\/\\\/www.lospoliticosveracruz.com.mx\\\/wp-content\\\/uploads\\\/2021\\\/08\\\/WhatsApp-Image-2021-08-02-at-12.46.36.jpeg\",\"datePublished\":\"2021-08-22T14:22:58+00:00\",\"dateModified\":\"2021-08-22T14:25:48+00:00\",\"breadcrumb\":{\"@id\":\"https:\\\/\\\/lospoliticosveracruz.com\\\/?p=78396#breadcrumb\"},\"inLanguage\":\"es\",\"potentialAction\":[{\"@type\":\"ReadAction\",\"target\":[\"https:\\\/\\\/lospoliticosveracruz.com\\\/?p=78396\"]}]},{\"@type\":\"ImageObject\",\"inLanguage\":\"es\",\"@id\":\"https:\\\/\\\/lospoliticosveracruz.com\\\/?p=78396#primaryimage\",\"url\":\"http:\\\/\\\/www.lospoliticosveracruz.com.mx\\\/wp-content\\\/uploads\\\/2021\\\/08\\\/WhatsApp-Image-2021-08-02-at-12.46.36.jpeg\",\"contentUrl\":\"http:\\\/\\\/www.lospoliticosveracruz.com.mx\\\/wp-content\\\/uploads\\\/2021\\\/08\\\/WhatsApp-Image-2021-08-02-at-12.46.36.jpeg\"},{\"@type\":\"BreadcrumbList\",\"@id\":\"https:\\\/\\\/lospoliticosveracruz.com\\\/?p=78396#breadcrumb\",\"itemListElement\":[{\"@type\":\"ListItem\",\"position\":1,\"name\":\"Portada\",\"item\":\"https:\\\/\\\/lospoliticosveracruz.com\\\/\"},{\"@type\":\"ListItem\",\"position\":2,\"name\":\"M\u00e9xico en dos tiempos: 1521-1821\"}]},{\"@type\":\"WebSite\",\"@id\":\"https:\\\/\\\/lospoliticosveracruz.com\\\/#website\",\"url\":\"https:\\\/\\\/lospoliticosveracruz.com\\\/\",\"name\":\"Los pol\u00edticos Veracruz\",\"description\":\"\",\"publisher\":{\"@id\":\"https:\\\/\\\/lospoliticosveracruz.com\\\/#organization\"},\"potentialAction\":[{\"@type\":\"SearchAction\",\"target\":{\"@type\":\"EntryPoint\",\"urlTemplate\":\"https:\\\/\\\/lospoliticosveracruz.com\\\/?s={search_term_string}\"},\"query-input\":{\"@type\":\"PropertyValueSpecification\",\"valueRequired\":true,\"valueName\":\"search_term_string\"}}],\"inLanguage\":\"es\"},{\"@type\":\"Organization\",\"@id\":\"https:\\\/\\\/lospoliticosveracruz.com\\\/#organization\",\"name\":\"Los pol\u00edticos Veracruz\",\"url\":\"https:\\\/\\\/lospoliticosveracruz.com\\\/\",\"logo\":{\"@type\":\"ImageObject\",\"inLanguage\":\"es\",\"@id\":\"https:\\\/\\\/lospoliticosveracruz.com\\\/#\\\/schema\\\/logo\\\/image\\\/\",\"url\":\"https:\\\/\\\/lospoliticosveracruz.com\\\/wp-content\\\/uploads\\\/2025\\\/12\\\/Logo-Nuevo-LOS-POLITICOS-1.jpg\",\"contentUrl\":\"https:\\\/\\\/lospoliticosveracruz.com\\\/wp-content\\\/uploads\\\/2025\\\/12\\\/Logo-Nuevo-LOS-POLITICOS-1.jpg\",\"width\":260,\"height\":70,\"caption\":\"Los pol\u00edticos Veracruz\"},\"image\":{\"@id\":\"https:\\\/\\\/lospoliticosveracruz.com\\\/#\\\/schema\\\/logo\\\/image\\\/\"},\"sameAs\":[\"https:\\\/\\\/www.facebook.com\\\/people\\\/Notimemes-de-los-Polticos\\\/61565672886568\\\/\",\"https:\\\/\\\/x.com\\\/LosPoliticosVer\"]},{\"@type\":\"Person\",\"@id\":\"https:\\\/\\\/lospoliticosveracruz.com\\\/#\\\/schema\\\/person\\\/b8702bb0e538456e6efd07080bf2a4a2\",\"name\":\"Lo viste en Los Pol\u00edticos\",\"image\":{\"@type\":\"ImageObject\",\"inLanguage\":\"es\",\"@id\":\"https:\\\/\\\/secure.gravatar.com\\\/avatar\\\/3a8de04a2656d44082be478bd6c086daa447c4651605818287b9532d3d0bd435?s=96&d=mm&r=g\",\"url\":\"https:\\\/\\\/secure.gravatar.com\\\/avatar\\\/3a8de04a2656d44082be478bd6c086daa447c4651605818287b9532d3d0bd435?s=96&d=mm&r=g\",\"contentUrl\":\"https:\\\/\\\/secure.gravatar.com\\\/avatar\\\/3a8de04a2656d44082be478bd6c086daa447c4651605818287b9532d3d0bd435?s=96&d=mm&r=g\",\"caption\":\"Lo viste en Los Pol\u00edticos\"},\"url\":\"https:\\\/\\\/lospoliticosveracruz.com\\\/?author=2\"}]}<\/script>\n<!-- \/ Yoast SEO plugin. -->","yoast_head_json":{"title":"M\u00e9xico en dos tiempos: 1521-1821 - Los pol\u00edticos Veracruz","robots":{"index":"index","follow":"follow","max-snippet":"max-snippet:-1","max-image-preview":"max-image-preview:large","max-video-preview":"max-video-preview:-1"},"canonical":"https:\/\/lospoliticosveracruz.com\/?p=78396","og_locale":"es_ES","og_type":"article","og_title":"M\u00e9xico en dos tiempos: 1521-1821 - Los pol\u00edticos Veracruz","og_description":"C\u00f3rdoba\u201cM\u00e9xico en dos tiempos: 1521-1821, es una obra que nos permite entender nuestro presente a trav\u00e9s de nuestro pasado\u201d, dijo Eder Antonio de Jes\u00fas Gallegos Ru\u00edz, profesor del Centro Universitario de las Am\u00e9ricas de Veracruz, al presentar esta obra como parte de las actividades acad\u00e9micas para conmemorar el bicentenario de la firma de los Tratados [&hellip;]","og_url":"https:\/\/lospoliticosveracruz.com\/?p=78396","og_site_name":"Los pol\u00edticos Veracruz","article_publisher":"https:\/\/www.facebook.com\/people\/Notimemes-de-los-Polticos\/61565672886568\/","article_published_time":"2021-08-22T14:22:58+00:00","article_modified_time":"2021-08-22T14:25:48+00:00","og_image":[{"url":"http:\/\/www.lospoliticosveracruz.com.mx\/wp-content\/uploads\/2021\/08\/WhatsApp-Image-2021-08-02-at-12.46.36.jpeg","type":"","width":"","height":""}],"author":"Lo viste en Los Pol\u00edticos","twitter_card":"summary_large_image","twitter_creator":"@LosPoliticosVer","twitter_site":"@LosPoliticosVer","twitter_misc":{"Escrito por":"Lo viste en Los Pol\u00edticos","Tiempo de lectura":"2 minutos"},"schema":{"@context":"https:\/\/schema.org","@graph":[{"@type":"Article","@id":"https:\/\/lospoliticosveracruz.com\/?p=78396#article","isPartOf":{"@id":"https:\/\/lospoliticosveracruz.com\/?p=78396"},"author":{"name":"Lo viste en Los Pol\u00edticos","@id":"https:\/\/lospoliticosveracruz.com\/#\/schema\/person\/b8702bb0e538456e6efd07080bf2a4a2"},"headline":"M\u00e9xico en dos tiempos: 1521-1821","datePublished":"2021-08-22T14:22:58+00:00","dateModified":"2021-08-22T14:25:48+00:00","mainEntityOfPage":{"@id":"https:\/\/lospoliticosveracruz.com\/?p=78396"},"wordCount":446,"publisher":{"@id":"https:\/\/lospoliticosveracruz.com\/#organization"},"image":{"@id":"https:\/\/lospoliticosveracruz.com\/?p=78396#primaryimage"},"thumbnailUrl":"http:\/\/www.lospoliticosveracruz.com.mx\/wp-content\/uploads\/2021\/08\/WhatsApp-Image-2021-08-02-at-12.46.36.jpeg","keywords":["Centro Universitario de las Am\u00e9ricas","C\u00f3rdoba","Eder Antonio de Jes\u00fas Gallegos Ruiz","Leticia L\u00f3pez Landero","M\u00e9xico","Ricardo Teodoro Alejandrez","Tratados de C\u00f3rdoba","Veracruz"],"articleSection":["De Boleto"],"inLanguage":"es"},{"@type":"WebPage","@id":"https:\/\/lospoliticosveracruz.com\/?p=78396","url":"https:\/\/lospoliticosveracruz.com\/?p=78396","name":"M\u00e9xico en dos tiempos: 1521-1821 - Los pol\u00edticos Veracruz","isPartOf":{"@id":"https:\/\/lospoliticosveracruz.com\/#website"},"primaryImageOfPage":{"@id":"https:\/\/lospoliticosveracruz.com\/?p=78396#primaryimage"},"image":{"@id":"https:\/\/lospoliticosveracruz.com\/?p=78396#primaryimage"},"thumbnailUrl":"http:\/\/www.lospoliticosveracruz.com.mx\/wp-content\/uploads\/2021\/08\/WhatsApp-Image-2021-08-02-at-12.46.36.jpeg","datePublished":"2021-08-22T14:22:58+00:00","dateModified":"2021-08-22T14:25:48+00:00","breadcrumb":{"@id":"https:\/\/lospoliticosveracruz.com\/?p=78396#breadcrumb"},"inLanguage":"es","potentialAction":[{"@type":"ReadAction","target":["https:\/\/lospoliticosveracruz.com\/?p=78396"]}]},{"@type":"ImageObject","inLanguage":"es","@id":"https:\/\/lospoliticosveracruz.com\/?p=78396#primaryimage","url":"http:\/\/www.lospoliticosveracruz.com.mx\/wp-content\/uploads\/2021\/08\/WhatsApp-Image-2021-08-02-at-12.46.36.jpeg","contentUrl":"http:\/\/www.lospoliticosveracruz.com.mx\/wp-content\/uploads\/2021\/08\/WhatsApp-Image-2021-08-02-at-12.46.36.jpeg"},{"@type":"BreadcrumbList","@id":"https:\/\/lospoliticosveracruz.com\/?p=78396#breadcrumb","itemListElement":[{"@type":"ListItem","position":1,"name":"Portada","item":"https:\/\/lospoliticosveracruz.com\/"},{"@type":"ListItem","position":2,"name":"M\u00e9xico en dos tiempos: 1521-1821"}]},{"@type":"WebSite","@id":"https:\/\/lospoliticosveracruz.com\/#website","url":"https:\/\/lospoliticosveracruz.com\/","name":"Los pol\u00edticos Veracruz","description":"","publisher":{"@id":"https:\/\/lospoliticosveracruz.com\/#organization"},"potentialAction":[{"@type":"SearchAction","target":{"@type":"EntryPoint","urlTemplate":"https:\/\/lospoliticosveracruz.com\/?s={search_term_string}"},"query-input":{"@type":"PropertyValueSpecification","valueRequired":true,"valueName":"search_term_string"}}],"inLanguage":"es"},{"@type":"Organization","@id":"https:\/\/lospoliticosveracruz.com\/#organization","name":"Los pol\u00edticos Veracruz","url":"https:\/\/lospoliticosveracruz.com\/","logo":{"@type":"ImageObject","inLanguage":"es","@id":"https:\/\/lospoliticosveracruz.com\/#\/schema\/logo\/image\/","url":"https:\/\/lospoliticosveracruz.com\/wp-content\/uploads\/2025\/12\/Logo-Nuevo-LOS-POLITICOS-1.jpg","contentUrl":"https:\/\/lospoliticosveracruz.com\/wp-content\/uploads\/2025\/12\/Logo-Nuevo-LOS-POLITICOS-1.jpg","width":260,"height":70,"caption":"Los pol\u00edticos Veracruz"},"image":{"@id":"https:\/\/lospoliticosveracruz.com\/#\/schema\/logo\/image\/"},"sameAs":["https:\/\/www.facebook.com\/people\/Notimemes-de-los-Polticos\/61565672886568\/","https:\/\/x.com\/LosPoliticosVer"]},{"@type":"Person","@id":"https:\/\/lospoliticosveracruz.com\/#\/schema\/person\/b8702bb0e538456e6efd07080bf2a4a2","name":"Lo viste en Los Pol\u00edticos","image":{"@type":"ImageObject","inLanguage":"es","@id":"https:\/\/secure.gravatar.com\/avatar\/3a8de04a2656d44082be478bd6c086daa447c4651605818287b9532d3d0bd435?s=96&d=mm&r=g","url":"https:\/\/secure.gravatar.com\/avatar\/3a8de04a2656d44082be478bd6c086daa447c4651605818287b9532d3d0bd435?s=96&d=mm&r=g","contentUrl":"https:\/\/secure.gravatar.com\/avatar\/3a8de04a2656d44082be478bd6c086daa447c4651605818287b9532d3d0bd435?s=96&d=mm&r=g","caption":"Lo viste en Los Pol\u00edticos"},"url":"https:\/\/lospoliticosveracruz.com\/?author=2"}]}},"_links":{"self":[{"href":"https:\/\/lospoliticosveracruz.com\/index.php?rest_route=\/wp\/v2\/posts\/78396","targetHints":{"allow":["GET"]}}],"collection":[{"href":"https:\/\/lospoliticosveracruz.com\/index.php?rest_route=\/wp\/v2\/posts"}],"about":[{"href":"https:\/\/lospoliticosveracruz.com\/index.php?rest_route=\/wp\/v2\/types\/post"}],"author":[{"embeddable":true,"href":"https:\/\/lospoliticosveracruz.com\/index.php?rest_route=\/wp\/v2\/users\/2"}],"replies":[{"embeddable":true,"href":"https:\/\/lospoliticosveracruz.com\/index.php?rest_route=%2Fwp%2Fv2%2Fcomments&post=78396"}],"version-history":[{"count":2,"href":"https:\/\/lospoliticosveracruz.com\/index.php?rest_route=\/wp\/v2\/posts\/78396\/revisions"}],"predecessor-version":[{"id":78400,"href":"https:\/\/lospoliticosveracruz.com\/index.php?rest_route=\/wp\/v2\/posts\/78396\/revisions\/78400"}],"wp:attachment":[{"href":"https:\/\/lospoliticosveracruz.com\/index.php?rest_route=%2Fwp%2Fv2%2Fmedia&parent=78396"}],"wp:term":[{"taxonomy":"category","embeddable":true,"href":"https:\/\/lospoliticosveracruz.com\/index.php?rest_route=%2Fwp%2Fv2%2Fcategories&post=78396"},{"taxonomy":"post_tag","embeddable":true,"href":"https:\/\/lospoliticosveracruz.com\/index.php?rest_route=%2Fwp%2Fv2%2Ftags&post=78396"}],"curies":[{"name":"wp","href":"https:\/\/api.w.org\/{rel}","templated":true}]}}