{"id":78417,"date":"2021-08-22T14:16:38","date_gmt":"2021-08-22T19:16:38","guid":{"rendered":"http:\/\/www.lospoliticosveracruz.com.mx\/?p=78417"},"modified":"2021-08-22T14:16:42","modified_gmt":"2021-08-22T19:16:42","slug":"xalapa-es-una-ciudad-apocaliptica","status":"publish","type":"post","link":"https:\/\/lospoliticosveracruz.com\/?p=78417","title":{"rendered":"Xalapa es una ciudad apocal\u00edptica"},"content":{"rendered":"\n<p><strong>Manolo Victorio<\/strong><\/p>\n\n\n\n<p><em>Qu\u00e9 triste<\/em><br><em>Se oye la lluvia<\/em><br><em>En los techos de cart\u00f3n<\/em><br><em>Qu\u00e9 tristeVive mi gente<\/em><br><em>En las casas de cart\u00f3n.<\/em><\/p>\n\n\n\n<p>Xalapa es una ciudad apocal\u00edptica.&nbsp;<\/p>\n\n\n\n<p>La capital veracruzana es teatro crudo que nos devuelve una dolorosa realidad: el ensanchamiento de la mancha urbana mata las zonas boscosas, se convierte en una trampa para los seres humanos.<\/p>\n\n\n\n<p>Nadie deber\u00eda morir por el paso de un meteoro, dictan los manuales de Protecci\u00f3n Civil, recomiendan como merolicos funcionarios que montan teatros medi\u00e1ticos en persecuci\u00f3n del hurac\u00e1n.<\/p>\n\n\n\n<p>Esa es la teor\u00eda.<\/p>\n\n\n\n<p>La realidad nos golpea con un ata\u00fad navegando hacia la nada, corriente abajo, a los cinturones de miseria, a las barracas levantadas con palizada y cart\u00f3n en las afueras, en las faldas de los cerros y promontorios, donde sus habitantes son fantasmas precarios, olvidados de los olvidados, visibles s\u00f3lo en campa\u00f1as proselitistas donde se les identifica, se les mide y se les compra con votos, resultado final de entregas ama\u00f1adas de atados de l\u00e1mina, tinacos de pl\u00e1stico y despensas temporales.<\/p>\n\n\n\n<p>El f\u00e9retro bru\u00f1ido, barnizado con laca brillosa, flota en las callejuelas inundadas, donde corre el agua turbia, donde corren las desgracias, donde se desliza la muerte en viviendas api\u00f1adas, irregulares, sin el servicio m\u00e1s elemental, donde sus habitantes protagonizan cada temporada de lluvias la poes\u00eda de Al\u00ed Primera, en&nbsp;<em>\u2018las casas de cart\u00f3n\u2019<\/em>, despojados de la dignidad, sumidos a donde s\u00f3lo llegan la&nbsp;<em>Coca Cola<\/em>&nbsp;y las sectas religiosas.<\/p>\n\n\n\n<p>Una joven madre, Dora Isabel, amamanta a Mar\u00eda Fernanda, de 15 d\u00edas de nacida, cuando sobreviene la muerte, cuando el sue\u00f1o ya no tiene un despertar, disfrazada de talud, cubierta de toneladas de lodo que les segaron la vida tambi\u00e9n a los peque\u00f1os Kevin, Alexa,&nbsp;Jair y Cristofer.<\/p>\n\n\n\n<p>Los cuerpos de Kevin de 9 a\u00f1os, de Alex de 4 y Alexa de tres a\u00f1os, el de Cristofer de 5, son velados en un cuarto, despojo de su vivienda sepultada en la colonia Loma Bonita, en Xalapa, que ya se gan\u00f3 un lugar en el&nbsp;<em>Google Maps<\/em>de la tragedia, donde 133 asentamientos m\u00e1s que siguen en la t\u00f3mbola de la desgracia, en espera de aparecer en los titulares de las noticias, en los cabezales de los peri\u00f3dicos y en los cintillos de la televisi\u00f3n.<\/p>\n\n\n\n<p>En unos d\u00edas, cuando las im\u00e1genes los pol\u00edticos, gobernantes y hombres p\u00fablicos paleando el lodo, achicando la inundaci\u00f3n con una cubeta de&nbsp;<em>Casa Ahued<\/em>, moj\u00e1ndose la camisa para foto, pasen a la hemeroteca del olvido, tambi\u00e9n ser\u00e1 borrado recuerdo de una familia entera cuyo \u00fanico pecado fue haber nacido en la pobreza, emigrar a la ciudad para escapar de la miseria, encontrando en la urbe -oh paradoja sombr\u00eda-, a la muerte misma.<\/p>\n\n\n\n<p>Jos\u00e9 Luis Lima Franco, titular de finanzas en Veracruz aparece dos d\u00edas despu\u00e9s del paso destructor de \u2018Grace\u2019 por territorio nacional, su declaraci\u00f3n se basa en la existencia de 114 millones de pesos para hacerle frente a los estropicios creados por el meteoro.<\/p>\n\n\n\n<p>La pregunta es ociosa. \u00bfAlgo de esa bolsa le llegar\u00e1 a Ad\u00e1n Moreno, que en unas horas se qued\u00f3 sin c\u00f3nyuge, sin hijos, sin nada?<\/p>\n\n\n\n<p>El reporte preliminar, frio, dice que nueve personas fallecieron, adem\u00e1s de severas inundaciones y da\u00f1os en el estado de Veracruz provoc\u00f3 el paso del cicl\u00f3n \u2018Grace\u2019, degradado en las \u00faltimas horas a baja presi\u00f3n remanente, mientras avanza por el centro del pa\u00eds.<\/p>\n\n\n\n<p>Ahora le toc\u00f3 a Xalapa, el coraz\u00f3n pol\u00edtico del estado de Veracruz.<\/p>\n\n\n\n<p>La desgracia, de la que somos responsables todos, a\u00fan no termina.<\/p>\n\n\n\n<p>La temporada de lluvias y huracanas termina el 30 de noviembre.<\/p>\n\n\n\n<p>Cuando se agote el esquema, cuando el Plan \u2018A\u2019 se desgaste, tendremos que echar mano del Plan \u2018B\u2019: rezar para que la madre naturaleza sea benevolente con nosotros despu\u00e9s del da\u00f1o causado.<\/p>\n\n\n\n<p>@ManoloVictorio<\/p>\n","protected":false},"excerpt":{"rendered":"<p>Manolo Victorio Qu\u00e9 tristeSe oye la lluviaEn los techos de cart\u00f3nQu\u00e9 tristeVive mi genteEn las casas de cart\u00f3n. Xalapa es una ciudad apocal\u00edptica.&nbsp; La capital veracruzana es teatro crudo que nos devuelve una dolorosa realidad: el ensanchamiento de la mancha urbana mata las zonas boscosas, se convierte en una trampa para los seres humanos. Nadie [&hellip;]<\/p>\n","protected":false},"author":2,"featured_media":0,"comment_status":"closed","ping_status":"closed","sticky":false,"template":"","format":"standard","meta":{"tdm_status":"","tdm_grid_status":"","footnotes":""},"categories":[70],"tags":[29944,30010,206,195,96],"class_list":{"0":"post-78417","1":"post","2":"type-post","3":"status-publish","4":"format-standard","6":"category-de-opinion","7":"tag-huracan-grace-3","8":"tag-las-casas-de-carton","9":"tag-proteccion-civil","10":"tag-veracruz","11":"tag-xalapa"},"yoast_head":"<!-- This site is optimized with the Yoast SEO plugin v27.4 - https:\/\/yoast.com\/product\/yoast-seo-wordpress\/ -->\n<title>Xalapa es una ciudad apocal\u00edptica - Los pol\u00edticos Veracruz<\/title>\n<meta name=\"robots\" content=\"index, follow, max-snippet:-1, max-image-preview:large, max-video-preview:-1\" \/>\n<link rel=\"canonical\" href=\"https:\/\/lospoliticosveracruz.com\/?p=78417\" \/>\n<meta property=\"og:locale\" content=\"es_ES\" \/>\n<meta property=\"og:type\" content=\"article\" \/>\n<meta property=\"og:title\" content=\"Xalapa es una ciudad apocal\u00edptica - Los pol\u00edticos Veracruz\" \/>\n<meta property=\"og:description\" content=\"Manolo Victorio Qu\u00e9 tristeSe oye la lluviaEn los techos de cart\u00f3nQu\u00e9 tristeVive mi genteEn las casas de cart\u00f3n. Xalapa es una ciudad apocal\u00edptica.&nbsp; La capital veracruzana es teatro crudo que nos devuelve una dolorosa realidad: el ensanchamiento de la mancha urbana mata las zonas boscosas, se convierte en una trampa para los seres humanos. Nadie [&hellip;]\" \/>\n<meta property=\"og:url\" content=\"https:\/\/lospoliticosveracruz.com\/?p=78417\" \/>\n<meta property=\"og:site_name\" content=\"Los pol\u00edticos Veracruz\" \/>\n<meta property=\"article:publisher\" content=\"https:\/\/www.facebook.com\/people\/Notimemes-de-los-Polticos\/61565672886568\/\" \/>\n<meta property=\"article:published_time\" content=\"2021-08-22T19:16:38+00:00\" \/>\n<meta property=\"article:modified_time\" content=\"2021-08-22T19:16:42+00:00\" \/>\n<meta property=\"og:image\" content=\"https:\/\/lospoliticosveracruz.com\/wp-content\/uploads\/2016\/07\/Logo-Dor.jpg\" \/>\n\t<meta property=\"og:image:width\" content=\"200\" \/>\n\t<meta property=\"og:image:height\" content=\"200\" \/>\n\t<meta property=\"og:image:type\" content=\"image\/jpeg\" \/>\n<meta name=\"author\" content=\"Lo viste en Los Pol\u00edticos\" \/>\n<meta name=\"twitter:card\" content=\"summary_large_image\" \/>\n<meta name=\"twitter:creator\" content=\"@LosPoliticosVer\" \/>\n<meta name=\"twitter:site\" content=\"@LosPoliticosVer\" \/>\n<meta name=\"twitter:label1\" content=\"Escrito por\" \/>\n\t<meta name=\"twitter:data1\" content=\"Lo viste en Los Pol\u00edticos\" \/>\n\t<meta name=\"twitter:label2\" content=\"Tiempo de lectura\" \/>\n\t<meta name=\"twitter:data2\" content=\"3 minutos\" \/>\n<script type=\"application\/ld+json\" class=\"yoast-schema-graph\">{\"@context\":\"https:\\\/\\\/schema.org\",\"@graph\":[{\"@type\":\"Article\",\"@id\":\"https:\\\/\\\/lospoliticosveracruz.com\\\/?p=78417#article\",\"isPartOf\":{\"@id\":\"https:\\\/\\\/lospoliticosveracruz.com\\\/?p=78417\"},\"author\":{\"name\":\"Lo viste en Los Pol\u00edticos\",\"@id\":\"https:\\\/\\\/lospoliticosveracruz.com\\\/#\\\/schema\\\/person\\\/b8702bb0e538456e6efd07080bf2a4a2\"},\"headline\":\"Xalapa es una ciudad apocal\u00edptica\",\"datePublished\":\"2021-08-22T19:16:38+00:00\",\"dateModified\":\"2021-08-22T19:16:42+00:00\",\"mainEntityOfPage\":{\"@id\":\"https:\\\/\\\/lospoliticosveracruz.com\\\/?p=78417\"},\"wordCount\":683,\"publisher\":{\"@id\":\"https:\\\/\\\/lospoliticosveracruz.com\\\/#organization\"},\"keywords\":[\"Hurac\u00e1n Grace\",\"Las casas de cart\u00f3n\",\"Protecci\u00f3n Civil\",\"Veracruz\",\"Xalapa\"],\"articleSection\":[\"De Opini\u00f3n\"],\"inLanguage\":\"es\"},{\"@type\":\"WebPage\",\"@id\":\"https:\\\/\\\/lospoliticosveracruz.com\\\/?p=78417\",\"url\":\"https:\\\/\\\/lospoliticosveracruz.com\\\/?p=78417\",\"name\":\"Xalapa es una ciudad apocal\u00edptica - Los pol\u00edticos Veracruz\",\"isPartOf\":{\"@id\":\"https:\\\/\\\/lospoliticosveracruz.com\\\/#website\"},\"datePublished\":\"2021-08-22T19:16:38+00:00\",\"dateModified\":\"2021-08-22T19:16:42+00:00\",\"breadcrumb\":{\"@id\":\"https:\\\/\\\/lospoliticosveracruz.com\\\/?p=78417#breadcrumb\"},\"inLanguage\":\"es\",\"potentialAction\":[{\"@type\":\"ReadAction\",\"target\":[\"https:\\\/\\\/lospoliticosveracruz.com\\\/?p=78417\"]}]},{\"@type\":\"BreadcrumbList\",\"@id\":\"https:\\\/\\\/lospoliticosveracruz.com\\\/?p=78417#breadcrumb\",\"itemListElement\":[{\"@type\":\"ListItem\",\"position\":1,\"name\":\"Portada\",\"item\":\"https:\\\/\\\/lospoliticosveracruz.com\\\/\"},{\"@type\":\"ListItem\",\"position\":2,\"name\":\"Xalapa es una ciudad apocal\u00edptica\"}]},{\"@type\":\"WebSite\",\"@id\":\"https:\\\/\\\/lospoliticosveracruz.com\\\/#website\",\"url\":\"https:\\\/\\\/lospoliticosveracruz.com\\\/\",\"name\":\"Los pol\u00edticos Veracruz\",\"description\":\"\",\"publisher\":{\"@id\":\"https:\\\/\\\/lospoliticosveracruz.com\\\/#organization\"},\"potentialAction\":[{\"@type\":\"SearchAction\",\"target\":{\"@type\":\"EntryPoint\",\"urlTemplate\":\"https:\\\/\\\/lospoliticosveracruz.com\\\/?s={search_term_string}\"},\"query-input\":{\"@type\":\"PropertyValueSpecification\",\"valueRequired\":true,\"valueName\":\"search_term_string\"}}],\"inLanguage\":\"es\"},{\"@type\":\"Organization\",\"@id\":\"https:\\\/\\\/lospoliticosveracruz.com\\\/#organization\",\"name\":\"Los pol\u00edticos Veracruz\",\"url\":\"https:\\\/\\\/lospoliticosveracruz.com\\\/\",\"logo\":{\"@type\":\"ImageObject\",\"inLanguage\":\"es\",\"@id\":\"https:\\\/\\\/lospoliticosveracruz.com\\\/#\\\/schema\\\/logo\\\/image\\\/\",\"url\":\"https:\\\/\\\/lospoliticosveracruz.com\\\/wp-content\\\/uploads\\\/2025\\\/12\\\/Logo-Nuevo-LOS-POLITICOS-1.jpg\",\"contentUrl\":\"https:\\\/\\\/lospoliticosveracruz.com\\\/wp-content\\\/uploads\\\/2025\\\/12\\\/Logo-Nuevo-LOS-POLITICOS-1.jpg\",\"width\":260,\"height\":70,\"caption\":\"Los pol\u00edticos Veracruz\"},\"image\":{\"@id\":\"https:\\\/\\\/lospoliticosveracruz.com\\\/#\\\/schema\\\/logo\\\/image\\\/\"},\"sameAs\":[\"https:\\\/\\\/www.facebook.com\\\/people\\\/Notimemes-de-los-Polticos\\\/61565672886568\\\/\",\"https:\\\/\\\/x.com\\\/LosPoliticosVer\"]},{\"@type\":\"Person\",\"@id\":\"https:\\\/\\\/lospoliticosveracruz.com\\\/#\\\/schema\\\/person\\\/b8702bb0e538456e6efd07080bf2a4a2\",\"name\":\"Lo viste en Los Pol\u00edticos\",\"image\":{\"@type\":\"ImageObject\",\"inLanguage\":\"es\",\"@id\":\"https:\\\/\\\/secure.gravatar.com\\\/avatar\\\/3a8de04a2656d44082be478bd6c086daa447c4651605818287b9532d3d0bd435?s=96&d=mm&r=g\",\"url\":\"https:\\\/\\\/secure.gravatar.com\\\/avatar\\\/3a8de04a2656d44082be478bd6c086daa447c4651605818287b9532d3d0bd435?s=96&d=mm&r=g\",\"contentUrl\":\"https:\\\/\\\/secure.gravatar.com\\\/avatar\\\/3a8de04a2656d44082be478bd6c086daa447c4651605818287b9532d3d0bd435?s=96&d=mm&r=g\",\"caption\":\"Lo viste en Los Pol\u00edticos\"},\"url\":\"https:\\\/\\\/lospoliticosveracruz.com\\\/?author=2\"}]}<\/script>\n<!-- \/ Yoast SEO plugin. -->","yoast_head_json":{"title":"Xalapa es una ciudad apocal\u00edptica - Los pol\u00edticos Veracruz","robots":{"index":"index","follow":"follow","max-snippet":"max-snippet:-1","max-image-preview":"max-image-preview:large","max-video-preview":"max-video-preview:-1"},"canonical":"https:\/\/lospoliticosveracruz.com\/?p=78417","og_locale":"es_ES","og_type":"article","og_title":"Xalapa es una ciudad apocal\u00edptica - Los pol\u00edticos Veracruz","og_description":"Manolo Victorio Qu\u00e9 tristeSe oye la lluviaEn los techos de cart\u00f3nQu\u00e9 tristeVive mi genteEn las casas de cart\u00f3n. Xalapa es una ciudad apocal\u00edptica.&nbsp; La capital veracruzana es teatro crudo que nos devuelve una dolorosa realidad: el ensanchamiento de la mancha urbana mata las zonas boscosas, se convierte en una trampa para los seres humanos. Nadie [&hellip;]","og_url":"https:\/\/lospoliticosveracruz.com\/?p=78417","og_site_name":"Los pol\u00edticos Veracruz","article_publisher":"https:\/\/www.facebook.com\/people\/Notimemes-de-los-Polticos\/61565672886568\/","article_published_time":"2021-08-22T19:16:38+00:00","article_modified_time":"2021-08-22T19:16:42+00:00","og_image":[{"width":200,"height":200,"url":"https:\/\/lospoliticosveracruz.com\/wp-content\/uploads\/2016\/07\/Logo-Dor.jpg","type":"image\/jpeg"}],"author":"Lo viste en Los Pol\u00edticos","twitter_card":"summary_large_image","twitter_creator":"@LosPoliticosVer","twitter_site":"@LosPoliticosVer","twitter_misc":{"Escrito por":"Lo viste en Los Pol\u00edticos","Tiempo de lectura":"3 minutos"},"schema":{"@context":"https:\/\/schema.org","@graph":[{"@type":"Article","@id":"https:\/\/lospoliticosveracruz.com\/?p=78417#article","isPartOf":{"@id":"https:\/\/lospoliticosveracruz.com\/?p=78417"},"author":{"name":"Lo viste en Los Pol\u00edticos","@id":"https:\/\/lospoliticosveracruz.com\/#\/schema\/person\/b8702bb0e538456e6efd07080bf2a4a2"},"headline":"Xalapa es una ciudad apocal\u00edptica","datePublished":"2021-08-22T19:16:38+00:00","dateModified":"2021-08-22T19:16:42+00:00","mainEntityOfPage":{"@id":"https:\/\/lospoliticosveracruz.com\/?p=78417"},"wordCount":683,"publisher":{"@id":"https:\/\/lospoliticosveracruz.com\/#organization"},"keywords":["Hurac\u00e1n Grace","Las casas de cart\u00f3n","Protecci\u00f3n Civil","Veracruz","Xalapa"],"articleSection":["De Opini\u00f3n"],"inLanguage":"es"},{"@type":"WebPage","@id":"https:\/\/lospoliticosveracruz.com\/?p=78417","url":"https:\/\/lospoliticosveracruz.com\/?p=78417","name":"Xalapa es una ciudad apocal\u00edptica - Los pol\u00edticos Veracruz","isPartOf":{"@id":"https:\/\/lospoliticosveracruz.com\/#website"},"datePublished":"2021-08-22T19:16:38+00:00","dateModified":"2021-08-22T19:16:42+00:00","breadcrumb":{"@id":"https:\/\/lospoliticosveracruz.com\/?p=78417#breadcrumb"},"inLanguage":"es","potentialAction":[{"@type":"ReadAction","target":["https:\/\/lospoliticosveracruz.com\/?p=78417"]}]},{"@type":"BreadcrumbList","@id":"https:\/\/lospoliticosveracruz.com\/?p=78417#breadcrumb","itemListElement":[{"@type":"ListItem","position":1,"name":"Portada","item":"https:\/\/lospoliticosveracruz.com\/"},{"@type":"ListItem","position":2,"name":"Xalapa es una ciudad apocal\u00edptica"}]},{"@type":"WebSite","@id":"https:\/\/lospoliticosveracruz.com\/#website","url":"https:\/\/lospoliticosveracruz.com\/","name":"Los pol\u00edticos Veracruz","description":"","publisher":{"@id":"https:\/\/lospoliticosveracruz.com\/#organization"},"potentialAction":[{"@type":"SearchAction","target":{"@type":"EntryPoint","urlTemplate":"https:\/\/lospoliticosveracruz.com\/?s={search_term_string}"},"query-input":{"@type":"PropertyValueSpecification","valueRequired":true,"valueName":"search_term_string"}}],"inLanguage":"es"},{"@type":"Organization","@id":"https:\/\/lospoliticosveracruz.com\/#organization","name":"Los pol\u00edticos Veracruz","url":"https:\/\/lospoliticosveracruz.com\/","logo":{"@type":"ImageObject","inLanguage":"es","@id":"https:\/\/lospoliticosveracruz.com\/#\/schema\/logo\/image\/","url":"https:\/\/lospoliticosveracruz.com\/wp-content\/uploads\/2025\/12\/Logo-Nuevo-LOS-POLITICOS-1.jpg","contentUrl":"https:\/\/lospoliticosveracruz.com\/wp-content\/uploads\/2025\/12\/Logo-Nuevo-LOS-POLITICOS-1.jpg","width":260,"height":70,"caption":"Los pol\u00edticos Veracruz"},"image":{"@id":"https:\/\/lospoliticosveracruz.com\/#\/schema\/logo\/image\/"},"sameAs":["https:\/\/www.facebook.com\/people\/Notimemes-de-los-Polticos\/61565672886568\/","https:\/\/x.com\/LosPoliticosVer"]},{"@type":"Person","@id":"https:\/\/lospoliticosveracruz.com\/#\/schema\/person\/b8702bb0e538456e6efd07080bf2a4a2","name":"Lo viste en Los Pol\u00edticos","image":{"@type":"ImageObject","inLanguage":"es","@id":"https:\/\/secure.gravatar.com\/avatar\/3a8de04a2656d44082be478bd6c086daa447c4651605818287b9532d3d0bd435?s=96&d=mm&r=g","url":"https:\/\/secure.gravatar.com\/avatar\/3a8de04a2656d44082be478bd6c086daa447c4651605818287b9532d3d0bd435?s=96&d=mm&r=g","contentUrl":"https:\/\/secure.gravatar.com\/avatar\/3a8de04a2656d44082be478bd6c086daa447c4651605818287b9532d3d0bd435?s=96&d=mm&r=g","caption":"Lo viste en Los Pol\u00edticos"},"url":"https:\/\/lospoliticosveracruz.com\/?author=2"}]}},"_links":{"self":[{"href":"https:\/\/lospoliticosveracruz.com\/index.php?rest_route=\/wp\/v2\/posts\/78417","targetHints":{"allow":["GET"]}}],"collection":[{"href":"https:\/\/lospoliticosveracruz.com\/index.php?rest_route=\/wp\/v2\/posts"}],"about":[{"href":"https:\/\/lospoliticosveracruz.com\/index.php?rest_route=\/wp\/v2\/types\/post"}],"author":[{"embeddable":true,"href":"https:\/\/lospoliticosveracruz.com\/index.php?rest_route=\/wp\/v2\/users\/2"}],"replies":[{"embeddable":true,"href":"https:\/\/lospoliticosveracruz.com\/index.php?rest_route=%2Fwp%2Fv2%2Fcomments&post=78417"}],"version-history":[{"count":1,"href":"https:\/\/lospoliticosveracruz.com\/index.php?rest_route=\/wp\/v2\/posts\/78417\/revisions"}],"predecessor-version":[{"id":78419,"href":"https:\/\/lospoliticosveracruz.com\/index.php?rest_route=\/wp\/v2\/posts\/78417\/revisions\/78419"}],"wp:attachment":[{"href":"https:\/\/lospoliticosveracruz.com\/index.php?rest_route=%2Fwp%2Fv2%2Fmedia&parent=78417"}],"wp:term":[{"taxonomy":"category","embeddable":true,"href":"https:\/\/lospoliticosveracruz.com\/index.php?rest_route=%2Fwp%2Fv2%2Fcategories&post=78417"},{"taxonomy":"post_tag","embeddable":true,"href":"https:\/\/lospoliticosveracruz.com\/index.php?rest_route=%2Fwp%2Fv2%2Ftags&post=78417"}],"curies":[{"name":"wp","href":"https:\/\/api.w.org\/{rel}","templated":true}]}}