{"id":78447,"date":"2021-08-23T11:33:58","date_gmt":"2021-08-23T16:33:58","guid":{"rendered":"http:\/\/www.lospoliticosveracruz.com.mx\/?p=78447"},"modified":"2021-08-23T11:34:02","modified_gmt":"2021-08-23T16:34:02","slug":"la-reparacion-de-danos-de-grace","status":"publish","type":"post","link":"https:\/\/lospoliticosveracruz.com\/?p=78447","title":{"rendered":"La reparaci\u00f3n de da\u00f1os de Grace"},"content":{"rendered":"\n<p><strong>Miguel Angel Cristiani Gonzalez<br><\/strong><em>Bit\u00e1cora Pol\u00edtica<\/em><\/p>\n\n\n\n<p><br>\u00abVamos a estar en Veracruz desde ma\u00f1ana por la tarde noche, vamos a estar en la ceremonia de los tratados de C\u00f3rdoba al medio d\u00eda y posteriormente en Xalapa. Vamos a tener una reuni\u00f3n para iniciar un plan de apoyo a damnificados\u00bb<br>As\u00ed lo anunci\u00f3 en su conferencia de prensa ma\u00f1anera este lunes, el presidente de la rep\u00fablica Andr\u00e9s Manuel L\u00f3pez Obrador.<\/p>\n\n\n\n<div class=\"wp-block-image\"><figure class=\"alignleft size-large is-resized\"><a href=\"http:\/\/www.lospoliticosveracruz.com.mx\/wp-content\/uploads\/2021\/08\/Varadero.jpg\"><img loading=\"lazy\" decoding=\"async\" src=\"http:\/\/www.lospoliticosveracruz.com.mx\/wp-content\/uploads\/2021\/08\/Varadero-576x1024.jpg\" alt=\"\" class=\"wp-image-78147\" width=\"288\" height=\"512\"\/><\/a><\/figure><\/div>\n\n\n\n<p><br>Y que bueno, que personalmente el primer mandatario de la naci\u00f3n, venga a poner en marcha \u201cun plan\u201d para atender a los damnificados veracruzanos por el paso del hurac\u00e1n Grace este fin de semana.<br>Ojal\u00e1 y cuando menos, se venga a dar una vueltecita por la orilla del r\u00edo Sede\u00f1o, en donde fallecieron seis miembros de una familia y \u00fanicamente sobrevivi\u00f3 el padre.<br>Pero no como el \u201crecorrido\u201d que fue a hacer el todav\u00eda presidente municipal de Xalapa Hip\u00f3lito Rodr\u00edguez que fue a tomarse la foto, mal agarrando una pala, para limpiar escombros, pero sin mayores consecuencias.<br>Que no se trata de una visita presidencial de gabinete, en palacio de gobierno, para recibir informes de los da\u00f1os, sino que vaya a recorrer las zonas afectadas en los m\u00e1rgenes de los r\u00edos Pantepec, Cazones y Tecolutla, para que escuche directamente de los afectados cu\u00e1les son sus necesidades y les d\u00e9 una respuesta directa.<br>Precisamente en Tecolutla, este fin de semana estuvo el gobernador Cuitl\u00e1huac Garc\u00eda Jim\u00e9nez, en donde los afectados le pidieron que no se tardaran 90 d\u00edas en llegar la ayuda, como les hab\u00edan prometido, sino que el env\u00edo de l\u00e1minas para cubrir sus techos fuera de manera inmediata.<br>Porque ahora que desapareci\u00f3 el llamado Fondo Nacional de Desastres Naturales, el famoso FONDEN, que era de donde se obten\u00edan los recursos econ\u00f3micos federales para dar respuesta a los da\u00f1os causados por huracanes, inundaciones o terremotos, ahora cada estado debe de atender como pueda.<br>Lo bueno es que aqu\u00ed en Veracruz, se cuenta con un seguro para desastres contratado por el gobierno del estado y los apoyos que pueda enviar la federaci\u00f3n.<br>Como al paso del hurac\u00e1n Grace se cort\u00f3 la luz en buena parte del norte del estado, no se pudo tener la informaci\u00f3n m\u00e1s precisa, de los da\u00f1os causados a la poblaci\u00f3n.<br>Se supone, que los ayuntamientos son la primera l\u00ednea de respuesta, que como tambi\u00e9n se supone que ya deben de tener su respectivo plan de atenci\u00f3n a emergencias y la detecci\u00f3n de los sitios de peligro, ahora debieran de ser los encargados directos de reportar los da\u00f1os para poder solicitar la ayuda necesaria.<br>Pero como siempre sucede, que la ayuda oficial nunca llega o es insuficiente, ya se empezaron a organizar colectas para llevar despensas y art\u00edculos indispensables a los afectados, incluso entre las mismas dependencias de gobierno.<br>Por lo pronto, ya se anunci\u00f3 que van a mandar aviones con agua, aunque ese no es el problema.<br>Tambi\u00e9n en las benditas redes sociales, empezaron a circular ya videos de habitantes de las zonas afectadas que est\u00e1n pidiendo ayuda.<br>Entre los v\u00eddeos que se est\u00e1 haciendo viral, es uno de los tr\u00e1ileres que est\u00e1n estacionados en el malec\u00f3n del puerto de Veracruz, para cargas barcos con la \u201cayuda humanitaria\u201d que se va a mandar a Hait\u00ed.<br>Se comenta que esos camiones deber\u00edan de ser enviados no al extranjero, para servir de \u201ccandil de la calle y obscuridad de la casa\u201d, sino a los municipios veracruzanos afectados por el hurac\u00e1n Grace.<br>Tambi\u00e9n se anuncia que vendr\u00e1n de otros estados vecinos a apoyar a Veracruz.<br>Lo cierto es que no hace falta que vengan de otros lados, lo que hace falta es ponerse a trabajar en lo que ya se tiene detectado en los atlas municipales de riesgo, para reubicar a las familias -que como la que se muri\u00f3- viven en las m\u00e1rgenes de los r\u00edos por no contar con un terreno seguro donde vivir o est\u00e1n en las laderas de los cerros, que con las lluvias se deslavan y causan una desgracia.<br>No hay que aplicar una pol\u00edtica de remedios, de que luego del ni\u00f1o ahogado, se tapa el pozo, sino que se tienen que mejorar las condiciones de vida de esas familias, que est\u00e1n en los sitios de riesgo, para no tener que lamentar -como lo hacen ahora- la p\u00e9rdida de vidas humanas.<br>Habr\u00e1 que estar pendientes de lo que vendr\u00e1 a decirnos ma\u00f1ana nuestro se\u00f1or presidente, aunque ya sabemos lo que ha repetido en infinidad de ocasiones, que desapareci\u00f3 el FONDEN porque era una robadera y no llegaban los apoyos y la ayuda a los necesitados.<br>A ver si ahora s\u00ed.<\/p>\n","protected":false},"excerpt":{"rendered":"<p>Miguel Angel Cristiani GonzalezBit\u00e1cora Pol\u00edtica \u00abVamos a estar en Veracruz desde ma\u00f1ana por la tarde noche, vamos a estar en la ceremonia de los tratados de C\u00f3rdoba al medio d\u00eda y posteriormente en Xalapa. Vamos a tener una reuni\u00f3n para iniciar un plan de apoyo a damnificados\u00bbAs\u00ed lo anunci\u00f3 en su conferencia de prensa ma\u00f1anera [&hellip;]<\/p>\n","protected":false},"author":2,"featured_media":0,"comment_status":"closed","ping_status":"closed","sticky":false,"template":"","format":"standard","meta":{"tdm_status":"","tdm_grid_status":"","footnotes":""},"categories":[70],"tags":[618,1563,9649,11188,7620,29944,29882,9289,195],"class_list":{"0":"post-78447","1":"post","2":"type-post","3":"status-publish","4":"format-standard","6":"category-de-opinion","7":"tag-andres-manuel-lopez-obrador","8":"tag-cuitlahuac-garcia-jimenez","9":"tag-fonden","10":"tag-haiti","11":"tag-hipolito-rodriguez-herrero","12":"tag-huracan-grace-3","13":"tag-miguel-angel-cristiani-gonzalez","14":"tag-tratados-de-cordoba","15":"tag-veracruz"},"yoast_head":"<!-- This site is optimized with the Yoast SEO plugin v27.4 - https:\/\/yoast.com\/product\/yoast-seo-wordpress\/ -->\n<title>La reparaci\u00f3n de da\u00f1os de Grace - Los pol\u00edticos Veracruz<\/title>\n<meta name=\"robots\" content=\"index, follow, max-snippet:-1, max-image-preview:large, max-video-preview:-1\" \/>\n<link rel=\"canonical\" href=\"https:\/\/lospoliticosveracruz.com\/?p=78447\" \/>\n<meta property=\"og:locale\" content=\"es_ES\" \/>\n<meta property=\"og:type\" content=\"article\" \/>\n<meta property=\"og:title\" content=\"La reparaci\u00f3n de da\u00f1os de Grace - Los pol\u00edticos Veracruz\" \/>\n<meta property=\"og:description\" content=\"Miguel Angel Cristiani GonzalezBit\u00e1cora Pol\u00edtica \u00abVamos a estar en Veracruz desde ma\u00f1ana por la tarde noche, vamos a estar en la ceremonia de los tratados de C\u00f3rdoba al medio d\u00eda y posteriormente en Xalapa. Vamos a tener una reuni\u00f3n para iniciar un plan de apoyo a damnificados\u00bbAs\u00ed lo anunci\u00f3 en su conferencia de prensa ma\u00f1anera [&hellip;]\" \/>\n<meta property=\"og:url\" content=\"https:\/\/lospoliticosveracruz.com\/?p=78447\" \/>\n<meta property=\"og:site_name\" content=\"Los pol\u00edticos Veracruz\" \/>\n<meta property=\"article:publisher\" content=\"https:\/\/www.facebook.com\/people\/Notimemes-de-los-Polticos\/61565672886568\/\" \/>\n<meta property=\"article:published_time\" content=\"2021-08-23T16:33:58+00:00\" \/>\n<meta property=\"article:modified_time\" content=\"2021-08-23T16:34:02+00:00\" \/>\n<meta property=\"og:image\" content=\"http:\/\/www.lospoliticosveracruz.com.mx\/wp-content\/uploads\/2021\/08\/Varadero-576x1024.jpg\" \/>\n<meta name=\"author\" content=\"Lo viste en Los Pol\u00edticos\" \/>\n<meta name=\"twitter:card\" content=\"summary_large_image\" \/>\n<meta name=\"twitter:creator\" content=\"@LosPoliticosVer\" \/>\n<meta name=\"twitter:site\" content=\"@LosPoliticosVer\" \/>\n<meta name=\"twitter:label1\" content=\"Escrito por\" \/>\n\t<meta name=\"twitter:data1\" content=\"Lo viste en Los Pol\u00edticos\" \/>\n\t<meta name=\"twitter:label2\" content=\"Tiempo de lectura\" \/>\n\t<meta name=\"twitter:data2\" content=\"4 minutos\" \/>\n<script type=\"application\/ld+json\" class=\"yoast-schema-graph\">{\"@context\":\"https:\\\/\\\/schema.org\",\"@graph\":[{\"@type\":\"Article\",\"@id\":\"https:\\\/\\\/lospoliticosveracruz.com\\\/?p=78447#article\",\"isPartOf\":{\"@id\":\"https:\\\/\\\/lospoliticosveracruz.com\\\/?p=78447\"},\"author\":{\"name\":\"Lo viste en Los Pol\u00edticos\",\"@id\":\"https:\\\/\\\/lospoliticosveracruz.com\\\/#\\\/schema\\\/person\\\/b8702bb0e538456e6efd07080bf2a4a2\"},\"headline\":\"La reparaci\u00f3n de da\u00f1os de Grace\",\"datePublished\":\"2021-08-23T16:33:58+00:00\",\"dateModified\":\"2021-08-23T16:34:02+00:00\",\"mainEntityOfPage\":{\"@id\":\"https:\\\/\\\/lospoliticosveracruz.com\\\/?p=78447\"},\"wordCount\":832,\"publisher\":{\"@id\":\"https:\\\/\\\/lospoliticosveracruz.com\\\/#organization\"},\"image\":{\"@id\":\"https:\\\/\\\/lospoliticosveracruz.com\\\/?p=78447#primaryimage\"},\"thumbnailUrl\":\"http:\\\/\\\/www.lospoliticosveracruz.com.mx\\\/wp-content\\\/uploads\\\/2021\\\/08\\\/Varadero-576x1024.jpg\",\"keywords\":[\"Andr\u00e9s Manuel L\u00f3pez Obrador\",\"Cuitl\u00e1huac Garc\u00eda Jim\u00e9nez\",\"Fonden\",\"Hait\u00ed\",\"Hip\u00f3lito Rodr\u00edguez Herrero\",\"Hurac\u00e1n Grace\",\"Miguel Angel Cristiani Gonzalez\",\"Tratados de C\u00f3rdoba\",\"Veracruz\"],\"articleSection\":[\"De Opini\u00f3n\"],\"inLanguage\":\"es\"},{\"@type\":\"WebPage\",\"@id\":\"https:\\\/\\\/lospoliticosveracruz.com\\\/?p=78447\",\"url\":\"https:\\\/\\\/lospoliticosveracruz.com\\\/?p=78447\",\"name\":\"La reparaci\u00f3n de da\u00f1os de Grace - Los pol\u00edticos Veracruz\",\"isPartOf\":{\"@id\":\"https:\\\/\\\/lospoliticosveracruz.com\\\/#website\"},\"primaryImageOfPage\":{\"@id\":\"https:\\\/\\\/lospoliticosveracruz.com\\\/?p=78447#primaryimage\"},\"image\":{\"@id\":\"https:\\\/\\\/lospoliticosveracruz.com\\\/?p=78447#primaryimage\"},\"thumbnailUrl\":\"http:\\\/\\\/www.lospoliticosveracruz.com.mx\\\/wp-content\\\/uploads\\\/2021\\\/08\\\/Varadero-576x1024.jpg\",\"datePublished\":\"2021-08-23T16:33:58+00:00\",\"dateModified\":\"2021-08-23T16:34:02+00:00\",\"breadcrumb\":{\"@id\":\"https:\\\/\\\/lospoliticosveracruz.com\\\/?p=78447#breadcrumb\"},\"inLanguage\":\"es\",\"potentialAction\":[{\"@type\":\"ReadAction\",\"target\":[\"https:\\\/\\\/lospoliticosveracruz.com\\\/?p=78447\"]}]},{\"@type\":\"ImageObject\",\"inLanguage\":\"es\",\"@id\":\"https:\\\/\\\/lospoliticosveracruz.com\\\/?p=78447#primaryimage\",\"url\":\"http:\\\/\\\/www.lospoliticosveracruz.com.mx\\\/wp-content\\\/uploads\\\/2021\\\/08\\\/Varadero-576x1024.jpg\",\"contentUrl\":\"http:\\\/\\\/www.lospoliticosveracruz.com.mx\\\/wp-content\\\/uploads\\\/2021\\\/08\\\/Varadero-576x1024.jpg\"},{\"@type\":\"BreadcrumbList\",\"@id\":\"https:\\\/\\\/lospoliticosveracruz.com\\\/?p=78447#breadcrumb\",\"itemListElement\":[{\"@type\":\"ListItem\",\"position\":1,\"name\":\"Portada\",\"item\":\"https:\\\/\\\/lospoliticosveracruz.com\\\/\"},{\"@type\":\"ListItem\",\"position\":2,\"name\":\"La reparaci\u00f3n de da\u00f1os de Grace\"}]},{\"@type\":\"WebSite\",\"@id\":\"https:\\\/\\\/lospoliticosveracruz.com\\\/#website\",\"url\":\"https:\\\/\\\/lospoliticosveracruz.com\\\/\",\"name\":\"Los pol\u00edticos Veracruz\",\"description\":\"\",\"publisher\":{\"@id\":\"https:\\\/\\\/lospoliticosveracruz.com\\\/#organization\"},\"potentialAction\":[{\"@type\":\"SearchAction\",\"target\":{\"@type\":\"EntryPoint\",\"urlTemplate\":\"https:\\\/\\\/lospoliticosveracruz.com\\\/?s={search_term_string}\"},\"query-input\":{\"@type\":\"PropertyValueSpecification\",\"valueRequired\":true,\"valueName\":\"search_term_string\"}}],\"inLanguage\":\"es\"},{\"@type\":\"Organization\",\"@id\":\"https:\\\/\\\/lospoliticosveracruz.com\\\/#organization\",\"name\":\"Los pol\u00edticos Veracruz\",\"url\":\"https:\\\/\\\/lospoliticosveracruz.com\\\/\",\"logo\":{\"@type\":\"ImageObject\",\"inLanguage\":\"es\",\"@id\":\"https:\\\/\\\/lospoliticosveracruz.com\\\/#\\\/schema\\\/logo\\\/image\\\/\",\"url\":\"https:\\\/\\\/lospoliticosveracruz.com\\\/wp-content\\\/uploads\\\/2025\\\/12\\\/Logo-Nuevo-LOS-POLITICOS-1.jpg\",\"contentUrl\":\"https:\\\/\\\/lospoliticosveracruz.com\\\/wp-content\\\/uploads\\\/2025\\\/12\\\/Logo-Nuevo-LOS-POLITICOS-1.jpg\",\"width\":260,\"height\":70,\"caption\":\"Los pol\u00edticos Veracruz\"},\"image\":{\"@id\":\"https:\\\/\\\/lospoliticosveracruz.com\\\/#\\\/schema\\\/logo\\\/image\\\/\"},\"sameAs\":[\"https:\\\/\\\/www.facebook.com\\\/people\\\/Notimemes-de-los-Polticos\\\/61565672886568\\\/\",\"https:\\\/\\\/x.com\\\/LosPoliticosVer\"]},{\"@type\":\"Person\",\"@id\":\"https:\\\/\\\/lospoliticosveracruz.com\\\/#\\\/schema\\\/person\\\/b8702bb0e538456e6efd07080bf2a4a2\",\"name\":\"Lo viste en Los Pol\u00edticos\",\"image\":{\"@type\":\"ImageObject\",\"inLanguage\":\"es\",\"@id\":\"https:\\\/\\\/secure.gravatar.com\\\/avatar\\\/3a8de04a2656d44082be478bd6c086daa447c4651605818287b9532d3d0bd435?s=96&d=mm&r=g\",\"url\":\"https:\\\/\\\/secure.gravatar.com\\\/avatar\\\/3a8de04a2656d44082be478bd6c086daa447c4651605818287b9532d3d0bd435?s=96&d=mm&r=g\",\"contentUrl\":\"https:\\\/\\\/secure.gravatar.com\\\/avatar\\\/3a8de04a2656d44082be478bd6c086daa447c4651605818287b9532d3d0bd435?s=96&d=mm&r=g\",\"caption\":\"Lo viste en Los Pol\u00edticos\"},\"url\":\"https:\\\/\\\/lospoliticosveracruz.com\\\/?author=2\"}]}<\/script>\n<!-- \/ Yoast SEO plugin. -->","yoast_head_json":{"title":"La reparaci\u00f3n de da\u00f1os de Grace - Los pol\u00edticos Veracruz","robots":{"index":"index","follow":"follow","max-snippet":"max-snippet:-1","max-image-preview":"max-image-preview:large","max-video-preview":"max-video-preview:-1"},"canonical":"https:\/\/lospoliticosveracruz.com\/?p=78447","og_locale":"es_ES","og_type":"article","og_title":"La reparaci\u00f3n de da\u00f1os de Grace - Los pol\u00edticos Veracruz","og_description":"Miguel Angel Cristiani GonzalezBit\u00e1cora Pol\u00edtica \u00abVamos a estar en Veracruz desde ma\u00f1ana por la tarde noche, vamos a estar en la ceremonia de los tratados de C\u00f3rdoba al medio d\u00eda y posteriormente en Xalapa. Vamos a tener una reuni\u00f3n para iniciar un plan de apoyo a damnificados\u00bbAs\u00ed lo anunci\u00f3 en su conferencia de prensa ma\u00f1anera [&hellip;]","og_url":"https:\/\/lospoliticosveracruz.com\/?p=78447","og_site_name":"Los pol\u00edticos Veracruz","article_publisher":"https:\/\/www.facebook.com\/people\/Notimemes-de-los-Polticos\/61565672886568\/","article_published_time":"2021-08-23T16:33:58+00:00","article_modified_time":"2021-08-23T16:34:02+00:00","og_image":[{"url":"http:\/\/www.lospoliticosveracruz.com.mx\/wp-content\/uploads\/2021\/08\/Varadero-576x1024.jpg","type":"","width":"","height":""}],"author":"Lo viste en Los Pol\u00edticos","twitter_card":"summary_large_image","twitter_creator":"@LosPoliticosVer","twitter_site":"@LosPoliticosVer","twitter_misc":{"Escrito por":"Lo viste en Los Pol\u00edticos","Tiempo de lectura":"4 minutos"},"schema":{"@context":"https:\/\/schema.org","@graph":[{"@type":"Article","@id":"https:\/\/lospoliticosveracruz.com\/?p=78447#article","isPartOf":{"@id":"https:\/\/lospoliticosveracruz.com\/?p=78447"},"author":{"name":"Lo viste en Los Pol\u00edticos","@id":"https:\/\/lospoliticosveracruz.com\/#\/schema\/person\/b8702bb0e538456e6efd07080bf2a4a2"},"headline":"La reparaci\u00f3n de da\u00f1os de Grace","datePublished":"2021-08-23T16:33:58+00:00","dateModified":"2021-08-23T16:34:02+00:00","mainEntityOfPage":{"@id":"https:\/\/lospoliticosveracruz.com\/?p=78447"},"wordCount":832,"publisher":{"@id":"https:\/\/lospoliticosveracruz.com\/#organization"},"image":{"@id":"https:\/\/lospoliticosveracruz.com\/?p=78447#primaryimage"},"thumbnailUrl":"http:\/\/www.lospoliticosveracruz.com.mx\/wp-content\/uploads\/2021\/08\/Varadero-576x1024.jpg","keywords":["Andr\u00e9s Manuel L\u00f3pez Obrador","Cuitl\u00e1huac Garc\u00eda Jim\u00e9nez","Fonden","Hait\u00ed","Hip\u00f3lito Rodr\u00edguez Herrero","Hurac\u00e1n Grace","Miguel Angel Cristiani Gonzalez","Tratados de C\u00f3rdoba","Veracruz"],"articleSection":["De Opini\u00f3n"],"inLanguage":"es"},{"@type":"WebPage","@id":"https:\/\/lospoliticosveracruz.com\/?p=78447","url":"https:\/\/lospoliticosveracruz.com\/?p=78447","name":"La reparaci\u00f3n de da\u00f1os de Grace - Los pol\u00edticos Veracruz","isPartOf":{"@id":"https:\/\/lospoliticosveracruz.com\/#website"},"primaryImageOfPage":{"@id":"https:\/\/lospoliticosveracruz.com\/?p=78447#primaryimage"},"image":{"@id":"https:\/\/lospoliticosveracruz.com\/?p=78447#primaryimage"},"thumbnailUrl":"http:\/\/www.lospoliticosveracruz.com.mx\/wp-content\/uploads\/2021\/08\/Varadero-576x1024.jpg","datePublished":"2021-08-23T16:33:58+00:00","dateModified":"2021-08-23T16:34:02+00:00","breadcrumb":{"@id":"https:\/\/lospoliticosveracruz.com\/?p=78447#breadcrumb"},"inLanguage":"es","potentialAction":[{"@type":"ReadAction","target":["https:\/\/lospoliticosveracruz.com\/?p=78447"]}]},{"@type":"ImageObject","inLanguage":"es","@id":"https:\/\/lospoliticosveracruz.com\/?p=78447#primaryimage","url":"http:\/\/www.lospoliticosveracruz.com.mx\/wp-content\/uploads\/2021\/08\/Varadero-576x1024.jpg","contentUrl":"http:\/\/www.lospoliticosveracruz.com.mx\/wp-content\/uploads\/2021\/08\/Varadero-576x1024.jpg"},{"@type":"BreadcrumbList","@id":"https:\/\/lospoliticosveracruz.com\/?p=78447#breadcrumb","itemListElement":[{"@type":"ListItem","position":1,"name":"Portada","item":"https:\/\/lospoliticosveracruz.com\/"},{"@type":"ListItem","position":2,"name":"La reparaci\u00f3n de da\u00f1os de Grace"}]},{"@type":"WebSite","@id":"https:\/\/lospoliticosveracruz.com\/#website","url":"https:\/\/lospoliticosveracruz.com\/","name":"Los pol\u00edticos Veracruz","description":"","publisher":{"@id":"https:\/\/lospoliticosveracruz.com\/#organization"},"potentialAction":[{"@type":"SearchAction","target":{"@type":"EntryPoint","urlTemplate":"https:\/\/lospoliticosveracruz.com\/?s={search_term_string}"},"query-input":{"@type":"PropertyValueSpecification","valueRequired":true,"valueName":"search_term_string"}}],"inLanguage":"es"},{"@type":"Organization","@id":"https:\/\/lospoliticosveracruz.com\/#organization","name":"Los pol\u00edticos Veracruz","url":"https:\/\/lospoliticosveracruz.com\/","logo":{"@type":"ImageObject","inLanguage":"es","@id":"https:\/\/lospoliticosveracruz.com\/#\/schema\/logo\/image\/","url":"https:\/\/lospoliticosveracruz.com\/wp-content\/uploads\/2025\/12\/Logo-Nuevo-LOS-POLITICOS-1.jpg","contentUrl":"https:\/\/lospoliticosveracruz.com\/wp-content\/uploads\/2025\/12\/Logo-Nuevo-LOS-POLITICOS-1.jpg","width":260,"height":70,"caption":"Los pol\u00edticos Veracruz"},"image":{"@id":"https:\/\/lospoliticosveracruz.com\/#\/schema\/logo\/image\/"},"sameAs":["https:\/\/www.facebook.com\/people\/Notimemes-de-los-Polticos\/61565672886568\/","https:\/\/x.com\/LosPoliticosVer"]},{"@type":"Person","@id":"https:\/\/lospoliticosveracruz.com\/#\/schema\/person\/b8702bb0e538456e6efd07080bf2a4a2","name":"Lo viste en Los Pol\u00edticos","image":{"@type":"ImageObject","inLanguage":"es","@id":"https:\/\/secure.gravatar.com\/avatar\/3a8de04a2656d44082be478bd6c086daa447c4651605818287b9532d3d0bd435?s=96&d=mm&r=g","url":"https:\/\/secure.gravatar.com\/avatar\/3a8de04a2656d44082be478bd6c086daa447c4651605818287b9532d3d0bd435?s=96&d=mm&r=g","contentUrl":"https:\/\/secure.gravatar.com\/avatar\/3a8de04a2656d44082be478bd6c086daa447c4651605818287b9532d3d0bd435?s=96&d=mm&r=g","caption":"Lo viste en Los Pol\u00edticos"},"url":"https:\/\/lospoliticosveracruz.com\/?author=2"}]}},"_links":{"self":[{"href":"https:\/\/lospoliticosveracruz.com\/index.php?rest_route=\/wp\/v2\/posts\/78447","targetHints":{"allow":["GET"]}}],"collection":[{"href":"https:\/\/lospoliticosveracruz.com\/index.php?rest_route=\/wp\/v2\/posts"}],"about":[{"href":"https:\/\/lospoliticosveracruz.com\/index.php?rest_route=\/wp\/v2\/types\/post"}],"author":[{"embeddable":true,"href":"https:\/\/lospoliticosveracruz.com\/index.php?rest_route=\/wp\/v2\/users\/2"}],"replies":[{"embeddable":true,"href":"https:\/\/lospoliticosveracruz.com\/index.php?rest_route=%2Fwp%2Fv2%2Fcomments&post=78447"}],"version-history":[{"count":1,"href":"https:\/\/lospoliticosveracruz.com\/index.php?rest_route=\/wp\/v2\/posts\/78447\/revisions"}],"predecessor-version":[{"id":78449,"href":"https:\/\/lospoliticosveracruz.com\/index.php?rest_route=\/wp\/v2\/posts\/78447\/revisions\/78449"}],"wp:attachment":[{"href":"https:\/\/lospoliticosveracruz.com\/index.php?rest_route=%2Fwp%2Fv2%2Fmedia&parent=78447"}],"wp:term":[{"taxonomy":"category","embeddable":true,"href":"https:\/\/lospoliticosveracruz.com\/index.php?rest_route=%2Fwp%2Fv2%2Fcategories&post=78447"},{"taxonomy":"post_tag","embeddable":true,"href":"https:\/\/lospoliticosveracruz.com\/index.php?rest_route=%2Fwp%2Fv2%2Ftags&post=78447"}],"curies":[{"name":"wp","href":"https:\/\/api.w.org\/{rel}","templated":true}]}}