{"id":78516,"date":"2021-08-24T13:09:53","date_gmt":"2021-08-24T18:09:53","guid":{"rendered":"http:\/\/www.lospoliticosveracruz.com.mx\/?p=78516"},"modified":"2021-08-24T13:09:58","modified_gmt":"2021-08-24T18:09:58","slug":"de-origenes-de-la-nacion-y-los-tratados-de-cordoba","status":"publish","type":"post","link":"https:\/\/lospoliticosveracruz.com\/?p=78516","title":{"rendered":"De Origenes de la Naci\u00f3n y los Tratados de C\u00f3rdoba"},"content":{"rendered":"\n<p><strong>Rafael Arias Hern\u00e1ndez<\/strong><\/p>\n\n\n\n<p><em>Mutatis mutandis<br><\/em><\/p>\n\n\n\n<p><br>Sobran razones para celebrar y recordar la magnificencia de quienes en C\u00f3rdoba, albergaron e hicieron posible, concretar objetivos y esfuerzos de muchos que, por a\u00f1os, intentaron hacer realidad el nacimiento de la naci\u00f3n mexicana.<br>Bien se sabe, que fue hasta ese 24 de agosto de 1821, que pasaron del combate a la pacificaci\u00f3n, del enfrentamiento a la uni\u00f3n, en un gran proyecto que hoy se le conoce como M\u00e9xico, pa\u00eds libre y soberano.<\/p>\n\n\n\n<div class=\"wp-block-image\"><figure class=\"alignleft size-large\"><a href=\"http:\/\/www.lospoliticosveracruz.com.mx\/wp-content\/uploads\/2021\/08\/WhatsApp-Image-2021-08-02-at-12.46.36.jpeg\"><img decoding=\"async\" src=\"http:\/\/www.lospoliticosveracruz.com.mx\/wp-content\/uploads\/2021\/08\/WhatsApp-Image-2021-08-02-at-12.46.36.jpeg\" alt=\"\" class=\"wp-image-77480\"\/><\/a><\/figure><\/div>\n\n\n\n<p><br>200 a\u00f1os despu\u00e9s, hay que recordarlo y decirlo, porque este singular hecho, se ha incorporado a la Historia. Es ya punto de referencia, para celebrar y recordar, para renovar aspiraciones y compromisos. Si el tratado es culminaci\u00f3n, C\u00f3rdoba es espacio de realizaci\u00f3n.<br>De ah\u00ed que, los mexicanos lo conmemoramos; los diversos \u00e1mbitos de gobierno lo tienen en cuenta y apoyan; y en todo el mundo, los dem\u00e1s pa\u00edses lo reconocen.<br>Bien se sabe que a\u00f1o con a\u00f1o, en particular, gracias a los cordobeses, con el apoyo de su H. Ayuntamiento Constitucional, se conmemora la fecha, se hace presente el pasado, se recuerdan personajes y condiciones, acciones e intenciones que les originaron.<br>En este contexto, debe mencionarse que hay que hacer un reconocimiento al esfuerzo local, encabezado por la Presidenta Municipal de C\u00f3rdoba, Leticia L\u00f3pez Landero.<br>Esfuerzo que ha ido m\u00e1s all\u00e1, de lo formalmente acostumbrado, con la programaci\u00f3n y realizaci\u00f3n de m\u00faltiples actividades, actos y reuniones, como la reuni\u00f3n de la Academia Nacional de Historia y Geograf\u00eda, filial Veracruz, encabezada por Armando L\u00f3pez Macip y otros, que presentaron interesantes trabajos y propuestas; y, en particular, bien por lecturas para ni\u00f1os, j\u00f3venes y adultos, que hacen referencia a tan importante acontecimiento.<br>Como la edici\u00f3n especial de Los tratados de C\u00f3rdoba, de Oth\u00f3n Arr\u00f3niz, que, desde su aparici\u00f3n en l985, ha sido y es fuente de consulta, punto de referencia, estudio y difusi\u00f3n de tan importante acontecimiento independentista.<br>Se debe resaltar tambi\u00e9n, que esto se hace en un contexto de amplio y abierto reconocimiento, que incorpora otras valiosas publicaciones, que abordan diversos aspectos del tema independentista mexicano.<br>De ah\u00ed que, es justo reiterar la trascendencia que tiene, su reimpresi\u00f3n y su distribuci\u00f3n. Resalt\u00e1ndose que dicha publicaci\u00f3n, propicia tanto la oportunidad del di\u00e1logo y debate, como la del aprendizaje acerca de hechos y personajes, intereses y acciones, condiciones e intenciones que caracterizaron o protagonizaron esos acontecimientos.<br>Contribuci\u00f3n singular que, desde su aparici\u00f3n, propicia y provoca la singular oportunidad para recordar y no olvidar; y tambi\u00e9n para analizar y estudiar, debatir y dialogar sobre diversos aspectos del acontecer hist\u00f3rico en cuesti\u00f3n. Importantes formas del aprender, para llegar a ser.<br>Por lo dem\u00e1s, oportuno mencionar que Oth\u00f3n Arr\u00f3niz B\u00e1ez, es todo un personaje, tanto en su preparaci\u00f3n intelectual y acad\u00e9mica, como en su ocupaci\u00f3n, como escritor, impresor, periodista y promotor cultural. Sus sobresaliente persona, la respaldan, sus resultados y logros, sus propuestas y desempe\u00f1o.<br>Oth\u00f3n xalape\u00f1o, que naci\u00f3 el 2 de julio de 1921 y falleci\u00f3 el 16 de noviembre de 1992. Fue docente, investigador y funcionario universitario. Destac\u00f3 como fundador y director de la Facultad de Filosof\u00eda y Letras de la UV; investigador del Centro de Estudios Literarios de la UNAM; y autor de numerosas obras, entre las que destacan:<br>Alfonso Ulloa servidor de Don Juan Hurtado de Mendoza. Bulletin Hispanique, 1958; La influencia italiana en el nacimiento de la comedia espa\u00f1ola. Editorial Gredos, 1967; Yanga, primer libertador de Am\u00e9rica, 1973 (teatro); El Colegio del Esp\u00edritu Santo en el Siglo XVI, Universidad Aut\u00f3noma de Puebla, 1978; El despertar cient\u00edfico en Am\u00e9rica. Universidad Aut\u00f3noma Metropolitana, 1980; La batalla naval de San Juan de Ul\u00faa, Universidad Veracruzana, 1982; Los Tratados de C\u00f3rdoba. Universidad Veracruzana, 1985; Presentaci\u00f3n, novelas escogidas, de Mateo Bandello. Linterna M\u00e1gica. Editorial Trillas, 1987; C\u00e1ndido Aguilar\u2026intimo. Editorial Trueba; Un crimen imperfecto. Editorial Trueba, 1992; Dos ensayos Hist\u00f3ricos. Homenaje P\u00f3stumo. Universidad Veracruzana, 1995; y muchas otras publicaciones.<br>En 1986 fue presidente del Primer Congreso Nacional de Historia, \u00abLa Independencia de M\u00e9xico\u00bb. En 1988, preside el Primer Congreso de Historia, \u00abLa Revoluci\u00f3n Mexicana\u00bb<br>Impresor y periodista, impuls\u00f3 la Imprenta Trueba que dirigi\u00f3 desde 1948; y fund\u00f3 la Sociedad Arr\u00f3niz, S.A. de C.V, desde l960, la que dirigi\u00f3 y fue su accionista principal.<br>Y se debe mencionar, que destac\u00f3, como fundador de ocho peri\u00f3dicos: El Mundo de C\u00f3rdoba, El Mundo de Orizaba, El Mundo de Ciudad Mendoza, El Mundo de Tehuac\u00e1n, El Diario de Tuxpan, El Norte de Poza Rica, Diario Ya de Xalapa, y Canc\u00fan News. Autor de la conocida y le\u00edda columna period\u00edstica, Bit\u00e1cora Sentimental.<br>El veracruzano Oth\u00f3n Arroniz, xalape\u00f1o por nacimiento y cordob\u00e9s por decisi\u00f3n propia, ha sido reconocido y valorado en diversos campos del conocimiento y de la actividad profesional. Se siguen, citan, analizan y valoran sus m\u00faltiples y diversas contribuciones acad\u00e9micas. Tanto de investigaci\u00f3n hist\u00f3rica, como de teatro; de temas filos\u00f3ficos, y de cuestiones educativas; as\u00ed como de periodismo, como de promoci\u00f3n art\u00edstica y cultural<br>Orgulloso de su familia, los atendi\u00f3 con innumerables muestras de amor; y tambi\u00e9n reconoci\u00f3 la capacidad y dedicaci\u00f3n de cada uno de sus seres queridos.<br>En particular, siempre destac\u00f3 la capacidad, trabajo y creatividad de su amada esposa Clementina y de sus hijos Raul, Julia, Marisol, M\u00f3nica y Flor.<br>De Oth\u00f3n Arr\u00f3niz han hablado (y hablaran) innumerables acad\u00e9micos, destacados especialistas de la Historia, la Filosof\u00eda, el Periodismo, la Antropolog\u00eda y otras. Recuerdo, entre tantos y tantos, a Fernando Salmer\u00f3n, Emilio Carballido, Rosario Castellanos, Luisa Josefina Hern\u00e1ndez, Octavio Castro, F\u00e9lix B\u00e1ez Jorge, y Jos\u00e9 Gonz\u00e1lez Sierra. Sus obras ah\u00ed est\u00e1n en libros y publicaciones; en imprentas y peri\u00f3dicos, en bibliotecas y archivos.<br>En fin, a un simple, sencillo y singular hecho, hay que darle toda la importancia que merece.<br>Bien por la reimpresi\u00f3n del libro Los Tratados de C\u00f3rdoba, que permite alcanzar importantes objetivos de dialogo, debate y comunicaci\u00f3n.<br>Por lo pronto y a reserva de regresar al tema, la recomendaci\u00f3n m\u00e1s simple y sencilla es leer el libro, para entender la Historia y aprender de ella. Conmemorar es importante, fecha y lugar en el calendario. Vivir la Historia lo es m\u00e1s, se entiende y aprende de otros.<br>Los tratados de C\u00f3rdoba, origen de la naci\u00f3n.<\/p>\n","protected":false},"excerpt":{"rendered":"<p>Rafael Arias Hern\u00e1ndez Mutatis mutandis Sobran razones para celebrar y recordar la magnificencia de quienes en C\u00f3rdoba, albergaron e hicieron posible, concretar objetivos y esfuerzos de muchos que, por a\u00f1os, intentaron hacer realidad el nacimiento de la naci\u00f3n mexicana.Bien se sabe, que fue hasta ese 24 de agosto de 1821, que pasaron del combate a [&hellip;]<\/p>\n","protected":false},"author":2,"featured_media":0,"comment_status":"closed","ping_status":"closed","sticky":false,"template":"","format":"standard","meta":{"tdm_status":"","tdm_grid_status":"","footnotes":""},"categories":[70],"tags":[7641,8032,9289,219,172],"class_list":{"0":"post-78516","1":"post","2":"type-post","3":"status-publish","4":"format-standard","6":"category-de-opinion","7":"tag-leticia-lopez-landero","8":"tag-rafael-arias-hernandez","9":"tag-tratados-de-cordoba","10":"tag-universidad-veracruzana","11":"tag-uv"},"yoast_head":"<!-- This site is optimized with the Yoast SEO plugin v27.4 - https:\/\/yoast.com\/product\/yoast-seo-wordpress\/ -->\n<title>De Origenes de la Naci\u00f3n y los Tratados de C\u00f3rdoba - Los pol\u00edticos Veracruz<\/title>\n<meta name=\"robots\" content=\"index, follow, max-snippet:-1, max-image-preview:large, max-video-preview:-1\" \/>\n<link rel=\"canonical\" href=\"https:\/\/lospoliticosveracruz.com\/?p=78516\" \/>\n<meta property=\"og:locale\" content=\"es_ES\" \/>\n<meta property=\"og:type\" content=\"article\" \/>\n<meta property=\"og:title\" content=\"De Origenes de la Naci\u00f3n y los Tratados de C\u00f3rdoba - Los pol\u00edticos Veracruz\" \/>\n<meta property=\"og:description\" content=\"Rafael Arias Hern\u00e1ndez Mutatis mutandis Sobran razones para celebrar y recordar la magnificencia de quienes en C\u00f3rdoba, albergaron e hicieron posible, concretar objetivos y esfuerzos de muchos que, por a\u00f1os, intentaron hacer realidad el nacimiento de la naci\u00f3n mexicana.Bien se sabe, que fue hasta ese 24 de agosto de 1821, que pasaron del combate a [&hellip;]\" \/>\n<meta property=\"og:url\" content=\"https:\/\/lospoliticosveracruz.com\/?p=78516\" \/>\n<meta property=\"og:site_name\" content=\"Los pol\u00edticos Veracruz\" \/>\n<meta property=\"article:publisher\" content=\"https:\/\/www.facebook.com\/people\/Notimemes-de-los-Polticos\/61565672886568\/\" \/>\n<meta property=\"article:published_time\" content=\"2021-08-24T18:09:53+00:00\" \/>\n<meta property=\"article:modified_time\" content=\"2021-08-24T18:09:58+00:00\" \/>\n<meta property=\"og:image\" content=\"http:\/\/www.lospoliticosveracruz.com.mx\/wp-content\/uploads\/2021\/08\/WhatsApp-Image-2021-08-02-at-12.46.36.jpeg\" \/>\n<meta name=\"author\" content=\"Lo viste en Los Pol\u00edticos\" \/>\n<meta name=\"twitter:card\" content=\"summary_large_image\" \/>\n<meta name=\"twitter:creator\" content=\"@LosPoliticosVer\" \/>\n<meta name=\"twitter:site\" content=\"@LosPoliticosVer\" \/>\n<meta name=\"twitter:label1\" content=\"Escrito por\" \/>\n\t<meta name=\"twitter:data1\" content=\"Lo viste en Los Pol\u00edticos\" \/>\n\t<meta name=\"twitter:label2\" content=\"Tiempo de lectura\" \/>\n\t<meta name=\"twitter:data2\" content=\"6 minutos\" \/>\n<script type=\"application\/ld+json\" class=\"yoast-schema-graph\">{\"@context\":\"https:\\\/\\\/schema.org\",\"@graph\":[{\"@type\":\"Article\",\"@id\":\"https:\\\/\\\/lospoliticosveracruz.com\\\/?p=78516#article\",\"isPartOf\":{\"@id\":\"https:\\\/\\\/lospoliticosveracruz.com\\\/?p=78516\"},\"author\":{\"name\":\"Lo viste en Los Pol\u00edticos\",\"@id\":\"https:\\\/\\\/lospoliticosveracruz.com\\\/#\\\/schema\\\/person\\\/b8702bb0e538456e6efd07080bf2a4a2\"},\"headline\":\"De Origenes de la Naci\u00f3n y los Tratados de C\u00f3rdoba\",\"datePublished\":\"2021-08-24T18:09:53+00:00\",\"dateModified\":\"2021-08-24T18:09:58+00:00\",\"mainEntityOfPage\":{\"@id\":\"https:\\\/\\\/lospoliticosveracruz.com\\\/?p=78516\"},\"wordCount\":1124,\"publisher\":{\"@id\":\"https:\\\/\\\/lospoliticosveracruz.com\\\/#organization\"},\"image\":{\"@id\":\"https:\\\/\\\/lospoliticosveracruz.com\\\/?p=78516#primaryimage\"},\"thumbnailUrl\":\"http:\\\/\\\/www.lospoliticosveracruz.com.mx\\\/wp-content\\\/uploads\\\/2021\\\/08\\\/WhatsApp-Image-2021-08-02-at-12.46.36.jpeg\",\"keywords\":[\"Leticia L\u00f3pez Landero\",\"Rafael Arias Hern\u00e1ndez\",\"Tratados de C\u00f3rdoba\",\"Universidad Veracruzana\",\"UV\"],\"articleSection\":[\"De Opini\u00f3n\"],\"inLanguage\":\"es\"},{\"@type\":\"WebPage\",\"@id\":\"https:\\\/\\\/lospoliticosveracruz.com\\\/?p=78516\",\"url\":\"https:\\\/\\\/lospoliticosveracruz.com\\\/?p=78516\",\"name\":\"De Origenes de la Naci\u00f3n y los Tratados de C\u00f3rdoba - Los pol\u00edticos Veracruz\",\"isPartOf\":{\"@id\":\"https:\\\/\\\/lospoliticosveracruz.com\\\/#website\"},\"primaryImageOfPage\":{\"@id\":\"https:\\\/\\\/lospoliticosveracruz.com\\\/?p=78516#primaryimage\"},\"image\":{\"@id\":\"https:\\\/\\\/lospoliticosveracruz.com\\\/?p=78516#primaryimage\"},\"thumbnailUrl\":\"http:\\\/\\\/www.lospoliticosveracruz.com.mx\\\/wp-content\\\/uploads\\\/2021\\\/08\\\/WhatsApp-Image-2021-08-02-at-12.46.36.jpeg\",\"datePublished\":\"2021-08-24T18:09:53+00:00\",\"dateModified\":\"2021-08-24T18:09:58+00:00\",\"breadcrumb\":{\"@id\":\"https:\\\/\\\/lospoliticosveracruz.com\\\/?p=78516#breadcrumb\"},\"inLanguage\":\"es\",\"potentialAction\":[{\"@type\":\"ReadAction\",\"target\":[\"https:\\\/\\\/lospoliticosveracruz.com\\\/?p=78516\"]}]},{\"@type\":\"ImageObject\",\"inLanguage\":\"es\",\"@id\":\"https:\\\/\\\/lospoliticosveracruz.com\\\/?p=78516#primaryimage\",\"url\":\"http:\\\/\\\/www.lospoliticosveracruz.com.mx\\\/wp-content\\\/uploads\\\/2021\\\/08\\\/WhatsApp-Image-2021-08-02-at-12.46.36.jpeg\",\"contentUrl\":\"http:\\\/\\\/www.lospoliticosveracruz.com.mx\\\/wp-content\\\/uploads\\\/2021\\\/08\\\/WhatsApp-Image-2021-08-02-at-12.46.36.jpeg\"},{\"@type\":\"BreadcrumbList\",\"@id\":\"https:\\\/\\\/lospoliticosveracruz.com\\\/?p=78516#breadcrumb\",\"itemListElement\":[{\"@type\":\"ListItem\",\"position\":1,\"name\":\"Portada\",\"item\":\"https:\\\/\\\/lospoliticosveracruz.com\\\/\"},{\"@type\":\"ListItem\",\"position\":2,\"name\":\"De Origenes de la Naci\u00f3n y los Tratados de C\u00f3rdoba\"}]},{\"@type\":\"WebSite\",\"@id\":\"https:\\\/\\\/lospoliticosveracruz.com\\\/#website\",\"url\":\"https:\\\/\\\/lospoliticosveracruz.com\\\/\",\"name\":\"Los pol\u00edticos Veracruz\",\"description\":\"\",\"publisher\":{\"@id\":\"https:\\\/\\\/lospoliticosveracruz.com\\\/#organization\"},\"potentialAction\":[{\"@type\":\"SearchAction\",\"target\":{\"@type\":\"EntryPoint\",\"urlTemplate\":\"https:\\\/\\\/lospoliticosveracruz.com\\\/?s={search_term_string}\"},\"query-input\":{\"@type\":\"PropertyValueSpecification\",\"valueRequired\":true,\"valueName\":\"search_term_string\"}}],\"inLanguage\":\"es\"},{\"@type\":\"Organization\",\"@id\":\"https:\\\/\\\/lospoliticosveracruz.com\\\/#organization\",\"name\":\"Los pol\u00edticos Veracruz\",\"url\":\"https:\\\/\\\/lospoliticosveracruz.com\\\/\",\"logo\":{\"@type\":\"ImageObject\",\"inLanguage\":\"es\",\"@id\":\"https:\\\/\\\/lospoliticosveracruz.com\\\/#\\\/schema\\\/logo\\\/image\\\/\",\"url\":\"https:\\\/\\\/lospoliticosveracruz.com\\\/wp-content\\\/uploads\\\/2025\\\/12\\\/Logo-Nuevo-LOS-POLITICOS-1.jpg\",\"contentUrl\":\"https:\\\/\\\/lospoliticosveracruz.com\\\/wp-content\\\/uploads\\\/2025\\\/12\\\/Logo-Nuevo-LOS-POLITICOS-1.jpg\",\"width\":260,\"height\":70,\"caption\":\"Los pol\u00edticos Veracruz\"},\"image\":{\"@id\":\"https:\\\/\\\/lospoliticosveracruz.com\\\/#\\\/schema\\\/logo\\\/image\\\/\"},\"sameAs\":[\"https:\\\/\\\/www.facebook.com\\\/people\\\/Notimemes-de-los-Polticos\\\/61565672886568\\\/\",\"https:\\\/\\\/x.com\\\/LosPoliticosVer\"]},{\"@type\":\"Person\",\"@id\":\"https:\\\/\\\/lospoliticosveracruz.com\\\/#\\\/schema\\\/person\\\/b8702bb0e538456e6efd07080bf2a4a2\",\"name\":\"Lo viste en Los Pol\u00edticos\",\"image\":{\"@type\":\"ImageObject\",\"inLanguage\":\"es\",\"@id\":\"https:\\\/\\\/secure.gravatar.com\\\/avatar\\\/3a8de04a2656d44082be478bd6c086daa447c4651605818287b9532d3d0bd435?s=96&d=mm&r=g\",\"url\":\"https:\\\/\\\/secure.gravatar.com\\\/avatar\\\/3a8de04a2656d44082be478bd6c086daa447c4651605818287b9532d3d0bd435?s=96&d=mm&r=g\",\"contentUrl\":\"https:\\\/\\\/secure.gravatar.com\\\/avatar\\\/3a8de04a2656d44082be478bd6c086daa447c4651605818287b9532d3d0bd435?s=96&d=mm&r=g\",\"caption\":\"Lo viste en Los Pol\u00edticos\"},\"url\":\"https:\\\/\\\/lospoliticosveracruz.com\\\/?author=2\"}]}<\/script>\n<!-- \/ Yoast SEO plugin. -->","yoast_head_json":{"title":"De Origenes de la Naci\u00f3n y los Tratados de C\u00f3rdoba - Los pol\u00edticos Veracruz","robots":{"index":"index","follow":"follow","max-snippet":"max-snippet:-1","max-image-preview":"max-image-preview:large","max-video-preview":"max-video-preview:-1"},"canonical":"https:\/\/lospoliticosveracruz.com\/?p=78516","og_locale":"es_ES","og_type":"article","og_title":"De Origenes de la Naci\u00f3n y los Tratados de C\u00f3rdoba - Los pol\u00edticos Veracruz","og_description":"Rafael Arias Hern\u00e1ndez Mutatis mutandis Sobran razones para celebrar y recordar la magnificencia de quienes en C\u00f3rdoba, albergaron e hicieron posible, concretar objetivos y esfuerzos de muchos que, por a\u00f1os, intentaron hacer realidad el nacimiento de la naci\u00f3n mexicana.Bien se sabe, que fue hasta ese 24 de agosto de 1821, que pasaron del combate a [&hellip;]","og_url":"https:\/\/lospoliticosveracruz.com\/?p=78516","og_site_name":"Los pol\u00edticos Veracruz","article_publisher":"https:\/\/www.facebook.com\/people\/Notimemes-de-los-Polticos\/61565672886568\/","article_published_time":"2021-08-24T18:09:53+00:00","article_modified_time":"2021-08-24T18:09:58+00:00","og_image":[{"url":"http:\/\/www.lospoliticosveracruz.com.mx\/wp-content\/uploads\/2021\/08\/WhatsApp-Image-2021-08-02-at-12.46.36.jpeg","type":"","width":"","height":""}],"author":"Lo viste en Los Pol\u00edticos","twitter_card":"summary_large_image","twitter_creator":"@LosPoliticosVer","twitter_site":"@LosPoliticosVer","twitter_misc":{"Escrito por":"Lo viste en Los Pol\u00edticos","Tiempo de lectura":"6 minutos"},"schema":{"@context":"https:\/\/schema.org","@graph":[{"@type":"Article","@id":"https:\/\/lospoliticosveracruz.com\/?p=78516#article","isPartOf":{"@id":"https:\/\/lospoliticosveracruz.com\/?p=78516"},"author":{"name":"Lo viste en Los Pol\u00edticos","@id":"https:\/\/lospoliticosveracruz.com\/#\/schema\/person\/b8702bb0e538456e6efd07080bf2a4a2"},"headline":"De Origenes de la Naci\u00f3n y los Tratados de C\u00f3rdoba","datePublished":"2021-08-24T18:09:53+00:00","dateModified":"2021-08-24T18:09:58+00:00","mainEntityOfPage":{"@id":"https:\/\/lospoliticosveracruz.com\/?p=78516"},"wordCount":1124,"publisher":{"@id":"https:\/\/lospoliticosveracruz.com\/#organization"},"image":{"@id":"https:\/\/lospoliticosveracruz.com\/?p=78516#primaryimage"},"thumbnailUrl":"http:\/\/www.lospoliticosveracruz.com.mx\/wp-content\/uploads\/2021\/08\/WhatsApp-Image-2021-08-02-at-12.46.36.jpeg","keywords":["Leticia L\u00f3pez Landero","Rafael Arias Hern\u00e1ndez","Tratados de C\u00f3rdoba","Universidad Veracruzana","UV"],"articleSection":["De Opini\u00f3n"],"inLanguage":"es"},{"@type":"WebPage","@id":"https:\/\/lospoliticosveracruz.com\/?p=78516","url":"https:\/\/lospoliticosveracruz.com\/?p=78516","name":"De Origenes de la Naci\u00f3n y los Tratados de C\u00f3rdoba - Los pol\u00edticos Veracruz","isPartOf":{"@id":"https:\/\/lospoliticosveracruz.com\/#website"},"primaryImageOfPage":{"@id":"https:\/\/lospoliticosveracruz.com\/?p=78516#primaryimage"},"image":{"@id":"https:\/\/lospoliticosveracruz.com\/?p=78516#primaryimage"},"thumbnailUrl":"http:\/\/www.lospoliticosveracruz.com.mx\/wp-content\/uploads\/2021\/08\/WhatsApp-Image-2021-08-02-at-12.46.36.jpeg","datePublished":"2021-08-24T18:09:53+00:00","dateModified":"2021-08-24T18:09:58+00:00","breadcrumb":{"@id":"https:\/\/lospoliticosveracruz.com\/?p=78516#breadcrumb"},"inLanguage":"es","potentialAction":[{"@type":"ReadAction","target":["https:\/\/lospoliticosveracruz.com\/?p=78516"]}]},{"@type":"ImageObject","inLanguage":"es","@id":"https:\/\/lospoliticosveracruz.com\/?p=78516#primaryimage","url":"http:\/\/www.lospoliticosveracruz.com.mx\/wp-content\/uploads\/2021\/08\/WhatsApp-Image-2021-08-02-at-12.46.36.jpeg","contentUrl":"http:\/\/www.lospoliticosveracruz.com.mx\/wp-content\/uploads\/2021\/08\/WhatsApp-Image-2021-08-02-at-12.46.36.jpeg"},{"@type":"BreadcrumbList","@id":"https:\/\/lospoliticosveracruz.com\/?p=78516#breadcrumb","itemListElement":[{"@type":"ListItem","position":1,"name":"Portada","item":"https:\/\/lospoliticosveracruz.com\/"},{"@type":"ListItem","position":2,"name":"De Origenes de la Naci\u00f3n y los Tratados de C\u00f3rdoba"}]},{"@type":"WebSite","@id":"https:\/\/lospoliticosveracruz.com\/#website","url":"https:\/\/lospoliticosveracruz.com\/","name":"Los pol\u00edticos Veracruz","description":"","publisher":{"@id":"https:\/\/lospoliticosveracruz.com\/#organization"},"potentialAction":[{"@type":"SearchAction","target":{"@type":"EntryPoint","urlTemplate":"https:\/\/lospoliticosveracruz.com\/?s={search_term_string}"},"query-input":{"@type":"PropertyValueSpecification","valueRequired":true,"valueName":"search_term_string"}}],"inLanguage":"es"},{"@type":"Organization","@id":"https:\/\/lospoliticosveracruz.com\/#organization","name":"Los pol\u00edticos Veracruz","url":"https:\/\/lospoliticosveracruz.com\/","logo":{"@type":"ImageObject","inLanguage":"es","@id":"https:\/\/lospoliticosveracruz.com\/#\/schema\/logo\/image\/","url":"https:\/\/lospoliticosveracruz.com\/wp-content\/uploads\/2025\/12\/Logo-Nuevo-LOS-POLITICOS-1.jpg","contentUrl":"https:\/\/lospoliticosveracruz.com\/wp-content\/uploads\/2025\/12\/Logo-Nuevo-LOS-POLITICOS-1.jpg","width":260,"height":70,"caption":"Los pol\u00edticos Veracruz"},"image":{"@id":"https:\/\/lospoliticosveracruz.com\/#\/schema\/logo\/image\/"},"sameAs":["https:\/\/www.facebook.com\/people\/Notimemes-de-los-Polticos\/61565672886568\/","https:\/\/x.com\/LosPoliticosVer"]},{"@type":"Person","@id":"https:\/\/lospoliticosveracruz.com\/#\/schema\/person\/b8702bb0e538456e6efd07080bf2a4a2","name":"Lo viste en Los Pol\u00edticos","image":{"@type":"ImageObject","inLanguage":"es","@id":"https:\/\/secure.gravatar.com\/avatar\/3a8de04a2656d44082be478bd6c086daa447c4651605818287b9532d3d0bd435?s=96&d=mm&r=g","url":"https:\/\/secure.gravatar.com\/avatar\/3a8de04a2656d44082be478bd6c086daa447c4651605818287b9532d3d0bd435?s=96&d=mm&r=g","contentUrl":"https:\/\/secure.gravatar.com\/avatar\/3a8de04a2656d44082be478bd6c086daa447c4651605818287b9532d3d0bd435?s=96&d=mm&r=g","caption":"Lo viste en Los Pol\u00edticos"},"url":"https:\/\/lospoliticosveracruz.com\/?author=2"}]}},"_links":{"self":[{"href":"https:\/\/lospoliticosveracruz.com\/index.php?rest_route=\/wp\/v2\/posts\/78516","targetHints":{"allow":["GET"]}}],"collection":[{"href":"https:\/\/lospoliticosveracruz.com\/index.php?rest_route=\/wp\/v2\/posts"}],"about":[{"href":"https:\/\/lospoliticosveracruz.com\/index.php?rest_route=\/wp\/v2\/types\/post"}],"author":[{"embeddable":true,"href":"https:\/\/lospoliticosveracruz.com\/index.php?rest_route=\/wp\/v2\/users\/2"}],"replies":[{"embeddable":true,"href":"https:\/\/lospoliticosveracruz.com\/index.php?rest_route=%2Fwp%2Fv2%2Fcomments&post=78516"}],"version-history":[{"count":1,"href":"https:\/\/lospoliticosveracruz.com\/index.php?rest_route=\/wp\/v2\/posts\/78516\/revisions"}],"predecessor-version":[{"id":78518,"href":"https:\/\/lospoliticosveracruz.com\/index.php?rest_route=\/wp\/v2\/posts\/78516\/revisions\/78518"}],"wp:attachment":[{"href":"https:\/\/lospoliticosveracruz.com\/index.php?rest_route=%2Fwp%2Fv2%2Fmedia&parent=78516"}],"wp:term":[{"taxonomy":"category","embeddable":true,"href":"https:\/\/lospoliticosveracruz.com\/index.php?rest_route=%2Fwp%2Fv2%2Fcategories&post=78516"},{"taxonomy":"post_tag","embeddable":true,"href":"https:\/\/lospoliticosveracruz.com\/index.php?rest_route=%2Fwp%2Fv2%2Ftags&post=78516"}],"curies":[{"name":"wp","href":"https:\/\/api.w.org\/{rel}","templated":true}]}}