{"id":78519,"date":"2021-08-24T14:53:13","date_gmt":"2021-08-24T19:53:13","guid":{"rendered":"http:\/\/www.lospoliticosveracruz.com.mx\/?p=78519"},"modified":"2021-08-24T14:53:17","modified_gmt":"2021-08-24T19:53:17","slug":"poder-judicial-danos-aqui-y-alla","status":"publish","type":"post","link":"https:\/\/lospoliticosveracruz.com\/?p=78519","title":{"rendered":"Poder Judicial, da\u00f1os aqu\u00ed y all\u00e1"},"content":{"rendered":"\n<p><strong>Miguel \u00c1ngel G\u00f3mez Ruiz<\/strong><\/p>\n\n\n\n<p><\/p>\n\n\n\n<p>A partir de 2020, en la que se aferr\u00f3 a un control dentro del Poder Judicial y a dar la bienvenida a familiares y amigos para que se sirvieran con gusto, la entonces presidente, Sof\u00eda Mart\u00ednez Huerta inici\u00f3 el hundimiento de ese poder.<br>Recursos mal aplicados, corrupci\u00f3n en distintas \u00e1reas y d\u00e1ndose la gran vida en la que en ese reducido grupo entraban sus hijos y nueras. All\u00ed inici\u00f3 el declive del Poder Judicial del Estado de Veracruz.<\/p>\n\n\n\n<div class=\"wp-block-image\"><figure class=\"alignleft size-large is-resized\"><a href=\"http:\/\/www.lospoliticosveracruz.com.mx\/wp-content\/uploads\/2021\/08\/Varadero.jpg\"><img loading=\"lazy\" decoding=\"async\" src=\"http:\/\/www.lospoliticosveracruz.com.mx\/wp-content\/uploads\/2021\/08\/Varadero-576x1024.jpg\" alt=\"\" class=\"wp-image-78147\" width=\"288\" height=\"512\"\/><\/a><\/figure><\/div>\n\n\n\n<p><br>S\u00f3lo que el error de Sof\u00eda Mart\u00ednez Huerta fue hacer grandes fiestas en las que no involucr\u00f3 a aquellos que la llevaron al poder. De cierto modo ellos tuvieron la culpa, la pobre mujer apenas y culmin\u00f3 su carrera de Derecho en la escuela nocturna y s\u00f3lo fue secretaria de un juzgado, pero al gobernador Cuitl\u00e1huac Garc\u00eda y a sus escuderos, Juan G\u00f3mez Cazar\u00edn y Eric Cisneros, les pareci\u00f3 adecuada para que se repartieran el bot\u00edn.<br>S\u00f3lo que parte de bot\u00edn no les cay\u00f3. Se habla de unos 60 millones de pesos que estuvieron apenas unas horas en la cuenta del Poder Judicial y luego desaparecieron como por arte de magia.<br>Esa fue la gota que derram\u00f3 el vaso. D\u00edas despu\u00e9s, el ingeniero agr\u00f3nomo y secretario de gobierno, Eric Cisneros, se pele\u00f3 con Sof\u00eda Mart\u00ednez Huerta y \u00e9sta le dijo que no pensaba renunciar. D\u00edas despu\u00e9s un grupo de magistrados la destituyeron en un mini pleno que se efectu\u00f3 casi en secreto. La nueva presidente era otra igual o peor que Mart\u00ednez Huerta. Era Isabel In\u00e9s Romero Cruz, la primera presidente de un Poder Judicial que no manda a nadie, no sale de su oficina y no conoce del derecho.<br>Porque algo es cierto, mandan all\u00ed el gobernador Cuitl\u00e1huac Garc\u00eda; el diputado Juan G\u00f3mez Cazar\u00edn; el representante del Poder Legislativo, Humberto Hern\u00e1ndez Reducindo y la directora de Administraci\u00f3n, Joana Marl\u00e9n Bautista. Al final de la lista est\u00e1 do\u00f1a Isabel, que poco a poco fue desplazada y hoy d\u00eda no tiene ni voz, ni voto.<br>Quiz\u00e1 por eso es que se ensa\u00f1\u00f3 con la magistrada Yolanda Cecilia Casta\u00f1eda Palmeros al enviarle una carta para que el martes 17 de agosto dejara su oficina. Era el d\u00eda de su cumplea\u00f1os y no hubo ning\u00fan acto de amistad, compa\u00f1erismo o siquiera de institucionalidad. En un Poder Judicial en donde mandan los hombres se dio el caso que una mujer agredi\u00f3 a otra.<br>Y el caso es que se oblig\u00f3 al retiro forzoso a una magistrada que fue designada \u2013por decreto- inamovible. Es decir, ella puede decidir cu\u00e1ndo irse o estar all\u00ed para siempre, por lo menos mientras tuviera vida.<br>No conforme con eso, para verificar que la magistrada no se llevara nada, envi\u00f3 a sus gorilas del \u00e1rea de Contralor\u00eda para que estuvieran all\u00ed, como polic\u00edas. La magistrada no acudi\u00f3 al Poder Judicial debido a que es al\u00e9rgica a cierto tipo de vacunas y cualquiera que prevenga el covid-19 podr\u00eda ocasionarle m\u00e1s da\u00f1o que beneficios. El personal de Isabel In\u00e9s \u2013o de quien los haya enviado- le rompi\u00f3 un reconocimiento recibido en 2017 cuando cumpli\u00f3 45 a\u00f1os de servicio en el Poder Judicial.<br>Del mismo modo y tras un descuido de los asistentes de Yolanda Cecilia Casta\u00f1eda Palmeros, se llevaron algunos premios que obtuvo tiempo atr\u00e1s, como los que formaban parte del Premio Nacional al M\u00e9rito Judicial. En fin, un robo completo.<br>A la magistrada le robaron su tiempo y sus premios y creen haber ganado, pero dentro de poco vendr\u00e1 lo bueno, pues todo ser\u00e1 distinto, olvidaron que ella conoce la ley al rev\u00e9s y al derecho.<br>De Isabel In\u00e9s Romero Cruz no se sabe nada pues su semblanza permanece oculta. Algunos rumoran que ni siquiera estudi\u00f3, en cambio, Yolanda Cecilia Casta\u00f1eda Palmeros estudi\u00f3 dos maestr\u00edas, dos doctorados y fue la mejor de su generaci\u00f3n en la Facultad de Derecho. Juez en 16 distritos judiciales y, adem\u00e1s, Premio Nacional al M\u00e9rito Judicial, jam\u00e1s obtenido por alg\u00fan otro magistrado, hombre o mujer.<br>Ayer lunes, un columnista de Xalapa coment\u00f3 que es posible que Isabel In\u00e9s Romero Cruz renuncie. De hecho, ella ya estaba jubilada, la convirtieron en magistrada por as\u00ed convenir a los intereses de Morena, pero ella ya trae problemas de salud graves y es posible que la tensi\u00f3n generada en los \u00faltimos meses por su ignorancia y su afici\u00f3n al aguardiente con crucetillo le haya provocado m\u00e1s problemas.<br>Se rumora que Enrique Mart\u00ednez V\u00e1zquez, reci\u00e9n electo magistrado y amigo de Juan G\u00f3mez Cazar\u00edn, ser\u00eda el nuevo presidente. Ser\u00eda otro fiasco. Otro tipo sin experiencia judicial y que ser\u00eda t\u00edtere de los de arriba.<br>Lo que ser\u00eda justo y necesario es que se revisara cada centavo gastado en el Poder Judicial, pues en siete meses se gastaron mil 604 millones de pesos del presupuesto 2021 y m\u00e1s de 700 millones de los fondos de Impartici\u00f3n de Justicia y de Retiro de los magistrados. Es necesario saber cu\u00e1nto se robaron estos tipos.<\/p>\n","protected":false},"excerpt":{"rendered":"<p>Miguel \u00c1ngel G\u00f3mez Ruiz A partir de 2020, en la que se aferr\u00f3 a un control dentro del Poder Judicial y a dar la bienvenida a familiares y amigos para que se sirvieran con gusto, la entonces presidente, Sof\u00eda Mart\u00ednez Huerta inici\u00f3 el hundimiento de ese poder.Recursos mal aplicados, corrupci\u00f3n en distintas \u00e1reas y d\u00e1ndose [&hellip;]<\/p>\n","protected":false},"author":2,"featured_media":0,"comment_status":"closed","ping_status":"closed","sticky":false,"template":"","format":"standard","meta":{"tdm_status":"","tdm_grid_status":"","footnotes":""},"categories":[70],"tags":[1681,15620,30032,82,15849],"class_list":{"0":"post-78519","1":"post","2":"type-post","3":"status-publish","4":"format-standard","6":"category-de-opinion","7":"tag-cuitlahuac-garcia","8":"tag-isabel-ines-romero-cruz","9":"tag-juan-gomez-cazarin","10":"tag-poder-judicial","11":"tag-sofia-martinez-huerta"},"yoast_head":"<!-- This site is optimized with the Yoast SEO plugin v27.4 - https:\/\/yoast.com\/product\/yoast-seo-wordpress\/ -->\n<title>Poder Judicial, da\u00f1os aqu\u00ed y all\u00e1 - Los pol\u00edticos Veracruz<\/title>\n<meta name=\"robots\" content=\"index, follow, max-snippet:-1, max-image-preview:large, max-video-preview:-1\" \/>\n<link rel=\"canonical\" href=\"https:\/\/lospoliticosveracruz.com\/?p=78519\" \/>\n<meta property=\"og:locale\" content=\"es_ES\" \/>\n<meta property=\"og:type\" content=\"article\" \/>\n<meta property=\"og:title\" content=\"Poder Judicial, da\u00f1os aqu\u00ed y all\u00e1 - Los pol\u00edticos Veracruz\" \/>\n<meta property=\"og:description\" content=\"Miguel \u00c1ngel G\u00f3mez Ruiz A partir de 2020, en la que se aferr\u00f3 a un control dentro del Poder Judicial y a dar la bienvenida a familiares y amigos para que se sirvieran con gusto, la entonces presidente, Sof\u00eda Mart\u00ednez Huerta inici\u00f3 el hundimiento de ese poder.Recursos mal aplicados, corrupci\u00f3n en distintas \u00e1reas y d\u00e1ndose [&hellip;]\" \/>\n<meta property=\"og:url\" content=\"https:\/\/lospoliticosveracruz.com\/?p=78519\" \/>\n<meta property=\"og:site_name\" content=\"Los pol\u00edticos Veracruz\" \/>\n<meta property=\"article:publisher\" content=\"https:\/\/www.facebook.com\/people\/Notimemes-de-los-Polticos\/61565672886568\/\" \/>\n<meta property=\"article:published_time\" content=\"2021-08-24T19:53:13+00:00\" \/>\n<meta property=\"article:modified_time\" content=\"2021-08-24T19:53:17+00:00\" \/>\n<meta property=\"og:image\" content=\"http:\/\/www.lospoliticosveracruz.com.mx\/wp-content\/uploads\/2021\/08\/Varadero-576x1024.jpg\" \/>\n<meta name=\"author\" content=\"Lo viste en Los Pol\u00edticos\" \/>\n<meta name=\"twitter:card\" content=\"summary_large_image\" \/>\n<meta name=\"twitter:creator\" content=\"@LosPoliticosVer\" \/>\n<meta name=\"twitter:site\" content=\"@LosPoliticosVer\" \/>\n<meta name=\"twitter:label1\" content=\"Escrito por\" \/>\n\t<meta name=\"twitter:data1\" content=\"Lo viste en Los Pol\u00edticos\" \/>\n\t<meta name=\"twitter:label2\" content=\"Tiempo de lectura\" \/>\n\t<meta name=\"twitter:data2\" content=\"4 minutos\" \/>\n<script type=\"application\/ld+json\" class=\"yoast-schema-graph\">{\"@context\":\"https:\\\/\\\/schema.org\",\"@graph\":[{\"@type\":\"Article\",\"@id\":\"https:\\\/\\\/lospoliticosveracruz.com\\\/?p=78519#article\",\"isPartOf\":{\"@id\":\"https:\\\/\\\/lospoliticosveracruz.com\\\/?p=78519\"},\"author\":{\"name\":\"Lo viste en Los Pol\u00edticos\",\"@id\":\"https:\\\/\\\/lospoliticosveracruz.com\\\/#\\\/schema\\\/person\\\/b8702bb0e538456e6efd07080bf2a4a2\"},\"headline\":\"Poder Judicial, da\u00f1os aqu\u00ed y all\u00e1\",\"datePublished\":\"2021-08-24T19:53:13+00:00\",\"dateModified\":\"2021-08-24T19:53:17+00:00\",\"mainEntityOfPage\":{\"@id\":\"https:\\\/\\\/lospoliticosveracruz.com\\\/?p=78519\"},\"wordCount\":896,\"publisher\":{\"@id\":\"https:\\\/\\\/lospoliticosveracruz.com\\\/#organization\"},\"image\":{\"@id\":\"https:\\\/\\\/lospoliticosveracruz.com\\\/?p=78519#primaryimage\"},\"thumbnailUrl\":\"http:\\\/\\\/www.lospoliticosveracruz.com.mx\\\/wp-content\\\/uploads\\\/2021\\\/08\\\/Varadero-576x1024.jpg\",\"keywords\":[\"Cuitl\u00e1huac Garc\u00eda\",\"Isabel In\u00e9s Romero Cruz\",\"Juan G\u00f3mez Cazar\u00edn\",\"Poder Judicial\",\"Sof\u00eda Mart\u00ednez Huerta\"],\"articleSection\":[\"De Opini\u00f3n\"],\"inLanguage\":\"es\"},{\"@type\":\"WebPage\",\"@id\":\"https:\\\/\\\/lospoliticosveracruz.com\\\/?p=78519\",\"url\":\"https:\\\/\\\/lospoliticosveracruz.com\\\/?p=78519\",\"name\":\"Poder Judicial, da\u00f1os aqu\u00ed y all\u00e1 - Los pol\u00edticos Veracruz\",\"isPartOf\":{\"@id\":\"https:\\\/\\\/lospoliticosveracruz.com\\\/#website\"},\"primaryImageOfPage\":{\"@id\":\"https:\\\/\\\/lospoliticosveracruz.com\\\/?p=78519#primaryimage\"},\"image\":{\"@id\":\"https:\\\/\\\/lospoliticosveracruz.com\\\/?p=78519#primaryimage\"},\"thumbnailUrl\":\"http:\\\/\\\/www.lospoliticosveracruz.com.mx\\\/wp-content\\\/uploads\\\/2021\\\/08\\\/Varadero-576x1024.jpg\",\"datePublished\":\"2021-08-24T19:53:13+00:00\",\"dateModified\":\"2021-08-24T19:53:17+00:00\",\"breadcrumb\":{\"@id\":\"https:\\\/\\\/lospoliticosveracruz.com\\\/?p=78519#breadcrumb\"},\"inLanguage\":\"es\",\"potentialAction\":[{\"@type\":\"ReadAction\",\"target\":[\"https:\\\/\\\/lospoliticosveracruz.com\\\/?p=78519\"]}]},{\"@type\":\"ImageObject\",\"inLanguage\":\"es\",\"@id\":\"https:\\\/\\\/lospoliticosveracruz.com\\\/?p=78519#primaryimage\",\"url\":\"http:\\\/\\\/www.lospoliticosveracruz.com.mx\\\/wp-content\\\/uploads\\\/2021\\\/08\\\/Varadero-576x1024.jpg\",\"contentUrl\":\"http:\\\/\\\/www.lospoliticosveracruz.com.mx\\\/wp-content\\\/uploads\\\/2021\\\/08\\\/Varadero-576x1024.jpg\"},{\"@type\":\"BreadcrumbList\",\"@id\":\"https:\\\/\\\/lospoliticosveracruz.com\\\/?p=78519#breadcrumb\",\"itemListElement\":[{\"@type\":\"ListItem\",\"position\":1,\"name\":\"Portada\",\"item\":\"https:\\\/\\\/lospoliticosveracruz.com\\\/\"},{\"@type\":\"ListItem\",\"position\":2,\"name\":\"Poder Judicial, da\u00f1os aqu\u00ed y all\u00e1\"}]},{\"@type\":\"WebSite\",\"@id\":\"https:\\\/\\\/lospoliticosveracruz.com\\\/#website\",\"url\":\"https:\\\/\\\/lospoliticosveracruz.com\\\/\",\"name\":\"Los pol\u00edticos Veracruz\",\"description\":\"\",\"publisher\":{\"@id\":\"https:\\\/\\\/lospoliticosveracruz.com\\\/#organization\"},\"potentialAction\":[{\"@type\":\"SearchAction\",\"target\":{\"@type\":\"EntryPoint\",\"urlTemplate\":\"https:\\\/\\\/lospoliticosveracruz.com\\\/?s={search_term_string}\"},\"query-input\":{\"@type\":\"PropertyValueSpecification\",\"valueRequired\":true,\"valueName\":\"search_term_string\"}}],\"inLanguage\":\"es\"},{\"@type\":\"Organization\",\"@id\":\"https:\\\/\\\/lospoliticosveracruz.com\\\/#organization\",\"name\":\"Los pol\u00edticos Veracruz\",\"url\":\"https:\\\/\\\/lospoliticosveracruz.com\\\/\",\"logo\":{\"@type\":\"ImageObject\",\"inLanguage\":\"es\",\"@id\":\"https:\\\/\\\/lospoliticosveracruz.com\\\/#\\\/schema\\\/logo\\\/image\\\/\",\"url\":\"https:\\\/\\\/lospoliticosveracruz.com\\\/wp-content\\\/uploads\\\/2025\\\/12\\\/Logo-Nuevo-LOS-POLITICOS-1.jpg\",\"contentUrl\":\"https:\\\/\\\/lospoliticosveracruz.com\\\/wp-content\\\/uploads\\\/2025\\\/12\\\/Logo-Nuevo-LOS-POLITICOS-1.jpg\",\"width\":260,\"height\":70,\"caption\":\"Los pol\u00edticos Veracruz\"},\"image\":{\"@id\":\"https:\\\/\\\/lospoliticosveracruz.com\\\/#\\\/schema\\\/logo\\\/image\\\/\"},\"sameAs\":[\"https:\\\/\\\/www.facebook.com\\\/people\\\/Notimemes-de-los-Polticos\\\/61565672886568\\\/\",\"https:\\\/\\\/x.com\\\/LosPoliticosVer\"]},{\"@type\":\"Person\",\"@id\":\"https:\\\/\\\/lospoliticosveracruz.com\\\/#\\\/schema\\\/person\\\/b8702bb0e538456e6efd07080bf2a4a2\",\"name\":\"Lo viste en Los Pol\u00edticos\",\"image\":{\"@type\":\"ImageObject\",\"inLanguage\":\"es\",\"@id\":\"https:\\\/\\\/secure.gravatar.com\\\/avatar\\\/3a8de04a2656d44082be478bd6c086daa447c4651605818287b9532d3d0bd435?s=96&d=mm&r=g\",\"url\":\"https:\\\/\\\/secure.gravatar.com\\\/avatar\\\/3a8de04a2656d44082be478bd6c086daa447c4651605818287b9532d3d0bd435?s=96&d=mm&r=g\",\"contentUrl\":\"https:\\\/\\\/secure.gravatar.com\\\/avatar\\\/3a8de04a2656d44082be478bd6c086daa447c4651605818287b9532d3d0bd435?s=96&d=mm&r=g\",\"caption\":\"Lo viste en Los Pol\u00edticos\"},\"url\":\"https:\\\/\\\/lospoliticosveracruz.com\\\/?author=2\"}]}<\/script>\n<!-- \/ Yoast SEO plugin. -->","yoast_head_json":{"title":"Poder Judicial, da\u00f1os aqu\u00ed y all\u00e1 - Los pol\u00edticos Veracruz","robots":{"index":"index","follow":"follow","max-snippet":"max-snippet:-1","max-image-preview":"max-image-preview:large","max-video-preview":"max-video-preview:-1"},"canonical":"https:\/\/lospoliticosveracruz.com\/?p=78519","og_locale":"es_ES","og_type":"article","og_title":"Poder Judicial, da\u00f1os aqu\u00ed y all\u00e1 - Los pol\u00edticos Veracruz","og_description":"Miguel \u00c1ngel G\u00f3mez Ruiz A partir de 2020, en la que se aferr\u00f3 a un control dentro del Poder Judicial y a dar la bienvenida a familiares y amigos para que se sirvieran con gusto, la entonces presidente, Sof\u00eda Mart\u00ednez Huerta inici\u00f3 el hundimiento de ese poder.Recursos mal aplicados, corrupci\u00f3n en distintas \u00e1reas y d\u00e1ndose [&hellip;]","og_url":"https:\/\/lospoliticosveracruz.com\/?p=78519","og_site_name":"Los pol\u00edticos Veracruz","article_publisher":"https:\/\/www.facebook.com\/people\/Notimemes-de-los-Polticos\/61565672886568\/","article_published_time":"2021-08-24T19:53:13+00:00","article_modified_time":"2021-08-24T19:53:17+00:00","og_image":[{"url":"http:\/\/www.lospoliticosveracruz.com.mx\/wp-content\/uploads\/2021\/08\/Varadero-576x1024.jpg","type":"","width":"","height":""}],"author":"Lo viste en Los Pol\u00edticos","twitter_card":"summary_large_image","twitter_creator":"@LosPoliticosVer","twitter_site":"@LosPoliticosVer","twitter_misc":{"Escrito por":"Lo viste en Los Pol\u00edticos","Tiempo de lectura":"4 minutos"},"schema":{"@context":"https:\/\/schema.org","@graph":[{"@type":"Article","@id":"https:\/\/lospoliticosveracruz.com\/?p=78519#article","isPartOf":{"@id":"https:\/\/lospoliticosveracruz.com\/?p=78519"},"author":{"name":"Lo viste en Los Pol\u00edticos","@id":"https:\/\/lospoliticosveracruz.com\/#\/schema\/person\/b8702bb0e538456e6efd07080bf2a4a2"},"headline":"Poder Judicial, da\u00f1os aqu\u00ed y all\u00e1","datePublished":"2021-08-24T19:53:13+00:00","dateModified":"2021-08-24T19:53:17+00:00","mainEntityOfPage":{"@id":"https:\/\/lospoliticosveracruz.com\/?p=78519"},"wordCount":896,"publisher":{"@id":"https:\/\/lospoliticosveracruz.com\/#organization"},"image":{"@id":"https:\/\/lospoliticosveracruz.com\/?p=78519#primaryimage"},"thumbnailUrl":"http:\/\/www.lospoliticosveracruz.com.mx\/wp-content\/uploads\/2021\/08\/Varadero-576x1024.jpg","keywords":["Cuitl\u00e1huac Garc\u00eda","Isabel In\u00e9s Romero Cruz","Juan G\u00f3mez Cazar\u00edn","Poder Judicial","Sof\u00eda Mart\u00ednez Huerta"],"articleSection":["De Opini\u00f3n"],"inLanguage":"es"},{"@type":"WebPage","@id":"https:\/\/lospoliticosveracruz.com\/?p=78519","url":"https:\/\/lospoliticosveracruz.com\/?p=78519","name":"Poder Judicial, da\u00f1os aqu\u00ed y all\u00e1 - Los pol\u00edticos Veracruz","isPartOf":{"@id":"https:\/\/lospoliticosveracruz.com\/#website"},"primaryImageOfPage":{"@id":"https:\/\/lospoliticosveracruz.com\/?p=78519#primaryimage"},"image":{"@id":"https:\/\/lospoliticosveracruz.com\/?p=78519#primaryimage"},"thumbnailUrl":"http:\/\/www.lospoliticosveracruz.com.mx\/wp-content\/uploads\/2021\/08\/Varadero-576x1024.jpg","datePublished":"2021-08-24T19:53:13+00:00","dateModified":"2021-08-24T19:53:17+00:00","breadcrumb":{"@id":"https:\/\/lospoliticosveracruz.com\/?p=78519#breadcrumb"},"inLanguage":"es","potentialAction":[{"@type":"ReadAction","target":["https:\/\/lospoliticosveracruz.com\/?p=78519"]}]},{"@type":"ImageObject","inLanguage":"es","@id":"https:\/\/lospoliticosveracruz.com\/?p=78519#primaryimage","url":"http:\/\/www.lospoliticosveracruz.com.mx\/wp-content\/uploads\/2021\/08\/Varadero-576x1024.jpg","contentUrl":"http:\/\/www.lospoliticosveracruz.com.mx\/wp-content\/uploads\/2021\/08\/Varadero-576x1024.jpg"},{"@type":"BreadcrumbList","@id":"https:\/\/lospoliticosveracruz.com\/?p=78519#breadcrumb","itemListElement":[{"@type":"ListItem","position":1,"name":"Portada","item":"https:\/\/lospoliticosveracruz.com\/"},{"@type":"ListItem","position":2,"name":"Poder Judicial, da\u00f1os aqu\u00ed y all\u00e1"}]},{"@type":"WebSite","@id":"https:\/\/lospoliticosveracruz.com\/#website","url":"https:\/\/lospoliticosveracruz.com\/","name":"Los pol\u00edticos Veracruz","description":"","publisher":{"@id":"https:\/\/lospoliticosveracruz.com\/#organization"},"potentialAction":[{"@type":"SearchAction","target":{"@type":"EntryPoint","urlTemplate":"https:\/\/lospoliticosveracruz.com\/?s={search_term_string}"},"query-input":{"@type":"PropertyValueSpecification","valueRequired":true,"valueName":"search_term_string"}}],"inLanguage":"es"},{"@type":"Organization","@id":"https:\/\/lospoliticosveracruz.com\/#organization","name":"Los pol\u00edticos Veracruz","url":"https:\/\/lospoliticosveracruz.com\/","logo":{"@type":"ImageObject","inLanguage":"es","@id":"https:\/\/lospoliticosveracruz.com\/#\/schema\/logo\/image\/","url":"https:\/\/lospoliticosveracruz.com\/wp-content\/uploads\/2025\/12\/Logo-Nuevo-LOS-POLITICOS-1.jpg","contentUrl":"https:\/\/lospoliticosveracruz.com\/wp-content\/uploads\/2025\/12\/Logo-Nuevo-LOS-POLITICOS-1.jpg","width":260,"height":70,"caption":"Los pol\u00edticos Veracruz"},"image":{"@id":"https:\/\/lospoliticosveracruz.com\/#\/schema\/logo\/image\/"},"sameAs":["https:\/\/www.facebook.com\/people\/Notimemes-de-los-Polticos\/61565672886568\/","https:\/\/x.com\/LosPoliticosVer"]},{"@type":"Person","@id":"https:\/\/lospoliticosveracruz.com\/#\/schema\/person\/b8702bb0e538456e6efd07080bf2a4a2","name":"Lo viste en Los Pol\u00edticos","image":{"@type":"ImageObject","inLanguage":"es","@id":"https:\/\/secure.gravatar.com\/avatar\/3a8de04a2656d44082be478bd6c086daa447c4651605818287b9532d3d0bd435?s=96&d=mm&r=g","url":"https:\/\/secure.gravatar.com\/avatar\/3a8de04a2656d44082be478bd6c086daa447c4651605818287b9532d3d0bd435?s=96&d=mm&r=g","contentUrl":"https:\/\/secure.gravatar.com\/avatar\/3a8de04a2656d44082be478bd6c086daa447c4651605818287b9532d3d0bd435?s=96&d=mm&r=g","caption":"Lo viste en Los Pol\u00edticos"},"url":"https:\/\/lospoliticosveracruz.com\/?author=2"}]}},"_links":{"self":[{"href":"https:\/\/lospoliticosveracruz.com\/index.php?rest_route=\/wp\/v2\/posts\/78519","targetHints":{"allow":["GET"]}}],"collection":[{"href":"https:\/\/lospoliticosveracruz.com\/index.php?rest_route=\/wp\/v2\/posts"}],"about":[{"href":"https:\/\/lospoliticosveracruz.com\/index.php?rest_route=\/wp\/v2\/types\/post"}],"author":[{"embeddable":true,"href":"https:\/\/lospoliticosveracruz.com\/index.php?rest_route=\/wp\/v2\/users\/2"}],"replies":[{"embeddable":true,"href":"https:\/\/lospoliticosveracruz.com\/index.php?rest_route=%2Fwp%2Fv2%2Fcomments&post=78519"}],"version-history":[{"count":1,"href":"https:\/\/lospoliticosveracruz.com\/index.php?rest_route=\/wp\/v2\/posts\/78519\/revisions"}],"predecessor-version":[{"id":78521,"href":"https:\/\/lospoliticosveracruz.com\/index.php?rest_route=\/wp\/v2\/posts\/78519\/revisions\/78521"}],"wp:attachment":[{"href":"https:\/\/lospoliticosveracruz.com\/index.php?rest_route=%2Fwp%2Fv2%2Fmedia&parent=78519"}],"wp:term":[{"taxonomy":"category","embeddable":true,"href":"https:\/\/lospoliticosveracruz.com\/index.php?rest_route=%2Fwp%2Fv2%2Fcategories&post=78519"},{"taxonomy":"post_tag","embeddable":true,"href":"https:\/\/lospoliticosveracruz.com\/index.php?rest_route=%2Fwp%2Fv2%2Ftags&post=78519"}],"curies":[{"name":"wp","href":"https:\/\/api.w.org\/{rel}","templated":true}]}}