{"id":78530,"date":"2021-08-25T07:58:26","date_gmt":"2021-08-25T12:58:26","guid":{"rendered":"http:\/\/www.lospoliticosveracruz.com.mx\/?p=78530"},"modified":"2021-08-25T07:58:31","modified_gmt":"2021-08-25T12:58:31","slug":"anaya-y-nahle","status":"publish","type":"post","link":"https:\/\/lospoliticosveracruz.com\/?p=78530","title":{"rendered":"Anaya y Nahle"},"content":{"rendered":"\n<p><strong>Salvador Mu\u00f1oz<\/strong><\/p>\n\n\n\n<p><em>Los Pol\u00edticos<br><\/em><\/p>\n\n\n\n<p>Si Ricardo Anaya sale del pa\u00eds, hay dos formas de ver su exilio:<br>Para los morenistas, se convierte de inmediato en una especie de pr\u00f3fugo pol\u00edtico.<br>Para la oposici\u00f3n, se convierte de inmediato en una especie de perseguido pol\u00edtico.<br>Cuesti\u00f3n de enfoques.<br>Lo cierto es que el tema Anaya, acusado de haber recibido un soborno por m\u00e1s de seis millones de pesos para aprobar la Reforma Energ\u00e9tica en su paso por San L\u00e1zaro, surge a los pocos d\u00edas en que una encuesta lo colocara entre las preferencias a disputar la presidencia en el 2024 seguido de Lilly T\u00e9llez.<\/p>\n\n\n\n<div class=\"wp-block-image\"><figure class=\"alignleft size-large\"><a href=\"http:\/\/www.lospoliticosveracruz.com.mx\/wp-content\/uploads\/2021\/08\/WhatsApp-Image-2021-08-02-at-12.46.36.jpeg\"><img decoding=\"async\" src=\"http:\/\/www.lospoliticosveracruz.com.mx\/wp-content\/uploads\/2021\/08\/WhatsApp-Image-2021-08-02-at-12.46.36.jpeg\" alt=\"\" class=\"wp-image-77480\"\/><\/a><\/figure><\/div>\n\n\n\n<p><br>A como est\u00e1n los aguacates en este gobierno, algo similar al de \u201cDispara primero, luego viriguas\u201d, en un momento dado se podr\u00eda entender el \u201cm\u00e1s vale aqu\u00ed corri\u00f3\u201d de Anaya bajo un entendido de que puede tener m\u00e1s valor un \u201casilado pol\u00edtico\u201d que un \u201cpreso pol\u00edtico\u201d\u2026 recuerden a Rosario Robles\u2026<br>Y si de recordar se trata, \u00bfse acuerdan, all\u00e1 por el 2005, del desafuero de Andr\u00e9s Manuel L\u00f3pez Obrador? Todo el aparato gubernamental, la entonces Procuradur\u00eda General de la Rep\u00fablica, el Congreso de la Uni\u00f3n, contra el entonces Jefe de Gobierno del Distrito Federal.<br>Se logr\u00f3 el desafuero, pero cuando Vicente Fox y equipo percibieron el sentir social ante lo que era evidente un ataque pol\u00edtico (el pecado del Peje, abrir una calle si no mal se recuerda, hacia un hospital), la Procuradur\u00eda General de la Rep\u00fablica desisti\u00f3 pero el da\u00f1o ya estaba hecho, precisamente a un a\u00f1o de que se diera la elecci\u00f3n presidencial. Si bien no gan\u00f3 L\u00f3pez Obrador, apuntal\u00f3 su figura y se desgast\u00f3 la de Fox Quesada y a la vez, empa\u00f1\u00f3 el triunfo de Felipe Calder\u00f3n Hinojosa.<br>Se dice mucho que quien no conoce su historia, est\u00e1 condenado a repetirla\u2026 y el mismo presidente L\u00f3pez Obrador insiste en que la venganza no es su fuerte, pero una cosa es lo que se dice y otra la que se hace\u2026<br>O\u00edr a L\u00f3pez Obrador es escuchar resentimiento\u2026 creo que ning\u00fan ciudadano con tres dedos de frente est\u00e1 alejado de la idea de que quien haya cometido un il\u00edcito, sencillamente se le aplique la Ley y haya justicia; mas el papel que desempe\u00f1a AMLO desde una Ma\u00f1anera, con las redes sociales y cr\u00edticos con la mira en \u00e9l, deja espacio para que en lugar de destruir a sus adversarios, los vaya construyendo, as\u00ed, igualito como en su momento lo hizo Vicente Fox con \u00e9l\u2026<br>II<br>Mi apoyo a la aspiracionista Roc\u00edo Nahle para que sea presidenciable este 2024. Mil veces preferible verla en las boletas para la Federal que para la Estatal.<br>El hecho de que ella salga para ponerse entre las \u201ccorcholatas\u201d del Pejedente, es porque a diferencia del pa\u00eds que est\u00e1 en sem\u00e1foro rojo y naranja, para las \u201caspiraciones\u201d a la Grande, hay luz verde, hay permiso, hay plan con ma\u00f1a.<br>Andr\u00e9s Manuel es una persona que quiere pasar a la historia no s\u00f3lo por ser el segundo partido que logra la alternancia en el principio de siglo, sino que es seguro que uno de sus legados m\u00e1s sorprendente ser\u00eda que impulsara en la sucesi\u00f3n a una mujer\u2026 por supuesto, esto no quiere decir que sea Nahle (ojal\u00e1 lo sea, por el bien de Veracruz), ya que adem\u00e1s de la secretaria de Energ\u00eda, est\u00e1 la T\u00eda Tatis Clouthier y Claudia Chambona (Sheinbaum pa\u2019 los cuates)\u2026 s\u00f3lo piense el tama\u00f1o del Ego de Andr\u00e9s Manuel: mil contra uno a que su candidato o candidata es quien le sea fiel, leal, devoto, seguidor, adepto a los principios que rigen, no a su gobierno, sino a su forma de pensar\u2026 Piense qui\u00e9n de Ebrard, Nahle, Clouthier o Sheinbaum encaja en los requisitos que demanda el Pejedente\u2026<\/p>\n\n\n\n<p>smcainito@gmail.com<\/p>\n","protected":false},"excerpt":{"rendered":"<p>Salvador Mu\u00f1oz Los Pol\u00edticos Si Ricardo Anaya sale del pa\u00eds, hay dos formas de ver su exilio:Para los morenistas, se convierte de inmediato en una especie de pr\u00f3fugo pol\u00edtico.Para la oposici\u00f3n, se convierte de inmediato en una especie de perseguido pol\u00edtico.Cuesti\u00f3n de enfoques.Lo cierto es que el tema Anaya, acusado de haber recibido un soborno [&hellip;]<\/p>\n","protected":false},"author":2,"featured_media":0,"comment_status":"closed","ping_status":"closed","sticky":false,"template":"","format":"standard","meta":{"tdm_status":"","tdm_grid_status":"","footnotes":""},"categories":[70],"tags":[618,9627,17470,3135,26717,2646,30037],"class_list":{"0":"post-78530","1":"post","2":"type-post","3":"status-publish","4":"format-standard","6":"category-de-opinion","7":"tag-andres-manuel-lopez-obrador","8":"tag-claudia-sheinbaum","9":"tag-lilly-tellez","10":"tag-ricardo-anaya-cortes","11":"tag-rocio-nahle-2","12":"tag-salvador-munoz","13":"tag-tatis-clouthier"},"yoast_head":"<!-- This site is optimized with the Yoast SEO plugin v27.4 - https:\/\/yoast.com\/product\/yoast-seo-wordpress\/ -->\n<title>Anaya y Nahle - Los pol\u00edticos Veracruz<\/title>\n<meta name=\"robots\" content=\"index, follow, max-snippet:-1, max-image-preview:large, max-video-preview:-1\" \/>\n<link rel=\"canonical\" href=\"https:\/\/lospoliticosveracruz.com\/?p=78530\" \/>\n<meta property=\"og:locale\" content=\"es_ES\" \/>\n<meta property=\"og:type\" content=\"article\" \/>\n<meta property=\"og:title\" content=\"Anaya y Nahle - Los pol\u00edticos Veracruz\" \/>\n<meta property=\"og:description\" content=\"Salvador Mu\u00f1oz Los Pol\u00edticos Si Ricardo Anaya sale del pa\u00eds, hay dos formas de ver su exilio:Para los morenistas, se convierte de inmediato en una especie de pr\u00f3fugo pol\u00edtico.Para la oposici\u00f3n, se convierte de inmediato en una especie de perseguido pol\u00edtico.Cuesti\u00f3n de enfoques.Lo cierto es que el tema Anaya, acusado de haber recibido un soborno [&hellip;]\" \/>\n<meta property=\"og:url\" content=\"https:\/\/lospoliticosveracruz.com\/?p=78530\" \/>\n<meta property=\"og:site_name\" content=\"Los pol\u00edticos Veracruz\" \/>\n<meta property=\"article:publisher\" content=\"https:\/\/www.facebook.com\/people\/Notimemes-de-los-Polticos\/61565672886568\/\" \/>\n<meta property=\"article:published_time\" content=\"2021-08-25T12:58:26+00:00\" \/>\n<meta property=\"article:modified_time\" content=\"2021-08-25T12:58:31+00:00\" \/>\n<meta property=\"og:image\" content=\"http:\/\/www.lospoliticosveracruz.com.mx\/wp-content\/uploads\/2021\/08\/WhatsApp-Image-2021-08-02-at-12.46.36.jpeg\" \/>\n<meta name=\"author\" content=\"Lo viste en Los Pol\u00edticos\" \/>\n<meta name=\"twitter:card\" content=\"summary_large_image\" \/>\n<meta name=\"twitter:creator\" content=\"@LosPoliticosVer\" \/>\n<meta name=\"twitter:site\" content=\"@LosPoliticosVer\" \/>\n<meta name=\"twitter:label1\" content=\"Escrito por\" \/>\n\t<meta name=\"twitter:data1\" content=\"Lo viste en Los Pol\u00edticos\" \/>\n\t<meta name=\"twitter:label2\" content=\"Tiempo de lectura\" \/>\n\t<meta name=\"twitter:data2\" content=\"3 minutos\" \/>\n<script type=\"application\/ld+json\" class=\"yoast-schema-graph\">{\"@context\":\"https:\\\/\\\/schema.org\",\"@graph\":[{\"@type\":\"Article\",\"@id\":\"https:\\\/\\\/lospoliticosveracruz.com\\\/?p=78530#article\",\"isPartOf\":{\"@id\":\"https:\\\/\\\/lospoliticosveracruz.com\\\/?p=78530\"},\"author\":{\"name\":\"Lo viste en Los Pol\u00edticos\",\"@id\":\"https:\\\/\\\/lospoliticosveracruz.com\\\/#\\\/schema\\\/person\\\/b8702bb0e538456e6efd07080bf2a4a2\"},\"headline\":\"Anaya y Nahle\",\"datePublished\":\"2021-08-25T12:58:26+00:00\",\"dateModified\":\"2021-08-25T12:58:31+00:00\",\"mainEntityOfPage\":{\"@id\":\"https:\\\/\\\/lospoliticosveracruz.com\\\/?p=78530\"},\"wordCount\":678,\"publisher\":{\"@id\":\"https:\\\/\\\/lospoliticosveracruz.com\\\/#organization\"},\"image\":{\"@id\":\"https:\\\/\\\/lospoliticosveracruz.com\\\/?p=78530#primaryimage\"},\"thumbnailUrl\":\"http:\\\/\\\/www.lospoliticosveracruz.com.mx\\\/wp-content\\\/uploads\\\/2021\\\/08\\\/WhatsApp-Image-2021-08-02-at-12.46.36.jpeg\",\"keywords\":[\"Andr\u00e9s Manuel L\u00f3pez Obrador\",\"Claudia Sheinbaum\",\"Lilly T\u00e9llez\",\"Ricardo Anaya Cort\u00e9s\",\"Rocio Nahle\",\"Salvador Mu\u00f1oz\",\"Tatis Clouthier\"],\"articleSection\":[\"De Opini\u00f3n\"],\"inLanguage\":\"es\"},{\"@type\":\"WebPage\",\"@id\":\"https:\\\/\\\/lospoliticosveracruz.com\\\/?p=78530\",\"url\":\"https:\\\/\\\/lospoliticosveracruz.com\\\/?p=78530\",\"name\":\"Anaya y Nahle - Los pol\u00edticos Veracruz\",\"isPartOf\":{\"@id\":\"https:\\\/\\\/lospoliticosveracruz.com\\\/#website\"},\"primaryImageOfPage\":{\"@id\":\"https:\\\/\\\/lospoliticosveracruz.com\\\/?p=78530#primaryimage\"},\"image\":{\"@id\":\"https:\\\/\\\/lospoliticosveracruz.com\\\/?p=78530#primaryimage\"},\"thumbnailUrl\":\"http:\\\/\\\/www.lospoliticosveracruz.com.mx\\\/wp-content\\\/uploads\\\/2021\\\/08\\\/WhatsApp-Image-2021-08-02-at-12.46.36.jpeg\",\"datePublished\":\"2021-08-25T12:58:26+00:00\",\"dateModified\":\"2021-08-25T12:58:31+00:00\",\"breadcrumb\":{\"@id\":\"https:\\\/\\\/lospoliticosveracruz.com\\\/?p=78530#breadcrumb\"},\"inLanguage\":\"es\",\"potentialAction\":[{\"@type\":\"ReadAction\",\"target\":[\"https:\\\/\\\/lospoliticosveracruz.com\\\/?p=78530\"]}]},{\"@type\":\"ImageObject\",\"inLanguage\":\"es\",\"@id\":\"https:\\\/\\\/lospoliticosveracruz.com\\\/?p=78530#primaryimage\",\"url\":\"http:\\\/\\\/www.lospoliticosveracruz.com.mx\\\/wp-content\\\/uploads\\\/2021\\\/08\\\/WhatsApp-Image-2021-08-02-at-12.46.36.jpeg\",\"contentUrl\":\"http:\\\/\\\/www.lospoliticosveracruz.com.mx\\\/wp-content\\\/uploads\\\/2021\\\/08\\\/WhatsApp-Image-2021-08-02-at-12.46.36.jpeg\"},{\"@type\":\"BreadcrumbList\",\"@id\":\"https:\\\/\\\/lospoliticosveracruz.com\\\/?p=78530#breadcrumb\",\"itemListElement\":[{\"@type\":\"ListItem\",\"position\":1,\"name\":\"Portada\",\"item\":\"https:\\\/\\\/lospoliticosveracruz.com\\\/\"},{\"@type\":\"ListItem\",\"position\":2,\"name\":\"Anaya y Nahle\"}]},{\"@type\":\"WebSite\",\"@id\":\"https:\\\/\\\/lospoliticosveracruz.com\\\/#website\",\"url\":\"https:\\\/\\\/lospoliticosveracruz.com\\\/\",\"name\":\"Los pol\u00edticos Veracruz\",\"description\":\"\",\"publisher\":{\"@id\":\"https:\\\/\\\/lospoliticosveracruz.com\\\/#organization\"},\"potentialAction\":[{\"@type\":\"SearchAction\",\"target\":{\"@type\":\"EntryPoint\",\"urlTemplate\":\"https:\\\/\\\/lospoliticosveracruz.com\\\/?s={search_term_string}\"},\"query-input\":{\"@type\":\"PropertyValueSpecification\",\"valueRequired\":true,\"valueName\":\"search_term_string\"}}],\"inLanguage\":\"es\"},{\"@type\":\"Organization\",\"@id\":\"https:\\\/\\\/lospoliticosveracruz.com\\\/#organization\",\"name\":\"Los pol\u00edticos Veracruz\",\"url\":\"https:\\\/\\\/lospoliticosveracruz.com\\\/\",\"logo\":{\"@type\":\"ImageObject\",\"inLanguage\":\"es\",\"@id\":\"https:\\\/\\\/lospoliticosveracruz.com\\\/#\\\/schema\\\/logo\\\/image\\\/\",\"url\":\"https:\\\/\\\/lospoliticosveracruz.com\\\/wp-content\\\/uploads\\\/2025\\\/12\\\/Logo-Nuevo-LOS-POLITICOS-1.jpg\",\"contentUrl\":\"https:\\\/\\\/lospoliticosveracruz.com\\\/wp-content\\\/uploads\\\/2025\\\/12\\\/Logo-Nuevo-LOS-POLITICOS-1.jpg\",\"width\":260,\"height\":70,\"caption\":\"Los pol\u00edticos Veracruz\"},\"image\":{\"@id\":\"https:\\\/\\\/lospoliticosveracruz.com\\\/#\\\/schema\\\/logo\\\/image\\\/\"},\"sameAs\":[\"https:\\\/\\\/www.facebook.com\\\/people\\\/Notimemes-de-los-Polticos\\\/61565672886568\\\/\",\"https:\\\/\\\/x.com\\\/LosPoliticosVer\"]},{\"@type\":\"Person\",\"@id\":\"https:\\\/\\\/lospoliticosveracruz.com\\\/#\\\/schema\\\/person\\\/b8702bb0e538456e6efd07080bf2a4a2\",\"name\":\"Lo viste en Los Pol\u00edticos\",\"image\":{\"@type\":\"ImageObject\",\"inLanguage\":\"es\",\"@id\":\"https:\\\/\\\/secure.gravatar.com\\\/avatar\\\/3a8de04a2656d44082be478bd6c086daa447c4651605818287b9532d3d0bd435?s=96&d=mm&r=g\",\"url\":\"https:\\\/\\\/secure.gravatar.com\\\/avatar\\\/3a8de04a2656d44082be478bd6c086daa447c4651605818287b9532d3d0bd435?s=96&d=mm&r=g\",\"contentUrl\":\"https:\\\/\\\/secure.gravatar.com\\\/avatar\\\/3a8de04a2656d44082be478bd6c086daa447c4651605818287b9532d3d0bd435?s=96&d=mm&r=g\",\"caption\":\"Lo viste en Los Pol\u00edticos\"},\"url\":\"https:\\\/\\\/lospoliticosveracruz.com\\\/?author=2\"}]}<\/script>\n<!-- \/ Yoast SEO plugin. -->","yoast_head_json":{"title":"Anaya y Nahle - Los pol\u00edticos Veracruz","robots":{"index":"index","follow":"follow","max-snippet":"max-snippet:-1","max-image-preview":"max-image-preview:large","max-video-preview":"max-video-preview:-1"},"canonical":"https:\/\/lospoliticosveracruz.com\/?p=78530","og_locale":"es_ES","og_type":"article","og_title":"Anaya y Nahle - Los pol\u00edticos Veracruz","og_description":"Salvador Mu\u00f1oz Los Pol\u00edticos Si Ricardo Anaya sale del pa\u00eds, hay dos formas de ver su exilio:Para los morenistas, se convierte de inmediato en una especie de pr\u00f3fugo pol\u00edtico.Para la oposici\u00f3n, se convierte de inmediato en una especie de perseguido pol\u00edtico.Cuesti\u00f3n de enfoques.Lo cierto es que el tema Anaya, acusado de haber recibido un soborno [&hellip;]","og_url":"https:\/\/lospoliticosveracruz.com\/?p=78530","og_site_name":"Los pol\u00edticos Veracruz","article_publisher":"https:\/\/www.facebook.com\/people\/Notimemes-de-los-Polticos\/61565672886568\/","article_published_time":"2021-08-25T12:58:26+00:00","article_modified_time":"2021-08-25T12:58:31+00:00","og_image":[{"url":"http:\/\/www.lospoliticosveracruz.com.mx\/wp-content\/uploads\/2021\/08\/WhatsApp-Image-2021-08-02-at-12.46.36.jpeg","type":"","width":"","height":""}],"author":"Lo viste en Los Pol\u00edticos","twitter_card":"summary_large_image","twitter_creator":"@LosPoliticosVer","twitter_site":"@LosPoliticosVer","twitter_misc":{"Escrito por":"Lo viste en Los Pol\u00edticos","Tiempo de lectura":"3 minutos"},"schema":{"@context":"https:\/\/schema.org","@graph":[{"@type":"Article","@id":"https:\/\/lospoliticosveracruz.com\/?p=78530#article","isPartOf":{"@id":"https:\/\/lospoliticosveracruz.com\/?p=78530"},"author":{"name":"Lo viste en Los Pol\u00edticos","@id":"https:\/\/lospoliticosveracruz.com\/#\/schema\/person\/b8702bb0e538456e6efd07080bf2a4a2"},"headline":"Anaya y Nahle","datePublished":"2021-08-25T12:58:26+00:00","dateModified":"2021-08-25T12:58:31+00:00","mainEntityOfPage":{"@id":"https:\/\/lospoliticosveracruz.com\/?p=78530"},"wordCount":678,"publisher":{"@id":"https:\/\/lospoliticosveracruz.com\/#organization"},"image":{"@id":"https:\/\/lospoliticosveracruz.com\/?p=78530#primaryimage"},"thumbnailUrl":"http:\/\/www.lospoliticosveracruz.com.mx\/wp-content\/uploads\/2021\/08\/WhatsApp-Image-2021-08-02-at-12.46.36.jpeg","keywords":["Andr\u00e9s Manuel L\u00f3pez Obrador","Claudia Sheinbaum","Lilly T\u00e9llez","Ricardo Anaya Cort\u00e9s","Rocio Nahle","Salvador Mu\u00f1oz","Tatis Clouthier"],"articleSection":["De Opini\u00f3n"],"inLanguage":"es"},{"@type":"WebPage","@id":"https:\/\/lospoliticosveracruz.com\/?p=78530","url":"https:\/\/lospoliticosveracruz.com\/?p=78530","name":"Anaya y Nahle - Los pol\u00edticos Veracruz","isPartOf":{"@id":"https:\/\/lospoliticosveracruz.com\/#website"},"primaryImageOfPage":{"@id":"https:\/\/lospoliticosveracruz.com\/?p=78530#primaryimage"},"image":{"@id":"https:\/\/lospoliticosveracruz.com\/?p=78530#primaryimage"},"thumbnailUrl":"http:\/\/www.lospoliticosveracruz.com.mx\/wp-content\/uploads\/2021\/08\/WhatsApp-Image-2021-08-02-at-12.46.36.jpeg","datePublished":"2021-08-25T12:58:26+00:00","dateModified":"2021-08-25T12:58:31+00:00","breadcrumb":{"@id":"https:\/\/lospoliticosveracruz.com\/?p=78530#breadcrumb"},"inLanguage":"es","potentialAction":[{"@type":"ReadAction","target":["https:\/\/lospoliticosveracruz.com\/?p=78530"]}]},{"@type":"ImageObject","inLanguage":"es","@id":"https:\/\/lospoliticosveracruz.com\/?p=78530#primaryimage","url":"http:\/\/www.lospoliticosveracruz.com.mx\/wp-content\/uploads\/2021\/08\/WhatsApp-Image-2021-08-02-at-12.46.36.jpeg","contentUrl":"http:\/\/www.lospoliticosveracruz.com.mx\/wp-content\/uploads\/2021\/08\/WhatsApp-Image-2021-08-02-at-12.46.36.jpeg"},{"@type":"BreadcrumbList","@id":"https:\/\/lospoliticosveracruz.com\/?p=78530#breadcrumb","itemListElement":[{"@type":"ListItem","position":1,"name":"Portada","item":"https:\/\/lospoliticosveracruz.com\/"},{"@type":"ListItem","position":2,"name":"Anaya y Nahle"}]},{"@type":"WebSite","@id":"https:\/\/lospoliticosveracruz.com\/#website","url":"https:\/\/lospoliticosveracruz.com\/","name":"Los pol\u00edticos Veracruz","description":"","publisher":{"@id":"https:\/\/lospoliticosveracruz.com\/#organization"},"potentialAction":[{"@type":"SearchAction","target":{"@type":"EntryPoint","urlTemplate":"https:\/\/lospoliticosveracruz.com\/?s={search_term_string}"},"query-input":{"@type":"PropertyValueSpecification","valueRequired":true,"valueName":"search_term_string"}}],"inLanguage":"es"},{"@type":"Organization","@id":"https:\/\/lospoliticosveracruz.com\/#organization","name":"Los pol\u00edticos Veracruz","url":"https:\/\/lospoliticosveracruz.com\/","logo":{"@type":"ImageObject","inLanguage":"es","@id":"https:\/\/lospoliticosveracruz.com\/#\/schema\/logo\/image\/","url":"https:\/\/lospoliticosveracruz.com\/wp-content\/uploads\/2025\/12\/Logo-Nuevo-LOS-POLITICOS-1.jpg","contentUrl":"https:\/\/lospoliticosveracruz.com\/wp-content\/uploads\/2025\/12\/Logo-Nuevo-LOS-POLITICOS-1.jpg","width":260,"height":70,"caption":"Los pol\u00edticos Veracruz"},"image":{"@id":"https:\/\/lospoliticosveracruz.com\/#\/schema\/logo\/image\/"},"sameAs":["https:\/\/www.facebook.com\/people\/Notimemes-de-los-Polticos\/61565672886568\/","https:\/\/x.com\/LosPoliticosVer"]},{"@type":"Person","@id":"https:\/\/lospoliticosveracruz.com\/#\/schema\/person\/b8702bb0e538456e6efd07080bf2a4a2","name":"Lo viste en Los Pol\u00edticos","image":{"@type":"ImageObject","inLanguage":"es","@id":"https:\/\/secure.gravatar.com\/avatar\/3a8de04a2656d44082be478bd6c086daa447c4651605818287b9532d3d0bd435?s=96&d=mm&r=g","url":"https:\/\/secure.gravatar.com\/avatar\/3a8de04a2656d44082be478bd6c086daa447c4651605818287b9532d3d0bd435?s=96&d=mm&r=g","contentUrl":"https:\/\/secure.gravatar.com\/avatar\/3a8de04a2656d44082be478bd6c086daa447c4651605818287b9532d3d0bd435?s=96&d=mm&r=g","caption":"Lo viste en Los Pol\u00edticos"},"url":"https:\/\/lospoliticosveracruz.com\/?author=2"}]}},"_links":{"self":[{"href":"https:\/\/lospoliticosveracruz.com\/index.php?rest_route=\/wp\/v2\/posts\/78530","targetHints":{"allow":["GET"]}}],"collection":[{"href":"https:\/\/lospoliticosveracruz.com\/index.php?rest_route=\/wp\/v2\/posts"}],"about":[{"href":"https:\/\/lospoliticosveracruz.com\/index.php?rest_route=\/wp\/v2\/types\/post"}],"author":[{"embeddable":true,"href":"https:\/\/lospoliticosveracruz.com\/index.php?rest_route=\/wp\/v2\/users\/2"}],"replies":[{"embeddable":true,"href":"https:\/\/lospoliticosveracruz.com\/index.php?rest_route=%2Fwp%2Fv2%2Fcomments&post=78530"}],"version-history":[{"count":1,"href":"https:\/\/lospoliticosveracruz.com\/index.php?rest_route=\/wp\/v2\/posts\/78530\/revisions"}],"predecessor-version":[{"id":78531,"href":"https:\/\/lospoliticosveracruz.com\/index.php?rest_route=\/wp\/v2\/posts\/78530\/revisions\/78531"}],"wp:attachment":[{"href":"https:\/\/lospoliticosveracruz.com\/index.php?rest_route=%2Fwp%2Fv2%2Fmedia&parent=78530"}],"wp:term":[{"taxonomy":"category","embeddable":true,"href":"https:\/\/lospoliticosveracruz.com\/index.php?rest_route=%2Fwp%2Fv2%2Fcategories&post=78530"},{"taxonomy":"post_tag","embeddable":true,"href":"https:\/\/lospoliticosveracruz.com\/index.php?rest_route=%2Fwp%2Fv2%2Ftags&post=78530"}],"curies":[{"name":"wp","href":"https:\/\/api.w.org\/{rel}","templated":true}]}}