{"id":78596,"date":"2021-08-26T11:19:25","date_gmt":"2021-08-26T16:19:25","guid":{"rendered":"http:\/\/www.lospoliticosveracruz.com.mx\/?p=78596"},"modified":"2021-08-26T11:19:28","modified_gmt":"2021-08-26T16:19:28","slug":"el-apoyo-y-la-ayuda-a-damnificados","status":"publish","type":"post","link":"https:\/\/lospoliticosveracruz.com\/?p=78596","title":{"rendered":"El apoyo y la ayuda a damnificados"},"content":{"rendered":"\n<p><strong>Miguel Angel Cristiani Gonz\u00e1lez<br><\/strong>Bit\u00e1cora Pol\u00edtica<\/p>\n\n\n\n<p>Qu\u00e9 bueno, que el mism\u00edsimo presidente de la rep\u00fablica, Andr\u00e9s Manuel L\u00f3pez Obrador no lo haya mandado a decir desde sus conferencias ma\u00f1aneras, sino que vino personalmente a la capital del estado de Veracruz, para decirnos que \u201cNo hay l\u00edmite presupuestal para apoyar a los damnificados por el hurac\u00e1n Grace\u201d<\/p>\n\n\n\n<p>Pero tambi\u00e9n es digno de destacar el hecho de que advirti\u00f3 que no se repartir\u00e1 a diestra y siniestra, como se hac\u00eda antes y era una robadera, porque al final de cuentas la ayuda nunca llegaba a los damnificados.<\/p>\n\n\n\n<p>Y la verdad es que ahora s\u00ed, tiene toda la raz\u00f3n el presidente L\u00f3pez Obrador, porque desgraciadamente, luego de los fen\u00f3menos naturales que azotan a la entidad, hemos visto los videos en las redes sociales, como funcionarios en el poder, que supuestamente deber\u00edan de repartir las ayudas de alimentos, medicinas, colchonetas y todo tipo de enseres dom\u00e9sticos, los est\u00e1n almacenando en sus casas de campa\u00f1a, para luego sacarlos cuando sean candidatos a otros puestos de elecci\u00f3n popular.<\/p>\n\n\n\n<p>Aunque tambi\u00e9n hay que destacar el hecho y la decisi\u00f3n presidencial, de que la ayuda y apoyos se repartan a trav\u00e9s de las secretar\u00edas federales de la Defensa Nacional -nuevamente el ej\u00e9rcito entra al quite de los problemas- y la de Marina Armada de M\u00e9xico.<\/p>\n\n\n\n<p>Queda flotando en el aire la interrogante \u00bfPor qu\u00e9 si ahora en el gobierno de la Cuatro T se supone que ya no hay corrupci\u00f3n, que ya no es como antes, que era una robadera, entonces porque no se reparte y comparte a trav\u00e9s de la Secretar\u00eda de Bienestar federal o Protecci\u00f3n Civil estatal?<\/p>\n\n\n\n<p>Porque hay que advertir tambi\u00e9n, que se va a seguir el mismo plan que se aplica todav\u00eda en el vecino estado de Tabasco, luego de las inundaciones de varios municipios, en donde se dijo lo mismito, que no habr\u00eda l\u00edmite presupuestal para los apoyos y que se entregar\u00edan directamente a trav\u00e9s de Marina y el Ej\u00e9rcito.<\/p>\n\n\n\n<p>Pero resulta, que en la actualidad, todav\u00eda despu\u00e9s de varios meses, no les han entregado a los afectados que perdieron todos sus enseres dom\u00e9sticos lo prometido y seg\u00fan se ha dicho ser\u00e1 hasta el mes de diciembre cuando empiecen a llegar las estufas, refrigeradores, televisores y todo lo dem\u00e1s.<\/p>\n\n\n\n<p>Y mientras tanto, todas las familias que perdieron su patrimonio, \u00bfvan a tener que seguir esperando hasta que el destino los alcance?<\/p>\n\n\n\n<p>Porque qu\u00e9 bueno que se pretenda levantar un censo de los afectados, ojal\u00e1 y se incluya a todos los que quedaron en el desamparo, luego del paso del hurac\u00e1n Grace que golpeo el territorio veracruzano con lluvias hist\u00f3ricas -como nunca antes se hab\u00edan dado en la capital del estado- con vientos de m\u00e1s de 200 kil\u00f3metros por hora.<\/p>\n\n\n\n<p>Tambi\u00e9n ser\u00eda muy recomendable, que se transparentaran y difundieran las listas de los afectados en cada municipio, porque no vaya a ser -como ya ha ocurrido en la actualidad- que en los que reciben los apoyos son tambi\u00e9n los familiares de los llamados \u201cservidores de la naci\u00f3n\u201d que meten en el censo, a quienes no lo necesitan, aprovechando que, a r\u00edo revuelto, ganancia de pescadores.<\/p>\n\n\n\n<p>Otro tema interesante, es el de las colectas que organizan grupos y asociaciones de la sociedad civil, para llevar los productos b\u00e1sicos y urgentes, como son agua, alimentos y medicinas, tambi\u00e9n directamente a las comunidades, como ocurre siempre que hay una desgracia o nos afecta un fen\u00f3meno natural.<\/p>\n\n\n\n<p>Pero resulta que ahora, en algunas dependencias de gobierno, est\u00e1n obligando a los empleados a que cooperen con una cantidad en efectivo, lo que no deber\u00eda permitirse, primero porque se supone y ya lo vino a decir el propio presidente AMLO que hay todo el dinero necesario para atender la crisis y luego al final de cuentas nadie sabe, nadie supo en d\u00f3nde qued\u00f3 la bolita, en este caso, el billete.<\/p>\n\n\n\n<p>A estas alturas, luego de casi una semana del paso del hurac\u00e1n Grace, ya deber\u00edamos de estar viendo en las benditas redes sociales, los camiones -como los que est\u00e1n en el malec\u00f3n del puerto de Veracruz repletos de \u201cayuda humanitaria\u201d para mandarlos a Hait\u00ed- que deber\u00edan de estar llevando los b\u00e1sicos a las comunidades afectadas.<\/p>\n\n\n\n<p>Porque no se puede responder a las familias veracruzanas afectadas en su patrimonio, \u201cagu\u00e1ntame tantito, nada m\u00e1s termino de levantar el censo de da\u00f1os y ya luego te mando la comida\u201d.<\/p>\n\n\n\n<p>Porque adem\u00e1s las autoridades federales en su af\u00e1n de quedar bien y decir que son efectivos, van a reportar como lo est\u00e1 haciendo la CFE de que el 90 por ciento de las viviendas ya cuentan con luz nuevamente, en tanto que en la otra realidad, vecinos de la colonia Mec\u00e1nicos de Piso, bloquearon el acceso de esta colonia para exigir a las autoridades correspondientes el regreso de la electricidad, pues ellos manifiestan que ya llevan 5 d\u00edas sin luz y sin agua.<\/p>\n","protected":false},"excerpt":{"rendered":"<p>Miguel Angel Cristiani Gonz\u00e1lezBit\u00e1cora Pol\u00edtica Qu\u00e9 bueno, que el mism\u00edsimo presidente de la rep\u00fablica, Andr\u00e9s Manuel L\u00f3pez Obrador no lo haya mandado a decir desde sus conferencias ma\u00f1aneras, sino que vino personalmente a la capital del estado de Veracruz, para decirnos que \u201cNo hay l\u00edmite presupuestal para apoyar a los damnificados por el hurac\u00e1n Grace\u201d [&hellip;]<\/p>\n","protected":false},"author":2,"featured_media":0,"comment_status":"closed","ping_status":"closed","sticky":false,"template":"","format":"standard","meta":{"tdm_status":"","tdm_grid_status":"","footnotes":""},"categories":[70],"tags":[618,4973,284,29944,945,29917,206,14248],"class_list":{"0":"post-78596","1":"post","2":"type-post","3":"status-publish","4":"format-standard","6":"category-de-opinion","7":"tag-andres-manuel-lopez-obrador","8":"tag-cfe","9":"tag-ejercito","10":"tag-huracan-grace-3","11":"tag-marina","12":"tag-miguel-angel-cristiani-gonzalez-2","13":"tag-proteccion-civil","14":"tag-secretaria-de-bienestar"},"yoast_head":"<!-- This site is optimized with the Yoast SEO plugin v27.4 - https:\/\/yoast.com\/product\/yoast-seo-wordpress\/ -->\n<title>El apoyo y la ayuda a damnificados - Los pol\u00edticos Veracruz<\/title>\n<meta name=\"robots\" content=\"index, follow, max-snippet:-1, max-image-preview:large, max-video-preview:-1\" \/>\n<link rel=\"canonical\" href=\"https:\/\/lospoliticosveracruz.com\/?p=78596\" \/>\n<meta property=\"og:locale\" content=\"es_ES\" \/>\n<meta property=\"og:type\" content=\"article\" \/>\n<meta property=\"og:title\" content=\"El apoyo y la ayuda a damnificados - Los pol\u00edticos Veracruz\" \/>\n<meta property=\"og:description\" content=\"Miguel Angel Cristiani Gonz\u00e1lezBit\u00e1cora Pol\u00edtica Qu\u00e9 bueno, que el mism\u00edsimo presidente de la rep\u00fablica, Andr\u00e9s Manuel L\u00f3pez Obrador no lo haya mandado a decir desde sus conferencias ma\u00f1aneras, sino que vino personalmente a la capital del estado de Veracruz, para decirnos que \u201cNo hay l\u00edmite presupuestal para apoyar a los damnificados por el hurac\u00e1n Grace\u201d [&hellip;]\" \/>\n<meta property=\"og:url\" content=\"https:\/\/lospoliticosveracruz.com\/?p=78596\" \/>\n<meta property=\"og:site_name\" content=\"Los pol\u00edticos Veracruz\" \/>\n<meta property=\"article:publisher\" content=\"https:\/\/www.facebook.com\/people\/Notimemes-de-los-Polticos\/61565672886568\/\" \/>\n<meta property=\"article:published_time\" content=\"2021-08-26T16:19:25+00:00\" \/>\n<meta property=\"article:modified_time\" content=\"2021-08-26T16:19:28+00:00\" \/>\n<meta property=\"og:image\" content=\"https:\/\/lospoliticosveracruz.com\/wp-content\/uploads\/2016\/07\/Logo-Dor.jpg\" \/>\n\t<meta property=\"og:image:width\" content=\"200\" \/>\n\t<meta property=\"og:image:height\" content=\"200\" \/>\n\t<meta property=\"og:image:type\" content=\"image\/jpeg\" \/>\n<meta name=\"author\" content=\"Lo viste en Los Pol\u00edticos\" \/>\n<meta name=\"twitter:card\" content=\"summary_large_image\" \/>\n<meta name=\"twitter:creator\" content=\"@LosPoliticosVer\" \/>\n<meta name=\"twitter:site\" content=\"@LosPoliticosVer\" \/>\n<meta name=\"twitter:label1\" content=\"Escrito por\" \/>\n\t<meta name=\"twitter:data1\" content=\"Lo viste en Los Pol\u00edticos\" \/>\n\t<meta name=\"twitter:label2\" content=\"Tiempo de lectura\" \/>\n\t<meta name=\"twitter:data2\" content=\"4 minutos\" \/>\n<script type=\"application\/ld+json\" class=\"yoast-schema-graph\">{\"@context\":\"https:\\\/\\\/schema.org\",\"@graph\":[{\"@type\":\"Article\",\"@id\":\"https:\\\/\\\/lospoliticosveracruz.com\\\/?p=78596#article\",\"isPartOf\":{\"@id\":\"https:\\\/\\\/lospoliticosveracruz.com\\\/?p=78596\"},\"author\":{\"name\":\"Lo viste en Los Pol\u00edticos\",\"@id\":\"https:\\\/\\\/lospoliticosveracruz.com\\\/#\\\/schema\\\/person\\\/b8702bb0e538456e6efd07080bf2a4a2\"},\"headline\":\"El apoyo y la ayuda a damnificados\",\"datePublished\":\"2021-08-26T16:19:25+00:00\",\"dateModified\":\"2021-08-26T16:19:28+00:00\",\"mainEntityOfPage\":{\"@id\":\"https:\\\/\\\/lospoliticosveracruz.com\\\/?p=78596\"},\"wordCount\":885,\"publisher\":{\"@id\":\"https:\\\/\\\/lospoliticosveracruz.com\\\/#organization\"},\"keywords\":[\"Andr\u00e9s Manuel L\u00f3pez Obrador\",\"CFE\",\"Ej\u00e9rcito\",\"Hurac\u00e1n Grace\",\"Marina\",\"Miguel Angel Cristiani Gonz\u00e1lez\",\"Protecci\u00f3n Civil\",\"Secretar\u00eda de Bienestar\"],\"articleSection\":[\"De Opini\u00f3n\"],\"inLanguage\":\"es\"},{\"@type\":\"WebPage\",\"@id\":\"https:\\\/\\\/lospoliticosveracruz.com\\\/?p=78596\",\"url\":\"https:\\\/\\\/lospoliticosveracruz.com\\\/?p=78596\",\"name\":\"El apoyo y la ayuda a damnificados - Los pol\u00edticos Veracruz\",\"isPartOf\":{\"@id\":\"https:\\\/\\\/lospoliticosveracruz.com\\\/#website\"},\"datePublished\":\"2021-08-26T16:19:25+00:00\",\"dateModified\":\"2021-08-26T16:19:28+00:00\",\"breadcrumb\":{\"@id\":\"https:\\\/\\\/lospoliticosveracruz.com\\\/?p=78596#breadcrumb\"},\"inLanguage\":\"es\",\"potentialAction\":[{\"@type\":\"ReadAction\",\"target\":[\"https:\\\/\\\/lospoliticosveracruz.com\\\/?p=78596\"]}]},{\"@type\":\"BreadcrumbList\",\"@id\":\"https:\\\/\\\/lospoliticosveracruz.com\\\/?p=78596#breadcrumb\",\"itemListElement\":[{\"@type\":\"ListItem\",\"position\":1,\"name\":\"Portada\",\"item\":\"https:\\\/\\\/lospoliticosveracruz.com\\\/\"},{\"@type\":\"ListItem\",\"position\":2,\"name\":\"El apoyo y la ayuda a damnificados\"}]},{\"@type\":\"WebSite\",\"@id\":\"https:\\\/\\\/lospoliticosveracruz.com\\\/#website\",\"url\":\"https:\\\/\\\/lospoliticosveracruz.com\\\/\",\"name\":\"Los pol\u00edticos Veracruz\",\"description\":\"\",\"publisher\":{\"@id\":\"https:\\\/\\\/lospoliticosveracruz.com\\\/#organization\"},\"potentialAction\":[{\"@type\":\"SearchAction\",\"target\":{\"@type\":\"EntryPoint\",\"urlTemplate\":\"https:\\\/\\\/lospoliticosveracruz.com\\\/?s={search_term_string}\"},\"query-input\":{\"@type\":\"PropertyValueSpecification\",\"valueRequired\":true,\"valueName\":\"search_term_string\"}}],\"inLanguage\":\"es\"},{\"@type\":\"Organization\",\"@id\":\"https:\\\/\\\/lospoliticosveracruz.com\\\/#organization\",\"name\":\"Los pol\u00edticos Veracruz\",\"url\":\"https:\\\/\\\/lospoliticosveracruz.com\\\/\",\"logo\":{\"@type\":\"ImageObject\",\"inLanguage\":\"es\",\"@id\":\"https:\\\/\\\/lospoliticosveracruz.com\\\/#\\\/schema\\\/logo\\\/image\\\/\",\"url\":\"https:\\\/\\\/lospoliticosveracruz.com\\\/wp-content\\\/uploads\\\/2025\\\/12\\\/Logo-Nuevo-LOS-POLITICOS-1.jpg\",\"contentUrl\":\"https:\\\/\\\/lospoliticosveracruz.com\\\/wp-content\\\/uploads\\\/2025\\\/12\\\/Logo-Nuevo-LOS-POLITICOS-1.jpg\",\"width\":260,\"height\":70,\"caption\":\"Los pol\u00edticos Veracruz\"},\"image\":{\"@id\":\"https:\\\/\\\/lospoliticosveracruz.com\\\/#\\\/schema\\\/logo\\\/image\\\/\"},\"sameAs\":[\"https:\\\/\\\/www.facebook.com\\\/people\\\/Notimemes-de-los-Polticos\\\/61565672886568\\\/\",\"https:\\\/\\\/x.com\\\/LosPoliticosVer\"]},{\"@type\":\"Person\",\"@id\":\"https:\\\/\\\/lospoliticosveracruz.com\\\/#\\\/schema\\\/person\\\/b8702bb0e538456e6efd07080bf2a4a2\",\"name\":\"Lo viste en Los Pol\u00edticos\",\"image\":{\"@type\":\"ImageObject\",\"inLanguage\":\"es\",\"@id\":\"https:\\\/\\\/secure.gravatar.com\\\/avatar\\\/3a8de04a2656d44082be478bd6c086daa447c4651605818287b9532d3d0bd435?s=96&d=mm&r=g\",\"url\":\"https:\\\/\\\/secure.gravatar.com\\\/avatar\\\/3a8de04a2656d44082be478bd6c086daa447c4651605818287b9532d3d0bd435?s=96&d=mm&r=g\",\"contentUrl\":\"https:\\\/\\\/secure.gravatar.com\\\/avatar\\\/3a8de04a2656d44082be478bd6c086daa447c4651605818287b9532d3d0bd435?s=96&d=mm&r=g\",\"caption\":\"Lo viste en Los Pol\u00edticos\"},\"url\":\"https:\\\/\\\/lospoliticosveracruz.com\\\/?author=2\"}]}<\/script>\n<!-- \/ Yoast SEO plugin. -->","yoast_head_json":{"title":"El apoyo y la ayuda a damnificados - Los pol\u00edticos Veracruz","robots":{"index":"index","follow":"follow","max-snippet":"max-snippet:-1","max-image-preview":"max-image-preview:large","max-video-preview":"max-video-preview:-1"},"canonical":"https:\/\/lospoliticosveracruz.com\/?p=78596","og_locale":"es_ES","og_type":"article","og_title":"El apoyo y la ayuda a damnificados - Los pol\u00edticos Veracruz","og_description":"Miguel Angel Cristiani Gonz\u00e1lezBit\u00e1cora Pol\u00edtica Qu\u00e9 bueno, que el mism\u00edsimo presidente de la rep\u00fablica, Andr\u00e9s Manuel L\u00f3pez Obrador no lo haya mandado a decir desde sus conferencias ma\u00f1aneras, sino que vino personalmente a la capital del estado de Veracruz, para decirnos que \u201cNo hay l\u00edmite presupuestal para apoyar a los damnificados por el hurac\u00e1n Grace\u201d [&hellip;]","og_url":"https:\/\/lospoliticosveracruz.com\/?p=78596","og_site_name":"Los pol\u00edticos Veracruz","article_publisher":"https:\/\/www.facebook.com\/people\/Notimemes-de-los-Polticos\/61565672886568\/","article_published_time":"2021-08-26T16:19:25+00:00","article_modified_time":"2021-08-26T16:19:28+00:00","og_image":[{"width":200,"height":200,"url":"https:\/\/lospoliticosveracruz.com\/wp-content\/uploads\/2016\/07\/Logo-Dor.jpg","type":"image\/jpeg"}],"author":"Lo viste en Los Pol\u00edticos","twitter_card":"summary_large_image","twitter_creator":"@LosPoliticosVer","twitter_site":"@LosPoliticosVer","twitter_misc":{"Escrito por":"Lo viste en Los Pol\u00edticos","Tiempo de lectura":"4 minutos"},"schema":{"@context":"https:\/\/schema.org","@graph":[{"@type":"Article","@id":"https:\/\/lospoliticosveracruz.com\/?p=78596#article","isPartOf":{"@id":"https:\/\/lospoliticosveracruz.com\/?p=78596"},"author":{"name":"Lo viste en Los Pol\u00edticos","@id":"https:\/\/lospoliticosveracruz.com\/#\/schema\/person\/b8702bb0e538456e6efd07080bf2a4a2"},"headline":"El apoyo y la ayuda a damnificados","datePublished":"2021-08-26T16:19:25+00:00","dateModified":"2021-08-26T16:19:28+00:00","mainEntityOfPage":{"@id":"https:\/\/lospoliticosveracruz.com\/?p=78596"},"wordCount":885,"publisher":{"@id":"https:\/\/lospoliticosveracruz.com\/#organization"},"keywords":["Andr\u00e9s Manuel L\u00f3pez Obrador","CFE","Ej\u00e9rcito","Hurac\u00e1n Grace","Marina","Miguel Angel Cristiani Gonz\u00e1lez","Protecci\u00f3n Civil","Secretar\u00eda de Bienestar"],"articleSection":["De Opini\u00f3n"],"inLanguage":"es"},{"@type":"WebPage","@id":"https:\/\/lospoliticosveracruz.com\/?p=78596","url":"https:\/\/lospoliticosveracruz.com\/?p=78596","name":"El apoyo y la ayuda a damnificados - Los pol\u00edticos Veracruz","isPartOf":{"@id":"https:\/\/lospoliticosveracruz.com\/#website"},"datePublished":"2021-08-26T16:19:25+00:00","dateModified":"2021-08-26T16:19:28+00:00","breadcrumb":{"@id":"https:\/\/lospoliticosveracruz.com\/?p=78596#breadcrumb"},"inLanguage":"es","potentialAction":[{"@type":"ReadAction","target":["https:\/\/lospoliticosveracruz.com\/?p=78596"]}]},{"@type":"BreadcrumbList","@id":"https:\/\/lospoliticosveracruz.com\/?p=78596#breadcrumb","itemListElement":[{"@type":"ListItem","position":1,"name":"Portada","item":"https:\/\/lospoliticosveracruz.com\/"},{"@type":"ListItem","position":2,"name":"El apoyo y la ayuda a damnificados"}]},{"@type":"WebSite","@id":"https:\/\/lospoliticosveracruz.com\/#website","url":"https:\/\/lospoliticosveracruz.com\/","name":"Los pol\u00edticos Veracruz","description":"","publisher":{"@id":"https:\/\/lospoliticosveracruz.com\/#organization"},"potentialAction":[{"@type":"SearchAction","target":{"@type":"EntryPoint","urlTemplate":"https:\/\/lospoliticosveracruz.com\/?s={search_term_string}"},"query-input":{"@type":"PropertyValueSpecification","valueRequired":true,"valueName":"search_term_string"}}],"inLanguage":"es"},{"@type":"Organization","@id":"https:\/\/lospoliticosveracruz.com\/#organization","name":"Los pol\u00edticos Veracruz","url":"https:\/\/lospoliticosveracruz.com\/","logo":{"@type":"ImageObject","inLanguage":"es","@id":"https:\/\/lospoliticosveracruz.com\/#\/schema\/logo\/image\/","url":"https:\/\/lospoliticosveracruz.com\/wp-content\/uploads\/2025\/12\/Logo-Nuevo-LOS-POLITICOS-1.jpg","contentUrl":"https:\/\/lospoliticosveracruz.com\/wp-content\/uploads\/2025\/12\/Logo-Nuevo-LOS-POLITICOS-1.jpg","width":260,"height":70,"caption":"Los pol\u00edticos Veracruz"},"image":{"@id":"https:\/\/lospoliticosveracruz.com\/#\/schema\/logo\/image\/"},"sameAs":["https:\/\/www.facebook.com\/people\/Notimemes-de-los-Polticos\/61565672886568\/","https:\/\/x.com\/LosPoliticosVer"]},{"@type":"Person","@id":"https:\/\/lospoliticosveracruz.com\/#\/schema\/person\/b8702bb0e538456e6efd07080bf2a4a2","name":"Lo viste en Los Pol\u00edticos","image":{"@type":"ImageObject","inLanguage":"es","@id":"https:\/\/secure.gravatar.com\/avatar\/3a8de04a2656d44082be478bd6c086daa447c4651605818287b9532d3d0bd435?s=96&d=mm&r=g","url":"https:\/\/secure.gravatar.com\/avatar\/3a8de04a2656d44082be478bd6c086daa447c4651605818287b9532d3d0bd435?s=96&d=mm&r=g","contentUrl":"https:\/\/secure.gravatar.com\/avatar\/3a8de04a2656d44082be478bd6c086daa447c4651605818287b9532d3d0bd435?s=96&d=mm&r=g","caption":"Lo viste en Los Pol\u00edticos"},"url":"https:\/\/lospoliticosveracruz.com\/?author=2"}]}},"_links":{"self":[{"href":"https:\/\/lospoliticosveracruz.com\/index.php?rest_route=\/wp\/v2\/posts\/78596","targetHints":{"allow":["GET"]}}],"collection":[{"href":"https:\/\/lospoliticosveracruz.com\/index.php?rest_route=\/wp\/v2\/posts"}],"about":[{"href":"https:\/\/lospoliticosveracruz.com\/index.php?rest_route=\/wp\/v2\/types\/post"}],"author":[{"embeddable":true,"href":"https:\/\/lospoliticosveracruz.com\/index.php?rest_route=\/wp\/v2\/users\/2"}],"replies":[{"embeddable":true,"href":"https:\/\/lospoliticosveracruz.com\/index.php?rest_route=%2Fwp%2Fv2%2Fcomments&post=78596"}],"version-history":[{"count":1,"href":"https:\/\/lospoliticosveracruz.com\/index.php?rest_route=\/wp\/v2\/posts\/78596\/revisions"}],"predecessor-version":[{"id":78598,"href":"https:\/\/lospoliticosveracruz.com\/index.php?rest_route=\/wp\/v2\/posts\/78596\/revisions\/78598"}],"wp:attachment":[{"href":"https:\/\/lospoliticosveracruz.com\/index.php?rest_route=%2Fwp%2Fv2%2Fmedia&parent=78596"}],"wp:term":[{"taxonomy":"category","embeddable":true,"href":"https:\/\/lospoliticosveracruz.com\/index.php?rest_route=%2Fwp%2Fv2%2Fcategories&post=78596"},{"taxonomy":"post_tag","embeddable":true,"href":"https:\/\/lospoliticosveracruz.com\/index.php?rest_route=%2Fwp%2Fv2%2Ftags&post=78596"}],"curies":[{"name":"wp","href":"https:\/\/api.w.org\/{rel}","templated":true}]}}