{"id":78723,"date":"2021-08-28T09:14:16","date_gmt":"2021-08-28T14:14:16","guid":{"rendered":"http:\/\/www.lospoliticosveracruz.com.mx\/?p=78723"},"modified":"2021-08-28T09:44:02","modified_gmt":"2021-08-28T14:44:02","slug":"bonilla-entrampado","status":"publish","type":"post","link":"https:\/\/lospoliticosveracruz.com\/?p=78723","title":{"rendered":"Bonilla, entrampado"},"content":{"rendered":"\n<p><\/p>\n\n\n\n<p><br><strong>Ricardo Ch\u00faa<\/strong><br><em>Sale y Vale<\/em><\/p>\n\n\n\n<p>MORENA Y EL OPLE, LA LUCHA SIGUE.. En espacios pasados comentamos\u2026 La manera \u00abpoco delicada\u00bb con la cual MORENA se\u00f1ala que en Veracruz, se hab\u00eda \u00abagenciado\u00bb un mill\u00f3n 300 mil votos en el pasado proceso electoral local del 6 de junio pasado\u2026 Cuando en realidad, s\u00f3lo hab\u00edan obtenido alrededor de 850 mil votos\u2026 Y eso, hab\u00eda provocado que el OPLE y su vocal presidente, Jos\u00e9 Alejandro Bonilla Bonilla, est\u00e9 m\u00e1s que \u00abentrampado\u00bb para dar por cerrado los c\u00f3mputos distritales y municipales de la elecci\u00f3n estatal\u2026. Y eso, lo tiene BAJO SOSPECHA\u2026<\/p>\n\n\n\n<div class=\"wp-block-image\"><figure class=\"alignleft size-large\"><a href=\"http:\/\/www.lospoliticosveracruz.com.mx\/wp-content\/uploads\/2021\/08\/WhatsApp-Image-2021-08-02-at-12.46.36.jpeg\"><img decoding=\"async\" src=\"http:\/\/www.lospoliticosveracruz.com.mx\/wp-content\/uploads\/2021\/08\/WhatsApp-Image-2021-08-02-at-12.46.36.jpeg\" alt=\"\" class=\"wp-image-77480\"\/><\/a><\/figure><\/div>\n\n\n\n<p><br>Los que saben del temas electorales han se\u00f1alado directamente: \u00abSe pasaron de lanza y ahora pagan las consecuencias\u00bb\u2026 Y cu\u00e1les son esas consecuencias: Qu\u00e9 Juan Javier G\u00f3mez Cazar\u00edn, no pueda ser diputado local nuevamente\u2026 S\u00f3lo que \u00e9l sigue presionando al OPLE y al propio Palacio de Gobierno porque tiene bien la \u00abpel\u00edcula\u00bb de los recursos de los 2 mil millones de pesos del Tribunal Superior de Justicia del Estado y el por qu\u00e9 est\u00e1n corriendo a Magistrados a diestra y siniestra\u2026 No se pueden deshacer f\u00e1cil de \u00e9l\u2026 ES UN COCHINERO\u2026<br>Otra de las consecuencias, lo cual es un \u00absecreto a voces\u00bb en el \u00abC\u00edrculo Rojo\u00bb de Veracruz porque la sociedad anda ya en otros temas\u2026 Es que PRESUNTAMENTE el OPLE permiti\u00f3 el \u00abrelleno de urnas\u00bb en las principales cabeceras distritales y federales a favor de MORENA para que se levantar\u00e1 la votaci\u00f3n en esa elecci\u00f3n y dejar bien parado al gobierno estatal y federal ante la sociedad, por la \u00abaceptaci\u00f3n\u00bb que su partido ten\u00eda en \u00abJarochilandia\u00bb\u2026 Pero en el \u00abpecado llevaron la penitencia\u00bb\u2026 Mucho est\u00e1 impugnado\u2026<br>Entre esas versiones se\u00f1alan que PRESUNTAMENTE fue Bonilla Bonilla, el que se encargo de hacer este dise\u00f1o y simplemente, no se midieron en la cantidad a \u00abrellenar\u00bb y se les \u00abpas\u00f3 la mano\u00bb\u2026 Ya que de 850 mil votos reales de la elecci\u00f3n, se fueron al mill\u00f3n 300 que SUPUESTAMENTE sac\u00f3 MORENA\u2026 Lo cual da\u00f1\u00f3 a los partidos pol\u00edticos de reciente creaci\u00f3n estatal, porque con tal cantidad de votos, le quit\u00f3 registro ante el OPLE\u2026 Por eso, la rebeli\u00f3n al interior del organismo electoral que Alejandro Bonilla no puede controlar\u2026<br>Ya que muchos de estos organismos est\u00e1n por d\u00e9cimas para lograr su registro ante el OPLE pero ante el \u00abrelleno\u00bb de MORENA, se quedaron en la \u00aborilla\u00bb.. Por eso, las impugnaciones que est\u00e1n ante los Tribunales Electorales de Veracruz y si aqu\u00ed los desechan\u2026 Se van al Tribunal Electoral del Poder Judicial de la Federaci\u00f3n\u2026 Y ah\u00ed la suerte para Bonilla puede ser otra porque todo lo que prometi\u00f3 en Palacio de Gobierno y en el Congreso del Estado, simplemente, no lo puede cumplir\u2026 Y se ve \u00abentrampado\u00bb\u2026<br>La amenaza directa sobre el Presidente del OPLE es sencilla o les devuelve los votos que les retiraron o simplemente no van a deja de impugnar todo el proceso local y con eso, no entra Cazar\u00edn y muchos alcaldes m\u00e1s\u2026 Adem\u00e1s se\u00f1alan que buscar\u00edan ALIARSE hasta con Los Yunes Azules (Si es que el TEPJF les quita la alcald\u00eda porte\u00f1a) y \u00abLos Chapitos\u00bb para enfrentar a todo lo que \u00abhuela\u00bb a MORENA en 2024\u2026 Y que le pongan como le pongan\u2026 Ya que las denuncias contra las acciones del OPLE no van a parar\u2026 AS\u00cd DE CANIJOS\u2026<br>Ya que con ese \u00abrelleno\u00bb impacto en la distribuci\u00f3n de los votos y espacios de las diputaciones locales plurinominales de todos los partidos\u2026 Y eso, dej\u00f3 inm\u00f3vil a Alejandro Bonilla, que era el encargado, de haber pedido a los dirigentes de estos partidoss, que ya no se INCONFORMARAN de los resultados de este pasado proceso electoral del 6 de junio y que \u00abaguantaran\u00bb\u2026 Ya que el Vocal Presidente del OPLE lo tienen \u00abpresionado\u00bb desde Palacio de Gobierno: Uno para que quede Cazar\u00edn\u2026 Dos para que no quede Cazar\u00edn\u2026 A qui\u00e9n chingaos obedece\u2026<br>Al final, lo que quieren hacer es \u00absacar a fuerzas\u00bb a Cazar\u00edn para que sea diputado\u2026 Esa es la \u00abencomienda\u00bb de Bonilla\u2026 Pero les est\u00e1 costando m\u00e1s que dinero y esfuerzo.. Sin embargo, est\u00e1n negociando\u2026 A pesar de que saben, que cuando el OPLE se\u00f1ale que Juan Javier es legislador de nuevo\u2026 La denuncias que ya tienen lista para presentarlas en su contra ante el Tribunal Electoral del Poder Judicial de la Federaci\u00f3n, lo va a mandar para su casa, no para el Congreso Local\u2026 Es decir, no pasar\u00e1 y no ser\u00e1 legislador\u2026<br>No obstante, la estrategia del OPLE es muy clara para lograr este fin: \u00abReventar\u00bb 25 elecciones municipales y al diputado local electo y l\u00edder del CATEM, Enrique de Los Santos\u2026 Para que entren como ellos quieren las posiciones de MORENA\u2026 Queri\u00e9ndose llevar \u00abentre las patas\u00bb a Adri\u00e1n Avila, de MC; Marcelo Ruiz, del PVEM y al propio Marl\u00f3n Ram\u00edrez, del PRI\u2026 Pero es una situaci\u00f3n que no tiene escenario probable en Veracruz\u2026 OJO\u2026 Dante Delgado ya puso el \u00abgrito en el cielo\u00bb y eso puede \u00abempantanar\u00bb m\u00e1s el asunto\u2026 AMEN\u2026<\/p>\n\n\n\n<p>OPLE, EL \u00abSINDROME\u00bb DUARTE\u2026 En pleno d\u00eda de la elecci\u00f3n de alcald\u00edas y diputaciones locales en Veracruz, pero en 2013, el gobernador, Javier Duarte, estaba euf\u00f3rico por la cantidad de votos que llevaba al termino de la jornada electoral\u2026 Casi 2 millones con la alianza PRI-PANAL-PVEM\u2026. Y lo ten\u00eda m\u00e1s que contento, el hecho que con eso \u00abcallaba\u00bb las voces en CDMX que dec\u00edan dentro del incipiente gabinete de Enrique Pe\u00f1a Nieto\u2026 Que el cordob\u00e9s era mal operador pol\u00edtico\u2026 As\u00ed que la orden era, aumentar m\u00e1s la votaci\u00f3n\u2026 Dar una lecci\u00f3n a sus contrincantes\u2026<br>Los que estaban con \u00e9l, en ese momento, lo azuzaban y festejaban\u2026 Le dec\u00edan que era un \u00abchingon\u00bb\u2026 Hasta que a Casa Veracruz lleg\u00f3 alguien m\u00e1s sensato, que sab\u00eda lo que Duarte no quer\u00eda pol\u00edticamente\u2026 Y le dijo: \u00abSe\u00f1or, si mantenemos esa votaci\u00f3n, el PAN mete 10 diputados locales plurinominales y va a entrar Miguel \u00c1ngel Yunes Linares, como legislador local\u00bb\u2026 En esa elecci\u00f3n, Yunes iba en la posici\u00f3n 8 del PAN\u2026 Duarte no lo crey\u00f3 hasta que mandaron a traer a alguien que sab\u00eda de n\u00fameros electorales y suscribi\u00f3 lo dicho por el asesor\u2026.<br>Del festejo se fueron a las \u00abcaras tristes\u00bb\u2026 De esos casi 2 millones de votos\u2026 Tambi\u00e9n se quedaron con casi mill\u00f3n 200 mil sufragios en la elecci\u00f3n del 2013\u2026 Todo con el fin, de que PapaYunes, no llegara como diputado\u2026 En ese momento, lo lograron, despu\u00e9s la historia fue otra\u2026 Y bien dice, que quien no conoce la historia est\u00e1 condenado a repetirla\u2026. MORENA y sus poderosos, no la conocieron y no abdicaron al triunfo como lo hizo Duarte\u2026 Ahora tienen la elecci\u00f3n impugnada y su l\u00edder de JUCOPO fuera del Congreso Local\u2026 TAN\u2026 TAN\u2026<\/p>\n","protected":false},"excerpt":{"rendered":"<p>Ricardo Ch\u00faaSale y Vale MORENA Y EL OPLE, LA LUCHA SIGUE.. En espacios pasados comentamos\u2026 La manera \u00abpoco delicada\u00bb con la cual MORENA se\u00f1ala que en Veracruz, se hab\u00eda \u00abagenciado\u00bb un mill\u00f3n 300 mil votos en el pasado proceso electoral local del 6 de junio pasado\u2026 Cuando en realidad, s\u00f3lo hab\u00edan obtenido alrededor de 850 [&hellip;]<\/p>\n","protected":false},"author":2,"featured_media":0,"comment_status":"closed","ping_status":"closed","sticky":false,"template":"","format":"standard","meta":{"tdm_status":"","tdm_grid_status":"","footnotes":""},"categories":[70],"tags":[3273,12695,1026,3272,11193,6753,195],"class_list":{"0":"post-78723","1":"post","2":"type-post","3":"status-publish","4":"format-standard","6":"category-de-opinion","7":"tag-jose-alejandro-bonilla-bonilla","8":"tag-juan-javier-gomez-cazarin","9":"tag-morena","10":"tag-ople","11":"tag-proceso-electoral","12":"tag-tribunal-electoral-de-veracruz","13":"tag-veracruz"},"yoast_head":"<!-- This site is optimized with the Yoast SEO plugin v27.4 - https:\/\/yoast.com\/product\/yoast-seo-wordpress\/ -->\n<title>Bonilla, entrampado - Los pol\u00edticos Veracruz<\/title>\n<meta name=\"robots\" content=\"index, follow, max-snippet:-1, max-image-preview:large, max-video-preview:-1\" \/>\n<link rel=\"canonical\" href=\"https:\/\/lospoliticosveracruz.com\/?p=78723\" \/>\n<meta property=\"og:locale\" content=\"es_ES\" \/>\n<meta property=\"og:type\" content=\"article\" \/>\n<meta property=\"og:title\" content=\"Bonilla, entrampado - Los pol\u00edticos Veracruz\" \/>\n<meta property=\"og:description\" content=\"Ricardo Ch\u00faaSale y Vale MORENA Y EL OPLE, LA LUCHA SIGUE.. En espacios pasados comentamos\u2026 La manera \u00abpoco delicada\u00bb con la cual MORENA se\u00f1ala que en Veracruz, se hab\u00eda \u00abagenciado\u00bb un mill\u00f3n 300 mil votos en el pasado proceso electoral local del 6 de junio pasado\u2026 Cuando en realidad, s\u00f3lo hab\u00edan obtenido alrededor de 850 [&hellip;]\" \/>\n<meta property=\"og:url\" content=\"https:\/\/lospoliticosveracruz.com\/?p=78723\" \/>\n<meta property=\"og:site_name\" content=\"Los pol\u00edticos Veracruz\" \/>\n<meta property=\"article:publisher\" content=\"https:\/\/www.facebook.com\/people\/Notimemes-de-los-Polticos\/61565672886568\/\" \/>\n<meta property=\"article:published_time\" content=\"2021-08-28T14:14:16+00:00\" \/>\n<meta property=\"article:modified_time\" content=\"2021-08-28T14:44:02+00:00\" \/>\n<meta property=\"og:image\" content=\"http:\/\/www.lospoliticosveracruz.com.mx\/wp-content\/uploads\/2021\/08\/WhatsApp-Image-2021-08-02-at-12.46.36.jpeg\" \/>\n<meta name=\"author\" content=\"Lo viste en Los Pol\u00edticos\" \/>\n<meta name=\"twitter:card\" content=\"summary_large_image\" \/>\n<meta name=\"twitter:creator\" content=\"@LosPoliticosVer\" \/>\n<meta name=\"twitter:site\" content=\"@LosPoliticosVer\" \/>\n<meta name=\"twitter:label1\" content=\"Escrito por\" \/>\n\t<meta name=\"twitter:data1\" content=\"Lo viste en Los Pol\u00edticos\" \/>\n\t<meta name=\"twitter:label2\" content=\"Tiempo de lectura\" \/>\n\t<meta name=\"twitter:data2\" content=\"6 minutos\" \/>\n<script type=\"application\/ld+json\" class=\"yoast-schema-graph\">{\"@context\":\"https:\\\/\\\/schema.org\",\"@graph\":[{\"@type\":\"Article\",\"@id\":\"https:\\\/\\\/lospoliticosveracruz.com\\\/?p=78723#article\",\"isPartOf\":{\"@id\":\"https:\\\/\\\/lospoliticosveracruz.com\\\/?p=78723\"},\"author\":{\"name\":\"Lo viste en Los Pol\u00edticos\",\"@id\":\"https:\\\/\\\/lospoliticosveracruz.com\\\/#\\\/schema\\\/person\\\/b8702bb0e538456e6efd07080bf2a4a2\"},\"headline\":\"Bonilla, entrampado\",\"datePublished\":\"2021-08-28T14:14:16+00:00\",\"dateModified\":\"2021-08-28T14:44:02+00:00\",\"mainEntityOfPage\":{\"@id\":\"https:\\\/\\\/lospoliticosveracruz.com\\\/?p=78723\"},\"wordCount\":1181,\"publisher\":{\"@id\":\"https:\\\/\\\/lospoliticosveracruz.com\\\/#organization\"},\"image\":{\"@id\":\"https:\\\/\\\/lospoliticosveracruz.com\\\/?p=78723#primaryimage\"},\"thumbnailUrl\":\"http:\\\/\\\/www.lospoliticosveracruz.com.mx\\\/wp-content\\\/uploads\\\/2021\\\/08\\\/WhatsApp-Image-2021-08-02-at-12.46.36.jpeg\",\"keywords\":[\"Jos\u00e9 Alejandro Bonilla Bonilla\",\"Juan Javier G\u00f3mez Cazar\u00edn\",\"Morena\",\"OPLE\",\"proceso electoral\",\"Tribunal Electoral de Veracruz\",\"Veracruz\"],\"articleSection\":[\"De Opini\u00f3n\"],\"inLanguage\":\"es\"},{\"@type\":\"WebPage\",\"@id\":\"https:\\\/\\\/lospoliticosveracruz.com\\\/?p=78723\",\"url\":\"https:\\\/\\\/lospoliticosveracruz.com\\\/?p=78723\",\"name\":\"Bonilla, entrampado - Los pol\u00edticos Veracruz\",\"isPartOf\":{\"@id\":\"https:\\\/\\\/lospoliticosveracruz.com\\\/#website\"},\"primaryImageOfPage\":{\"@id\":\"https:\\\/\\\/lospoliticosveracruz.com\\\/?p=78723#primaryimage\"},\"image\":{\"@id\":\"https:\\\/\\\/lospoliticosveracruz.com\\\/?p=78723#primaryimage\"},\"thumbnailUrl\":\"http:\\\/\\\/www.lospoliticosveracruz.com.mx\\\/wp-content\\\/uploads\\\/2021\\\/08\\\/WhatsApp-Image-2021-08-02-at-12.46.36.jpeg\",\"datePublished\":\"2021-08-28T14:14:16+00:00\",\"dateModified\":\"2021-08-28T14:44:02+00:00\",\"breadcrumb\":{\"@id\":\"https:\\\/\\\/lospoliticosveracruz.com\\\/?p=78723#breadcrumb\"},\"inLanguage\":\"es\",\"potentialAction\":[{\"@type\":\"ReadAction\",\"target\":[\"https:\\\/\\\/lospoliticosveracruz.com\\\/?p=78723\"]}]},{\"@type\":\"ImageObject\",\"inLanguage\":\"es\",\"@id\":\"https:\\\/\\\/lospoliticosveracruz.com\\\/?p=78723#primaryimage\",\"url\":\"http:\\\/\\\/www.lospoliticosveracruz.com.mx\\\/wp-content\\\/uploads\\\/2021\\\/08\\\/WhatsApp-Image-2021-08-02-at-12.46.36.jpeg\",\"contentUrl\":\"http:\\\/\\\/www.lospoliticosveracruz.com.mx\\\/wp-content\\\/uploads\\\/2021\\\/08\\\/WhatsApp-Image-2021-08-02-at-12.46.36.jpeg\"},{\"@type\":\"BreadcrumbList\",\"@id\":\"https:\\\/\\\/lospoliticosveracruz.com\\\/?p=78723#breadcrumb\",\"itemListElement\":[{\"@type\":\"ListItem\",\"position\":1,\"name\":\"Portada\",\"item\":\"https:\\\/\\\/lospoliticosveracruz.com\\\/\"},{\"@type\":\"ListItem\",\"position\":2,\"name\":\"Bonilla, entrampado\"}]},{\"@type\":\"WebSite\",\"@id\":\"https:\\\/\\\/lospoliticosveracruz.com\\\/#website\",\"url\":\"https:\\\/\\\/lospoliticosveracruz.com\\\/\",\"name\":\"Los pol\u00edticos Veracruz\",\"description\":\"\",\"publisher\":{\"@id\":\"https:\\\/\\\/lospoliticosveracruz.com\\\/#organization\"},\"potentialAction\":[{\"@type\":\"SearchAction\",\"target\":{\"@type\":\"EntryPoint\",\"urlTemplate\":\"https:\\\/\\\/lospoliticosveracruz.com\\\/?s={search_term_string}\"},\"query-input\":{\"@type\":\"PropertyValueSpecification\",\"valueRequired\":true,\"valueName\":\"search_term_string\"}}],\"inLanguage\":\"es\"},{\"@type\":\"Organization\",\"@id\":\"https:\\\/\\\/lospoliticosveracruz.com\\\/#organization\",\"name\":\"Los pol\u00edticos Veracruz\",\"url\":\"https:\\\/\\\/lospoliticosveracruz.com\\\/\",\"logo\":{\"@type\":\"ImageObject\",\"inLanguage\":\"es\",\"@id\":\"https:\\\/\\\/lospoliticosveracruz.com\\\/#\\\/schema\\\/logo\\\/image\\\/\",\"url\":\"https:\\\/\\\/lospoliticosveracruz.com\\\/wp-content\\\/uploads\\\/2025\\\/12\\\/Logo-Nuevo-LOS-POLITICOS-1.jpg\",\"contentUrl\":\"https:\\\/\\\/lospoliticosveracruz.com\\\/wp-content\\\/uploads\\\/2025\\\/12\\\/Logo-Nuevo-LOS-POLITICOS-1.jpg\",\"width\":260,\"height\":70,\"caption\":\"Los pol\u00edticos Veracruz\"},\"image\":{\"@id\":\"https:\\\/\\\/lospoliticosveracruz.com\\\/#\\\/schema\\\/logo\\\/image\\\/\"},\"sameAs\":[\"https:\\\/\\\/www.facebook.com\\\/people\\\/Notimemes-de-los-Polticos\\\/61565672886568\\\/\",\"https:\\\/\\\/x.com\\\/LosPoliticosVer\"]},{\"@type\":\"Person\",\"@id\":\"https:\\\/\\\/lospoliticosveracruz.com\\\/#\\\/schema\\\/person\\\/b8702bb0e538456e6efd07080bf2a4a2\",\"name\":\"Lo viste en Los Pol\u00edticos\",\"image\":{\"@type\":\"ImageObject\",\"inLanguage\":\"es\",\"@id\":\"https:\\\/\\\/secure.gravatar.com\\\/avatar\\\/3a8de04a2656d44082be478bd6c086daa447c4651605818287b9532d3d0bd435?s=96&d=mm&r=g\",\"url\":\"https:\\\/\\\/secure.gravatar.com\\\/avatar\\\/3a8de04a2656d44082be478bd6c086daa447c4651605818287b9532d3d0bd435?s=96&d=mm&r=g\",\"contentUrl\":\"https:\\\/\\\/secure.gravatar.com\\\/avatar\\\/3a8de04a2656d44082be478bd6c086daa447c4651605818287b9532d3d0bd435?s=96&d=mm&r=g\",\"caption\":\"Lo viste en Los Pol\u00edticos\"},\"url\":\"https:\\\/\\\/lospoliticosveracruz.com\\\/?author=2\"}]}<\/script>\n<!-- \/ Yoast SEO plugin. -->","yoast_head_json":{"title":"Bonilla, entrampado - Los pol\u00edticos Veracruz","robots":{"index":"index","follow":"follow","max-snippet":"max-snippet:-1","max-image-preview":"max-image-preview:large","max-video-preview":"max-video-preview:-1"},"canonical":"https:\/\/lospoliticosveracruz.com\/?p=78723","og_locale":"es_ES","og_type":"article","og_title":"Bonilla, entrampado - Los pol\u00edticos Veracruz","og_description":"Ricardo Ch\u00faaSale y Vale MORENA Y EL OPLE, LA LUCHA SIGUE.. En espacios pasados comentamos\u2026 La manera \u00abpoco delicada\u00bb con la cual MORENA se\u00f1ala que en Veracruz, se hab\u00eda \u00abagenciado\u00bb un mill\u00f3n 300 mil votos en el pasado proceso electoral local del 6 de junio pasado\u2026 Cuando en realidad, s\u00f3lo hab\u00edan obtenido alrededor de 850 [&hellip;]","og_url":"https:\/\/lospoliticosveracruz.com\/?p=78723","og_site_name":"Los pol\u00edticos Veracruz","article_publisher":"https:\/\/www.facebook.com\/people\/Notimemes-de-los-Polticos\/61565672886568\/","article_published_time":"2021-08-28T14:14:16+00:00","article_modified_time":"2021-08-28T14:44:02+00:00","og_image":[{"url":"http:\/\/www.lospoliticosveracruz.com.mx\/wp-content\/uploads\/2021\/08\/WhatsApp-Image-2021-08-02-at-12.46.36.jpeg","type":"","width":"","height":""}],"author":"Lo viste en Los Pol\u00edticos","twitter_card":"summary_large_image","twitter_creator":"@LosPoliticosVer","twitter_site":"@LosPoliticosVer","twitter_misc":{"Escrito por":"Lo viste en Los Pol\u00edticos","Tiempo de lectura":"6 minutos"},"schema":{"@context":"https:\/\/schema.org","@graph":[{"@type":"Article","@id":"https:\/\/lospoliticosveracruz.com\/?p=78723#article","isPartOf":{"@id":"https:\/\/lospoliticosveracruz.com\/?p=78723"},"author":{"name":"Lo viste en Los Pol\u00edticos","@id":"https:\/\/lospoliticosveracruz.com\/#\/schema\/person\/b8702bb0e538456e6efd07080bf2a4a2"},"headline":"Bonilla, entrampado","datePublished":"2021-08-28T14:14:16+00:00","dateModified":"2021-08-28T14:44:02+00:00","mainEntityOfPage":{"@id":"https:\/\/lospoliticosveracruz.com\/?p=78723"},"wordCount":1181,"publisher":{"@id":"https:\/\/lospoliticosveracruz.com\/#organization"},"image":{"@id":"https:\/\/lospoliticosveracruz.com\/?p=78723#primaryimage"},"thumbnailUrl":"http:\/\/www.lospoliticosveracruz.com.mx\/wp-content\/uploads\/2021\/08\/WhatsApp-Image-2021-08-02-at-12.46.36.jpeg","keywords":["Jos\u00e9 Alejandro Bonilla Bonilla","Juan Javier G\u00f3mez Cazar\u00edn","Morena","OPLE","proceso electoral","Tribunal Electoral de Veracruz","Veracruz"],"articleSection":["De Opini\u00f3n"],"inLanguage":"es"},{"@type":"WebPage","@id":"https:\/\/lospoliticosveracruz.com\/?p=78723","url":"https:\/\/lospoliticosveracruz.com\/?p=78723","name":"Bonilla, entrampado - Los pol\u00edticos Veracruz","isPartOf":{"@id":"https:\/\/lospoliticosveracruz.com\/#website"},"primaryImageOfPage":{"@id":"https:\/\/lospoliticosveracruz.com\/?p=78723#primaryimage"},"image":{"@id":"https:\/\/lospoliticosveracruz.com\/?p=78723#primaryimage"},"thumbnailUrl":"http:\/\/www.lospoliticosveracruz.com.mx\/wp-content\/uploads\/2021\/08\/WhatsApp-Image-2021-08-02-at-12.46.36.jpeg","datePublished":"2021-08-28T14:14:16+00:00","dateModified":"2021-08-28T14:44:02+00:00","breadcrumb":{"@id":"https:\/\/lospoliticosveracruz.com\/?p=78723#breadcrumb"},"inLanguage":"es","potentialAction":[{"@type":"ReadAction","target":["https:\/\/lospoliticosveracruz.com\/?p=78723"]}]},{"@type":"ImageObject","inLanguage":"es","@id":"https:\/\/lospoliticosveracruz.com\/?p=78723#primaryimage","url":"http:\/\/www.lospoliticosveracruz.com.mx\/wp-content\/uploads\/2021\/08\/WhatsApp-Image-2021-08-02-at-12.46.36.jpeg","contentUrl":"http:\/\/www.lospoliticosveracruz.com.mx\/wp-content\/uploads\/2021\/08\/WhatsApp-Image-2021-08-02-at-12.46.36.jpeg"},{"@type":"BreadcrumbList","@id":"https:\/\/lospoliticosveracruz.com\/?p=78723#breadcrumb","itemListElement":[{"@type":"ListItem","position":1,"name":"Portada","item":"https:\/\/lospoliticosveracruz.com\/"},{"@type":"ListItem","position":2,"name":"Bonilla, entrampado"}]},{"@type":"WebSite","@id":"https:\/\/lospoliticosveracruz.com\/#website","url":"https:\/\/lospoliticosveracruz.com\/","name":"Los pol\u00edticos Veracruz","description":"","publisher":{"@id":"https:\/\/lospoliticosveracruz.com\/#organization"},"potentialAction":[{"@type":"SearchAction","target":{"@type":"EntryPoint","urlTemplate":"https:\/\/lospoliticosveracruz.com\/?s={search_term_string}"},"query-input":{"@type":"PropertyValueSpecification","valueRequired":true,"valueName":"search_term_string"}}],"inLanguage":"es"},{"@type":"Organization","@id":"https:\/\/lospoliticosveracruz.com\/#organization","name":"Los pol\u00edticos Veracruz","url":"https:\/\/lospoliticosveracruz.com\/","logo":{"@type":"ImageObject","inLanguage":"es","@id":"https:\/\/lospoliticosveracruz.com\/#\/schema\/logo\/image\/","url":"https:\/\/lospoliticosveracruz.com\/wp-content\/uploads\/2025\/12\/Logo-Nuevo-LOS-POLITICOS-1.jpg","contentUrl":"https:\/\/lospoliticosveracruz.com\/wp-content\/uploads\/2025\/12\/Logo-Nuevo-LOS-POLITICOS-1.jpg","width":260,"height":70,"caption":"Los pol\u00edticos Veracruz"},"image":{"@id":"https:\/\/lospoliticosveracruz.com\/#\/schema\/logo\/image\/"},"sameAs":["https:\/\/www.facebook.com\/people\/Notimemes-de-los-Polticos\/61565672886568\/","https:\/\/x.com\/LosPoliticosVer"]},{"@type":"Person","@id":"https:\/\/lospoliticosveracruz.com\/#\/schema\/person\/b8702bb0e538456e6efd07080bf2a4a2","name":"Lo viste en Los Pol\u00edticos","image":{"@type":"ImageObject","inLanguage":"es","@id":"https:\/\/secure.gravatar.com\/avatar\/3a8de04a2656d44082be478bd6c086daa447c4651605818287b9532d3d0bd435?s=96&d=mm&r=g","url":"https:\/\/secure.gravatar.com\/avatar\/3a8de04a2656d44082be478bd6c086daa447c4651605818287b9532d3d0bd435?s=96&d=mm&r=g","contentUrl":"https:\/\/secure.gravatar.com\/avatar\/3a8de04a2656d44082be478bd6c086daa447c4651605818287b9532d3d0bd435?s=96&d=mm&r=g","caption":"Lo viste en Los Pol\u00edticos"},"url":"https:\/\/lospoliticosveracruz.com\/?author=2"}]}},"_links":{"self":[{"href":"https:\/\/lospoliticosveracruz.com\/index.php?rest_route=\/wp\/v2\/posts\/78723","targetHints":{"allow":["GET"]}}],"collection":[{"href":"https:\/\/lospoliticosveracruz.com\/index.php?rest_route=\/wp\/v2\/posts"}],"about":[{"href":"https:\/\/lospoliticosveracruz.com\/index.php?rest_route=\/wp\/v2\/types\/post"}],"author":[{"embeddable":true,"href":"https:\/\/lospoliticosveracruz.com\/index.php?rest_route=\/wp\/v2\/users\/2"}],"replies":[{"embeddable":true,"href":"https:\/\/lospoliticosveracruz.com\/index.php?rest_route=%2Fwp%2Fv2%2Fcomments&post=78723"}],"version-history":[{"count":2,"href":"https:\/\/lospoliticosveracruz.com\/index.php?rest_route=\/wp\/v2\/posts\/78723\/revisions"}],"predecessor-version":[{"id":78732,"href":"https:\/\/lospoliticosveracruz.com\/index.php?rest_route=\/wp\/v2\/posts\/78723\/revisions\/78732"}],"wp:attachment":[{"href":"https:\/\/lospoliticosveracruz.com\/index.php?rest_route=%2Fwp%2Fv2%2Fmedia&parent=78723"}],"wp:term":[{"taxonomy":"category","embeddable":true,"href":"https:\/\/lospoliticosveracruz.com\/index.php?rest_route=%2Fwp%2Fv2%2Fcategories&post=78723"},{"taxonomy":"post_tag","embeddable":true,"href":"https:\/\/lospoliticosveracruz.com\/index.php?rest_route=%2Fwp%2Fv2%2Ftags&post=78723"}],"curies":[{"name":"wp","href":"https:\/\/api.w.org\/{rel}","templated":true}]}}