{"id":78733,"date":"2021-08-28T09:51:31","date_gmt":"2021-08-28T14:51:31","guid":{"rendered":"http:\/\/www.lospoliticosveracruz.com.mx\/?p=78733"},"modified":"2021-08-28T09:51:34","modified_gmt":"2021-08-28T14:51:34","slug":"chavela-ante-su-espejo","status":"publish","type":"post","link":"https:\/\/lospoliticosveracruz.com\/?p=78733","title":{"rendered":"Chavela, ante su espejo!"},"content":{"rendered":"\n<p><\/p>\n\n\n\n<p><strong>A la Bandeja de Entrada<\/strong><\/p>\n\n\n\n<p><strong><br><\/strong>Hola Periodista la verdad no he sabido a qui\u00e9n m\u00e1s acudir.<br>Mi raz\u00f3n de este mensaje es por un sentir personal, quiz\u00e1s no tenga un objetivo period\u00edstico pero solo es para mostrar y querer hacer del conocimiento p\u00fablico c\u00f3mo est\u00e1 actuando en estos momentos el Poder Judicial del Estado de Veracruz.<\/p>\n\n\n\n<div class=\"wp-block-image\"><figure class=\"alignleft size-large\"><a href=\"http:\/\/www.lospoliticosveracruz.com.mx\/wp-content\/uploads\/2021\/08\/WhatsApp-Image-2021-08-02-at-12.46.36.jpeg\"><img decoding=\"async\" src=\"http:\/\/www.lospoliticosveracruz.com.mx\/wp-content\/uploads\/2021\/08\/WhatsApp-Image-2021-08-02-at-12.46.36.jpeg\" alt=\"\" class=\"wp-image-77480\"\/><\/a><\/figure><\/div>\n\n\n\n<p><br>Este carnaval que est\u00e1n orquestando, primero haciendo creer que los magistrados eran los malos de la pel\u00edcula por no querer reducir sus salarios y en realidad solo est\u00e1n desviando la atenci\u00f3n de lo verdaderamente importante; antes de esto debo decirle que yo no soy pol\u00edtica, pero al estar casi 4 a\u00f1os cerca del Poder Judicial he aprendido de la mala pol\u00edtica, \u00e9sa que no tiene barreras y su \u00fanico fin es fregar al otro.<br>Hoy por primera vez me dio verg\u00fcenza salir vestida con mi uniforme que en un poquito de m\u00e1s de 3 a\u00f1os lo hab\u00eda usado con todo el orgullo, despu\u00e9s de que ayer la Presidenta Magistrada hablara de una forma tan agresiva e incluso, desde mi punto de vista violando las garant\u00edas individuales de sus trabajadores (Cecofam), haciendo hincapi\u00e9 que somos flojos, corruptos, que no tenemos inter\u00e9s por el trabajo. Ella empezando con un discurso donde dec\u00eda que hab\u00eda picado piedra quiso orquestar una campa\u00f1a pol\u00edtica en contra de nosotros\u2026 Sabe periodista, los centros anteriormente no contaban con personal de limpieza, no se les hac\u00eda llegar papeler\u00eda, los jueces siempre discriminando no hac\u00edan uso de sus servicios (en la mayor\u00eda porque dec\u00edan que era solo una fachada m\u00e1s de Edel) nos ten\u00edan contratados por la outsourcing aunque ahora que pertenecemos al PJEV seguimos firmando renuncia cada tres meses, no pagan vacaciones (incluso despu\u00e9s de un a\u00f1o y medio de trabajo nos dieron periodo vacacional) a varios compa\u00f1eros que corrieron con el cierre de juzgados no liquidaron, mi pregunta es periodista acaso eso.. \u00bfNo es corrupci\u00f3n e impunidad? Sin duda se pasan por donde quieren la Ley Federal del Trabajo.<br>Ayer la Magistrada con alevos\u00eda y ventaja en una videoconferencia donde las indicaciones eran invitar al p\u00fablico en general, pap\u00e1s, etc, se\u00f1al\u00f3 a personas sin escr\u00fapulos, pareciera que todo lo prepararon para se\u00f1alarnos y as\u00ed que todo lo \u201cmalo\u201d fuera visto por la sociedad, habl\u00f3 que se entraba tarde y dem\u00e1s\u2026<br>Lo m\u00e1s lamentable es que la intenci\u00f3n no fue m\u00e1s que desvirtuar la realidad de las cosas, haciendo se\u00f1alamientos directos y generalizando con un ejemplo lo que sucedi\u00f3 en Xalapa.<br>A lo largo de este tiempo, he conocido a varias personas y he tenido la oportunidad de viajar a distintas sedes judiciales y entre lo que veo y me platican (con sus excepciones claro est\u00e1) el Poder Judicial del Estado de Veracruz est\u00e1 podrido. Porqu\u00e9 en realidad no hacen una auditor\u00eda no solo a los Jueces sino a todos los dem\u00e1s trabajadores que los protege su sindicato \u00bfUsted sabe periodista porque en los Juzgados se van a altas horas de la noche? Para hacer sus transas, en Misantla, en San Andr\u00e9s, Acayucan, Xalapa, Veracruz, Poza Rica y hasta P\u00e1nuco la corrupci\u00f3n es igual\u2026 Las de las mesas (que claro que son las menos capacitadas en materia pero s\u00ed en corrupci\u00f3n), pierden expedientes, notifican mal, se la pasan de glotonas, basta con hacer visitas y darse cuenta como la obesidad es su principal entretenimiento\u2026 basta con ir al Norte del Estado para que vea cu\u00e1ntas quejas, cuantos expedientes perdidos y claro, cu\u00e1nta ineficiencia hay en esos lugares.<br>Que investiguen de verdad a los jueces que los alejan del ojo del hurac\u00e1n para que sigan trabajando y robando a manos llenas \u00bfO ustedes mismos los alejan para cumplir compromisos?<br>Tengo tantos nombre de jueces que ahora ya est\u00e1n en lugares m\u00e1s importantes como Poza Rica, Coatzacoalcos, Veracruz, Xalapa.. pero por un tiempito se fueron a robar a los municipios, sin embargo, le repito periodista, no soy pol\u00edtica y no me voy a meter en esos menesteres.<br>No s\u00e9 si esto que le estoy enviando cumple con herramientas para que salga p\u00fablicamente, pero si no es as\u00ed no pasa nada, al menos me ha servido de catarsis como dicen los psic\u00f3logos.<br>Yo s\u00e9 que no le creen todo a la Presidenta, \u00bfc\u00f3mo se la va a creer a un Tribunal Superior de Justicia que pone a una Presidenta fuera de toda legalidad? Lo \u00fanico que le puedo decir es que a mi tambi\u00e9n me da asco la Instituci\u00f3n, hoy es el primer d\u00eda que decid\u00ed no ponerme la camisa del trabajo y no porque las palabras de la Presidenta me importen mucho o sus se\u00f1alamientos que repito, violan los derechos humanos de las personas. Si no porque me siento asqueada de pertenecer a este grupo de Pol\u00edticos que lo \u00faltimo que buscan es Justicia.<br>Me da asco que el d\u00eda de ayer no describi\u00f3 al Cecofam, si no la Presidenta se describi\u00f3 a s\u00ed misma y a sus trabajadores que les han dado hueso y no tienen nada de capacidad m\u00e1s que la de robar\u2026<br>Qu\u00e9 tenga un excelente d\u00eda Periodista, creo que es mejor terminar hasta aqu\u00ed.<br>Gracias por leerme.<\/p>\n\n\n\n<p>La Asqueada del Poder Judicial<\/p>\n","protected":false},"excerpt":{"rendered":"<p>A la Bandeja de Entrada Hola Periodista la verdad no he sabido a qui\u00e9n m\u00e1s acudir.Mi raz\u00f3n de este mensaje es por un sentir personal, quiz\u00e1s no tenga un objetivo period\u00edstico pero solo es para mostrar y querer hacer del conocimiento p\u00fablico c\u00f3mo est\u00e1 actuando en estos momentos el Poder Judicial del Estado de Veracruz. [&hellip;]<\/p>\n","protected":false},"author":2,"featured_media":0,"comment_status":"closed","ping_status":"closed","sticky":false,"template":"","format":"standard","meta":{"tdm_status":"","tdm_grid_status":"","footnotes":""},"categories":[74],"tags":[26113,282,1177,15620,13143,15898,20753,14744,5821,195,96],"class_list":{"0":"post-78733","1":"post","2":"type-post","3":"status-publish","4":"format-standard","6":"category-lavadero","7":"tag-cecofam","8":"tag-corrupcion","9":"tag-impunidad","10":"tag-isabel-ines-romero-cruz","11":"tag-ley-federal-del-trabajo","12":"tag-outsourcing","13":"tag-pjev","14":"tag-poder-judicial-del-estado","15":"tag-sindicatos","16":"tag-veracruz","17":"tag-xalapa"},"yoast_head":"<!-- This site is optimized with the Yoast SEO plugin v27.4 - https:\/\/yoast.com\/product\/yoast-seo-wordpress\/ -->\n<title>Chavela, ante su espejo! - Los pol\u00edticos Veracruz<\/title>\n<meta name=\"robots\" content=\"index, follow, max-snippet:-1, max-image-preview:large, max-video-preview:-1\" \/>\n<link rel=\"canonical\" href=\"https:\/\/lospoliticosveracruz.com\/?p=78733\" \/>\n<meta property=\"og:locale\" content=\"es_ES\" \/>\n<meta property=\"og:type\" content=\"article\" \/>\n<meta property=\"og:title\" content=\"Chavela, ante su espejo! - Los pol\u00edticos Veracruz\" \/>\n<meta property=\"og:description\" content=\"A la Bandeja de Entrada Hola Periodista la verdad no he sabido a qui\u00e9n m\u00e1s acudir.Mi raz\u00f3n de este mensaje es por un sentir personal, quiz\u00e1s no tenga un objetivo period\u00edstico pero solo es para mostrar y querer hacer del conocimiento p\u00fablico c\u00f3mo est\u00e1 actuando en estos momentos el Poder Judicial del Estado de Veracruz. [&hellip;]\" \/>\n<meta property=\"og:url\" content=\"https:\/\/lospoliticosveracruz.com\/?p=78733\" \/>\n<meta property=\"og:site_name\" content=\"Los pol\u00edticos Veracruz\" \/>\n<meta property=\"article:publisher\" content=\"https:\/\/www.facebook.com\/people\/Notimemes-de-los-Polticos\/61565672886568\/\" \/>\n<meta property=\"article:published_time\" content=\"2021-08-28T14:51:31+00:00\" \/>\n<meta property=\"article:modified_time\" content=\"2021-08-28T14:51:34+00:00\" \/>\n<meta property=\"og:image\" content=\"http:\/\/www.lospoliticosveracruz.com.mx\/wp-content\/uploads\/2021\/08\/WhatsApp-Image-2021-08-02-at-12.46.36.jpeg\" \/>\n<meta name=\"author\" content=\"Lo viste en Los Pol\u00edticos\" \/>\n<meta name=\"twitter:card\" content=\"summary_large_image\" \/>\n<meta name=\"twitter:creator\" content=\"@LosPoliticosVer\" \/>\n<meta name=\"twitter:site\" content=\"@LosPoliticosVer\" \/>\n<meta name=\"twitter:label1\" content=\"Escrito por\" \/>\n\t<meta name=\"twitter:data1\" content=\"Lo viste en Los Pol\u00edticos\" \/>\n\t<meta name=\"twitter:label2\" content=\"Tiempo de lectura\" \/>\n\t<meta name=\"twitter:data2\" content=\"5 minutos\" \/>\n<script type=\"application\/ld+json\" class=\"yoast-schema-graph\">{\"@context\":\"https:\\\/\\\/schema.org\",\"@graph\":[{\"@type\":\"Article\",\"@id\":\"https:\\\/\\\/lospoliticosveracruz.com\\\/?p=78733#article\",\"isPartOf\":{\"@id\":\"https:\\\/\\\/lospoliticosveracruz.com\\\/?p=78733\"},\"author\":{\"name\":\"Lo viste en Los Pol\u00edticos\",\"@id\":\"https:\\\/\\\/lospoliticosveracruz.com\\\/#\\\/schema\\\/person\\\/b8702bb0e538456e6efd07080bf2a4a2\"},\"headline\":\"Chavela, ante su espejo!\",\"datePublished\":\"2021-08-28T14:51:31+00:00\",\"dateModified\":\"2021-08-28T14:51:34+00:00\",\"mainEntityOfPage\":{\"@id\":\"https:\\\/\\\/lospoliticosveracruz.com\\\/?p=78733\"},\"wordCount\":924,\"publisher\":{\"@id\":\"https:\\\/\\\/lospoliticosveracruz.com\\\/#organization\"},\"image\":{\"@id\":\"https:\\\/\\\/lospoliticosveracruz.com\\\/?p=78733#primaryimage\"},\"thumbnailUrl\":\"http:\\\/\\\/www.lospoliticosveracruz.com.mx\\\/wp-content\\\/uploads\\\/2021\\\/08\\\/WhatsApp-Image-2021-08-02-at-12.46.36.jpeg\",\"keywords\":[\"CECOFAM\",\"corrupci\u00f3n\",\"impunidad\",\"Isabel In\u00e9s Romero Cruz\",\"Ley Federal del Trabajo\",\"Outsourcing\",\"PJEV\",\"Poder Judicial del Estado\",\"sindicatos\",\"Veracruz\",\"Xalapa\"],\"articleSection\":[\"Lavadero\"],\"inLanguage\":\"es\"},{\"@type\":\"WebPage\",\"@id\":\"https:\\\/\\\/lospoliticosveracruz.com\\\/?p=78733\",\"url\":\"https:\\\/\\\/lospoliticosveracruz.com\\\/?p=78733\",\"name\":\"Chavela, ante su espejo! - Los pol\u00edticos Veracruz\",\"isPartOf\":{\"@id\":\"https:\\\/\\\/lospoliticosveracruz.com\\\/#website\"},\"primaryImageOfPage\":{\"@id\":\"https:\\\/\\\/lospoliticosveracruz.com\\\/?p=78733#primaryimage\"},\"image\":{\"@id\":\"https:\\\/\\\/lospoliticosveracruz.com\\\/?p=78733#primaryimage\"},\"thumbnailUrl\":\"http:\\\/\\\/www.lospoliticosveracruz.com.mx\\\/wp-content\\\/uploads\\\/2021\\\/08\\\/WhatsApp-Image-2021-08-02-at-12.46.36.jpeg\",\"datePublished\":\"2021-08-28T14:51:31+00:00\",\"dateModified\":\"2021-08-28T14:51:34+00:00\",\"breadcrumb\":{\"@id\":\"https:\\\/\\\/lospoliticosveracruz.com\\\/?p=78733#breadcrumb\"},\"inLanguage\":\"es\",\"potentialAction\":[{\"@type\":\"ReadAction\",\"target\":[\"https:\\\/\\\/lospoliticosveracruz.com\\\/?p=78733\"]}]},{\"@type\":\"ImageObject\",\"inLanguage\":\"es\",\"@id\":\"https:\\\/\\\/lospoliticosveracruz.com\\\/?p=78733#primaryimage\",\"url\":\"http:\\\/\\\/www.lospoliticosveracruz.com.mx\\\/wp-content\\\/uploads\\\/2021\\\/08\\\/WhatsApp-Image-2021-08-02-at-12.46.36.jpeg\",\"contentUrl\":\"http:\\\/\\\/www.lospoliticosveracruz.com.mx\\\/wp-content\\\/uploads\\\/2021\\\/08\\\/WhatsApp-Image-2021-08-02-at-12.46.36.jpeg\"},{\"@type\":\"BreadcrumbList\",\"@id\":\"https:\\\/\\\/lospoliticosveracruz.com\\\/?p=78733#breadcrumb\",\"itemListElement\":[{\"@type\":\"ListItem\",\"position\":1,\"name\":\"Portada\",\"item\":\"https:\\\/\\\/lospoliticosveracruz.com\\\/\"},{\"@type\":\"ListItem\",\"position\":2,\"name\":\"Chavela, ante su espejo!\"}]},{\"@type\":\"WebSite\",\"@id\":\"https:\\\/\\\/lospoliticosveracruz.com\\\/#website\",\"url\":\"https:\\\/\\\/lospoliticosveracruz.com\\\/\",\"name\":\"Los pol\u00edticos Veracruz\",\"description\":\"\",\"publisher\":{\"@id\":\"https:\\\/\\\/lospoliticosveracruz.com\\\/#organization\"},\"potentialAction\":[{\"@type\":\"SearchAction\",\"target\":{\"@type\":\"EntryPoint\",\"urlTemplate\":\"https:\\\/\\\/lospoliticosveracruz.com\\\/?s={search_term_string}\"},\"query-input\":{\"@type\":\"PropertyValueSpecification\",\"valueRequired\":true,\"valueName\":\"search_term_string\"}}],\"inLanguage\":\"es\"},{\"@type\":\"Organization\",\"@id\":\"https:\\\/\\\/lospoliticosveracruz.com\\\/#organization\",\"name\":\"Los pol\u00edticos Veracruz\",\"url\":\"https:\\\/\\\/lospoliticosveracruz.com\\\/\",\"logo\":{\"@type\":\"ImageObject\",\"inLanguage\":\"es\",\"@id\":\"https:\\\/\\\/lospoliticosveracruz.com\\\/#\\\/schema\\\/logo\\\/image\\\/\",\"url\":\"https:\\\/\\\/lospoliticosveracruz.com\\\/wp-content\\\/uploads\\\/2025\\\/12\\\/Logo-Nuevo-LOS-POLITICOS-1.jpg\",\"contentUrl\":\"https:\\\/\\\/lospoliticosveracruz.com\\\/wp-content\\\/uploads\\\/2025\\\/12\\\/Logo-Nuevo-LOS-POLITICOS-1.jpg\",\"width\":260,\"height\":70,\"caption\":\"Los pol\u00edticos Veracruz\"},\"image\":{\"@id\":\"https:\\\/\\\/lospoliticosveracruz.com\\\/#\\\/schema\\\/logo\\\/image\\\/\"},\"sameAs\":[\"https:\\\/\\\/www.facebook.com\\\/people\\\/Notimemes-de-los-Polticos\\\/61565672886568\\\/\",\"https:\\\/\\\/x.com\\\/LosPoliticosVer\"]},{\"@type\":\"Person\",\"@id\":\"https:\\\/\\\/lospoliticosveracruz.com\\\/#\\\/schema\\\/person\\\/b8702bb0e538456e6efd07080bf2a4a2\",\"name\":\"Lo viste en Los Pol\u00edticos\",\"image\":{\"@type\":\"ImageObject\",\"inLanguage\":\"es\",\"@id\":\"https:\\\/\\\/secure.gravatar.com\\\/avatar\\\/3a8de04a2656d44082be478bd6c086daa447c4651605818287b9532d3d0bd435?s=96&d=mm&r=g\",\"url\":\"https:\\\/\\\/secure.gravatar.com\\\/avatar\\\/3a8de04a2656d44082be478bd6c086daa447c4651605818287b9532d3d0bd435?s=96&d=mm&r=g\",\"contentUrl\":\"https:\\\/\\\/secure.gravatar.com\\\/avatar\\\/3a8de04a2656d44082be478bd6c086daa447c4651605818287b9532d3d0bd435?s=96&d=mm&r=g\",\"caption\":\"Lo viste en Los Pol\u00edticos\"},\"url\":\"https:\\\/\\\/lospoliticosveracruz.com\\\/?author=2\"}]}<\/script>\n<!-- \/ Yoast SEO plugin. -->","yoast_head_json":{"title":"Chavela, ante su espejo! - Los pol\u00edticos Veracruz","robots":{"index":"index","follow":"follow","max-snippet":"max-snippet:-1","max-image-preview":"max-image-preview:large","max-video-preview":"max-video-preview:-1"},"canonical":"https:\/\/lospoliticosveracruz.com\/?p=78733","og_locale":"es_ES","og_type":"article","og_title":"Chavela, ante su espejo! - Los pol\u00edticos Veracruz","og_description":"A la Bandeja de Entrada Hola Periodista la verdad no he sabido a qui\u00e9n m\u00e1s acudir.Mi raz\u00f3n de este mensaje es por un sentir personal, quiz\u00e1s no tenga un objetivo period\u00edstico pero solo es para mostrar y querer hacer del conocimiento p\u00fablico c\u00f3mo est\u00e1 actuando en estos momentos el Poder Judicial del Estado de Veracruz. [&hellip;]","og_url":"https:\/\/lospoliticosveracruz.com\/?p=78733","og_site_name":"Los pol\u00edticos Veracruz","article_publisher":"https:\/\/www.facebook.com\/people\/Notimemes-de-los-Polticos\/61565672886568\/","article_published_time":"2021-08-28T14:51:31+00:00","article_modified_time":"2021-08-28T14:51:34+00:00","og_image":[{"url":"http:\/\/www.lospoliticosveracruz.com.mx\/wp-content\/uploads\/2021\/08\/WhatsApp-Image-2021-08-02-at-12.46.36.jpeg","type":"","width":"","height":""}],"author":"Lo viste en Los Pol\u00edticos","twitter_card":"summary_large_image","twitter_creator":"@LosPoliticosVer","twitter_site":"@LosPoliticosVer","twitter_misc":{"Escrito por":"Lo viste en Los Pol\u00edticos","Tiempo de lectura":"5 minutos"},"schema":{"@context":"https:\/\/schema.org","@graph":[{"@type":"Article","@id":"https:\/\/lospoliticosveracruz.com\/?p=78733#article","isPartOf":{"@id":"https:\/\/lospoliticosveracruz.com\/?p=78733"},"author":{"name":"Lo viste en Los Pol\u00edticos","@id":"https:\/\/lospoliticosveracruz.com\/#\/schema\/person\/b8702bb0e538456e6efd07080bf2a4a2"},"headline":"Chavela, ante su espejo!","datePublished":"2021-08-28T14:51:31+00:00","dateModified":"2021-08-28T14:51:34+00:00","mainEntityOfPage":{"@id":"https:\/\/lospoliticosveracruz.com\/?p=78733"},"wordCount":924,"publisher":{"@id":"https:\/\/lospoliticosveracruz.com\/#organization"},"image":{"@id":"https:\/\/lospoliticosveracruz.com\/?p=78733#primaryimage"},"thumbnailUrl":"http:\/\/www.lospoliticosveracruz.com.mx\/wp-content\/uploads\/2021\/08\/WhatsApp-Image-2021-08-02-at-12.46.36.jpeg","keywords":["CECOFAM","corrupci\u00f3n","impunidad","Isabel In\u00e9s Romero Cruz","Ley Federal del Trabajo","Outsourcing","PJEV","Poder Judicial del Estado","sindicatos","Veracruz","Xalapa"],"articleSection":["Lavadero"],"inLanguage":"es"},{"@type":"WebPage","@id":"https:\/\/lospoliticosveracruz.com\/?p=78733","url":"https:\/\/lospoliticosveracruz.com\/?p=78733","name":"Chavela, ante su espejo! - Los pol\u00edticos Veracruz","isPartOf":{"@id":"https:\/\/lospoliticosveracruz.com\/#website"},"primaryImageOfPage":{"@id":"https:\/\/lospoliticosveracruz.com\/?p=78733#primaryimage"},"image":{"@id":"https:\/\/lospoliticosveracruz.com\/?p=78733#primaryimage"},"thumbnailUrl":"http:\/\/www.lospoliticosveracruz.com.mx\/wp-content\/uploads\/2021\/08\/WhatsApp-Image-2021-08-02-at-12.46.36.jpeg","datePublished":"2021-08-28T14:51:31+00:00","dateModified":"2021-08-28T14:51:34+00:00","breadcrumb":{"@id":"https:\/\/lospoliticosveracruz.com\/?p=78733#breadcrumb"},"inLanguage":"es","potentialAction":[{"@type":"ReadAction","target":["https:\/\/lospoliticosveracruz.com\/?p=78733"]}]},{"@type":"ImageObject","inLanguage":"es","@id":"https:\/\/lospoliticosveracruz.com\/?p=78733#primaryimage","url":"http:\/\/www.lospoliticosveracruz.com.mx\/wp-content\/uploads\/2021\/08\/WhatsApp-Image-2021-08-02-at-12.46.36.jpeg","contentUrl":"http:\/\/www.lospoliticosveracruz.com.mx\/wp-content\/uploads\/2021\/08\/WhatsApp-Image-2021-08-02-at-12.46.36.jpeg"},{"@type":"BreadcrumbList","@id":"https:\/\/lospoliticosveracruz.com\/?p=78733#breadcrumb","itemListElement":[{"@type":"ListItem","position":1,"name":"Portada","item":"https:\/\/lospoliticosveracruz.com\/"},{"@type":"ListItem","position":2,"name":"Chavela, ante su espejo!"}]},{"@type":"WebSite","@id":"https:\/\/lospoliticosveracruz.com\/#website","url":"https:\/\/lospoliticosveracruz.com\/","name":"Los pol\u00edticos Veracruz","description":"","publisher":{"@id":"https:\/\/lospoliticosveracruz.com\/#organization"},"potentialAction":[{"@type":"SearchAction","target":{"@type":"EntryPoint","urlTemplate":"https:\/\/lospoliticosveracruz.com\/?s={search_term_string}"},"query-input":{"@type":"PropertyValueSpecification","valueRequired":true,"valueName":"search_term_string"}}],"inLanguage":"es"},{"@type":"Organization","@id":"https:\/\/lospoliticosveracruz.com\/#organization","name":"Los pol\u00edticos Veracruz","url":"https:\/\/lospoliticosveracruz.com\/","logo":{"@type":"ImageObject","inLanguage":"es","@id":"https:\/\/lospoliticosveracruz.com\/#\/schema\/logo\/image\/","url":"https:\/\/lospoliticosveracruz.com\/wp-content\/uploads\/2025\/12\/Logo-Nuevo-LOS-POLITICOS-1.jpg","contentUrl":"https:\/\/lospoliticosveracruz.com\/wp-content\/uploads\/2025\/12\/Logo-Nuevo-LOS-POLITICOS-1.jpg","width":260,"height":70,"caption":"Los pol\u00edticos Veracruz"},"image":{"@id":"https:\/\/lospoliticosveracruz.com\/#\/schema\/logo\/image\/"},"sameAs":["https:\/\/www.facebook.com\/people\/Notimemes-de-los-Polticos\/61565672886568\/","https:\/\/x.com\/LosPoliticosVer"]},{"@type":"Person","@id":"https:\/\/lospoliticosveracruz.com\/#\/schema\/person\/b8702bb0e538456e6efd07080bf2a4a2","name":"Lo viste en Los Pol\u00edticos","image":{"@type":"ImageObject","inLanguage":"es","@id":"https:\/\/secure.gravatar.com\/avatar\/3a8de04a2656d44082be478bd6c086daa447c4651605818287b9532d3d0bd435?s=96&d=mm&r=g","url":"https:\/\/secure.gravatar.com\/avatar\/3a8de04a2656d44082be478bd6c086daa447c4651605818287b9532d3d0bd435?s=96&d=mm&r=g","contentUrl":"https:\/\/secure.gravatar.com\/avatar\/3a8de04a2656d44082be478bd6c086daa447c4651605818287b9532d3d0bd435?s=96&d=mm&r=g","caption":"Lo viste en Los Pol\u00edticos"},"url":"https:\/\/lospoliticosveracruz.com\/?author=2"}]}},"_links":{"self":[{"href":"https:\/\/lospoliticosveracruz.com\/index.php?rest_route=\/wp\/v2\/posts\/78733","targetHints":{"allow":["GET"]}}],"collection":[{"href":"https:\/\/lospoliticosveracruz.com\/index.php?rest_route=\/wp\/v2\/posts"}],"about":[{"href":"https:\/\/lospoliticosveracruz.com\/index.php?rest_route=\/wp\/v2\/types\/post"}],"author":[{"embeddable":true,"href":"https:\/\/lospoliticosveracruz.com\/index.php?rest_route=\/wp\/v2\/users\/2"}],"replies":[{"embeddable":true,"href":"https:\/\/lospoliticosveracruz.com\/index.php?rest_route=%2Fwp%2Fv2%2Fcomments&post=78733"}],"version-history":[{"count":1,"href":"https:\/\/lospoliticosveracruz.com\/index.php?rest_route=\/wp\/v2\/posts\/78733\/revisions"}],"predecessor-version":[{"id":78735,"href":"https:\/\/lospoliticosveracruz.com\/index.php?rest_route=\/wp\/v2\/posts\/78733\/revisions\/78735"}],"wp:attachment":[{"href":"https:\/\/lospoliticosveracruz.com\/index.php?rest_route=%2Fwp%2Fv2%2Fmedia&parent=78733"}],"wp:term":[{"taxonomy":"category","embeddable":true,"href":"https:\/\/lospoliticosveracruz.com\/index.php?rest_route=%2Fwp%2Fv2%2Fcategories&post=78733"},{"taxonomy":"post_tag","embeddable":true,"href":"https:\/\/lospoliticosveracruz.com\/index.php?rest_route=%2Fwp%2Fv2%2Ftags&post=78733"}],"curies":[{"name":"wp","href":"https:\/\/api.w.org\/{rel}","templated":true}]}}